{"id":112226,"date":"2024-11-20T20:18:36","date_gmt":"2024-11-20T23:18:36","guid":{"rendered":"https:\/\/regiaonews.net.br\/2022\/?p=112226"},"modified":"2024-11-20T20:18:36","modified_gmt":"2024-11-20T23:18:36","slug":"palmeiras-vence-nos-penaltis-o-corinthians-e-sagra-se-campeao-paulista","status":"publish","type":"post","link":"https:\/\/regiaonews.net.br\/2022\/2024\/11\/20\/palmeiras-vence-nos-penaltis-o-corinthians-e-sagra-se-campeao-paulista\/","title":{"rendered":"Palmeiras vence nos p\u00eanaltis o Corinthians e sagra-se campe\u00e3o Paulista"},"content":{"rendered":"<p>&nbsp;<\/p>\n<p>(Cr\u00e9dito: Alexandre Battibugli\/Ag. Paulist\u00e3o\/Centauro )<\/p>\n<p>&nbsp;<\/p>\n<p>O Palmeiras \u00e9 o grande campe\u00e3o do Paulist\u00e3o Feminino Sicredi 2024. Na tarde desta quarta-feira (20), no est\u00e1dio Brinco de Ouro da Princesa, a equipe recebeu o Corinthians pelo segundo e decisivo jogo da final estadual e superou o rival nos p\u00eanaltis, por 2 a 0, ap\u00f3s vencer no tempo regulamentar, por 2 a 1.<\/p>\n<p>Com o resultado, o Palmeiras conquista seu terceiro campeonato estadual da categoria e ainda quebra uma hegemonia do rival no Paulist\u00e3o Feminino. Tetracampe\u00e3o paulista, o Corinthians havia conquistado a \u00faltima edi\u00e7\u00e3o e venceu tr\u00eas t\u00edtulos na atual temporada (Brasileir\u00e3o, Supercopa e Libertadores).<\/p>\n<p>Nas penalidades m\u00e1ximas, Duda Sampaio abriu as cobran\u00e7as para o Corinthians e parou em Tapia. Por\u00e9m, na sequ\u00eancia, Amanda Gutierres acertou a trave e a decis\u00e3o seguiu sem vantagem. Na segunda cobran\u00e7a do Corinthians, Eudimilla tamb\u00e9m acertou a trave, e deu a oportunidade para o Palmeiras, enfim, largar na frente. F\u00ea Palermo foi para a batida e n\u00e3o desperdi\u00e7ou, colocando as mandantes na frente.<\/p>\n<p>O cen\u00e1rio ficou ainda melhor quando na terceira cobran\u00e7a do Corinthians, Millene parou em Tapia. Ingryd acertou mais uma para o Palmeiras antes de\u00a0Tapia brilhar pela terceira vez ao defender a cobran\u00e7a de Carol Nogueira, dando o t\u00edtulo estadual para o time do Allianz Parque<\/p>\n","protected":false},"excerpt":{"rendered":"<p>&nbsp; (Cr\u00e9dito: Alexandre Battibugli\/Ag. Paulist\u00e3o\/Centauro ) &nbsp; O Palmeiras \u00e9<\/p>\n","protected":false},"author":2,"featured_media":112227,"comment_status":"open","ping_status":"open","sticky":false,"template":"","format":"standard","meta":{"footnotes":""},"categories":[183,21],"tags":[],"class_list":["post-112226","post","type-post","status-publish","format-standard","has-post-thumbnail","hentry","category-campeonato-paulista","category-esporte"],"yoast_head":"<!-- This site is optimized with the Yoast SEO plugin v27.4 - https:\/\/yoast.com\/product\/yoast-seo-wordpress\/ -->\n<title>Palmeiras vence nos p\u00eanaltis o Corinthians e sagra-se campe\u00e3o Paulista - Regi\u00e3o News<\/title>\n<meta name=\"robots\" content=\"index, follow, max-snippet:-1, max-image-preview:large, max-video-preview:-1\" \/>\n<link rel=\"canonical\" href=\"https:\/\/regiaonews.net.br\/2022\/2024\/11\/20\/palmeiras-vence-nos-penaltis-o-corinthians-e-sagra-se-campeao-paulista\/\" \/>\n<meta property=\"og:locale\" content=\"pt_BR\" \/>\n<meta property=\"og:type\" content=\"article\" \/>\n<meta property=\"og:title\" content=\"Palmeiras vence nos p\u00eanaltis o Corinthians e sagra-se campe\u00e3o Paulista - Regi\u00e3o News\" \/>\n<meta property=\"og:description\" content=\"&nbsp; (Cr\u00e9dito: Alexandre Battibugli\/Ag. Paulist\u00e3o\/Centauro ) &nbsp; O Palmeiras \u00e9\" \/>\n<meta property=\"og:url\" content=\"https:\/\/regiaonews.net.br\/2022\/2024\/11\/20\/palmeiras-vence-nos-penaltis-o-corinthians-e-sagra-se-campeao-paulista\/\" \/>\n<meta property=\"og:site_name\" content=\"Regi\u00e3o News\" \/>\n<meta property=\"article:published_time\" content=\"2024-11-20T23:18:36+00:00\" \/>\n<meta property=\"og:image\" content=\"https:\/\/regiaonews.net.br\/2022\/wp-content\/uploads\/2024\/11\/palmeirassub13_20241120_191859_0000.png\" \/>\n\t<meta property=\"og:image:width\" content=\"1166\" \/>\n\t<meta property=\"og:image:height\" content=\"586\" \/>\n\t<meta property=\"og:image:type\" content=\"image\/png\" \/>\n<meta name=\"author\" content=\"Roberto\" \/>\n<meta name=\"twitter:card\" content=\"summary_large_image\" \/>\n<meta name=\"twitter:label1\" content=\"Escrito por\" \/>\n\t<meta name=\"twitter:data1\" content=\"Roberto\" \/>\n\t<meta name=\"twitter:label2\" content=\"Est. tempo de leitura\" \/>\n\t<meta name=\"twitter:data2\" content=\"2 minutos\" \/>\n<script type=\"application\/ld+json\" class=\"yoast-schema-graph\">{\"@context\":\"https:\\\/\\\/schema.org\",\"@graph\":[{\"@type\":\"Article\",\"@id\":\"https:\\\/\\\/regiaonews.net.br\\\/2022\\\/2024\\\/11\\\/20\\\/palmeiras-vence-nos-penaltis-o-corinthians-e-sagra-se-campeao-paulista\\\/#article\",\"isPartOf\":{\"@id\":\"https:\\\/\\\/regiaonews.net.br\\\/2022\\\/2024\\\/11\\\/20\\\/palmeiras-vence-nos-penaltis-o-corinthians-e-sagra-se-campeao-paulista\\\/\"},\"author\":{\"name\":\"Roberto\",\"@id\":\"https:\\\/\\\/regiaonews.net.br\\\/2022\\\/#\\\/schema\\\/person\\\/2d205a608a5aa97ac279d7a5e6d89ad8\"},\"headline\":\"Palmeiras vence nos p\u00eanaltis o Corinthians e sagra-se campe\u00e3o Paulista\",\"datePublished\":\"2024-11-20T23:18:36+00:00\",\"mainEntityOfPage\":{\"@id\":\"https:\\\/\\\/regiaonews.net.br\\\/2022\\\/2024\\\/11\\\/20\\\/palmeiras-vence-nos-penaltis-o-corinthians-e-sagra-se-campeao-paulista\\\/\"},\"wordCount\":246,\"commentCount\":0,\"publisher\":{\"@id\":\"https:\\\/\\\/regiaonews.net.br\\\/2022\\\/#organization\"},\"image\":{\"@id\":\"https:\\\/\\\/regiaonews.net.br\\\/2022\\\/2024\\\/11\\\/20\\\/palmeiras-vence-nos-penaltis-o-corinthians-e-sagra-se-campeao-paulista\\\/#primaryimage\"},\"thumbnailUrl\":\"https:\\\/\\\/regiaonews.net.br\\\/2022\\\/wp-content\\\/uploads\\\/2024\\\/11\\\/palmeirassub13_20241120_191859_0000.png\",\"articleSection\":[\"Campeonato Paulista\",\"Esporte\"],\"inLanguage\":\"pt-BR\",\"potentialAction\":[{\"@type\":\"CommentAction\",\"name\":\"Comment\",\"target\":[\"https:\\\/\\\/regiaonews.net.br\\\/2022\\\/2024\\\/11\\\/20\\\/palmeiras-vence-nos-penaltis-o-corinthians-e-sagra-se-campeao-paulista\\\/#respond\"]}]},{\"@type\":\"WebPage\",\"@id\":\"https:\\\/\\\/regiaonews.net.br\\\/2022\\\/2024\\\/11\\\/20\\\/palmeiras-vence-nos-penaltis-o-corinthians-e-sagra-se-campeao-paulista\\\/\",\"url\":\"https:\\\/\\\/regiaonews.net.br\\\/2022\\\/2024\\\/11\\\/20\\\/palmeiras-vence-nos-penaltis-o-corinthians-e-sagra-se-campeao-paulista\\\/\",\"name\":\"Palmeiras vence nos p\u00eanaltis o Corinthians e sagra-se campe\u00e3o Paulista - Regi\u00e3o News\",\"isPartOf\":{\"@id\":\"https:\\\/\\\/regiaonews.net.br\\\/2022\\\/#website\"},\"primaryImageOfPage\":{\"@id\":\"https:\\\/\\\/regiaonews.net.br\\\/2022\\\/2024\\\/11\\\/20\\\/palmeiras-vence-nos-penaltis-o-corinthians-e-sagra-se-campeao-paulista\\\/#primaryimage\"},\"image\":{\"@id\":\"https:\\\/\\\/regiaonews.net.br\\\/2022\\\/2024\\\/11\\\/20\\\/palmeiras-vence-nos-penaltis-o-corinthians-e-sagra-se-campeao-paulista\\\/#primaryimage\"},\"thumbnailUrl\":\"https:\\\/\\\/regiaonews.net.br\\\/2022\\\/wp-content\\\/uploads\\\/2024\\\/11\\\/palmeirassub13_20241120_191859_0000.png\",\"datePublished\":\"2024-11-20T23:18:36+00:00\",\"breadcrumb\":{\"@id\":\"https:\\\/\\\/regiaonews.net.br\\\/2022\\\/2024\\\/11\\\/20\\\/palmeiras-vence-nos-penaltis-o-corinthians-e-sagra-se-campeao-paulista\\\/#breadcrumb\"},\"inLanguage\":\"pt-BR\",\"potentialAction\":[{\"@type\":\"ReadAction\",\"target\":[\"https:\\\/\\\/regiaonews.net.br\\\/2022\\\/2024\\\/11\\\/20\\\/palmeiras-vence-nos-penaltis-o-corinthians-e-sagra-se-campeao-paulista\\\/\"]}]},{\"@type\":\"ImageObject\",\"inLanguage\":\"pt-BR\",\"@id\":\"https:\\\/\\\/regiaonews.net.br\\\/2022\\\/2024\\\/11\\\/20\\\/palmeiras-vence-nos-penaltis-o-corinthians-e-sagra-se-campeao-paulista\\\/#primaryimage\",\"url\":\"https:\\\/\\\/regiaonews.net.br\\\/2022\\\/wp-content\\\/uploads\\\/2024\\\/11\\\/palmeirassub13_20241120_191859_0000.png\",\"contentUrl\":\"https:\\\/\\\/regiaonews.net.br\\\/2022\\\/wp-content\\\/uploads\\\/2024\\\/11\\\/palmeirassub13_20241120_191859_0000.png\",\"width\":1166,\"height\":586},{\"@type\":\"BreadcrumbList\",\"@id\":\"https:\\\/\\\/regiaonews.net.br\\\/2022\\\/2024\\\/11\\\/20\\\/palmeiras-vence-nos-penaltis-o-corinthians-e-sagra-se-campeao-paulista\\\/#breadcrumb\",\"itemListElement\":[{\"@type\":\"ListItem\",\"position\":1,\"name\":\"In\u00edcio\",\"item\":\"https:\\\/\\\/regiaonews.net.br\\\/2022\\\/\"},{\"@type\":\"ListItem\",\"position\":2,\"name\":\"Palmeiras vence nos p\u00eanaltis o Corinthians e sagra-se campe\u00e3o Paulista\"}]},{\"@type\":\"WebSite\",\"@id\":\"https:\\\/\\\/regiaonews.net.br\\\/2022\\\/#website\",\"url\":\"https:\\\/\\\/regiaonews.net.br\\\/2022\\\/\",\"name\":\"Regi\u00e3o News\",\"description\":\"Site de Not\u00edcias de Barretos e regi\u00e3o\",\"publisher\":{\"@id\":\"https:\\\/\\\/regiaonews.net.br\\\/2022\\\/#organization\"},\"potentialAction\":[{\"@type\":\"SearchAction\",\"target\":{\"@type\":\"EntryPoint\",\"urlTemplate\":\"https:\\\/\\\/regiaonews.net.br\\\/2022\\\/?s={search_term_string}\"},\"query-input\":{\"@type\":\"PropertyValueSpecification\",\"valueRequired\":true,\"valueName\":\"search_term_string\"}}],\"inLanguage\":\"pt-BR\"},{\"@type\":\"Organization\",\"@id\":\"https:\\\/\\\/regiaonews.net.br\\\/2022\\\/#organization\",\"name\":\"Regi\u00e3o News\",\"url\":\"https:\\\/\\\/regiaonews.net.br\\\/2022\\\/\",\"logo\":{\"@type\":\"ImageObject\",\"inLanguage\":\"pt-BR\",\"@id\":\"https:\\\/\\\/regiaonews.net.br\\\/2022\\\/#\\\/schema\\\/logo\\\/image\\\/\",\"url\":\"https:\\\/\\\/regiaonews.net.br\\\/2022\\\/wp-content\\\/uploads\\\/2026\\\/03\\\/regiao-13-anos-scaled.jpg\",\"contentUrl\":\"https:\\\/\\\/regiaonews.net.br\\\/2022\\\/wp-content\\\/uploads\\\/2026\\\/03\\\/regiao-13-anos-scaled.jpg\",\"width\":2560,\"height\":635,\"caption\":\"Regi\u00e3o News\"},\"image\":{\"@id\":\"https:\\\/\\\/regiaonews.net.br\\\/2022\\\/#\\\/schema\\\/logo\\\/image\\\/\"}},{\"@type\":\"Person\",\"@id\":\"https:\\\/\\\/regiaonews.net.br\\\/2022\\\/#\\\/schema\\\/person\\\/2d205a608a5aa97ac279d7a5e6d89ad8\",\"name\":\"Roberto\",\"image\":{\"@type\":\"ImageObject\",\"inLanguage\":\"pt-BR\",\"@id\":\"https:\\\/\\\/secure.gravatar.com\\\/avatar\\\/42749d8b712ff9d59ca93dc150494e5b55a44134482993f5baeb97e61b7ecc89?s=96&d=mm&r=g\",\"url\":\"https:\\\/\\\/secure.gravatar.com\\\/avatar\\\/42749d8b712ff9d59ca93dc150494e5b55a44134482993f5baeb97e61b7ecc89?s=96&d=mm&r=g\",\"contentUrl\":\"https:\\\/\\\/secure.gravatar.com\\\/avatar\\\/42749d8b712ff9d59ca93dc150494e5b55a44134482993f5baeb97e61b7ecc89?s=96&d=mm&r=g\",\"caption\":\"Roberto\"},\"url\":\"https:\\\/\\\/regiaonews.net.br\\\/2022\\\/author\\\/roberto\\\/\"}]}<\/script>\n<!-- \/ Yoast SEO plugin. -->","yoast_head_json":{"title":"Palmeiras vence nos p\u00eanaltis o Corinthians e sagra-se campe\u00e3o Paulista - Regi\u00e3o News","robots":{"index":"index","follow":"follow","max-snippet":"max-snippet:-1","max-image-preview":"max-image-preview:large","max-video-preview":"max-video-preview:-1"},"canonical":"https:\/\/regiaonews.net.br\/2022\/2024\/11\/20\/palmeiras-vence-nos-penaltis-o-corinthians-e-sagra-se-campeao-paulista\/","og_locale":"pt_BR","og_type":"article","og_title":"Palmeiras vence nos p\u00eanaltis o Corinthians e sagra-se campe\u00e3o Paulista - Regi\u00e3o News","og_description":"&nbsp; (Cr\u00e9dito: Alexandre Battibugli\/Ag. Paulist\u00e3o\/Centauro ) &nbsp; O Palmeiras \u00e9","og_url":"https:\/\/regiaonews.net.br\/2022\/2024\/11\/20\/palmeiras-vence-nos-penaltis-o-corinthians-e-sagra-se-campeao-paulista\/","og_site_name":"Regi\u00e3o News","article_published_time":"2024-11-20T23:18:36+00:00","og_image":[{"width":1166,"height":586,"url":"https:\/\/regiaonews.net.br\/2022\/wp-content\/uploads\/2024\/11\/palmeirassub13_20241120_191859_0000.png","type":"image\/png"}],"author":"Roberto","twitter_card":"summary_large_image","twitter_misc":{"Escrito por":"Roberto","Est. tempo de leitura":"2 minutos"},"schema":{"@context":"https:\/\/schema.org","@graph":[{"@type":"Article","@id":"https:\/\/regiaonews.net.br\/2022\/2024\/11\/20\/palmeiras-vence-nos-penaltis-o-corinthians-e-sagra-se-campeao-paulista\/#article","isPartOf":{"@id":"https:\/\/regiaonews.net.br\/2022\/2024\/11\/20\/palmeiras-vence-nos-penaltis-o-corinthians-e-sagra-se-campeao-paulista\/"},"author":{"name":"Roberto","@id":"https:\/\/regiaonews.net.br\/2022\/#\/schema\/person\/2d205a608a5aa97ac279d7a5e6d89ad8"},"headline":"Palmeiras vence nos p\u00eanaltis o Corinthians e sagra-se campe\u00e3o Paulista","datePublished":"2024-11-20T23:18:36+00:00","mainEntityOfPage":{"@id":"https:\/\/regiaonews.net.br\/2022\/2024\/11\/20\/palmeiras-vence-nos-penaltis-o-corinthians-e-sagra-se-campeao-paulista\/"},"wordCount":246,"commentCount":0,"publisher":{"@id":"https:\/\/regiaonews.net.br\/2022\/#organization"},"image":{"@id":"https:\/\/regiaonews.net.br\/2022\/2024\/11\/20\/palmeiras-vence-nos-penaltis-o-corinthians-e-sagra-se-campeao-paulista\/#primaryimage"},"thumbnailUrl":"https:\/\/regiaonews.net.br\/2022\/wp-content\/uploads\/2024\/11\/palmeirassub13_20241120_191859_0000.png","articleSection":["Campeonato Paulista","Esporte"],"inLanguage":"pt-BR","potentialAction":[{"@type":"CommentAction","name":"Comment","target":["https:\/\/regiaonews.net.br\/2022\/2024\/11\/20\/palmeiras-vence-nos-penaltis-o-corinthians-e-sagra-se-campeao-paulista\/#respond"]}]},{"@type":"WebPage","@id":"https:\/\/regiaonews.net.br\/2022\/2024\/11\/20\/palmeiras-vence-nos-penaltis-o-corinthians-e-sagra-se-campeao-paulista\/","url":"https:\/\/regiaonews.net.br\/2022\/2024\/11\/20\/palmeiras-vence-nos-penaltis-o-corinthians-e-sagra-se-campeao-paulista\/","name":"Palmeiras vence nos p\u00eanaltis o Corinthians e sagra-se campe\u00e3o Paulista - Regi\u00e3o News","isPartOf":{"@id":"https:\/\/regiaonews.net.br\/2022\/#website"},"primaryImageOfPage":{"@id":"https:\/\/regiaonews.net.br\/2022\/2024\/11\/20\/palmeiras-vence-nos-penaltis-o-corinthians-e-sagra-se-campeao-paulista\/#primaryimage"},"image":{"@id":"https:\/\/regiaonews.net.br\/2022\/2024\/11\/20\/palmeiras-vence-nos-penaltis-o-corinthians-e-sagra-se-campeao-paulista\/#primaryimage"},"thumbnailUrl":"https:\/\/regiaonews.net.br\/2022\/wp-content\/uploads\/2024\/11\/palmeirassub13_20241120_191859_0000.png","datePublished":"2024-11-20T23:18:36+00:00","breadcrumb":{"@id":"https:\/\/regiaonews.net.br\/2022\/2024\/11\/20\/palmeiras-vence-nos-penaltis-o-corinthians-e-sagra-se-campeao-paulista\/#breadcrumb"},"inLanguage":"pt-BR","potentialAction":[{"@type":"ReadAction","target":["https:\/\/regiaonews.net.br\/2022\/2024\/11\/20\/palmeiras-vence-nos-penaltis-o-corinthians-e-sagra-se-campeao-paulista\/"]}]},{"@type":"ImageObject","inLanguage":"pt-BR","@id":"https:\/\/regiaonews.net.br\/2022\/2024\/11\/20\/palmeiras-vence-nos-penaltis-o-corinthians-e-sagra-se-campeao-paulista\/#primaryimage","url":"https:\/\/regiaonews.net.br\/2022\/wp-content\/uploads\/2024\/11\/palmeirassub13_20241120_191859_0000.png","contentUrl":"https:\/\/regiaonews.net.br\/2022\/wp-content\/uploads\/2024\/11\/palmeirassub13_20241120_191859_0000.png","width":1166,"height":586},{"@type":"BreadcrumbList","@id":"https:\/\/regiaonews.net.br\/2022\/2024\/11\/20\/palmeiras-vence-nos-penaltis-o-corinthians-e-sagra-se-campeao-paulista\/#breadcrumb","itemListElement":[{"@type":"ListItem","position":1,"name":"In\u00edcio","item":"https:\/\/regiaonews.net.br\/2022\/"},{"@type":"ListItem","position":2,"name":"Palmeiras vence nos p\u00eanaltis o Corinthians e sagra-se campe\u00e3o Paulista"}]},{"@type":"WebSite","@id":"https:\/\/regiaonews.net.br\/2022\/#website","url":"https:\/\/regiaonews.net.br\/2022\/","name":"Regi\u00e3o News","description":"Site de Not\u00edcias de Barretos e regi\u00e3o","publisher":{"@id":"https:\/\/regiaonews.net.br\/2022\/#organization"},"potentialAction":[{"@type":"SearchAction","target":{"@type":"EntryPoint","urlTemplate":"https:\/\/regiaonews.net.br\/2022\/?s={search_term_string}"},"query-input":{"@type":"PropertyValueSpecification","valueRequired":true,"valueName":"search_term_string"}}],"inLanguage":"pt-BR"},{"@type":"Organization","@id":"https:\/\/regiaonews.net.br\/2022\/#organization","name":"Regi\u00e3o News","url":"https:\/\/regiaonews.net.br\/2022\/","logo":{"@type":"ImageObject","inLanguage":"pt-BR","@id":"https:\/\/regiaonews.net.br\/2022\/#\/schema\/logo\/image\/","url":"https:\/\/regiaonews.net.br\/2022\/wp-content\/uploads\/2026\/03\/regiao-13-anos-scaled.jpg","contentUrl":"https:\/\/regiaonews.net.br\/2022\/wp-content\/uploads\/2026\/03\/regiao-13-anos-scaled.jpg","width":2560,"height":635,"caption":"Regi\u00e3o News"},"image":{"@id":"https:\/\/regiaonews.net.br\/2022\/#\/schema\/logo\/image\/"}},{"@type":"Person","@id":"https:\/\/regiaonews.net.br\/2022\/#\/schema\/person\/2d205a608a5aa97ac279d7a5e6d89ad8","name":"Roberto","image":{"@type":"ImageObject","inLanguage":"pt-BR","@id":"https:\/\/secure.gravatar.com\/avatar\/42749d8b712ff9d59ca93dc150494e5b55a44134482993f5baeb97e61b7ecc89?s=96&d=mm&r=g","url":"https:\/\/secure.gravatar.com\/avatar\/42749d8b712ff9d59ca93dc150494e5b55a44134482993f5baeb97e61b7ecc89?s=96&d=mm&r=g","contentUrl":"https:\/\/secure.gravatar.com\/avatar\/42749d8b712ff9d59ca93dc150494e5b55a44134482993f5baeb97e61b7ecc89?s=96&d=mm&r=g","caption":"Roberto"},"url":"https:\/\/regiaonews.net.br\/2022\/author\/roberto\/"}]}},"publishpress_future_action":{"enabled":false,"date":"2026-05-02 03:45:42","action":"change-status","newStatus":"draft","terms":[],"taxonomy":"category","extraData":[]},"publishpress_future_workflow_manual_trigger":{"enabledWorkflows":[]},"_links":{"self":[{"href":"https:\/\/regiaonews.net.br\/2022\/wp-json\/wp\/v2\/posts\/112226","targetHints":{"allow":["GET"]}}],"collection":[{"href":"https:\/\/regiaonews.net.br\/2022\/wp-json\/wp\/v2\/posts"}],"about":[{"href":"https:\/\/regiaonews.net.br\/2022\/wp-json\/wp\/v2\/types\/post"}],"author":[{"embeddable":true,"href":"https:\/\/regiaonews.net.br\/2022\/wp-json\/wp\/v2\/users\/2"}],"replies":[{"embeddable":true,"href":"https:\/\/regiaonews.net.br\/2022\/wp-json\/wp\/v2\/comments?post=112226"}],"version-history":[{"count":1,"href":"https:\/\/regiaonews.net.br\/2022\/wp-json\/wp\/v2\/posts\/112226\/revisions"}],"predecessor-version":[{"id":112228,"href":"https:\/\/regiaonews.net.br\/2022\/wp-json\/wp\/v2\/posts\/112226\/revisions\/112228"}],"wp:featuredmedia":[{"embeddable":true,"href":"https:\/\/regiaonews.net.br\/2022\/wp-json\/wp\/v2\/media\/112227"}],"wp:attachment":[{"href":"https:\/\/regiaonews.net.br\/2022\/wp-json\/wp\/v2\/media?parent=112226"}],"wp:term":[{"taxonomy":"category","embeddable":true,"href":"https:\/\/regiaonews.net.br\/2022\/wp-json\/wp\/v2\/categories?post=112226"},{"taxonomy":"post_tag","embeddable":true,"href":"https:\/\/regiaonews.net.br\/2022\/wp-json\/wp\/v2\/tags?post=112226"}],"curies":[{"name":"wp","href":"https:\/\/api.w.org\/{rel}","templated":true}]}}