{"id":112219,"date":"2024-11-20T06:36:49","date_gmt":"2024-11-20T09:36:49","guid":{"rendered":"https:\/\/regiaonews.net.br\/2022\/?p=112219"},"modified":"2024-11-20T06:38:51","modified_gmt":"2024-11-20T09:38:51","slug":"barretos-celebra-semana-da-consciencia-negra-com-programacao-na-casa-afro","status":"publish","type":"post","link":"https:\/\/regiaonews.net.br\/2022\/2024\/11\/20\/barretos-celebra-semana-da-consciencia-negra-com-programacao-na-casa-afro\/","title":{"rendered":"Barretos celebra Semana da Consci\u00eancia Negra, com programa\u00e7\u00e3o na Casa Afro\u00a0"},"content":{"rendered":"<p>&nbsp;<\/p>\n<p>Barretos celebra nesta quarta-feira, 20 de novembro, o Dia Nacional da Consci\u00eancia Negra. Ao longo de todo o m\u00eas e em especial nesta semana, exibi\u00e7\u00f5es de document\u00e1rios, rodas de conversa, palestras, entre outras atividades marcam a data no munic\u00edpio. At\u00e9 sexta-feira, 22, est\u00e1 aberta, na Casa Afro Brasil \u201c\u00c1lvaro de Oliveira\u201d, a exposi\u00e7\u00e3o \u201cPersonalidades Negras&#8221;, com visita\u00e7\u00e3o em dias \u00fateis das 9 \u00e0s 16 horas. Desde o in\u00edcio do m\u00eas, estudantes de diversas escolas passaram pela exposi\u00e7\u00e3o, aberta para toda a popula\u00e7\u00e3o.<\/p>\n<p>Na quinta-feira, 21, haver\u00e1 programa\u00e7\u00e3o em conjunto com a Casa da Mulher Paulista e outras organiza\u00e7\u00f5es parceiras. Ser\u00e1 o \u201cDia de rosa e lil\u00e1s\u201d, com a\u00e7\u00f5es de beleza e bem-estar, palestras de incentivo ao empreendedorismo, entre outras atividades. No local, tamb\u00e9m est\u00e3o abertas at\u00e9 o fim de dezembro as exposi\u00e7\u00f5es &#8220;Al\u00e9m do Olhos de Dandara&#8221;, da artista pl\u00e1stica Daiana Lacerda, e &#8220;Acr\u00f3sticos de Lutas&#8221;, da compositora Elvira Ramos.<\/p>\n<p>A Casa Afro Brasil \u201c\u00c1lvaro de Oliveira\u201d est\u00e1 localizada na rua Clarice das Dores Rodrigues, n.300, ao lado da Casa da Mulher Paulista, no bairro Novo J\u00f3quei. Abaixo, confira o cronograma da programa\u00e7\u00e3o desenvolvida at\u00e9 o fim do m\u00eas em diferentes pontos da cidade.<\/p>\n<p>*Sobre a data*<br \/>\n20 de novembro foi escolhido para celebrar o Dia Nacional da Consci\u00eancia Negra em homenagem \u00e0 morte de Zumbi dos Palmares, l\u00edder do Quilombo dos Palmares, um dos maiores quilombos da hist\u00f3ria do Brasil e s\u00edmbolo da luta pela liberdade e pelos direitos dos negros. No ano passado, foi aprovada a Lei 14.759\/23, tornando essa data feriado nacional: Dia Nacional de Zumbi e da Consci\u00eancia Negra.<\/p>\n<p>Zumbi dos Palmares foi um importante l\u00edder de resist\u00eancia \u00e0 escravid\u00e3o no Brasil colonial. Sua morte, em 1695, marcou o fim da resist\u00eancia organizada dos quilombolas contra o dom\u00ednio colonial portugu\u00eas. O Dia da Consci\u00eancia Negra, portanto, tem o objetivo de refletir sobre a luta contra o racismo, a valoriza\u00e7\u00e3o da cultura afro-brasileira e o reconhecimento da contribui\u00e7\u00e3o dos negros na forma\u00e7\u00e3o da sociedade brasileira.<\/p>\n<p>A data foi institu\u00edda oficialmente em 2003, entretanto, a luta pela inclus\u00e3o e igualdade racial no Brasil \u00e9 bem mais antiga, com movimentos sociais e culturais promovendo a valoriza\u00e7\u00e3o da cultura negra h\u00e1 s\u00e9culos.<\/p>\n<p>Em 22 de novembro de 2022 foi inaugurada em Barretos a primeira Casa Afro Brasil do Estado. Francisco Salviano Miranda (Tico), coordenador da unidade e da Coordenadoria Municipal de Politicas Publicas de Igualdade Racial, destaca que o Dia da Consci\u00eancia Negra \u00e9 um dia de reflex\u00e3o, mas tamb\u00e9m uma oportunidade para o Brasil.<\/p>\n<p>_A programa\u00e7\u00e3o da Consci\u00eancia Negra se estende at\u00e9 o final do m\u00eas, em diferentes pontos da cidade:_<\/p>\n<p>22 de novembro<br \/>\nColetivo Afro Arts &#8211; Exibi\u00e7\u00e3o do document\u00e1rio Espiritualidade e Comunidade<br \/>\n19h \u2013 na Casa Afro Brasil<\/p>\n<p>Palestra de Daiana Lacerda e da equipe da Casa da Mulher Paulista<br \/>\n19h \u2013 na Escola Paulina Nunes de Morais<\/p>\n<p>23 de novembro<br \/>\nGrupo S\u00e3o Gon\u00e7alo: \u201cFesta de S\u00e3o Gon\u00e7alo\u201d<br \/>\n19h \u2013 no Ponto de cultura Euri Silva (anexo do CSU)<\/p>\n<p>26 de novembro<br \/>\nPalestra \u201cA import\u00e2ncia da independ\u00eancia financeira na quebra do ciclo de viol\u00eancia dom\u00e9stica\u201d<br \/>\n20h \u2013 no Senac, com Ana Paula e Taciana Nunes<\/p>\n<p>*<\/p>\n<p>27 de novembro<br \/>\nPalestra \u201cA import\u00e2ncia do Movimento Negro na cidade de Barretos: como tudo come\u00e7ou\u201d<br \/>\n19h30 \u2013 no Instituto Mark\u2019s<\/p>\n<p>28 de novembro<br \/>\nLive \u201cResenha\u201d &#8211; Coletiva Kilombo de Rainhas<br \/>\n19h30 \u2013 no Instagram @casoafrobarretos, com Ana Paula e Elisa Fonseca Souza<\/p>\n<p>30 de novembro<br \/>\nPr\u00eamio zumbi dos Palmares<br \/>\n19h30 \u2013 no Aruanda Brasil<\/p>\n<p>&nbsp;<\/p>\n","protected":false},"excerpt":{"rendered":"<p>&nbsp; Barretos celebra nesta quarta-feira, 20 de novembro, o Dia<\/p>\n","protected":false},"author":2,"featured_media":112221,"comment_status":"open","ping_status":"open","sticky":false,"template":"","format":"standard","meta":{"footnotes":""},"categories":[14,25],"tags":[],"class_list":["post-112219","post","type-post","status-publish","format-standard","has-post-thumbnail","hentry","category-barretos","category-cidades"],"yoast_head":"<!-- This site is optimized with the Yoast SEO plugin v27.4 - https:\/\/yoast.com\/product\/yoast-seo-wordpress\/ -->\n<title>Barretos celebra Semana da Consci\u00eancia Negra, com programa\u00e7\u00e3o na Casa Afro\u00a0 - Regi\u00e3o News<\/title>\n<meta name=\"robots\" content=\"index, follow, max-snippet:-1, max-image-preview:large, max-video-preview:-1\" \/>\n<link rel=\"canonical\" href=\"https:\/\/regiaonews.net.br\/2022\/2024\/11\/20\/barretos-celebra-semana-da-consciencia-negra-com-programacao-na-casa-afro\/\" \/>\n<meta property=\"og:locale\" content=\"pt_BR\" \/>\n<meta property=\"og:type\" content=\"article\" \/>\n<meta property=\"og:title\" content=\"Barretos celebra Semana da Consci\u00eancia Negra, com programa\u00e7\u00e3o na Casa Afro\u00a0 - Regi\u00e3o News\" \/>\n<meta property=\"og:description\" content=\"&nbsp; Barretos celebra nesta quarta-feira, 20 de novembro, o Dia\" \/>\n<meta property=\"og:url\" content=\"https:\/\/regiaonews.net.br\/2022\/2024\/11\/20\/barretos-celebra-semana-da-consciencia-negra-com-programacao-na-casa-afro\/\" \/>\n<meta property=\"og:site_name\" content=\"Regi\u00e3o News\" \/>\n<meta property=\"article:published_time\" content=\"2024-11-20T09:36:49+00:00\" \/>\n<meta property=\"article:modified_time\" content=\"2024-11-20T09:38:51+00:00\" \/>\n<meta property=\"og:image\" content=\"https:\/\/regiaonews.net.br\/2022\/wp-content\/uploads\/2024\/11\/download-1-1.jpeg\" \/>\n\t<meta property=\"og:image:width\" content=\"225\" \/>\n\t<meta property=\"og:image:height\" content=\"225\" \/>\n\t<meta property=\"og:image:type\" content=\"image\/jpeg\" \/>\n<meta name=\"author\" content=\"Roberto\" \/>\n<meta name=\"twitter:card\" content=\"summary_large_image\" \/>\n<meta name=\"twitter:label1\" content=\"Escrito por\" \/>\n\t<meta name=\"twitter:data1\" content=\"Roberto\" \/>\n\t<meta name=\"twitter:label2\" content=\"Est. tempo de leitura\" \/>\n\t<meta name=\"twitter:data2\" content=\"4 minutos\" \/>\n<script type=\"application\/ld+json\" class=\"yoast-schema-graph\">{\"@context\":\"https:\\\/\\\/schema.org\",\"@graph\":[{\"@type\":\"Article\",\"@id\":\"https:\\\/\\\/regiaonews.net.br\\\/2022\\\/2024\\\/11\\\/20\\\/barretos-celebra-semana-da-consciencia-negra-com-programacao-na-casa-afro\\\/#article\",\"isPartOf\":{\"@id\":\"https:\\\/\\\/regiaonews.net.br\\\/2022\\\/2024\\\/11\\\/20\\\/barretos-celebra-semana-da-consciencia-negra-com-programacao-na-casa-afro\\\/\"},\"author\":{\"name\":\"Roberto\",\"@id\":\"https:\\\/\\\/regiaonews.net.br\\\/2022\\\/#\\\/schema\\\/person\\\/2d205a608a5aa97ac279d7a5e6d89ad8\"},\"headline\":\"Barretos celebra Semana da Consci\u00eancia Negra, com programa\u00e7\u00e3o na Casa Afro\u00a0\",\"datePublished\":\"2024-11-20T09:36:49+00:00\",\"dateModified\":\"2024-11-20T09:38:51+00:00\",\"mainEntityOfPage\":{\"@id\":\"https:\\\/\\\/regiaonews.net.br\\\/2022\\\/2024\\\/11\\\/20\\\/barretos-celebra-semana-da-consciencia-negra-com-programacao-na-casa-afro\\\/\"},\"wordCount\":623,\"commentCount\":0,\"publisher\":{\"@id\":\"https:\\\/\\\/regiaonews.net.br\\\/2022\\\/#organization\"},\"image\":{\"@id\":\"https:\\\/\\\/regiaonews.net.br\\\/2022\\\/2024\\\/11\\\/20\\\/barretos-celebra-semana-da-consciencia-negra-com-programacao-na-casa-afro\\\/#primaryimage\"},\"thumbnailUrl\":\"https:\\\/\\\/regiaonews.net.br\\\/2022\\\/wp-content\\\/uploads\\\/2024\\\/11\\\/download-1-1.jpeg\",\"articleSection\":[\"Barretos\",\"Cidades\"],\"inLanguage\":\"pt-BR\",\"potentialAction\":[{\"@type\":\"CommentAction\",\"name\":\"Comment\",\"target\":[\"https:\\\/\\\/regiaonews.net.br\\\/2022\\\/2024\\\/11\\\/20\\\/barretos-celebra-semana-da-consciencia-negra-com-programacao-na-casa-afro\\\/#respond\"]}]},{\"@type\":\"WebPage\",\"@id\":\"https:\\\/\\\/regiaonews.net.br\\\/2022\\\/2024\\\/11\\\/20\\\/barretos-celebra-semana-da-consciencia-negra-com-programacao-na-casa-afro\\\/\",\"url\":\"https:\\\/\\\/regiaonews.net.br\\\/2022\\\/2024\\\/11\\\/20\\\/barretos-celebra-semana-da-consciencia-negra-com-programacao-na-casa-afro\\\/\",\"name\":\"Barretos celebra Semana da Consci\u00eancia Negra, com programa\u00e7\u00e3o na Casa Afro\u00a0 - Regi\u00e3o News\",\"isPartOf\":{\"@id\":\"https:\\\/\\\/regiaonews.net.br\\\/2022\\\/#website\"},\"primaryImageOfPage\":{\"@id\":\"https:\\\/\\\/regiaonews.net.br\\\/2022\\\/2024\\\/11\\\/20\\\/barretos-celebra-semana-da-consciencia-negra-com-programacao-na-casa-afro\\\/#primaryimage\"},\"image\":{\"@id\":\"https:\\\/\\\/regiaonews.net.br\\\/2022\\\/2024\\\/11\\\/20\\\/barretos-celebra-semana-da-consciencia-negra-com-programacao-na-casa-afro\\\/#primaryimage\"},\"thumbnailUrl\":\"https:\\\/\\\/regiaonews.net.br\\\/2022\\\/wp-content\\\/uploads\\\/2024\\\/11\\\/download-1-1.jpeg\",\"datePublished\":\"2024-11-20T09:36:49+00:00\",\"dateModified\":\"2024-11-20T09:38:51+00:00\",\"breadcrumb\":{\"@id\":\"https:\\\/\\\/regiaonews.net.br\\\/2022\\\/2024\\\/11\\\/20\\\/barretos-celebra-semana-da-consciencia-negra-com-programacao-na-casa-afro\\\/#breadcrumb\"},\"inLanguage\":\"pt-BR\",\"potentialAction\":[{\"@type\":\"ReadAction\",\"target\":[\"https:\\\/\\\/regiaonews.net.br\\\/2022\\\/2024\\\/11\\\/20\\\/barretos-celebra-semana-da-consciencia-negra-com-programacao-na-casa-afro\\\/\"]}]},{\"@type\":\"ImageObject\",\"inLanguage\":\"pt-BR\",\"@id\":\"https:\\\/\\\/regiaonews.net.br\\\/2022\\\/2024\\\/11\\\/20\\\/barretos-celebra-semana-da-consciencia-negra-com-programacao-na-casa-afro\\\/#primaryimage\",\"url\":\"https:\\\/\\\/regiaonews.net.br\\\/2022\\\/wp-content\\\/uploads\\\/2024\\\/11\\\/download-1-1.jpeg\",\"contentUrl\":\"https:\\\/\\\/regiaonews.net.br\\\/2022\\\/wp-content\\\/uploads\\\/2024\\\/11\\\/download-1-1.jpeg\",\"width\":225,\"height\":225},{\"@type\":\"BreadcrumbList\",\"@id\":\"https:\\\/\\\/regiaonews.net.br\\\/2022\\\/2024\\\/11\\\/20\\\/barretos-celebra-semana-da-consciencia-negra-com-programacao-na-casa-afro\\\/#breadcrumb\",\"itemListElement\":[{\"@type\":\"ListItem\",\"position\":1,\"name\":\"In\u00edcio\",\"item\":\"https:\\\/\\\/regiaonews.net.br\\\/2022\\\/\"},{\"@type\":\"ListItem\",\"position\":2,\"name\":\"Barretos celebra Semana da Consci\u00eancia Negra, com programa\u00e7\u00e3o na Casa Afro\u00a0\"}]},{\"@type\":\"WebSite\",\"@id\":\"https:\\\/\\\/regiaonews.net.br\\\/2022\\\/#website\",\"url\":\"https:\\\/\\\/regiaonews.net.br\\\/2022\\\/\",\"name\":\"Regi\u00e3o News\",\"description\":\"Site de Not\u00edcias de Barretos e regi\u00e3o\",\"publisher\":{\"@id\":\"https:\\\/\\\/regiaonews.net.br\\\/2022\\\/#organization\"},\"potentialAction\":[{\"@type\":\"SearchAction\",\"target\":{\"@type\":\"EntryPoint\",\"urlTemplate\":\"https:\\\/\\\/regiaonews.net.br\\\/2022\\\/?s={search_term_string}\"},\"query-input\":{\"@type\":\"PropertyValueSpecification\",\"valueRequired\":true,\"valueName\":\"search_term_string\"}}],\"inLanguage\":\"pt-BR\"},{\"@type\":\"Organization\",\"@id\":\"https:\\\/\\\/regiaonews.net.br\\\/2022\\\/#organization\",\"name\":\"Regi\u00e3o News\",\"url\":\"https:\\\/\\\/regiaonews.net.br\\\/2022\\\/\",\"logo\":{\"@type\":\"ImageObject\",\"inLanguage\":\"pt-BR\",\"@id\":\"https:\\\/\\\/regiaonews.net.br\\\/2022\\\/#\\\/schema\\\/logo\\\/image\\\/\",\"url\":\"https:\\\/\\\/regiaonews.net.br\\\/2022\\\/wp-content\\\/uploads\\\/2026\\\/03\\\/regiao-13-anos-scaled.jpg\",\"contentUrl\":\"https:\\\/\\\/regiaonews.net.br\\\/2022\\\/wp-content\\\/uploads\\\/2026\\\/03\\\/regiao-13-anos-scaled.jpg\",\"width\":2560,\"height\":635,\"caption\":\"Regi\u00e3o News\"},\"image\":{\"@id\":\"https:\\\/\\\/regiaonews.net.br\\\/2022\\\/#\\\/schema\\\/logo\\\/image\\\/\"}},{\"@type\":\"Person\",\"@id\":\"https:\\\/\\\/regiaonews.net.br\\\/2022\\\/#\\\/schema\\\/person\\\/2d205a608a5aa97ac279d7a5e6d89ad8\",\"name\":\"Roberto\",\"image\":{\"@type\":\"ImageObject\",\"inLanguage\":\"pt-BR\",\"@id\":\"https:\\\/\\\/secure.gravatar.com\\\/avatar\\\/42749d8b712ff9d59ca93dc150494e5b55a44134482993f5baeb97e61b7ecc89?s=96&d=mm&r=g\",\"url\":\"https:\\\/\\\/secure.gravatar.com\\\/avatar\\\/42749d8b712ff9d59ca93dc150494e5b55a44134482993f5baeb97e61b7ecc89?s=96&d=mm&r=g\",\"contentUrl\":\"https:\\\/\\\/secure.gravatar.com\\\/avatar\\\/42749d8b712ff9d59ca93dc150494e5b55a44134482993f5baeb97e61b7ecc89?s=96&d=mm&r=g\",\"caption\":\"Roberto\"},\"url\":\"https:\\\/\\\/regiaonews.net.br\\\/2022\\\/author\\\/roberto\\\/\"}]}<\/script>\n<!-- \/ Yoast SEO plugin. -->","yoast_head_json":{"title":"Barretos celebra Semana da Consci\u00eancia Negra, com programa\u00e7\u00e3o na Casa Afro\u00a0 - Regi\u00e3o News","robots":{"index":"index","follow":"follow","max-snippet":"max-snippet:-1","max-image-preview":"max-image-preview:large","max-video-preview":"max-video-preview:-1"},"canonical":"https:\/\/regiaonews.net.br\/2022\/2024\/11\/20\/barretos-celebra-semana-da-consciencia-negra-com-programacao-na-casa-afro\/","og_locale":"pt_BR","og_type":"article","og_title":"Barretos celebra Semana da Consci\u00eancia Negra, com programa\u00e7\u00e3o na Casa Afro\u00a0 - Regi\u00e3o News","og_description":"&nbsp; Barretos celebra nesta quarta-feira, 20 de novembro, o Dia","og_url":"https:\/\/regiaonews.net.br\/2022\/2024\/11\/20\/barretos-celebra-semana-da-consciencia-negra-com-programacao-na-casa-afro\/","og_site_name":"Regi\u00e3o News","article_published_time":"2024-11-20T09:36:49+00:00","article_modified_time":"2024-11-20T09:38:51+00:00","og_image":[{"width":225,"height":225,"url":"https:\/\/regiaonews.net.br\/2022\/wp-content\/uploads\/2024\/11\/download-1-1.jpeg","type":"image\/jpeg"}],"author":"Roberto","twitter_card":"summary_large_image","twitter_misc":{"Escrito por":"Roberto","Est. tempo de leitura":"4 minutos"},"schema":{"@context":"https:\/\/schema.org","@graph":[{"@type":"Article","@id":"https:\/\/regiaonews.net.br\/2022\/2024\/11\/20\/barretos-celebra-semana-da-consciencia-negra-com-programacao-na-casa-afro\/#article","isPartOf":{"@id":"https:\/\/regiaonews.net.br\/2022\/2024\/11\/20\/barretos-celebra-semana-da-consciencia-negra-com-programacao-na-casa-afro\/"},"author":{"name":"Roberto","@id":"https:\/\/regiaonews.net.br\/2022\/#\/schema\/person\/2d205a608a5aa97ac279d7a5e6d89ad8"},"headline":"Barretos celebra Semana da Consci\u00eancia Negra, com programa\u00e7\u00e3o na Casa Afro\u00a0","datePublished":"2024-11-20T09:36:49+00:00","dateModified":"2024-11-20T09:38:51+00:00","mainEntityOfPage":{"@id":"https:\/\/regiaonews.net.br\/2022\/2024\/11\/20\/barretos-celebra-semana-da-consciencia-negra-com-programacao-na-casa-afro\/"},"wordCount":623,"commentCount":0,"publisher":{"@id":"https:\/\/regiaonews.net.br\/2022\/#organization"},"image":{"@id":"https:\/\/regiaonews.net.br\/2022\/2024\/11\/20\/barretos-celebra-semana-da-consciencia-negra-com-programacao-na-casa-afro\/#primaryimage"},"thumbnailUrl":"https:\/\/regiaonews.net.br\/2022\/wp-content\/uploads\/2024\/11\/download-1-1.jpeg","articleSection":["Barretos","Cidades"],"inLanguage":"pt-BR","potentialAction":[{"@type":"CommentAction","name":"Comment","target":["https:\/\/regiaonews.net.br\/2022\/2024\/11\/20\/barretos-celebra-semana-da-consciencia-negra-com-programacao-na-casa-afro\/#respond"]}]},{"@type":"WebPage","@id":"https:\/\/regiaonews.net.br\/2022\/2024\/11\/20\/barretos-celebra-semana-da-consciencia-negra-com-programacao-na-casa-afro\/","url":"https:\/\/regiaonews.net.br\/2022\/2024\/11\/20\/barretos-celebra-semana-da-consciencia-negra-com-programacao-na-casa-afro\/","name":"Barretos celebra Semana da Consci\u00eancia Negra, com programa\u00e7\u00e3o na Casa Afro\u00a0 - Regi\u00e3o News","isPartOf":{"@id":"https:\/\/regiaonews.net.br\/2022\/#website"},"primaryImageOfPage":{"@id":"https:\/\/regiaonews.net.br\/2022\/2024\/11\/20\/barretos-celebra-semana-da-consciencia-negra-com-programacao-na-casa-afro\/#primaryimage"},"image":{"@id":"https:\/\/regiaonews.net.br\/2022\/2024\/11\/20\/barretos-celebra-semana-da-consciencia-negra-com-programacao-na-casa-afro\/#primaryimage"},"thumbnailUrl":"https:\/\/regiaonews.net.br\/2022\/wp-content\/uploads\/2024\/11\/download-1-1.jpeg","datePublished":"2024-11-20T09:36:49+00:00","dateModified":"2024-11-20T09:38:51+00:00","breadcrumb":{"@id":"https:\/\/regiaonews.net.br\/2022\/2024\/11\/20\/barretos-celebra-semana-da-consciencia-negra-com-programacao-na-casa-afro\/#breadcrumb"},"inLanguage":"pt-BR","potentialAction":[{"@type":"ReadAction","target":["https:\/\/regiaonews.net.br\/2022\/2024\/11\/20\/barretos-celebra-semana-da-consciencia-negra-com-programacao-na-casa-afro\/"]}]},{"@type":"ImageObject","inLanguage":"pt-BR","@id":"https:\/\/regiaonews.net.br\/2022\/2024\/11\/20\/barretos-celebra-semana-da-consciencia-negra-com-programacao-na-casa-afro\/#primaryimage","url":"https:\/\/regiaonews.net.br\/2022\/wp-content\/uploads\/2024\/11\/download-1-1.jpeg","contentUrl":"https:\/\/regiaonews.net.br\/2022\/wp-content\/uploads\/2024\/11\/download-1-1.jpeg","width":225,"height":225},{"@type":"BreadcrumbList","@id":"https:\/\/regiaonews.net.br\/2022\/2024\/11\/20\/barretos-celebra-semana-da-consciencia-negra-com-programacao-na-casa-afro\/#breadcrumb","itemListElement":[{"@type":"ListItem","position":1,"name":"In\u00edcio","item":"https:\/\/regiaonews.net.br\/2022\/"},{"@type":"ListItem","position":2,"name":"Barretos celebra Semana da Consci\u00eancia Negra, com programa\u00e7\u00e3o na Casa Afro\u00a0"}]},{"@type":"WebSite","@id":"https:\/\/regiaonews.net.br\/2022\/#website","url":"https:\/\/regiaonews.net.br\/2022\/","name":"Regi\u00e3o News","description":"Site de Not\u00edcias de Barretos e regi\u00e3o","publisher":{"@id":"https:\/\/regiaonews.net.br\/2022\/#organization"},"potentialAction":[{"@type":"SearchAction","target":{"@type":"EntryPoint","urlTemplate":"https:\/\/regiaonews.net.br\/2022\/?s={search_term_string}"},"query-input":{"@type":"PropertyValueSpecification","valueRequired":true,"valueName":"search_term_string"}}],"inLanguage":"pt-BR"},{"@type":"Organization","@id":"https:\/\/regiaonews.net.br\/2022\/#organization","name":"Regi\u00e3o News","url":"https:\/\/regiaonews.net.br\/2022\/","logo":{"@type":"ImageObject","inLanguage":"pt-BR","@id":"https:\/\/regiaonews.net.br\/2022\/#\/schema\/logo\/image\/","url":"https:\/\/regiaonews.net.br\/2022\/wp-content\/uploads\/2026\/03\/regiao-13-anos-scaled.jpg","contentUrl":"https:\/\/regiaonews.net.br\/2022\/wp-content\/uploads\/2026\/03\/regiao-13-anos-scaled.jpg","width":2560,"height":635,"caption":"Regi\u00e3o News"},"image":{"@id":"https:\/\/regiaonews.net.br\/2022\/#\/schema\/logo\/image\/"}},{"@type":"Person","@id":"https:\/\/regiaonews.net.br\/2022\/#\/schema\/person\/2d205a608a5aa97ac279d7a5e6d89ad8","name":"Roberto","image":{"@type":"ImageObject","inLanguage":"pt-BR","@id":"https:\/\/secure.gravatar.com\/avatar\/42749d8b712ff9d59ca93dc150494e5b55a44134482993f5baeb97e61b7ecc89?s=96&d=mm&r=g","url":"https:\/\/secure.gravatar.com\/avatar\/42749d8b712ff9d59ca93dc150494e5b55a44134482993f5baeb97e61b7ecc89?s=96&d=mm&r=g","contentUrl":"https:\/\/secure.gravatar.com\/avatar\/42749d8b712ff9d59ca93dc150494e5b55a44134482993f5baeb97e61b7ecc89?s=96&d=mm&r=g","caption":"Roberto"},"url":"https:\/\/regiaonews.net.br\/2022\/author\/roberto\/"}]}},"publishpress_future_action":{"enabled":false,"date":"2026-05-02 05:07:39","action":"change-status","newStatus":"draft","terms":[],"taxonomy":"category","extraData":[]},"publishpress_future_workflow_manual_trigger":{"enabledWorkflows":[]},"_links":{"self":[{"href":"https:\/\/regiaonews.net.br\/2022\/wp-json\/wp\/v2\/posts\/112219","targetHints":{"allow":["GET"]}}],"collection":[{"href":"https:\/\/regiaonews.net.br\/2022\/wp-json\/wp\/v2\/posts"}],"about":[{"href":"https:\/\/regiaonews.net.br\/2022\/wp-json\/wp\/v2\/types\/post"}],"author":[{"embeddable":true,"href":"https:\/\/regiaonews.net.br\/2022\/wp-json\/wp\/v2\/users\/2"}],"replies":[{"embeddable":true,"href":"https:\/\/regiaonews.net.br\/2022\/wp-json\/wp\/v2\/comments?post=112219"}],"version-history":[{"count":1,"href":"https:\/\/regiaonews.net.br\/2022\/wp-json\/wp\/v2\/posts\/112219\/revisions"}],"predecessor-version":[{"id":112220,"href":"https:\/\/regiaonews.net.br\/2022\/wp-json\/wp\/v2\/posts\/112219\/revisions\/112220"}],"wp:featuredmedia":[{"embeddable":true,"href":"https:\/\/regiaonews.net.br\/2022\/wp-json\/wp\/v2\/media\/112221"}],"wp:attachment":[{"href":"https:\/\/regiaonews.net.br\/2022\/wp-json\/wp\/v2\/media?parent=112219"}],"wp:term":[{"taxonomy":"category","embeddable":true,"href":"https:\/\/regiaonews.net.br\/2022\/wp-json\/wp\/v2\/categories?post=112219"},{"taxonomy":"post_tag","embeddable":true,"href":"https:\/\/regiaonews.net.br\/2022\/wp-json\/wp\/v2\/tags?post=112219"}],"curies":[{"name":"wp","href":"https:\/\/api.w.org\/{rel}","templated":true}]}}