{"id":112195,"date":"2024-11-19T19:33:45","date_gmt":"2024-11-19T22:33:45","guid":{"rendered":"https:\/\/regiaonews.net.br\/2022\/?p=112195"},"modified":"2024-11-19T19:33:45","modified_gmt":"2024-11-19T22:33:45","slug":"nova-delegada-assume-ddm-de-guaira-e-fortalece-combate-a-violencia-contra-a-mulher","status":"publish","type":"post","link":"https:\/\/regiaonews.net.br\/2022\/2024\/11\/19\/nova-delegada-assume-ddm-de-guaira-e-fortalece-combate-a-violencia-contra-a-mulher\/","title":{"rendered":"Nova Delegada assume DDM de Gua\u00edra e fortalece combate \u00e0 viol\u00eancia contra a mulher"},"content":{"rendered":"<p>&nbsp;<\/p>\n<p>A Pol\u00edcia Civil do Estado de S\u00e3o Paulo anuncia a chegada da Delegada Ra\u00edssa Ferreira Borges \u00e0 Delegacia de Defesa da Mulher (DDM) de Gua\u00edra. A Delegada, que acaba de concluir sua forma\u00e7\u00e3o na Academia de Pol\u00edcia de S\u00e3o Paulo (ACADEPOL), assumiu suas fun\u00e7\u00f5es nesta segunda-feira (18\/11\/2024), marcando um momento hist\u00f3rico para o munic\u00edpio, que n\u00e3o contava com uma Delegada mulher titular efetiva desde 2009.<\/p>\n<p>Natural de Itumbiara\/GO, a Dra. Ra\u00edssa possui forma\u00e7\u00e3o em Direito e tr\u00eas p\u00f3s-gradua\u00e7\u00f5es: Seguran\u00e7a P\u00fablica e Atividade Policial, Direito P\u00fablico, e Direitos Humanos e Seguran\u00e7a P\u00fablica. Sua experi\u00eancia profissional inclui atua\u00e7\u00f5es como Assessora de Promotor de Justi\u00e7a e Professora Universit\u00e1ria, bagagem que contribuir\u00e1 significativamente para o atendimento \u00e0s v\u00edtimas de viol\u00eancia dom\u00e9stica.<\/p>\n<p>A DDM de Gua\u00edra, conforme estabelecido em decreto estadual, \u00e9 respons\u00e1vel pela investiga\u00e7\u00e3o de crimes como viol\u00eancia dom\u00e9stica e familiar contra a mulher, feminic\u00eddio, estupro, importuna\u00e7\u00e3o sexual, amea\u00e7a no \u00e2mbito dom\u00e9stico, les\u00e3o corporal e demais crimes contra a dignidade sexual, quando a v\u00edtima for mulher.<\/p>\n<p>O munic\u00edpio de Gua\u00edra recebeu recentemente o refor\u00e7o de um novo investigador e um escriv\u00e3o para fortalecer o trabalho da Pol\u00edcia Civil na regi\u00e3o. Com a chegada da Dra. Ra\u00edssa, a cidade passa a contar com tr\u00eas Delegados de Pol\u00edcia: o Dr. Evandro Abrao Nacle, que permanece como titular da Delegacia do Munic\u00edpio, e o Dr. Rafael Faria Domingos, titular da Delegacia de Investiga\u00e7\u00f5es Gerais (DIG) de Barretos, que segue acumulando a titularidade do 1\u00b0 Distrito Policial de Gua\u00edra.<\/p>\n","protected":false},"excerpt":{"rendered":"<p>&nbsp; A Pol\u00edcia Civil do Estado de S\u00e3o Paulo anuncia<\/p>\n","protected":false},"author":2,"featured_media":112196,"comment_status":"open","ping_status":"open","sticky":false,"template":"","format":"standard","meta":{"footnotes":""},"categories":[8,23],"tags":[],"class_list":["post-112195","post","type-post","status-publish","format-standard","has-post-thumbnail","hentry","category-guaira","category-policia"],"yoast_head":"<!-- This site is optimized with the Yoast SEO plugin v27.4 - https:\/\/yoast.com\/product\/yoast-seo-wordpress\/ -->\n<title>Nova Delegada assume DDM de Gua\u00edra e fortalece combate \u00e0 viol\u00eancia contra a mulher - Regi\u00e3o News<\/title>\n<meta name=\"robots\" content=\"index, follow, max-snippet:-1, max-image-preview:large, max-video-preview:-1\" \/>\n<link rel=\"canonical\" href=\"https:\/\/regiaonews.net.br\/2022\/2024\/11\/19\/nova-delegada-assume-ddm-de-guaira-e-fortalece-combate-a-violencia-contra-a-mulher\/\" \/>\n<meta property=\"og:locale\" content=\"pt_BR\" \/>\n<meta property=\"og:type\" content=\"article\" \/>\n<meta property=\"og:title\" content=\"Nova Delegada assume DDM de Gua\u00edra e fortalece combate \u00e0 viol\u00eancia contra a mulher - Regi\u00e3o News\" \/>\n<meta property=\"og:description\" content=\"&nbsp; A Pol\u00edcia Civil do Estado de S\u00e3o Paulo anuncia\" \/>\n<meta property=\"og:url\" content=\"https:\/\/regiaonews.net.br\/2022\/2024\/11\/19\/nova-delegada-assume-ddm-de-guaira-e-fortalece-combate-a-violencia-contra-a-mulher\/\" \/>\n<meta property=\"og:site_name\" content=\"Regi\u00e3o News\" \/>\n<meta property=\"article:published_time\" content=\"2024-11-19T22:33:45+00:00\" \/>\n<meta property=\"og:image\" content=\"https:\/\/regiaonews.net.br\/2022\/wp-content\/uploads\/2024\/11\/WhatsApp-Image-2024-11-19-at-17.49.46.jpeg\" \/>\n\t<meta property=\"og:image:width\" content=\"1236\" \/>\n\t<meta property=\"og:image:height\" content=\"1600\" \/>\n\t<meta property=\"og:image:type\" content=\"image\/jpeg\" \/>\n<meta name=\"author\" content=\"Roberto\" \/>\n<meta name=\"twitter:card\" content=\"summary_large_image\" \/>\n<meta name=\"twitter:label1\" content=\"Escrito por\" \/>\n\t<meta name=\"twitter:data1\" content=\"Roberto\" \/>\n\t<meta name=\"twitter:label2\" content=\"Est. tempo de leitura\" \/>\n\t<meta name=\"twitter:data2\" content=\"2 minutos\" \/>\n<script type=\"application\/ld+json\" class=\"yoast-schema-graph\">{\"@context\":\"https:\\\/\\\/schema.org\",\"@graph\":[{\"@type\":\"Article\",\"@id\":\"https:\\\/\\\/regiaonews.net.br\\\/2022\\\/2024\\\/11\\\/19\\\/nova-delegada-assume-ddm-de-guaira-e-fortalece-combate-a-violencia-contra-a-mulher\\\/#article\",\"isPartOf\":{\"@id\":\"https:\\\/\\\/regiaonews.net.br\\\/2022\\\/2024\\\/11\\\/19\\\/nova-delegada-assume-ddm-de-guaira-e-fortalece-combate-a-violencia-contra-a-mulher\\\/\"},\"author\":{\"name\":\"Roberto\",\"@id\":\"https:\\\/\\\/regiaonews.net.br\\\/2022\\\/#\\\/schema\\\/person\\\/2d205a608a5aa97ac279d7a5e6d89ad8\"},\"headline\":\"Nova Delegada assume DDM de Gua\u00edra e fortalece combate \u00e0 viol\u00eancia contra a mulher\",\"datePublished\":\"2024-11-19T22:33:45+00:00\",\"mainEntityOfPage\":{\"@id\":\"https:\\\/\\\/regiaonews.net.br\\\/2022\\\/2024\\\/11\\\/19\\\/nova-delegada-assume-ddm-de-guaira-e-fortalece-combate-a-violencia-contra-a-mulher\\\/\"},\"wordCount\":304,\"commentCount\":0,\"publisher\":{\"@id\":\"https:\\\/\\\/regiaonews.net.br\\\/2022\\\/#organization\"},\"image\":{\"@id\":\"https:\\\/\\\/regiaonews.net.br\\\/2022\\\/2024\\\/11\\\/19\\\/nova-delegada-assume-ddm-de-guaira-e-fortalece-combate-a-violencia-contra-a-mulher\\\/#primaryimage\"},\"thumbnailUrl\":\"https:\\\/\\\/regiaonews.net.br\\\/2022\\\/wp-content\\\/uploads\\\/2024\\\/11\\\/WhatsApp-Image-2024-11-19-at-17.49.46.jpeg\",\"articleSection\":[\"Gua\u00edra\",\"Policia\"],\"inLanguage\":\"pt-BR\",\"potentialAction\":[{\"@type\":\"CommentAction\",\"name\":\"Comment\",\"target\":[\"https:\\\/\\\/regiaonews.net.br\\\/2022\\\/2024\\\/11\\\/19\\\/nova-delegada-assume-ddm-de-guaira-e-fortalece-combate-a-violencia-contra-a-mulher\\\/#respond\"]}]},{\"@type\":\"WebPage\",\"@id\":\"https:\\\/\\\/regiaonews.net.br\\\/2022\\\/2024\\\/11\\\/19\\\/nova-delegada-assume-ddm-de-guaira-e-fortalece-combate-a-violencia-contra-a-mulher\\\/\",\"url\":\"https:\\\/\\\/regiaonews.net.br\\\/2022\\\/2024\\\/11\\\/19\\\/nova-delegada-assume-ddm-de-guaira-e-fortalece-combate-a-violencia-contra-a-mulher\\\/\",\"name\":\"Nova Delegada assume DDM de Gua\u00edra e fortalece combate \u00e0 viol\u00eancia contra a mulher - Regi\u00e3o News\",\"isPartOf\":{\"@id\":\"https:\\\/\\\/regiaonews.net.br\\\/2022\\\/#website\"},\"primaryImageOfPage\":{\"@id\":\"https:\\\/\\\/regiaonews.net.br\\\/2022\\\/2024\\\/11\\\/19\\\/nova-delegada-assume-ddm-de-guaira-e-fortalece-combate-a-violencia-contra-a-mulher\\\/#primaryimage\"},\"image\":{\"@id\":\"https:\\\/\\\/regiaonews.net.br\\\/2022\\\/2024\\\/11\\\/19\\\/nova-delegada-assume-ddm-de-guaira-e-fortalece-combate-a-violencia-contra-a-mulher\\\/#primaryimage\"},\"thumbnailUrl\":\"https:\\\/\\\/regiaonews.net.br\\\/2022\\\/wp-content\\\/uploads\\\/2024\\\/11\\\/WhatsApp-Image-2024-11-19-at-17.49.46.jpeg\",\"datePublished\":\"2024-11-19T22:33:45+00:00\",\"breadcrumb\":{\"@id\":\"https:\\\/\\\/regiaonews.net.br\\\/2022\\\/2024\\\/11\\\/19\\\/nova-delegada-assume-ddm-de-guaira-e-fortalece-combate-a-violencia-contra-a-mulher\\\/#breadcrumb\"},\"inLanguage\":\"pt-BR\",\"potentialAction\":[{\"@type\":\"ReadAction\",\"target\":[\"https:\\\/\\\/regiaonews.net.br\\\/2022\\\/2024\\\/11\\\/19\\\/nova-delegada-assume-ddm-de-guaira-e-fortalece-combate-a-violencia-contra-a-mulher\\\/\"]}]},{\"@type\":\"ImageObject\",\"inLanguage\":\"pt-BR\",\"@id\":\"https:\\\/\\\/regiaonews.net.br\\\/2022\\\/2024\\\/11\\\/19\\\/nova-delegada-assume-ddm-de-guaira-e-fortalece-combate-a-violencia-contra-a-mulher\\\/#primaryimage\",\"url\":\"https:\\\/\\\/regiaonews.net.br\\\/2022\\\/wp-content\\\/uploads\\\/2024\\\/11\\\/WhatsApp-Image-2024-11-19-at-17.49.46.jpeg\",\"contentUrl\":\"https:\\\/\\\/regiaonews.net.br\\\/2022\\\/wp-content\\\/uploads\\\/2024\\\/11\\\/WhatsApp-Image-2024-11-19-at-17.49.46.jpeg\",\"width\":1236,\"height\":1600},{\"@type\":\"BreadcrumbList\",\"@id\":\"https:\\\/\\\/regiaonews.net.br\\\/2022\\\/2024\\\/11\\\/19\\\/nova-delegada-assume-ddm-de-guaira-e-fortalece-combate-a-violencia-contra-a-mulher\\\/#breadcrumb\",\"itemListElement\":[{\"@type\":\"ListItem\",\"position\":1,\"name\":\"In\u00edcio\",\"item\":\"https:\\\/\\\/regiaonews.net.br\\\/2022\\\/\"},{\"@type\":\"ListItem\",\"position\":2,\"name\":\"Nova Delegada assume DDM de Gua\u00edra e fortalece combate \u00e0 viol\u00eancia contra a mulher\"}]},{\"@type\":\"WebSite\",\"@id\":\"https:\\\/\\\/regiaonews.net.br\\\/2022\\\/#website\",\"url\":\"https:\\\/\\\/regiaonews.net.br\\\/2022\\\/\",\"name\":\"Regi\u00e3o News\",\"description\":\"Site de Not\u00edcias de Barretos e regi\u00e3o\",\"publisher\":{\"@id\":\"https:\\\/\\\/regiaonews.net.br\\\/2022\\\/#organization\"},\"potentialAction\":[{\"@type\":\"SearchAction\",\"target\":{\"@type\":\"EntryPoint\",\"urlTemplate\":\"https:\\\/\\\/regiaonews.net.br\\\/2022\\\/?s={search_term_string}\"},\"query-input\":{\"@type\":\"PropertyValueSpecification\",\"valueRequired\":true,\"valueName\":\"search_term_string\"}}],\"inLanguage\":\"pt-BR\"},{\"@type\":\"Organization\",\"@id\":\"https:\\\/\\\/regiaonews.net.br\\\/2022\\\/#organization\",\"name\":\"Regi\u00e3o News\",\"url\":\"https:\\\/\\\/regiaonews.net.br\\\/2022\\\/\",\"logo\":{\"@type\":\"ImageObject\",\"inLanguage\":\"pt-BR\",\"@id\":\"https:\\\/\\\/regiaonews.net.br\\\/2022\\\/#\\\/schema\\\/logo\\\/image\\\/\",\"url\":\"https:\\\/\\\/regiaonews.net.br\\\/2022\\\/wp-content\\\/uploads\\\/2026\\\/03\\\/regiao-13-anos-scaled.jpg\",\"contentUrl\":\"https:\\\/\\\/regiaonews.net.br\\\/2022\\\/wp-content\\\/uploads\\\/2026\\\/03\\\/regiao-13-anos-scaled.jpg\",\"width\":2560,\"height\":635,\"caption\":\"Regi\u00e3o News\"},\"image\":{\"@id\":\"https:\\\/\\\/regiaonews.net.br\\\/2022\\\/#\\\/schema\\\/logo\\\/image\\\/\"}},{\"@type\":\"Person\",\"@id\":\"https:\\\/\\\/regiaonews.net.br\\\/2022\\\/#\\\/schema\\\/person\\\/2d205a608a5aa97ac279d7a5e6d89ad8\",\"name\":\"Roberto\",\"image\":{\"@type\":\"ImageObject\",\"inLanguage\":\"pt-BR\",\"@id\":\"https:\\\/\\\/secure.gravatar.com\\\/avatar\\\/42749d8b712ff9d59ca93dc150494e5b55a44134482993f5baeb97e61b7ecc89?s=96&d=mm&r=g\",\"url\":\"https:\\\/\\\/secure.gravatar.com\\\/avatar\\\/42749d8b712ff9d59ca93dc150494e5b55a44134482993f5baeb97e61b7ecc89?s=96&d=mm&r=g\",\"contentUrl\":\"https:\\\/\\\/secure.gravatar.com\\\/avatar\\\/42749d8b712ff9d59ca93dc150494e5b55a44134482993f5baeb97e61b7ecc89?s=96&d=mm&r=g\",\"caption\":\"Roberto\"},\"url\":\"https:\\\/\\\/regiaonews.net.br\\\/2022\\\/author\\\/roberto\\\/\"}]}<\/script>\n<!-- \/ Yoast SEO plugin. -->","yoast_head_json":{"title":"Nova Delegada assume DDM de Gua\u00edra e fortalece combate \u00e0 viol\u00eancia contra a mulher - Regi\u00e3o News","robots":{"index":"index","follow":"follow","max-snippet":"max-snippet:-1","max-image-preview":"max-image-preview:large","max-video-preview":"max-video-preview:-1"},"canonical":"https:\/\/regiaonews.net.br\/2022\/2024\/11\/19\/nova-delegada-assume-ddm-de-guaira-e-fortalece-combate-a-violencia-contra-a-mulher\/","og_locale":"pt_BR","og_type":"article","og_title":"Nova Delegada assume DDM de Gua\u00edra e fortalece combate \u00e0 viol\u00eancia contra a mulher - Regi\u00e3o News","og_description":"&nbsp; A Pol\u00edcia Civil do Estado de S\u00e3o Paulo anuncia","og_url":"https:\/\/regiaonews.net.br\/2022\/2024\/11\/19\/nova-delegada-assume-ddm-de-guaira-e-fortalece-combate-a-violencia-contra-a-mulher\/","og_site_name":"Regi\u00e3o News","article_published_time":"2024-11-19T22:33:45+00:00","og_image":[{"width":1236,"height":1600,"url":"https:\/\/regiaonews.net.br\/2022\/wp-content\/uploads\/2024\/11\/WhatsApp-Image-2024-11-19-at-17.49.46.jpeg","type":"image\/jpeg"}],"author":"Roberto","twitter_card":"summary_large_image","twitter_misc":{"Escrito por":"Roberto","Est. tempo de leitura":"2 minutos"},"schema":{"@context":"https:\/\/schema.org","@graph":[{"@type":"Article","@id":"https:\/\/regiaonews.net.br\/2022\/2024\/11\/19\/nova-delegada-assume-ddm-de-guaira-e-fortalece-combate-a-violencia-contra-a-mulher\/#article","isPartOf":{"@id":"https:\/\/regiaonews.net.br\/2022\/2024\/11\/19\/nova-delegada-assume-ddm-de-guaira-e-fortalece-combate-a-violencia-contra-a-mulher\/"},"author":{"name":"Roberto","@id":"https:\/\/regiaonews.net.br\/2022\/#\/schema\/person\/2d205a608a5aa97ac279d7a5e6d89ad8"},"headline":"Nova Delegada assume DDM de Gua\u00edra e fortalece combate \u00e0 viol\u00eancia contra a mulher","datePublished":"2024-11-19T22:33:45+00:00","mainEntityOfPage":{"@id":"https:\/\/regiaonews.net.br\/2022\/2024\/11\/19\/nova-delegada-assume-ddm-de-guaira-e-fortalece-combate-a-violencia-contra-a-mulher\/"},"wordCount":304,"commentCount":0,"publisher":{"@id":"https:\/\/regiaonews.net.br\/2022\/#organization"},"image":{"@id":"https:\/\/regiaonews.net.br\/2022\/2024\/11\/19\/nova-delegada-assume-ddm-de-guaira-e-fortalece-combate-a-violencia-contra-a-mulher\/#primaryimage"},"thumbnailUrl":"https:\/\/regiaonews.net.br\/2022\/wp-content\/uploads\/2024\/11\/WhatsApp-Image-2024-11-19-at-17.49.46.jpeg","articleSection":["Gua\u00edra","Policia"],"inLanguage":"pt-BR","potentialAction":[{"@type":"CommentAction","name":"Comment","target":["https:\/\/regiaonews.net.br\/2022\/2024\/11\/19\/nova-delegada-assume-ddm-de-guaira-e-fortalece-combate-a-violencia-contra-a-mulher\/#respond"]}]},{"@type":"WebPage","@id":"https:\/\/regiaonews.net.br\/2022\/2024\/11\/19\/nova-delegada-assume-ddm-de-guaira-e-fortalece-combate-a-violencia-contra-a-mulher\/","url":"https:\/\/regiaonews.net.br\/2022\/2024\/11\/19\/nova-delegada-assume-ddm-de-guaira-e-fortalece-combate-a-violencia-contra-a-mulher\/","name":"Nova Delegada assume DDM de Gua\u00edra e fortalece combate \u00e0 viol\u00eancia contra a mulher - Regi\u00e3o News","isPartOf":{"@id":"https:\/\/regiaonews.net.br\/2022\/#website"},"primaryImageOfPage":{"@id":"https:\/\/regiaonews.net.br\/2022\/2024\/11\/19\/nova-delegada-assume-ddm-de-guaira-e-fortalece-combate-a-violencia-contra-a-mulher\/#primaryimage"},"image":{"@id":"https:\/\/regiaonews.net.br\/2022\/2024\/11\/19\/nova-delegada-assume-ddm-de-guaira-e-fortalece-combate-a-violencia-contra-a-mulher\/#primaryimage"},"thumbnailUrl":"https:\/\/regiaonews.net.br\/2022\/wp-content\/uploads\/2024\/11\/WhatsApp-Image-2024-11-19-at-17.49.46.jpeg","datePublished":"2024-11-19T22:33:45+00:00","breadcrumb":{"@id":"https:\/\/regiaonews.net.br\/2022\/2024\/11\/19\/nova-delegada-assume-ddm-de-guaira-e-fortalece-combate-a-violencia-contra-a-mulher\/#breadcrumb"},"inLanguage":"pt-BR","potentialAction":[{"@type":"ReadAction","target":["https:\/\/regiaonews.net.br\/2022\/2024\/11\/19\/nova-delegada-assume-ddm-de-guaira-e-fortalece-combate-a-violencia-contra-a-mulher\/"]}]},{"@type":"ImageObject","inLanguage":"pt-BR","@id":"https:\/\/regiaonews.net.br\/2022\/2024\/11\/19\/nova-delegada-assume-ddm-de-guaira-e-fortalece-combate-a-violencia-contra-a-mulher\/#primaryimage","url":"https:\/\/regiaonews.net.br\/2022\/wp-content\/uploads\/2024\/11\/WhatsApp-Image-2024-11-19-at-17.49.46.jpeg","contentUrl":"https:\/\/regiaonews.net.br\/2022\/wp-content\/uploads\/2024\/11\/WhatsApp-Image-2024-11-19-at-17.49.46.jpeg","width":1236,"height":1600},{"@type":"BreadcrumbList","@id":"https:\/\/regiaonews.net.br\/2022\/2024\/11\/19\/nova-delegada-assume-ddm-de-guaira-e-fortalece-combate-a-violencia-contra-a-mulher\/#breadcrumb","itemListElement":[{"@type":"ListItem","position":1,"name":"In\u00edcio","item":"https:\/\/regiaonews.net.br\/2022\/"},{"@type":"ListItem","position":2,"name":"Nova Delegada assume DDM de Gua\u00edra e fortalece combate \u00e0 viol\u00eancia contra a mulher"}]},{"@type":"WebSite","@id":"https:\/\/regiaonews.net.br\/2022\/#website","url":"https:\/\/regiaonews.net.br\/2022\/","name":"Regi\u00e3o News","description":"Site de Not\u00edcias de Barretos e regi\u00e3o","publisher":{"@id":"https:\/\/regiaonews.net.br\/2022\/#organization"},"potentialAction":[{"@type":"SearchAction","target":{"@type":"EntryPoint","urlTemplate":"https:\/\/regiaonews.net.br\/2022\/?s={search_term_string}"},"query-input":{"@type":"PropertyValueSpecification","valueRequired":true,"valueName":"search_term_string"}}],"inLanguage":"pt-BR"},{"@type":"Organization","@id":"https:\/\/regiaonews.net.br\/2022\/#organization","name":"Regi\u00e3o News","url":"https:\/\/regiaonews.net.br\/2022\/","logo":{"@type":"ImageObject","inLanguage":"pt-BR","@id":"https:\/\/regiaonews.net.br\/2022\/#\/schema\/logo\/image\/","url":"https:\/\/regiaonews.net.br\/2022\/wp-content\/uploads\/2026\/03\/regiao-13-anos-scaled.jpg","contentUrl":"https:\/\/regiaonews.net.br\/2022\/wp-content\/uploads\/2026\/03\/regiao-13-anos-scaled.jpg","width":2560,"height":635,"caption":"Regi\u00e3o News"},"image":{"@id":"https:\/\/regiaonews.net.br\/2022\/#\/schema\/logo\/image\/"}},{"@type":"Person","@id":"https:\/\/regiaonews.net.br\/2022\/#\/schema\/person\/2d205a608a5aa97ac279d7a5e6d89ad8","name":"Roberto","image":{"@type":"ImageObject","inLanguage":"pt-BR","@id":"https:\/\/secure.gravatar.com\/avatar\/42749d8b712ff9d59ca93dc150494e5b55a44134482993f5baeb97e61b7ecc89?s=96&d=mm&r=g","url":"https:\/\/secure.gravatar.com\/avatar\/42749d8b712ff9d59ca93dc150494e5b55a44134482993f5baeb97e61b7ecc89?s=96&d=mm&r=g","contentUrl":"https:\/\/secure.gravatar.com\/avatar\/42749d8b712ff9d59ca93dc150494e5b55a44134482993f5baeb97e61b7ecc89?s=96&d=mm&r=g","caption":"Roberto"},"url":"https:\/\/regiaonews.net.br\/2022\/author\/roberto\/"}]}},"publishpress_future_action":{"enabled":false,"date":"2026-05-02 05:21:00","action":"change-status","newStatus":"draft","terms":[],"taxonomy":"category","extraData":[]},"publishpress_future_workflow_manual_trigger":{"enabledWorkflows":[]},"_links":{"self":[{"href":"https:\/\/regiaonews.net.br\/2022\/wp-json\/wp\/v2\/posts\/112195","targetHints":{"allow":["GET"]}}],"collection":[{"href":"https:\/\/regiaonews.net.br\/2022\/wp-json\/wp\/v2\/posts"}],"about":[{"href":"https:\/\/regiaonews.net.br\/2022\/wp-json\/wp\/v2\/types\/post"}],"author":[{"embeddable":true,"href":"https:\/\/regiaonews.net.br\/2022\/wp-json\/wp\/v2\/users\/2"}],"replies":[{"embeddable":true,"href":"https:\/\/regiaonews.net.br\/2022\/wp-json\/wp\/v2\/comments?post=112195"}],"version-history":[{"count":1,"href":"https:\/\/regiaonews.net.br\/2022\/wp-json\/wp\/v2\/posts\/112195\/revisions"}],"predecessor-version":[{"id":112197,"href":"https:\/\/regiaonews.net.br\/2022\/wp-json\/wp\/v2\/posts\/112195\/revisions\/112197"}],"wp:featuredmedia":[{"embeddable":true,"href":"https:\/\/regiaonews.net.br\/2022\/wp-json\/wp\/v2\/media\/112196"}],"wp:attachment":[{"href":"https:\/\/regiaonews.net.br\/2022\/wp-json\/wp\/v2\/media?parent=112195"}],"wp:term":[{"taxonomy":"category","embeddable":true,"href":"https:\/\/regiaonews.net.br\/2022\/wp-json\/wp\/v2\/categories?post=112195"},{"taxonomy":"post_tag","embeddable":true,"href":"https:\/\/regiaonews.net.br\/2022\/wp-json\/wp\/v2\/tags?post=112195"}],"curies":[{"name":"wp","href":"https:\/\/api.w.org\/{rel}","templated":true}]}}