{"id":112154,"date":"2024-11-18T21:05:17","date_gmt":"2024-11-19T00:05:17","guid":{"rendered":"https:\/\/regiaonews.net.br\/2022\/?p=112154"},"modified":"2024-11-18T21:05:17","modified_gmt":"2024-11-19T00:05:17","slug":"diretoria-do-bec-apresenta-tecnico-vilson-tadei-para-serie-a4","status":"publish","type":"post","link":"https:\/\/regiaonews.net.br\/2022\/2024\/11\/18\/diretoria-do-bec-apresenta-tecnico-vilson-tadei-para-serie-a4\/","title":{"rendered":"Diretoria do BEC apresenta t\u00e9cnico Vilson Tadei para S\u00e9rie A4"},"content":{"rendered":"<p>Diretoria do BEC com a comiss\u00e3o t\u00e9cnica durante apresenta\u00e7\u00e3o na ACIB<br \/>\nFoto \u2013 J\u00e2nio Munhoz<\/p>\n<p>A diretoria do Barretos Esporte Clube, representada pelo coordenador das categorias de base, Silvando Souza, o vice-presidente Marcelo Rios Wtizel e o tesoureiro Lucas Andrade fizeram na manh\u00e3 desta segunda (18), a apresenta\u00e7\u00e3o do treinador Vilson Tadei e do seu filho, o auxiliar t\u00e9cnico, Maycon Tadei. Na oportunidade, o dirigente Silvando Souza e o vice-presidente Marcelo Witzel falaram em nome da diretoria do BEC, destacando o projeto para manter o clube em atividade, al\u00e9m do apoio que ir\u00e3o receber da pr\u00f3xima gest\u00e3o do prefeito Odair Silva, a necessidade de busca de patroc\u00ednios e tamb\u00e9m da escolha do nome do experiente treinador, que \u00e9 \u00eddolo da torcida barretense como jogador e treinador com v\u00e1rias passagens, entre elas, em 2016 quando a equipe quase conquistou o acesso a S\u00e9rie A1. \u201cContratamos um treinador de nome na cidade e no futebol brasileiro, e mesmo estando em cima da hora, n\u00e3o tivemos muito tempo para fazer um trabalho diferenciado. O trabalho \u00e9 a longo prazo, se der para subir tudo bem e quem sabe estruturar a equipe para os pr\u00f3ximos anos at\u00e9 chegar na S\u00e9rie A2 e outras divis\u00f5es\u201d, afirmou Silvando.<br \/>\nO treinador Vilson Tadei, ao ser anunciado, disse que a motiva\u00e7\u00e3o \u00e9 sempre muito grande em assumir o Barretos Esporte Clube. \u201cSempre existiu um elo de amizade entre eu e o Barretos desde jogador na gest\u00e3o do Jo\u00e3o Paulo. Neste per\u00edodo agora de dois e tr\u00eas dias que meu nome foi anunciado, recebi muitas liga\u00e7\u00f5es de amigos de Barretos. Fico feliz e lisonjeado, mas aumenta a responsabilidade. A esperan\u00e7a \u00e9 que n\u00f3s possamos fazer um grande trabalho junto com a torcida do Barretos que \u00e9 presente, e pensar em fazer alguma coisa boa daqui para frente\u201d, afirmou Tadei.<br \/>\nO treinador afirmou que pretende iniciar os trabalhos em dezembro, provavelmente no dia 8, destacando que ir\u00e1 buscar jogadores que ser\u00e3o melhores para n\u00f3s e para o Barretos. \u201cEu gosto de dar os meus pitacos para os jogadores evolu\u00edrem e vamos fazer as contrata\u00e7\u00f5es a car\u00e1cter. E todos os jogadores que j\u00e1 atuaram aqui, sempre se apaixonam pela cidade, como \u00e9 o meu caso\u201d, destacou Tadei.<br \/>\nO auxiliar Maycon Tadei, que h\u00e1 14 anos atua ao lado do pai no futebol, disse chega ao clube com muito trabalho. \u201cEstamos um pouco atrasados, mas confiamos no nosso trabalho, na diretoria que est\u00e1 se formando, confio na torcida do Barretos, ent\u00e3o a gente espera fazer um grande trabalho como em anos anteriores\u201d, disse Maycon. O auxiliar elogiou o trabalho da base do clube, e disse que a inten\u00e7\u00e3o \u00e9 observar esses atletas para levar para equipe profissional.<\/p>\n","protected":false},"excerpt":{"rendered":"<p>Diretoria do BEC com a comiss\u00e3o t\u00e9cnica durante apresenta\u00e7\u00e3o na<\/p>\n","protected":false},"author":2,"featured_media":112155,"comment_status":"open","ping_status":"open","sticky":false,"template":"","format":"standard","meta":{"footnotes":""},"categories":[14,183,21],"tags":[],"class_list":["post-112154","post","type-post","status-publish","format-standard","has-post-thumbnail","hentry","category-barretos","category-campeonato-paulista","category-esporte"],"yoast_head":"<!-- This site is optimized with the Yoast SEO plugin v27.4 - https:\/\/yoast.com\/product\/yoast-seo-wordpress\/ -->\n<title>Diretoria do BEC apresenta t\u00e9cnico Vilson Tadei para S\u00e9rie A4 - Regi\u00e3o News<\/title>\n<meta name=\"robots\" content=\"index, follow, max-snippet:-1, max-image-preview:large, max-video-preview:-1\" \/>\n<link rel=\"canonical\" href=\"https:\/\/regiaonews.net.br\/2022\/2024\/11\/18\/diretoria-do-bec-apresenta-tecnico-vilson-tadei-para-serie-a4\/\" \/>\n<meta property=\"og:locale\" content=\"pt_BR\" \/>\n<meta property=\"og:type\" content=\"article\" \/>\n<meta property=\"og:title\" content=\"Diretoria do BEC apresenta t\u00e9cnico Vilson Tadei para S\u00e9rie A4 - Regi\u00e3o News\" \/>\n<meta property=\"og:description\" content=\"Diretoria do BEC com a comiss\u00e3o t\u00e9cnica durante apresenta\u00e7\u00e3o na\" \/>\n<meta property=\"og:url\" content=\"https:\/\/regiaonews.net.br\/2022\/2024\/11\/18\/diretoria-do-bec-apresenta-tecnico-vilson-tadei-para-serie-a4\/\" \/>\n<meta property=\"og:site_name\" content=\"Regi\u00e3o News\" \/>\n<meta property=\"article:published_time\" content=\"2024-11-19T00:05:17+00:00\" \/>\n<meta property=\"og:image\" content=\"https:\/\/regiaonews.net.br\/2022\/wp-content\/uploads\/2024\/11\/IMG-20241118-WA0290.jpg\" \/>\n\t<meta property=\"og:image:width\" content=\"1600\" \/>\n\t<meta property=\"og:image:height\" content=\"1067\" \/>\n\t<meta property=\"og:image:type\" content=\"image\/jpeg\" \/>\n<meta name=\"author\" content=\"Roberto\" \/>\n<meta name=\"twitter:card\" content=\"summary_large_image\" \/>\n<meta name=\"twitter:label1\" content=\"Escrito por\" \/>\n\t<meta name=\"twitter:data1\" content=\"Roberto\" \/>\n\t<meta name=\"twitter:label2\" content=\"Est. tempo de leitura\" \/>\n\t<meta name=\"twitter:data2\" content=\"3 minutos\" \/>\n<script type=\"application\/ld+json\" class=\"yoast-schema-graph\">{\"@context\":\"https:\\\/\\\/schema.org\",\"@graph\":[{\"@type\":\"Article\",\"@id\":\"https:\\\/\\\/regiaonews.net.br\\\/2022\\\/2024\\\/11\\\/18\\\/diretoria-do-bec-apresenta-tecnico-vilson-tadei-para-serie-a4\\\/#article\",\"isPartOf\":{\"@id\":\"https:\\\/\\\/regiaonews.net.br\\\/2022\\\/2024\\\/11\\\/18\\\/diretoria-do-bec-apresenta-tecnico-vilson-tadei-para-serie-a4\\\/\"},\"author\":{\"name\":\"Roberto\",\"@id\":\"https:\\\/\\\/regiaonews.net.br\\\/2022\\\/#\\\/schema\\\/person\\\/2d205a608a5aa97ac279d7a5e6d89ad8\"},\"headline\":\"Diretoria do BEC apresenta t\u00e9cnico Vilson Tadei para S\u00e9rie A4\",\"datePublished\":\"2024-11-19T00:05:17+00:00\",\"mainEntityOfPage\":{\"@id\":\"https:\\\/\\\/regiaonews.net.br\\\/2022\\\/2024\\\/11\\\/18\\\/diretoria-do-bec-apresenta-tecnico-vilson-tadei-para-serie-a4\\\/\"},\"wordCount\":478,\"commentCount\":0,\"publisher\":{\"@id\":\"https:\\\/\\\/regiaonews.net.br\\\/2022\\\/#organization\"},\"image\":{\"@id\":\"https:\\\/\\\/regiaonews.net.br\\\/2022\\\/2024\\\/11\\\/18\\\/diretoria-do-bec-apresenta-tecnico-vilson-tadei-para-serie-a4\\\/#primaryimage\"},\"thumbnailUrl\":\"https:\\\/\\\/regiaonews.net.br\\\/2022\\\/wp-content\\\/uploads\\\/2024\\\/11\\\/IMG-20241118-WA0290.jpg\",\"articleSection\":[\"Barretos\",\"Campeonato Paulista\",\"Esporte\"],\"inLanguage\":\"pt-BR\",\"potentialAction\":[{\"@type\":\"CommentAction\",\"name\":\"Comment\",\"target\":[\"https:\\\/\\\/regiaonews.net.br\\\/2022\\\/2024\\\/11\\\/18\\\/diretoria-do-bec-apresenta-tecnico-vilson-tadei-para-serie-a4\\\/#respond\"]}]},{\"@type\":\"WebPage\",\"@id\":\"https:\\\/\\\/regiaonews.net.br\\\/2022\\\/2024\\\/11\\\/18\\\/diretoria-do-bec-apresenta-tecnico-vilson-tadei-para-serie-a4\\\/\",\"url\":\"https:\\\/\\\/regiaonews.net.br\\\/2022\\\/2024\\\/11\\\/18\\\/diretoria-do-bec-apresenta-tecnico-vilson-tadei-para-serie-a4\\\/\",\"name\":\"Diretoria do BEC apresenta t\u00e9cnico Vilson Tadei para S\u00e9rie A4 - Regi\u00e3o News\",\"isPartOf\":{\"@id\":\"https:\\\/\\\/regiaonews.net.br\\\/2022\\\/#website\"},\"primaryImageOfPage\":{\"@id\":\"https:\\\/\\\/regiaonews.net.br\\\/2022\\\/2024\\\/11\\\/18\\\/diretoria-do-bec-apresenta-tecnico-vilson-tadei-para-serie-a4\\\/#primaryimage\"},\"image\":{\"@id\":\"https:\\\/\\\/regiaonews.net.br\\\/2022\\\/2024\\\/11\\\/18\\\/diretoria-do-bec-apresenta-tecnico-vilson-tadei-para-serie-a4\\\/#primaryimage\"},\"thumbnailUrl\":\"https:\\\/\\\/regiaonews.net.br\\\/2022\\\/wp-content\\\/uploads\\\/2024\\\/11\\\/IMG-20241118-WA0290.jpg\",\"datePublished\":\"2024-11-19T00:05:17+00:00\",\"breadcrumb\":{\"@id\":\"https:\\\/\\\/regiaonews.net.br\\\/2022\\\/2024\\\/11\\\/18\\\/diretoria-do-bec-apresenta-tecnico-vilson-tadei-para-serie-a4\\\/#breadcrumb\"},\"inLanguage\":\"pt-BR\",\"potentialAction\":[{\"@type\":\"ReadAction\",\"target\":[\"https:\\\/\\\/regiaonews.net.br\\\/2022\\\/2024\\\/11\\\/18\\\/diretoria-do-bec-apresenta-tecnico-vilson-tadei-para-serie-a4\\\/\"]}]},{\"@type\":\"ImageObject\",\"inLanguage\":\"pt-BR\",\"@id\":\"https:\\\/\\\/regiaonews.net.br\\\/2022\\\/2024\\\/11\\\/18\\\/diretoria-do-bec-apresenta-tecnico-vilson-tadei-para-serie-a4\\\/#primaryimage\",\"url\":\"https:\\\/\\\/regiaonews.net.br\\\/2022\\\/wp-content\\\/uploads\\\/2024\\\/11\\\/IMG-20241118-WA0290.jpg\",\"contentUrl\":\"https:\\\/\\\/regiaonews.net.br\\\/2022\\\/wp-content\\\/uploads\\\/2024\\\/11\\\/IMG-20241118-WA0290.jpg\",\"width\":1600,\"height\":1067},{\"@type\":\"BreadcrumbList\",\"@id\":\"https:\\\/\\\/regiaonews.net.br\\\/2022\\\/2024\\\/11\\\/18\\\/diretoria-do-bec-apresenta-tecnico-vilson-tadei-para-serie-a4\\\/#breadcrumb\",\"itemListElement\":[{\"@type\":\"ListItem\",\"position\":1,\"name\":\"In\u00edcio\",\"item\":\"https:\\\/\\\/regiaonews.net.br\\\/2022\\\/\"},{\"@type\":\"ListItem\",\"position\":2,\"name\":\"Diretoria do BEC apresenta t\u00e9cnico Vilson Tadei para S\u00e9rie A4\"}]},{\"@type\":\"WebSite\",\"@id\":\"https:\\\/\\\/regiaonews.net.br\\\/2022\\\/#website\",\"url\":\"https:\\\/\\\/regiaonews.net.br\\\/2022\\\/\",\"name\":\"Regi\u00e3o News\",\"description\":\"Site de Not\u00edcias de Barretos e regi\u00e3o\",\"publisher\":{\"@id\":\"https:\\\/\\\/regiaonews.net.br\\\/2022\\\/#organization\"},\"potentialAction\":[{\"@type\":\"SearchAction\",\"target\":{\"@type\":\"EntryPoint\",\"urlTemplate\":\"https:\\\/\\\/regiaonews.net.br\\\/2022\\\/?s={search_term_string}\"},\"query-input\":{\"@type\":\"PropertyValueSpecification\",\"valueRequired\":true,\"valueName\":\"search_term_string\"}}],\"inLanguage\":\"pt-BR\"},{\"@type\":\"Organization\",\"@id\":\"https:\\\/\\\/regiaonews.net.br\\\/2022\\\/#organization\",\"name\":\"Regi\u00e3o News\",\"url\":\"https:\\\/\\\/regiaonews.net.br\\\/2022\\\/\",\"logo\":{\"@type\":\"ImageObject\",\"inLanguage\":\"pt-BR\",\"@id\":\"https:\\\/\\\/regiaonews.net.br\\\/2022\\\/#\\\/schema\\\/logo\\\/image\\\/\",\"url\":\"https:\\\/\\\/regiaonews.net.br\\\/2022\\\/wp-content\\\/uploads\\\/2026\\\/03\\\/regiao-13-anos-scaled.jpg\",\"contentUrl\":\"https:\\\/\\\/regiaonews.net.br\\\/2022\\\/wp-content\\\/uploads\\\/2026\\\/03\\\/regiao-13-anos-scaled.jpg\",\"width\":2560,\"height\":635,\"caption\":\"Regi\u00e3o News\"},\"image\":{\"@id\":\"https:\\\/\\\/regiaonews.net.br\\\/2022\\\/#\\\/schema\\\/logo\\\/image\\\/\"}},{\"@type\":\"Person\",\"@id\":\"https:\\\/\\\/regiaonews.net.br\\\/2022\\\/#\\\/schema\\\/person\\\/2d205a608a5aa97ac279d7a5e6d89ad8\",\"name\":\"Roberto\",\"image\":{\"@type\":\"ImageObject\",\"inLanguage\":\"pt-BR\",\"@id\":\"https:\\\/\\\/secure.gravatar.com\\\/avatar\\\/42749d8b712ff9d59ca93dc150494e5b55a44134482993f5baeb97e61b7ecc89?s=96&d=mm&r=g\",\"url\":\"https:\\\/\\\/secure.gravatar.com\\\/avatar\\\/42749d8b712ff9d59ca93dc150494e5b55a44134482993f5baeb97e61b7ecc89?s=96&d=mm&r=g\",\"contentUrl\":\"https:\\\/\\\/secure.gravatar.com\\\/avatar\\\/42749d8b712ff9d59ca93dc150494e5b55a44134482993f5baeb97e61b7ecc89?s=96&d=mm&r=g\",\"caption\":\"Roberto\"},\"url\":\"https:\\\/\\\/regiaonews.net.br\\\/2022\\\/author\\\/roberto\\\/\"}]}<\/script>\n<!-- \/ Yoast SEO plugin. -->","yoast_head_json":{"title":"Diretoria do BEC apresenta t\u00e9cnico Vilson Tadei para S\u00e9rie A4 - Regi\u00e3o News","robots":{"index":"index","follow":"follow","max-snippet":"max-snippet:-1","max-image-preview":"max-image-preview:large","max-video-preview":"max-video-preview:-1"},"canonical":"https:\/\/regiaonews.net.br\/2022\/2024\/11\/18\/diretoria-do-bec-apresenta-tecnico-vilson-tadei-para-serie-a4\/","og_locale":"pt_BR","og_type":"article","og_title":"Diretoria do BEC apresenta t\u00e9cnico Vilson Tadei para S\u00e9rie A4 - Regi\u00e3o News","og_description":"Diretoria do BEC com a comiss\u00e3o t\u00e9cnica durante apresenta\u00e7\u00e3o na","og_url":"https:\/\/regiaonews.net.br\/2022\/2024\/11\/18\/diretoria-do-bec-apresenta-tecnico-vilson-tadei-para-serie-a4\/","og_site_name":"Regi\u00e3o News","article_published_time":"2024-11-19T00:05:17+00:00","og_image":[{"width":1600,"height":1067,"url":"https:\/\/regiaonews.net.br\/2022\/wp-content\/uploads\/2024\/11\/IMG-20241118-WA0290.jpg","type":"image\/jpeg"}],"author":"Roberto","twitter_card":"summary_large_image","twitter_misc":{"Escrito por":"Roberto","Est. tempo de leitura":"3 minutos"},"schema":{"@context":"https:\/\/schema.org","@graph":[{"@type":"Article","@id":"https:\/\/regiaonews.net.br\/2022\/2024\/11\/18\/diretoria-do-bec-apresenta-tecnico-vilson-tadei-para-serie-a4\/#article","isPartOf":{"@id":"https:\/\/regiaonews.net.br\/2022\/2024\/11\/18\/diretoria-do-bec-apresenta-tecnico-vilson-tadei-para-serie-a4\/"},"author":{"name":"Roberto","@id":"https:\/\/regiaonews.net.br\/2022\/#\/schema\/person\/2d205a608a5aa97ac279d7a5e6d89ad8"},"headline":"Diretoria do BEC apresenta t\u00e9cnico Vilson Tadei para S\u00e9rie A4","datePublished":"2024-11-19T00:05:17+00:00","mainEntityOfPage":{"@id":"https:\/\/regiaonews.net.br\/2022\/2024\/11\/18\/diretoria-do-bec-apresenta-tecnico-vilson-tadei-para-serie-a4\/"},"wordCount":478,"commentCount":0,"publisher":{"@id":"https:\/\/regiaonews.net.br\/2022\/#organization"},"image":{"@id":"https:\/\/regiaonews.net.br\/2022\/2024\/11\/18\/diretoria-do-bec-apresenta-tecnico-vilson-tadei-para-serie-a4\/#primaryimage"},"thumbnailUrl":"https:\/\/regiaonews.net.br\/2022\/wp-content\/uploads\/2024\/11\/IMG-20241118-WA0290.jpg","articleSection":["Barretos","Campeonato Paulista","Esporte"],"inLanguage":"pt-BR","potentialAction":[{"@type":"CommentAction","name":"Comment","target":["https:\/\/regiaonews.net.br\/2022\/2024\/11\/18\/diretoria-do-bec-apresenta-tecnico-vilson-tadei-para-serie-a4\/#respond"]}]},{"@type":"WebPage","@id":"https:\/\/regiaonews.net.br\/2022\/2024\/11\/18\/diretoria-do-bec-apresenta-tecnico-vilson-tadei-para-serie-a4\/","url":"https:\/\/regiaonews.net.br\/2022\/2024\/11\/18\/diretoria-do-bec-apresenta-tecnico-vilson-tadei-para-serie-a4\/","name":"Diretoria do BEC apresenta t\u00e9cnico Vilson Tadei para S\u00e9rie A4 - Regi\u00e3o News","isPartOf":{"@id":"https:\/\/regiaonews.net.br\/2022\/#website"},"primaryImageOfPage":{"@id":"https:\/\/regiaonews.net.br\/2022\/2024\/11\/18\/diretoria-do-bec-apresenta-tecnico-vilson-tadei-para-serie-a4\/#primaryimage"},"image":{"@id":"https:\/\/regiaonews.net.br\/2022\/2024\/11\/18\/diretoria-do-bec-apresenta-tecnico-vilson-tadei-para-serie-a4\/#primaryimage"},"thumbnailUrl":"https:\/\/regiaonews.net.br\/2022\/wp-content\/uploads\/2024\/11\/IMG-20241118-WA0290.jpg","datePublished":"2024-11-19T00:05:17+00:00","breadcrumb":{"@id":"https:\/\/regiaonews.net.br\/2022\/2024\/11\/18\/diretoria-do-bec-apresenta-tecnico-vilson-tadei-para-serie-a4\/#breadcrumb"},"inLanguage":"pt-BR","potentialAction":[{"@type":"ReadAction","target":["https:\/\/regiaonews.net.br\/2022\/2024\/11\/18\/diretoria-do-bec-apresenta-tecnico-vilson-tadei-para-serie-a4\/"]}]},{"@type":"ImageObject","inLanguage":"pt-BR","@id":"https:\/\/regiaonews.net.br\/2022\/2024\/11\/18\/diretoria-do-bec-apresenta-tecnico-vilson-tadei-para-serie-a4\/#primaryimage","url":"https:\/\/regiaonews.net.br\/2022\/wp-content\/uploads\/2024\/11\/IMG-20241118-WA0290.jpg","contentUrl":"https:\/\/regiaonews.net.br\/2022\/wp-content\/uploads\/2024\/11\/IMG-20241118-WA0290.jpg","width":1600,"height":1067},{"@type":"BreadcrumbList","@id":"https:\/\/regiaonews.net.br\/2022\/2024\/11\/18\/diretoria-do-bec-apresenta-tecnico-vilson-tadei-para-serie-a4\/#breadcrumb","itemListElement":[{"@type":"ListItem","position":1,"name":"In\u00edcio","item":"https:\/\/regiaonews.net.br\/2022\/"},{"@type":"ListItem","position":2,"name":"Diretoria do BEC apresenta t\u00e9cnico Vilson Tadei para S\u00e9rie A4"}]},{"@type":"WebSite","@id":"https:\/\/regiaonews.net.br\/2022\/#website","url":"https:\/\/regiaonews.net.br\/2022\/","name":"Regi\u00e3o News","description":"Site de Not\u00edcias de Barretos e regi\u00e3o","publisher":{"@id":"https:\/\/regiaonews.net.br\/2022\/#organization"},"potentialAction":[{"@type":"SearchAction","target":{"@type":"EntryPoint","urlTemplate":"https:\/\/regiaonews.net.br\/2022\/?s={search_term_string}"},"query-input":{"@type":"PropertyValueSpecification","valueRequired":true,"valueName":"search_term_string"}}],"inLanguage":"pt-BR"},{"@type":"Organization","@id":"https:\/\/regiaonews.net.br\/2022\/#organization","name":"Regi\u00e3o News","url":"https:\/\/regiaonews.net.br\/2022\/","logo":{"@type":"ImageObject","inLanguage":"pt-BR","@id":"https:\/\/regiaonews.net.br\/2022\/#\/schema\/logo\/image\/","url":"https:\/\/regiaonews.net.br\/2022\/wp-content\/uploads\/2026\/03\/regiao-13-anos-scaled.jpg","contentUrl":"https:\/\/regiaonews.net.br\/2022\/wp-content\/uploads\/2026\/03\/regiao-13-anos-scaled.jpg","width":2560,"height":635,"caption":"Regi\u00e3o News"},"image":{"@id":"https:\/\/regiaonews.net.br\/2022\/#\/schema\/logo\/image\/"}},{"@type":"Person","@id":"https:\/\/regiaonews.net.br\/2022\/#\/schema\/person\/2d205a608a5aa97ac279d7a5e6d89ad8","name":"Roberto","image":{"@type":"ImageObject","inLanguage":"pt-BR","@id":"https:\/\/secure.gravatar.com\/avatar\/42749d8b712ff9d59ca93dc150494e5b55a44134482993f5baeb97e61b7ecc89?s=96&d=mm&r=g","url":"https:\/\/secure.gravatar.com\/avatar\/42749d8b712ff9d59ca93dc150494e5b55a44134482993f5baeb97e61b7ecc89?s=96&d=mm&r=g","contentUrl":"https:\/\/secure.gravatar.com\/avatar\/42749d8b712ff9d59ca93dc150494e5b55a44134482993f5baeb97e61b7ecc89?s=96&d=mm&r=g","caption":"Roberto"},"url":"https:\/\/regiaonews.net.br\/2022\/author\/roberto\/"}]}},"publishpress_future_action":{"enabled":false,"date":"2026-05-02 03:45:12","action":"change-status","newStatus":"draft","terms":[],"taxonomy":"category","extraData":[]},"publishpress_future_workflow_manual_trigger":{"enabledWorkflows":[]},"_links":{"self":[{"href":"https:\/\/regiaonews.net.br\/2022\/wp-json\/wp\/v2\/posts\/112154","targetHints":{"allow":["GET"]}}],"collection":[{"href":"https:\/\/regiaonews.net.br\/2022\/wp-json\/wp\/v2\/posts"}],"about":[{"href":"https:\/\/regiaonews.net.br\/2022\/wp-json\/wp\/v2\/types\/post"}],"author":[{"embeddable":true,"href":"https:\/\/regiaonews.net.br\/2022\/wp-json\/wp\/v2\/users\/2"}],"replies":[{"embeddable":true,"href":"https:\/\/regiaonews.net.br\/2022\/wp-json\/wp\/v2\/comments?post=112154"}],"version-history":[{"count":1,"href":"https:\/\/regiaonews.net.br\/2022\/wp-json\/wp\/v2\/posts\/112154\/revisions"}],"predecessor-version":[{"id":112156,"href":"https:\/\/regiaonews.net.br\/2022\/wp-json\/wp\/v2\/posts\/112154\/revisions\/112156"}],"wp:featuredmedia":[{"embeddable":true,"href":"https:\/\/regiaonews.net.br\/2022\/wp-json\/wp\/v2\/media\/112155"}],"wp:attachment":[{"href":"https:\/\/regiaonews.net.br\/2022\/wp-json\/wp\/v2\/media?parent=112154"}],"wp:term":[{"taxonomy":"category","embeddable":true,"href":"https:\/\/regiaonews.net.br\/2022\/wp-json\/wp\/v2\/categories?post=112154"},{"taxonomy":"post_tag","embeddable":true,"href":"https:\/\/regiaonews.net.br\/2022\/wp-json\/wp\/v2\/tags?post=112154"}],"curies":[{"name":"wp","href":"https:\/\/api.w.org\/{rel}","templated":true}]}}