{"id":112148,"date":"2024-11-18T20:50:56","date_gmt":"2024-11-18T23:50:56","guid":{"rendered":"https:\/\/regiaonews.net.br\/2022\/?p=112148"},"modified":"2024-11-18T21:01:52","modified_gmt":"2024-11-19T00:01:52","slug":"112148","status":"publish","type":"post","link":"https:\/\/regiaonews.net.br\/2022\/2024\/11\/18\/112148\/","title":{"rendered":"Angelo Tegami renuncia ao mandato de vereador da C\u00e2mara de Barretos"},"content":{"rendered":"<p>&nbsp;<\/p>\n<p>Angelo Tegami Neto (PP) renunciou ao mandato de vereador da C\u00e2mara de Barretos na tarde desta segunda-feira (18).<br \/>\nTegami protocolou of\u00edcio ao Legislativo dizendo que deixou o cargo de forma antecipada &#8211;\u00a0 a 43 dias para o fim do mandato, que se encerraria em 31 de dezembro, por motivos particulares.<br \/>\nO documento foi lido durante a Sess\u00e3o Ordin\u00e1ria desta segunda-feira (18) e o ent\u00e3o suplente, Rodrigo Ribeiro (REPUBLICANOS) j\u00e1 participa dos trabalhos como vereador titular.<br \/>\nRodrigo Ribeiro j\u00e1 havia tomado posse como vereador na\u00a0Sess\u00e3o Ordin\u00e1ria do dia 07 de mar\u00e7o de 2022, quando\u00a0 substituiu Angelo Tegami por alguns\u00a0 minutos. Na ocasi\u00e3o, Tegami era autor de \u201cpedido de cassa\u00e7\u00e3o\u201d contra a Prefeita e, por regra, n\u00e3o poderia participar da vota\u00e7\u00e3o para acolher, ou n\u00e3o, o pedido.<\/p>\n<p>ENTENDA<br \/>\nEm cumprimento ao\u00a0Art 112 do Regimento Interno da C\u00e2mara, o mandato do vereador se extingue quando ele apresenta ren\u00fancia por escrito.<br \/>\nOcorrido e comprovado o ato,\u00a0 o Presidente da C\u00e2mara, na primeira sess\u00e3o, comunica o Plen\u00e1rio, faz constar o pedido de ren\u00fancia em ata\u00a0 e declara a extin\u00e7\u00e3o do mandato , sendo o respectivo suplente convocado imediatamente.<br \/>\nComo a ren\u00fancia foi protocolada antes da Sess\u00e3o, o suplente Rodrigo Ribeiro (que disputou as elei\u00e7\u00f5es em 2020 no PV &#8211; Partido Verde) precisou ser convocado imediatamente.<br \/>\nDe acordo com as regras eleitorais, a\u00a0 supl\u00eancia sempre deve seguir o resultado final da \u00faltima elei\u00e7\u00e3o, independente da mudan\u00e7a de partido dos envolvidos no decorrer da Legislatura.<br \/>\nNa pr\u00e1tica, Angelo Tegami foi eleito vereador pelo PV em 2020, sendo Rodrigo Ribeiro, tamb\u00e9m do PV, o 1\u00ba suplente diplomado pelo ju\u00edz eleitoral.<br \/>\nNo decorrer da Legislatura, os dois mudaram de partido: Tegami foi para o PP e Rodrigo Ribeiro para o REPUBLICANOS. Por\u00e9m, essas trocas n\u00e3o interferem nos cargos de vereador e de suplente.<br \/>\n<strong>HIST\u00d3RICO<\/strong><\/p>\n<p>Al\u00e9m de Angelo Tegami, outros vereadores tamb\u00e9m j\u00e1 renunciaram ao mandato de vereador da C\u00e2mara de Barretos.<\/p>\n<p><strong>Em mar\u00e7o de 2012<\/strong>, Prof. Reginaldo da Silva renunciou ao mandato para assumir a reitoria do Unifeb. O suplente Dr. Caio Monteiro de Barros (em mem\u00f3ria) assumiu a vaga,<\/p>\n<p><strong>Em mar\u00e7o de 2003<\/strong>, Alberto Barros renunciou ao mandato\u00a0por motivos de sa\u00fade, bem como por motivos de\u00a0 ordem pessoal, familiar e profissional. O suplente Luiz Carlos Anast\u00e1cio assumiu a vaga.<\/p>\n<p><strong>Entre as d\u00e9cadas de 1940 e 1970<\/strong>, outros 09 vereadores pediram ren\u00fancia: An\u00edbal da Gama Salgado (1949), Ign\u00e1cio de Lima Franco (1951),\u00a0 Jos\u00e9 Fel\u00edcio Gomes (1952), Manoel Antonio Moreira (1956), Waldemar Machione (1964), Salim Abdala Thom\u00e9 (1956 e 1967), Geremaro Manh\u00e3es (1967), Sebasti\u00e3o Freitas Pires Campos (1968), Guy Magalini (1975) .<\/p>\n<p><a href=\"https:\/\/regiaonews.net.br\/2022\/wp-content\/uploads\/2024\/11\/thumb_1731973441673bd141068c8.webp\"><img loading=\"lazy\" decoding=\"async\" class=\"alignnone size-medium wp-image-112151\" src=\"https:\/\/regiaonews.net.br\/2022\/wp-content\/uploads\/2024\/11\/thumb_1731973441673bd141068c8-300x300.webp\" alt=\"\" width=\"300\" height=\"300\" srcset=\"https:\/\/regiaonews.net.br\/2022\/wp-content\/uploads\/2024\/11\/thumb_1731973441673bd141068c8-300x300.webp 300w, https:\/\/regiaonews.net.br\/2022\/wp-content\/uploads\/2024\/11\/thumb_1731973441673bd141068c8-150x150.webp 150w, https:\/\/regiaonews.net.br\/2022\/wp-content\/uploads\/2024\/11\/thumb_1731973441673bd141068c8-250x250.webp 250w, https:\/\/regiaonews.net.br\/2022\/wp-content\/uploads\/2024\/11\/thumb_1731973441673bd141068c8.webp 450w\" sizes=\"auto, (max-width: 300px) 100vw, 300px\" \/><\/a><\/p>\n","protected":false},"excerpt":{"rendered":"<p>&nbsp; Angelo Tegami Neto (PP) renunciou ao mandato de vereador<\/p>\n","protected":false},"author":2,"featured_media":112152,"comment_status":"open","ping_status":"open","sticky":false,"template":"","format":"standard","meta":{"footnotes":""},"categories":[22],"tags":[],"class_list":["post-112148","post","type-post","status-publish","format-standard","has-post-thumbnail","hentry","category-politica"],"yoast_head":"<!-- This site is optimized with the Yoast SEO plugin v27.4 - https:\/\/yoast.com\/product\/yoast-seo-wordpress\/ -->\n<title>Angelo Tegami renuncia ao mandato de vereador da C\u00e2mara de Barretos - Regi\u00e3o News<\/title>\n<meta name=\"robots\" content=\"index, follow, max-snippet:-1, max-image-preview:large, max-video-preview:-1\" \/>\n<link rel=\"canonical\" href=\"https:\/\/regiaonews.net.br\/2022\/2024\/11\/18\/112148\/\" \/>\n<meta property=\"og:locale\" content=\"pt_BR\" \/>\n<meta property=\"og:type\" content=\"article\" \/>\n<meta property=\"og:title\" content=\"Angelo Tegami renuncia ao mandato de vereador da C\u00e2mara de Barretos - Regi\u00e3o News\" \/>\n<meta property=\"og:description\" content=\"&nbsp; Angelo Tegami Neto (PP) renunciou ao mandato de vereador\" \/>\n<meta property=\"og:url\" content=\"https:\/\/regiaonews.net.br\/2022\/2024\/11\/18\/112148\/\" \/>\n<meta property=\"og:site_name\" content=\"Regi\u00e3o News\" \/>\n<meta property=\"article:published_time\" content=\"2024-11-18T23:50:56+00:00\" \/>\n<meta property=\"article:modified_time\" content=\"2024-11-19T00:01:52+00:00\" \/>\n<meta property=\"og:image\" content=\"https:\/\/regiaonews.net.br\/2022\/wp-content\/uploads\/2024\/11\/1731970607673bc62f949c7.webp\" \/>\n\t<meta property=\"og:image:width\" content=\"1200\" \/>\n\t<meta property=\"og:image:height\" content=\"795\" \/>\n\t<meta property=\"og:image:type\" content=\"image\/webp\" \/>\n<meta name=\"author\" content=\"Roberto\" \/>\n<meta name=\"twitter:card\" content=\"summary_large_image\" \/>\n<meta name=\"twitter:label1\" content=\"Escrito por\" \/>\n\t<meta name=\"twitter:data1\" content=\"Roberto\" \/>\n\t<meta name=\"twitter:label2\" content=\"Est. tempo de leitura\" \/>\n\t<meta name=\"twitter:data2\" content=\"3 minutos\" \/>\n<script type=\"application\/ld+json\" class=\"yoast-schema-graph\">{\"@context\":\"https:\\\/\\\/schema.org\",\"@graph\":[{\"@type\":\"Article\",\"@id\":\"https:\\\/\\\/regiaonews.net.br\\\/2022\\\/2024\\\/11\\\/18\\\/112148\\\/#article\",\"isPartOf\":{\"@id\":\"https:\\\/\\\/regiaonews.net.br\\\/2022\\\/2024\\\/11\\\/18\\\/112148\\\/\"},\"author\":{\"name\":\"Roberto\",\"@id\":\"https:\\\/\\\/regiaonews.net.br\\\/2022\\\/#\\\/schema\\\/person\\\/2d205a608a5aa97ac279d7a5e6d89ad8\"},\"headline\":\"Angelo Tegami renuncia ao mandato de vereador da C\u00e2mara de Barretos\",\"datePublished\":\"2024-11-18T23:50:56+00:00\",\"dateModified\":\"2024-11-19T00:01:52+00:00\",\"mainEntityOfPage\":{\"@id\":\"https:\\\/\\\/regiaonews.net.br\\\/2022\\\/2024\\\/11\\\/18\\\/112148\\\/\"},\"wordCount\":458,\"commentCount\":0,\"publisher\":{\"@id\":\"https:\\\/\\\/regiaonews.net.br\\\/2022\\\/#organization\"},\"image\":{\"@id\":\"https:\\\/\\\/regiaonews.net.br\\\/2022\\\/2024\\\/11\\\/18\\\/112148\\\/#primaryimage\"},\"thumbnailUrl\":\"https:\\\/\\\/regiaonews.net.br\\\/2022\\\/wp-content\\\/uploads\\\/2024\\\/11\\\/1731970607673bc62f949c7.webp\",\"articleSection\":[\"Pol\u00edtica\"],\"inLanguage\":\"pt-BR\",\"potentialAction\":[{\"@type\":\"CommentAction\",\"name\":\"Comment\",\"target\":[\"https:\\\/\\\/regiaonews.net.br\\\/2022\\\/2024\\\/11\\\/18\\\/112148\\\/#respond\"]}]},{\"@type\":\"WebPage\",\"@id\":\"https:\\\/\\\/regiaonews.net.br\\\/2022\\\/2024\\\/11\\\/18\\\/112148\\\/\",\"url\":\"https:\\\/\\\/regiaonews.net.br\\\/2022\\\/2024\\\/11\\\/18\\\/112148\\\/\",\"name\":\"Angelo Tegami renuncia ao mandato de vereador da C\u00e2mara de Barretos - Regi\u00e3o News\",\"isPartOf\":{\"@id\":\"https:\\\/\\\/regiaonews.net.br\\\/2022\\\/#website\"},\"primaryImageOfPage\":{\"@id\":\"https:\\\/\\\/regiaonews.net.br\\\/2022\\\/2024\\\/11\\\/18\\\/112148\\\/#primaryimage\"},\"image\":{\"@id\":\"https:\\\/\\\/regiaonews.net.br\\\/2022\\\/2024\\\/11\\\/18\\\/112148\\\/#primaryimage\"},\"thumbnailUrl\":\"https:\\\/\\\/regiaonews.net.br\\\/2022\\\/wp-content\\\/uploads\\\/2024\\\/11\\\/1731970607673bc62f949c7.webp\",\"datePublished\":\"2024-11-18T23:50:56+00:00\",\"dateModified\":\"2024-11-19T00:01:52+00:00\",\"breadcrumb\":{\"@id\":\"https:\\\/\\\/regiaonews.net.br\\\/2022\\\/2024\\\/11\\\/18\\\/112148\\\/#breadcrumb\"},\"inLanguage\":\"pt-BR\",\"potentialAction\":[{\"@type\":\"ReadAction\",\"target\":[\"https:\\\/\\\/regiaonews.net.br\\\/2022\\\/2024\\\/11\\\/18\\\/112148\\\/\"]}]},{\"@type\":\"ImageObject\",\"inLanguage\":\"pt-BR\",\"@id\":\"https:\\\/\\\/regiaonews.net.br\\\/2022\\\/2024\\\/11\\\/18\\\/112148\\\/#primaryimage\",\"url\":\"https:\\\/\\\/regiaonews.net.br\\\/2022\\\/wp-content\\\/uploads\\\/2024\\\/11\\\/1731970607673bc62f949c7.webp\",\"contentUrl\":\"https:\\\/\\\/regiaonews.net.br\\\/2022\\\/wp-content\\\/uploads\\\/2024\\\/11\\\/1731970607673bc62f949c7.webp\",\"width\":1200,\"height\":795},{\"@type\":\"BreadcrumbList\",\"@id\":\"https:\\\/\\\/regiaonews.net.br\\\/2022\\\/2024\\\/11\\\/18\\\/112148\\\/#breadcrumb\",\"itemListElement\":[{\"@type\":\"ListItem\",\"position\":1,\"name\":\"In\u00edcio\",\"item\":\"https:\\\/\\\/regiaonews.net.br\\\/2022\\\/\"},{\"@type\":\"ListItem\",\"position\":2,\"name\":\"Angelo Tegami renuncia ao mandato de vereador da C\u00e2mara de Barretos\"}]},{\"@type\":\"WebSite\",\"@id\":\"https:\\\/\\\/regiaonews.net.br\\\/2022\\\/#website\",\"url\":\"https:\\\/\\\/regiaonews.net.br\\\/2022\\\/\",\"name\":\"Regi\u00e3o News\",\"description\":\"Site de Not\u00edcias de Barretos e regi\u00e3o\",\"publisher\":{\"@id\":\"https:\\\/\\\/regiaonews.net.br\\\/2022\\\/#organization\"},\"potentialAction\":[{\"@type\":\"SearchAction\",\"target\":{\"@type\":\"EntryPoint\",\"urlTemplate\":\"https:\\\/\\\/regiaonews.net.br\\\/2022\\\/?s={search_term_string}\"},\"query-input\":{\"@type\":\"PropertyValueSpecification\",\"valueRequired\":true,\"valueName\":\"search_term_string\"}}],\"inLanguage\":\"pt-BR\"},{\"@type\":\"Organization\",\"@id\":\"https:\\\/\\\/regiaonews.net.br\\\/2022\\\/#organization\",\"name\":\"Regi\u00e3o News\",\"url\":\"https:\\\/\\\/regiaonews.net.br\\\/2022\\\/\",\"logo\":{\"@type\":\"ImageObject\",\"inLanguage\":\"pt-BR\",\"@id\":\"https:\\\/\\\/regiaonews.net.br\\\/2022\\\/#\\\/schema\\\/logo\\\/image\\\/\",\"url\":\"https:\\\/\\\/regiaonews.net.br\\\/2022\\\/wp-content\\\/uploads\\\/2026\\\/03\\\/regiao-13-anos-scaled.jpg\",\"contentUrl\":\"https:\\\/\\\/regiaonews.net.br\\\/2022\\\/wp-content\\\/uploads\\\/2026\\\/03\\\/regiao-13-anos-scaled.jpg\",\"width\":2560,\"height\":635,\"caption\":\"Regi\u00e3o News\"},\"image\":{\"@id\":\"https:\\\/\\\/regiaonews.net.br\\\/2022\\\/#\\\/schema\\\/logo\\\/image\\\/\"}},{\"@type\":\"Person\",\"@id\":\"https:\\\/\\\/regiaonews.net.br\\\/2022\\\/#\\\/schema\\\/person\\\/2d205a608a5aa97ac279d7a5e6d89ad8\",\"name\":\"Roberto\",\"image\":{\"@type\":\"ImageObject\",\"inLanguage\":\"pt-BR\",\"@id\":\"https:\\\/\\\/secure.gravatar.com\\\/avatar\\\/42749d8b712ff9d59ca93dc150494e5b55a44134482993f5baeb97e61b7ecc89?s=96&d=mm&r=g\",\"url\":\"https:\\\/\\\/secure.gravatar.com\\\/avatar\\\/42749d8b712ff9d59ca93dc150494e5b55a44134482993f5baeb97e61b7ecc89?s=96&d=mm&r=g\",\"contentUrl\":\"https:\\\/\\\/secure.gravatar.com\\\/avatar\\\/42749d8b712ff9d59ca93dc150494e5b55a44134482993f5baeb97e61b7ecc89?s=96&d=mm&r=g\",\"caption\":\"Roberto\"},\"url\":\"https:\\\/\\\/regiaonews.net.br\\\/2022\\\/author\\\/roberto\\\/\"}]}<\/script>\n<!-- \/ Yoast SEO plugin. -->","yoast_head_json":{"title":"Angelo Tegami renuncia ao mandato de vereador da C\u00e2mara de Barretos - Regi\u00e3o News","robots":{"index":"index","follow":"follow","max-snippet":"max-snippet:-1","max-image-preview":"max-image-preview:large","max-video-preview":"max-video-preview:-1"},"canonical":"https:\/\/regiaonews.net.br\/2022\/2024\/11\/18\/112148\/","og_locale":"pt_BR","og_type":"article","og_title":"Angelo Tegami renuncia ao mandato de vereador da C\u00e2mara de Barretos - Regi\u00e3o News","og_description":"&nbsp; Angelo Tegami Neto (PP) renunciou ao mandato de vereador","og_url":"https:\/\/regiaonews.net.br\/2022\/2024\/11\/18\/112148\/","og_site_name":"Regi\u00e3o News","article_published_time":"2024-11-18T23:50:56+00:00","article_modified_time":"2024-11-19T00:01:52+00:00","og_image":[{"width":1200,"height":795,"url":"https:\/\/regiaonews.net.br\/2022\/wp-content\/uploads\/2024\/11\/1731970607673bc62f949c7.webp","type":"image\/webp"}],"author":"Roberto","twitter_card":"summary_large_image","twitter_misc":{"Escrito por":"Roberto","Est. tempo de leitura":"3 minutos"},"schema":{"@context":"https:\/\/schema.org","@graph":[{"@type":"Article","@id":"https:\/\/regiaonews.net.br\/2022\/2024\/11\/18\/112148\/#article","isPartOf":{"@id":"https:\/\/regiaonews.net.br\/2022\/2024\/11\/18\/112148\/"},"author":{"name":"Roberto","@id":"https:\/\/regiaonews.net.br\/2022\/#\/schema\/person\/2d205a608a5aa97ac279d7a5e6d89ad8"},"headline":"Angelo Tegami renuncia ao mandato de vereador da C\u00e2mara de Barretos","datePublished":"2024-11-18T23:50:56+00:00","dateModified":"2024-11-19T00:01:52+00:00","mainEntityOfPage":{"@id":"https:\/\/regiaonews.net.br\/2022\/2024\/11\/18\/112148\/"},"wordCount":458,"commentCount":0,"publisher":{"@id":"https:\/\/regiaonews.net.br\/2022\/#organization"},"image":{"@id":"https:\/\/regiaonews.net.br\/2022\/2024\/11\/18\/112148\/#primaryimage"},"thumbnailUrl":"https:\/\/regiaonews.net.br\/2022\/wp-content\/uploads\/2024\/11\/1731970607673bc62f949c7.webp","articleSection":["Pol\u00edtica"],"inLanguage":"pt-BR","potentialAction":[{"@type":"CommentAction","name":"Comment","target":["https:\/\/regiaonews.net.br\/2022\/2024\/11\/18\/112148\/#respond"]}]},{"@type":"WebPage","@id":"https:\/\/regiaonews.net.br\/2022\/2024\/11\/18\/112148\/","url":"https:\/\/regiaonews.net.br\/2022\/2024\/11\/18\/112148\/","name":"Angelo Tegami renuncia ao mandato de vereador da C\u00e2mara de Barretos - Regi\u00e3o News","isPartOf":{"@id":"https:\/\/regiaonews.net.br\/2022\/#website"},"primaryImageOfPage":{"@id":"https:\/\/regiaonews.net.br\/2022\/2024\/11\/18\/112148\/#primaryimage"},"image":{"@id":"https:\/\/regiaonews.net.br\/2022\/2024\/11\/18\/112148\/#primaryimage"},"thumbnailUrl":"https:\/\/regiaonews.net.br\/2022\/wp-content\/uploads\/2024\/11\/1731970607673bc62f949c7.webp","datePublished":"2024-11-18T23:50:56+00:00","dateModified":"2024-11-19T00:01:52+00:00","breadcrumb":{"@id":"https:\/\/regiaonews.net.br\/2022\/2024\/11\/18\/112148\/#breadcrumb"},"inLanguage":"pt-BR","potentialAction":[{"@type":"ReadAction","target":["https:\/\/regiaonews.net.br\/2022\/2024\/11\/18\/112148\/"]}]},{"@type":"ImageObject","inLanguage":"pt-BR","@id":"https:\/\/regiaonews.net.br\/2022\/2024\/11\/18\/112148\/#primaryimage","url":"https:\/\/regiaonews.net.br\/2022\/wp-content\/uploads\/2024\/11\/1731970607673bc62f949c7.webp","contentUrl":"https:\/\/regiaonews.net.br\/2022\/wp-content\/uploads\/2024\/11\/1731970607673bc62f949c7.webp","width":1200,"height":795},{"@type":"BreadcrumbList","@id":"https:\/\/regiaonews.net.br\/2022\/2024\/11\/18\/112148\/#breadcrumb","itemListElement":[{"@type":"ListItem","position":1,"name":"In\u00edcio","item":"https:\/\/regiaonews.net.br\/2022\/"},{"@type":"ListItem","position":2,"name":"Angelo Tegami renuncia ao mandato de vereador da C\u00e2mara de Barretos"}]},{"@type":"WebSite","@id":"https:\/\/regiaonews.net.br\/2022\/#website","url":"https:\/\/regiaonews.net.br\/2022\/","name":"Regi\u00e3o News","description":"Site de Not\u00edcias de Barretos e regi\u00e3o","publisher":{"@id":"https:\/\/regiaonews.net.br\/2022\/#organization"},"potentialAction":[{"@type":"SearchAction","target":{"@type":"EntryPoint","urlTemplate":"https:\/\/regiaonews.net.br\/2022\/?s={search_term_string}"},"query-input":{"@type":"PropertyValueSpecification","valueRequired":true,"valueName":"search_term_string"}}],"inLanguage":"pt-BR"},{"@type":"Organization","@id":"https:\/\/regiaonews.net.br\/2022\/#organization","name":"Regi\u00e3o News","url":"https:\/\/regiaonews.net.br\/2022\/","logo":{"@type":"ImageObject","inLanguage":"pt-BR","@id":"https:\/\/regiaonews.net.br\/2022\/#\/schema\/logo\/image\/","url":"https:\/\/regiaonews.net.br\/2022\/wp-content\/uploads\/2026\/03\/regiao-13-anos-scaled.jpg","contentUrl":"https:\/\/regiaonews.net.br\/2022\/wp-content\/uploads\/2026\/03\/regiao-13-anos-scaled.jpg","width":2560,"height":635,"caption":"Regi\u00e3o News"},"image":{"@id":"https:\/\/regiaonews.net.br\/2022\/#\/schema\/logo\/image\/"}},{"@type":"Person","@id":"https:\/\/regiaonews.net.br\/2022\/#\/schema\/person\/2d205a608a5aa97ac279d7a5e6d89ad8","name":"Roberto","image":{"@type":"ImageObject","inLanguage":"pt-BR","@id":"https:\/\/secure.gravatar.com\/avatar\/42749d8b712ff9d59ca93dc150494e5b55a44134482993f5baeb97e61b7ecc89?s=96&d=mm&r=g","url":"https:\/\/secure.gravatar.com\/avatar\/42749d8b712ff9d59ca93dc150494e5b55a44134482993f5baeb97e61b7ecc89?s=96&d=mm&r=g","contentUrl":"https:\/\/secure.gravatar.com\/avatar\/42749d8b712ff9d59ca93dc150494e5b55a44134482993f5baeb97e61b7ecc89?s=96&d=mm&r=g","caption":"Roberto"},"url":"https:\/\/regiaonews.net.br\/2022\/author\/roberto\/"}]}},"publishpress_future_action":{"enabled":false,"date":"2026-05-02 06:37:36","action":"change-status","newStatus":"draft","terms":[],"taxonomy":"category","extraData":[]},"publishpress_future_workflow_manual_trigger":{"enabledWorkflows":[]},"_links":{"self":[{"href":"https:\/\/regiaonews.net.br\/2022\/wp-json\/wp\/v2\/posts\/112148","targetHints":{"allow":["GET"]}}],"collection":[{"href":"https:\/\/regiaonews.net.br\/2022\/wp-json\/wp\/v2\/posts"}],"about":[{"href":"https:\/\/regiaonews.net.br\/2022\/wp-json\/wp\/v2\/types\/post"}],"author":[{"embeddable":true,"href":"https:\/\/regiaonews.net.br\/2022\/wp-json\/wp\/v2\/users\/2"}],"replies":[{"embeddable":true,"href":"https:\/\/regiaonews.net.br\/2022\/wp-json\/wp\/v2\/comments?post=112148"}],"version-history":[{"count":3,"href":"https:\/\/regiaonews.net.br\/2022\/wp-json\/wp\/v2\/posts\/112148\/revisions"}],"predecessor-version":[{"id":112153,"href":"https:\/\/regiaonews.net.br\/2022\/wp-json\/wp\/v2\/posts\/112148\/revisions\/112153"}],"wp:featuredmedia":[{"embeddable":true,"href":"https:\/\/regiaonews.net.br\/2022\/wp-json\/wp\/v2\/media\/112152"}],"wp:attachment":[{"href":"https:\/\/regiaonews.net.br\/2022\/wp-json\/wp\/v2\/media?parent=112148"}],"wp:term":[{"taxonomy":"category","embeddable":true,"href":"https:\/\/regiaonews.net.br\/2022\/wp-json\/wp\/v2\/categories?post=112148"},{"taxonomy":"post_tag","embeddable":true,"href":"https:\/\/regiaonews.net.br\/2022\/wp-json\/wp\/v2\/tags?post=112148"}],"curies":[{"name":"wp","href":"https:\/\/api.w.org\/{rel}","templated":true}]}}