{"id":112114,"date":"2024-11-17T12:30:18","date_gmt":"2024-11-17T15:30:18","guid":{"rendered":"https:\/\/regiaonews.net.br\/2022\/?p=112114"},"modified":"2024-11-17T13:04:17","modified_gmt":"2024-11-17T16:04:17","slug":"colisao-traseira-deixa-dois-mortos-em-bebedouro","status":"publish","type":"post","link":"https:\/\/regiaonews.net.br\/2022\/2024\/11\/17\/colisao-traseira-deixa-dois-mortos-em-bebedouro\/","title":{"rendered":"Colis\u00e3o traseira deixa dois mortos em Bebedouro"},"content":{"rendered":"<p>&nbsp;<\/p>\n<p>A Pol\u00edcia Rodovi\u00e1ria registrou uma colis\u00e3o traseira no km 384 da rodovia Armando Sales de Oliveira, \u00e0s 21h45, em Bebedouro, com duas v\u00edtimas fatais. O acidente, segundo as informa\u00e7\u00f5es, envolveu um ve\u00edculo GM\/Cruze que transitava pela via no sentido Bebedouro x Pitangueiras, momento em que veio a colidir contra a traseira do ve\u00edculo VW\/Golf que transitava logo \u00e0 sua frente, vindo o ve\u00edculo GM\/Cruze a cruzar o canteiro central e chocar-se contra a defensa met\u00e1lica do sentido oposto, enquanto o ve\u00edculo VW\/Golf derivou para a direita da via, vindo a capotar sobre a \u00e1rea lindeira. Em virtude do acidente, foram registradas 2 v\u00edtimas fatais no local (passageiras do banco traseiro do ve\u00edculo VW\/Golf), sendo socorridas mais 3 v\u00edtimas graves ( 02 passageiras do banco traseiro do ve\u00edculo VW\/Golf e o condutor do ve\u00edculo GM\/Cruze) e 2 v\u00edtimas leves (condutor e passageiro do banco dianteiro do ve\u00edculo VW\/Golf) para o Hospital Regional de Bebedouro\/SP.<\/p>\n<p>O condutor do ve\u00edculo VW\/Golf recusou-se a realizar o teste do etil\u00f4metro, sendo elaborado RIASP devido encontra-se com sinais not\u00f3rios de embriaguez e Auto de Infra\u00e7\u00e3o de Tr\u00e2nsito com base no artigo 165-A do CTB. Condutor do ve\u00edculo GM\/Cruze impossibilitado de realizar o teste do etil\u00f4metro devido seu estado cl\u00ednico, onde encontrava-se entubado.<\/p>\n<p>Cientificado o Plant\u00e3o Policial de Bebedouro\/SP, onde o delegado tomou ci\u00eancia dos fatos, acionando per\u00edcia t\u00e9cnica para o local, solicitando a oitiva da equipe. Foi solicitado ainda pelo Delegado, que o condutor do ve\u00edculo VW\/Golf realizasse o exame cl\u00ednico de coleta de sangue para posterior constata\u00e7\u00e3o da embriaguez, onde foi ouvido e liberado, sendo registrado BOPC. Cabe ressaltar que o ve\u00edculo VW\/Golf encontrava-se com excesso de passageiros, o qual encontrava-se com 06 ocupantes (01 condutor e 05 passageiros), sendo posteriormente removido ao P\u00e1tio de Apreens\u00f5es do DER devido o licenciamento encontrar-se em atraso. O ve\u00edculo GM\/Cruze foi liberado, permanecendo sob responsabilidade de seus familiares.<\/p>\n<p>&nbsp;<\/p>\n","protected":false},"excerpt":{"rendered":"<p>&nbsp; A Pol\u00edcia Rodovi\u00e1ria registrou uma colis\u00e3o traseira no km<\/p>\n","protected":false},"author":2,"featured_media":112122,"comment_status":"open","ping_status":"open","sticky":false,"template":"","format":"standard","meta":{"footnotes":""},"categories":[4,23],"tags":[],"class_list":["post-112114","post","type-post","status-publish","format-standard","has-post-thumbnail","hentry","category-bebedouro","category-policia"],"yoast_head":"<!-- This site is optimized with the Yoast SEO plugin v27.4 - https:\/\/yoast.com\/product\/yoast-seo-wordpress\/ -->\n<title>Colis\u00e3o traseira deixa dois mortos em Bebedouro - Regi\u00e3o News<\/title>\n<meta name=\"robots\" content=\"index, follow, max-snippet:-1, max-image-preview:large, max-video-preview:-1\" \/>\n<link rel=\"canonical\" href=\"https:\/\/regiaonews.net.br\/2022\/2024\/11\/17\/colisao-traseira-deixa-dois-mortos-em-bebedouro\/\" \/>\n<meta property=\"og:locale\" content=\"pt_BR\" \/>\n<meta property=\"og:type\" content=\"article\" \/>\n<meta property=\"og:title\" content=\"Colis\u00e3o traseira deixa dois mortos em Bebedouro - Regi\u00e3o News\" \/>\n<meta property=\"og:description\" content=\"&nbsp; A Pol\u00edcia Rodovi\u00e1ria registrou uma colis\u00e3o traseira no km\" \/>\n<meta property=\"og:url\" content=\"https:\/\/regiaonews.net.br\/2022\/2024\/11\/17\/colisao-traseira-deixa-dois-mortos-em-bebedouro\/\" \/>\n<meta property=\"og:site_name\" content=\"Regi\u00e3o News\" \/>\n<meta property=\"article:published_time\" content=\"2024-11-17T15:30:18+00:00\" \/>\n<meta property=\"article:modified_time\" content=\"2024-11-17T16:04:17+00:00\" \/>\n<meta property=\"og:image\" content=\"https:\/\/regiaonews.net.br\/2022\/wp-content\/uploads\/2024\/11\/IMG-20241117-WA0154.jpg\" \/>\n\t<meta property=\"og:image:width\" content=\"1055\" \/>\n\t<meta property=\"og:image:height\" content=\"792\" \/>\n\t<meta property=\"og:image:type\" content=\"image\/jpeg\" \/>\n<meta name=\"author\" content=\"Roberto\" \/>\n<meta name=\"twitter:card\" content=\"summary_large_image\" \/>\n<meta name=\"twitter:label1\" content=\"Escrito por\" \/>\n\t<meta name=\"twitter:data1\" content=\"Roberto\" \/>\n\t<meta name=\"twitter:label2\" content=\"Est. tempo de leitura\" \/>\n\t<meta name=\"twitter:data2\" content=\"2 minutos\" \/>\n<script type=\"application\/ld+json\" class=\"yoast-schema-graph\">{\"@context\":\"https:\\\/\\\/schema.org\",\"@graph\":[{\"@type\":\"Article\",\"@id\":\"https:\\\/\\\/regiaonews.net.br\\\/2022\\\/2024\\\/11\\\/17\\\/colisao-traseira-deixa-dois-mortos-em-bebedouro\\\/#article\",\"isPartOf\":{\"@id\":\"https:\\\/\\\/regiaonews.net.br\\\/2022\\\/2024\\\/11\\\/17\\\/colisao-traseira-deixa-dois-mortos-em-bebedouro\\\/\"},\"author\":{\"name\":\"Roberto\",\"@id\":\"https:\\\/\\\/regiaonews.net.br\\\/2022\\\/#\\\/schema\\\/person\\\/2d205a608a5aa97ac279d7a5e6d89ad8\"},\"headline\":\"Colis\u00e3o traseira deixa dois mortos em Bebedouro\",\"datePublished\":\"2024-11-17T15:30:18+00:00\",\"dateModified\":\"2024-11-17T16:04:17+00:00\",\"mainEntityOfPage\":{\"@id\":\"https:\\\/\\\/regiaonews.net.br\\\/2022\\\/2024\\\/11\\\/17\\\/colisao-traseira-deixa-dois-mortos-em-bebedouro\\\/\"},\"wordCount\":361,\"commentCount\":0,\"publisher\":{\"@id\":\"https:\\\/\\\/regiaonews.net.br\\\/2022\\\/#organization\"},\"image\":{\"@id\":\"https:\\\/\\\/regiaonews.net.br\\\/2022\\\/2024\\\/11\\\/17\\\/colisao-traseira-deixa-dois-mortos-em-bebedouro\\\/#primaryimage\"},\"thumbnailUrl\":\"https:\\\/\\\/regiaonews.net.br\\\/2022\\\/wp-content\\\/uploads\\\/2024\\\/11\\\/IMG-20241117-WA0154.jpg\",\"articleSection\":[\"Bebedouro\",\"Policia\"],\"inLanguage\":\"pt-BR\",\"potentialAction\":[{\"@type\":\"CommentAction\",\"name\":\"Comment\",\"target\":[\"https:\\\/\\\/regiaonews.net.br\\\/2022\\\/2024\\\/11\\\/17\\\/colisao-traseira-deixa-dois-mortos-em-bebedouro\\\/#respond\"]}]},{\"@type\":\"WebPage\",\"@id\":\"https:\\\/\\\/regiaonews.net.br\\\/2022\\\/2024\\\/11\\\/17\\\/colisao-traseira-deixa-dois-mortos-em-bebedouro\\\/\",\"url\":\"https:\\\/\\\/regiaonews.net.br\\\/2022\\\/2024\\\/11\\\/17\\\/colisao-traseira-deixa-dois-mortos-em-bebedouro\\\/\",\"name\":\"Colis\u00e3o traseira deixa dois mortos em Bebedouro - Regi\u00e3o News\",\"isPartOf\":{\"@id\":\"https:\\\/\\\/regiaonews.net.br\\\/2022\\\/#website\"},\"primaryImageOfPage\":{\"@id\":\"https:\\\/\\\/regiaonews.net.br\\\/2022\\\/2024\\\/11\\\/17\\\/colisao-traseira-deixa-dois-mortos-em-bebedouro\\\/#primaryimage\"},\"image\":{\"@id\":\"https:\\\/\\\/regiaonews.net.br\\\/2022\\\/2024\\\/11\\\/17\\\/colisao-traseira-deixa-dois-mortos-em-bebedouro\\\/#primaryimage\"},\"thumbnailUrl\":\"https:\\\/\\\/regiaonews.net.br\\\/2022\\\/wp-content\\\/uploads\\\/2024\\\/11\\\/IMG-20241117-WA0154.jpg\",\"datePublished\":\"2024-11-17T15:30:18+00:00\",\"dateModified\":\"2024-11-17T16:04:17+00:00\",\"breadcrumb\":{\"@id\":\"https:\\\/\\\/regiaonews.net.br\\\/2022\\\/2024\\\/11\\\/17\\\/colisao-traseira-deixa-dois-mortos-em-bebedouro\\\/#breadcrumb\"},\"inLanguage\":\"pt-BR\",\"potentialAction\":[{\"@type\":\"ReadAction\",\"target\":[\"https:\\\/\\\/regiaonews.net.br\\\/2022\\\/2024\\\/11\\\/17\\\/colisao-traseira-deixa-dois-mortos-em-bebedouro\\\/\"]}]},{\"@type\":\"ImageObject\",\"inLanguage\":\"pt-BR\",\"@id\":\"https:\\\/\\\/regiaonews.net.br\\\/2022\\\/2024\\\/11\\\/17\\\/colisao-traseira-deixa-dois-mortos-em-bebedouro\\\/#primaryimage\",\"url\":\"https:\\\/\\\/regiaonews.net.br\\\/2022\\\/wp-content\\\/uploads\\\/2024\\\/11\\\/IMG-20241117-WA0154.jpg\",\"contentUrl\":\"https:\\\/\\\/regiaonews.net.br\\\/2022\\\/wp-content\\\/uploads\\\/2024\\\/11\\\/IMG-20241117-WA0154.jpg\",\"width\":1055,\"height\":792},{\"@type\":\"BreadcrumbList\",\"@id\":\"https:\\\/\\\/regiaonews.net.br\\\/2022\\\/2024\\\/11\\\/17\\\/colisao-traseira-deixa-dois-mortos-em-bebedouro\\\/#breadcrumb\",\"itemListElement\":[{\"@type\":\"ListItem\",\"position\":1,\"name\":\"In\u00edcio\",\"item\":\"https:\\\/\\\/regiaonews.net.br\\\/2022\\\/\"},{\"@type\":\"ListItem\",\"position\":2,\"name\":\"Colis\u00e3o traseira deixa dois mortos em Bebedouro\"}]},{\"@type\":\"WebSite\",\"@id\":\"https:\\\/\\\/regiaonews.net.br\\\/2022\\\/#website\",\"url\":\"https:\\\/\\\/regiaonews.net.br\\\/2022\\\/\",\"name\":\"Regi\u00e3o News\",\"description\":\"Site de Not\u00edcias de Barretos e regi\u00e3o\",\"publisher\":{\"@id\":\"https:\\\/\\\/regiaonews.net.br\\\/2022\\\/#organization\"},\"potentialAction\":[{\"@type\":\"SearchAction\",\"target\":{\"@type\":\"EntryPoint\",\"urlTemplate\":\"https:\\\/\\\/regiaonews.net.br\\\/2022\\\/?s={search_term_string}\"},\"query-input\":{\"@type\":\"PropertyValueSpecification\",\"valueRequired\":true,\"valueName\":\"search_term_string\"}}],\"inLanguage\":\"pt-BR\"},{\"@type\":\"Organization\",\"@id\":\"https:\\\/\\\/regiaonews.net.br\\\/2022\\\/#organization\",\"name\":\"Regi\u00e3o News\",\"url\":\"https:\\\/\\\/regiaonews.net.br\\\/2022\\\/\",\"logo\":{\"@type\":\"ImageObject\",\"inLanguage\":\"pt-BR\",\"@id\":\"https:\\\/\\\/regiaonews.net.br\\\/2022\\\/#\\\/schema\\\/logo\\\/image\\\/\",\"url\":\"https:\\\/\\\/regiaonews.net.br\\\/2022\\\/wp-content\\\/uploads\\\/2026\\\/03\\\/regiao-13-anos-scaled.jpg\",\"contentUrl\":\"https:\\\/\\\/regiaonews.net.br\\\/2022\\\/wp-content\\\/uploads\\\/2026\\\/03\\\/regiao-13-anos-scaled.jpg\",\"width\":2560,\"height\":635,\"caption\":\"Regi\u00e3o News\"},\"image\":{\"@id\":\"https:\\\/\\\/regiaonews.net.br\\\/2022\\\/#\\\/schema\\\/logo\\\/image\\\/\"}},{\"@type\":\"Person\",\"@id\":\"https:\\\/\\\/regiaonews.net.br\\\/2022\\\/#\\\/schema\\\/person\\\/2d205a608a5aa97ac279d7a5e6d89ad8\",\"name\":\"Roberto\",\"image\":{\"@type\":\"ImageObject\",\"inLanguage\":\"pt-BR\",\"@id\":\"https:\\\/\\\/secure.gravatar.com\\\/avatar\\\/42749d8b712ff9d59ca93dc150494e5b55a44134482993f5baeb97e61b7ecc89?s=96&d=mm&r=g\",\"url\":\"https:\\\/\\\/secure.gravatar.com\\\/avatar\\\/42749d8b712ff9d59ca93dc150494e5b55a44134482993f5baeb97e61b7ecc89?s=96&d=mm&r=g\",\"contentUrl\":\"https:\\\/\\\/secure.gravatar.com\\\/avatar\\\/42749d8b712ff9d59ca93dc150494e5b55a44134482993f5baeb97e61b7ecc89?s=96&d=mm&r=g\",\"caption\":\"Roberto\"},\"url\":\"https:\\\/\\\/regiaonews.net.br\\\/2022\\\/author\\\/roberto\\\/\"}]}<\/script>\n<!-- \/ Yoast SEO plugin. -->","yoast_head_json":{"title":"Colis\u00e3o traseira deixa dois mortos em Bebedouro - Regi\u00e3o News","robots":{"index":"index","follow":"follow","max-snippet":"max-snippet:-1","max-image-preview":"max-image-preview:large","max-video-preview":"max-video-preview:-1"},"canonical":"https:\/\/regiaonews.net.br\/2022\/2024\/11\/17\/colisao-traseira-deixa-dois-mortos-em-bebedouro\/","og_locale":"pt_BR","og_type":"article","og_title":"Colis\u00e3o traseira deixa dois mortos em Bebedouro - Regi\u00e3o News","og_description":"&nbsp; A Pol\u00edcia Rodovi\u00e1ria registrou uma colis\u00e3o traseira no km","og_url":"https:\/\/regiaonews.net.br\/2022\/2024\/11\/17\/colisao-traseira-deixa-dois-mortos-em-bebedouro\/","og_site_name":"Regi\u00e3o News","article_published_time":"2024-11-17T15:30:18+00:00","article_modified_time":"2024-11-17T16:04:17+00:00","og_image":[{"width":1055,"height":792,"url":"https:\/\/regiaonews.net.br\/2022\/wp-content\/uploads\/2024\/11\/IMG-20241117-WA0154.jpg","type":"image\/jpeg"}],"author":"Roberto","twitter_card":"summary_large_image","twitter_misc":{"Escrito por":"Roberto","Est. tempo de leitura":"2 minutos"},"schema":{"@context":"https:\/\/schema.org","@graph":[{"@type":"Article","@id":"https:\/\/regiaonews.net.br\/2022\/2024\/11\/17\/colisao-traseira-deixa-dois-mortos-em-bebedouro\/#article","isPartOf":{"@id":"https:\/\/regiaonews.net.br\/2022\/2024\/11\/17\/colisao-traseira-deixa-dois-mortos-em-bebedouro\/"},"author":{"name":"Roberto","@id":"https:\/\/regiaonews.net.br\/2022\/#\/schema\/person\/2d205a608a5aa97ac279d7a5e6d89ad8"},"headline":"Colis\u00e3o traseira deixa dois mortos em Bebedouro","datePublished":"2024-11-17T15:30:18+00:00","dateModified":"2024-11-17T16:04:17+00:00","mainEntityOfPage":{"@id":"https:\/\/regiaonews.net.br\/2022\/2024\/11\/17\/colisao-traseira-deixa-dois-mortos-em-bebedouro\/"},"wordCount":361,"commentCount":0,"publisher":{"@id":"https:\/\/regiaonews.net.br\/2022\/#organization"},"image":{"@id":"https:\/\/regiaonews.net.br\/2022\/2024\/11\/17\/colisao-traseira-deixa-dois-mortos-em-bebedouro\/#primaryimage"},"thumbnailUrl":"https:\/\/regiaonews.net.br\/2022\/wp-content\/uploads\/2024\/11\/IMG-20241117-WA0154.jpg","articleSection":["Bebedouro","Policia"],"inLanguage":"pt-BR","potentialAction":[{"@type":"CommentAction","name":"Comment","target":["https:\/\/regiaonews.net.br\/2022\/2024\/11\/17\/colisao-traseira-deixa-dois-mortos-em-bebedouro\/#respond"]}]},{"@type":"WebPage","@id":"https:\/\/regiaonews.net.br\/2022\/2024\/11\/17\/colisao-traseira-deixa-dois-mortos-em-bebedouro\/","url":"https:\/\/regiaonews.net.br\/2022\/2024\/11\/17\/colisao-traseira-deixa-dois-mortos-em-bebedouro\/","name":"Colis\u00e3o traseira deixa dois mortos em Bebedouro - Regi\u00e3o News","isPartOf":{"@id":"https:\/\/regiaonews.net.br\/2022\/#website"},"primaryImageOfPage":{"@id":"https:\/\/regiaonews.net.br\/2022\/2024\/11\/17\/colisao-traseira-deixa-dois-mortos-em-bebedouro\/#primaryimage"},"image":{"@id":"https:\/\/regiaonews.net.br\/2022\/2024\/11\/17\/colisao-traseira-deixa-dois-mortos-em-bebedouro\/#primaryimage"},"thumbnailUrl":"https:\/\/regiaonews.net.br\/2022\/wp-content\/uploads\/2024\/11\/IMG-20241117-WA0154.jpg","datePublished":"2024-11-17T15:30:18+00:00","dateModified":"2024-11-17T16:04:17+00:00","breadcrumb":{"@id":"https:\/\/regiaonews.net.br\/2022\/2024\/11\/17\/colisao-traseira-deixa-dois-mortos-em-bebedouro\/#breadcrumb"},"inLanguage":"pt-BR","potentialAction":[{"@type":"ReadAction","target":["https:\/\/regiaonews.net.br\/2022\/2024\/11\/17\/colisao-traseira-deixa-dois-mortos-em-bebedouro\/"]}]},{"@type":"ImageObject","inLanguage":"pt-BR","@id":"https:\/\/regiaonews.net.br\/2022\/2024\/11\/17\/colisao-traseira-deixa-dois-mortos-em-bebedouro\/#primaryimage","url":"https:\/\/regiaonews.net.br\/2022\/wp-content\/uploads\/2024\/11\/IMG-20241117-WA0154.jpg","contentUrl":"https:\/\/regiaonews.net.br\/2022\/wp-content\/uploads\/2024\/11\/IMG-20241117-WA0154.jpg","width":1055,"height":792},{"@type":"BreadcrumbList","@id":"https:\/\/regiaonews.net.br\/2022\/2024\/11\/17\/colisao-traseira-deixa-dois-mortos-em-bebedouro\/#breadcrumb","itemListElement":[{"@type":"ListItem","position":1,"name":"In\u00edcio","item":"https:\/\/regiaonews.net.br\/2022\/"},{"@type":"ListItem","position":2,"name":"Colis\u00e3o traseira deixa dois mortos em Bebedouro"}]},{"@type":"WebSite","@id":"https:\/\/regiaonews.net.br\/2022\/#website","url":"https:\/\/regiaonews.net.br\/2022\/","name":"Regi\u00e3o News","description":"Site de Not\u00edcias de Barretos e regi\u00e3o","publisher":{"@id":"https:\/\/regiaonews.net.br\/2022\/#organization"},"potentialAction":[{"@type":"SearchAction","target":{"@type":"EntryPoint","urlTemplate":"https:\/\/regiaonews.net.br\/2022\/?s={search_term_string}"},"query-input":{"@type":"PropertyValueSpecification","valueRequired":true,"valueName":"search_term_string"}}],"inLanguage":"pt-BR"},{"@type":"Organization","@id":"https:\/\/regiaonews.net.br\/2022\/#organization","name":"Regi\u00e3o News","url":"https:\/\/regiaonews.net.br\/2022\/","logo":{"@type":"ImageObject","inLanguage":"pt-BR","@id":"https:\/\/regiaonews.net.br\/2022\/#\/schema\/logo\/image\/","url":"https:\/\/regiaonews.net.br\/2022\/wp-content\/uploads\/2026\/03\/regiao-13-anos-scaled.jpg","contentUrl":"https:\/\/regiaonews.net.br\/2022\/wp-content\/uploads\/2026\/03\/regiao-13-anos-scaled.jpg","width":2560,"height":635,"caption":"Regi\u00e3o News"},"image":{"@id":"https:\/\/regiaonews.net.br\/2022\/#\/schema\/logo\/image\/"}},{"@type":"Person","@id":"https:\/\/regiaonews.net.br\/2022\/#\/schema\/person\/2d205a608a5aa97ac279d7a5e6d89ad8","name":"Roberto","image":{"@type":"ImageObject","inLanguage":"pt-BR","@id":"https:\/\/secure.gravatar.com\/avatar\/42749d8b712ff9d59ca93dc150494e5b55a44134482993f5baeb97e61b7ecc89?s=96&d=mm&r=g","url":"https:\/\/secure.gravatar.com\/avatar\/42749d8b712ff9d59ca93dc150494e5b55a44134482993f5baeb97e61b7ecc89?s=96&d=mm&r=g","contentUrl":"https:\/\/secure.gravatar.com\/avatar\/42749d8b712ff9d59ca93dc150494e5b55a44134482993f5baeb97e61b7ecc89?s=96&d=mm&r=g","caption":"Roberto"},"url":"https:\/\/regiaonews.net.br\/2022\/author\/roberto\/"}]}},"publishpress_future_action":{"enabled":false,"date":"2026-05-02 05:19:49","action":"change-status","newStatus":"draft","terms":[],"taxonomy":"category","extraData":[]},"publishpress_future_workflow_manual_trigger":{"enabledWorkflows":[]},"_links":{"self":[{"href":"https:\/\/regiaonews.net.br\/2022\/wp-json\/wp\/v2\/posts\/112114","targetHints":{"allow":["GET"]}}],"collection":[{"href":"https:\/\/regiaonews.net.br\/2022\/wp-json\/wp\/v2\/posts"}],"about":[{"href":"https:\/\/regiaonews.net.br\/2022\/wp-json\/wp\/v2\/types\/post"}],"author":[{"embeddable":true,"href":"https:\/\/regiaonews.net.br\/2022\/wp-json\/wp\/v2\/users\/2"}],"replies":[{"embeddable":true,"href":"https:\/\/regiaonews.net.br\/2022\/wp-json\/wp\/v2\/comments?post=112114"}],"version-history":[{"count":1,"href":"https:\/\/regiaonews.net.br\/2022\/wp-json\/wp\/v2\/posts\/112114\/revisions"}],"predecessor-version":[{"id":112115,"href":"https:\/\/regiaonews.net.br\/2022\/wp-json\/wp\/v2\/posts\/112114\/revisions\/112115"}],"wp:featuredmedia":[{"embeddable":true,"href":"https:\/\/regiaonews.net.br\/2022\/wp-json\/wp\/v2\/media\/112122"}],"wp:attachment":[{"href":"https:\/\/regiaonews.net.br\/2022\/wp-json\/wp\/v2\/media?parent=112114"}],"wp:term":[{"taxonomy":"category","embeddable":true,"href":"https:\/\/regiaonews.net.br\/2022\/wp-json\/wp\/v2\/categories?post=112114"},{"taxonomy":"post_tag","embeddable":true,"href":"https:\/\/regiaonews.net.br\/2022\/wp-json\/wp\/v2\/tags?post=112114"}],"curies":[{"name":"wp","href":"https:\/\/api.w.org\/{rel}","templated":true}]}}