{"id":112091,"date":"2024-11-16T16:41:18","date_gmt":"2024-11-16T19:41:18","guid":{"rendered":"https:\/\/regiaonews.net.br\/2022\/?p=112091"},"modified":"2024-11-17T16:51:28","modified_gmt":"2024-11-17T19:51:28","slug":"turma-de-engenharia-participa-de-missa-de-acao-de-gracas-pelos-50-anos","status":"publish","type":"post","link":"https:\/\/regiaonews.net.br\/2022\/2024\/11\/16\/turma-de-engenharia-participa-de-missa-de-acao-de-gracas-pelos-50-anos\/","title":{"rendered":"Turma de engenharia participa de missa de a\u00e7\u00e3o de gra\u00e7as pelos 50 anos"},"content":{"rendered":"<p><a href=\"https:\/\/regiaonews.net.br\/2022\/wp-content\/uploads\/2024\/11\/IMG-20241116-WA0293.jpg\"><img loading=\"lazy\" decoding=\"async\" class=\"alignnone size-medium wp-image-112107\" src=\"https:\/\/regiaonews.net.br\/2022\/wp-content\/uploads\/2024\/11\/IMG-20241116-WA0293-225x300.jpg\" alt=\"\" width=\"225\" height=\"300\" srcset=\"https:\/\/regiaonews.net.br\/2022\/wp-content\/uploads\/2024\/11\/IMG-20241116-WA0293-225x300.jpg 225w, https:\/\/regiaonews.net.br\/2022\/wp-content\/uploads\/2024\/11\/IMG-20241116-WA0293-768x1024.jpg 768w, https:\/\/regiaonews.net.br\/2022\/wp-content\/uploads\/2024\/11\/IMG-20241116-WA0293-250x333.jpg 250w, https:\/\/regiaonews.net.br\/2022\/wp-content\/uploads\/2024\/11\/IMG-20241116-WA0293.jpg 960w\" sizes=\"auto, (max-width: 225px) 100vw, 225px\" \/><\/a><\/p>\n<p>Os integrantes da 5\u00aa turma de engenharia da FEB (Funda\u00e7\u00e3o Educacional de\u00a0 Barretos) est\u00e3o comemorando neste final de semana, os 50 anos da formatura da turma de 1974. Na noite de sexta-feira (15), o encontro foi aberto com uma\u00a0 missa na sexta-feira (15), na capela M\u00e3e Rainha, pelo padre Fl\u00e1vio da Catedral<\/p>\n<p>Confira algumas fotos da celebra\u00e7\u00e3o religiosa<\/p>\n<p><a href=\"https:\/\/regiaonews.net.br\/2022\/wp-content\/uploads\/2024\/11\/IMG-20241116-WA0278.jpg\"><img loading=\"lazy\" decoding=\"async\" class=\"alignnone size-medium wp-image-112092\" src=\"https:\/\/regiaonews.net.br\/2022\/wp-content\/uploads\/2024\/11\/IMG-20241116-WA0278-300x225.jpg\" alt=\"\" width=\"300\" height=\"225\" srcset=\"https:\/\/regiaonews.net.br\/2022\/wp-content\/uploads\/2024\/11\/IMG-20241116-WA0278-300x225.jpg 300w, https:\/\/regiaonews.net.br\/2022\/wp-content\/uploads\/2024\/11\/IMG-20241116-WA0278-1024x768.jpg 1024w, https:\/\/regiaonews.net.br\/2022\/wp-content\/uploads\/2024\/11\/IMG-20241116-WA0278-768x576.jpg 768w, https:\/\/regiaonews.net.br\/2022\/wp-content\/uploads\/2024\/11\/IMG-20241116-WA0278-1536x1152.jpg 1536w, https:\/\/regiaonews.net.br\/2022\/wp-content\/uploads\/2024\/11\/IMG-20241116-WA0278-250x188.jpg 250w, https:\/\/regiaonews.net.br\/2022\/wp-content\/uploads\/2024\/11\/IMG-20241116-WA0278-200x150.jpg 200w, https:\/\/regiaonews.net.br\/2022\/wp-content\/uploads\/2024\/11\/IMG-20241116-WA0278.jpg 1600w\" sizes=\"auto, (max-width: 300px) 100vw, 300px\" \/><\/a> <a href=\"https:\/\/regiaonews.net.br\/2022\/wp-content\/uploads\/2024\/11\/IMG-20241116-WA0285.jpg\"><img loading=\"lazy\" decoding=\"async\" class=\"alignnone size-medium wp-image-112094\" src=\"https:\/\/regiaonews.net.br\/2022\/wp-content\/uploads\/2024\/11\/IMG-20241116-WA0285-300x225.jpg\" alt=\"\" width=\"300\" height=\"225\" srcset=\"https:\/\/regiaonews.net.br\/2022\/wp-content\/uploads\/2024\/11\/IMG-20241116-WA0285-300x225.jpg 300w, https:\/\/regiaonews.net.br\/2022\/wp-content\/uploads\/2024\/11\/IMG-20241116-WA0285-1024x768.jpg 1024w, https:\/\/regiaonews.net.br\/2022\/wp-content\/uploads\/2024\/11\/IMG-20241116-WA0285-768x576.jpg 768w, https:\/\/regiaonews.net.br\/2022\/wp-content\/uploads\/2024\/11\/IMG-20241116-WA0285-1536x1152.jpg 1536w, https:\/\/regiaonews.net.br\/2022\/wp-content\/uploads\/2024\/11\/IMG-20241116-WA0285-250x188.jpg 250w, https:\/\/regiaonews.net.br\/2022\/wp-content\/uploads\/2024\/11\/IMG-20241116-WA0285-200x150.jpg 200w, https:\/\/regiaonews.net.br\/2022\/wp-content\/uploads\/2024\/11\/IMG-20241116-WA0285.jpg 1600w\" sizes=\"auto, (max-width: 300px) 100vw, 300px\" \/><\/a> <a href=\"https:\/\/regiaonews.net.br\/2022\/wp-content\/uploads\/2024\/11\/IMG-20241116-WA0286.jpg\"><img loading=\"lazy\" decoding=\"async\" class=\"alignnone size-medium wp-image-112095\" src=\"https:\/\/regiaonews.net.br\/2022\/wp-content\/uploads\/2024\/11\/IMG-20241116-WA0286-300x225.jpg\" alt=\"\" width=\"300\" height=\"225\" srcset=\"https:\/\/regiaonews.net.br\/2022\/wp-content\/uploads\/2024\/11\/IMG-20241116-WA0286-300x225.jpg 300w, https:\/\/regiaonews.net.br\/2022\/wp-content\/uploads\/2024\/11\/IMG-20241116-WA0286-1024x768.jpg 1024w, https:\/\/regiaonews.net.br\/2022\/wp-content\/uploads\/2024\/11\/IMG-20241116-WA0286-768x576.jpg 768w, https:\/\/regiaonews.net.br\/2022\/wp-content\/uploads\/2024\/11\/IMG-20241116-WA0286-250x188.jpg 250w, https:\/\/regiaonews.net.br\/2022\/wp-content\/uploads\/2024\/11\/IMG-20241116-WA0286-200x150.jpg 200w, https:\/\/regiaonews.net.br\/2022\/wp-content\/uploads\/2024\/11\/IMG-20241116-WA0286.jpg 1280w\" sizes=\"auto, (max-width: 300px) 100vw, 300px\" \/><\/a><\/p>\n<p><a href=\"https:\/\/regiaonews.net.br\/2022\/wp-content\/uploads\/2024\/11\/IMG-20241116-WA0286-2.jpg\"><img loading=\"lazy\" decoding=\"async\" class=\"alignnone size-medium wp-image-112101\" src=\"https:\/\/regiaonews.net.br\/2022\/wp-content\/uploads\/2024\/11\/IMG-20241116-WA0286-2-300x225.jpg\" alt=\"\" width=\"300\" height=\"225\" srcset=\"https:\/\/regiaonews.net.br\/2022\/wp-content\/uploads\/2024\/11\/IMG-20241116-WA0286-2-300x225.jpg 300w, https:\/\/regiaonews.net.br\/2022\/wp-content\/uploads\/2024\/11\/IMG-20241116-WA0286-2-1024x768.jpg 1024w, https:\/\/regiaonews.net.br\/2022\/wp-content\/uploads\/2024\/11\/IMG-20241116-WA0286-2-768x576.jpg 768w, https:\/\/regiaonews.net.br\/2022\/wp-content\/uploads\/2024\/11\/IMG-20241116-WA0286-2-250x188.jpg 250w, https:\/\/regiaonews.net.br\/2022\/wp-content\/uploads\/2024\/11\/IMG-20241116-WA0286-2-200x150.jpg 200w, https:\/\/regiaonews.net.br\/2022\/wp-content\/uploads\/2024\/11\/IMG-20241116-WA0286-2.jpg 1280w\" sizes=\"auto, (max-width: 300px) 100vw, 300px\" \/><\/a> <a href=\"https:\/\/regiaonews.net.br\/2022\/wp-content\/uploads\/2024\/11\/IMG-20241116-WA0291.jpg\"><img loading=\"lazy\" decoding=\"async\" class=\"alignnone size-medium wp-image-112104\" src=\"https:\/\/regiaonews.net.br\/2022\/wp-content\/uploads\/2024\/11\/IMG-20241116-WA0291-300x225.jpg\" alt=\"\" width=\"300\" height=\"225\" srcset=\"https:\/\/regiaonews.net.br\/2022\/wp-content\/uploads\/2024\/11\/IMG-20241116-WA0291-300x225.jpg 300w, https:\/\/regiaonews.net.br\/2022\/wp-content\/uploads\/2024\/11\/IMG-20241116-WA0291-1024x768.jpg 1024w, https:\/\/regiaonews.net.br\/2022\/wp-content\/uploads\/2024\/11\/IMG-20241116-WA0291-768x576.jpg 768w, https:\/\/regiaonews.net.br\/2022\/wp-content\/uploads\/2024\/11\/IMG-20241116-WA0291-250x188.jpg 250w, https:\/\/regiaonews.net.br\/2022\/wp-content\/uploads\/2024\/11\/IMG-20241116-WA0291-200x150.jpg 200w, https:\/\/regiaonews.net.br\/2022\/wp-content\/uploads\/2024\/11\/IMG-20241116-WA0291.jpg 1280w\" sizes=\"auto, (max-width: 300px) 100vw, 300px\" \/><\/a><\/p>\n<p>&nbsp;<\/p>\n<p>&nbsp;<\/p>\n<p>&nbsp;<\/p>\n","protected":false},"excerpt":{"rendered":"<p>Os integrantes da 5\u00aa turma de engenharia da FEB (Funda\u00e7\u00e3o<\/p>\n","protected":false},"author":2,"featured_media":112104,"comment_status":"open","ping_status":"open","sticky":false,"template":"","format":"standard","meta":{"footnotes":""},"categories":[14,25,111],"tags":[],"class_list":["post-112091","post","type-post","status-publish","format-standard","has-post-thumbnail","hentry","category-barretos","category-cidades","category-cotidiano"],"yoast_head":"<!-- This site is optimized with the Yoast SEO plugin v27.4 - https:\/\/yoast.com\/product\/yoast-seo-wordpress\/ -->\n<title>Turma de engenharia participa de missa de a\u00e7\u00e3o de gra\u00e7as pelos 50 anos - Regi\u00e3o News<\/title>\n<meta name=\"robots\" content=\"index, follow, max-snippet:-1, max-image-preview:large, max-video-preview:-1\" \/>\n<link rel=\"canonical\" href=\"https:\/\/regiaonews.net.br\/2022\/2024\/11\/16\/turma-de-engenharia-participa-de-missa-de-acao-de-gracas-pelos-50-anos\/\" \/>\n<meta property=\"og:locale\" content=\"pt_BR\" \/>\n<meta property=\"og:type\" content=\"article\" \/>\n<meta property=\"og:title\" content=\"Turma de engenharia participa de missa de a\u00e7\u00e3o de gra\u00e7as pelos 50 anos - Regi\u00e3o News\" \/>\n<meta property=\"og:description\" content=\"Os integrantes da 5\u00aa turma de engenharia da FEB (Funda\u00e7\u00e3o\" \/>\n<meta property=\"og:url\" content=\"https:\/\/regiaonews.net.br\/2022\/2024\/11\/16\/turma-de-engenharia-participa-de-missa-de-acao-de-gracas-pelos-50-anos\/\" \/>\n<meta property=\"og:site_name\" content=\"Regi\u00e3o News\" \/>\n<meta property=\"article:published_time\" content=\"2024-11-16T19:41:18+00:00\" \/>\n<meta property=\"article:modified_time\" content=\"2024-11-17T19:51:28+00:00\" \/>\n<meta property=\"og:image\" content=\"https:\/\/regiaonews.net.br\/2022\/wp-content\/uploads\/2024\/11\/IMG-20241116-WA0291.jpg\" \/>\n\t<meta property=\"og:image:width\" content=\"1280\" \/>\n\t<meta property=\"og:image:height\" content=\"960\" \/>\n\t<meta property=\"og:image:type\" content=\"image\/jpeg\" \/>\n<meta name=\"author\" content=\"Roberto\" \/>\n<meta name=\"twitter:card\" content=\"summary_large_image\" \/>\n<meta name=\"twitter:label1\" content=\"Escrito por\" \/>\n\t<meta name=\"twitter:data1\" content=\"Roberto\" \/>\n\t<meta name=\"twitter:label2\" content=\"Est. tempo de leitura\" \/>\n\t<meta name=\"twitter:data2\" content=\"2 minutos\" \/>\n<script type=\"application\/ld+json\" class=\"yoast-schema-graph\">{\"@context\":\"https:\\\/\\\/schema.org\",\"@graph\":[{\"@type\":\"Article\",\"@id\":\"https:\\\/\\\/regiaonews.net.br\\\/2022\\\/2024\\\/11\\\/16\\\/turma-de-engenharia-participa-de-missa-de-acao-de-gracas-pelos-50-anos\\\/#article\",\"isPartOf\":{\"@id\":\"https:\\\/\\\/regiaonews.net.br\\\/2022\\\/2024\\\/11\\\/16\\\/turma-de-engenharia-participa-de-missa-de-acao-de-gracas-pelos-50-anos\\\/\"},\"author\":{\"name\":\"Roberto\",\"@id\":\"https:\\\/\\\/regiaonews.net.br\\\/2022\\\/#\\\/schema\\\/person\\\/2d205a608a5aa97ac279d7a5e6d89ad8\"},\"headline\":\"Turma de engenharia participa de missa de a\u00e7\u00e3o de gra\u00e7as pelos 50 anos\",\"datePublished\":\"2024-11-16T19:41:18+00:00\",\"dateModified\":\"2024-11-17T19:51:28+00:00\",\"mainEntityOfPage\":{\"@id\":\"https:\\\/\\\/regiaonews.net.br\\\/2022\\\/2024\\\/11\\\/16\\\/turma-de-engenharia-participa-de-missa-de-acao-de-gracas-pelos-50-anos\\\/\"},\"wordCount\":75,\"commentCount\":0,\"publisher\":{\"@id\":\"https:\\\/\\\/regiaonews.net.br\\\/2022\\\/#organization\"},\"image\":{\"@id\":\"https:\\\/\\\/regiaonews.net.br\\\/2022\\\/2024\\\/11\\\/16\\\/turma-de-engenharia-participa-de-missa-de-acao-de-gracas-pelos-50-anos\\\/#primaryimage\"},\"thumbnailUrl\":\"https:\\\/\\\/regiaonews.net.br\\\/2022\\\/wp-content\\\/uploads\\\/2024\\\/11\\\/IMG-20241116-WA0291.jpg\",\"articleSection\":[\"Barretos\",\"Cidades\",\"Cotidiano\"],\"inLanguage\":\"pt-BR\",\"potentialAction\":[{\"@type\":\"CommentAction\",\"name\":\"Comment\",\"target\":[\"https:\\\/\\\/regiaonews.net.br\\\/2022\\\/2024\\\/11\\\/16\\\/turma-de-engenharia-participa-de-missa-de-acao-de-gracas-pelos-50-anos\\\/#respond\"]}]},{\"@type\":\"WebPage\",\"@id\":\"https:\\\/\\\/regiaonews.net.br\\\/2022\\\/2024\\\/11\\\/16\\\/turma-de-engenharia-participa-de-missa-de-acao-de-gracas-pelos-50-anos\\\/\",\"url\":\"https:\\\/\\\/regiaonews.net.br\\\/2022\\\/2024\\\/11\\\/16\\\/turma-de-engenharia-participa-de-missa-de-acao-de-gracas-pelos-50-anos\\\/\",\"name\":\"Turma de engenharia participa de missa de a\u00e7\u00e3o de gra\u00e7as pelos 50 anos - Regi\u00e3o News\",\"isPartOf\":{\"@id\":\"https:\\\/\\\/regiaonews.net.br\\\/2022\\\/#website\"},\"primaryImageOfPage\":{\"@id\":\"https:\\\/\\\/regiaonews.net.br\\\/2022\\\/2024\\\/11\\\/16\\\/turma-de-engenharia-participa-de-missa-de-acao-de-gracas-pelos-50-anos\\\/#primaryimage\"},\"image\":{\"@id\":\"https:\\\/\\\/regiaonews.net.br\\\/2022\\\/2024\\\/11\\\/16\\\/turma-de-engenharia-participa-de-missa-de-acao-de-gracas-pelos-50-anos\\\/#primaryimage\"},\"thumbnailUrl\":\"https:\\\/\\\/regiaonews.net.br\\\/2022\\\/wp-content\\\/uploads\\\/2024\\\/11\\\/IMG-20241116-WA0291.jpg\",\"datePublished\":\"2024-11-16T19:41:18+00:00\",\"dateModified\":\"2024-11-17T19:51:28+00:00\",\"breadcrumb\":{\"@id\":\"https:\\\/\\\/regiaonews.net.br\\\/2022\\\/2024\\\/11\\\/16\\\/turma-de-engenharia-participa-de-missa-de-acao-de-gracas-pelos-50-anos\\\/#breadcrumb\"},\"inLanguage\":\"pt-BR\",\"potentialAction\":[{\"@type\":\"ReadAction\",\"target\":[\"https:\\\/\\\/regiaonews.net.br\\\/2022\\\/2024\\\/11\\\/16\\\/turma-de-engenharia-participa-de-missa-de-acao-de-gracas-pelos-50-anos\\\/\"]}]},{\"@type\":\"ImageObject\",\"inLanguage\":\"pt-BR\",\"@id\":\"https:\\\/\\\/regiaonews.net.br\\\/2022\\\/2024\\\/11\\\/16\\\/turma-de-engenharia-participa-de-missa-de-acao-de-gracas-pelos-50-anos\\\/#primaryimage\",\"url\":\"https:\\\/\\\/regiaonews.net.br\\\/2022\\\/wp-content\\\/uploads\\\/2024\\\/11\\\/IMG-20241116-WA0291.jpg\",\"contentUrl\":\"https:\\\/\\\/regiaonews.net.br\\\/2022\\\/wp-content\\\/uploads\\\/2024\\\/11\\\/IMG-20241116-WA0291.jpg\",\"width\":1280,\"height\":960},{\"@type\":\"BreadcrumbList\",\"@id\":\"https:\\\/\\\/regiaonews.net.br\\\/2022\\\/2024\\\/11\\\/16\\\/turma-de-engenharia-participa-de-missa-de-acao-de-gracas-pelos-50-anos\\\/#breadcrumb\",\"itemListElement\":[{\"@type\":\"ListItem\",\"position\":1,\"name\":\"In\u00edcio\",\"item\":\"https:\\\/\\\/regiaonews.net.br\\\/2022\\\/\"},{\"@type\":\"ListItem\",\"position\":2,\"name\":\"Turma de engenharia participa de missa de a\u00e7\u00e3o de gra\u00e7as pelos 50 anos\"}]},{\"@type\":\"WebSite\",\"@id\":\"https:\\\/\\\/regiaonews.net.br\\\/2022\\\/#website\",\"url\":\"https:\\\/\\\/regiaonews.net.br\\\/2022\\\/\",\"name\":\"Regi\u00e3o News\",\"description\":\"Site de Not\u00edcias de Barretos e regi\u00e3o\",\"publisher\":{\"@id\":\"https:\\\/\\\/regiaonews.net.br\\\/2022\\\/#organization\"},\"potentialAction\":[{\"@type\":\"SearchAction\",\"target\":{\"@type\":\"EntryPoint\",\"urlTemplate\":\"https:\\\/\\\/regiaonews.net.br\\\/2022\\\/?s={search_term_string}\"},\"query-input\":{\"@type\":\"PropertyValueSpecification\",\"valueRequired\":true,\"valueName\":\"search_term_string\"}}],\"inLanguage\":\"pt-BR\"},{\"@type\":\"Organization\",\"@id\":\"https:\\\/\\\/regiaonews.net.br\\\/2022\\\/#organization\",\"name\":\"Regi\u00e3o News\",\"url\":\"https:\\\/\\\/regiaonews.net.br\\\/2022\\\/\",\"logo\":{\"@type\":\"ImageObject\",\"inLanguage\":\"pt-BR\",\"@id\":\"https:\\\/\\\/regiaonews.net.br\\\/2022\\\/#\\\/schema\\\/logo\\\/image\\\/\",\"url\":\"https:\\\/\\\/regiaonews.net.br\\\/2022\\\/wp-content\\\/uploads\\\/2026\\\/03\\\/regiao-13-anos-scaled.jpg\",\"contentUrl\":\"https:\\\/\\\/regiaonews.net.br\\\/2022\\\/wp-content\\\/uploads\\\/2026\\\/03\\\/regiao-13-anos-scaled.jpg\",\"width\":2560,\"height\":635,\"caption\":\"Regi\u00e3o News\"},\"image\":{\"@id\":\"https:\\\/\\\/regiaonews.net.br\\\/2022\\\/#\\\/schema\\\/logo\\\/image\\\/\"}},{\"@type\":\"Person\",\"@id\":\"https:\\\/\\\/regiaonews.net.br\\\/2022\\\/#\\\/schema\\\/person\\\/2d205a608a5aa97ac279d7a5e6d89ad8\",\"name\":\"Roberto\",\"image\":{\"@type\":\"ImageObject\",\"inLanguage\":\"pt-BR\",\"@id\":\"https:\\\/\\\/secure.gravatar.com\\\/avatar\\\/42749d8b712ff9d59ca93dc150494e5b55a44134482993f5baeb97e61b7ecc89?s=96&d=mm&r=g\",\"url\":\"https:\\\/\\\/secure.gravatar.com\\\/avatar\\\/42749d8b712ff9d59ca93dc150494e5b55a44134482993f5baeb97e61b7ecc89?s=96&d=mm&r=g\",\"contentUrl\":\"https:\\\/\\\/secure.gravatar.com\\\/avatar\\\/42749d8b712ff9d59ca93dc150494e5b55a44134482993f5baeb97e61b7ecc89?s=96&d=mm&r=g\",\"caption\":\"Roberto\"},\"url\":\"https:\\\/\\\/regiaonews.net.br\\\/2022\\\/author\\\/roberto\\\/\"}]}<\/script>\n<!-- \/ Yoast SEO plugin. -->","yoast_head_json":{"title":"Turma de engenharia participa de missa de a\u00e7\u00e3o de gra\u00e7as pelos 50 anos - Regi\u00e3o News","robots":{"index":"index","follow":"follow","max-snippet":"max-snippet:-1","max-image-preview":"max-image-preview:large","max-video-preview":"max-video-preview:-1"},"canonical":"https:\/\/regiaonews.net.br\/2022\/2024\/11\/16\/turma-de-engenharia-participa-de-missa-de-acao-de-gracas-pelos-50-anos\/","og_locale":"pt_BR","og_type":"article","og_title":"Turma de engenharia participa de missa de a\u00e7\u00e3o de gra\u00e7as pelos 50 anos - Regi\u00e3o News","og_description":"Os integrantes da 5\u00aa turma de engenharia da FEB (Funda\u00e7\u00e3o","og_url":"https:\/\/regiaonews.net.br\/2022\/2024\/11\/16\/turma-de-engenharia-participa-de-missa-de-acao-de-gracas-pelos-50-anos\/","og_site_name":"Regi\u00e3o News","article_published_time":"2024-11-16T19:41:18+00:00","article_modified_time":"2024-11-17T19:51:28+00:00","og_image":[{"width":1280,"height":960,"url":"https:\/\/regiaonews.net.br\/2022\/wp-content\/uploads\/2024\/11\/IMG-20241116-WA0291.jpg","type":"image\/jpeg"}],"author":"Roberto","twitter_card":"summary_large_image","twitter_misc":{"Escrito por":"Roberto","Est. tempo de leitura":"2 minutos"},"schema":{"@context":"https:\/\/schema.org","@graph":[{"@type":"Article","@id":"https:\/\/regiaonews.net.br\/2022\/2024\/11\/16\/turma-de-engenharia-participa-de-missa-de-acao-de-gracas-pelos-50-anos\/#article","isPartOf":{"@id":"https:\/\/regiaonews.net.br\/2022\/2024\/11\/16\/turma-de-engenharia-participa-de-missa-de-acao-de-gracas-pelos-50-anos\/"},"author":{"name":"Roberto","@id":"https:\/\/regiaonews.net.br\/2022\/#\/schema\/person\/2d205a608a5aa97ac279d7a5e6d89ad8"},"headline":"Turma de engenharia participa de missa de a\u00e7\u00e3o de gra\u00e7as pelos 50 anos","datePublished":"2024-11-16T19:41:18+00:00","dateModified":"2024-11-17T19:51:28+00:00","mainEntityOfPage":{"@id":"https:\/\/regiaonews.net.br\/2022\/2024\/11\/16\/turma-de-engenharia-participa-de-missa-de-acao-de-gracas-pelos-50-anos\/"},"wordCount":75,"commentCount":0,"publisher":{"@id":"https:\/\/regiaonews.net.br\/2022\/#organization"},"image":{"@id":"https:\/\/regiaonews.net.br\/2022\/2024\/11\/16\/turma-de-engenharia-participa-de-missa-de-acao-de-gracas-pelos-50-anos\/#primaryimage"},"thumbnailUrl":"https:\/\/regiaonews.net.br\/2022\/wp-content\/uploads\/2024\/11\/IMG-20241116-WA0291.jpg","articleSection":["Barretos","Cidades","Cotidiano"],"inLanguage":"pt-BR","potentialAction":[{"@type":"CommentAction","name":"Comment","target":["https:\/\/regiaonews.net.br\/2022\/2024\/11\/16\/turma-de-engenharia-participa-de-missa-de-acao-de-gracas-pelos-50-anos\/#respond"]}]},{"@type":"WebPage","@id":"https:\/\/regiaonews.net.br\/2022\/2024\/11\/16\/turma-de-engenharia-participa-de-missa-de-acao-de-gracas-pelos-50-anos\/","url":"https:\/\/regiaonews.net.br\/2022\/2024\/11\/16\/turma-de-engenharia-participa-de-missa-de-acao-de-gracas-pelos-50-anos\/","name":"Turma de engenharia participa de missa de a\u00e7\u00e3o de gra\u00e7as pelos 50 anos - Regi\u00e3o News","isPartOf":{"@id":"https:\/\/regiaonews.net.br\/2022\/#website"},"primaryImageOfPage":{"@id":"https:\/\/regiaonews.net.br\/2022\/2024\/11\/16\/turma-de-engenharia-participa-de-missa-de-acao-de-gracas-pelos-50-anos\/#primaryimage"},"image":{"@id":"https:\/\/regiaonews.net.br\/2022\/2024\/11\/16\/turma-de-engenharia-participa-de-missa-de-acao-de-gracas-pelos-50-anos\/#primaryimage"},"thumbnailUrl":"https:\/\/regiaonews.net.br\/2022\/wp-content\/uploads\/2024\/11\/IMG-20241116-WA0291.jpg","datePublished":"2024-11-16T19:41:18+00:00","dateModified":"2024-11-17T19:51:28+00:00","breadcrumb":{"@id":"https:\/\/regiaonews.net.br\/2022\/2024\/11\/16\/turma-de-engenharia-participa-de-missa-de-acao-de-gracas-pelos-50-anos\/#breadcrumb"},"inLanguage":"pt-BR","potentialAction":[{"@type":"ReadAction","target":["https:\/\/regiaonews.net.br\/2022\/2024\/11\/16\/turma-de-engenharia-participa-de-missa-de-acao-de-gracas-pelos-50-anos\/"]}]},{"@type":"ImageObject","inLanguage":"pt-BR","@id":"https:\/\/regiaonews.net.br\/2022\/2024\/11\/16\/turma-de-engenharia-participa-de-missa-de-acao-de-gracas-pelos-50-anos\/#primaryimage","url":"https:\/\/regiaonews.net.br\/2022\/wp-content\/uploads\/2024\/11\/IMG-20241116-WA0291.jpg","contentUrl":"https:\/\/regiaonews.net.br\/2022\/wp-content\/uploads\/2024\/11\/IMG-20241116-WA0291.jpg","width":1280,"height":960},{"@type":"BreadcrumbList","@id":"https:\/\/regiaonews.net.br\/2022\/2024\/11\/16\/turma-de-engenharia-participa-de-missa-de-acao-de-gracas-pelos-50-anos\/#breadcrumb","itemListElement":[{"@type":"ListItem","position":1,"name":"In\u00edcio","item":"https:\/\/regiaonews.net.br\/2022\/"},{"@type":"ListItem","position":2,"name":"Turma de engenharia participa de missa de a\u00e7\u00e3o de gra\u00e7as pelos 50 anos"}]},{"@type":"WebSite","@id":"https:\/\/regiaonews.net.br\/2022\/#website","url":"https:\/\/regiaonews.net.br\/2022\/","name":"Regi\u00e3o News","description":"Site de Not\u00edcias de Barretos e regi\u00e3o","publisher":{"@id":"https:\/\/regiaonews.net.br\/2022\/#organization"},"potentialAction":[{"@type":"SearchAction","target":{"@type":"EntryPoint","urlTemplate":"https:\/\/regiaonews.net.br\/2022\/?s={search_term_string}"},"query-input":{"@type":"PropertyValueSpecification","valueRequired":true,"valueName":"search_term_string"}}],"inLanguage":"pt-BR"},{"@type":"Organization","@id":"https:\/\/regiaonews.net.br\/2022\/#organization","name":"Regi\u00e3o News","url":"https:\/\/regiaonews.net.br\/2022\/","logo":{"@type":"ImageObject","inLanguage":"pt-BR","@id":"https:\/\/regiaonews.net.br\/2022\/#\/schema\/logo\/image\/","url":"https:\/\/regiaonews.net.br\/2022\/wp-content\/uploads\/2026\/03\/regiao-13-anos-scaled.jpg","contentUrl":"https:\/\/regiaonews.net.br\/2022\/wp-content\/uploads\/2026\/03\/regiao-13-anos-scaled.jpg","width":2560,"height":635,"caption":"Regi\u00e3o News"},"image":{"@id":"https:\/\/regiaonews.net.br\/2022\/#\/schema\/logo\/image\/"}},{"@type":"Person","@id":"https:\/\/regiaonews.net.br\/2022\/#\/schema\/person\/2d205a608a5aa97ac279d7a5e6d89ad8","name":"Roberto","image":{"@type":"ImageObject","inLanguage":"pt-BR","@id":"https:\/\/secure.gravatar.com\/avatar\/42749d8b712ff9d59ca93dc150494e5b55a44134482993f5baeb97e61b7ecc89?s=96&d=mm&r=g","url":"https:\/\/secure.gravatar.com\/avatar\/42749d8b712ff9d59ca93dc150494e5b55a44134482993f5baeb97e61b7ecc89?s=96&d=mm&r=g","contentUrl":"https:\/\/secure.gravatar.com\/avatar\/42749d8b712ff9d59ca93dc150494e5b55a44134482993f5baeb97e61b7ecc89?s=96&d=mm&r=g","caption":"Roberto"},"url":"https:\/\/regiaonews.net.br\/2022\/author\/roberto\/"}]}},"publishpress_future_action":{"enabled":false,"date":"2026-05-02 05:08:59","action":"change-status","newStatus":"draft","terms":[],"taxonomy":"category","extraData":[]},"publishpress_future_workflow_manual_trigger":{"enabledWorkflows":[]},"_links":{"self":[{"href":"https:\/\/regiaonews.net.br\/2022\/wp-json\/wp\/v2\/posts\/112091","targetHints":{"allow":["GET"]}}],"collection":[{"href":"https:\/\/regiaonews.net.br\/2022\/wp-json\/wp\/v2\/posts"}],"about":[{"href":"https:\/\/regiaonews.net.br\/2022\/wp-json\/wp\/v2\/types\/post"}],"author":[{"embeddable":true,"href":"https:\/\/regiaonews.net.br\/2022\/wp-json\/wp\/v2\/users\/2"}],"replies":[{"embeddable":true,"href":"https:\/\/regiaonews.net.br\/2022\/wp-json\/wp\/v2\/comments?post=112091"}],"version-history":[{"count":3,"href":"https:\/\/regiaonews.net.br\/2022\/wp-json\/wp\/v2\/posts\/112091\/revisions"}],"predecessor-version":[{"id":112108,"href":"https:\/\/regiaonews.net.br\/2022\/wp-json\/wp\/v2\/posts\/112091\/revisions\/112108"}],"wp:featuredmedia":[{"embeddable":true,"href":"https:\/\/regiaonews.net.br\/2022\/wp-json\/wp\/v2\/media\/112104"}],"wp:attachment":[{"href":"https:\/\/regiaonews.net.br\/2022\/wp-json\/wp\/v2\/media?parent=112091"}],"wp:term":[{"taxonomy":"category","embeddable":true,"href":"https:\/\/regiaonews.net.br\/2022\/wp-json\/wp\/v2\/categories?post=112091"},{"taxonomy":"post_tag","embeddable":true,"href":"https:\/\/regiaonews.net.br\/2022\/wp-json\/wp\/v2\/tags?post=112091"}],"curies":[{"name":"wp","href":"https:\/\/api.w.org\/{rel}","templated":true}]}}