{"id":112065,"date":"2024-11-15T13:15:39","date_gmt":"2024-11-15T16:15:39","guid":{"rendered":"https:\/\/regiaonews.net.br\/2022\/?p=112065"},"modified":"2024-11-15T15:07:15","modified_gmt":"2024-11-15T18:07:15","slug":"odair-silva-anuncia-os-4-primeiros-secretarios-de-sua-administracao","status":"publish","type":"post","link":"https:\/\/regiaonews.net.br\/2022\/2024\/11\/15\/odair-silva-anuncia-os-4-primeiros-secretarios-de-sua-administracao\/","title":{"rendered":"Odair Silva anuncia os quatro primeiros secret\u00e1rios de sua administra\u00e7\u00e3o"},"content":{"rendered":"<p>Na manh\u00e3 do feriado de Proclama\u00e7\u00e3o da Republica, o prefeito eleito Odair Silva reuniu sua equipe e anunciou os quatro primeiros nomes que ir\u00e3o compor seu secretariado. Mantendo o compromisso firmado em campanha, Odair anunciou profissionais altamente qualificados em suas \u00e1reas, uma forma de colocar a frente de cada secretaria, pessoas t\u00e9cnicas e conhecedoras das necessidades de cada pasta. \u201cDurante minha campanha sempre afirmei que estariam a frente da administra\u00e7\u00e3o de Barretos comigo, profissionais qualificados e experientes e hoje anuncio quatro deles.\u201d \u2013 explicou Odair.<\/p>\n<p>Para a Secretaria de Educa\u00e7\u00e3o, o nome anunciado foi da Professora Mirka de Oliveira Stefani Costa. Mirca tem 34 anos de SESI e atua como diretora da institui\u00e7\u00e3o de ensino h\u00e1 24 anos. \u201cMeu nome foi sugerido e atrelado ao Odair, um homem de t\u00e3o boas inten\u00e7\u00f5es, por isso n\u00e3o tive d\u00favidas de que eu poderia contribuir e servir a todos os barretenses.\u201d \u2013 declarou Mirka.<\/p>\n<p>A Secretaria de Planejamento e Desenvolvimento Territorial ser\u00e1 comandada por Andr\u00e9 Ponciano. Formado em engenharia civil pelo UNIFEB e de grande reconhecimento profissional em Barretos e regi\u00e3o, Andr\u00e9 foi indicado para a pasta pela Casa dos Engenheiros e Arquitetos de Barretos e pelo CREA-SP. \u201cEsta \u00e9 a primeira vez que a nossa associa\u00e7\u00e3o e o CREA-SP s\u00e3o ouvidos e inclu\u00eddos em uma administra\u00e7\u00e3o municipal como aconteceu agora. Temos muito trabalho pela frente, e vamos buscar fazer o melhor por nossa cidade.\u201d \u2013 afirmou Ponciano.<br \/>\nO nome anunciado para a Secretaria de Neg\u00f3cios Jur\u00eddicos foi o do promotor aposentado Evaristo Anania de Paula. Dr. Evaristo \u00e9 formado em direito pela UFO, foi eleito o vereador mais jovem em toda a hist\u00f3ria de Barretos aos 20 anos em 1968, foi secret\u00e1rio municipal em Jata\u00ed-GO e professor universit\u00e1rio. \u201cO que eu trago para essa administra\u00e7\u00e3o do Odair Silva \u00e9 a defesa intransigente dos direitos da nossa cidade.\u201d \u2013 declarou Evaristo.<\/p>\n<p>Para a Chefia de Gabinete, Odair Silva anunciou Andr\u00e9 Ribeiro de Mendon\u00e7a que \u00e9 formado em administra\u00e7\u00e3o pela UNAERP e \u00e9 Pastor na Igreja Apost\u00f3lica Minist\u00e9rio Resgate \u2013 IAMIR. \u201cVejo essa oportunidade como um grande desafio, mas tamb\u00e9m com grande alegria em poder servir nossa cidade e \u00e0 popula\u00e7\u00e3o barretense e servir a meu grande amigo Odair Silva.\u201d \u2013 disse Andr\u00e9.<\/p>\n<p>Odair Silva afirmou que na pr\u00f3xima semana far\u00e1 o anuncio de mais alguns secret\u00e1rios, sempre evidenciando o profissionalismo e experi\u00eancia dos indicados.<\/p>\n","protected":false},"excerpt":{"rendered":"<p>Na manh\u00e3 do feriado de Proclama\u00e7\u00e3o da Republica, o prefeito<\/p>\n","protected":false},"author":2,"featured_media":112066,"comment_status":"open","ping_status":"open","sticky":false,"template":"","format":"standard","meta":{"footnotes":""},"categories":[14,22],"tags":[],"class_list":["post-112065","post","type-post","status-publish","format-standard","has-post-thumbnail","hentry","category-barretos","category-politica"],"yoast_head":"<!-- This site is optimized with the Yoast SEO plugin v27.4 - https:\/\/yoast.com\/product\/yoast-seo-wordpress\/ -->\n<title>Odair Silva anuncia os quatro primeiros secret\u00e1rios de sua administra\u00e7\u00e3o - Regi\u00e3o News<\/title>\n<meta name=\"robots\" content=\"index, follow, max-snippet:-1, max-image-preview:large, max-video-preview:-1\" \/>\n<link rel=\"canonical\" href=\"https:\/\/regiaonews.net.br\/2022\/2024\/11\/15\/odair-silva-anuncia-os-4-primeiros-secretarios-de-sua-administracao\/\" \/>\n<meta property=\"og:locale\" content=\"pt_BR\" \/>\n<meta property=\"og:type\" content=\"article\" \/>\n<meta property=\"og:title\" content=\"Odair Silva anuncia os quatro primeiros secret\u00e1rios de sua administra\u00e7\u00e3o - Regi\u00e3o News\" \/>\n<meta property=\"og:description\" content=\"Na manh\u00e3 do feriado de Proclama\u00e7\u00e3o da Republica, o prefeito\" \/>\n<meta property=\"og:url\" content=\"https:\/\/regiaonews.net.br\/2022\/2024\/11\/15\/odair-silva-anuncia-os-4-primeiros-secretarios-de-sua-administracao\/\" \/>\n<meta property=\"og:site_name\" content=\"Regi\u00e3o News\" \/>\n<meta property=\"article:published_time\" content=\"2024-11-15T16:15:39+00:00\" \/>\n<meta property=\"article:modified_time\" content=\"2024-11-15T18:07:15+00:00\" \/>\n<meta property=\"og:image\" content=\"https:\/\/regiaonews.net.br\/2022\/wp-content\/uploads\/2024\/11\/WhatsApp-Image-2024-11-15-at-13.01.54.jpeg\" \/>\n\t<meta property=\"og:image:width\" content=\"1600\" \/>\n\t<meta property=\"og:image:height\" content=\"1200\" \/>\n\t<meta property=\"og:image:type\" content=\"image\/jpeg\" \/>\n<meta name=\"author\" content=\"Roberto\" \/>\n<meta name=\"twitter:card\" content=\"summary_large_image\" \/>\n<meta name=\"twitter:label1\" content=\"Escrito por\" \/>\n\t<meta name=\"twitter:data1\" content=\"Roberto\" \/>\n\t<meta name=\"twitter:label2\" content=\"Est. tempo de leitura\" \/>\n\t<meta name=\"twitter:data2\" content=\"3 minutos\" \/>\n<script type=\"application\/ld+json\" class=\"yoast-schema-graph\">{\"@context\":\"https:\\\/\\\/schema.org\",\"@graph\":[{\"@type\":\"Article\",\"@id\":\"https:\\\/\\\/regiaonews.net.br\\\/2022\\\/2024\\\/11\\\/15\\\/odair-silva-anuncia-os-4-primeiros-secretarios-de-sua-administracao\\\/#article\",\"isPartOf\":{\"@id\":\"https:\\\/\\\/regiaonews.net.br\\\/2022\\\/2024\\\/11\\\/15\\\/odair-silva-anuncia-os-4-primeiros-secretarios-de-sua-administracao\\\/\"},\"author\":{\"name\":\"Roberto\",\"@id\":\"https:\\\/\\\/regiaonews.net.br\\\/2022\\\/#\\\/schema\\\/person\\\/2d205a608a5aa97ac279d7a5e6d89ad8\"},\"headline\":\"Odair Silva anuncia os quatro primeiros secret\u00e1rios de sua administra\u00e7\u00e3o\",\"datePublished\":\"2024-11-15T16:15:39+00:00\",\"dateModified\":\"2024-11-15T18:07:15+00:00\",\"mainEntityOfPage\":{\"@id\":\"https:\\\/\\\/regiaonews.net.br\\\/2022\\\/2024\\\/11\\\/15\\\/odair-silva-anuncia-os-4-primeiros-secretarios-de-sua-administracao\\\/\"},\"wordCount\":418,\"commentCount\":0,\"publisher\":{\"@id\":\"https:\\\/\\\/regiaonews.net.br\\\/2022\\\/#organization\"},\"image\":{\"@id\":\"https:\\\/\\\/regiaonews.net.br\\\/2022\\\/2024\\\/11\\\/15\\\/odair-silva-anuncia-os-4-primeiros-secretarios-de-sua-administracao\\\/#primaryimage\"},\"thumbnailUrl\":\"https:\\\/\\\/regiaonews.net.br\\\/2022\\\/wp-content\\\/uploads\\\/2024\\\/11\\\/WhatsApp-Image-2024-11-15-at-13.01.54.jpeg\",\"articleSection\":[\"Barretos\",\"Pol\u00edtica\"],\"inLanguage\":\"pt-BR\",\"potentialAction\":[{\"@type\":\"CommentAction\",\"name\":\"Comment\",\"target\":[\"https:\\\/\\\/regiaonews.net.br\\\/2022\\\/2024\\\/11\\\/15\\\/odair-silva-anuncia-os-4-primeiros-secretarios-de-sua-administracao\\\/#respond\"]}]},{\"@type\":\"WebPage\",\"@id\":\"https:\\\/\\\/regiaonews.net.br\\\/2022\\\/2024\\\/11\\\/15\\\/odair-silva-anuncia-os-4-primeiros-secretarios-de-sua-administracao\\\/\",\"url\":\"https:\\\/\\\/regiaonews.net.br\\\/2022\\\/2024\\\/11\\\/15\\\/odair-silva-anuncia-os-4-primeiros-secretarios-de-sua-administracao\\\/\",\"name\":\"Odair Silva anuncia os quatro primeiros secret\u00e1rios de sua administra\u00e7\u00e3o - Regi\u00e3o News\",\"isPartOf\":{\"@id\":\"https:\\\/\\\/regiaonews.net.br\\\/2022\\\/#website\"},\"primaryImageOfPage\":{\"@id\":\"https:\\\/\\\/regiaonews.net.br\\\/2022\\\/2024\\\/11\\\/15\\\/odair-silva-anuncia-os-4-primeiros-secretarios-de-sua-administracao\\\/#primaryimage\"},\"image\":{\"@id\":\"https:\\\/\\\/regiaonews.net.br\\\/2022\\\/2024\\\/11\\\/15\\\/odair-silva-anuncia-os-4-primeiros-secretarios-de-sua-administracao\\\/#primaryimage\"},\"thumbnailUrl\":\"https:\\\/\\\/regiaonews.net.br\\\/2022\\\/wp-content\\\/uploads\\\/2024\\\/11\\\/WhatsApp-Image-2024-11-15-at-13.01.54.jpeg\",\"datePublished\":\"2024-11-15T16:15:39+00:00\",\"dateModified\":\"2024-11-15T18:07:15+00:00\",\"breadcrumb\":{\"@id\":\"https:\\\/\\\/regiaonews.net.br\\\/2022\\\/2024\\\/11\\\/15\\\/odair-silva-anuncia-os-4-primeiros-secretarios-de-sua-administracao\\\/#breadcrumb\"},\"inLanguage\":\"pt-BR\",\"potentialAction\":[{\"@type\":\"ReadAction\",\"target\":[\"https:\\\/\\\/regiaonews.net.br\\\/2022\\\/2024\\\/11\\\/15\\\/odair-silva-anuncia-os-4-primeiros-secretarios-de-sua-administracao\\\/\"]}]},{\"@type\":\"ImageObject\",\"inLanguage\":\"pt-BR\",\"@id\":\"https:\\\/\\\/regiaonews.net.br\\\/2022\\\/2024\\\/11\\\/15\\\/odair-silva-anuncia-os-4-primeiros-secretarios-de-sua-administracao\\\/#primaryimage\",\"url\":\"https:\\\/\\\/regiaonews.net.br\\\/2022\\\/wp-content\\\/uploads\\\/2024\\\/11\\\/WhatsApp-Image-2024-11-15-at-13.01.54.jpeg\",\"contentUrl\":\"https:\\\/\\\/regiaonews.net.br\\\/2022\\\/wp-content\\\/uploads\\\/2024\\\/11\\\/WhatsApp-Image-2024-11-15-at-13.01.54.jpeg\",\"width\":1600,\"height\":1200},{\"@type\":\"BreadcrumbList\",\"@id\":\"https:\\\/\\\/regiaonews.net.br\\\/2022\\\/2024\\\/11\\\/15\\\/odair-silva-anuncia-os-4-primeiros-secretarios-de-sua-administracao\\\/#breadcrumb\",\"itemListElement\":[{\"@type\":\"ListItem\",\"position\":1,\"name\":\"In\u00edcio\",\"item\":\"https:\\\/\\\/regiaonews.net.br\\\/2022\\\/\"},{\"@type\":\"ListItem\",\"position\":2,\"name\":\"Odair Silva anuncia os quatro primeiros secret\u00e1rios de sua administra\u00e7\u00e3o\"}]},{\"@type\":\"WebSite\",\"@id\":\"https:\\\/\\\/regiaonews.net.br\\\/2022\\\/#website\",\"url\":\"https:\\\/\\\/regiaonews.net.br\\\/2022\\\/\",\"name\":\"Regi\u00e3o News\",\"description\":\"Site de Not\u00edcias de Barretos e regi\u00e3o\",\"publisher\":{\"@id\":\"https:\\\/\\\/regiaonews.net.br\\\/2022\\\/#organization\"},\"potentialAction\":[{\"@type\":\"SearchAction\",\"target\":{\"@type\":\"EntryPoint\",\"urlTemplate\":\"https:\\\/\\\/regiaonews.net.br\\\/2022\\\/?s={search_term_string}\"},\"query-input\":{\"@type\":\"PropertyValueSpecification\",\"valueRequired\":true,\"valueName\":\"search_term_string\"}}],\"inLanguage\":\"pt-BR\"},{\"@type\":\"Organization\",\"@id\":\"https:\\\/\\\/regiaonews.net.br\\\/2022\\\/#organization\",\"name\":\"Regi\u00e3o News\",\"url\":\"https:\\\/\\\/regiaonews.net.br\\\/2022\\\/\",\"logo\":{\"@type\":\"ImageObject\",\"inLanguage\":\"pt-BR\",\"@id\":\"https:\\\/\\\/regiaonews.net.br\\\/2022\\\/#\\\/schema\\\/logo\\\/image\\\/\",\"url\":\"https:\\\/\\\/regiaonews.net.br\\\/2022\\\/wp-content\\\/uploads\\\/2026\\\/03\\\/regiao-13-anos-scaled.jpg\",\"contentUrl\":\"https:\\\/\\\/regiaonews.net.br\\\/2022\\\/wp-content\\\/uploads\\\/2026\\\/03\\\/regiao-13-anos-scaled.jpg\",\"width\":2560,\"height\":635,\"caption\":\"Regi\u00e3o News\"},\"image\":{\"@id\":\"https:\\\/\\\/regiaonews.net.br\\\/2022\\\/#\\\/schema\\\/logo\\\/image\\\/\"}},{\"@type\":\"Person\",\"@id\":\"https:\\\/\\\/regiaonews.net.br\\\/2022\\\/#\\\/schema\\\/person\\\/2d205a608a5aa97ac279d7a5e6d89ad8\",\"name\":\"Roberto\",\"image\":{\"@type\":\"ImageObject\",\"inLanguage\":\"pt-BR\",\"@id\":\"https:\\\/\\\/secure.gravatar.com\\\/avatar\\\/42749d8b712ff9d59ca93dc150494e5b55a44134482993f5baeb97e61b7ecc89?s=96&d=mm&r=g\",\"url\":\"https:\\\/\\\/secure.gravatar.com\\\/avatar\\\/42749d8b712ff9d59ca93dc150494e5b55a44134482993f5baeb97e61b7ecc89?s=96&d=mm&r=g\",\"contentUrl\":\"https:\\\/\\\/secure.gravatar.com\\\/avatar\\\/42749d8b712ff9d59ca93dc150494e5b55a44134482993f5baeb97e61b7ecc89?s=96&d=mm&r=g\",\"caption\":\"Roberto\"},\"url\":\"https:\\\/\\\/regiaonews.net.br\\\/2022\\\/author\\\/roberto\\\/\"}]}<\/script>\n<!-- \/ Yoast SEO plugin. -->","yoast_head_json":{"title":"Odair Silva anuncia os quatro primeiros secret\u00e1rios de sua administra\u00e7\u00e3o - Regi\u00e3o News","robots":{"index":"index","follow":"follow","max-snippet":"max-snippet:-1","max-image-preview":"max-image-preview:large","max-video-preview":"max-video-preview:-1"},"canonical":"https:\/\/regiaonews.net.br\/2022\/2024\/11\/15\/odair-silva-anuncia-os-4-primeiros-secretarios-de-sua-administracao\/","og_locale":"pt_BR","og_type":"article","og_title":"Odair Silva anuncia os quatro primeiros secret\u00e1rios de sua administra\u00e7\u00e3o - Regi\u00e3o News","og_description":"Na manh\u00e3 do feriado de Proclama\u00e7\u00e3o da Republica, o prefeito","og_url":"https:\/\/regiaonews.net.br\/2022\/2024\/11\/15\/odair-silva-anuncia-os-4-primeiros-secretarios-de-sua-administracao\/","og_site_name":"Regi\u00e3o News","article_published_time":"2024-11-15T16:15:39+00:00","article_modified_time":"2024-11-15T18:07:15+00:00","og_image":[{"width":1600,"height":1200,"url":"https:\/\/regiaonews.net.br\/2022\/wp-content\/uploads\/2024\/11\/WhatsApp-Image-2024-11-15-at-13.01.54.jpeg","type":"image\/jpeg"}],"author":"Roberto","twitter_card":"summary_large_image","twitter_misc":{"Escrito por":"Roberto","Est. tempo de leitura":"3 minutos"},"schema":{"@context":"https:\/\/schema.org","@graph":[{"@type":"Article","@id":"https:\/\/regiaonews.net.br\/2022\/2024\/11\/15\/odair-silva-anuncia-os-4-primeiros-secretarios-de-sua-administracao\/#article","isPartOf":{"@id":"https:\/\/regiaonews.net.br\/2022\/2024\/11\/15\/odair-silva-anuncia-os-4-primeiros-secretarios-de-sua-administracao\/"},"author":{"name":"Roberto","@id":"https:\/\/regiaonews.net.br\/2022\/#\/schema\/person\/2d205a608a5aa97ac279d7a5e6d89ad8"},"headline":"Odair Silva anuncia os quatro primeiros secret\u00e1rios de sua administra\u00e7\u00e3o","datePublished":"2024-11-15T16:15:39+00:00","dateModified":"2024-11-15T18:07:15+00:00","mainEntityOfPage":{"@id":"https:\/\/regiaonews.net.br\/2022\/2024\/11\/15\/odair-silva-anuncia-os-4-primeiros-secretarios-de-sua-administracao\/"},"wordCount":418,"commentCount":0,"publisher":{"@id":"https:\/\/regiaonews.net.br\/2022\/#organization"},"image":{"@id":"https:\/\/regiaonews.net.br\/2022\/2024\/11\/15\/odair-silva-anuncia-os-4-primeiros-secretarios-de-sua-administracao\/#primaryimage"},"thumbnailUrl":"https:\/\/regiaonews.net.br\/2022\/wp-content\/uploads\/2024\/11\/WhatsApp-Image-2024-11-15-at-13.01.54.jpeg","articleSection":["Barretos","Pol\u00edtica"],"inLanguage":"pt-BR","potentialAction":[{"@type":"CommentAction","name":"Comment","target":["https:\/\/regiaonews.net.br\/2022\/2024\/11\/15\/odair-silva-anuncia-os-4-primeiros-secretarios-de-sua-administracao\/#respond"]}]},{"@type":"WebPage","@id":"https:\/\/regiaonews.net.br\/2022\/2024\/11\/15\/odair-silva-anuncia-os-4-primeiros-secretarios-de-sua-administracao\/","url":"https:\/\/regiaonews.net.br\/2022\/2024\/11\/15\/odair-silva-anuncia-os-4-primeiros-secretarios-de-sua-administracao\/","name":"Odair Silva anuncia os quatro primeiros secret\u00e1rios de sua administra\u00e7\u00e3o - Regi\u00e3o News","isPartOf":{"@id":"https:\/\/regiaonews.net.br\/2022\/#website"},"primaryImageOfPage":{"@id":"https:\/\/regiaonews.net.br\/2022\/2024\/11\/15\/odair-silva-anuncia-os-4-primeiros-secretarios-de-sua-administracao\/#primaryimage"},"image":{"@id":"https:\/\/regiaonews.net.br\/2022\/2024\/11\/15\/odair-silva-anuncia-os-4-primeiros-secretarios-de-sua-administracao\/#primaryimage"},"thumbnailUrl":"https:\/\/regiaonews.net.br\/2022\/wp-content\/uploads\/2024\/11\/WhatsApp-Image-2024-11-15-at-13.01.54.jpeg","datePublished":"2024-11-15T16:15:39+00:00","dateModified":"2024-11-15T18:07:15+00:00","breadcrumb":{"@id":"https:\/\/regiaonews.net.br\/2022\/2024\/11\/15\/odair-silva-anuncia-os-4-primeiros-secretarios-de-sua-administracao\/#breadcrumb"},"inLanguage":"pt-BR","potentialAction":[{"@type":"ReadAction","target":["https:\/\/regiaonews.net.br\/2022\/2024\/11\/15\/odair-silva-anuncia-os-4-primeiros-secretarios-de-sua-administracao\/"]}]},{"@type":"ImageObject","inLanguage":"pt-BR","@id":"https:\/\/regiaonews.net.br\/2022\/2024\/11\/15\/odair-silva-anuncia-os-4-primeiros-secretarios-de-sua-administracao\/#primaryimage","url":"https:\/\/regiaonews.net.br\/2022\/wp-content\/uploads\/2024\/11\/WhatsApp-Image-2024-11-15-at-13.01.54.jpeg","contentUrl":"https:\/\/regiaonews.net.br\/2022\/wp-content\/uploads\/2024\/11\/WhatsApp-Image-2024-11-15-at-13.01.54.jpeg","width":1600,"height":1200},{"@type":"BreadcrumbList","@id":"https:\/\/regiaonews.net.br\/2022\/2024\/11\/15\/odair-silva-anuncia-os-4-primeiros-secretarios-de-sua-administracao\/#breadcrumb","itemListElement":[{"@type":"ListItem","position":1,"name":"In\u00edcio","item":"https:\/\/regiaonews.net.br\/2022\/"},{"@type":"ListItem","position":2,"name":"Odair Silva anuncia os quatro primeiros secret\u00e1rios de sua administra\u00e7\u00e3o"}]},{"@type":"WebSite","@id":"https:\/\/regiaonews.net.br\/2022\/#website","url":"https:\/\/regiaonews.net.br\/2022\/","name":"Regi\u00e3o News","description":"Site de Not\u00edcias de Barretos e regi\u00e3o","publisher":{"@id":"https:\/\/regiaonews.net.br\/2022\/#organization"},"potentialAction":[{"@type":"SearchAction","target":{"@type":"EntryPoint","urlTemplate":"https:\/\/regiaonews.net.br\/2022\/?s={search_term_string}"},"query-input":{"@type":"PropertyValueSpecification","valueRequired":true,"valueName":"search_term_string"}}],"inLanguage":"pt-BR"},{"@type":"Organization","@id":"https:\/\/regiaonews.net.br\/2022\/#organization","name":"Regi\u00e3o News","url":"https:\/\/regiaonews.net.br\/2022\/","logo":{"@type":"ImageObject","inLanguage":"pt-BR","@id":"https:\/\/regiaonews.net.br\/2022\/#\/schema\/logo\/image\/","url":"https:\/\/regiaonews.net.br\/2022\/wp-content\/uploads\/2026\/03\/regiao-13-anos-scaled.jpg","contentUrl":"https:\/\/regiaonews.net.br\/2022\/wp-content\/uploads\/2026\/03\/regiao-13-anos-scaled.jpg","width":2560,"height":635,"caption":"Regi\u00e3o News"},"image":{"@id":"https:\/\/regiaonews.net.br\/2022\/#\/schema\/logo\/image\/"}},{"@type":"Person","@id":"https:\/\/regiaonews.net.br\/2022\/#\/schema\/person\/2d205a608a5aa97ac279d7a5e6d89ad8","name":"Roberto","image":{"@type":"ImageObject","inLanguage":"pt-BR","@id":"https:\/\/secure.gravatar.com\/avatar\/42749d8b712ff9d59ca93dc150494e5b55a44134482993f5baeb97e61b7ecc89?s=96&d=mm&r=g","url":"https:\/\/secure.gravatar.com\/avatar\/42749d8b712ff9d59ca93dc150494e5b55a44134482993f5baeb97e61b7ecc89?s=96&d=mm&r=g","contentUrl":"https:\/\/secure.gravatar.com\/avatar\/42749d8b712ff9d59ca93dc150494e5b55a44134482993f5baeb97e61b7ecc89?s=96&d=mm&r=g","caption":"Roberto"},"url":"https:\/\/regiaonews.net.br\/2022\/author\/roberto\/"}]}},"publishpress_future_action":{"enabled":false,"date":"2026-05-02 05:21:41","action":"change-status","newStatus":"draft","terms":[],"taxonomy":"category","extraData":[]},"publishpress_future_workflow_manual_trigger":{"enabledWorkflows":[]},"_links":{"self":[{"href":"https:\/\/regiaonews.net.br\/2022\/wp-json\/wp\/v2\/posts\/112065","targetHints":{"allow":["GET"]}}],"collection":[{"href":"https:\/\/regiaonews.net.br\/2022\/wp-json\/wp\/v2\/posts"}],"about":[{"href":"https:\/\/regiaonews.net.br\/2022\/wp-json\/wp\/v2\/types\/post"}],"author":[{"embeddable":true,"href":"https:\/\/regiaonews.net.br\/2022\/wp-json\/wp\/v2\/users\/2"}],"replies":[{"embeddable":true,"href":"https:\/\/regiaonews.net.br\/2022\/wp-json\/wp\/v2\/comments?post=112065"}],"version-history":[{"count":2,"href":"https:\/\/regiaonews.net.br\/2022\/wp-json\/wp\/v2\/posts\/112065\/revisions"}],"predecessor-version":[{"id":112068,"href":"https:\/\/regiaonews.net.br\/2022\/wp-json\/wp\/v2\/posts\/112065\/revisions\/112068"}],"wp:featuredmedia":[{"embeddable":true,"href":"https:\/\/regiaonews.net.br\/2022\/wp-json\/wp\/v2\/media\/112066"}],"wp:attachment":[{"href":"https:\/\/regiaonews.net.br\/2022\/wp-json\/wp\/v2\/media?parent=112065"}],"wp:term":[{"taxonomy":"category","embeddable":true,"href":"https:\/\/regiaonews.net.br\/2022\/wp-json\/wp\/v2\/categories?post=112065"},{"taxonomy":"post_tag","embeddable":true,"href":"https:\/\/regiaonews.net.br\/2022\/wp-json\/wp\/v2\/tags?post=112065"}],"curies":[{"name":"wp","href":"https:\/\/api.w.org\/{rel}","templated":true}]}}