{"id":111979,"date":"2024-11-13T08:38:08","date_gmt":"2024-11-13T11:38:08","guid":{"rendered":"https:\/\/regiaonews.net.br\/2022\/?p=111979"},"modified":"2024-11-13T09:24:24","modified_gmt":"2024-11-13T12:24:24","slug":"policia-civil-de-barretos-prende-integrantes-de-organizacao-criminosa-especializada-em-furtos-em-clube-de-tiros","status":"publish","type":"post","link":"https:\/\/regiaonews.net.br\/2022\/2024\/11\/13\/policia-civil-de-barretos-prende-integrantes-de-organizacao-criminosa-especializada-em-furtos-em-clube-de-tiros\/","title":{"rendered":"Pol\u00edcia Civil de Barretos prende integrantes de organiza\u00e7\u00e3o criminosa especializada em furtos em clube de tiros"},"content":{"rendered":"<p>&nbsp;<\/p>\n<p>Na manh\u00e3 desta quarta-feira (13), policiais civis da DIG e DISE de Barretos, em a\u00e7\u00e3o conjunta com a Pol\u00edcia Civil de Minas Gerais, prenderam dois homens investigados por integrarem uma organiza\u00e7\u00e3o criminosa especializada em furtos de estabelecimentos de armas e muni\u00e7\u00f5es. As pris\u00f5es foram realizadas no bairro Shopping Park, em Uberl\u00e2ndia-MG.<\/p>\n<p>Os investigados, de 35 e 28 anos, s\u00e3o suspeitos de participarem do furto de 24 armas de fogo de uma empresa especializada em Barretos, ocorrido em 31 de julho de 2023. O grupo voltou a agir no mesmo estabelecimento em 19 de fevereiro deste ano, quando tentaram realizar novo furto, mas n\u00e3o obtiveram \u00eaxito.<\/p>\n<p>A investiga\u00e7\u00e3o revelou que a primeira a\u00e7\u00e3o foi meticulosamente planejada. Os criminosos, ap\u00f3s neutralizarem o sistema de seguran\u00e7a, arrombaram diferentes acessos do estabelecimento at\u00e9 chegarem ao local onde as armas estavam armazenadas. A a\u00e7\u00e3o criminosa, que durou cerca de duas horas e meia, foi interrompida com a aproxima\u00e7\u00e3o de uma viatura da Pol\u00edcia Militar.<\/p>\n<p>Durante as dilig\u00eancias investigativas, parte do armamento foi recuperada no estado de Minas Gerais. Um terceiro envolvido j\u00e1 havia sido identificado atrav\u00e9s de per\u00edcia papilosc\u00f3pica, sendo preso anteriormente em Barretos, onde responde ao processo criminal.<\/p>\n<p>Os suspeitos presos na data de hoje permanecer\u00e3o recolhidos pelo prazo de cinco dias, per\u00edodo em que a Pol\u00edcia Civil dever\u00e1 concluir as investiga\u00e7\u00f5es, podendo a autoridade policial representar pela convers\u00e3o da pris\u00e3o tempor\u00e1ria em preventiva.<\/p>\n<p>As investiga\u00e7\u00f5es prosseguem para identificar outros integrantes da organiza\u00e7\u00e3o criminosa, bem como poss\u00edveis ramifica\u00e7\u00f5es do grupo em a\u00e7\u00f5es semelhantes em outros munic\u00edpios.<\/p>\n<div style=\"width: 640px;\" class=\"wp-video\"><video class=\"wp-video-shortcode\" id=\"video-111979-1\" width=\"640\" height=\"361\" preload=\"metadata\" controls=\"controls\"><source type=\"video\/mp4\" src=\"https:\/\/regiaonews.net.br\/2022\/wp-content\/uploads\/2024\/11\/WhatsApp-Video-2024-11-13-at-09.13.05.mp4?_=1\" \/><a href=\"https:\/\/regiaonews.net.br\/2022\/wp-content\/uploads\/2024\/11\/WhatsApp-Video-2024-11-13-at-09.13.05.mp4\">https:\/\/regiaonews.net.br\/2022\/wp-content\/uploads\/2024\/11\/WhatsApp-Video-2024-11-13-at-09.13.05.mp4<\/a><\/video><\/div>\n","protected":false},"excerpt":{"rendered":"<p>&nbsp; Na manh\u00e3 desta quarta-feira (13), policiais civis da DIG<\/p>\n","protected":false},"author":2,"featured_media":111980,"comment_status":"open","ping_status":"open","sticky":false,"template":"","format":"standard","meta":{"footnotes":""},"categories":[14,23],"tags":[],"class_list":["post-111979","post","type-post","status-publish","format-standard","has-post-thumbnail","hentry","category-barretos","category-policia"],"yoast_head":"<!-- This site is optimized with the Yoast SEO plugin v27.4 - https:\/\/yoast.com\/product\/yoast-seo-wordpress\/ -->\n<title>Pol\u00edcia Civil de Barretos prende integrantes de organiza\u00e7\u00e3o criminosa especializada em furtos em clube de tiros - Regi\u00e3o News<\/title>\n<meta name=\"robots\" content=\"index, follow, max-snippet:-1, max-image-preview:large, max-video-preview:-1\" \/>\n<link rel=\"canonical\" href=\"https:\/\/regiaonews.net.br\/2022\/2024\/11\/13\/policia-civil-de-barretos-prende-integrantes-de-organizacao-criminosa-especializada-em-furtos-em-clube-de-tiros\/\" \/>\n<meta property=\"og:locale\" content=\"pt_BR\" \/>\n<meta property=\"og:type\" content=\"article\" \/>\n<meta property=\"og:title\" content=\"Pol\u00edcia Civil de Barretos prende integrantes de organiza\u00e7\u00e3o criminosa especializada em furtos em clube de tiros - Regi\u00e3o News\" \/>\n<meta property=\"og:description\" content=\"&nbsp; Na manh\u00e3 desta quarta-feira (13), policiais civis da DIG\" \/>\n<meta property=\"og:url\" content=\"https:\/\/regiaonews.net.br\/2022\/2024\/11\/13\/policia-civil-de-barretos-prende-integrantes-de-organizacao-criminosa-especializada-em-furtos-em-clube-de-tiros\/\" \/>\n<meta property=\"og:site_name\" content=\"Regi\u00e3o News\" \/>\n<meta property=\"article:published_time\" content=\"2024-11-13T11:38:08+00:00\" \/>\n<meta property=\"article:modified_time\" content=\"2024-11-13T12:24:24+00:00\" \/>\n<meta property=\"og:image\" content=\"https:\/\/regiaonews.net.br\/2022\/wp-content\/uploads\/2024\/11\/IMG-20241113-WA0100.jpg\" \/>\n\t<meta property=\"og:image:width\" content=\"1600\" \/>\n\t<meta property=\"og:image:height\" content=\"1200\" \/>\n\t<meta property=\"og:image:type\" content=\"image\/jpeg\" \/>\n<meta name=\"author\" content=\"Roberto\" \/>\n<meta name=\"twitter:card\" content=\"summary_large_image\" \/>\n<meta name=\"twitter:label1\" content=\"Escrito por\" \/>\n\t<meta name=\"twitter:data1\" content=\"Roberto\" \/>\n\t<meta name=\"twitter:label2\" content=\"Est. tempo de leitura\" \/>\n\t<meta name=\"twitter:data2\" content=\"2 minutos\" \/>\n<script type=\"application\/ld+json\" class=\"yoast-schema-graph\">{\"@context\":\"https:\\\/\\\/schema.org\",\"@graph\":[{\"@type\":\"Article\",\"@id\":\"https:\\\/\\\/regiaonews.net.br\\\/2022\\\/2024\\\/11\\\/13\\\/policia-civil-de-barretos-prende-integrantes-de-organizacao-criminosa-especializada-em-furtos-em-clube-de-tiros\\\/#article\",\"isPartOf\":{\"@id\":\"https:\\\/\\\/regiaonews.net.br\\\/2022\\\/2024\\\/11\\\/13\\\/policia-civil-de-barretos-prende-integrantes-de-organizacao-criminosa-especializada-em-furtos-em-clube-de-tiros\\\/\"},\"author\":{\"name\":\"Roberto\",\"@id\":\"https:\\\/\\\/regiaonews.net.br\\\/2022\\\/#\\\/schema\\\/person\\\/2d205a608a5aa97ac279d7a5e6d89ad8\"},\"headline\":\"Pol\u00edcia Civil de Barretos prende integrantes de organiza\u00e7\u00e3o criminosa especializada em furtos em clube de tiros\",\"datePublished\":\"2024-11-13T11:38:08+00:00\",\"dateModified\":\"2024-11-13T12:24:24+00:00\",\"mainEntityOfPage\":{\"@id\":\"https:\\\/\\\/regiaonews.net.br\\\/2022\\\/2024\\\/11\\\/13\\\/policia-civil-de-barretos-prende-integrantes-de-organizacao-criminosa-especializada-em-furtos-em-clube-de-tiros\\\/\"},\"wordCount\":312,\"commentCount\":0,\"publisher\":{\"@id\":\"https:\\\/\\\/regiaonews.net.br\\\/2022\\\/#organization\"},\"image\":{\"@id\":\"https:\\\/\\\/regiaonews.net.br\\\/2022\\\/2024\\\/11\\\/13\\\/policia-civil-de-barretos-prende-integrantes-de-organizacao-criminosa-especializada-em-furtos-em-clube-de-tiros\\\/#primaryimage\"},\"thumbnailUrl\":\"https:\\\/\\\/regiaonews.net.br\\\/2022\\\/wp-content\\\/uploads\\\/2024\\\/11\\\/IMG-20241113-WA0100.jpg\",\"articleSection\":[\"Barretos\",\"Policia\"],\"inLanguage\":\"pt-BR\",\"potentialAction\":[{\"@type\":\"CommentAction\",\"name\":\"Comment\",\"target\":[\"https:\\\/\\\/regiaonews.net.br\\\/2022\\\/2024\\\/11\\\/13\\\/policia-civil-de-barretos-prende-integrantes-de-organizacao-criminosa-especializada-em-furtos-em-clube-de-tiros\\\/#respond\"]}]},{\"@type\":\"WebPage\",\"@id\":\"https:\\\/\\\/regiaonews.net.br\\\/2022\\\/2024\\\/11\\\/13\\\/policia-civil-de-barretos-prende-integrantes-de-organizacao-criminosa-especializada-em-furtos-em-clube-de-tiros\\\/\",\"url\":\"https:\\\/\\\/regiaonews.net.br\\\/2022\\\/2024\\\/11\\\/13\\\/policia-civil-de-barretos-prende-integrantes-de-organizacao-criminosa-especializada-em-furtos-em-clube-de-tiros\\\/\",\"name\":\"Pol\u00edcia Civil de Barretos prende integrantes de organiza\u00e7\u00e3o criminosa especializada em furtos em clube de tiros - Regi\u00e3o News\",\"isPartOf\":{\"@id\":\"https:\\\/\\\/regiaonews.net.br\\\/2022\\\/#website\"},\"primaryImageOfPage\":{\"@id\":\"https:\\\/\\\/regiaonews.net.br\\\/2022\\\/2024\\\/11\\\/13\\\/policia-civil-de-barretos-prende-integrantes-de-organizacao-criminosa-especializada-em-furtos-em-clube-de-tiros\\\/#primaryimage\"},\"image\":{\"@id\":\"https:\\\/\\\/regiaonews.net.br\\\/2022\\\/2024\\\/11\\\/13\\\/policia-civil-de-barretos-prende-integrantes-de-organizacao-criminosa-especializada-em-furtos-em-clube-de-tiros\\\/#primaryimage\"},\"thumbnailUrl\":\"https:\\\/\\\/regiaonews.net.br\\\/2022\\\/wp-content\\\/uploads\\\/2024\\\/11\\\/IMG-20241113-WA0100.jpg\",\"datePublished\":\"2024-11-13T11:38:08+00:00\",\"dateModified\":\"2024-11-13T12:24:24+00:00\",\"breadcrumb\":{\"@id\":\"https:\\\/\\\/regiaonews.net.br\\\/2022\\\/2024\\\/11\\\/13\\\/policia-civil-de-barretos-prende-integrantes-de-organizacao-criminosa-especializada-em-furtos-em-clube-de-tiros\\\/#breadcrumb\"},\"inLanguage\":\"pt-BR\",\"potentialAction\":[{\"@type\":\"ReadAction\",\"target\":[\"https:\\\/\\\/regiaonews.net.br\\\/2022\\\/2024\\\/11\\\/13\\\/policia-civil-de-barretos-prende-integrantes-de-organizacao-criminosa-especializada-em-furtos-em-clube-de-tiros\\\/\"]}]},{\"@type\":\"ImageObject\",\"inLanguage\":\"pt-BR\",\"@id\":\"https:\\\/\\\/regiaonews.net.br\\\/2022\\\/2024\\\/11\\\/13\\\/policia-civil-de-barretos-prende-integrantes-de-organizacao-criminosa-especializada-em-furtos-em-clube-de-tiros\\\/#primaryimage\",\"url\":\"https:\\\/\\\/regiaonews.net.br\\\/2022\\\/wp-content\\\/uploads\\\/2024\\\/11\\\/IMG-20241113-WA0100.jpg\",\"contentUrl\":\"https:\\\/\\\/regiaonews.net.br\\\/2022\\\/wp-content\\\/uploads\\\/2024\\\/11\\\/IMG-20241113-WA0100.jpg\",\"width\":1600,\"height\":1200},{\"@type\":\"BreadcrumbList\",\"@id\":\"https:\\\/\\\/regiaonews.net.br\\\/2022\\\/2024\\\/11\\\/13\\\/policia-civil-de-barretos-prende-integrantes-de-organizacao-criminosa-especializada-em-furtos-em-clube-de-tiros\\\/#breadcrumb\",\"itemListElement\":[{\"@type\":\"ListItem\",\"position\":1,\"name\":\"In\u00edcio\",\"item\":\"https:\\\/\\\/regiaonews.net.br\\\/2022\\\/\"},{\"@type\":\"ListItem\",\"position\":2,\"name\":\"Pol\u00edcia Civil de Barretos prende integrantes de organiza\u00e7\u00e3o criminosa especializada em furtos em clube de tiros\"}]},{\"@type\":\"WebSite\",\"@id\":\"https:\\\/\\\/regiaonews.net.br\\\/2022\\\/#website\",\"url\":\"https:\\\/\\\/regiaonews.net.br\\\/2022\\\/\",\"name\":\"Regi\u00e3o News\",\"description\":\"Site de Not\u00edcias de Barretos e regi\u00e3o\",\"publisher\":{\"@id\":\"https:\\\/\\\/regiaonews.net.br\\\/2022\\\/#organization\"},\"potentialAction\":[{\"@type\":\"SearchAction\",\"target\":{\"@type\":\"EntryPoint\",\"urlTemplate\":\"https:\\\/\\\/regiaonews.net.br\\\/2022\\\/?s={search_term_string}\"},\"query-input\":{\"@type\":\"PropertyValueSpecification\",\"valueRequired\":true,\"valueName\":\"search_term_string\"}}],\"inLanguage\":\"pt-BR\"},{\"@type\":\"Organization\",\"@id\":\"https:\\\/\\\/regiaonews.net.br\\\/2022\\\/#organization\",\"name\":\"Regi\u00e3o News\",\"url\":\"https:\\\/\\\/regiaonews.net.br\\\/2022\\\/\",\"logo\":{\"@type\":\"ImageObject\",\"inLanguage\":\"pt-BR\",\"@id\":\"https:\\\/\\\/regiaonews.net.br\\\/2022\\\/#\\\/schema\\\/logo\\\/image\\\/\",\"url\":\"https:\\\/\\\/regiaonews.net.br\\\/2022\\\/wp-content\\\/uploads\\\/2026\\\/03\\\/regiao-13-anos-scaled.jpg\",\"contentUrl\":\"https:\\\/\\\/regiaonews.net.br\\\/2022\\\/wp-content\\\/uploads\\\/2026\\\/03\\\/regiao-13-anos-scaled.jpg\",\"width\":2560,\"height\":635,\"caption\":\"Regi\u00e3o News\"},\"image\":{\"@id\":\"https:\\\/\\\/regiaonews.net.br\\\/2022\\\/#\\\/schema\\\/logo\\\/image\\\/\"}},{\"@type\":\"Person\",\"@id\":\"https:\\\/\\\/regiaonews.net.br\\\/2022\\\/#\\\/schema\\\/person\\\/2d205a608a5aa97ac279d7a5e6d89ad8\",\"name\":\"Roberto\",\"image\":{\"@type\":\"ImageObject\",\"inLanguage\":\"pt-BR\",\"@id\":\"https:\\\/\\\/secure.gravatar.com\\\/avatar\\\/42749d8b712ff9d59ca93dc150494e5b55a44134482993f5baeb97e61b7ecc89?s=96&d=mm&r=g\",\"url\":\"https:\\\/\\\/secure.gravatar.com\\\/avatar\\\/42749d8b712ff9d59ca93dc150494e5b55a44134482993f5baeb97e61b7ecc89?s=96&d=mm&r=g\",\"contentUrl\":\"https:\\\/\\\/secure.gravatar.com\\\/avatar\\\/42749d8b712ff9d59ca93dc150494e5b55a44134482993f5baeb97e61b7ecc89?s=96&d=mm&r=g\",\"caption\":\"Roberto\"},\"url\":\"https:\\\/\\\/regiaonews.net.br\\\/2022\\\/author\\\/roberto\\\/\"}]}<\/script>\n<!-- \/ Yoast SEO plugin. -->","yoast_head_json":{"title":"Pol\u00edcia Civil de Barretos prende integrantes de organiza\u00e7\u00e3o criminosa especializada em furtos em clube de tiros - Regi\u00e3o News","robots":{"index":"index","follow":"follow","max-snippet":"max-snippet:-1","max-image-preview":"max-image-preview:large","max-video-preview":"max-video-preview:-1"},"canonical":"https:\/\/regiaonews.net.br\/2022\/2024\/11\/13\/policia-civil-de-barretos-prende-integrantes-de-organizacao-criminosa-especializada-em-furtos-em-clube-de-tiros\/","og_locale":"pt_BR","og_type":"article","og_title":"Pol\u00edcia Civil de Barretos prende integrantes de organiza\u00e7\u00e3o criminosa especializada em furtos em clube de tiros - Regi\u00e3o News","og_description":"&nbsp; Na manh\u00e3 desta quarta-feira (13), policiais civis da DIG","og_url":"https:\/\/regiaonews.net.br\/2022\/2024\/11\/13\/policia-civil-de-barretos-prende-integrantes-de-organizacao-criminosa-especializada-em-furtos-em-clube-de-tiros\/","og_site_name":"Regi\u00e3o News","article_published_time":"2024-11-13T11:38:08+00:00","article_modified_time":"2024-11-13T12:24:24+00:00","og_image":[{"width":1600,"height":1200,"url":"https:\/\/regiaonews.net.br\/2022\/wp-content\/uploads\/2024\/11\/IMG-20241113-WA0100.jpg","type":"image\/jpeg"}],"author":"Roberto","twitter_card":"summary_large_image","twitter_misc":{"Escrito por":"Roberto","Est. tempo de leitura":"2 minutos"},"schema":{"@context":"https:\/\/schema.org","@graph":[{"@type":"Article","@id":"https:\/\/regiaonews.net.br\/2022\/2024\/11\/13\/policia-civil-de-barretos-prende-integrantes-de-organizacao-criminosa-especializada-em-furtos-em-clube-de-tiros\/#article","isPartOf":{"@id":"https:\/\/regiaonews.net.br\/2022\/2024\/11\/13\/policia-civil-de-barretos-prende-integrantes-de-organizacao-criminosa-especializada-em-furtos-em-clube-de-tiros\/"},"author":{"name":"Roberto","@id":"https:\/\/regiaonews.net.br\/2022\/#\/schema\/person\/2d205a608a5aa97ac279d7a5e6d89ad8"},"headline":"Pol\u00edcia Civil de Barretos prende integrantes de organiza\u00e7\u00e3o criminosa especializada em furtos em clube de tiros","datePublished":"2024-11-13T11:38:08+00:00","dateModified":"2024-11-13T12:24:24+00:00","mainEntityOfPage":{"@id":"https:\/\/regiaonews.net.br\/2022\/2024\/11\/13\/policia-civil-de-barretos-prende-integrantes-de-organizacao-criminosa-especializada-em-furtos-em-clube-de-tiros\/"},"wordCount":312,"commentCount":0,"publisher":{"@id":"https:\/\/regiaonews.net.br\/2022\/#organization"},"image":{"@id":"https:\/\/regiaonews.net.br\/2022\/2024\/11\/13\/policia-civil-de-barretos-prende-integrantes-de-organizacao-criminosa-especializada-em-furtos-em-clube-de-tiros\/#primaryimage"},"thumbnailUrl":"https:\/\/regiaonews.net.br\/2022\/wp-content\/uploads\/2024\/11\/IMG-20241113-WA0100.jpg","articleSection":["Barretos","Policia"],"inLanguage":"pt-BR","potentialAction":[{"@type":"CommentAction","name":"Comment","target":["https:\/\/regiaonews.net.br\/2022\/2024\/11\/13\/policia-civil-de-barretos-prende-integrantes-de-organizacao-criminosa-especializada-em-furtos-em-clube-de-tiros\/#respond"]}]},{"@type":"WebPage","@id":"https:\/\/regiaonews.net.br\/2022\/2024\/11\/13\/policia-civil-de-barretos-prende-integrantes-de-organizacao-criminosa-especializada-em-furtos-em-clube-de-tiros\/","url":"https:\/\/regiaonews.net.br\/2022\/2024\/11\/13\/policia-civil-de-barretos-prende-integrantes-de-organizacao-criminosa-especializada-em-furtos-em-clube-de-tiros\/","name":"Pol\u00edcia Civil de Barretos prende integrantes de organiza\u00e7\u00e3o criminosa especializada em furtos em clube de tiros - Regi\u00e3o News","isPartOf":{"@id":"https:\/\/regiaonews.net.br\/2022\/#website"},"primaryImageOfPage":{"@id":"https:\/\/regiaonews.net.br\/2022\/2024\/11\/13\/policia-civil-de-barretos-prende-integrantes-de-organizacao-criminosa-especializada-em-furtos-em-clube-de-tiros\/#primaryimage"},"image":{"@id":"https:\/\/regiaonews.net.br\/2022\/2024\/11\/13\/policia-civil-de-barretos-prende-integrantes-de-organizacao-criminosa-especializada-em-furtos-em-clube-de-tiros\/#primaryimage"},"thumbnailUrl":"https:\/\/regiaonews.net.br\/2022\/wp-content\/uploads\/2024\/11\/IMG-20241113-WA0100.jpg","datePublished":"2024-11-13T11:38:08+00:00","dateModified":"2024-11-13T12:24:24+00:00","breadcrumb":{"@id":"https:\/\/regiaonews.net.br\/2022\/2024\/11\/13\/policia-civil-de-barretos-prende-integrantes-de-organizacao-criminosa-especializada-em-furtos-em-clube-de-tiros\/#breadcrumb"},"inLanguage":"pt-BR","potentialAction":[{"@type":"ReadAction","target":["https:\/\/regiaonews.net.br\/2022\/2024\/11\/13\/policia-civil-de-barretos-prende-integrantes-de-organizacao-criminosa-especializada-em-furtos-em-clube-de-tiros\/"]}]},{"@type":"ImageObject","inLanguage":"pt-BR","@id":"https:\/\/regiaonews.net.br\/2022\/2024\/11\/13\/policia-civil-de-barretos-prende-integrantes-de-organizacao-criminosa-especializada-em-furtos-em-clube-de-tiros\/#primaryimage","url":"https:\/\/regiaonews.net.br\/2022\/wp-content\/uploads\/2024\/11\/IMG-20241113-WA0100.jpg","contentUrl":"https:\/\/regiaonews.net.br\/2022\/wp-content\/uploads\/2024\/11\/IMG-20241113-WA0100.jpg","width":1600,"height":1200},{"@type":"BreadcrumbList","@id":"https:\/\/regiaonews.net.br\/2022\/2024\/11\/13\/policia-civil-de-barretos-prende-integrantes-de-organizacao-criminosa-especializada-em-furtos-em-clube-de-tiros\/#breadcrumb","itemListElement":[{"@type":"ListItem","position":1,"name":"In\u00edcio","item":"https:\/\/regiaonews.net.br\/2022\/"},{"@type":"ListItem","position":2,"name":"Pol\u00edcia Civil de Barretos prende integrantes de organiza\u00e7\u00e3o criminosa especializada em furtos em clube de tiros"}]},{"@type":"WebSite","@id":"https:\/\/regiaonews.net.br\/2022\/#website","url":"https:\/\/regiaonews.net.br\/2022\/","name":"Regi\u00e3o News","description":"Site de Not\u00edcias de Barretos e regi\u00e3o","publisher":{"@id":"https:\/\/regiaonews.net.br\/2022\/#organization"},"potentialAction":[{"@type":"SearchAction","target":{"@type":"EntryPoint","urlTemplate":"https:\/\/regiaonews.net.br\/2022\/?s={search_term_string}"},"query-input":{"@type":"PropertyValueSpecification","valueRequired":true,"valueName":"search_term_string"}}],"inLanguage":"pt-BR"},{"@type":"Organization","@id":"https:\/\/regiaonews.net.br\/2022\/#organization","name":"Regi\u00e3o News","url":"https:\/\/regiaonews.net.br\/2022\/","logo":{"@type":"ImageObject","inLanguage":"pt-BR","@id":"https:\/\/regiaonews.net.br\/2022\/#\/schema\/logo\/image\/","url":"https:\/\/regiaonews.net.br\/2022\/wp-content\/uploads\/2026\/03\/regiao-13-anos-scaled.jpg","contentUrl":"https:\/\/regiaonews.net.br\/2022\/wp-content\/uploads\/2026\/03\/regiao-13-anos-scaled.jpg","width":2560,"height":635,"caption":"Regi\u00e3o News"},"image":{"@id":"https:\/\/regiaonews.net.br\/2022\/#\/schema\/logo\/image\/"}},{"@type":"Person","@id":"https:\/\/regiaonews.net.br\/2022\/#\/schema\/person\/2d205a608a5aa97ac279d7a5e6d89ad8","name":"Roberto","image":{"@type":"ImageObject","inLanguage":"pt-BR","@id":"https:\/\/secure.gravatar.com\/avatar\/42749d8b712ff9d59ca93dc150494e5b55a44134482993f5baeb97e61b7ecc89?s=96&d=mm&r=g","url":"https:\/\/secure.gravatar.com\/avatar\/42749d8b712ff9d59ca93dc150494e5b55a44134482993f5baeb97e61b7ecc89?s=96&d=mm&r=g","contentUrl":"https:\/\/secure.gravatar.com\/avatar\/42749d8b712ff9d59ca93dc150494e5b55a44134482993f5baeb97e61b7ecc89?s=96&d=mm&r=g","caption":"Roberto"},"url":"https:\/\/regiaonews.net.br\/2022\/author\/roberto\/"}]}},"publishpress_future_action":{"enabled":false,"date":"2026-05-02 06:52:07","action":"change-status","newStatus":"draft","terms":[],"taxonomy":"category","extraData":[]},"publishpress_future_workflow_manual_trigger":{"enabledWorkflows":[]},"_links":{"self":[{"href":"https:\/\/regiaonews.net.br\/2022\/wp-json\/wp\/v2\/posts\/111979","targetHints":{"allow":["GET"]}}],"collection":[{"href":"https:\/\/regiaonews.net.br\/2022\/wp-json\/wp\/v2\/posts"}],"about":[{"href":"https:\/\/regiaonews.net.br\/2022\/wp-json\/wp\/v2\/types\/post"}],"author":[{"embeddable":true,"href":"https:\/\/regiaonews.net.br\/2022\/wp-json\/wp\/v2\/users\/2"}],"replies":[{"embeddable":true,"href":"https:\/\/regiaonews.net.br\/2022\/wp-json\/wp\/v2\/comments?post=111979"}],"version-history":[{"count":3,"href":"https:\/\/regiaonews.net.br\/2022\/wp-json\/wp\/v2\/posts\/111979\/revisions"}],"predecessor-version":[{"id":111984,"href":"https:\/\/regiaonews.net.br\/2022\/wp-json\/wp\/v2\/posts\/111979\/revisions\/111984"}],"wp:featuredmedia":[{"embeddable":true,"href":"https:\/\/regiaonews.net.br\/2022\/wp-json\/wp\/v2\/media\/111980"}],"wp:attachment":[{"href":"https:\/\/regiaonews.net.br\/2022\/wp-json\/wp\/v2\/media?parent=111979"}],"wp:term":[{"taxonomy":"category","embeddable":true,"href":"https:\/\/regiaonews.net.br\/2022\/wp-json\/wp\/v2\/categories?post=111979"},{"taxonomy":"post_tag","embeddable":true,"href":"https:\/\/regiaonews.net.br\/2022\/wp-json\/wp\/v2\/tags?post=111979"}],"curies":[{"name":"wp","href":"https:\/\/api.w.org\/{rel}","templated":true}]}}