{"id":111937,"date":"2024-11-12T09:24:04","date_gmt":"2024-11-12T12:24:04","guid":{"rendered":"https:\/\/regiaonews.net.br\/2022\/?p=111937"},"modified":"2024-11-12T09:27:34","modified_gmt":"2024-11-12T12:27:34","slug":"santos-esta-de-volta-a-elite-do-futebol-brasileiro-apos-bater-o-coritiba","status":"publish","type":"post","link":"https:\/\/regiaonews.net.br\/2022\/2024\/11\/12\/santos-esta-de-volta-a-elite-do-futebol-brasileiro-apos-bater-o-coritiba\/","title":{"rendered":"Santos est\u00e1 de volta a elite do futebol brasileiro ap\u00f3s bater o Coritiba"},"content":{"rendered":"<div class=\"box-share\">\u00a0Jogadores do Santos comemorando gol da vit\u00f3ria (Fotos: Raul Baretta\/ Santos FC)<\/div>\n<div class=\"row col-equal-h clear\">\n<div class=\"post col-md-9 col-sm-12\">\n<p>O\u00a0 Santos est\u00e1 de volta \u00e0 elite do futebol nacional. O acesso foi confirmado nesta segunda-feira (11) com a vit\u00f3ria sobre o Coritiba, por 2 a 0, no Couto Pereira, pela 36\u00aa rodada da S\u00e9rie B do Campeonato Brasileiro. Em contrapartida, a Ponte Preta perdeu para o Vila Nova, por 2 a 1, no OBA, e continua dentro da zona de rebaixamento.<\/p>\n<p>A\u00a0volta do Santos foi confirmada com um futebol bem jogado pelo clube paulista. Wendel Silva abriu o placar e Otero, em uma cobran\u00e7a de falta sensacional, fez o segundo, ambos no primeiro tempo.<\/p>\n<p>Na\u00a0etapa final, o Santos soube administrar o resultado e n\u00e3o sofreu sustos. O goleiro Gabriel Braz\u00e3o, no entanto, fez defesas importantes para garantir a tranquilidade do clube paulista.<\/p>\n<p>A\u00a0quarta vit\u00f3ria consecutiva na competi\u00e7\u00e3o fez o Santos chegar aos 68 pontos, abrindo cinco do vice-l\u00edder Mirassol e podendo confirmar o t\u00edtulo na pr\u00f3xima rodada. Em quinto, o Cear\u00e1 tem 57 e j\u00e1 n\u00e3o pode mais chegar no clube da Baixada Santista.<\/p>\n<p>Em Goi\u00e2nia, a Ponte Preta fez um bom primeiro tempo e chegou a abrir o placar com \u00c9lvis, mas o Vila Nova reagiu e virou o jogo com dois de Alesson. Em certo momento da partida, o time campineiro chegou a ter dois jogadores a menos, j\u00e1 que Mateus Silva e Iago Dias foram expulsos.o<\/p>\n<p>Com o resultado, a Ponte Preta conheceu a terceira derrota consecutiva na competi\u00e7\u00e3o. A partida marcou tamb\u00e9m a estreia de Jo\u00e3o Brigatti, que voltou ao clube para tentar salv\u00e1-lo do rebaixamento.<\/p>\n<p>???????A\u00a0Ponte Preta ficou na 17\u00aa coloca\u00e7\u00e3o, com 38 pontos, um a menos do que o CRB, o primeiro time fora da zona de rebaixamento. A derrota impediu tamb\u00e9m que o Guarani fosse rebaixado nesta segunda-feira.<\/p>\n<\/div>\n<\/div>\n","protected":false},"excerpt":{"rendered":"<p>\u00a0Jogadores do Santos comemorando gol da vit\u00f3ria (Fotos: Raul Baretta\/<\/p>\n","protected":false},"author":2,"featured_media":111940,"comment_status":"open","ping_status":"open","sticky":false,"template":"","format":"standard","meta":{"footnotes":""},"categories":[127,21],"tags":[],"class_list":["post-111937","post","type-post","status-publish","format-standard","has-post-thumbnail","hentry","category-brasileirao","category-esporte"],"yoast_head":"<!-- This site is optimized with the Yoast SEO plugin v27.4 - https:\/\/yoast.com\/product\/yoast-seo-wordpress\/ -->\n<title>Santos est\u00e1 de volta a elite do futebol brasileiro ap\u00f3s bater o Coritiba - Regi\u00e3o News<\/title>\n<meta name=\"robots\" content=\"index, follow, max-snippet:-1, max-image-preview:large, max-video-preview:-1\" \/>\n<link rel=\"canonical\" href=\"https:\/\/regiaonews.net.br\/2022\/2024\/11\/12\/santos-esta-de-volta-a-elite-do-futebol-brasileiro-apos-bater-o-coritiba\/\" \/>\n<meta property=\"og:locale\" content=\"pt_BR\" \/>\n<meta property=\"og:type\" content=\"article\" \/>\n<meta property=\"og:title\" content=\"Santos est\u00e1 de volta a elite do futebol brasileiro ap\u00f3s bater o Coritiba - Regi\u00e3o News\" \/>\n<meta property=\"og:description\" content=\"\u00a0Jogadores do Santos comemorando gol da vit\u00f3ria (Fotos: Raul Baretta\/\" \/>\n<meta property=\"og:url\" content=\"https:\/\/regiaonews.net.br\/2022\/2024\/11\/12\/santos-esta-de-volta-a-elite-do-futebol-brasileiro-apos-bater-o-coritiba\/\" \/>\n<meta property=\"og:site_name\" content=\"Regi\u00e3o News\" \/>\n<meta property=\"article:published_time\" content=\"2024-11-12T12:24:04+00:00\" \/>\n<meta property=\"article:modified_time\" content=\"2024-11-12T12:27:34+00:00\" \/>\n<meta property=\"og:image\" content=\"https:\/\/regiaonews.net.br\/2022\/wp-content\/uploads\/2024\/11\/gol-Santos-1.jpg\" \/>\n\t<meta property=\"og:image:width\" content=\"601\" \/>\n\t<meta property=\"og:image:height\" content=\"477\" \/>\n\t<meta property=\"og:image:type\" content=\"image\/jpeg\" \/>\n<meta name=\"author\" content=\"Roberto\" \/>\n<meta name=\"twitter:card\" content=\"summary_large_image\" \/>\n<meta name=\"twitter:label1\" content=\"Escrito por\" \/>\n\t<meta name=\"twitter:data1\" content=\"Roberto\" \/>\n\t<meta name=\"twitter:label2\" content=\"Est. tempo de leitura\" \/>\n\t<meta name=\"twitter:data2\" content=\"2 minutos\" \/>\n<script type=\"application\/ld+json\" class=\"yoast-schema-graph\">{\"@context\":\"https:\\\/\\\/schema.org\",\"@graph\":[{\"@type\":\"Article\",\"@id\":\"https:\\\/\\\/regiaonews.net.br\\\/2022\\\/2024\\\/11\\\/12\\\/santos-esta-de-volta-a-elite-do-futebol-brasileiro-apos-bater-o-coritiba\\\/#article\",\"isPartOf\":{\"@id\":\"https:\\\/\\\/regiaonews.net.br\\\/2022\\\/2024\\\/11\\\/12\\\/santos-esta-de-volta-a-elite-do-futebol-brasileiro-apos-bater-o-coritiba\\\/\"},\"author\":{\"name\":\"Roberto\",\"@id\":\"https:\\\/\\\/regiaonews.net.br\\\/2022\\\/#\\\/schema\\\/person\\\/2d205a608a5aa97ac279d7a5e6d89ad8\"},\"headline\":\"Santos est\u00e1 de volta a elite do futebol brasileiro ap\u00f3s bater o Coritiba\",\"datePublished\":\"2024-11-12T12:24:04+00:00\",\"dateModified\":\"2024-11-12T12:27:34+00:00\",\"mainEntityOfPage\":{\"@id\":\"https:\\\/\\\/regiaonews.net.br\\\/2022\\\/2024\\\/11\\\/12\\\/santos-esta-de-volta-a-elite-do-futebol-brasileiro-apos-bater-o-coritiba\\\/\"},\"wordCount\":325,\"commentCount\":0,\"publisher\":{\"@id\":\"https:\\\/\\\/regiaonews.net.br\\\/2022\\\/#organization\"},\"image\":{\"@id\":\"https:\\\/\\\/regiaonews.net.br\\\/2022\\\/2024\\\/11\\\/12\\\/santos-esta-de-volta-a-elite-do-futebol-brasileiro-apos-bater-o-coritiba\\\/#primaryimage\"},\"thumbnailUrl\":\"https:\\\/\\\/regiaonews.net.br\\\/2022\\\/wp-content\\\/uploads\\\/2024\\\/11\\\/gol-Santos-1.jpg\",\"articleSection\":[\"Brasileir\u00e3o\",\"Esporte\"],\"inLanguage\":\"pt-BR\",\"potentialAction\":[{\"@type\":\"CommentAction\",\"name\":\"Comment\",\"target\":[\"https:\\\/\\\/regiaonews.net.br\\\/2022\\\/2024\\\/11\\\/12\\\/santos-esta-de-volta-a-elite-do-futebol-brasileiro-apos-bater-o-coritiba\\\/#respond\"]}]},{\"@type\":\"WebPage\",\"@id\":\"https:\\\/\\\/regiaonews.net.br\\\/2022\\\/2024\\\/11\\\/12\\\/santos-esta-de-volta-a-elite-do-futebol-brasileiro-apos-bater-o-coritiba\\\/\",\"url\":\"https:\\\/\\\/regiaonews.net.br\\\/2022\\\/2024\\\/11\\\/12\\\/santos-esta-de-volta-a-elite-do-futebol-brasileiro-apos-bater-o-coritiba\\\/\",\"name\":\"Santos est\u00e1 de volta a elite do futebol brasileiro ap\u00f3s bater o Coritiba - Regi\u00e3o News\",\"isPartOf\":{\"@id\":\"https:\\\/\\\/regiaonews.net.br\\\/2022\\\/#website\"},\"primaryImageOfPage\":{\"@id\":\"https:\\\/\\\/regiaonews.net.br\\\/2022\\\/2024\\\/11\\\/12\\\/santos-esta-de-volta-a-elite-do-futebol-brasileiro-apos-bater-o-coritiba\\\/#primaryimage\"},\"image\":{\"@id\":\"https:\\\/\\\/regiaonews.net.br\\\/2022\\\/2024\\\/11\\\/12\\\/santos-esta-de-volta-a-elite-do-futebol-brasileiro-apos-bater-o-coritiba\\\/#primaryimage\"},\"thumbnailUrl\":\"https:\\\/\\\/regiaonews.net.br\\\/2022\\\/wp-content\\\/uploads\\\/2024\\\/11\\\/gol-Santos-1.jpg\",\"datePublished\":\"2024-11-12T12:24:04+00:00\",\"dateModified\":\"2024-11-12T12:27:34+00:00\",\"breadcrumb\":{\"@id\":\"https:\\\/\\\/regiaonews.net.br\\\/2022\\\/2024\\\/11\\\/12\\\/santos-esta-de-volta-a-elite-do-futebol-brasileiro-apos-bater-o-coritiba\\\/#breadcrumb\"},\"inLanguage\":\"pt-BR\",\"potentialAction\":[{\"@type\":\"ReadAction\",\"target\":[\"https:\\\/\\\/regiaonews.net.br\\\/2022\\\/2024\\\/11\\\/12\\\/santos-esta-de-volta-a-elite-do-futebol-brasileiro-apos-bater-o-coritiba\\\/\"]}]},{\"@type\":\"ImageObject\",\"inLanguage\":\"pt-BR\",\"@id\":\"https:\\\/\\\/regiaonews.net.br\\\/2022\\\/2024\\\/11\\\/12\\\/santos-esta-de-volta-a-elite-do-futebol-brasileiro-apos-bater-o-coritiba\\\/#primaryimage\",\"url\":\"https:\\\/\\\/regiaonews.net.br\\\/2022\\\/wp-content\\\/uploads\\\/2024\\\/11\\\/gol-Santos-1.jpg\",\"contentUrl\":\"https:\\\/\\\/regiaonews.net.br\\\/2022\\\/wp-content\\\/uploads\\\/2024\\\/11\\\/gol-Santos-1.jpg\",\"width\":601,\"height\":477},{\"@type\":\"BreadcrumbList\",\"@id\":\"https:\\\/\\\/regiaonews.net.br\\\/2022\\\/2024\\\/11\\\/12\\\/santos-esta-de-volta-a-elite-do-futebol-brasileiro-apos-bater-o-coritiba\\\/#breadcrumb\",\"itemListElement\":[{\"@type\":\"ListItem\",\"position\":1,\"name\":\"In\u00edcio\",\"item\":\"https:\\\/\\\/regiaonews.net.br\\\/2022\\\/\"},{\"@type\":\"ListItem\",\"position\":2,\"name\":\"Santos est\u00e1 de volta a elite do futebol brasileiro ap\u00f3s bater o Coritiba\"}]},{\"@type\":\"WebSite\",\"@id\":\"https:\\\/\\\/regiaonews.net.br\\\/2022\\\/#website\",\"url\":\"https:\\\/\\\/regiaonews.net.br\\\/2022\\\/\",\"name\":\"Regi\u00e3o News\",\"description\":\"Site de Not\u00edcias de Barretos e regi\u00e3o\",\"publisher\":{\"@id\":\"https:\\\/\\\/regiaonews.net.br\\\/2022\\\/#organization\"},\"potentialAction\":[{\"@type\":\"SearchAction\",\"target\":{\"@type\":\"EntryPoint\",\"urlTemplate\":\"https:\\\/\\\/regiaonews.net.br\\\/2022\\\/?s={search_term_string}\"},\"query-input\":{\"@type\":\"PropertyValueSpecification\",\"valueRequired\":true,\"valueName\":\"search_term_string\"}}],\"inLanguage\":\"pt-BR\"},{\"@type\":\"Organization\",\"@id\":\"https:\\\/\\\/regiaonews.net.br\\\/2022\\\/#organization\",\"name\":\"Regi\u00e3o News\",\"url\":\"https:\\\/\\\/regiaonews.net.br\\\/2022\\\/\",\"logo\":{\"@type\":\"ImageObject\",\"inLanguage\":\"pt-BR\",\"@id\":\"https:\\\/\\\/regiaonews.net.br\\\/2022\\\/#\\\/schema\\\/logo\\\/image\\\/\",\"url\":\"https:\\\/\\\/regiaonews.net.br\\\/2022\\\/wp-content\\\/uploads\\\/2026\\\/03\\\/regiao-13-anos-scaled.jpg\",\"contentUrl\":\"https:\\\/\\\/regiaonews.net.br\\\/2022\\\/wp-content\\\/uploads\\\/2026\\\/03\\\/regiao-13-anos-scaled.jpg\",\"width\":2560,\"height\":635,\"caption\":\"Regi\u00e3o News\"},\"image\":{\"@id\":\"https:\\\/\\\/regiaonews.net.br\\\/2022\\\/#\\\/schema\\\/logo\\\/image\\\/\"}},{\"@type\":\"Person\",\"@id\":\"https:\\\/\\\/regiaonews.net.br\\\/2022\\\/#\\\/schema\\\/person\\\/2d205a608a5aa97ac279d7a5e6d89ad8\",\"name\":\"Roberto\",\"image\":{\"@type\":\"ImageObject\",\"inLanguage\":\"pt-BR\",\"@id\":\"https:\\\/\\\/secure.gravatar.com\\\/avatar\\\/42749d8b712ff9d59ca93dc150494e5b55a44134482993f5baeb97e61b7ecc89?s=96&d=mm&r=g\",\"url\":\"https:\\\/\\\/secure.gravatar.com\\\/avatar\\\/42749d8b712ff9d59ca93dc150494e5b55a44134482993f5baeb97e61b7ecc89?s=96&d=mm&r=g\",\"contentUrl\":\"https:\\\/\\\/secure.gravatar.com\\\/avatar\\\/42749d8b712ff9d59ca93dc150494e5b55a44134482993f5baeb97e61b7ecc89?s=96&d=mm&r=g\",\"caption\":\"Roberto\"},\"url\":\"https:\\\/\\\/regiaonews.net.br\\\/2022\\\/author\\\/roberto\\\/\"}]}<\/script>\n<!-- \/ Yoast SEO plugin. -->","yoast_head_json":{"title":"Santos est\u00e1 de volta a elite do futebol brasileiro ap\u00f3s bater o Coritiba - Regi\u00e3o News","robots":{"index":"index","follow":"follow","max-snippet":"max-snippet:-1","max-image-preview":"max-image-preview:large","max-video-preview":"max-video-preview:-1"},"canonical":"https:\/\/regiaonews.net.br\/2022\/2024\/11\/12\/santos-esta-de-volta-a-elite-do-futebol-brasileiro-apos-bater-o-coritiba\/","og_locale":"pt_BR","og_type":"article","og_title":"Santos est\u00e1 de volta a elite do futebol brasileiro ap\u00f3s bater o Coritiba - Regi\u00e3o News","og_description":"\u00a0Jogadores do Santos comemorando gol da vit\u00f3ria (Fotos: Raul Baretta\/","og_url":"https:\/\/regiaonews.net.br\/2022\/2024\/11\/12\/santos-esta-de-volta-a-elite-do-futebol-brasileiro-apos-bater-o-coritiba\/","og_site_name":"Regi\u00e3o News","article_published_time":"2024-11-12T12:24:04+00:00","article_modified_time":"2024-11-12T12:27:34+00:00","og_image":[{"width":601,"height":477,"url":"https:\/\/regiaonews.net.br\/2022\/wp-content\/uploads\/2024\/11\/gol-Santos-1.jpg","type":"image\/jpeg"}],"author":"Roberto","twitter_card":"summary_large_image","twitter_misc":{"Escrito por":"Roberto","Est. tempo de leitura":"2 minutos"},"schema":{"@context":"https:\/\/schema.org","@graph":[{"@type":"Article","@id":"https:\/\/regiaonews.net.br\/2022\/2024\/11\/12\/santos-esta-de-volta-a-elite-do-futebol-brasileiro-apos-bater-o-coritiba\/#article","isPartOf":{"@id":"https:\/\/regiaonews.net.br\/2022\/2024\/11\/12\/santos-esta-de-volta-a-elite-do-futebol-brasileiro-apos-bater-o-coritiba\/"},"author":{"name":"Roberto","@id":"https:\/\/regiaonews.net.br\/2022\/#\/schema\/person\/2d205a608a5aa97ac279d7a5e6d89ad8"},"headline":"Santos est\u00e1 de volta a elite do futebol brasileiro ap\u00f3s bater o Coritiba","datePublished":"2024-11-12T12:24:04+00:00","dateModified":"2024-11-12T12:27:34+00:00","mainEntityOfPage":{"@id":"https:\/\/regiaonews.net.br\/2022\/2024\/11\/12\/santos-esta-de-volta-a-elite-do-futebol-brasileiro-apos-bater-o-coritiba\/"},"wordCount":325,"commentCount":0,"publisher":{"@id":"https:\/\/regiaonews.net.br\/2022\/#organization"},"image":{"@id":"https:\/\/regiaonews.net.br\/2022\/2024\/11\/12\/santos-esta-de-volta-a-elite-do-futebol-brasileiro-apos-bater-o-coritiba\/#primaryimage"},"thumbnailUrl":"https:\/\/regiaonews.net.br\/2022\/wp-content\/uploads\/2024\/11\/gol-Santos-1.jpg","articleSection":["Brasileir\u00e3o","Esporte"],"inLanguage":"pt-BR","potentialAction":[{"@type":"CommentAction","name":"Comment","target":["https:\/\/regiaonews.net.br\/2022\/2024\/11\/12\/santos-esta-de-volta-a-elite-do-futebol-brasileiro-apos-bater-o-coritiba\/#respond"]}]},{"@type":"WebPage","@id":"https:\/\/regiaonews.net.br\/2022\/2024\/11\/12\/santos-esta-de-volta-a-elite-do-futebol-brasileiro-apos-bater-o-coritiba\/","url":"https:\/\/regiaonews.net.br\/2022\/2024\/11\/12\/santos-esta-de-volta-a-elite-do-futebol-brasileiro-apos-bater-o-coritiba\/","name":"Santos est\u00e1 de volta a elite do futebol brasileiro ap\u00f3s bater o Coritiba - Regi\u00e3o News","isPartOf":{"@id":"https:\/\/regiaonews.net.br\/2022\/#website"},"primaryImageOfPage":{"@id":"https:\/\/regiaonews.net.br\/2022\/2024\/11\/12\/santos-esta-de-volta-a-elite-do-futebol-brasileiro-apos-bater-o-coritiba\/#primaryimage"},"image":{"@id":"https:\/\/regiaonews.net.br\/2022\/2024\/11\/12\/santos-esta-de-volta-a-elite-do-futebol-brasileiro-apos-bater-o-coritiba\/#primaryimage"},"thumbnailUrl":"https:\/\/regiaonews.net.br\/2022\/wp-content\/uploads\/2024\/11\/gol-Santos-1.jpg","datePublished":"2024-11-12T12:24:04+00:00","dateModified":"2024-11-12T12:27:34+00:00","breadcrumb":{"@id":"https:\/\/regiaonews.net.br\/2022\/2024\/11\/12\/santos-esta-de-volta-a-elite-do-futebol-brasileiro-apos-bater-o-coritiba\/#breadcrumb"},"inLanguage":"pt-BR","potentialAction":[{"@type":"ReadAction","target":["https:\/\/regiaonews.net.br\/2022\/2024\/11\/12\/santos-esta-de-volta-a-elite-do-futebol-brasileiro-apos-bater-o-coritiba\/"]}]},{"@type":"ImageObject","inLanguage":"pt-BR","@id":"https:\/\/regiaonews.net.br\/2022\/2024\/11\/12\/santos-esta-de-volta-a-elite-do-futebol-brasileiro-apos-bater-o-coritiba\/#primaryimage","url":"https:\/\/regiaonews.net.br\/2022\/wp-content\/uploads\/2024\/11\/gol-Santos-1.jpg","contentUrl":"https:\/\/regiaonews.net.br\/2022\/wp-content\/uploads\/2024\/11\/gol-Santos-1.jpg","width":601,"height":477},{"@type":"BreadcrumbList","@id":"https:\/\/regiaonews.net.br\/2022\/2024\/11\/12\/santos-esta-de-volta-a-elite-do-futebol-brasileiro-apos-bater-o-coritiba\/#breadcrumb","itemListElement":[{"@type":"ListItem","position":1,"name":"In\u00edcio","item":"https:\/\/regiaonews.net.br\/2022\/"},{"@type":"ListItem","position":2,"name":"Santos est\u00e1 de volta a elite do futebol brasileiro ap\u00f3s bater o Coritiba"}]},{"@type":"WebSite","@id":"https:\/\/regiaonews.net.br\/2022\/#website","url":"https:\/\/regiaonews.net.br\/2022\/","name":"Regi\u00e3o News","description":"Site de Not\u00edcias de Barretos e regi\u00e3o","publisher":{"@id":"https:\/\/regiaonews.net.br\/2022\/#organization"},"potentialAction":[{"@type":"SearchAction","target":{"@type":"EntryPoint","urlTemplate":"https:\/\/regiaonews.net.br\/2022\/?s={search_term_string}"},"query-input":{"@type":"PropertyValueSpecification","valueRequired":true,"valueName":"search_term_string"}}],"inLanguage":"pt-BR"},{"@type":"Organization","@id":"https:\/\/regiaonews.net.br\/2022\/#organization","name":"Regi\u00e3o News","url":"https:\/\/regiaonews.net.br\/2022\/","logo":{"@type":"ImageObject","inLanguage":"pt-BR","@id":"https:\/\/regiaonews.net.br\/2022\/#\/schema\/logo\/image\/","url":"https:\/\/regiaonews.net.br\/2022\/wp-content\/uploads\/2026\/03\/regiao-13-anos-scaled.jpg","contentUrl":"https:\/\/regiaonews.net.br\/2022\/wp-content\/uploads\/2026\/03\/regiao-13-anos-scaled.jpg","width":2560,"height":635,"caption":"Regi\u00e3o News"},"image":{"@id":"https:\/\/regiaonews.net.br\/2022\/#\/schema\/logo\/image\/"}},{"@type":"Person","@id":"https:\/\/regiaonews.net.br\/2022\/#\/schema\/person\/2d205a608a5aa97ac279d7a5e6d89ad8","name":"Roberto","image":{"@type":"ImageObject","inLanguage":"pt-BR","@id":"https:\/\/secure.gravatar.com\/avatar\/42749d8b712ff9d59ca93dc150494e5b55a44134482993f5baeb97e61b7ecc89?s=96&d=mm&r=g","url":"https:\/\/secure.gravatar.com\/avatar\/42749d8b712ff9d59ca93dc150494e5b55a44134482993f5baeb97e61b7ecc89?s=96&d=mm&r=g","contentUrl":"https:\/\/secure.gravatar.com\/avatar\/42749d8b712ff9d59ca93dc150494e5b55a44134482993f5baeb97e61b7ecc89?s=96&d=mm&r=g","caption":"Roberto"},"url":"https:\/\/regiaonews.net.br\/2022\/author\/roberto\/"}]}},"publishpress_future_action":{"enabled":false,"date":"2026-05-02 05:21:41","action":"change-status","newStatus":"draft","terms":[],"taxonomy":"category","extraData":[]},"publishpress_future_workflow_manual_trigger":{"enabledWorkflows":[]},"_links":{"self":[{"href":"https:\/\/regiaonews.net.br\/2022\/wp-json\/wp\/v2\/posts\/111937","targetHints":{"allow":["GET"]}}],"collection":[{"href":"https:\/\/regiaonews.net.br\/2022\/wp-json\/wp\/v2\/posts"}],"about":[{"href":"https:\/\/regiaonews.net.br\/2022\/wp-json\/wp\/v2\/types\/post"}],"author":[{"embeddable":true,"href":"https:\/\/regiaonews.net.br\/2022\/wp-json\/wp\/v2\/users\/2"}],"replies":[{"embeddable":true,"href":"https:\/\/regiaonews.net.br\/2022\/wp-json\/wp\/v2\/comments?post=111937"}],"version-history":[{"count":1,"href":"https:\/\/regiaonews.net.br\/2022\/wp-json\/wp\/v2\/posts\/111937\/revisions"}],"predecessor-version":[{"id":111939,"href":"https:\/\/regiaonews.net.br\/2022\/wp-json\/wp\/v2\/posts\/111937\/revisions\/111939"}],"wp:featuredmedia":[{"embeddable":true,"href":"https:\/\/regiaonews.net.br\/2022\/wp-json\/wp\/v2\/media\/111940"}],"wp:attachment":[{"href":"https:\/\/regiaonews.net.br\/2022\/wp-json\/wp\/v2\/media?parent=111937"}],"wp:term":[{"taxonomy":"category","embeddable":true,"href":"https:\/\/regiaonews.net.br\/2022\/wp-json\/wp\/v2\/categories?post=111937"},{"taxonomy":"post_tag","embeddable":true,"href":"https:\/\/regiaonews.net.br\/2022\/wp-json\/wp\/v2\/tags?post=111937"}],"curies":[{"name":"wp","href":"https:\/\/api.w.org\/{rel}","templated":true}]}}