{"id":111859,"date":"2024-11-09T15:22:58","date_gmt":"2024-11-09T18:22:58","guid":{"rendered":"https:\/\/regiaonews.net.br\/2022\/?p=111859"},"modified":"2024-11-09T15:28:08","modified_gmt":"2024-11-09T18:28:08","slug":"111859","status":"publish","type":"post","link":"https:\/\/regiaonews.net.br\/2022\/2024\/11\/09\/111859\/","title":{"rendered":"Cirurgi\u00e3o dentista L\u00facio Ant\u00f4nio Pereira recebe T\u00edtulo de Cidad\u00e3o Honor\u00e1rio de Barretos"},"content":{"rendered":"<p class=\"mb-4\">Homenagem foi proposta pelo vereador Nestor Leonel (UNI\u00c3O)<\/p>\n<div class=\"news-btn d-flex justify-content-between mb-5 py-2 px-3 rounded\">\n<div class=\"share\">\n<div class=\"a2a_kit a2a_kit_size_32 a2a_default_style\">\n<div class=\"btn-share btn-share-general\"><\/div>\n<\/div>\n<\/div>\n<\/div>\n<p>O Presidente da APCD &#8211; Associa\u00e7\u00e3o Paulista de Cirurgi\u00f5es Dentistas &#8211; Regional Barretos,\u00a0<strong>L\u00facio Ant\u00f4nio Pereira,\u00a0\u00a0<\/strong>recebeu<strong>\u00a0o T\u00edtulo de Cidad\u00e3o Honor\u00e1rio da Est\u00e2ncia Tur\u00edstica de Barretos e<\/strong>m<strong>\u00a0Sess\u00e3o Solene<\/strong>\u00a0realizada na noite de sexta-feira (08\/novembro), na C\u00e2mara.<\/p>\n<p>A homenagem foi proposta pelo vereador\u00a0<strong>Nestor Leonel (UNI\u00c3O),\u00a0\u00a0<\/strong>por meio do<strong><a href=\"https:\/\/consulta.camarabarretos.sp.gov.br\/Documentos\/Documento\/398429\">\u00a0<\/a><a href=\"http:\/\/consulta.camarabarretos.sp.gov.br\/Documentos\/ListarArquivosPdf\/408987\">Projeto de Decreto Legislativo n\u00ba 09\/2024<\/a>,\u00a0<\/strong>aprovado por todos os vereadores.<\/p>\n<p>O evento foi conduzido pelo pr\u00f3prio vereador<strong>\u00a0Nestor Leonel<\/strong>\u00a0e contou com a presen\u00e7a do vice-Prefeito de Barretos (eleito para a pr\u00f3xima Legislatura),\u00a0<strong>Mussa Callil Neto<\/strong>; da 1\u00aa vice-Presidente da APCD,\u00a0<strong>Renata Manzano Muzeti Ferreira<\/strong>; do P\u00e1roco da Catedral do Divino Esp\u00edrito Santo de Barretos,\u00a0<strong>padre Deusmar Jesus da Silva<\/strong>; do Diretor T\u00e9cnico da Santa Casa,\u00a0<strong>Gilberto Teixeira Sasdelli<\/strong>;\u00a0 do advogado,\u00a0<strong>Dr. Jos\u00e9 Maria dos Santos<\/strong>; e do ex-provedor da Santa Casa,\u00a0<strong>Eduardo Petrov<\/strong>\u00a0(que tamb\u00e9m \u00e9 genro do homenageado).<\/p>\n<p>Familiares e amigos tamb\u00e9m compareceram \u00e0 C\u00e2mara para acompanhar de perto a homenagem. Destaques para a filha\u00a0<strong>Luciana Dion\u00edzio Pereira<\/strong>, que discursou na tribuna; e para o filho\u00a0<strong>Lucio Antonio Pereira Junior,<\/strong>\u00a0que gravou um v\u00eddeo parabenizando o pai.<\/p>\n<p>O Presidente da C\u00e2mara, v<strong>ereador Luis Paulo Vieira (REPUBLICANOS)<\/strong>, al\u00e9m de autoridades ligadas \u00e0 APCD-Associa\u00e7\u00e3o Paulista de Cirurgi\u00f5es Dentistas e ABCD &#8211; Associa\u00e7\u00e3o Brasileira de Cirurgi\u00f5es Dentistas tamb\u00e9m enviaram depoimentos em v\u00eddeo, que foram exibidos a todos no tel\u00e3o.<\/p>\n<p>A solenidade teve transmiss\u00e3o ao vivo pela\u00a0<strong>TV C\u00e2mara no canal 31.3, Facebook e Youtube.<\/strong><\/p>\n<p><strong>\u00a0HOMENAGEADO<\/strong><\/p>\n<p><strong>L\u00facio Antonio Pereira\u00a0<\/strong>nasceu\u00a0em Conquista\/MG. \u00c9 filho de<strong>\u00a0<\/strong>Leozino Candido Pereira e Iraci Araujo Pereira; e pai de 4 filhos (Mariana Pereira Fruet, Juliana Dion\u00edzio Pereira, L\u00facio Ant\u00f4nio Pereira Jr e Luciana Dionizio Pereira) com a ex-esposa,\u00a0Maria Jos\u00e9 Dion\u00edzio.<\/p>\n<p>Lucio \u00e9\u00a0<strong>graduado em Odontologia<\/strong>\u00a0pela Universidade de Uberaba (1974),\u00a0<strong>Especialista em Pr\u00f3tese Dental\u00a0<\/strong>pela APCD Regional de Araraquara\/SP e\u00a0<strong>Mestre em Medicina-Cirurgia de Cabe\u00e7a e Pesco\u00e7o<\/strong>\u00a0pelo Hospital Heli\u00f3polis\/SP.<\/p>\n","protected":false},"excerpt":{"rendered":"<p>Homenagem foi proposta pelo vereador Nestor Leonel (UNI\u00c3O) O Presidente<\/p>\n","protected":false},"author":2,"featured_media":111862,"comment_status":"open","ping_status":"open","sticky":false,"template":"","format":"standard","meta":{"footnotes":""},"categories":[14,25,111],"tags":[],"class_list":["post-111859","post","type-post","status-publish","format-standard","has-post-thumbnail","hentry","category-barretos","category-cidades","category-cotidiano"],"yoast_head":"<!-- This site is optimized with the Yoast SEO plugin v27.4 - https:\/\/yoast.com\/product\/yoast-seo-wordpress\/ -->\n<title>Cirurgi\u00e3o dentista L\u00facio Ant\u00f4nio Pereira recebe T\u00edtulo de Cidad\u00e3o Honor\u00e1rio de Barretos - Regi\u00e3o News<\/title>\n<meta name=\"robots\" content=\"index, follow, max-snippet:-1, max-image-preview:large, max-video-preview:-1\" \/>\n<link rel=\"canonical\" href=\"https:\/\/regiaonews.net.br\/2022\/2024\/11\/09\/111859\/\" \/>\n<meta property=\"og:locale\" content=\"pt_BR\" \/>\n<meta property=\"og:type\" content=\"article\" \/>\n<meta property=\"og:title\" content=\"Cirurgi\u00e3o dentista L\u00facio Ant\u00f4nio Pereira recebe T\u00edtulo de Cidad\u00e3o Honor\u00e1rio de Barretos - Regi\u00e3o News\" \/>\n<meta property=\"og:description\" content=\"Homenagem foi proposta pelo vereador Nestor Leonel (UNI\u00c3O) O Presidente\" \/>\n<meta property=\"og:url\" content=\"https:\/\/regiaonews.net.br\/2022\/2024\/11\/09\/111859\/\" \/>\n<meta property=\"og:site_name\" content=\"Regi\u00e3o News\" \/>\n<meta property=\"article:published_time\" content=\"2024-11-09T18:22:58+00:00\" \/>\n<meta property=\"article:modified_time\" content=\"2024-11-09T18:28:08+00:00\" \/>\n<meta property=\"og:image\" content=\"https:\/\/regiaonews.net.br\/2022\/wp-content\/uploads\/2024\/11\/1731118320672ec4f09ef92.webp\" \/>\n\t<meta property=\"og:image:width\" content=\"1278\" \/>\n\t<meta property=\"og:image:height\" content=\"728\" \/>\n\t<meta property=\"og:image:type\" content=\"image\/webp\" \/>\n<meta name=\"author\" content=\"Roberto\" \/>\n<meta name=\"twitter:card\" content=\"summary_large_image\" \/>\n<meta name=\"twitter:label1\" content=\"Escrito por\" \/>\n\t<meta name=\"twitter:data1\" content=\"Roberto\" \/>\n\t<meta name=\"twitter:label2\" content=\"Est. tempo de leitura\" \/>\n\t<meta name=\"twitter:data2\" content=\"2 minutos\" \/>\n<script type=\"application\/ld+json\" class=\"yoast-schema-graph\">{\"@context\":\"https:\\\/\\\/schema.org\",\"@graph\":[{\"@type\":\"Article\",\"@id\":\"https:\\\/\\\/regiaonews.net.br\\\/2022\\\/2024\\\/11\\\/09\\\/111859\\\/#article\",\"isPartOf\":{\"@id\":\"https:\\\/\\\/regiaonews.net.br\\\/2022\\\/2024\\\/11\\\/09\\\/111859\\\/\"},\"author\":{\"name\":\"Roberto\",\"@id\":\"https:\\\/\\\/regiaonews.net.br\\\/2022\\\/#\\\/schema\\\/person\\\/2d205a608a5aa97ac279d7a5e6d89ad8\"},\"headline\":\"Cirurgi\u00e3o dentista L\u00facio Ant\u00f4nio Pereira recebe T\u00edtulo de Cidad\u00e3o Honor\u00e1rio de Barretos\",\"datePublished\":\"2024-11-09T18:22:58+00:00\",\"dateModified\":\"2024-11-09T18:28:08+00:00\",\"mainEntityOfPage\":{\"@id\":\"https:\\\/\\\/regiaonews.net.br\\\/2022\\\/2024\\\/11\\\/09\\\/111859\\\/\"},\"wordCount\":369,\"commentCount\":0,\"publisher\":{\"@id\":\"https:\\\/\\\/regiaonews.net.br\\\/2022\\\/#organization\"},\"image\":{\"@id\":\"https:\\\/\\\/regiaonews.net.br\\\/2022\\\/2024\\\/11\\\/09\\\/111859\\\/#primaryimage\"},\"thumbnailUrl\":\"https:\\\/\\\/regiaonews.net.br\\\/2022\\\/wp-content\\\/uploads\\\/2024\\\/11\\\/1731118320672ec4f09ef92.webp\",\"articleSection\":[\"Barretos\",\"Cidades\",\"Cotidiano\"],\"inLanguage\":\"pt-BR\",\"potentialAction\":[{\"@type\":\"CommentAction\",\"name\":\"Comment\",\"target\":[\"https:\\\/\\\/regiaonews.net.br\\\/2022\\\/2024\\\/11\\\/09\\\/111859\\\/#respond\"]}]},{\"@type\":\"WebPage\",\"@id\":\"https:\\\/\\\/regiaonews.net.br\\\/2022\\\/2024\\\/11\\\/09\\\/111859\\\/\",\"url\":\"https:\\\/\\\/regiaonews.net.br\\\/2022\\\/2024\\\/11\\\/09\\\/111859\\\/\",\"name\":\"Cirurgi\u00e3o dentista L\u00facio Ant\u00f4nio Pereira recebe T\u00edtulo de Cidad\u00e3o Honor\u00e1rio de Barretos - Regi\u00e3o News\",\"isPartOf\":{\"@id\":\"https:\\\/\\\/regiaonews.net.br\\\/2022\\\/#website\"},\"primaryImageOfPage\":{\"@id\":\"https:\\\/\\\/regiaonews.net.br\\\/2022\\\/2024\\\/11\\\/09\\\/111859\\\/#primaryimage\"},\"image\":{\"@id\":\"https:\\\/\\\/regiaonews.net.br\\\/2022\\\/2024\\\/11\\\/09\\\/111859\\\/#primaryimage\"},\"thumbnailUrl\":\"https:\\\/\\\/regiaonews.net.br\\\/2022\\\/wp-content\\\/uploads\\\/2024\\\/11\\\/1731118320672ec4f09ef92.webp\",\"datePublished\":\"2024-11-09T18:22:58+00:00\",\"dateModified\":\"2024-11-09T18:28:08+00:00\",\"breadcrumb\":{\"@id\":\"https:\\\/\\\/regiaonews.net.br\\\/2022\\\/2024\\\/11\\\/09\\\/111859\\\/#breadcrumb\"},\"inLanguage\":\"pt-BR\",\"potentialAction\":[{\"@type\":\"ReadAction\",\"target\":[\"https:\\\/\\\/regiaonews.net.br\\\/2022\\\/2024\\\/11\\\/09\\\/111859\\\/\"]}]},{\"@type\":\"ImageObject\",\"inLanguage\":\"pt-BR\",\"@id\":\"https:\\\/\\\/regiaonews.net.br\\\/2022\\\/2024\\\/11\\\/09\\\/111859\\\/#primaryimage\",\"url\":\"https:\\\/\\\/regiaonews.net.br\\\/2022\\\/wp-content\\\/uploads\\\/2024\\\/11\\\/1731118320672ec4f09ef92.webp\",\"contentUrl\":\"https:\\\/\\\/regiaonews.net.br\\\/2022\\\/wp-content\\\/uploads\\\/2024\\\/11\\\/1731118320672ec4f09ef92.webp\",\"width\":1278,\"height\":728},{\"@type\":\"BreadcrumbList\",\"@id\":\"https:\\\/\\\/regiaonews.net.br\\\/2022\\\/2024\\\/11\\\/09\\\/111859\\\/#breadcrumb\",\"itemListElement\":[{\"@type\":\"ListItem\",\"position\":1,\"name\":\"In\u00edcio\",\"item\":\"https:\\\/\\\/regiaonews.net.br\\\/2022\\\/\"},{\"@type\":\"ListItem\",\"position\":2,\"name\":\"Cirurgi\u00e3o dentista L\u00facio Ant\u00f4nio Pereira recebe T\u00edtulo de Cidad\u00e3o Honor\u00e1rio de Barretos\"}]},{\"@type\":\"WebSite\",\"@id\":\"https:\\\/\\\/regiaonews.net.br\\\/2022\\\/#website\",\"url\":\"https:\\\/\\\/regiaonews.net.br\\\/2022\\\/\",\"name\":\"Regi\u00e3o News\",\"description\":\"Site de Not\u00edcias de Barretos e regi\u00e3o\",\"publisher\":{\"@id\":\"https:\\\/\\\/regiaonews.net.br\\\/2022\\\/#organization\"},\"potentialAction\":[{\"@type\":\"SearchAction\",\"target\":{\"@type\":\"EntryPoint\",\"urlTemplate\":\"https:\\\/\\\/regiaonews.net.br\\\/2022\\\/?s={search_term_string}\"},\"query-input\":{\"@type\":\"PropertyValueSpecification\",\"valueRequired\":true,\"valueName\":\"search_term_string\"}}],\"inLanguage\":\"pt-BR\"},{\"@type\":\"Organization\",\"@id\":\"https:\\\/\\\/regiaonews.net.br\\\/2022\\\/#organization\",\"name\":\"Regi\u00e3o News\",\"url\":\"https:\\\/\\\/regiaonews.net.br\\\/2022\\\/\",\"logo\":{\"@type\":\"ImageObject\",\"inLanguage\":\"pt-BR\",\"@id\":\"https:\\\/\\\/regiaonews.net.br\\\/2022\\\/#\\\/schema\\\/logo\\\/image\\\/\",\"url\":\"https:\\\/\\\/regiaonews.net.br\\\/2022\\\/wp-content\\\/uploads\\\/2026\\\/03\\\/regiao-13-anos-scaled.jpg\",\"contentUrl\":\"https:\\\/\\\/regiaonews.net.br\\\/2022\\\/wp-content\\\/uploads\\\/2026\\\/03\\\/regiao-13-anos-scaled.jpg\",\"width\":2560,\"height\":635,\"caption\":\"Regi\u00e3o News\"},\"image\":{\"@id\":\"https:\\\/\\\/regiaonews.net.br\\\/2022\\\/#\\\/schema\\\/logo\\\/image\\\/\"}},{\"@type\":\"Person\",\"@id\":\"https:\\\/\\\/regiaonews.net.br\\\/2022\\\/#\\\/schema\\\/person\\\/2d205a608a5aa97ac279d7a5e6d89ad8\",\"name\":\"Roberto\",\"image\":{\"@type\":\"ImageObject\",\"inLanguage\":\"pt-BR\",\"@id\":\"https:\\\/\\\/secure.gravatar.com\\\/avatar\\\/42749d8b712ff9d59ca93dc150494e5b55a44134482993f5baeb97e61b7ecc89?s=96&d=mm&r=g\",\"url\":\"https:\\\/\\\/secure.gravatar.com\\\/avatar\\\/42749d8b712ff9d59ca93dc150494e5b55a44134482993f5baeb97e61b7ecc89?s=96&d=mm&r=g\",\"contentUrl\":\"https:\\\/\\\/secure.gravatar.com\\\/avatar\\\/42749d8b712ff9d59ca93dc150494e5b55a44134482993f5baeb97e61b7ecc89?s=96&d=mm&r=g\",\"caption\":\"Roberto\"},\"url\":\"https:\\\/\\\/regiaonews.net.br\\\/2022\\\/author\\\/roberto\\\/\"}]}<\/script>\n<!-- \/ Yoast SEO plugin. -->","yoast_head_json":{"title":"Cirurgi\u00e3o dentista L\u00facio Ant\u00f4nio Pereira recebe T\u00edtulo de Cidad\u00e3o Honor\u00e1rio de Barretos - Regi\u00e3o News","robots":{"index":"index","follow":"follow","max-snippet":"max-snippet:-1","max-image-preview":"max-image-preview:large","max-video-preview":"max-video-preview:-1"},"canonical":"https:\/\/regiaonews.net.br\/2022\/2024\/11\/09\/111859\/","og_locale":"pt_BR","og_type":"article","og_title":"Cirurgi\u00e3o dentista L\u00facio Ant\u00f4nio Pereira recebe T\u00edtulo de Cidad\u00e3o Honor\u00e1rio de Barretos - Regi\u00e3o News","og_description":"Homenagem foi proposta pelo vereador Nestor Leonel (UNI\u00c3O) O Presidente","og_url":"https:\/\/regiaonews.net.br\/2022\/2024\/11\/09\/111859\/","og_site_name":"Regi\u00e3o News","article_published_time":"2024-11-09T18:22:58+00:00","article_modified_time":"2024-11-09T18:28:08+00:00","og_image":[{"width":1278,"height":728,"url":"https:\/\/regiaonews.net.br\/2022\/wp-content\/uploads\/2024\/11\/1731118320672ec4f09ef92.webp","type":"image\/webp"}],"author":"Roberto","twitter_card":"summary_large_image","twitter_misc":{"Escrito por":"Roberto","Est. tempo de leitura":"2 minutos"},"schema":{"@context":"https:\/\/schema.org","@graph":[{"@type":"Article","@id":"https:\/\/regiaonews.net.br\/2022\/2024\/11\/09\/111859\/#article","isPartOf":{"@id":"https:\/\/regiaonews.net.br\/2022\/2024\/11\/09\/111859\/"},"author":{"name":"Roberto","@id":"https:\/\/regiaonews.net.br\/2022\/#\/schema\/person\/2d205a608a5aa97ac279d7a5e6d89ad8"},"headline":"Cirurgi\u00e3o dentista L\u00facio Ant\u00f4nio Pereira recebe T\u00edtulo de Cidad\u00e3o Honor\u00e1rio de Barretos","datePublished":"2024-11-09T18:22:58+00:00","dateModified":"2024-11-09T18:28:08+00:00","mainEntityOfPage":{"@id":"https:\/\/regiaonews.net.br\/2022\/2024\/11\/09\/111859\/"},"wordCount":369,"commentCount":0,"publisher":{"@id":"https:\/\/regiaonews.net.br\/2022\/#organization"},"image":{"@id":"https:\/\/regiaonews.net.br\/2022\/2024\/11\/09\/111859\/#primaryimage"},"thumbnailUrl":"https:\/\/regiaonews.net.br\/2022\/wp-content\/uploads\/2024\/11\/1731118320672ec4f09ef92.webp","articleSection":["Barretos","Cidades","Cotidiano"],"inLanguage":"pt-BR","potentialAction":[{"@type":"CommentAction","name":"Comment","target":["https:\/\/regiaonews.net.br\/2022\/2024\/11\/09\/111859\/#respond"]}]},{"@type":"WebPage","@id":"https:\/\/regiaonews.net.br\/2022\/2024\/11\/09\/111859\/","url":"https:\/\/regiaonews.net.br\/2022\/2024\/11\/09\/111859\/","name":"Cirurgi\u00e3o dentista L\u00facio Ant\u00f4nio Pereira recebe T\u00edtulo de Cidad\u00e3o Honor\u00e1rio de Barretos - Regi\u00e3o News","isPartOf":{"@id":"https:\/\/regiaonews.net.br\/2022\/#website"},"primaryImageOfPage":{"@id":"https:\/\/regiaonews.net.br\/2022\/2024\/11\/09\/111859\/#primaryimage"},"image":{"@id":"https:\/\/regiaonews.net.br\/2022\/2024\/11\/09\/111859\/#primaryimage"},"thumbnailUrl":"https:\/\/regiaonews.net.br\/2022\/wp-content\/uploads\/2024\/11\/1731118320672ec4f09ef92.webp","datePublished":"2024-11-09T18:22:58+00:00","dateModified":"2024-11-09T18:28:08+00:00","breadcrumb":{"@id":"https:\/\/regiaonews.net.br\/2022\/2024\/11\/09\/111859\/#breadcrumb"},"inLanguage":"pt-BR","potentialAction":[{"@type":"ReadAction","target":["https:\/\/regiaonews.net.br\/2022\/2024\/11\/09\/111859\/"]}]},{"@type":"ImageObject","inLanguage":"pt-BR","@id":"https:\/\/regiaonews.net.br\/2022\/2024\/11\/09\/111859\/#primaryimage","url":"https:\/\/regiaonews.net.br\/2022\/wp-content\/uploads\/2024\/11\/1731118320672ec4f09ef92.webp","contentUrl":"https:\/\/regiaonews.net.br\/2022\/wp-content\/uploads\/2024\/11\/1731118320672ec4f09ef92.webp","width":1278,"height":728},{"@type":"BreadcrumbList","@id":"https:\/\/regiaonews.net.br\/2022\/2024\/11\/09\/111859\/#breadcrumb","itemListElement":[{"@type":"ListItem","position":1,"name":"In\u00edcio","item":"https:\/\/regiaonews.net.br\/2022\/"},{"@type":"ListItem","position":2,"name":"Cirurgi\u00e3o dentista L\u00facio Ant\u00f4nio Pereira recebe T\u00edtulo de Cidad\u00e3o Honor\u00e1rio de Barretos"}]},{"@type":"WebSite","@id":"https:\/\/regiaonews.net.br\/2022\/#website","url":"https:\/\/regiaonews.net.br\/2022\/","name":"Regi\u00e3o News","description":"Site de Not\u00edcias de Barretos e regi\u00e3o","publisher":{"@id":"https:\/\/regiaonews.net.br\/2022\/#organization"},"potentialAction":[{"@type":"SearchAction","target":{"@type":"EntryPoint","urlTemplate":"https:\/\/regiaonews.net.br\/2022\/?s={search_term_string}"},"query-input":{"@type":"PropertyValueSpecification","valueRequired":true,"valueName":"search_term_string"}}],"inLanguage":"pt-BR"},{"@type":"Organization","@id":"https:\/\/regiaonews.net.br\/2022\/#organization","name":"Regi\u00e3o News","url":"https:\/\/regiaonews.net.br\/2022\/","logo":{"@type":"ImageObject","inLanguage":"pt-BR","@id":"https:\/\/regiaonews.net.br\/2022\/#\/schema\/logo\/image\/","url":"https:\/\/regiaonews.net.br\/2022\/wp-content\/uploads\/2026\/03\/regiao-13-anos-scaled.jpg","contentUrl":"https:\/\/regiaonews.net.br\/2022\/wp-content\/uploads\/2026\/03\/regiao-13-anos-scaled.jpg","width":2560,"height":635,"caption":"Regi\u00e3o News"},"image":{"@id":"https:\/\/regiaonews.net.br\/2022\/#\/schema\/logo\/image\/"}},{"@type":"Person","@id":"https:\/\/regiaonews.net.br\/2022\/#\/schema\/person\/2d205a608a5aa97ac279d7a5e6d89ad8","name":"Roberto","image":{"@type":"ImageObject","inLanguage":"pt-BR","@id":"https:\/\/secure.gravatar.com\/avatar\/42749d8b712ff9d59ca93dc150494e5b55a44134482993f5baeb97e61b7ecc89?s=96&d=mm&r=g","url":"https:\/\/secure.gravatar.com\/avatar\/42749d8b712ff9d59ca93dc150494e5b55a44134482993f5baeb97e61b7ecc89?s=96&d=mm&r=g","contentUrl":"https:\/\/secure.gravatar.com\/avatar\/42749d8b712ff9d59ca93dc150494e5b55a44134482993f5baeb97e61b7ecc89?s=96&d=mm&r=g","caption":"Roberto"},"url":"https:\/\/regiaonews.net.br\/2022\/author\/roberto\/"}]}},"publishpress_future_action":{"enabled":false,"date":"2026-05-02 06:52:20","action":"change-status","newStatus":"draft","terms":[],"taxonomy":"category","extraData":[]},"publishpress_future_workflow_manual_trigger":{"enabledWorkflows":[]},"_links":{"self":[{"href":"https:\/\/regiaonews.net.br\/2022\/wp-json\/wp\/v2\/posts\/111859","targetHints":{"allow":["GET"]}}],"collection":[{"href":"https:\/\/regiaonews.net.br\/2022\/wp-json\/wp\/v2\/posts"}],"about":[{"href":"https:\/\/regiaonews.net.br\/2022\/wp-json\/wp\/v2\/types\/post"}],"author":[{"embeddable":true,"href":"https:\/\/regiaonews.net.br\/2022\/wp-json\/wp\/v2\/users\/2"}],"replies":[{"embeddable":true,"href":"https:\/\/regiaonews.net.br\/2022\/wp-json\/wp\/v2\/comments?post=111859"}],"version-history":[{"count":3,"href":"https:\/\/regiaonews.net.br\/2022\/wp-json\/wp\/v2\/posts\/111859\/revisions"}],"predecessor-version":[{"id":111863,"href":"https:\/\/regiaonews.net.br\/2022\/wp-json\/wp\/v2\/posts\/111859\/revisions\/111863"}],"wp:featuredmedia":[{"embeddable":true,"href":"https:\/\/regiaonews.net.br\/2022\/wp-json\/wp\/v2\/media\/111862"}],"wp:attachment":[{"href":"https:\/\/regiaonews.net.br\/2022\/wp-json\/wp\/v2\/media?parent=111859"}],"wp:term":[{"taxonomy":"category","embeddable":true,"href":"https:\/\/regiaonews.net.br\/2022\/wp-json\/wp\/v2\/categories?post=111859"},{"taxonomy":"post_tag","embeddable":true,"href":"https:\/\/regiaonews.net.br\/2022\/wp-json\/wp\/v2\/tags?post=111859"}],"curies":[{"name":"wp","href":"https:\/\/api.w.org\/{rel}","templated":true}]}}