{"id":111738,"date":"2024-11-06T11:25:17","date_gmt":"2024-11-06T14:25:17","guid":{"rendered":"https:\/\/regiaonews.net.br\/2022\/?p=111738"},"modified":"2024-11-06T11:25:17","modified_gmt":"2024-11-06T14:25:17","slug":"dia-s-barretos-integra-mobilizacao-estadual-para-conscientizar-sobre-o-sarampo-nesta-quarta-6","status":"publish","type":"post","link":"https:\/\/regiaonews.net.br\/2022\/2024\/11\/06\/dia-s-barretos-integra-mobilizacao-estadual-para-conscientizar-sobre-o-sarampo-nesta-quarta-6\/","title":{"rendered":"Dia &#8220;S&#8221;: Barretos integra mobiliza\u00e7\u00e3o estadual para conscientizar sobre o Sarampo nesta quarta, 6"},"content":{"rendered":"<p>A vacina contra a doen\u00e7a \u00e9 indicada para todas as pessoas a partir de 1 ano de idade<\/p>\n<p>A Secretaria Municipal de Sa\u00fade de Barretos refor\u00e7a o alerta \u00e0 popula\u00e7\u00e3o para que mantenha a vacina\u00e7\u00e3o contra o sarampo em dia, uma vez que casos da doen\u00e7a foram confirmados no Estado de S\u00e3o Paulo.<\/p>\n<p>Nesta quarta-feira, 6 de novembro, equipes de todas as Unidades B\u00e1sicas de Sa\u00fade (UBSs) de Barretos participam da mobiliza\u00e7\u00e3o estadual do Dia \u201cS\u201d de conscientiza\u00e7\u00e3o sobre o Sarampo. Os agentes realizam a busca ativa de pacientes com sintomas da doen\u00e7a, refor\u00e7ando a import\u00e2ncia do diagn\u00f3stico e do isolamento para evitar a transmiss\u00e3o.<\/p>\n<p>*Vacina\u00e7\u00e3o*<\/p>\n<p>Pessoas de todas as idades, a partir de 1 ano, devem manter a vacina contra o Sarampo em dia. \u201c\u00c9 muito importante procurar uma UBS de segunda a sexta-feira, das 8 \u00e0s 16h, ou o Novo Post\u00e3o, das 8 \u00e0s 12h, para conferir se a carteirinha de vacina\u00e7\u00e3o est\u00e1 atualizada. Colocando em dia, se necess\u00e1rio, conforme o Calend\u00e1rio Nacional de Vacina\u00e7\u00e3o\u201d, ressalta Manuela Theodoro Ribeiro, coordenadora da Vigil\u00e2ncia Epidemiol\u00f3gica do munic\u00edpio.<\/p>\n<p>*Sintomas*<\/p>\n<p>Deve-se procurar uma UBS, caso apare\u00e7am manchas vermelhas e febre alta (acima de 38,5\u00b0), acompanhadas de um ou mais dos seguintes sintomas: tosse seca; irrita\u00e7\u00e3o nos olhos (conjuntivite); nariz escorrendo ou entupido.<\/p>\n<p>Tamb\u00e9m \u00e9 importante evitar o contato com outras pessoas para diminuir a chance de transmitir o v\u00edrus. Os sintomas podem aparecer em at\u00e9 21 dias depois da contamina\u00e7\u00e3o.<\/p>\n<p>*Transmiss\u00e3o*<\/p>\n<p>O sarampo \u00e9 uma doen\u00e7a altamente transmiss\u00edvel e pode se manifestar de forma grave, podendo levar \u00e0 morte. A transmiss\u00e3o ocorre pela tosse, fala, espirro ou pela aspers\u00e3o de got\u00edculas de saliva de uma pessoa doente. A forma mais efetiva de se proteger \u00e9 a vacina\u00e7\u00e3o.<\/p>\n<p>*Assimp-509-2024*<br \/>\n*Reda\u00e7\u00e3o: Assessoria de Imprensa*<br \/>\n*Foto: Nivaldo Jr.*<\/p>\n","protected":false},"excerpt":{"rendered":"<p>A vacina contra a doen\u00e7a \u00e9 indicada para todas as<\/p>\n","protected":false},"author":2,"featured_media":111739,"comment_status":"open","ping_status":"open","sticky":false,"template":"","format":"standard","meta":{"footnotes":""},"categories":[14,25,111],"tags":[],"class_list":["post-111738","post","type-post","status-publish","format-standard","has-post-thumbnail","hentry","category-barretos","category-cidades","category-cotidiano"],"yoast_head":"<!-- This site is optimized with the Yoast SEO plugin v27.4 - https:\/\/yoast.com\/product\/yoast-seo-wordpress\/ -->\n<title>Dia &quot;S&quot;: Barretos integra mobiliza\u00e7\u00e3o estadual para conscientizar sobre o Sarampo nesta quarta, 6 - Regi\u00e3o News<\/title>\n<meta name=\"robots\" content=\"index, follow, max-snippet:-1, max-image-preview:large, max-video-preview:-1\" \/>\n<link rel=\"canonical\" href=\"https:\/\/regiaonews.net.br\/2022\/2024\/11\/06\/dia-s-barretos-integra-mobilizacao-estadual-para-conscientizar-sobre-o-sarampo-nesta-quarta-6\/\" \/>\n<meta property=\"og:locale\" content=\"pt_BR\" \/>\n<meta property=\"og:type\" content=\"article\" \/>\n<meta property=\"og:title\" content=\"Dia &quot;S&quot;: Barretos integra mobiliza\u00e7\u00e3o estadual para conscientizar sobre o Sarampo nesta quarta, 6 - Regi\u00e3o News\" \/>\n<meta property=\"og:description\" content=\"A vacina contra a doen\u00e7a \u00e9 indicada para todas as\" \/>\n<meta property=\"og:url\" content=\"https:\/\/regiaonews.net.br\/2022\/2024\/11\/06\/dia-s-barretos-integra-mobilizacao-estadual-para-conscientizar-sobre-o-sarampo-nesta-quarta-6\/\" \/>\n<meta property=\"og:site_name\" content=\"Regi\u00e3o News\" \/>\n<meta property=\"article:published_time\" content=\"2024-11-06T14:25:17+00:00\" \/>\n<meta property=\"og:image\" content=\"https:\/\/regiaonews.net.br\/2022\/wp-content\/uploads\/2024\/11\/IMG-20241105-WA0286.jpg\" \/>\n\t<meta property=\"og:image:width\" content=\"1600\" \/>\n\t<meta property=\"og:image:height\" content=\"1200\" \/>\n\t<meta property=\"og:image:type\" content=\"image\/jpeg\" \/>\n<meta name=\"author\" content=\"Roberto\" \/>\n<meta name=\"twitter:card\" content=\"summary_large_image\" \/>\n<meta name=\"twitter:label1\" content=\"Escrito por\" \/>\n\t<meta name=\"twitter:data1\" content=\"Roberto\" \/>\n\t<meta name=\"twitter:label2\" content=\"Est. tempo de leitura\" \/>\n\t<meta name=\"twitter:data2\" content=\"2 minutos\" \/>\n<script type=\"application\/ld+json\" class=\"yoast-schema-graph\">{\"@context\":\"https:\\\/\\\/schema.org\",\"@graph\":[{\"@type\":\"Article\",\"@id\":\"https:\\\/\\\/regiaonews.net.br\\\/2022\\\/2024\\\/11\\\/06\\\/dia-s-barretos-integra-mobilizacao-estadual-para-conscientizar-sobre-o-sarampo-nesta-quarta-6\\\/#article\",\"isPartOf\":{\"@id\":\"https:\\\/\\\/regiaonews.net.br\\\/2022\\\/2024\\\/11\\\/06\\\/dia-s-barretos-integra-mobilizacao-estadual-para-conscientizar-sobre-o-sarampo-nesta-quarta-6\\\/\"},\"author\":{\"name\":\"Roberto\",\"@id\":\"https:\\\/\\\/regiaonews.net.br\\\/2022\\\/#\\\/schema\\\/person\\\/2d205a608a5aa97ac279d7a5e6d89ad8\"},\"headline\":\"Dia &#8220;S&#8221;: Barretos integra mobiliza\u00e7\u00e3o estadual para conscientizar sobre o Sarampo nesta quarta, 6\",\"datePublished\":\"2024-11-06T14:25:17+00:00\",\"mainEntityOfPage\":{\"@id\":\"https:\\\/\\\/regiaonews.net.br\\\/2022\\\/2024\\\/11\\\/06\\\/dia-s-barretos-integra-mobilizacao-estadual-para-conscientizar-sobre-o-sarampo-nesta-quarta-6\\\/\"},\"wordCount\":332,\"commentCount\":0,\"publisher\":{\"@id\":\"https:\\\/\\\/regiaonews.net.br\\\/2022\\\/#organization\"},\"image\":{\"@id\":\"https:\\\/\\\/regiaonews.net.br\\\/2022\\\/2024\\\/11\\\/06\\\/dia-s-barretos-integra-mobilizacao-estadual-para-conscientizar-sobre-o-sarampo-nesta-quarta-6\\\/#primaryimage\"},\"thumbnailUrl\":\"https:\\\/\\\/regiaonews.net.br\\\/2022\\\/wp-content\\\/uploads\\\/2024\\\/11\\\/IMG-20241105-WA0286.jpg\",\"articleSection\":[\"Barretos\",\"Cidades\",\"Cotidiano\"],\"inLanguage\":\"pt-BR\",\"potentialAction\":[{\"@type\":\"CommentAction\",\"name\":\"Comment\",\"target\":[\"https:\\\/\\\/regiaonews.net.br\\\/2022\\\/2024\\\/11\\\/06\\\/dia-s-barretos-integra-mobilizacao-estadual-para-conscientizar-sobre-o-sarampo-nesta-quarta-6\\\/#respond\"]}]},{\"@type\":\"WebPage\",\"@id\":\"https:\\\/\\\/regiaonews.net.br\\\/2022\\\/2024\\\/11\\\/06\\\/dia-s-barretos-integra-mobilizacao-estadual-para-conscientizar-sobre-o-sarampo-nesta-quarta-6\\\/\",\"url\":\"https:\\\/\\\/regiaonews.net.br\\\/2022\\\/2024\\\/11\\\/06\\\/dia-s-barretos-integra-mobilizacao-estadual-para-conscientizar-sobre-o-sarampo-nesta-quarta-6\\\/\",\"name\":\"Dia \\\"S\\\": Barretos integra mobiliza\u00e7\u00e3o estadual para conscientizar sobre o Sarampo nesta quarta, 6 - Regi\u00e3o News\",\"isPartOf\":{\"@id\":\"https:\\\/\\\/regiaonews.net.br\\\/2022\\\/#website\"},\"primaryImageOfPage\":{\"@id\":\"https:\\\/\\\/regiaonews.net.br\\\/2022\\\/2024\\\/11\\\/06\\\/dia-s-barretos-integra-mobilizacao-estadual-para-conscientizar-sobre-o-sarampo-nesta-quarta-6\\\/#primaryimage\"},\"image\":{\"@id\":\"https:\\\/\\\/regiaonews.net.br\\\/2022\\\/2024\\\/11\\\/06\\\/dia-s-barretos-integra-mobilizacao-estadual-para-conscientizar-sobre-o-sarampo-nesta-quarta-6\\\/#primaryimage\"},\"thumbnailUrl\":\"https:\\\/\\\/regiaonews.net.br\\\/2022\\\/wp-content\\\/uploads\\\/2024\\\/11\\\/IMG-20241105-WA0286.jpg\",\"datePublished\":\"2024-11-06T14:25:17+00:00\",\"breadcrumb\":{\"@id\":\"https:\\\/\\\/regiaonews.net.br\\\/2022\\\/2024\\\/11\\\/06\\\/dia-s-barretos-integra-mobilizacao-estadual-para-conscientizar-sobre-o-sarampo-nesta-quarta-6\\\/#breadcrumb\"},\"inLanguage\":\"pt-BR\",\"potentialAction\":[{\"@type\":\"ReadAction\",\"target\":[\"https:\\\/\\\/regiaonews.net.br\\\/2022\\\/2024\\\/11\\\/06\\\/dia-s-barretos-integra-mobilizacao-estadual-para-conscientizar-sobre-o-sarampo-nesta-quarta-6\\\/\"]}]},{\"@type\":\"ImageObject\",\"inLanguage\":\"pt-BR\",\"@id\":\"https:\\\/\\\/regiaonews.net.br\\\/2022\\\/2024\\\/11\\\/06\\\/dia-s-barretos-integra-mobilizacao-estadual-para-conscientizar-sobre-o-sarampo-nesta-quarta-6\\\/#primaryimage\",\"url\":\"https:\\\/\\\/regiaonews.net.br\\\/2022\\\/wp-content\\\/uploads\\\/2024\\\/11\\\/IMG-20241105-WA0286.jpg\",\"contentUrl\":\"https:\\\/\\\/regiaonews.net.br\\\/2022\\\/wp-content\\\/uploads\\\/2024\\\/11\\\/IMG-20241105-WA0286.jpg\",\"width\":1600,\"height\":1200},{\"@type\":\"BreadcrumbList\",\"@id\":\"https:\\\/\\\/regiaonews.net.br\\\/2022\\\/2024\\\/11\\\/06\\\/dia-s-barretos-integra-mobilizacao-estadual-para-conscientizar-sobre-o-sarampo-nesta-quarta-6\\\/#breadcrumb\",\"itemListElement\":[{\"@type\":\"ListItem\",\"position\":1,\"name\":\"In\u00edcio\",\"item\":\"https:\\\/\\\/regiaonews.net.br\\\/2022\\\/\"},{\"@type\":\"ListItem\",\"position\":2,\"name\":\"Dia &#8220;S&#8221;: Barretos integra mobiliza\u00e7\u00e3o estadual para conscientizar sobre o Sarampo nesta quarta, 6\"}]},{\"@type\":\"WebSite\",\"@id\":\"https:\\\/\\\/regiaonews.net.br\\\/2022\\\/#website\",\"url\":\"https:\\\/\\\/regiaonews.net.br\\\/2022\\\/\",\"name\":\"Regi\u00e3o News\",\"description\":\"Site de Not\u00edcias de Barretos e regi\u00e3o\",\"publisher\":{\"@id\":\"https:\\\/\\\/regiaonews.net.br\\\/2022\\\/#organization\"},\"potentialAction\":[{\"@type\":\"SearchAction\",\"target\":{\"@type\":\"EntryPoint\",\"urlTemplate\":\"https:\\\/\\\/regiaonews.net.br\\\/2022\\\/?s={search_term_string}\"},\"query-input\":{\"@type\":\"PropertyValueSpecification\",\"valueRequired\":true,\"valueName\":\"search_term_string\"}}],\"inLanguage\":\"pt-BR\"},{\"@type\":\"Organization\",\"@id\":\"https:\\\/\\\/regiaonews.net.br\\\/2022\\\/#organization\",\"name\":\"Regi\u00e3o News\",\"url\":\"https:\\\/\\\/regiaonews.net.br\\\/2022\\\/\",\"logo\":{\"@type\":\"ImageObject\",\"inLanguage\":\"pt-BR\",\"@id\":\"https:\\\/\\\/regiaonews.net.br\\\/2022\\\/#\\\/schema\\\/logo\\\/image\\\/\",\"url\":\"https:\\\/\\\/regiaonews.net.br\\\/2022\\\/wp-content\\\/uploads\\\/2026\\\/03\\\/regiao-13-anos-scaled.jpg\",\"contentUrl\":\"https:\\\/\\\/regiaonews.net.br\\\/2022\\\/wp-content\\\/uploads\\\/2026\\\/03\\\/regiao-13-anos-scaled.jpg\",\"width\":2560,\"height\":635,\"caption\":\"Regi\u00e3o News\"},\"image\":{\"@id\":\"https:\\\/\\\/regiaonews.net.br\\\/2022\\\/#\\\/schema\\\/logo\\\/image\\\/\"}},{\"@type\":\"Person\",\"@id\":\"https:\\\/\\\/regiaonews.net.br\\\/2022\\\/#\\\/schema\\\/person\\\/2d205a608a5aa97ac279d7a5e6d89ad8\",\"name\":\"Roberto\",\"image\":{\"@type\":\"ImageObject\",\"inLanguage\":\"pt-BR\",\"@id\":\"https:\\\/\\\/secure.gravatar.com\\\/avatar\\\/42749d8b712ff9d59ca93dc150494e5b55a44134482993f5baeb97e61b7ecc89?s=96&d=mm&r=g\",\"url\":\"https:\\\/\\\/secure.gravatar.com\\\/avatar\\\/42749d8b712ff9d59ca93dc150494e5b55a44134482993f5baeb97e61b7ecc89?s=96&d=mm&r=g\",\"contentUrl\":\"https:\\\/\\\/secure.gravatar.com\\\/avatar\\\/42749d8b712ff9d59ca93dc150494e5b55a44134482993f5baeb97e61b7ecc89?s=96&d=mm&r=g\",\"caption\":\"Roberto\"},\"url\":\"https:\\\/\\\/regiaonews.net.br\\\/2022\\\/author\\\/roberto\\\/\"}]}<\/script>\n<!-- \/ Yoast SEO plugin. -->","yoast_head_json":{"title":"Dia \"S\": Barretos integra mobiliza\u00e7\u00e3o estadual para conscientizar sobre o Sarampo nesta quarta, 6 - Regi\u00e3o News","robots":{"index":"index","follow":"follow","max-snippet":"max-snippet:-1","max-image-preview":"max-image-preview:large","max-video-preview":"max-video-preview:-1"},"canonical":"https:\/\/regiaonews.net.br\/2022\/2024\/11\/06\/dia-s-barretos-integra-mobilizacao-estadual-para-conscientizar-sobre-o-sarampo-nesta-quarta-6\/","og_locale":"pt_BR","og_type":"article","og_title":"Dia \"S\": Barretos integra mobiliza\u00e7\u00e3o estadual para conscientizar sobre o Sarampo nesta quarta, 6 - Regi\u00e3o News","og_description":"A vacina contra a doen\u00e7a \u00e9 indicada para todas as","og_url":"https:\/\/regiaonews.net.br\/2022\/2024\/11\/06\/dia-s-barretos-integra-mobilizacao-estadual-para-conscientizar-sobre-o-sarampo-nesta-quarta-6\/","og_site_name":"Regi\u00e3o News","article_published_time":"2024-11-06T14:25:17+00:00","og_image":[{"width":1600,"height":1200,"url":"https:\/\/regiaonews.net.br\/2022\/wp-content\/uploads\/2024\/11\/IMG-20241105-WA0286.jpg","type":"image\/jpeg"}],"author":"Roberto","twitter_card":"summary_large_image","twitter_misc":{"Escrito por":"Roberto","Est. tempo de leitura":"2 minutos"},"schema":{"@context":"https:\/\/schema.org","@graph":[{"@type":"Article","@id":"https:\/\/regiaonews.net.br\/2022\/2024\/11\/06\/dia-s-barretos-integra-mobilizacao-estadual-para-conscientizar-sobre-o-sarampo-nesta-quarta-6\/#article","isPartOf":{"@id":"https:\/\/regiaonews.net.br\/2022\/2024\/11\/06\/dia-s-barretos-integra-mobilizacao-estadual-para-conscientizar-sobre-o-sarampo-nesta-quarta-6\/"},"author":{"name":"Roberto","@id":"https:\/\/regiaonews.net.br\/2022\/#\/schema\/person\/2d205a608a5aa97ac279d7a5e6d89ad8"},"headline":"Dia &#8220;S&#8221;: Barretos integra mobiliza\u00e7\u00e3o estadual para conscientizar sobre o Sarampo nesta quarta, 6","datePublished":"2024-11-06T14:25:17+00:00","mainEntityOfPage":{"@id":"https:\/\/regiaonews.net.br\/2022\/2024\/11\/06\/dia-s-barretos-integra-mobilizacao-estadual-para-conscientizar-sobre-o-sarampo-nesta-quarta-6\/"},"wordCount":332,"commentCount":0,"publisher":{"@id":"https:\/\/regiaonews.net.br\/2022\/#organization"},"image":{"@id":"https:\/\/regiaonews.net.br\/2022\/2024\/11\/06\/dia-s-barretos-integra-mobilizacao-estadual-para-conscientizar-sobre-o-sarampo-nesta-quarta-6\/#primaryimage"},"thumbnailUrl":"https:\/\/regiaonews.net.br\/2022\/wp-content\/uploads\/2024\/11\/IMG-20241105-WA0286.jpg","articleSection":["Barretos","Cidades","Cotidiano"],"inLanguage":"pt-BR","potentialAction":[{"@type":"CommentAction","name":"Comment","target":["https:\/\/regiaonews.net.br\/2022\/2024\/11\/06\/dia-s-barretos-integra-mobilizacao-estadual-para-conscientizar-sobre-o-sarampo-nesta-quarta-6\/#respond"]}]},{"@type":"WebPage","@id":"https:\/\/regiaonews.net.br\/2022\/2024\/11\/06\/dia-s-barretos-integra-mobilizacao-estadual-para-conscientizar-sobre-o-sarampo-nesta-quarta-6\/","url":"https:\/\/regiaonews.net.br\/2022\/2024\/11\/06\/dia-s-barretos-integra-mobilizacao-estadual-para-conscientizar-sobre-o-sarampo-nesta-quarta-6\/","name":"Dia \"S\": Barretos integra mobiliza\u00e7\u00e3o estadual para conscientizar sobre o Sarampo nesta quarta, 6 - Regi\u00e3o News","isPartOf":{"@id":"https:\/\/regiaonews.net.br\/2022\/#website"},"primaryImageOfPage":{"@id":"https:\/\/regiaonews.net.br\/2022\/2024\/11\/06\/dia-s-barretos-integra-mobilizacao-estadual-para-conscientizar-sobre-o-sarampo-nesta-quarta-6\/#primaryimage"},"image":{"@id":"https:\/\/regiaonews.net.br\/2022\/2024\/11\/06\/dia-s-barretos-integra-mobilizacao-estadual-para-conscientizar-sobre-o-sarampo-nesta-quarta-6\/#primaryimage"},"thumbnailUrl":"https:\/\/regiaonews.net.br\/2022\/wp-content\/uploads\/2024\/11\/IMG-20241105-WA0286.jpg","datePublished":"2024-11-06T14:25:17+00:00","breadcrumb":{"@id":"https:\/\/regiaonews.net.br\/2022\/2024\/11\/06\/dia-s-barretos-integra-mobilizacao-estadual-para-conscientizar-sobre-o-sarampo-nesta-quarta-6\/#breadcrumb"},"inLanguage":"pt-BR","potentialAction":[{"@type":"ReadAction","target":["https:\/\/regiaonews.net.br\/2022\/2024\/11\/06\/dia-s-barretos-integra-mobilizacao-estadual-para-conscientizar-sobre-o-sarampo-nesta-quarta-6\/"]}]},{"@type":"ImageObject","inLanguage":"pt-BR","@id":"https:\/\/regiaonews.net.br\/2022\/2024\/11\/06\/dia-s-barretos-integra-mobilizacao-estadual-para-conscientizar-sobre-o-sarampo-nesta-quarta-6\/#primaryimage","url":"https:\/\/regiaonews.net.br\/2022\/wp-content\/uploads\/2024\/11\/IMG-20241105-WA0286.jpg","contentUrl":"https:\/\/regiaonews.net.br\/2022\/wp-content\/uploads\/2024\/11\/IMG-20241105-WA0286.jpg","width":1600,"height":1200},{"@type":"BreadcrumbList","@id":"https:\/\/regiaonews.net.br\/2022\/2024\/11\/06\/dia-s-barretos-integra-mobilizacao-estadual-para-conscientizar-sobre-o-sarampo-nesta-quarta-6\/#breadcrumb","itemListElement":[{"@type":"ListItem","position":1,"name":"In\u00edcio","item":"https:\/\/regiaonews.net.br\/2022\/"},{"@type":"ListItem","position":2,"name":"Dia &#8220;S&#8221;: Barretos integra mobiliza\u00e7\u00e3o estadual para conscientizar sobre o Sarampo nesta quarta, 6"}]},{"@type":"WebSite","@id":"https:\/\/regiaonews.net.br\/2022\/#website","url":"https:\/\/regiaonews.net.br\/2022\/","name":"Regi\u00e3o News","description":"Site de Not\u00edcias de Barretos e regi\u00e3o","publisher":{"@id":"https:\/\/regiaonews.net.br\/2022\/#organization"},"potentialAction":[{"@type":"SearchAction","target":{"@type":"EntryPoint","urlTemplate":"https:\/\/regiaonews.net.br\/2022\/?s={search_term_string}"},"query-input":{"@type":"PropertyValueSpecification","valueRequired":true,"valueName":"search_term_string"}}],"inLanguage":"pt-BR"},{"@type":"Organization","@id":"https:\/\/regiaonews.net.br\/2022\/#organization","name":"Regi\u00e3o News","url":"https:\/\/regiaonews.net.br\/2022\/","logo":{"@type":"ImageObject","inLanguage":"pt-BR","@id":"https:\/\/regiaonews.net.br\/2022\/#\/schema\/logo\/image\/","url":"https:\/\/regiaonews.net.br\/2022\/wp-content\/uploads\/2026\/03\/regiao-13-anos-scaled.jpg","contentUrl":"https:\/\/regiaonews.net.br\/2022\/wp-content\/uploads\/2026\/03\/regiao-13-anos-scaled.jpg","width":2560,"height":635,"caption":"Regi\u00e3o News"},"image":{"@id":"https:\/\/regiaonews.net.br\/2022\/#\/schema\/logo\/image\/"}},{"@type":"Person","@id":"https:\/\/regiaonews.net.br\/2022\/#\/schema\/person\/2d205a608a5aa97ac279d7a5e6d89ad8","name":"Roberto","image":{"@type":"ImageObject","inLanguage":"pt-BR","@id":"https:\/\/secure.gravatar.com\/avatar\/42749d8b712ff9d59ca93dc150494e5b55a44134482993f5baeb97e61b7ecc89?s=96&d=mm&r=g","url":"https:\/\/secure.gravatar.com\/avatar\/42749d8b712ff9d59ca93dc150494e5b55a44134482993f5baeb97e61b7ecc89?s=96&d=mm&r=g","contentUrl":"https:\/\/secure.gravatar.com\/avatar\/42749d8b712ff9d59ca93dc150494e5b55a44134482993f5baeb97e61b7ecc89?s=96&d=mm&r=g","caption":"Roberto"},"url":"https:\/\/regiaonews.net.br\/2022\/author\/roberto\/"}]}},"publishpress_future_action":{"enabled":false,"date":"2026-05-02 06:52:21","action":"change-status","newStatus":"draft","terms":[],"taxonomy":"category","extraData":[]},"publishpress_future_workflow_manual_trigger":{"enabledWorkflows":[]},"_links":{"self":[{"href":"https:\/\/regiaonews.net.br\/2022\/wp-json\/wp\/v2\/posts\/111738","targetHints":{"allow":["GET"]}}],"collection":[{"href":"https:\/\/regiaonews.net.br\/2022\/wp-json\/wp\/v2\/posts"}],"about":[{"href":"https:\/\/regiaonews.net.br\/2022\/wp-json\/wp\/v2\/types\/post"}],"author":[{"embeddable":true,"href":"https:\/\/regiaonews.net.br\/2022\/wp-json\/wp\/v2\/users\/2"}],"replies":[{"embeddable":true,"href":"https:\/\/regiaonews.net.br\/2022\/wp-json\/wp\/v2\/comments?post=111738"}],"version-history":[{"count":1,"href":"https:\/\/regiaonews.net.br\/2022\/wp-json\/wp\/v2\/posts\/111738\/revisions"}],"predecessor-version":[{"id":111740,"href":"https:\/\/regiaonews.net.br\/2022\/wp-json\/wp\/v2\/posts\/111738\/revisions\/111740"}],"wp:featuredmedia":[{"embeddable":true,"href":"https:\/\/regiaonews.net.br\/2022\/wp-json\/wp\/v2\/media\/111739"}],"wp:attachment":[{"href":"https:\/\/regiaonews.net.br\/2022\/wp-json\/wp\/v2\/media?parent=111738"}],"wp:term":[{"taxonomy":"category","embeddable":true,"href":"https:\/\/regiaonews.net.br\/2022\/wp-json\/wp\/v2\/categories?post=111738"},{"taxonomy":"post_tag","embeddable":true,"href":"https:\/\/regiaonews.net.br\/2022\/wp-json\/wp\/v2\/tags?post=111738"}],"curies":[{"name":"wp","href":"https:\/\/api.w.org\/{rel}","templated":true}]}}