{"id":111678,"date":"2024-11-04T21:12:41","date_gmt":"2024-11-05T00:12:41","guid":{"rendered":"https:\/\/regiaonews.net.br\/2022\/?p=111678"},"modified":"2024-11-04T21:13:28","modified_gmt":"2024-11-05T00:13:28","slug":"oab-barretos-sedia-encontro-estadual-dos-grupos-de-adocao","status":"publish","type":"post","link":"https:\/\/regiaonews.net.br\/2022\/2024\/11\/04\/oab-barretos-sedia-encontro-estadual-dos-grupos-de-adocao\/","title":{"rendered":"OAB Barretos sedia encontro estadual dos Grupos de Ado\u00e7\u00e3o"},"content":{"rendered":"<div>\n<div><a href=\"https:\/\/regiaonews.net.br\/2022\/wp-content\/uploads\/2024\/11\/0aa805c9-5350-4ab7-ae70-c062a2e653bb.jpeg\"><img loading=\"lazy\" decoding=\"async\" class=\"alignnone size-medium wp-image-111681\" src=\"https:\/\/regiaonews.net.br\/2022\/wp-content\/uploads\/2024\/11\/0aa805c9-5350-4ab7-ae70-c062a2e653bb-300x169.jpeg\" alt=\"\" width=\"300\" height=\"169\" srcset=\"https:\/\/regiaonews.net.br\/2022\/wp-content\/uploads\/2024\/11\/0aa805c9-5350-4ab7-ae70-c062a2e653bb-300x169.jpeg 300w, https:\/\/regiaonews.net.br\/2022\/wp-content\/uploads\/2024\/11\/0aa805c9-5350-4ab7-ae70-c062a2e653bb-1024x576.jpeg 1024w, https:\/\/regiaonews.net.br\/2022\/wp-content\/uploads\/2024\/11\/0aa805c9-5350-4ab7-ae70-c062a2e653bb-768x432.jpeg 768w, https:\/\/regiaonews.net.br\/2022\/wp-content\/uploads\/2024\/11\/0aa805c9-5350-4ab7-ae70-c062a2e653bb-1536x864.jpeg 1536w, https:\/\/regiaonews.net.br\/2022\/wp-content\/uploads\/2024\/11\/0aa805c9-5350-4ab7-ae70-c062a2e653bb-250x141.jpeg 250w, https:\/\/regiaonews.net.br\/2022\/wp-content\/uploads\/2024\/11\/0aa805c9-5350-4ab7-ae70-c062a2e653bb.jpeg 1600w\" sizes=\"auto, (max-width: 300px) 100vw, 300px\" \/><\/a><\/div>\n<\/div>\n<div><\/div>\n<table role=\"presentation\" border=\"0\" width=\"100%\" cellspacing=\"0\" cellpadding=\"0\">\n<tbody>\n<tr>\n<td align=\"left\">\n<div>\n<div><\/div>\n<\/div>\n<\/td>\n<\/tr>\n<tr>\n<td align=\"left\">\n<div>\n<p><em data-olk-copy-source=\"MessageBody\">O tema central do evento \u00e9 a ado\u00e7\u00e3o legal, segura e para sempre<\/em><\/p>\n<\/div>\n<\/td>\n<\/tr>\n<tr>\n<td align=\"left\">\n<div>\n<p>Nos dias 9 e 10 de novembro, acontece o 19\u00ba Encontro Estadual dos Grupos de Apoio \u00e0 Ado\u00e7\u00e3o, com o tema \u201cUniverso da ado\u00e7\u00e3o legal, segura e para sempre&#8221;, na Casa da Advocacia e Cidadania de\u00a0Barretos, sede da 7\u00aa Subse\u00e7\u00e3o da Ordem dos Advogados do Brasil &#8211; OAB Barretos.<\/p>\n<p>As palestras est\u00e3o distribu\u00eddas em dois per\u00edodos: pela manh\u00e3, das 9h \u00e0s 11h10, e a tarde, das 14h \u00e0s 16h45.<\/p>\n<p>A presidente da Comiss\u00e3o de Ado\u00e7\u00e3o da 7\u00aa Subse\u00e7\u00e3o e do GAA (Grupo de Apoio \u00e0 Ado\u00e7\u00e3o) Cura de Barretos, advogada dra. J\u00e9ssica Aline Flor\u00eancio da Silva Pereira, respons\u00e1vel pela organiza\u00e7\u00e3o do evento, destaca a relev\u00e2ncia do encontro, &#8220;\u00e9 a primeira vez que Barretos sedia um evento t\u00e3o importante ligado \u00e0 ado\u00e7\u00e3o. Esse encontro \u00e9 fundamental, pois desmistifica o tema, que muitas vezes n\u00e3o \u00e9 discutido abertamente. A ado\u00e7\u00e3o \u00e9 um assunto s\u00e9rio e deve ser abordado em qualquer ocasi\u00e3o, inclusive em reuni\u00f5es familiares, especialmente para aqueles pais ou m\u00e3es que desejam adotar uma crian\u00e7a ou adolescente. O processo deve ser feito de forma legal, com o apoio de advogados e do sistema judici\u00e1rio\u201d, afirma a dra. J\u00e9ssica.<\/p>\n<p>Ainda de acordo com a advogada \u201cno processo de Ado\u00e7\u00e3o, temos atua\u00e7\u00e3o de diversas \u00e1reas profissionais, todas se completam e agregam. Por isso, a tem\u00e1tica, Universo da Ado\u00e7\u00e3o. Ser\u00e1 um evento que englobar\u00e1 fam\u00edlias e profissionais\u201d, completa.<\/p>\n<p><strong>Confira a programa\u00e7\u00e3o completa:<\/strong><\/p>\n<p><strong>9 de novembro &#8211; s\u00e1bado\u00a0<\/strong><\/p>\n<p>9h &#8211; Abertura<\/p>\n<p>10h &#8211;\u00a0Esta\u00e7\u00e3o As Esperas, a Constitui\u00e7\u00e3o de Novos Pap\u00e9is e seus Desafios apresentada pela psic\u00f3loga cl\u00ednica, D\u00e9bora Leonardi David;<\/p>\n<p>10h50 &#8211;\u00a0Esta\u00e7\u00e3o As Doulas de Ado\u00e7\u00e3o e Acolhimento na Parentalidade Adotiva apresentada pela Doulas de Ado\u00e7\u00e3o, Mayra A\u00edeloo e Marianna Muradas;<\/p>\n<p>11h10 &#8211; Esta\u00e7\u00e3o A Participa\u00e7\u00e3o de Crian\u00e7as e Adolescentes nos Processos de Destitui\u00e7\u00e3o do Poder Familiar &#8211; apresentada pelo Defensor P\u00fablico Gustavo Samuel da Silva Santos<\/p>\n<p>14h &#8211; Esta\u00e7\u00e3o Direito \u00e0s Origens e Biografia Adotiva apresentada por Larissa Alves, Cofundadora das Adotivas.<\/p>\n<p>14h50 &#8211; Esta\u00e7\u00e3o Regress\u00e3o Emocional da Crian\u00e7a Adotiva apresentada por Cec\u00edlia Reis, Presidente GAASP<\/p>\n<p>15h30 &#8211; Pausa<\/p>\n<p>16h00 &#8211; Esta\u00e7\u00e3o O Direito da Crian\u00e7a a uma Fam\u00edlia: O Contexto Angolano\u00a0apresentada por Arlindo Castro, Juiz de Direito na Angola<\/p>\n<p>16h45 &#8211; Esta\u00e7\u00e3o Ado\u00e7\u00e3o Tardia apresentada por\u00a0Fernanda Fabris, ela \u00e9 m\u00e3e por ado\u00e7\u00e3o<\/p>\n<table role=\"presentation\" border=\"0\" cellspacing=\"0\" cellpadding=\"0\" align=\"center\">\n<tbody>\n<tr>\n<td>\n<div>\n<table role=\"presentation\" border=\"0\" width=\"100%\" cellspacing=\"0\" cellpadding=\"0\">\n<tbody>\n<tr>\n<td>\n<table role=\"presentation\" border=\"0\" width=\"100%\" cellspacing=\"0\" cellpadding=\"0\">\n<tbody>\n<tr>\n<td align=\"left\">\n<div>\n<p data-olk-copy-source=\"MessageBody\">OAB Barretos sedia encontro estadual dos Grupos de Ado\u00e7\u00e3o<\/p>\n<\/div>\n<\/td>\n<\/tr>\n<tr>\n<td align=\"left\">\n<div>\n<p><em>O tema central do evento \u00e9 a ado\u00e7\u00e3o legal, segura e para sempre<\/em><\/p>\n<\/div>\n<\/td>\n<\/tr>\n<tr>\n<td align=\"left\">\n<div>\n<p>Nos dias 9 e 10 de novembro, acontece o 19\u00ba Encontro Estadual dos Grupos de Apoio \u00e0 Ado\u00e7\u00e3o, com o tema \u201cUniverso da ado\u00e7\u00e3o legal, segura e para sempre&#8221;, na Casa da Advocacia e Cidadania de\u00a0Barretos, sede da 7\u00aa Subse\u00e7\u00e3o da Ordem dos Advogados do Brasil &#8211; OAB Barretos.<\/p>\n<p>As palestras est\u00e3o distribu\u00eddas em dois per\u00edodos: pela manh\u00e3, das 9h \u00e0s 11h10, e a tarde, das 14h \u00e0s 16h45.<\/p>\n<p>A presidente da Comiss\u00e3o de Ado\u00e7\u00e3o da 7\u00aa Subse\u00e7\u00e3o e do GAA (Grupo de Apoio \u00e0 Ado\u00e7\u00e3o) Cura de Barretos, advogada dra. J\u00e9ssica Aline Flor\u00eancio da Silva Pereira, respons\u00e1vel pela organiza\u00e7\u00e3o do evento, destaca a relev\u00e2ncia do encontro, &#8220;\u00e9 a primeira vez que Barretos sedia um evento t\u00e3o importante ligado \u00e0 ado\u00e7\u00e3o. Esse encontro \u00e9 fundamental, pois desmistifica o tema, que muitas vezes n\u00e3o \u00e9 discutido abertamente. A ado\u00e7\u00e3o \u00e9 um assunto s\u00e9rio e deve ser abordado em qualquer ocasi\u00e3o, inclusive em reuni\u00f5es familiares, especialmente para aqueles pais ou m\u00e3es que desejam adotar uma crian\u00e7a ou adolescente. O processo deve ser feito de forma legal, com o apoio de advogados e do sistema judici\u00e1rio\u201d, afirma a dra. J\u00e9ssica.<\/p>\n<p>Ainda de acordo com a advogada \u201cno processo de Ado\u00e7\u00e3o, temos atua\u00e7\u00e3o de diversas \u00e1reas profissionais, todas se completam e agregam. Por isso, a tem\u00e1tica, Universo da Ado\u00e7\u00e3o. Ser\u00e1 um evento que englobar\u00e1 fam\u00edlias e profissionais\u201d, completa.<\/p>\n<p><strong>Confira a programa\u00e7\u00e3o completa:<\/strong><\/p>\n<p><strong>9 de novembro &#8211; s\u00e1bado\u00a0<\/strong><\/p>\n<p>9h &#8211; Abertura<\/p>\n<p>10h &#8211;\u00a0Esta\u00e7\u00e3o As Esperas, a Constitui\u00e7\u00e3o de Novos Pap\u00e9is e seus Desafios apresentada pela psic\u00f3loga cl\u00ednica, D\u00e9bora Leonardi David;<\/p>\n<p>10h50 &#8211;\u00a0Esta\u00e7\u00e3o As Doulas de Ado\u00e7\u00e3o e Acolhimento na Parentalidade Adotiva apresentada pela Doulas de Ado\u00e7\u00e3o, Mayra A\u00edeloo e Marianna Muradas;<\/p>\n<p>11h10 &#8211; Esta\u00e7\u00e3o A Participa\u00e7\u00e3o de Crian\u00e7as e Adolescentes nos Processos de Destitui\u00e7\u00e3o do Poder Familiar &#8211; apresentada pelo Defensor P\u00fablico Gustavo Samuel da Silva Santos<\/p>\n<p>14h &#8211; Esta\u00e7\u00e3o Direito \u00e0s Origens e Biografia Adotiva apresentada por Larissa Alves, Cofundadora das Adotivas.<\/p>\n<p>14h50 &#8211; Esta\u00e7\u00e3o Regress\u00e3o Emocional da Crian\u00e7a Adotiva apresentada por Cec\u00edlia Reis, Presidente GAASP<\/p>\n<p>15h30 &#8211; Pausa<\/p>\n<p>16h00 &#8211; Esta\u00e7\u00e3o O Direito da Crian\u00e7a a uma Fam\u00edlia: O Contexto Angolano\u00a0apresentada por Arlindo Castro, Juiz de Direito na Angola<\/p>\n<p>16h45 &#8211; Esta\u00e7\u00e3o Ado\u00e7\u00e3o Tardia apresentada por\u00a0Fernanda Fabris, ela \u00e9 m\u00e3e por ado\u00e7\u00e3o<\/p>\n<p><strong>Dia 10 de novembro<\/strong><\/p>\n<p>9:00 &#8211; Abertura<\/p>\n<p>9h10 &#8211; Esta\u00e7\u00e3o Sa\u00fade Mental em Ado\u00e7\u00e3o &#8211; apresentada por G\u00e9ssica Alves Pires, Cofundadora das Adotivas<\/p>\n<p>10h00 &#8211; Esta\u00e7\u00e3o Preparando a Fam\u00edlia para Ado\u00e7\u00e3o &#8211; apresentada por Jadete Calixto, Presidente GAA Acolher<\/p>\n<p>10h50 &#8211; Esta\u00e7\u00e3o Letramento Racial na Ado\u00e7\u00e3o &#8211; apresentada por Jussara Marra, Presidente ANGAAD<\/p>\n<p>11h40 &#8211; Palestra\u00a0&#8220;Entrega Volunt\u00e1ria: uma realidade discut\u00edvel&#8221;\u00a0apresentada por Antonio Carlos Berlini, Advogado, Presidente da Comiss\u00e3o da Crian\u00e7a Adolescente e Ado\u00e7\u00e3o da OAB Santo Amaro.<\/p>\n<p>12h20 &#8211; Esta\u00e7\u00e3o Final<\/p>\n<\/div>\n<\/td>\n<\/tr>\n<\/tbody>\n<\/table>\n<\/td>\n<\/tr>\n<\/tbody>\n<\/table>\n<\/div>\n<\/td>\n<\/tr>\n<\/tbody>\n<\/table>\n<\/div>\n<\/td>\n<\/tr>\n<\/tbody>\n<\/table>\n","protected":false},"excerpt":{"rendered":"<p>O tema central do evento \u00e9 a ado\u00e7\u00e3o legal, segura<\/p>\n","protected":false},"author":2,"featured_media":111679,"comment_status":"open","ping_status":"open","sticky":false,"template":"","format":"standard","meta":{"footnotes":""},"categories":[14,25],"tags":[],"class_list":["post-111678","post","type-post","status-publish","format-standard","has-post-thumbnail","hentry","category-barretos","category-cidades"],"yoast_head":"<!-- This site is optimized with the Yoast SEO plugin v27.4 - https:\/\/yoast.com\/product\/yoast-seo-wordpress\/ -->\n<title>OAB Barretos sedia encontro estadual dos Grupos de Ado\u00e7\u00e3o - Regi\u00e3o News<\/title>\n<meta name=\"robots\" content=\"index, follow, max-snippet:-1, max-image-preview:large, max-video-preview:-1\" \/>\n<link rel=\"canonical\" href=\"https:\/\/regiaonews.net.br\/2022\/2024\/11\/04\/oab-barretos-sedia-encontro-estadual-dos-grupos-de-adocao\/\" \/>\n<meta property=\"og:locale\" content=\"pt_BR\" \/>\n<meta property=\"og:type\" content=\"article\" \/>\n<meta property=\"og:title\" content=\"OAB Barretos sedia encontro estadual dos Grupos de Ado\u00e7\u00e3o - Regi\u00e3o News\" \/>\n<meta property=\"og:description\" content=\"O tema central do evento \u00e9 a ado\u00e7\u00e3o legal, segura\" \/>\n<meta property=\"og:url\" content=\"https:\/\/regiaonews.net.br\/2022\/2024\/11\/04\/oab-barretos-sedia-encontro-estadual-dos-grupos-de-adocao\/\" \/>\n<meta property=\"og:site_name\" content=\"Regi\u00e3o News\" \/>\n<meta property=\"article:published_time\" content=\"2024-11-05T00:12:41+00:00\" \/>\n<meta property=\"article:modified_time\" content=\"2024-11-05T00:13:28+00:00\" \/>\n<meta property=\"og:image\" content=\"https:\/\/regiaonews.net.br\/2022\/wp-content\/uploads\/2024\/11\/03502966-25cf-48e4-bf02-88b62c833dfa.jpeg\" \/>\n\t<meta property=\"og:image:width\" content=\"576\" \/>\n\t<meta property=\"og:image:height\" content=\"1024\" \/>\n\t<meta property=\"og:image:type\" content=\"image\/jpeg\" \/>\n<meta name=\"author\" content=\"Roberto\" \/>\n<meta name=\"twitter:card\" content=\"summary_large_image\" \/>\n<meta name=\"twitter:label1\" content=\"Escrito por\" \/>\n\t<meta name=\"twitter:data1\" content=\"Roberto\" \/>\n\t<meta name=\"twitter:label2\" content=\"Est. tempo de leitura\" \/>\n\t<meta name=\"twitter:data2\" content=\"6 minutos\" \/>\n<script type=\"application\/ld+json\" class=\"yoast-schema-graph\">{\"@context\":\"https:\\\/\\\/schema.org\",\"@graph\":[{\"@type\":\"Article\",\"@id\":\"https:\\\/\\\/regiaonews.net.br\\\/2022\\\/2024\\\/11\\\/04\\\/oab-barretos-sedia-encontro-estadual-dos-grupos-de-adocao\\\/#article\",\"isPartOf\":{\"@id\":\"https:\\\/\\\/regiaonews.net.br\\\/2022\\\/2024\\\/11\\\/04\\\/oab-barretos-sedia-encontro-estadual-dos-grupos-de-adocao\\\/\"},\"author\":{\"name\":\"Roberto\",\"@id\":\"https:\\\/\\\/regiaonews.net.br\\\/2022\\\/#\\\/schema\\\/person\\\/2d205a608a5aa97ac279d7a5e6d89ad8\"},\"headline\":\"OAB Barretos sedia encontro estadual dos Grupos de Ado\u00e7\u00e3o\",\"datePublished\":\"2024-11-05T00:12:41+00:00\",\"dateModified\":\"2024-11-05T00:13:28+00:00\",\"mainEntityOfPage\":{\"@id\":\"https:\\\/\\\/regiaonews.net.br\\\/2022\\\/2024\\\/11\\\/04\\\/oab-barretos-sedia-encontro-estadual-dos-grupos-de-adocao\\\/\"},\"wordCount\":982,\"commentCount\":0,\"publisher\":{\"@id\":\"https:\\\/\\\/regiaonews.net.br\\\/2022\\\/#organization\"},\"image\":{\"@id\":\"https:\\\/\\\/regiaonews.net.br\\\/2022\\\/2024\\\/11\\\/04\\\/oab-barretos-sedia-encontro-estadual-dos-grupos-de-adocao\\\/#primaryimage\"},\"thumbnailUrl\":\"https:\\\/\\\/regiaonews.net.br\\\/2022\\\/wp-content\\\/uploads\\\/2024\\\/11\\\/03502966-25cf-48e4-bf02-88b62c833dfa.jpeg\",\"articleSection\":[\"Barretos\",\"Cidades\"],\"inLanguage\":\"pt-BR\",\"potentialAction\":[{\"@type\":\"CommentAction\",\"name\":\"Comment\",\"target\":[\"https:\\\/\\\/regiaonews.net.br\\\/2022\\\/2024\\\/11\\\/04\\\/oab-barretos-sedia-encontro-estadual-dos-grupos-de-adocao\\\/#respond\"]}]},{\"@type\":\"WebPage\",\"@id\":\"https:\\\/\\\/regiaonews.net.br\\\/2022\\\/2024\\\/11\\\/04\\\/oab-barretos-sedia-encontro-estadual-dos-grupos-de-adocao\\\/\",\"url\":\"https:\\\/\\\/regiaonews.net.br\\\/2022\\\/2024\\\/11\\\/04\\\/oab-barretos-sedia-encontro-estadual-dos-grupos-de-adocao\\\/\",\"name\":\"OAB Barretos sedia encontro estadual dos Grupos de Ado\u00e7\u00e3o - Regi\u00e3o News\",\"isPartOf\":{\"@id\":\"https:\\\/\\\/regiaonews.net.br\\\/2022\\\/#website\"},\"primaryImageOfPage\":{\"@id\":\"https:\\\/\\\/regiaonews.net.br\\\/2022\\\/2024\\\/11\\\/04\\\/oab-barretos-sedia-encontro-estadual-dos-grupos-de-adocao\\\/#primaryimage\"},\"image\":{\"@id\":\"https:\\\/\\\/regiaonews.net.br\\\/2022\\\/2024\\\/11\\\/04\\\/oab-barretos-sedia-encontro-estadual-dos-grupos-de-adocao\\\/#primaryimage\"},\"thumbnailUrl\":\"https:\\\/\\\/regiaonews.net.br\\\/2022\\\/wp-content\\\/uploads\\\/2024\\\/11\\\/03502966-25cf-48e4-bf02-88b62c833dfa.jpeg\",\"datePublished\":\"2024-11-05T00:12:41+00:00\",\"dateModified\":\"2024-11-05T00:13:28+00:00\",\"breadcrumb\":{\"@id\":\"https:\\\/\\\/regiaonews.net.br\\\/2022\\\/2024\\\/11\\\/04\\\/oab-barretos-sedia-encontro-estadual-dos-grupos-de-adocao\\\/#breadcrumb\"},\"inLanguage\":\"pt-BR\",\"potentialAction\":[{\"@type\":\"ReadAction\",\"target\":[\"https:\\\/\\\/regiaonews.net.br\\\/2022\\\/2024\\\/11\\\/04\\\/oab-barretos-sedia-encontro-estadual-dos-grupos-de-adocao\\\/\"]}]},{\"@type\":\"ImageObject\",\"inLanguage\":\"pt-BR\",\"@id\":\"https:\\\/\\\/regiaonews.net.br\\\/2022\\\/2024\\\/11\\\/04\\\/oab-barretos-sedia-encontro-estadual-dos-grupos-de-adocao\\\/#primaryimage\",\"url\":\"https:\\\/\\\/regiaonews.net.br\\\/2022\\\/wp-content\\\/uploads\\\/2024\\\/11\\\/03502966-25cf-48e4-bf02-88b62c833dfa.jpeg\",\"contentUrl\":\"https:\\\/\\\/regiaonews.net.br\\\/2022\\\/wp-content\\\/uploads\\\/2024\\\/11\\\/03502966-25cf-48e4-bf02-88b62c833dfa.jpeg\",\"width\":576,\"height\":1024},{\"@type\":\"BreadcrumbList\",\"@id\":\"https:\\\/\\\/regiaonews.net.br\\\/2022\\\/2024\\\/11\\\/04\\\/oab-barretos-sedia-encontro-estadual-dos-grupos-de-adocao\\\/#breadcrumb\",\"itemListElement\":[{\"@type\":\"ListItem\",\"position\":1,\"name\":\"In\u00edcio\",\"item\":\"https:\\\/\\\/regiaonews.net.br\\\/2022\\\/\"},{\"@type\":\"ListItem\",\"position\":2,\"name\":\"OAB Barretos sedia encontro estadual dos Grupos de Ado\u00e7\u00e3o\"}]},{\"@type\":\"WebSite\",\"@id\":\"https:\\\/\\\/regiaonews.net.br\\\/2022\\\/#website\",\"url\":\"https:\\\/\\\/regiaonews.net.br\\\/2022\\\/\",\"name\":\"Regi\u00e3o News\",\"description\":\"Site de Not\u00edcias de Barretos e regi\u00e3o\",\"publisher\":{\"@id\":\"https:\\\/\\\/regiaonews.net.br\\\/2022\\\/#organization\"},\"potentialAction\":[{\"@type\":\"SearchAction\",\"target\":{\"@type\":\"EntryPoint\",\"urlTemplate\":\"https:\\\/\\\/regiaonews.net.br\\\/2022\\\/?s={search_term_string}\"},\"query-input\":{\"@type\":\"PropertyValueSpecification\",\"valueRequired\":true,\"valueName\":\"search_term_string\"}}],\"inLanguage\":\"pt-BR\"},{\"@type\":\"Organization\",\"@id\":\"https:\\\/\\\/regiaonews.net.br\\\/2022\\\/#organization\",\"name\":\"Regi\u00e3o News\",\"url\":\"https:\\\/\\\/regiaonews.net.br\\\/2022\\\/\",\"logo\":{\"@type\":\"ImageObject\",\"inLanguage\":\"pt-BR\",\"@id\":\"https:\\\/\\\/regiaonews.net.br\\\/2022\\\/#\\\/schema\\\/logo\\\/image\\\/\",\"url\":\"https:\\\/\\\/regiaonews.net.br\\\/2022\\\/wp-content\\\/uploads\\\/2026\\\/03\\\/regiao-13-anos-scaled.jpg\",\"contentUrl\":\"https:\\\/\\\/regiaonews.net.br\\\/2022\\\/wp-content\\\/uploads\\\/2026\\\/03\\\/regiao-13-anos-scaled.jpg\",\"width\":2560,\"height\":635,\"caption\":\"Regi\u00e3o News\"},\"image\":{\"@id\":\"https:\\\/\\\/regiaonews.net.br\\\/2022\\\/#\\\/schema\\\/logo\\\/image\\\/\"}},{\"@type\":\"Person\",\"@id\":\"https:\\\/\\\/regiaonews.net.br\\\/2022\\\/#\\\/schema\\\/person\\\/2d205a608a5aa97ac279d7a5e6d89ad8\",\"name\":\"Roberto\",\"image\":{\"@type\":\"ImageObject\",\"inLanguage\":\"pt-BR\",\"@id\":\"https:\\\/\\\/secure.gravatar.com\\\/avatar\\\/42749d8b712ff9d59ca93dc150494e5b55a44134482993f5baeb97e61b7ecc89?s=96&d=mm&r=g\",\"url\":\"https:\\\/\\\/secure.gravatar.com\\\/avatar\\\/42749d8b712ff9d59ca93dc150494e5b55a44134482993f5baeb97e61b7ecc89?s=96&d=mm&r=g\",\"contentUrl\":\"https:\\\/\\\/secure.gravatar.com\\\/avatar\\\/42749d8b712ff9d59ca93dc150494e5b55a44134482993f5baeb97e61b7ecc89?s=96&d=mm&r=g\",\"caption\":\"Roberto\"},\"url\":\"https:\\\/\\\/regiaonews.net.br\\\/2022\\\/author\\\/roberto\\\/\"}]}<\/script>\n<!-- \/ Yoast SEO plugin. -->","yoast_head_json":{"title":"OAB Barretos sedia encontro estadual dos Grupos de Ado\u00e7\u00e3o - Regi\u00e3o News","robots":{"index":"index","follow":"follow","max-snippet":"max-snippet:-1","max-image-preview":"max-image-preview:large","max-video-preview":"max-video-preview:-1"},"canonical":"https:\/\/regiaonews.net.br\/2022\/2024\/11\/04\/oab-barretos-sedia-encontro-estadual-dos-grupos-de-adocao\/","og_locale":"pt_BR","og_type":"article","og_title":"OAB Barretos sedia encontro estadual dos Grupos de Ado\u00e7\u00e3o - Regi\u00e3o News","og_description":"O tema central do evento \u00e9 a ado\u00e7\u00e3o legal, segura","og_url":"https:\/\/regiaonews.net.br\/2022\/2024\/11\/04\/oab-barretos-sedia-encontro-estadual-dos-grupos-de-adocao\/","og_site_name":"Regi\u00e3o News","article_published_time":"2024-11-05T00:12:41+00:00","article_modified_time":"2024-11-05T00:13:28+00:00","og_image":[{"width":576,"height":1024,"url":"https:\/\/regiaonews.net.br\/2022\/wp-content\/uploads\/2024\/11\/03502966-25cf-48e4-bf02-88b62c833dfa.jpeg","type":"image\/jpeg"}],"author":"Roberto","twitter_card":"summary_large_image","twitter_misc":{"Escrito por":"Roberto","Est. tempo de leitura":"6 minutos"},"schema":{"@context":"https:\/\/schema.org","@graph":[{"@type":"Article","@id":"https:\/\/regiaonews.net.br\/2022\/2024\/11\/04\/oab-barretos-sedia-encontro-estadual-dos-grupos-de-adocao\/#article","isPartOf":{"@id":"https:\/\/regiaonews.net.br\/2022\/2024\/11\/04\/oab-barretos-sedia-encontro-estadual-dos-grupos-de-adocao\/"},"author":{"name":"Roberto","@id":"https:\/\/regiaonews.net.br\/2022\/#\/schema\/person\/2d205a608a5aa97ac279d7a5e6d89ad8"},"headline":"OAB Barretos sedia encontro estadual dos Grupos de Ado\u00e7\u00e3o","datePublished":"2024-11-05T00:12:41+00:00","dateModified":"2024-11-05T00:13:28+00:00","mainEntityOfPage":{"@id":"https:\/\/regiaonews.net.br\/2022\/2024\/11\/04\/oab-barretos-sedia-encontro-estadual-dos-grupos-de-adocao\/"},"wordCount":982,"commentCount":0,"publisher":{"@id":"https:\/\/regiaonews.net.br\/2022\/#organization"},"image":{"@id":"https:\/\/regiaonews.net.br\/2022\/2024\/11\/04\/oab-barretos-sedia-encontro-estadual-dos-grupos-de-adocao\/#primaryimage"},"thumbnailUrl":"https:\/\/regiaonews.net.br\/2022\/wp-content\/uploads\/2024\/11\/03502966-25cf-48e4-bf02-88b62c833dfa.jpeg","articleSection":["Barretos","Cidades"],"inLanguage":"pt-BR","potentialAction":[{"@type":"CommentAction","name":"Comment","target":["https:\/\/regiaonews.net.br\/2022\/2024\/11\/04\/oab-barretos-sedia-encontro-estadual-dos-grupos-de-adocao\/#respond"]}]},{"@type":"WebPage","@id":"https:\/\/regiaonews.net.br\/2022\/2024\/11\/04\/oab-barretos-sedia-encontro-estadual-dos-grupos-de-adocao\/","url":"https:\/\/regiaonews.net.br\/2022\/2024\/11\/04\/oab-barretos-sedia-encontro-estadual-dos-grupos-de-adocao\/","name":"OAB Barretos sedia encontro estadual dos Grupos de Ado\u00e7\u00e3o - Regi\u00e3o News","isPartOf":{"@id":"https:\/\/regiaonews.net.br\/2022\/#website"},"primaryImageOfPage":{"@id":"https:\/\/regiaonews.net.br\/2022\/2024\/11\/04\/oab-barretos-sedia-encontro-estadual-dos-grupos-de-adocao\/#primaryimage"},"image":{"@id":"https:\/\/regiaonews.net.br\/2022\/2024\/11\/04\/oab-barretos-sedia-encontro-estadual-dos-grupos-de-adocao\/#primaryimage"},"thumbnailUrl":"https:\/\/regiaonews.net.br\/2022\/wp-content\/uploads\/2024\/11\/03502966-25cf-48e4-bf02-88b62c833dfa.jpeg","datePublished":"2024-11-05T00:12:41+00:00","dateModified":"2024-11-05T00:13:28+00:00","breadcrumb":{"@id":"https:\/\/regiaonews.net.br\/2022\/2024\/11\/04\/oab-barretos-sedia-encontro-estadual-dos-grupos-de-adocao\/#breadcrumb"},"inLanguage":"pt-BR","potentialAction":[{"@type":"ReadAction","target":["https:\/\/regiaonews.net.br\/2022\/2024\/11\/04\/oab-barretos-sedia-encontro-estadual-dos-grupos-de-adocao\/"]}]},{"@type":"ImageObject","inLanguage":"pt-BR","@id":"https:\/\/regiaonews.net.br\/2022\/2024\/11\/04\/oab-barretos-sedia-encontro-estadual-dos-grupos-de-adocao\/#primaryimage","url":"https:\/\/regiaonews.net.br\/2022\/wp-content\/uploads\/2024\/11\/03502966-25cf-48e4-bf02-88b62c833dfa.jpeg","contentUrl":"https:\/\/regiaonews.net.br\/2022\/wp-content\/uploads\/2024\/11\/03502966-25cf-48e4-bf02-88b62c833dfa.jpeg","width":576,"height":1024},{"@type":"BreadcrumbList","@id":"https:\/\/regiaonews.net.br\/2022\/2024\/11\/04\/oab-barretos-sedia-encontro-estadual-dos-grupos-de-adocao\/#breadcrumb","itemListElement":[{"@type":"ListItem","position":1,"name":"In\u00edcio","item":"https:\/\/regiaonews.net.br\/2022\/"},{"@type":"ListItem","position":2,"name":"OAB Barretos sedia encontro estadual dos Grupos de Ado\u00e7\u00e3o"}]},{"@type":"WebSite","@id":"https:\/\/regiaonews.net.br\/2022\/#website","url":"https:\/\/regiaonews.net.br\/2022\/","name":"Regi\u00e3o News","description":"Site de Not\u00edcias de Barretos e regi\u00e3o","publisher":{"@id":"https:\/\/regiaonews.net.br\/2022\/#organization"},"potentialAction":[{"@type":"SearchAction","target":{"@type":"EntryPoint","urlTemplate":"https:\/\/regiaonews.net.br\/2022\/?s={search_term_string}"},"query-input":{"@type":"PropertyValueSpecification","valueRequired":true,"valueName":"search_term_string"}}],"inLanguage":"pt-BR"},{"@type":"Organization","@id":"https:\/\/regiaonews.net.br\/2022\/#organization","name":"Regi\u00e3o News","url":"https:\/\/regiaonews.net.br\/2022\/","logo":{"@type":"ImageObject","inLanguage":"pt-BR","@id":"https:\/\/regiaonews.net.br\/2022\/#\/schema\/logo\/image\/","url":"https:\/\/regiaonews.net.br\/2022\/wp-content\/uploads\/2026\/03\/regiao-13-anos-scaled.jpg","contentUrl":"https:\/\/regiaonews.net.br\/2022\/wp-content\/uploads\/2026\/03\/regiao-13-anos-scaled.jpg","width":2560,"height":635,"caption":"Regi\u00e3o News"},"image":{"@id":"https:\/\/regiaonews.net.br\/2022\/#\/schema\/logo\/image\/"}},{"@type":"Person","@id":"https:\/\/regiaonews.net.br\/2022\/#\/schema\/person\/2d205a608a5aa97ac279d7a5e6d89ad8","name":"Roberto","image":{"@type":"ImageObject","inLanguage":"pt-BR","@id":"https:\/\/secure.gravatar.com\/avatar\/42749d8b712ff9d59ca93dc150494e5b55a44134482993f5baeb97e61b7ecc89?s=96&d=mm&r=g","url":"https:\/\/secure.gravatar.com\/avatar\/42749d8b712ff9d59ca93dc150494e5b55a44134482993f5baeb97e61b7ecc89?s=96&d=mm&r=g","contentUrl":"https:\/\/secure.gravatar.com\/avatar\/42749d8b712ff9d59ca93dc150494e5b55a44134482993f5baeb97e61b7ecc89?s=96&d=mm&r=g","caption":"Roberto"},"url":"https:\/\/regiaonews.net.br\/2022\/author\/roberto\/"}]}},"publishpress_future_action":{"enabled":false,"date":"2026-05-02 06:52:19","action":"change-status","newStatus":"draft","terms":[],"taxonomy":"category","extraData":[]},"publishpress_future_workflow_manual_trigger":{"enabledWorkflows":[]},"_links":{"self":[{"href":"https:\/\/regiaonews.net.br\/2022\/wp-json\/wp\/v2\/posts\/111678","targetHints":{"allow":["GET"]}}],"collection":[{"href":"https:\/\/regiaonews.net.br\/2022\/wp-json\/wp\/v2\/posts"}],"about":[{"href":"https:\/\/regiaonews.net.br\/2022\/wp-json\/wp\/v2\/types\/post"}],"author":[{"embeddable":true,"href":"https:\/\/regiaonews.net.br\/2022\/wp-json\/wp\/v2\/users\/2"}],"replies":[{"embeddable":true,"href":"https:\/\/regiaonews.net.br\/2022\/wp-json\/wp\/v2\/comments?post=111678"}],"version-history":[{"count":2,"href":"https:\/\/regiaonews.net.br\/2022\/wp-json\/wp\/v2\/posts\/111678\/revisions"}],"predecessor-version":[{"id":111682,"href":"https:\/\/regiaonews.net.br\/2022\/wp-json\/wp\/v2\/posts\/111678\/revisions\/111682"}],"wp:featuredmedia":[{"embeddable":true,"href":"https:\/\/regiaonews.net.br\/2022\/wp-json\/wp\/v2\/media\/111679"}],"wp:attachment":[{"href":"https:\/\/regiaonews.net.br\/2022\/wp-json\/wp\/v2\/media?parent=111678"}],"wp:term":[{"taxonomy":"category","embeddable":true,"href":"https:\/\/regiaonews.net.br\/2022\/wp-json\/wp\/v2\/categories?post=111678"},{"taxonomy":"post_tag","embeddable":true,"href":"https:\/\/regiaonews.net.br\/2022\/wp-json\/wp\/v2\/tags?post=111678"}],"curies":[{"name":"wp","href":"https:\/\/api.w.org\/{rel}","templated":true}]}}