{"id":111584,"date":"2024-11-01T18:20:46","date_gmt":"2024-11-01T21:20:46","guid":{"rendered":"https:\/\/regiaonews.net.br\/2022\/?p=111584"},"modified":"2024-11-01T18:21:02","modified_gmt":"2024-11-01T21:21:02","slug":"nucleo-de-apoio-cultural-do-unifeb-promove-palestra-de-conscientizacao-sobre-outubro-rosa","status":"publish","type":"post","link":"https:\/\/regiaonews.net.br\/2022\/2024\/11\/01\/nucleo-de-apoio-cultural-do-unifeb-promove-palestra-de-conscientizacao-sobre-outubro-rosa\/","title":{"rendered":"N\u00facleo de Apoio Cultural do UNIFEB promove palestra de conscientiza\u00e7\u00e3o sobre Outubro Rosa"},"content":{"rendered":"<div class=\"elementToProof\" data-ogsc=\"rgb(0, 0, 0)\">O NAC (N\u00facleo de Apoio Cultural) do UNIFEB (Centro Universit\u00e1rio da Funda\u00e7\u00e3o Educacional de Barretos) promoveu no \u00faltimo dia 30 de outubro uma palestra especial em alus\u00e3o ao Outubro Rosa, campanha mundial de conscientiza\u00e7\u00e3o sobre a preven\u00e7\u00e3o do c\u00e2ncer de mama, destinada aos alunos do 1\u00ba ano do curso de Farm\u00e1cia. O evento contou com a presen\u00e7a de Jos\u00e9 Renato Garcia, professor e coordenador da Funda\u00e7\u00e3o Ab\u00edlio Alves Marques, renomado palestrante nas \u00e1reas de preven\u00e7\u00e3o ao c\u00e2ncer e combate ao tabagismo.<\/div>\n<div data-ogsc=\"rgb(0, 0, 0)\">Durante a palestra, Jos\u00e9 Renato abordou temas como a import\u00e2ncia do diagn\u00f3stico precoce e os fatores de risco associados ao c\u00e2ncer de mama como forma de sensibilizar alunos, professores e comunidade local acerca da relev\u00e2ncia da preven\u00e7\u00e3o e do autocuidado, especialmente para as mulheres, que s\u00e3o as mais afetadas pelo c\u00e2ncer de mama.<\/div>\n<div data-ogsc=\"rgb(0, 0, 0)\">O coordenador do NAC, Prof. Dr. Davi Perez Aguiar, enfatizou a import\u00e2ncia de promover eventos como esse para a comunidade acad\u00eamica. \u201cO Outubro Rosa \u00e9 um momento essencial para refor\u00e7armos o quanto a conscientiza\u00e7\u00e3o e a educa\u00e7\u00e3o s\u00e3o poderosas no combate ao c\u00e2ncer. Nosso objetivo \u00e9 levar conhecimento e encorajar a preven\u00e7\u00e3o, e, para isso, trazer palestrantes como o Prof. Jos\u00e9 Renato \u00e9 fundamental. Ele n\u00e3o apenas compartilhou informa\u00e7\u00f5es valiosas, mas tamb\u00e9m inspirou todos a cuidarem da sa\u00fade\u201d, destacou.<\/div>\n","protected":false},"excerpt":{"rendered":"<p>O NAC (N\u00facleo de Apoio Cultural) do UNIFEB (Centro Universit\u00e1rio<\/p>\n","protected":false},"author":2,"featured_media":111585,"comment_status":"open","ping_status":"open","sticky":false,"template":"","format":"standard","meta":{"footnotes":""},"categories":[14,25],"tags":[],"class_list":["post-111584","post","type-post","status-publish","format-standard","has-post-thumbnail","hentry","category-barretos","category-cidades"],"yoast_head":"<!-- This site is optimized with the Yoast SEO plugin v27.4 - https:\/\/yoast.com\/product\/yoast-seo-wordpress\/ -->\n<title>N\u00facleo de Apoio Cultural do UNIFEB promove palestra de conscientiza\u00e7\u00e3o sobre Outubro Rosa - Regi\u00e3o News<\/title>\n<meta name=\"robots\" content=\"index, follow, max-snippet:-1, max-image-preview:large, max-video-preview:-1\" \/>\n<link rel=\"canonical\" href=\"https:\/\/regiaonews.net.br\/2022\/2024\/11\/01\/nucleo-de-apoio-cultural-do-unifeb-promove-palestra-de-conscientizacao-sobre-outubro-rosa\/\" \/>\n<meta property=\"og:locale\" content=\"pt_BR\" \/>\n<meta property=\"og:type\" content=\"article\" \/>\n<meta property=\"og:title\" content=\"N\u00facleo de Apoio Cultural do UNIFEB promove palestra de conscientiza\u00e7\u00e3o sobre Outubro Rosa - Regi\u00e3o News\" \/>\n<meta property=\"og:description\" content=\"O NAC (N\u00facleo de Apoio Cultural) do UNIFEB (Centro Universit\u00e1rio\" \/>\n<meta property=\"og:url\" content=\"https:\/\/regiaonews.net.br\/2022\/2024\/11\/01\/nucleo-de-apoio-cultural-do-unifeb-promove-palestra-de-conscientizacao-sobre-outubro-rosa\/\" \/>\n<meta property=\"og:site_name\" content=\"Regi\u00e3o News\" \/>\n<meta property=\"article:published_time\" content=\"2024-11-01T21:20:46+00:00\" \/>\n<meta property=\"article:modified_time\" content=\"2024-11-01T21:21:02+00:00\" \/>\n<meta property=\"og:image\" content=\"https:\/\/regiaonews.net.br\/2022\/wp-content\/uploads\/2024\/11\/NAC_Outubro_Rosa_01-scaled.jpeg\" \/>\n\t<meta property=\"og:image:width\" content=\"2560\" \/>\n\t<meta property=\"og:image:height\" content=\"1706\" \/>\n\t<meta property=\"og:image:type\" content=\"image\/jpeg\" \/>\n<meta name=\"author\" content=\"Roberto\" \/>\n<meta name=\"twitter:card\" content=\"summary_large_image\" \/>\n<meta name=\"twitter:label1\" content=\"Escrito por\" \/>\n\t<meta name=\"twitter:data1\" content=\"Roberto\" \/>\n\t<meta name=\"twitter:label2\" content=\"Est. tempo de leitura\" \/>\n\t<meta name=\"twitter:data2\" content=\"2 minutos\" \/>\n<script type=\"application\/ld+json\" class=\"yoast-schema-graph\">{\"@context\":\"https:\\\/\\\/schema.org\",\"@graph\":[{\"@type\":\"Article\",\"@id\":\"https:\\\/\\\/regiaonews.net.br\\\/2022\\\/2024\\\/11\\\/01\\\/nucleo-de-apoio-cultural-do-unifeb-promove-palestra-de-conscientizacao-sobre-outubro-rosa\\\/#article\",\"isPartOf\":{\"@id\":\"https:\\\/\\\/regiaonews.net.br\\\/2022\\\/2024\\\/11\\\/01\\\/nucleo-de-apoio-cultural-do-unifeb-promove-palestra-de-conscientizacao-sobre-outubro-rosa\\\/\"},\"author\":{\"name\":\"Roberto\",\"@id\":\"https:\\\/\\\/regiaonews.net.br\\\/2022\\\/#\\\/schema\\\/person\\\/2d205a608a5aa97ac279d7a5e6d89ad8\"},\"headline\":\"N\u00facleo de Apoio Cultural do UNIFEB promove palestra de conscientiza\u00e7\u00e3o sobre Outubro Rosa\",\"datePublished\":\"2024-11-01T21:20:46+00:00\",\"dateModified\":\"2024-11-01T21:21:02+00:00\",\"mainEntityOfPage\":{\"@id\":\"https:\\\/\\\/regiaonews.net.br\\\/2022\\\/2024\\\/11\\\/01\\\/nucleo-de-apoio-cultural-do-unifeb-promove-palestra-de-conscientizacao-sobre-outubro-rosa\\\/\"},\"wordCount\":255,\"commentCount\":0,\"publisher\":{\"@id\":\"https:\\\/\\\/regiaonews.net.br\\\/2022\\\/#organization\"},\"image\":{\"@id\":\"https:\\\/\\\/regiaonews.net.br\\\/2022\\\/2024\\\/11\\\/01\\\/nucleo-de-apoio-cultural-do-unifeb-promove-palestra-de-conscientizacao-sobre-outubro-rosa\\\/#primaryimage\"},\"thumbnailUrl\":\"https:\\\/\\\/regiaonews.net.br\\\/2022\\\/wp-content\\\/uploads\\\/2024\\\/11\\\/NAC_Outubro_Rosa_01-scaled.jpeg\",\"articleSection\":[\"Barretos\",\"Cidades\"],\"inLanguage\":\"pt-BR\",\"potentialAction\":[{\"@type\":\"CommentAction\",\"name\":\"Comment\",\"target\":[\"https:\\\/\\\/regiaonews.net.br\\\/2022\\\/2024\\\/11\\\/01\\\/nucleo-de-apoio-cultural-do-unifeb-promove-palestra-de-conscientizacao-sobre-outubro-rosa\\\/#respond\"]}]},{\"@type\":\"WebPage\",\"@id\":\"https:\\\/\\\/regiaonews.net.br\\\/2022\\\/2024\\\/11\\\/01\\\/nucleo-de-apoio-cultural-do-unifeb-promove-palestra-de-conscientizacao-sobre-outubro-rosa\\\/\",\"url\":\"https:\\\/\\\/regiaonews.net.br\\\/2022\\\/2024\\\/11\\\/01\\\/nucleo-de-apoio-cultural-do-unifeb-promove-palestra-de-conscientizacao-sobre-outubro-rosa\\\/\",\"name\":\"N\u00facleo de Apoio Cultural do UNIFEB promove palestra de conscientiza\u00e7\u00e3o sobre Outubro Rosa - Regi\u00e3o News\",\"isPartOf\":{\"@id\":\"https:\\\/\\\/regiaonews.net.br\\\/2022\\\/#website\"},\"primaryImageOfPage\":{\"@id\":\"https:\\\/\\\/regiaonews.net.br\\\/2022\\\/2024\\\/11\\\/01\\\/nucleo-de-apoio-cultural-do-unifeb-promove-palestra-de-conscientizacao-sobre-outubro-rosa\\\/#primaryimage\"},\"image\":{\"@id\":\"https:\\\/\\\/regiaonews.net.br\\\/2022\\\/2024\\\/11\\\/01\\\/nucleo-de-apoio-cultural-do-unifeb-promove-palestra-de-conscientizacao-sobre-outubro-rosa\\\/#primaryimage\"},\"thumbnailUrl\":\"https:\\\/\\\/regiaonews.net.br\\\/2022\\\/wp-content\\\/uploads\\\/2024\\\/11\\\/NAC_Outubro_Rosa_01-scaled.jpeg\",\"datePublished\":\"2024-11-01T21:20:46+00:00\",\"dateModified\":\"2024-11-01T21:21:02+00:00\",\"breadcrumb\":{\"@id\":\"https:\\\/\\\/regiaonews.net.br\\\/2022\\\/2024\\\/11\\\/01\\\/nucleo-de-apoio-cultural-do-unifeb-promove-palestra-de-conscientizacao-sobre-outubro-rosa\\\/#breadcrumb\"},\"inLanguage\":\"pt-BR\",\"potentialAction\":[{\"@type\":\"ReadAction\",\"target\":[\"https:\\\/\\\/regiaonews.net.br\\\/2022\\\/2024\\\/11\\\/01\\\/nucleo-de-apoio-cultural-do-unifeb-promove-palestra-de-conscientizacao-sobre-outubro-rosa\\\/\"]}]},{\"@type\":\"ImageObject\",\"inLanguage\":\"pt-BR\",\"@id\":\"https:\\\/\\\/regiaonews.net.br\\\/2022\\\/2024\\\/11\\\/01\\\/nucleo-de-apoio-cultural-do-unifeb-promove-palestra-de-conscientizacao-sobre-outubro-rosa\\\/#primaryimage\",\"url\":\"https:\\\/\\\/regiaonews.net.br\\\/2022\\\/wp-content\\\/uploads\\\/2024\\\/11\\\/NAC_Outubro_Rosa_01-scaled.jpeg\",\"contentUrl\":\"https:\\\/\\\/regiaonews.net.br\\\/2022\\\/wp-content\\\/uploads\\\/2024\\\/11\\\/NAC_Outubro_Rosa_01-scaled.jpeg\",\"width\":2560,\"height\":1706},{\"@type\":\"BreadcrumbList\",\"@id\":\"https:\\\/\\\/regiaonews.net.br\\\/2022\\\/2024\\\/11\\\/01\\\/nucleo-de-apoio-cultural-do-unifeb-promove-palestra-de-conscientizacao-sobre-outubro-rosa\\\/#breadcrumb\",\"itemListElement\":[{\"@type\":\"ListItem\",\"position\":1,\"name\":\"In\u00edcio\",\"item\":\"https:\\\/\\\/regiaonews.net.br\\\/2022\\\/\"},{\"@type\":\"ListItem\",\"position\":2,\"name\":\"N\u00facleo de Apoio Cultural do UNIFEB promove palestra de conscientiza\u00e7\u00e3o sobre Outubro Rosa\"}]},{\"@type\":\"WebSite\",\"@id\":\"https:\\\/\\\/regiaonews.net.br\\\/2022\\\/#website\",\"url\":\"https:\\\/\\\/regiaonews.net.br\\\/2022\\\/\",\"name\":\"Regi\u00e3o News\",\"description\":\"Site de Not\u00edcias de Barretos e regi\u00e3o\",\"publisher\":{\"@id\":\"https:\\\/\\\/regiaonews.net.br\\\/2022\\\/#organization\"},\"potentialAction\":[{\"@type\":\"SearchAction\",\"target\":{\"@type\":\"EntryPoint\",\"urlTemplate\":\"https:\\\/\\\/regiaonews.net.br\\\/2022\\\/?s={search_term_string}\"},\"query-input\":{\"@type\":\"PropertyValueSpecification\",\"valueRequired\":true,\"valueName\":\"search_term_string\"}}],\"inLanguage\":\"pt-BR\"},{\"@type\":\"Organization\",\"@id\":\"https:\\\/\\\/regiaonews.net.br\\\/2022\\\/#organization\",\"name\":\"Regi\u00e3o News\",\"url\":\"https:\\\/\\\/regiaonews.net.br\\\/2022\\\/\",\"logo\":{\"@type\":\"ImageObject\",\"inLanguage\":\"pt-BR\",\"@id\":\"https:\\\/\\\/regiaonews.net.br\\\/2022\\\/#\\\/schema\\\/logo\\\/image\\\/\",\"url\":\"https:\\\/\\\/regiaonews.net.br\\\/2022\\\/wp-content\\\/uploads\\\/2026\\\/03\\\/regiao-13-anos-scaled.jpg\",\"contentUrl\":\"https:\\\/\\\/regiaonews.net.br\\\/2022\\\/wp-content\\\/uploads\\\/2026\\\/03\\\/regiao-13-anos-scaled.jpg\",\"width\":2560,\"height\":635,\"caption\":\"Regi\u00e3o News\"},\"image\":{\"@id\":\"https:\\\/\\\/regiaonews.net.br\\\/2022\\\/#\\\/schema\\\/logo\\\/image\\\/\"}},{\"@type\":\"Person\",\"@id\":\"https:\\\/\\\/regiaonews.net.br\\\/2022\\\/#\\\/schema\\\/person\\\/2d205a608a5aa97ac279d7a5e6d89ad8\",\"name\":\"Roberto\",\"image\":{\"@type\":\"ImageObject\",\"inLanguage\":\"pt-BR\",\"@id\":\"https:\\\/\\\/secure.gravatar.com\\\/avatar\\\/42749d8b712ff9d59ca93dc150494e5b55a44134482993f5baeb97e61b7ecc89?s=96&d=mm&r=g\",\"url\":\"https:\\\/\\\/secure.gravatar.com\\\/avatar\\\/42749d8b712ff9d59ca93dc150494e5b55a44134482993f5baeb97e61b7ecc89?s=96&d=mm&r=g\",\"contentUrl\":\"https:\\\/\\\/secure.gravatar.com\\\/avatar\\\/42749d8b712ff9d59ca93dc150494e5b55a44134482993f5baeb97e61b7ecc89?s=96&d=mm&r=g\",\"caption\":\"Roberto\"},\"url\":\"https:\\\/\\\/regiaonews.net.br\\\/2022\\\/author\\\/roberto\\\/\"}]}<\/script>\n<!-- \/ Yoast SEO plugin. -->","yoast_head_json":{"title":"N\u00facleo de Apoio Cultural do UNIFEB promove palestra de conscientiza\u00e7\u00e3o sobre Outubro Rosa - Regi\u00e3o News","robots":{"index":"index","follow":"follow","max-snippet":"max-snippet:-1","max-image-preview":"max-image-preview:large","max-video-preview":"max-video-preview:-1"},"canonical":"https:\/\/regiaonews.net.br\/2022\/2024\/11\/01\/nucleo-de-apoio-cultural-do-unifeb-promove-palestra-de-conscientizacao-sobre-outubro-rosa\/","og_locale":"pt_BR","og_type":"article","og_title":"N\u00facleo de Apoio Cultural do UNIFEB promove palestra de conscientiza\u00e7\u00e3o sobre Outubro Rosa - Regi\u00e3o News","og_description":"O NAC (N\u00facleo de Apoio Cultural) do UNIFEB (Centro Universit\u00e1rio","og_url":"https:\/\/regiaonews.net.br\/2022\/2024\/11\/01\/nucleo-de-apoio-cultural-do-unifeb-promove-palestra-de-conscientizacao-sobre-outubro-rosa\/","og_site_name":"Regi\u00e3o News","article_published_time":"2024-11-01T21:20:46+00:00","article_modified_time":"2024-11-01T21:21:02+00:00","og_image":[{"width":2560,"height":1706,"url":"https:\/\/regiaonews.net.br\/2022\/wp-content\/uploads\/2024\/11\/NAC_Outubro_Rosa_01-scaled.jpeg","type":"image\/jpeg"}],"author":"Roberto","twitter_card":"summary_large_image","twitter_misc":{"Escrito por":"Roberto","Est. tempo de leitura":"2 minutos"},"schema":{"@context":"https:\/\/schema.org","@graph":[{"@type":"Article","@id":"https:\/\/regiaonews.net.br\/2022\/2024\/11\/01\/nucleo-de-apoio-cultural-do-unifeb-promove-palestra-de-conscientizacao-sobre-outubro-rosa\/#article","isPartOf":{"@id":"https:\/\/regiaonews.net.br\/2022\/2024\/11\/01\/nucleo-de-apoio-cultural-do-unifeb-promove-palestra-de-conscientizacao-sobre-outubro-rosa\/"},"author":{"name":"Roberto","@id":"https:\/\/regiaonews.net.br\/2022\/#\/schema\/person\/2d205a608a5aa97ac279d7a5e6d89ad8"},"headline":"N\u00facleo de Apoio Cultural do UNIFEB promove palestra de conscientiza\u00e7\u00e3o sobre Outubro Rosa","datePublished":"2024-11-01T21:20:46+00:00","dateModified":"2024-11-01T21:21:02+00:00","mainEntityOfPage":{"@id":"https:\/\/regiaonews.net.br\/2022\/2024\/11\/01\/nucleo-de-apoio-cultural-do-unifeb-promove-palestra-de-conscientizacao-sobre-outubro-rosa\/"},"wordCount":255,"commentCount":0,"publisher":{"@id":"https:\/\/regiaonews.net.br\/2022\/#organization"},"image":{"@id":"https:\/\/regiaonews.net.br\/2022\/2024\/11\/01\/nucleo-de-apoio-cultural-do-unifeb-promove-palestra-de-conscientizacao-sobre-outubro-rosa\/#primaryimage"},"thumbnailUrl":"https:\/\/regiaonews.net.br\/2022\/wp-content\/uploads\/2024\/11\/NAC_Outubro_Rosa_01-scaled.jpeg","articleSection":["Barretos","Cidades"],"inLanguage":"pt-BR","potentialAction":[{"@type":"CommentAction","name":"Comment","target":["https:\/\/regiaonews.net.br\/2022\/2024\/11\/01\/nucleo-de-apoio-cultural-do-unifeb-promove-palestra-de-conscientizacao-sobre-outubro-rosa\/#respond"]}]},{"@type":"WebPage","@id":"https:\/\/regiaonews.net.br\/2022\/2024\/11\/01\/nucleo-de-apoio-cultural-do-unifeb-promove-palestra-de-conscientizacao-sobre-outubro-rosa\/","url":"https:\/\/regiaonews.net.br\/2022\/2024\/11\/01\/nucleo-de-apoio-cultural-do-unifeb-promove-palestra-de-conscientizacao-sobre-outubro-rosa\/","name":"N\u00facleo de Apoio Cultural do UNIFEB promove palestra de conscientiza\u00e7\u00e3o sobre Outubro Rosa - Regi\u00e3o News","isPartOf":{"@id":"https:\/\/regiaonews.net.br\/2022\/#website"},"primaryImageOfPage":{"@id":"https:\/\/regiaonews.net.br\/2022\/2024\/11\/01\/nucleo-de-apoio-cultural-do-unifeb-promove-palestra-de-conscientizacao-sobre-outubro-rosa\/#primaryimage"},"image":{"@id":"https:\/\/regiaonews.net.br\/2022\/2024\/11\/01\/nucleo-de-apoio-cultural-do-unifeb-promove-palestra-de-conscientizacao-sobre-outubro-rosa\/#primaryimage"},"thumbnailUrl":"https:\/\/regiaonews.net.br\/2022\/wp-content\/uploads\/2024\/11\/NAC_Outubro_Rosa_01-scaled.jpeg","datePublished":"2024-11-01T21:20:46+00:00","dateModified":"2024-11-01T21:21:02+00:00","breadcrumb":{"@id":"https:\/\/regiaonews.net.br\/2022\/2024\/11\/01\/nucleo-de-apoio-cultural-do-unifeb-promove-palestra-de-conscientizacao-sobre-outubro-rosa\/#breadcrumb"},"inLanguage":"pt-BR","potentialAction":[{"@type":"ReadAction","target":["https:\/\/regiaonews.net.br\/2022\/2024\/11\/01\/nucleo-de-apoio-cultural-do-unifeb-promove-palestra-de-conscientizacao-sobre-outubro-rosa\/"]}]},{"@type":"ImageObject","inLanguage":"pt-BR","@id":"https:\/\/regiaonews.net.br\/2022\/2024\/11\/01\/nucleo-de-apoio-cultural-do-unifeb-promove-palestra-de-conscientizacao-sobre-outubro-rosa\/#primaryimage","url":"https:\/\/regiaonews.net.br\/2022\/wp-content\/uploads\/2024\/11\/NAC_Outubro_Rosa_01-scaled.jpeg","contentUrl":"https:\/\/regiaonews.net.br\/2022\/wp-content\/uploads\/2024\/11\/NAC_Outubro_Rosa_01-scaled.jpeg","width":2560,"height":1706},{"@type":"BreadcrumbList","@id":"https:\/\/regiaonews.net.br\/2022\/2024\/11\/01\/nucleo-de-apoio-cultural-do-unifeb-promove-palestra-de-conscientizacao-sobre-outubro-rosa\/#breadcrumb","itemListElement":[{"@type":"ListItem","position":1,"name":"In\u00edcio","item":"https:\/\/regiaonews.net.br\/2022\/"},{"@type":"ListItem","position":2,"name":"N\u00facleo de Apoio Cultural do UNIFEB promove palestra de conscientiza\u00e7\u00e3o sobre Outubro Rosa"}]},{"@type":"WebSite","@id":"https:\/\/regiaonews.net.br\/2022\/#website","url":"https:\/\/regiaonews.net.br\/2022\/","name":"Regi\u00e3o News","description":"Site de Not\u00edcias de Barretos e regi\u00e3o","publisher":{"@id":"https:\/\/regiaonews.net.br\/2022\/#organization"},"potentialAction":[{"@type":"SearchAction","target":{"@type":"EntryPoint","urlTemplate":"https:\/\/regiaonews.net.br\/2022\/?s={search_term_string}"},"query-input":{"@type":"PropertyValueSpecification","valueRequired":true,"valueName":"search_term_string"}}],"inLanguage":"pt-BR"},{"@type":"Organization","@id":"https:\/\/regiaonews.net.br\/2022\/#organization","name":"Regi\u00e3o News","url":"https:\/\/regiaonews.net.br\/2022\/","logo":{"@type":"ImageObject","inLanguage":"pt-BR","@id":"https:\/\/regiaonews.net.br\/2022\/#\/schema\/logo\/image\/","url":"https:\/\/regiaonews.net.br\/2022\/wp-content\/uploads\/2026\/03\/regiao-13-anos-scaled.jpg","contentUrl":"https:\/\/regiaonews.net.br\/2022\/wp-content\/uploads\/2026\/03\/regiao-13-anos-scaled.jpg","width":2560,"height":635,"caption":"Regi\u00e3o News"},"image":{"@id":"https:\/\/regiaonews.net.br\/2022\/#\/schema\/logo\/image\/"}},{"@type":"Person","@id":"https:\/\/regiaonews.net.br\/2022\/#\/schema\/person\/2d205a608a5aa97ac279d7a5e6d89ad8","name":"Roberto","image":{"@type":"ImageObject","inLanguage":"pt-BR","@id":"https:\/\/secure.gravatar.com\/avatar\/42749d8b712ff9d59ca93dc150494e5b55a44134482993f5baeb97e61b7ecc89?s=96&d=mm&r=g","url":"https:\/\/secure.gravatar.com\/avatar\/42749d8b712ff9d59ca93dc150494e5b55a44134482993f5baeb97e61b7ecc89?s=96&d=mm&r=g","contentUrl":"https:\/\/secure.gravatar.com\/avatar\/42749d8b712ff9d59ca93dc150494e5b55a44134482993f5baeb97e61b7ecc89?s=96&d=mm&r=g","caption":"Roberto"},"url":"https:\/\/regiaonews.net.br\/2022\/author\/roberto\/"}]}},"publishpress_future_action":{"enabled":false,"date":"2026-05-02 06:52:20","action":"change-status","newStatus":"draft","terms":[],"taxonomy":"category","extraData":[]},"publishpress_future_workflow_manual_trigger":{"enabledWorkflows":[]},"_links":{"self":[{"href":"https:\/\/regiaonews.net.br\/2022\/wp-json\/wp\/v2\/posts\/111584","targetHints":{"allow":["GET"]}}],"collection":[{"href":"https:\/\/regiaonews.net.br\/2022\/wp-json\/wp\/v2\/posts"}],"about":[{"href":"https:\/\/regiaonews.net.br\/2022\/wp-json\/wp\/v2\/types\/post"}],"author":[{"embeddable":true,"href":"https:\/\/regiaonews.net.br\/2022\/wp-json\/wp\/v2\/users\/2"}],"replies":[{"embeddable":true,"href":"https:\/\/regiaonews.net.br\/2022\/wp-json\/wp\/v2\/comments?post=111584"}],"version-history":[{"count":1,"href":"https:\/\/regiaonews.net.br\/2022\/wp-json\/wp\/v2\/posts\/111584\/revisions"}],"predecessor-version":[{"id":111586,"href":"https:\/\/regiaonews.net.br\/2022\/wp-json\/wp\/v2\/posts\/111584\/revisions\/111586"}],"wp:featuredmedia":[{"embeddable":true,"href":"https:\/\/regiaonews.net.br\/2022\/wp-json\/wp\/v2\/media\/111585"}],"wp:attachment":[{"href":"https:\/\/regiaonews.net.br\/2022\/wp-json\/wp\/v2\/media?parent=111584"}],"wp:term":[{"taxonomy":"category","embeddable":true,"href":"https:\/\/regiaonews.net.br\/2022\/wp-json\/wp\/v2\/categories?post=111584"},{"taxonomy":"post_tag","embeddable":true,"href":"https:\/\/regiaonews.net.br\/2022\/wp-json\/wp\/v2\/tags?post=111584"}],"curies":[{"name":"wp","href":"https:\/\/api.w.org\/{rel}","templated":true}]}}