{"id":111365,"date":"2024-10-25T16:56:23","date_gmt":"2024-10-25T19:56:23","guid":{"rendered":"https:\/\/regiaonews.net.br\/2022\/?p=111365"},"modified":"2024-10-25T16:56:23","modified_gmt":"2024-10-25T19:56:23","slug":"defesa-civil-coordena-acoes-entre-noite-e-madrugada-e-transito-esta-normalizado-em-barretos-nesta-sexta-feira-26","status":"publish","type":"post","link":"https:\/\/regiaonews.net.br\/2022\/2024\/10\/25\/defesa-civil-coordena-acoes-entre-noite-e-madrugada-e-transito-esta-normalizado-em-barretos-nesta-sexta-feira-26\/","title":{"rendered":"Defesa Civil coordena a\u00e7\u00f5es entre noite e madrugada e tr\u00e2nsito est\u00e1 normalizado em Barretos nesta sexta-feira, 26"},"content":{"rendered":"<h3 style=\"text-align: center;\">A chuva de cerca de 90 mm e ventos fortes provocaram enxurradas e a queda de pelo menos 15 \u00e1rvores, mas as obras contra enchente demonstraram efici\u00eancia, impedindo estragos maiores na cidade<\/h3>\n<p>A Defesa Civil de Barretos coordenou opera\u00e7\u00f5es iniciadas ainda durante a chuva da noite de quinta-feira (25) e que se estenderam pela madrugada. Atuando em conjunto, os diversos \u00f3rg\u00e3os que comp\u00f5em o Comit\u00ea de Crise criado pela Prefeitura em setembro deste ano ofereceram respostas, impedindo o tr\u00e2nsito em pontos de alagamento e retirando as 15 \u00e1rvores que cederam em vias p\u00fablicas e sobre a rede de energia el\u00e9trica. Por meio da CPFL, foi restabelecida a energia el\u00e9trica em bairros em que houve a interrup\u00e7\u00e3o moment\u00e2nea durante a chuva.<\/p>\n<p>A Defesa Civil mant\u00e9m atendimento 24h \u00e0 popula\u00e7\u00e3o pelos telefones 199 e informa que at\u00e9 o momento n\u00e3o teve registros de v\u00edtimas em virtude das chuvas. Em fun\u00e7\u00e3o do vento, houve destelhamentos de alguns im\u00f3veis e a Defesa Civil segue com o atendimento das ocorr\u00eancias.<\/p>\n<p>Os pontos de alagamentos notificados e monitorados pela Defesa Civil na noite de quarta-feira (24) foram Rua 24, entre Avenidas 43 e 45 (atr\u00e1s da Uni\u00e3o), passagem do trevo da Av. 43 sob a Rodovia Brigadeiro Faria Lima e passagem do trevo da Av. Rio Dalva sob a Rod. Brigadeiro Faria Lima. No momento, todas essas vias j\u00e1 est\u00e3o com o tr\u00e2nsito restabelecido. Locais que passaram por interven\u00e7\u00e3o de obras contra enchente, como a passagem de \u00e1gua sob a ponte no Barretos II, tiveram efici\u00eancia no escoamento da \u00e1gua.<\/p>\n<p>As equipes seguir\u00e3o de prontid\u00e3o nesta sexta-feira, no fim de semana e no ponto facultativo do dia 28. O secret\u00e1rio municipal de Ordem P\u00fablica e Defesa Civil, Edson Costa, refor\u00e7a que a popula\u00e7\u00e3o deve permanecer sob abrigo em momentos de chuvas intensas. \u201c\u00c9 importante evitar os pontos sujeitos a alagamento e nunca se deve enfrentar a enxurrada da chuva. A Defesa Civil segue \u00e0 disposi\u00e7\u00e3o pelo telefone\u00a0199\u201d,\u00a0ressalta.<\/p>\n","protected":false},"excerpt":{"rendered":"<p>A chuva de cerca de 90 mm e ventos fortes<\/p>\n","protected":false},"author":2,"featured_media":111366,"comment_status":"open","ping_status":"open","sticky":false,"template":"","format":"standard","meta":{"footnotes":""},"categories":[14,3],"tags":[],"class_list":["post-111365","post","type-post","status-publish","format-standard","has-post-thumbnail","hentry","category-barretos","category-geral"],"yoast_head":"<!-- This site is optimized with the Yoast SEO plugin v27.4 - https:\/\/yoast.com\/product\/yoast-seo-wordpress\/ -->\n<title>Defesa Civil coordena a\u00e7\u00f5es entre noite e madrugada e tr\u00e2nsito est\u00e1 normalizado em Barretos nesta sexta-feira, 26 - Regi\u00e3o News<\/title>\n<meta name=\"robots\" content=\"index, follow, max-snippet:-1, max-image-preview:large, max-video-preview:-1\" \/>\n<link rel=\"canonical\" href=\"https:\/\/regiaonews.net.br\/2022\/2024\/10\/25\/defesa-civil-coordena-acoes-entre-noite-e-madrugada-e-transito-esta-normalizado-em-barretos-nesta-sexta-feira-26\/\" \/>\n<meta property=\"og:locale\" content=\"pt_BR\" \/>\n<meta property=\"og:type\" content=\"article\" \/>\n<meta property=\"og:title\" content=\"Defesa Civil coordena a\u00e7\u00f5es entre noite e madrugada e tr\u00e2nsito est\u00e1 normalizado em Barretos nesta sexta-feira, 26 - Regi\u00e3o News\" \/>\n<meta property=\"og:description\" content=\"A chuva de cerca de 90 mm e ventos fortes\" \/>\n<meta property=\"og:url\" content=\"https:\/\/regiaonews.net.br\/2022\/2024\/10\/25\/defesa-civil-coordena-acoes-entre-noite-e-madrugada-e-transito-esta-normalizado-em-barretos-nesta-sexta-feira-26\/\" \/>\n<meta property=\"og:site_name\" content=\"Regi\u00e3o News\" \/>\n<meta property=\"article:published_time\" content=\"2024-10-25T19:56:23+00:00\" \/>\n<meta property=\"og:image\" content=\"https:\/\/regiaonews.net.br\/2022\/wp-content\/uploads\/2024\/10\/Imagem-do-WhatsApp-de-2024-10-25-as-12.20.52_3168cc6c.jpg\" \/>\n\t<meta property=\"og:image:width\" content=\"1280\" \/>\n\t<meta property=\"og:image:height\" content=\"960\" \/>\n\t<meta property=\"og:image:type\" content=\"image\/jpeg\" \/>\n<meta name=\"author\" content=\"Roberto\" \/>\n<meta name=\"twitter:card\" content=\"summary_large_image\" \/>\n<meta name=\"twitter:label1\" content=\"Escrito por\" \/>\n\t<meta name=\"twitter:data1\" content=\"Roberto\" \/>\n\t<meta name=\"twitter:label2\" content=\"Est. tempo de leitura\" \/>\n\t<meta name=\"twitter:data2\" content=\"2 minutos\" \/>\n<script type=\"application\/ld+json\" class=\"yoast-schema-graph\">{\"@context\":\"https:\\\/\\\/schema.org\",\"@graph\":[{\"@type\":\"Article\",\"@id\":\"https:\\\/\\\/regiaonews.net.br\\\/2022\\\/2024\\\/10\\\/25\\\/defesa-civil-coordena-acoes-entre-noite-e-madrugada-e-transito-esta-normalizado-em-barretos-nesta-sexta-feira-26\\\/#article\",\"isPartOf\":{\"@id\":\"https:\\\/\\\/regiaonews.net.br\\\/2022\\\/2024\\\/10\\\/25\\\/defesa-civil-coordena-acoes-entre-noite-e-madrugada-e-transito-esta-normalizado-em-barretos-nesta-sexta-feira-26\\\/\"},\"author\":{\"name\":\"Roberto\",\"@id\":\"https:\\\/\\\/regiaonews.net.br\\\/2022\\\/#\\\/schema\\\/person\\\/2d205a608a5aa97ac279d7a5e6d89ad8\"},\"headline\":\"Defesa Civil coordena a\u00e7\u00f5es entre noite e madrugada e tr\u00e2nsito est\u00e1 normalizado em Barretos nesta sexta-feira, 26\",\"datePublished\":\"2024-10-25T19:56:23+00:00\",\"mainEntityOfPage\":{\"@id\":\"https:\\\/\\\/regiaonews.net.br\\\/2022\\\/2024\\\/10\\\/25\\\/defesa-civil-coordena-acoes-entre-noite-e-madrugada-e-transito-esta-normalizado-em-barretos-nesta-sexta-feira-26\\\/\"},\"wordCount\":356,\"commentCount\":0,\"publisher\":{\"@id\":\"https:\\\/\\\/regiaonews.net.br\\\/2022\\\/#organization\"},\"image\":{\"@id\":\"https:\\\/\\\/regiaonews.net.br\\\/2022\\\/2024\\\/10\\\/25\\\/defesa-civil-coordena-acoes-entre-noite-e-madrugada-e-transito-esta-normalizado-em-barretos-nesta-sexta-feira-26\\\/#primaryimage\"},\"thumbnailUrl\":\"https:\\\/\\\/regiaonews.net.br\\\/2022\\\/wp-content\\\/uploads\\\/2024\\\/10\\\/Imagem-do-WhatsApp-de-2024-10-25-as-12.20.52_3168cc6c.jpg\",\"articleSection\":[\"Barretos\",\"Geral\"],\"inLanguage\":\"pt-BR\",\"potentialAction\":[{\"@type\":\"CommentAction\",\"name\":\"Comment\",\"target\":[\"https:\\\/\\\/regiaonews.net.br\\\/2022\\\/2024\\\/10\\\/25\\\/defesa-civil-coordena-acoes-entre-noite-e-madrugada-e-transito-esta-normalizado-em-barretos-nesta-sexta-feira-26\\\/#respond\"]}]},{\"@type\":\"WebPage\",\"@id\":\"https:\\\/\\\/regiaonews.net.br\\\/2022\\\/2024\\\/10\\\/25\\\/defesa-civil-coordena-acoes-entre-noite-e-madrugada-e-transito-esta-normalizado-em-barretos-nesta-sexta-feira-26\\\/\",\"url\":\"https:\\\/\\\/regiaonews.net.br\\\/2022\\\/2024\\\/10\\\/25\\\/defesa-civil-coordena-acoes-entre-noite-e-madrugada-e-transito-esta-normalizado-em-barretos-nesta-sexta-feira-26\\\/\",\"name\":\"Defesa Civil coordena a\u00e7\u00f5es entre noite e madrugada e tr\u00e2nsito est\u00e1 normalizado em Barretos nesta sexta-feira, 26 - Regi\u00e3o News\",\"isPartOf\":{\"@id\":\"https:\\\/\\\/regiaonews.net.br\\\/2022\\\/#website\"},\"primaryImageOfPage\":{\"@id\":\"https:\\\/\\\/regiaonews.net.br\\\/2022\\\/2024\\\/10\\\/25\\\/defesa-civil-coordena-acoes-entre-noite-e-madrugada-e-transito-esta-normalizado-em-barretos-nesta-sexta-feira-26\\\/#primaryimage\"},\"image\":{\"@id\":\"https:\\\/\\\/regiaonews.net.br\\\/2022\\\/2024\\\/10\\\/25\\\/defesa-civil-coordena-acoes-entre-noite-e-madrugada-e-transito-esta-normalizado-em-barretos-nesta-sexta-feira-26\\\/#primaryimage\"},\"thumbnailUrl\":\"https:\\\/\\\/regiaonews.net.br\\\/2022\\\/wp-content\\\/uploads\\\/2024\\\/10\\\/Imagem-do-WhatsApp-de-2024-10-25-as-12.20.52_3168cc6c.jpg\",\"datePublished\":\"2024-10-25T19:56:23+00:00\",\"breadcrumb\":{\"@id\":\"https:\\\/\\\/regiaonews.net.br\\\/2022\\\/2024\\\/10\\\/25\\\/defesa-civil-coordena-acoes-entre-noite-e-madrugada-e-transito-esta-normalizado-em-barretos-nesta-sexta-feira-26\\\/#breadcrumb\"},\"inLanguage\":\"pt-BR\",\"potentialAction\":[{\"@type\":\"ReadAction\",\"target\":[\"https:\\\/\\\/regiaonews.net.br\\\/2022\\\/2024\\\/10\\\/25\\\/defesa-civil-coordena-acoes-entre-noite-e-madrugada-e-transito-esta-normalizado-em-barretos-nesta-sexta-feira-26\\\/\"]}]},{\"@type\":\"ImageObject\",\"inLanguage\":\"pt-BR\",\"@id\":\"https:\\\/\\\/regiaonews.net.br\\\/2022\\\/2024\\\/10\\\/25\\\/defesa-civil-coordena-acoes-entre-noite-e-madrugada-e-transito-esta-normalizado-em-barretos-nesta-sexta-feira-26\\\/#primaryimage\",\"url\":\"https:\\\/\\\/regiaonews.net.br\\\/2022\\\/wp-content\\\/uploads\\\/2024\\\/10\\\/Imagem-do-WhatsApp-de-2024-10-25-as-12.20.52_3168cc6c.jpg\",\"contentUrl\":\"https:\\\/\\\/regiaonews.net.br\\\/2022\\\/wp-content\\\/uploads\\\/2024\\\/10\\\/Imagem-do-WhatsApp-de-2024-10-25-as-12.20.52_3168cc6c.jpg\",\"width\":1280,\"height\":960},{\"@type\":\"BreadcrumbList\",\"@id\":\"https:\\\/\\\/regiaonews.net.br\\\/2022\\\/2024\\\/10\\\/25\\\/defesa-civil-coordena-acoes-entre-noite-e-madrugada-e-transito-esta-normalizado-em-barretos-nesta-sexta-feira-26\\\/#breadcrumb\",\"itemListElement\":[{\"@type\":\"ListItem\",\"position\":1,\"name\":\"In\u00edcio\",\"item\":\"https:\\\/\\\/regiaonews.net.br\\\/2022\\\/\"},{\"@type\":\"ListItem\",\"position\":2,\"name\":\"Defesa Civil coordena a\u00e7\u00f5es entre noite e madrugada e tr\u00e2nsito est\u00e1 normalizado em Barretos nesta sexta-feira, 26\"}]},{\"@type\":\"WebSite\",\"@id\":\"https:\\\/\\\/regiaonews.net.br\\\/2022\\\/#website\",\"url\":\"https:\\\/\\\/regiaonews.net.br\\\/2022\\\/\",\"name\":\"Regi\u00e3o News\",\"description\":\"Site de Not\u00edcias de Barretos e regi\u00e3o\",\"publisher\":{\"@id\":\"https:\\\/\\\/regiaonews.net.br\\\/2022\\\/#organization\"},\"potentialAction\":[{\"@type\":\"SearchAction\",\"target\":{\"@type\":\"EntryPoint\",\"urlTemplate\":\"https:\\\/\\\/regiaonews.net.br\\\/2022\\\/?s={search_term_string}\"},\"query-input\":{\"@type\":\"PropertyValueSpecification\",\"valueRequired\":true,\"valueName\":\"search_term_string\"}}],\"inLanguage\":\"pt-BR\"},{\"@type\":\"Organization\",\"@id\":\"https:\\\/\\\/regiaonews.net.br\\\/2022\\\/#organization\",\"name\":\"Regi\u00e3o News\",\"url\":\"https:\\\/\\\/regiaonews.net.br\\\/2022\\\/\",\"logo\":{\"@type\":\"ImageObject\",\"inLanguage\":\"pt-BR\",\"@id\":\"https:\\\/\\\/regiaonews.net.br\\\/2022\\\/#\\\/schema\\\/logo\\\/image\\\/\",\"url\":\"https:\\\/\\\/regiaonews.net.br\\\/2022\\\/wp-content\\\/uploads\\\/2026\\\/03\\\/regiao-13-anos-scaled.jpg\",\"contentUrl\":\"https:\\\/\\\/regiaonews.net.br\\\/2022\\\/wp-content\\\/uploads\\\/2026\\\/03\\\/regiao-13-anos-scaled.jpg\",\"width\":2560,\"height\":635,\"caption\":\"Regi\u00e3o News\"},\"image\":{\"@id\":\"https:\\\/\\\/regiaonews.net.br\\\/2022\\\/#\\\/schema\\\/logo\\\/image\\\/\"}},{\"@type\":\"Person\",\"@id\":\"https:\\\/\\\/regiaonews.net.br\\\/2022\\\/#\\\/schema\\\/person\\\/2d205a608a5aa97ac279d7a5e6d89ad8\",\"name\":\"Roberto\",\"image\":{\"@type\":\"ImageObject\",\"inLanguage\":\"pt-BR\",\"@id\":\"https:\\\/\\\/secure.gravatar.com\\\/avatar\\\/42749d8b712ff9d59ca93dc150494e5b55a44134482993f5baeb97e61b7ecc89?s=96&d=mm&r=g\",\"url\":\"https:\\\/\\\/secure.gravatar.com\\\/avatar\\\/42749d8b712ff9d59ca93dc150494e5b55a44134482993f5baeb97e61b7ecc89?s=96&d=mm&r=g\",\"contentUrl\":\"https:\\\/\\\/secure.gravatar.com\\\/avatar\\\/42749d8b712ff9d59ca93dc150494e5b55a44134482993f5baeb97e61b7ecc89?s=96&d=mm&r=g\",\"caption\":\"Roberto\"},\"url\":\"https:\\\/\\\/regiaonews.net.br\\\/2022\\\/author\\\/roberto\\\/\"}]}<\/script>\n<!-- \/ Yoast SEO plugin. -->","yoast_head_json":{"title":"Defesa Civil coordena a\u00e7\u00f5es entre noite e madrugada e tr\u00e2nsito est\u00e1 normalizado em Barretos nesta sexta-feira, 26 - Regi\u00e3o News","robots":{"index":"index","follow":"follow","max-snippet":"max-snippet:-1","max-image-preview":"max-image-preview:large","max-video-preview":"max-video-preview:-1"},"canonical":"https:\/\/regiaonews.net.br\/2022\/2024\/10\/25\/defesa-civil-coordena-acoes-entre-noite-e-madrugada-e-transito-esta-normalizado-em-barretos-nesta-sexta-feira-26\/","og_locale":"pt_BR","og_type":"article","og_title":"Defesa Civil coordena a\u00e7\u00f5es entre noite e madrugada e tr\u00e2nsito est\u00e1 normalizado em Barretos nesta sexta-feira, 26 - Regi\u00e3o News","og_description":"A chuva de cerca de 90 mm e ventos fortes","og_url":"https:\/\/regiaonews.net.br\/2022\/2024\/10\/25\/defesa-civil-coordena-acoes-entre-noite-e-madrugada-e-transito-esta-normalizado-em-barretos-nesta-sexta-feira-26\/","og_site_name":"Regi\u00e3o News","article_published_time":"2024-10-25T19:56:23+00:00","og_image":[{"width":1280,"height":960,"url":"https:\/\/regiaonews.net.br\/2022\/wp-content\/uploads\/2024\/10\/Imagem-do-WhatsApp-de-2024-10-25-as-12.20.52_3168cc6c.jpg","type":"image\/jpeg"}],"author":"Roberto","twitter_card":"summary_large_image","twitter_misc":{"Escrito por":"Roberto","Est. tempo de leitura":"2 minutos"},"schema":{"@context":"https:\/\/schema.org","@graph":[{"@type":"Article","@id":"https:\/\/regiaonews.net.br\/2022\/2024\/10\/25\/defesa-civil-coordena-acoes-entre-noite-e-madrugada-e-transito-esta-normalizado-em-barretos-nesta-sexta-feira-26\/#article","isPartOf":{"@id":"https:\/\/regiaonews.net.br\/2022\/2024\/10\/25\/defesa-civil-coordena-acoes-entre-noite-e-madrugada-e-transito-esta-normalizado-em-barretos-nesta-sexta-feira-26\/"},"author":{"name":"Roberto","@id":"https:\/\/regiaonews.net.br\/2022\/#\/schema\/person\/2d205a608a5aa97ac279d7a5e6d89ad8"},"headline":"Defesa Civil coordena a\u00e7\u00f5es entre noite e madrugada e tr\u00e2nsito est\u00e1 normalizado em Barretos nesta sexta-feira, 26","datePublished":"2024-10-25T19:56:23+00:00","mainEntityOfPage":{"@id":"https:\/\/regiaonews.net.br\/2022\/2024\/10\/25\/defesa-civil-coordena-acoes-entre-noite-e-madrugada-e-transito-esta-normalizado-em-barretos-nesta-sexta-feira-26\/"},"wordCount":356,"commentCount":0,"publisher":{"@id":"https:\/\/regiaonews.net.br\/2022\/#organization"},"image":{"@id":"https:\/\/regiaonews.net.br\/2022\/2024\/10\/25\/defesa-civil-coordena-acoes-entre-noite-e-madrugada-e-transito-esta-normalizado-em-barretos-nesta-sexta-feira-26\/#primaryimage"},"thumbnailUrl":"https:\/\/regiaonews.net.br\/2022\/wp-content\/uploads\/2024\/10\/Imagem-do-WhatsApp-de-2024-10-25-as-12.20.52_3168cc6c.jpg","articleSection":["Barretos","Geral"],"inLanguage":"pt-BR","potentialAction":[{"@type":"CommentAction","name":"Comment","target":["https:\/\/regiaonews.net.br\/2022\/2024\/10\/25\/defesa-civil-coordena-acoes-entre-noite-e-madrugada-e-transito-esta-normalizado-em-barretos-nesta-sexta-feira-26\/#respond"]}]},{"@type":"WebPage","@id":"https:\/\/regiaonews.net.br\/2022\/2024\/10\/25\/defesa-civil-coordena-acoes-entre-noite-e-madrugada-e-transito-esta-normalizado-em-barretos-nesta-sexta-feira-26\/","url":"https:\/\/regiaonews.net.br\/2022\/2024\/10\/25\/defesa-civil-coordena-acoes-entre-noite-e-madrugada-e-transito-esta-normalizado-em-barretos-nesta-sexta-feira-26\/","name":"Defesa Civil coordena a\u00e7\u00f5es entre noite e madrugada e tr\u00e2nsito est\u00e1 normalizado em Barretos nesta sexta-feira, 26 - Regi\u00e3o News","isPartOf":{"@id":"https:\/\/regiaonews.net.br\/2022\/#website"},"primaryImageOfPage":{"@id":"https:\/\/regiaonews.net.br\/2022\/2024\/10\/25\/defesa-civil-coordena-acoes-entre-noite-e-madrugada-e-transito-esta-normalizado-em-barretos-nesta-sexta-feira-26\/#primaryimage"},"image":{"@id":"https:\/\/regiaonews.net.br\/2022\/2024\/10\/25\/defesa-civil-coordena-acoes-entre-noite-e-madrugada-e-transito-esta-normalizado-em-barretos-nesta-sexta-feira-26\/#primaryimage"},"thumbnailUrl":"https:\/\/regiaonews.net.br\/2022\/wp-content\/uploads\/2024\/10\/Imagem-do-WhatsApp-de-2024-10-25-as-12.20.52_3168cc6c.jpg","datePublished":"2024-10-25T19:56:23+00:00","breadcrumb":{"@id":"https:\/\/regiaonews.net.br\/2022\/2024\/10\/25\/defesa-civil-coordena-acoes-entre-noite-e-madrugada-e-transito-esta-normalizado-em-barretos-nesta-sexta-feira-26\/#breadcrumb"},"inLanguage":"pt-BR","potentialAction":[{"@type":"ReadAction","target":["https:\/\/regiaonews.net.br\/2022\/2024\/10\/25\/defesa-civil-coordena-acoes-entre-noite-e-madrugada-e-transito-esta-normalizado-em-barretos-nesta-sexta-feira-26\/"]}]},{"@type":"ImageObject","inLanguage":"pt-BR","@id":"https:\/\/regiaonews.net.br\/2022\/2024\/10\/25\/defesa-civil-coordena-acoes-entre-noite-e-madrugada-e-transito-esta-normalizado-em-barretos-nesta-sexta-feira-26\/#primaryimage","url":"https:\/\/regiaonews.net.br\/2022\/wp-content\/uploads\/2024\/10\/Imagem-do-WhatsApp-de-2024-10-25-as-12.20.52_3168cc6c.jpg","contentUrl":"https:\/\/regiaonews.net.br\/2022\/wp-content\/uploads\/2024\/10\/Imagem-do-WhatsApp-de-2024-10-25-as-12.20.52_3168cc6c.jpg","width":1280,"height":960},{"@type":"BreadcrumbList","@id":"https:\/\/regiaonews.net.br\/2022\/2024\/10\/25\/defesa-civil-coordena-acoes-entre-noite-e-madrugada-e-transito-esta-normalizado-em-barretos-nesta-sexta-feira-26\/#breadcrumb","itemListElement":[{"@type":"ListItem","position":1,"name":"In\u00edcio","item":"https:\/\/regiaonews.net.br\/2022\/"},{"@type":"ListItem","position":2,"name":"Defesa Civil coordena a\u00e7\u00f5es entre noite e madrugada e tr\u00e2nsito est\u00e1 normalizado em Barretos nesta sexta-feira, 26"}]},{"@type":"WebSite","@id":"https:\/\/regiaonews.net.br\/2022\/#website","url":"https:\/\/regiaonews.net.br\/2022\/","name":"Regi\u00e3o News","description":"Site de Not\u00edcias de Barretos e regi\u00e3o","publisher":{"@id":"https:\/\/regiaonews.net.br\/2022\/#organization"},"potentialAction":[{"@type":"SearchAction","target":{"@type":"EntryPoint","urlTemplate":"https:\/\/regiaonews.net.br\/2022\/?s={search_term_string}"},"query-input":{"@type":"PropertyValueSpecification","valueRequired":true,"valueName":"search_term_string"}}],"inLanguage":"pt-BR"},{"@type":"Organization","@id":"https:\/\/regiaonews.net.br\/2022\/#organization","name":"Regi\u00e3o News","url":"https:\/\/regiaonews.net.br\/2022\/","logo":{"@type":"ImageObject","inLanguage":"pt-BR","@id":"https:\/\/regiaonews.net.br\/2022\/#\/schema\/logo\/image\/","url":"https:\/\/regiaonews.net.br\/2022\/wp-content\/uploads\/2026\/03\/regiao-13-anos-scaled.jpg","contentUrl":"https:\/\/regiaonews.net.br\/2022\/wp-content\/uploads\/2026\/03\/regiao-13-anos-scaled.jpg","width":2560,"height":635,"caption":"Regi\u00e3o News"},"image":{"@id":"https:\/\/regiaonews.net.br\/2022\/#\/schema\/logo\/image\/"}},{"@type":"Person","@id":"https:\/\/regiaonews.net.br\/2022\/#\/schema\/person\/2d205a608a5aa97ac279d7a5e6d89ad8","name":"Roberto","image":{"@type":"ImageObject","inLanguage":"pt-BR","@id":"https:\/\/secure.gravatar.com\/avatar\/42749d8b712ff9d59ca93dc150494e5b55a44134482993f5baeb97e61b7ecc89?s=96&d=mm&r=g","url":"https:\/\/secure.gravatar.com\/avatar\/42749d8b712ff9d59ca93dc150494e5b55a44134482993f5baeb97e61b7ecc89?s=96&d=mm&r=g","contentUrl":"https:\/\/secure.gravatar.com\/avatar\/42749d8b712ff9d59ca93dc150494e5b55a44134482993f5baeb97e61b7ecc89?s=96&d=mm&r=g","caption":"Roberto"},"url":"https:\/\/regiaonews.net.br\/2022\/author\/roberto\/"}]}},"publishpress_future_action":{"enabled":false,"date":"2026-05-02 06:52:05","action":"change-status","newStatus":"draft","terms":[],"taxonomy":"category","extraData":[]},"publishpress_future_workflow_manual_trigger":{"enabledWorkflows":[]},"_links":{"self":[{"href":"https:\/\/regiaonews.net.br\/2022\/wp-json\/wp\/v2\/posts\/111365","targetHints":{"allow":["GET"]}}],"collection":[{"href":"https:\/\/regiaonews.net.br\/2022\/wp-json\/wp\/v2\/posts"}],"about":[{"href":"https:\/\/regiaonews.net.br\/2022\/wp-json\/wp\/v2\/types\/post"}],"author":[{"embeddable":true,"href":"https:\/\/regiaonews.net.br\/2022\/wp-json\/wp\/v2\/users\/2"}],"replies":[{"embeddable":true,"href":"https:\/\/regiaonews.net.br\/2022\/wp-json\/wp\/v2\/comments?post=111365"}],"version-history":[{"count":1,"href":"https:\/\/regiaonews.net.br\/2022\/wp-json\/wp\/v2\/posts\/111365\/revisions"}],"predecessor-version":[{"id":111367,"href":"https:\/\/regiaonews.net.br\/2022\/wp-json\/wp\/v2\/posts\/111365\/revisions\/111367"}],"wp:featuredmedia":[{"embeddable":true,"href":"https:\/\/regiaonews.net.br\/2022\/wp-json\/wp\/v2\/media\/111366"}],"wp:attachment":[{"href":"https:\/\/regiaonews.net.br\/2022\/wp-json\/wp\/v2\/media?parent=111365"}],"wp:term":[{"taxonomy":"category","embeddable":true,"href":"https:\/\/regiaonews.net.br\/2022\/wp-json\/wp\/v2\/categories?post=111365"},{"taxonomy":"post_tag","embeddable":true,"href":"https:\/\/regiaonews.net.br\/2022\/wp-json\/wp\/v2\/tags?post=111365"}],"curies":[{"name":"wp","href":"https:\/\/api.w.org\/{rel}","templated":true}]}}