{"id":111360,"date":"2024-10-25T07:16:32","date_gmt":"2024-10-25T10:16:32","guid":{"rendered":"https:\/\/regiaonews.net.br\/2022\/?p=111360"},"modified":"2024-10-25T07:44:05","modified_gmt":"2024-10-25T10:44:05","slug":"corinthians-empata-no-primeiro-duelo-das-semifinais-da-sul-americana","status":"publish","type":"post","link":"https:\/\/regiaonews.net.br\/2022\/2024\/10\/25\/corinthians-empata-no-primeiro-duelo-das-semifinais-da-sul-americana\/","title":{"rendered":"Corinthians empata no primeiro duelo das semifinais da Sul-Americana"},"content":{"rendered":"<figure id=\"imagem_principal\" class=\"imagem_intext creditada\">\n<div class=\"image_wrapper_cls\"><img decoding=\"async\" class=\"size_fixed im\" src=\"https:\/\/cdn.meutimao.com.br\/_upload\/noticia\/2024\/10\/24\/corinthians-sofre-com-falta-de-criatividade-e-34.jpg\" srcset=\"\/\/cdn.meutimao.com.br\/_upload\/noticia\/2024\/10\/24\/corinthians-sofre-com-falta-de-criatividade-e-34m.jpg 364w, \/\/cdn.meutimao.com.br\/_upload\/noticia\/2024\/10\/24\/corinthians-sofre-com-falta-de-criatividade-e-34.jpg 614w\" alt=\"Corinthians sofre com falta de criatividade e apenas empata com o Racing na Sul-Americana\" width=\"614\" height=\"\" data-cfsrc=\"\/\/cdn.meutimao.com.br\/_upload\/noticia\/2024\/10\/24\/corinthians-sofre-com-falta-de-criatividade-e-34.jpg\" \/><\/div><figcaption>\n<p class=\"legenda\">Corinthians sofre com falta de criatividade e apenas empata com o Racing na Sul-Americana<\/p>\n<\/figcaption><p class=\"credito_fotografo\">Foto: Divulga\u00e7\u00e3o \/ Conmebol Sul-Americana<\/p>\n<\/figure>\n<article id=\"noticia\" class=\"default\">\n<div class=\"header_artigo\">\n<p class=\"totais\"><span class=\"visitas\" title=\"15.540 visualiza\u00e7\u00f5es\">\u00a0<\/span><\/p>\n<\/div>\n<div class=\"texto\">\n<p>Na noite desta quinta-feira, o\u00a0<a class=\"hotword\" href=\"https:\/\/www.meutimao.com.br\/\" target=\"_blank\" rel=\"noopener\">Corinthians<\/a>\u00a0entrou em campo para iniciar a disputa por uma vaga na final da Copa Sul-Americana.<strong>\u00a0Atuando como mandante, na\u00a0<a class=\"hotword\" href=\"https:\/\/www.meutimao.com.br\/estadio-do-corinthians\/\" target=\"_blank\" rel=\"noopener\">Neo Qu\u00edmica Arena,<\/a>\u00a0o Tim\u00e3o n\u00e3o conseguiu largar com vantagem e ficou no empate com o Racing, da Argentina, pelo placar de 2 a 2.<\/strong><\/p>\n<div class=\"pbmt publicidade_300x250 pbmt_container \">\n<div class=\"pbmt\">\n<div class=\"pbmt publicidade_arroba publicidade_300x250\">\n<div id=\"place_gam_28\" data-prebid=\"true\" data-aps=\"true\" data-google-query-id=\"CIOckdqlqYkDFcBZuAQd32wY4g\">\n<div id=\"google_ads_iframe_\/3600946\/28_0__container__\"><\/div>\n<\/div>\n<\/div>\n<\/div>\n<\/div>\n<p>O primeiro tempo foi marcado por v\u00e1rios acontecimentos. O Racing abriu o placar logo aos cinco minutos, mas o clube alvinegro, mesmo sob muita chuva, conseguiu virar com dois gols de Yuri Alberto. Ainda na etapa inicial,\u00a0<a href=\"https:\/\/www.meutimao.com.br\/noticias-do-corinthians\/491022\/jose-martinez-machuca-o-tornozelo-e-preocupa-o-corinthians-para-o-restante-da-temporada\">Jos\u00e9 Mart\u00ednez deixou o gramado lesionado e preocupou a comiss\u00e3o t\u00e9cnica.<\/a><\/p>\n<p>O segundo tempo foi de extrema dificuldade para o Corinthians. A equipe acabou levando o empate antes dos 15 minutos e, posteriormente, poucas oportunidades foram criadas pela equipe de Ram\u00f3n D\u00edaz.<\/p>\n<p><strong>E agora?\u00a0<\/strong>Com o empate, o Tim\u00e3o vai para a Argentina precisando da vit\u00f3ria para chegar na final. Um novo empate leva a decis\u00e3o do classificado para as penalidades, enquanto um rev\u00e9s elimina o clube alvinegro.<\/p>\n<p><strong>\u00a0<\/strong>O pr\u00f3ximo compromisso alvinegro est\u00e1 marcado para a pr\u00f3xima segunda-feira, dia 28, \u00e0s 19h. O Corinthians encara o Cuiab\u00e1, na Arena Pantanal, em duelo v\u00e1lido pela 31\u00aa rodada do<\/p>\n<\/div>\n<\/article>\n","protected":false},"excerpt":{"rendered":"<p>Corinthians sofre com falta de criatividade e apenas empata com<\/p>\n","protected":false},"author":2,"featured_media":111361,"comment_status":"open","ping_status":"open","sticky":false,"template":"","format":"standard","meta":{"footnotes":""},"categories":[172,21],"tags":[],"class_list":["post-111360","post","type-post","status-publish","format-standard","has-post-thumbnail","hentry","category-copa-sul-americana","category-esporte"],"yoast_head":"<!-- This site is optimized with the Yoast SEO plugin v27.4 - https:\/\/yoast.com\/product\/yoast-seo-wordpress\/ -->\n<title>Corinthians empata no primeiro duelo das semifinais da Sul-Americana - Regi\u00e3o News<\/title>\n<meta name=\"robots\" content=\"index, follow, max-snippet:-1, max-image-preview:large, max-video-preview:-1\" \/>\n<link rel=\"canonical\" href=\"https:\/\/regiaonews.net.br\/2022\/2024\/10\/25\/corinthians-empata-no-primeiro-duelo-das-semifinais-da-sul-americana\/\" \/>\n<meta property=\"og:locale\" content=\"pt_BR\" \/>\n<meta property=\"og:type\" content=\"article\" \/>\n<meta property=\"og:title\" content=\"Corinthians empata no primeiro duelo das semifinais da Sul-Americana - Regi\u00e3o News\" \/>\n<meta property=\"og:description\" content=\"Corinthians sofre com falta de criatividade e apenas empata com\" \/>\n<meta property=\"og:url\" content=\"https:\/\/regiaonews.net.br\/2022\/2024\/10\/25\/corinthians-empata-no-primeiro-duelo-das-semifinais-da-sul-americana\/\" \/>\n<meta property=\"og:site_name\" content=\"Regi\u00e3o News\" \/>\n<meta property=\"article:published_time\" content=\"2024-10-25T10:16:32+00:00\" \/>\n<meta property=\"article:modified_time\" content=\"2024-10-25T10:44:05+00:00\" \/>\n<meta property=\"og:image\" content=\"https:\/\/regiaonews.net.br\/2022\/wp-content\/uploads\/2024\/10\/corinthians-sofre-com-falta-de-criatividade-e-34.jpg\" \/>\n\t<meta property=\"og:image:width\" content=\"614\" \/>\n\t<meta property=\"og:image:height\" content=\"409\" \/>\n\t<meta property=\"og:image:type\" content=\"image\/jpeg\" \/>\n<meta name=\"author\" content=\"Roberto\" \/>\n<meta name=\"twitter:card\" content=\"summary_large_image\" \/>\n<meta name=\"twitter:label1\" content=\"Escrito por\" \/>\n\t<meta name=\"twitter:data1\" content=\"Roberto\" \/>\n\t<meta name=\"twitter:label2\" content=\"Est. tempo de leitura\" \/>\n\t<meta name=\"twitter:data2\" content=\"2 minutos\" \/>\n<script type=\"application\/ld+json\" class=\"yoast-schema-graph\">{\"@context\":\"https:\\\/\\\/schema.org\",\"@graph\":[{\"@type\":\"Article\",\"@id\":\"https:\\\/\\\/regiaonews.net.br\\\/2022\\\/2024\\\/10\\\/25\\\/corinthians-empata-no-primeiro-duelo-das-semifinais-da-sul-americana\\\/#article\",\"isPartOf\":{\"@id\":\"https:\\\/\\\/regiaonews.net.br\\\/2022\\\/2024\\\/10\\\/25\\\/corinthians-empata-no-primeiro-duelo-das-semifinais-da-sul-americana\\\/\"},\"author\":{\"name\":\"Roberto\",\"@id\":\"https:\\\/\\\/regiaonews.net.br\\\/2022\\\/#\\\/schema\\\/person\\\/2d205a608a5aa97ac279d7a5e6d89ad8\"},\"headline\":\"Corinthians empata no primeiro duelo das semifinais da Sul-Americana\",\"datePublished\":\"2024-10-25T10:16:32+00:00\",\"dateModified\":\"2024-10-25T10:44:05+00:00\",\"mainEntityOfPage\":{\"@id\":\"https:\\\/\\\/regiaonews.net.br\\\/2022\\\/2024\\\/10\\\/25\\\/corinthians-empata-no-primeiro-duelo-das-semifinais-da-sul-americana\\\/\"},\"wordCount\":233,\"commentCount\":0,\"publisher\":{\"@id\":\"https:\\\/\\\/regiaonews.net.br\\\/2022\\\/#organization\"},\"image\":{\"@id\":\"https:\\\/\\\/regiaonews.net.br\\\/2022\\\/2024\\\/10\\\/25\\\/corinthians-empata-no-primeiro-duelo-das-semifinais-da-sul-americana\\\/#primaryimage\"},\"thumbnailUrl\":\"https:\\\/\\\/regiaonews.net.br\\\/2022\\\/wp-content\\\/uploads\\\/2024\\\/10\\\/corinthians-sofre-com-falta-de-criatividade-e-34.jpg\",\"articleSection\":[\"Copa Sul-Americana\",\"Esporte\"],\"inLanguage\":\"pt-BR\",\"potentialAction\":[{\"@type\":\"CommentAction\",\"name\":\"Comment\",\"target\":[\"https:\\\/\\\/regiaonews.net.br\\\/2022\\\/2024\\\/10\\\/25\\\/corinthians-empata-no-primeiro-duelo-das-semifinais-da-sul-americana\\\/#respond\"]}]},{\"@type\":\"WebPage\",\"@id\":\"https:\\\/\\\/regiaonews.net.br\\\/2022\\\/2024\\\/10\\\/25\\\/corinthians-empata-no-primeiro-duelo-das-semifinais-da-sul-americana\\\/\",\"url\":\"https:\\\/\\\/regiaonews.net.br\\\/2022\\\/2024\\\/10\\\/25\\\/corinthians-empata-no-primeiro-duelo-das-semifinais-da-sul-americana\\\/\",\"name\":\"Corinthians empata no primeiro duelo das semifinais da Sul-Americana - Regi\u00e3o News\",\"isPartOf\":{\"@id\":\"https:\\\/\\\/regiaonews.net.br\\\/2022\\\/#website\"},\"primaryImageOfPage\":{\"@id\":\"https:\\\/\\\/regiaonews.net.br\\\/2022\\\/2024\\\/10\\\/25\\\/corinthians-empata-no-primeiro-duelo-das-semifinais-da-sul-americana\\\/#primaryimage\"},\"image\":{\"@id\":\"https:\\\/\\\/regiaonews.net.br\\\/2022\\\/2024\\\/10\\\/25\\\/corinthians-empata-no-primeiro-duelo-das-semifinais-da-sul-americana\\\/#primaryimage\"},\"thumbnailUrl\":\"https:\\\/\\\/regiaonews.net.br\\\/2022\\\/wp-content\\\/uploads\\\/2024\\\/10\\\/corinthians-sofre-com-falta-de-criatividade-e-34.jpg\",\"datePublished\":\"2024-10-25T10:16:32+00:00\",\"dateModified\":\"2024-10-25T10:44:05+00:00\",\"breadcrumb\":{\"@id\":\"https:\\\/\\\/regiaonews.net.br\\\/2022\\\/2024\\\/10\\\/25\\\/corinthians-empata-no-primeiro-duelo-das-semifinais-da-sul-americana\\\/#breadcrumb\"},\"inLanguage\":\"pt-BR\",\"potentialAction\":[{\"@type\":\"ReadAction\",\"target\":[\"https:\\\/\\\/regiaonews.net.br\\\/2022\\\/2024\\\/10\\\/25\\\/corinthians-empata-no-primeiro-duelo-das-semifinais-da-sul-americana\\\/\"]}]},{\"@type\":\"ImageObject\",\"inLanguage\":\"pt-BR\",\"@id\":\"https:\\\/\\\/regiaonews.net.br\\\/2022\\\/2024\\\/10\\\/25\\\/corinthians-empata-no-primeiro-duelo-das-semifinais-da-sul-americana\\\/#primaryimage\",\"url\":\"https:\\\/\\\/regiaonews.net.br\\\/2022\\\/wp-content\\\/uploads\\\/2024\\\/10\\\/corinthians-sofre-com-falta-de-criatividade-e-34.jpg\",\"contentUrl\":\"https:\\\/\\\/regiaonews.net.br\\\/2022\\\/wp-content\\\/uploads\\\/2024\\\/10\\\/corinthians-sofre-com-falta-de-criatividade-e-34.jpg\",\"width\":614,\"height\":409},{\"@type\":\"BreadcrumbList\",\"@id\":\"https:\\\/\\\/regiaonews.net.br\\\/2022\\\/2024\\\/10\\\/25\\\/corinthians-empata-no-primeiro-duelo-das-semifinais-da-sul-americana\\\/#breadcrumb\",\"itemListElement\":[{\"@type\":\"ListItem\",\"position\":1,\"name\":\"In\u00edcio\",\"item\":\"https:\\\/\\\/regiaonews.net.br\\\/2022\\\/\"},{\"@type\":\"ListItem\",\"position\":2,\"name\":\"Corinthians empata no primeiro duelo das semifinais da Sul-Americana\"}]},{\"@type\":\"WebSite\",\"@id\":\"https:\\\/\\\/regiaonews.net.br\\\/2022\\\/#website\",\"url\":\"https:\\\/\\\/regiaonews.net.br\\\/2022\\\/\",\"name\":\"Regi\u00e3o News\",\"description\":\"Site de Not\u00edcias de Barretos e regi\u00e3o\",\"publisher\":{\"@id\":\"https:\\\/\\\/regiaonews.net.br\\\/2022\\\/#organization\"},\"potentialAction\":[{\"@type\":\"SearchAction\",\"target\":{\"@type\":\"EntryPoint\",\"urlTemplate\":\"https:\\\/\\\/regiaonews.net.br\\\/2022\\\/?s={search_term_string}\"},\"query-input\":{\"@type\":\"PropertyValueSpecification\",\"valueRequired\":true,\"valueName\":\"search_term_string\"}}],\"inLanguage\":\"pt-BR\"},{\"@type\":\"Organization\",\"@id\":\"https:\\\/\\\/regiaonews.net.br\\\/2022\\\/#organization\",\"name\":\"Regi\u00e3o News\",\"url\":\"https:\\\/\\\/regiaonews.net.br\\\/2022\\\/\",\"logo\":{\"@type\":\"ImageObject\",\"inLanguage\":\"pt-BR\",\"@id\":\"https:\\\/\\\/regiaonews.net.br\\\/2022\\\/#\\\/schema\\\/logo\\\/image\\\/\",\"url\":\"https:\\\/\\\/regiaonews.net.br\\\/2022\\\/wp-content\\\/uploads\\\/2026\\\/03\\\/regiao-13-anos-scaled.jpg\",\"contentUrl\":\"https:\\\/\\\/regiaonews.net.br\\\/2022\\\/wp-content\\\/uploads\\\/2026\\\/03\\\/regiao-13-anos-scaled.jpg\",\"width\":2560,\"height\":635,\"caption\":\"Regi\u00e3o News\"},\"image\":{\"@id\":\"https:\\\/\\\/regiaonews.net.br\\\/2022\\\/#\\\/schema\\\/logo\\\/image\\\/\"}},{\"@type\":\"Person\",\"@id\":\"https:\\\/\\\/regiaonews.net.br\\\/2022\\\/#\\\/schema\\\/person\\\/2d205a608a5aa97ac279d7a5e6d89ad8\",\"name\":\"Roberto\",\"image\":{\"@type\":\"ImageObject\",\"inLanguage\":\"pt-BR\",\"@id\":\"https:\\\/\\\/secure.gravatar.com\\\/avatar\\\/42749d8b712ff9d59ca93dc150494e5b55a44134482993f5baeb97e61b7ecc89?s=96&d=mm&r=g\",\"url\":\"https:\\\/\\\/secure.gravatar.com\\\/avatar\\\/42749d8b712ff9d59ca93dc150494e5b55a44134482993f5baeb97e61b7ecc89?s=96&d=mm&r=g\",\"contentUrl\":\"https:\\\/\\\/secure.gravatar.com\\\/avatar\\\/42749d8b712ff9d59ca93dc150494e5b55a44134482993f5baeb97e61b7ecc89?s=96&d=mm&r=g\",\"caption\":\"Roberto\"},\"url\":\"https:\\\/\\\/regiaonews.net.br\\\/2022\\\/author\\\/roberto\\\/\"}]}<\/script>\n<!-- \/ Yoast SEO plugin. -->","yoast_head_json":{"title":"Corinthians empata no primeiro duelo das semifinais da Sul-Americana - Regi\u00e3o News","robots":{"index":"index","follow":"follow","max-snippet":"max-snippet:-1","max-image-preview":"max-image-preview:large","max-video-preview":"max-video-preview:-1"},"canonical":"https:\/\/regiaonews.net.br\/2022\/2024\/10\/25\/corinthians-empata-no-primeiro-duelo-das-semifinais-da-sul-americana\/","og_locale":"pt_BR","og_type":"article","og_title":"Corinthians empata no primeiro duelo das semifinais da Sul-Americana - Regi\u00e3o News","og_description":"Corinthians sofre com falta de criatividade e apenas empata com","og_url":"https:\/\/regiaonews.net.br\/2022\/2024\/10\/25\/corinthians-empata-no-primeiro-duelo-das-semifinais-da-sul-americana\/","og_site_name":"Regi\u00e3o News","article_published_time":"2024-10-25T10:16:32+00:00","article_modified_time":"2024-10-25T10:44:05+00:00","og_image":[{"width":614,"height":409,"url":"https:\/\/regiaonews.net.br\/2022\/wp-content\/uploads\/2024\/10\/corinthians-sofre-com-falta-de-criatividade-e-34.jpg","type":"image\/jpeg"}],"author":"Roberto","twitter_card":"summary_large_image","twitter_misc":{"Escrito por":"Roberto","Est. tempo de leitura":"2 minutos"},"schema":{"@context":"https:\/\/schema.org","@graph":[{"@type":"Article","@id":"https:\/\/regiaonews.net.br\/2022\/2024\/10\/25\/corinthians-empata-no-primeiro-duelo-das-semifinais-da-sul-americana\/#article","isPartOf":{"@id":"https:\/\/regiaonews.net.br\/2022\/2024\/10\/25\/corinthians-empata-no-primeiro-duelo-das-semifinais-da-sul-americana\/"},"author":{"name":"Roberto","@id":"https:\/\/regiaonews.net.br\/2022\/#\/schema\/person\/2d205a608a5aa97ac279d7a5e6d89ad8"},"headline":"Corinthians empata no primeiro duelo das semifinais da Sul-Americana","datePublished":"2024-10-25T10:16:32+00:00","dateModified":"2024-10-25T10:44:05+00:00","mainEntityOfPage":{"@id":"https:\/\/regiaonews.net.br\/2022\/2024\/10\/25\/corinthians-empata-no-primeiro-duelo-das-semifinais-da-sul-americana\/"},"wordCount":233,"commentCount":0,"publisher":{"@id":"https:\/\/regiaonews.net.br\/2022\/#organization"},"image":{"@id":"https:\/\/regiaonews.net.br\/2022\/2024\/10\/25\/corinthians-empata-no-primeiro-duelo-das-semifinais-da-sul-americana\/#primaryimage"},"thumbnailUrl":"https:\/\/regiaonews.net.br\/2022\/wp-content\/uploads\/2024\/10\/corinthians-sofre-com-falta-de-criatividade-e-34.jpg","articleSection":["Copa Sul-Americana","Esporte"],"inLanguage":"pt-BR","potentialAction":[{"@type":"CommentAction","name":"Comment","target":["https:\/\/regiaonews.net.br\/2022\/2024\/10\/25\/corinthians-empata-no-primeiro-duelo-das-semifinais-da-sul-americana\/#respond"]}]},{"@type":"WebPage","@id":"https:\/\/regiaonews.net.br\/2022\/2024\/10\/25\/corinthians-empata-no-primeiro-duelo-das-semifinais-da-sul-americana\/","url":"https:\/\/regiaonews.net.br\/2022\/2024\/10\/25\/corinthians-empata-no-primeiro-duelo-das-semifinais-da-sul-americana\/","name":"Corinthians empata no primeiro duelo das semifinais da Sul-Americana - Regi\u00e3o News","isPartOf":{"@id":"https:\/\/regiaonews.net.br\/2022\/#website"},"primaryImageOfPage":{"@id":"https:\/\/regiaonews.net.br\/2022\/2024\/10\/25\/corinthians-empata-no-primeiro-duelo-das-semifinais-da-sul-americana\/#primaryimage"},"image":{"@id":"https:\/\/regiaonews.net.br\/2022\/2024\/10\/25\/corinthians-empata-no-primeiro-duelo-das-semifinais-da-sul-americana\/#primaryimage"},"thumbnailUrl":"https:\/\/regiaonews.net.br\/2022\/wp-content\/uploads\/2024\/10\/corinthians-sofre-com-falta-de-criatividade-e-34.jpg","datePublished":"2024-10-25T10:16:32+00:00","dateModified":"2024-10-25T10:44:05+00:00","breadcrumb":{"@id":"https:\/\/regiaonews.net.br\/2022\/2024\/10\/25\/corinthians-empata-no-primeiro-duelo-das-semifinais-da-sul-americana\/#breadcrumb"},"inLanguage":"pt-BR","potentialAction":[{"@type":"ReadAction","target":["https:\/\/regiaonews.net.br\/2022\/2024\/10\/25\/corinthians-empata-no-primeiro-duelo-das-semifinais-da-sul-americana\/"]}]},{"@type":"ImageObject","inLanguage":"pt-BR","@id":"https:\/\/regiaonews.net.br\/2022\/2024\/10\/25\/corinthians-empata-no-primeiro-duelo-das-semifinais-da-sul-americana\/#primaryimage","url":"https:\/\/regiaonews.net.br\/2022\/wp-content\/uploads\/2024\/10\/corinthians-sofre-com-falta-de-criatividade-e-34.jpg","contentUrl":"https:\/\/regiaonews.net.br\/2022\/wp-content\/uploads\/2024\/10\/corinthians-sofre-com-falta-de-criatividade-e-34.jpg","width":614,"height":409},{"@type":"BreadcrumbList","@id":"https:\/\/regiaonews.net.br\/2022\/2024\/10\/25\/corinthians-empata-no-primeiro-duelo-das-semifinais-da-sul-americana\/#breadcrumb","itemListElement":[{"@type":"ListItem","position":1,"name":"In\u00edcio","item":"https:\/\/regiaonews.net.br\/2022\/"},{"@type":"ListItem","position":2,"name":"Corinthians empata no primeiro duelo das semifinais da Sul-Americana"}]},{"@type":"WebSite","@id":"https:\/\/regiaonews.net.br\/2022\/#website","url":"https:\/\/regiaonews.net.br\/2022\/","name":"Regi\u00e3o News","description":"Site de Not\u00edcias de Barretos e regi\u00e3o","publisher":{"@id":"https:\/\/regiaonews.net.br\/2022\/#organization"},"potentialAction":[{"@type":"SearchAction","target":{"@type":"EntryPoint","urlTemplate":"https:\/\/regiaonews.net.br\/2022\/?s={search_term_string}"},"query-input":{"@type":"PropertyValueSpecification","valueRequired":true,"valueName":"search_term_string"}}],"inLanguage":"pt-BR"},{"@type":"Organization","@id":"https:\/\/regiaonews.net.br\/2022\/#organization","name":"Regi\u00e3o News","url":"https:\/\/regiaonews.net.br\/2022\/","logo":{"@type":"ImageObject","inLanguage":"pt-BR","@id":"https:\/\/regiaonews.net.br\/2022\/#\/schema\/logo\/image\/","url":"https:\/\/regiaonews.net.br\/2022\/wp-content\/uploads\/2026\/03\/regiao-13-anos-scaled.jpg","contentUrl":"https:\/\/regiaonews.net.br\/2022\/wp-content\/uploads\/2026\/03\/regiao-13-anos-scaled.jpg","width":2560,"height":635,"caption":"Regi\u00e3o News"},"image":{"@id":"https:\/\/regiaonews.net.br\/2022\/#\/schema\/logo\/image\/"}},{"@type":"Person","@id":"https:\/\/regiaonews.net.br\/2022\/#\/schema\/person\/2d205a608a5aa97ac279d7a5e6d89ad8","name":"Roberto","image":{"@type":"ImageObject","inLanguage":"pt-BR","@id":"https:\/\/secure.gravatar.com\/avatar\/42749d8b712ff9d59ca93dc150494e5b55a44134482993f5baeb97e61b7ecc89?s=96&d=mm&r=g","url":"https:\/\/secure.gravatar.com\/avatar\/42749d8b712ff9d59ca93dc150494e5b55a44134482993f5baeb97e61b7ecc89?s=96&d=mm&r=g","contentUrl":"https:\/\/secure.gravatar.com\/avatar\/42749d8b712ff9d59ca93dc150494e5b55a44134482993f5baeb97e61b7ecc89?s=96&d=mm&r=g","caption":"Roberto"},"url":"https:\/\/regiaonews.net.br\/2022\/author\/roberto\/"}]}},"publishpress_future_action":{"enabled":false,"date":"2026-05-02 05:09:14","action":"change-status","newStatus":"draft","terms":[],"taxonomy":"category","extraData":[]},"publishpress_future_workflow_manual_trigger":{"enabledWorkflows":[]},"_links":{"self":[{"href":"https:\/\/regiaonews.net.br\/2022\/wp-json\/wp\/v2\/posts\/111360","targetHints":{"allow":["GET"]}}],"collection":[{"href":"https:\/\/regiaonews.net.br\/2022\/wp-json\/wp\/v2\/posts"}],"about":[{"href":"https:\/\/regiaonews.net.br\/2022\/wp-json\/wp\/v2\/types\/post"}],"author":[{"embeddable":true,"href":"https:\/\/regiaonews.net.br\/2022\/wp-json\/wp\/v2\/users\/2"}],"replies":[{"embeddable":true,"href":"https:\/\/regiaonews.net.br\/2022\/wp-json\/wp\/v2\/comments?post=111360"}],"version-history":[{"count":3,"href":"https:\/\/regiaonews.net.br\/2022\/wp-json\/wp\/v2\/posts\/111360\/revisions"}],"predecessor-version":[{"id":111364,"href":"https:\/\/regiaonews.net.br\/2022\/wp-json\/wp\/v2\/posts\/111360\/revisions\/111364"}],"wp:featuredmedia":[{"embeddable":true,"href":"https:\/\/regiaonews.net.br\/2022\/wp-json\/wp\/v2\/media\/111361"}],"wp:attachment":[{"href":"https:\/\/regiaonews.net.br\/2022\/wp-json\/wp\/v2\/media?parent=111360"}],"wp:term":[{"taxonomy":"category","embeddable":true,"href":"https:\/\/regiaonews.net.br\/2022\/wp-json\/wp\/v2\/categories?post=111360"},{"taxonomy":"post_tag","embeddable":true,"href":"https:\/\/regiaonews.net.br\/2022\/wp-json\/wp\/v2\/tags?post=111360"}],"curies":[{"name":"wp","href":"https:\/\/api.w.org\/{rel}","templated":true}]}}