{"id":111285,"date":"2024-10-23T10:30:58","date_gmt":"2024-10-23T13:30:58","guid":{"rendered":"https:\/\/regiaonews.net.br\/2022\/?p=111285"},"modified":"2024-10-23T10:33:42","modified_gmt":"2024-10-23T13:33:42","slug":"atletico-mineiro-vence-o-river-plate-pela-libertadores","status":"publish","type":"post","link":"https:\/\/regiaonews.net.br\/2022\/2024\/10\/23\/atletico-mineiro-vence-o-river-plate-pela-libertadores\/","title":{"rendered":"Atl\u00e9tico Mineiro vence o River Plate pela Libertadores"},"content":{"rendered":"<div class=\"region region-content\">\n<div id=\"block-system-main\" class=\"block block-system\">\n<div class=\"content\">\n<div id=\"panel\" class=\"container-noticia rel-position\">\n<div id=\"node-1616488\" class=\"node node-conteudo clearfix\">\n<div class=\"capa-materia rel-position\">\n<figure><figcaption class=\"credito-foto abs-position fullwidth\">Fo\u00a9 Pedro Souza\/Atl\u00e9tico\u00a0<\/figcaption><\/figure>\n<\/div>\n<div id=\"block-tts-block-tts\" class=\"block block-tts\">\n<div class=\"content\">\n<div id=\"tts-container\" class=\"container-audio rel-position\">\n<div class=\"title abs-position\"><\/div>\n<\/div>\n<\/div>\n<\/div>\n<div class=\"conteudo-noticia\">\n<p>O Atl\u00e9tico-MG fez o dever de casa diante do River Plate (Argentina) na partida de ida das semifinais da Copa Libertadores. Isto porque, jogando em Belo Horizonte na noite desta ter\u00e7a-feira (22), o Galo bateu a equipe argentina por 3 a 0 com dois gols de Deyverson e um de Paulinho.<img decoding=\"async\" src=\"https:\/\/agenciabrasil.ebc.com.br\/ebc.png?id=1616488&amp;o=node\" \/><img decoding=\"async\" src=\"https:\/\/agenciabrasil.ebc.com.br\/ebc.gif?id=1616488&amp;o=node\" \/><\/p>\n<p>Com este resultado a equipe comandada pelo t\u00e9cnico argentino Gabriel Milito colocou\u00a0um p\u00e9 na decis\u00e3o da Libertadores, pois chega \u00e0 final mesmo com um rev\u00e9s por dois gols de diferen\u00e7a no jogo de volta, que ser\u00e1 disputado a partir das 21h30 (hor\u00e1rio de Bras\u00edlia) da pr\u00f3xima ter\u00e7a-feira (29) no est\u00e1dio Monumental de N\u00fa\u00f1ez, em Buenos Aires (Argentina).<\/p>\n<p>Deyverson artilheiro<\/p>\n<p>A vit\u00f3ria do Atl\u00e9tico-MG teve um protagonista, o atacante Deyverson, que aos 4 minutos do primeiro tempo chegou a superar o goleiro Armani, mas o lance acabou anulado pelo juiz por causa de posi\u00e7\u00e3o de impedimento do centroavante. Por\u00e9m, aos 21 minutos n\u00e3o teve jeito, Lyanco lan\u00e7ou Hulk na ponta direita, o camisa 7 do Galo ganhou\u00a0dividida com um defensor do River e a bola sobrou\u00a0para Deyverson, que driblou o goleiro advers\u00e1rio antes de bater para o gol vazio.<\/p>\n<\/div>\n<\/div>\n<\/div>\n<\/div>\n<\/div>\n<\/div>\n<p>&nbsp;<\/p>\n","protected":false},"excerpt":{"rendered":"<p>Fo\u00a9 Pedro Souza\/Atl\u00e9tico\u00a0 O Atl\u00e9tico-MG fez o dever de casa<\/p>\n","protected":false},"author":2,"featured_media":111286,"comment_status":"open","ping_status":"open","sticky":false,"template":"","format":"standard","meta":{"footnotes":""},"categories":[21,133],"tags":[],"class_list":["post-111285","post","type-post","status-publish","format-standard","has-post-thumbnail","hentry","category-esporte","category-libertadores"],"yoast_head":"<!-- This site is optimized with the Yoast SEO plugin v27.4 - https:\/\/yoast.com\/product\/yoast-seo-wordpress\/ -->\n<title>Atl\u00e9tico Mineiro vence o River Plate pela Libertadores - Regi\u00e3o News<\/title>\n<meta name=\"robots\" content=\"index, follow, max-snippet:-1, max-image-preview:large, max-video-preview:-1\" \/>\n<link rel=\"canonical\" href=\"https:\/\/regiaonews.net.br\/2022\/2024\/10\/23\/atletico-mineiro-vence-o-river-plate-pela-libertadores\/\" \/>\n<meta property=\"og:locale\" content=\"pt_BR\" \/>\n<meta property=\"og:type\" content=\"article\" \/>\n<meta property=\"og:title\" content=\"Atl\u00e9tico Mineiro vence o River Plate pela Libertadores - Regi\u00e3o News\" \/>\n<meta property=\"og:description\" content=\"Fo\u00a9 Pedro Souza\/Atl\u00e9tico\u00a0 O Atl\u00e9tico-MG fez o dever de casa\" \/>\n<meta property=\"og:url\" content=\"https:\/\/regiaonews.net.br\/2022\/2024\/10\/23\/atletico-mineiro-vence-o-river-plate-pela-libertadores\/\" \/>\n<meta property=\"og:site_name\" content=\"Regi\u00e3o News\" \/>\n<meta property=\"article:published_time\" content=\"2024-10-23T13:30:58+00:00\" \/>\n<meta property=\"article:modified_time\" content=\"2024-10-23T13:33:42+00:00\" \/>\n<meta property=\"og:image\" content=\"https:\/\/regiaonews.net.br\/2022\/wp-content\/uploads\/2024\/10\/54086868731_559e28dc23_o.webp\" \/>\n\t<meta property=\"og:image:width\" content=\"1170\" \/>\n\t<meta property=\"og:image:height\" content=\"700\" \/>\n\t<meta property=\"og:image:type\" content=\"image\/webp\" \/>\n<meta name=\"author\" content=\"Roberto\" \/>\n<meta name=\"twitter:card\" content=\"summary_large_image\" \/>\n<meta name=\"twitter:label1\" content=\"Escrito por\" \/>\n\t<meta name=\"twitter:data1\" content=\"Roberto\" \/>\n\t<meta name=\"twitter:label2\" content=\"Est. tempo de leitura\" \/>\n\t<meta name=\"twitter:data2\" content=\"2 minutos\" \/>\n<script type=\"application\/ld+json\" class=\"yoast-schema-graph\">{\"@context\":\"https:\\\/\\\/schema.org\",\"@graph\":[{\"@type\":\"Article\",\"@id\":\"https:\\\/\\\/regiaonews.net.br\\\/2022\\\/2024\\\/10\\\/23\\\/atletico-mineiro-vence-o-river-plate-pela-libertadores\\\/#article\",\"isPartOf\":{\"@id\":\"https:\\\/\\\/regiaonews.net.br\\\/2022\\\/2024\\\/10\\\/23\\\/atletico-mineiro-vence-o-river-plate-pela-libertadores\\\/\"},\"author\":{\"name\":\"Roberto\",\"@id\":\"https:\\\/\\\/regiaonews.net.br\\\/2022\\\/#\\\/schema\\\/person\\\/2d205a608a5aa97ac279d7a5e6d89ad8\"},\"headline\":\"Atl\u00e9tico Mineiro vence o River Plate pela Libertadores\",\"datePublished\":\"2024-10-23T13:30:58+00:00\",\"dateModified\":\"2024-10-23T13:33:42+00:00\",\"mainEntityOfPage\":{\"@id\":\"https:\\\/\\\/regiaonews.net.br\\\/2022\\\/2024\\\/10\\\/23\\\/atletico-mineiro-vence-o-river-plate-pela-libertadores\\\/\"},\"wordCount\":218,\"commentCount\":0,\"publisher\":{\"@id\":\"https:\\\/\\\/regiaonews.net.br\\\/2022\\\/#organization\"},\"image\":{\"@id\":\"https:\\\/\\\/regiaonews.net.br\\\/2022\\\/2024\\\/10\\\/23\\\/atletico-mineiro-vence-o-river-plate-pela-libertadores\\\/#primaryimage\"},\"thumbnailUrl\":\"https:\\\/\\\/regiaonews.net.br\\\/2022\\\/wp-content\\\/uploads\\\/2024\\\/10\\\/54086868731_559e28dc23_o.webp\",\"articleSection\":[\"Esporte\",\"Libertadores\"],\"inLanguage\":\"pt-BR\",\"potentialAction\":[{\"@type\":\"CommentAction\",\"name\":\"Comment\",\"target\":[\"https:\\\/\\\/regiaonews.net.br\\\/2022\\\/2024\\\/10\\\/23\\\/atletico-mineiro-vence-o-river-plate-pela-libertadores\\\/#respond\"]}]},{\"@type\":\"WebPage\",\"@id\":\"https:\\\/\\\/regiaonews.net.br\\\/2022\\\/2024\\\/10\\\/23\\\/atletico-mineiro-vence-o-river-plate-pela-libertadores\\\/\",\"url\":\"https:\\\/\\\/regiaonews.net.br\\\/2022\\\/2024\\\/10\\\/23\\\/atletico-mineiro-vence-o-river-plate-pela-libertadores\\\/\",\"name\":\"Atl\u00e9tico Mineiro vence o River Plate pela Libertadores - Regi\u00e3o News\",\"isPartOf\":{\"@id\":\"https:\\\/\\\/regiaonews.net.br\\\/2022\\\/#website\"},\"primaryImageOfPage\":{\"@id\":\"https:\\\/\\\/regiaonews.net.br\\\/2022\\\/2024\\\/10\\\/23\\\/atletico-mineiro-vence-o-river-plate-pela-libertadores\\\/#primaryimage\"},\"image\":{\"@id\":\"https:\\\/\\\/regiaonews.net.br\\\/2022\\\/2024\\\/10\\\/23\\\/atletico-mineiro-vence-o-river-plate-pela-libertadores\\\/#primaryimage\"},\"thumbnailUrl\":\"https:\\\/\\\/regiaonews.net.br\\\/2022\\\/wp-content\\\/uploads\\\/2024\\\/10\\\/54086868731_559e28dc23_o.webp\",\"datePublished\":\"2024-10-23T13:30:58+00:00\",\"dateModified\":\"2024-10-23T13:33:42+00:00\",\"breadcrumb\":{\"@id\":\"https:\\\/\\\/regiaonews.net.br\\\/2022\\\/2024\\\/10\\\/23\\\/atletico-mineiro-vence-o-river-plate-pela-libertadores\\\/#breadcrumb\"},\"inLanguage\":\"pt-BR\",\"potentialAction\":[{\"@type\":\"ReadAction\",\"target\":[\"https:\\\/\\\/regiaonews.net.br\\\/2022\\\/2024\\\/10\\\/23\\\/atletico-mineiro-vence-o-river-plate-pela-libertadores\\\/\"]}]},{\"@type\":\"ImageObject\",\"inLanguage\":\"pt-BR\",\"@id\":\"https:\\\/\\\/regiaonews.net.br\\\/2022\\\/2024\\\/10\\\/23\\\/atletico-mineiro-vence-o-river-plate-pela-libertadores\\\/#primaryimage\",\"url\":\"https:\\\/\\\/regiaonews.net.br\\\/2022\\\/wp-content\\\/uploads\\\/2024\\\/10\\\/54086868731_559e28dc23_o.webp\",\"contentUrl\":\"https:\\\/\\\/regiaonews.net.br\\\/2022\\\/wp-content\\\/uploads\\\/2024\\\/10\\\/54086868731_559e28dc23_o.webp\",\"width\":1170,\"height\":700},{\"@type\":\"BreadcrumbList\",\"@id\":\"https:\\\/\\\/regiaonews.net.br\\\/2022\\\/2024\\\/10\\\/23\\\/atletico-mineiro-vence-o-river-plate-pela-libertadores\\\/#breadcrumb\",\"itemListElement\":[{\"@type\":\"ListItem\",\"position\":1,\"name\":\"In\u00edcio\",\"item\":\"https:\\\/\\\/regiaonews.net.br\\\/2022\\\/\"},{\"@type\":\"ListItem\",\"position\":2,\"name\":\"Atl\u00e9tico Mineiro vence o River Plate pela Libertadores\"}]},{\"@type\":\"WebSite\",\"@id\":\"https:\\\/\\\/regiaonews.net.br\\\/2022\\\/#website\",\"url\":\"https:\\\/\\\/regiaonews.net.br\\\/2022\\\/\",\"name\":\"Regi\u00e3o News\",\"description\":\"Site de Not\u00edcias de Barretos e regi\u00e3o\",\"publisher\":{\"@id\":\"https:\\\/\\\/regiaonews.net.br\\\/2022\\\/#organization\"},\"potentialAction\":[{\"@type\":\"SearchAction\",\"target\":{\"@type\":\"EntryPoint\",\"urlTemplate\":\"https:\\\/\\\/regiaonews.net.br\\\/2022\\\/?s={search_term_string}\"},\"query-input\":{\"@type\":\"PropertyValueSpecification\",\"valueRequired\":true,\"valueName\":\"search_term_string\"}}],\"inLanguage\":\"pt-BR\"},{\"@type\":\"Organization\",\"@id\":\"https:\\\/\\\/regiaonews.net.br\\\/2022\\\/#organization\",\"name\":\"Regi\u00e3o News\",\"url\":\"https:\\\/\\\/regiaonews.net.br\\\/2022\\\/\",\"logo\":{\"@type\":\"ImageObject\",\"inLanguage\":\"pt-BR\",\"@id\":\"https:\\\/\\\/regiaonews.net.br\\\/2022\\\/#\\\/schema\\\/logo\\\/image\\\/\",\"url\":\"https:\\\/\\\/regiaonews.net.br\\\/2022\\\/wp-content\\\/uploads\\\/2026\\\/03\\\/regiao-13-anos-scaled.jpg\",\"contentUrl\":\"https:\\\/\\\/regiaonews.net.br\\\/2022\\\/wp-content\\\/uploads\\\/2026\\\/03\\\/regiao-13-anos-scaled.jpg\",\"width\":2560,\"height\":635,\"caption\":\"Regi\u00e3o News\"},\"image\":{\"@id\":\"https:\\\/\\\/regiaonews.net.br\\\/2022\\\/#\\\/schema\\\/logo\\\/image\\\/\"}},{\"@type\":\"Person\",\"@id\":\"https:\\\/\\\/regiaonews.net.br\\\/2022\\\/#\\\/schema\\\/person\\\/2d205a608a5aa97ac279d7a5e6d89ad8\",\"name\":\"Roberto\",\"image\":{\"@type\":\"ImageObject\",\"inLanguage\":\"pt-BR\",\"@id\":\"https:\\\/\\\/secure.gravatar.com\\\/avatar\\\/42749d8b712ff9d59ca93dc150494e5b55a44134482993f5baeb97e61b7ecc89?s=96&d=mm&r=g\",\"url\":\"https:\\\/\\\/secure.gravatar.com\\\/avatar\\\/42749d8b712ff9d59ca93dc150494e5b55a44134482993f5baeb97e61b7ecc89?s=96&d=mm&r=g\",\"contentUrl\":\"https:\\\/\\\/secure.gravatar.com\\\/avatar\\\/42749d8b712ff9d59ca93dc150494e5b55a44134482993f5baeb97e61b7ecc89?s=96&d=mm&r=g\",\"caption\":\"Roberto\"},\"url\":\"https:\\\/\\\/regiaonews.net.br\\\/2022\\\/author\\\/roberto\\\/\"}]}<\/script>\n<!-- \/ Yoast SEO plugin. -->","yoast_head_json":{"title":"Atl\u00e9tico Mineiro vence o River Plate pela Libertadores - Regi\u00e3o News","robots":{"index":"index","follow":"follow","max-snippet":"max-snippet:-1","max-image-preview":"max-image-preview:large","max-video-preview":"max-video-preview:-1"},"canonical":"https:\/\/regiaonews.net.br\/2022\/2024\/10\/23\/atletico-mineiro-vence-o-river-plate-pela-libertadores\/","og_locale":"pt_BR","og_type":"article","og_title":"Atl\u00e9tico Mineiro vence o River Plate pela Libertadores - Regi\u00e3o News","og_description":"Fo\u00a9 Pedro Souza\/Atl\u00e9tico\u00a0 O Atl\u00e9tico-MG fez o dever de casa","og_url":"https:\/\/regiaonews.net.br\/2022\/2024\/10\/23\/atletico-mineiro-vence-o-river-plate-pela-libertadores\/","og_site_name":"Regi\u00e3o News","article_published_time":"2024-10-23T13:30:58+00:00","article_modified_time":"2024-10-23T13:33:42+00:00","og_image":[{"width":1170,"height":700,"url":"https:\/\/regiaonews.net.br\/2022\/wp-content\/uploads\/2024\/10\/54086868731_559e28dc23_o.webp","type":"image\/webp"}],"author":"Roberto","twitter_card":"summary_large_image","twitter_misc":{"Escrito por":"Roberto","Est. tempo de leitura":"2 minutos"},"schema":{"@context":"https:\/\/schema.org","@graph":[{"@type":"Article","@id":"https:\/\/regiaonews.net.br\/2022\/2024\/10\/23\/atletico-mineiro-vence-o-river-plate-pela-libertadores\/#article","isPartOf":{"@id":"https:\/\/regiaonews.net.br\/2022\/2024\/10\/23\/atletico-mineiro-vence-o-river-plate-pela-libertadores\/"},"author":{"name":"Roberto","@id":"https:\/\/regiaonews.net.br\/2022\/#\/schema\/person\/2d205a608a5aa97ac279d7a5e6d89ad8"},"headline":"Atl\u00e9tico Mineiro vence o River Plate pela Libertadores","datePublished":"2024-10-23T13:30:58+00:00","dateModified":"2024-10-23T13:33:42+00:00","mainEntityOfPage":{"@id":"https:\/\/regiaonews.net.br\/2022\/2024\/10\/23\/atletico-mineiro-vence-o-river-plate-pela-libertadores\/"},"wordCount":218,"commentCount":0,"publisher":{"@id":"https:\/\/regiaonews.net.br\/2022\/#organization"},"image":{"@id":"https:\/\/regiaonews.net.br\/2022\/2024\/10\/23\/atletico-mineiro-vence-o-river-plate-pela-libertadores\/#primaryimage"},"thumbnailUrl":"https:\/\/regiaonews.net.br\/2022\/wp-content\/uploads\/2024\/10\/54086868731_559e28dc23_o.webp","articleSection":["Esporte","Libertadores"],"inLanguage":"pt-BR","potentialAction":[{"@type":"CommentAction","name":"Comment","target":["https:\/\/regiaonews.net.br\/2022\/2024\/10\/23\/atletico-mineiro-vence-o-river-plate-pela-libertadores\/#respond"]}]},{"@type":"WebPage","@id":"https:\/\/regiaonews.net.br\/2022\/2024\/10\/23\/atletico-mineiro-vence-o-river-plate-pela-libertadores\/","url":"https:\/\/regiaonews.net.br\/2022\/2024\/10\/23\/atletico-mineiro-vence-o-river-plate-pela-libertadores\/","name":"Atl\u00e9tico Mineiro vence o River Plate pela Libertadores - Regi\u00e3o News","isPartOf":{"@id":"https:\/\/regiaonews.net.br\/2022\/#website"},"primaryImageOfPage":{"@id":"https:\/\/regiaonews.net.br\/2022\/2024\/10\/23\/atletico-mineiro-vence-o-river-plate-pela-libertadores\/#primaryimage"},"image":{"@id":"https:\/\/regiaonews.net.br\/2022\/2024\/10\/23\/atletico-mineiro-vence-o-river-plate-pela-libertadores\/#primaryimage"},"thumbnailUrl":"https:\/\/regiaonews.net.br\/2022\/wp-content\/uploads\/2024\/10\/54086868731_559e28dc23_o.webp","datePublished":"2024-10-23T13:30:58+00:00","dateModified":"2024-10-23T13:33:42+00:00","breadcrumb":{"@id":"https:\/\/regiaonews.net.br\/2022\/2024\/10\/23\/atletico-mineiro-vence-o-river-plate-pela-libertadores\/#breadcrumb"},"inLanguage":"pt-BR","potentialAction":[{"@type":"ReadAction","target":["https:\/\/regiaonews.net.br\/2022\/2024\/10\/23\/atletico-mineiro-vence-o-river-plate-pela-libertadores\/"]}]},{"@type":"ImageObject","inLanguage":"pt-BR","@id":"https:\/\/regiaonews.net.br\/2022\/2024\/10\/23\/atletico-mineiro-vence-o-river-plate-pela-libertadores\/#primaryimage","url":"https:\/\/regiaonews.net.br\/2022\/wp-content\/uploads\/2024\/10\/54086868731_559e28dc23_o.webp","contentUrl":"https:\/\/regiaonews.net.br\/2022\/wp-content\/uploads\/2024\/10\/54086868731_559e28dc23_o.webp","width":1170,"height":700},{"@type":"BreadcrumbList","@id":"https:\/\/regiaonews.net.br\/2022\/2024\/10\/23\/atletico-mineiro-vence-o-river-plate-pela-libertadores\/#breadcrumb","itemListElement":[{"@type":"ListItem","position":1,"name":"In\u00edcio","item":"https:\/\/regiaonews.net.br\/2022\/"},{"@type":"ListItem","position":2,"name":"Atl\u00e9tico Mineiro vence o River Plate pela Libertadores"}]},{"@type":"WebSite","@id":"https:\/\/regiaonews.net.br\/2022\/#website","url":"https:\/\/regiaonews.net.br\/2022\/","name":"Regi\u00e3o News","description":"Site de Not\u00edcias de Barretos e regi\u00e3o","publisher":{"@id":"https:\/\/regiaonews.net.br\/2022\/#organization"},"potentialAction":[{"@type":"SearchAction","target":{"@type":"EntryPoint","urlTemplate":"https:\/\/regiaonews.net.br\/2022\/?s={search_term_string}"},"query-input":{"@type":"PropertyValueSpecification","valueRequired":true,"valueName":"search_term_string"}}],"inLanguage":"pt-BR"},{"@type":"Organization","@id":"https:\/\/regiaonews.net.br\/2022\/#organization","name":"Regi\u00e3o News","url":"https:\/\/regiaonews.net.br\/2022\/","logo":{"@type":"ImageObject","inLanguage":"pt-BR","@id":"https:\/\/regiaonews.net.br\/2022\/#\/schema\/logo\/image\/","url":"https:\/\/regiaonews.net.br\/2022\/wp-content\/uploads\/2026\/03\/regiao-13-anos-scaled.jpg","contentUrl":"https:\/\/regiaonews.net.br\/2022\/wp-content\/uploads\/2026\/03\/regiao-13-anos-scaled.jpg","width":2560,"height":635,"caption":"Regi\u00e3o News"},"image":{"@id":"https:\/\/regiaonews.net.br\/2022\/#\/schema\/logo\/image\/"}},{"@type":"Person","@id":"https:\/\/regiaonews.net.br\/2022\/#\/schema\/person\/2d205a608a5aa97ac279d7a5e6d89ad8","name":"Roberto","image":{"@type":"ImageObject","inLanguage":"pt-BR","@id":"https:\/\/secure.gravatar.com\/avatar\/42749d8b712ff9d59ca93dc150494e5b55a44134482993f5baeb97e61b7ecc89?s=96&d=mm&r=g","url":"https:\/\/secure.gravatar.com\/avatar\/42749d8b712ff9d59ca93dc150494e5b55a44134482993f5baeb97e61b7ecc89?s=96&d=mm&r=g","contentUrl":"https:\/\/secure.gravatar.com\/avatar\/42749d8b712ff9d59ca93dc150494e5b55a44134482993f5baeb97e61b7ecc89?s=96&d=mm&r=g","caption":"Roberto"},"url":"https:\/\/regiaonews.net.br\/2022\/author\/roberto\/"}]}},"publishpress_future_action":{"enabled":false,"date":"2026-05-02 05:08:57","action":"change-status","newStatus":"draft","terms":[],"taxonomy":"category","extraData":[]},"publishpress_future_workflow_manual_trigger":{"enabledWorkflows":[]},"_links":{"self":[{"href":"https:\/\/regiaonews.net.br\/2022\/wp-json\/wp\/v2\/posts\/111285","targetHints":{"allow":["GET"]}}],"collection":[{"href":"https:\/\/regiaonews.net.br\/2022\/wp-json\/wp\/v2\/posts"}],"about":[{"href":"https:\/\/regiaonews.net.br\/2022\/wp-json\/wp\/v2\/types\/post"}],"author":[{"embeddable":true,"href":"https:\/\/regiaonews.net.br\/2022\/wp-json\/wp\/v2\/users\/2"}],"replies":[{"embeddable":true,"href":"https:\/\/regiaonews.net.br\/2022\/wp-json\/wp\/v2\/comments?post=111285"}],"version-history":[{"count":2,"href":"https:\/\/regiaonews.net.br\/2022\/wp-json\/wp\/v2\/posts\/111285\/revisions"}],"predecessor-version":[{"id":111290,"href":"https:\/\/regiaonews.net.br\/2022\/wp-json\/wp\/v2\/posts\/111285\/revisions\/111290"}],"wp:featuredmedia":[{"embeddable":true,"href":"https:\/\/regiaonews.net.br\/2022\/wp-json\/wp\/v2\/media\/111286"}],"wp:attachment":[{"href":"https:\/\/regiaonews.net.br\/2022\/wp-json\/wp\/v2\/media?parent=111285"}],"wp:term":[{"taxonomy":"category","embeddable":true,"href":"https:\/\/regiaonews.net.br\/2022\/wp-json\/wp\/v2\/categories?post=111285"},{"taxonomy":"post_tag","embeddable":true,"href":"https:\/\/regiaonews.net.br\/2022\/wp-json\/wp\/v2\/tags?post=111285"}],"curies":[{"name":"wp","href":"https:\/\/api.w.org\/{rel}","templated":true}]}}