{"id":110901,"date":"2024-10-13T14:58:57","date_gmt":"2024-10-13T17:58:57","guid":{"rendered":"https:\/\/regiaonews.net.br\/2022\/?p=110901"},"modified":"2024-10-13T15:01:06","modified_gmt":"2024-10-13T18:01:06","slug":"monte-azul-e-campeao-da-copa-paulista","status":"publish","type":"post","link":"https:\/\/regiaonews.net.br\/2022\/2024\/10\/13\/monte-azul-e-campeao-da-copa-paulista\/","title":{"rendered":"Monte Azul \u00e9 campe\u00e3o da Copa Paulista"},"content":{"rendered":"<p>Fonte &#8211; Futebol Paulista<\/p>\n<div class=\"row col-equal-h clear\">\n<div class=\"post col-md-9 col-sm-12\">\n<p>Dono da melhor campanha desde a primeira fase da competi\u00e7\u00e3o, o\u00a0 Monte Azul conquistou o t\u00edtulo in\u00e9dito da Copa Paulista Sicredi ao vencer o Votuporanguense por 4 a 3 nos p\u00eanaltis ap\u00f3s uma vit\u00f3ria de 1 a 0 para cada lado nos jogos finais.\u00a0 A conquista quebra um tabu de 15 anos sem t\u00edtulos para o Azul\u00e3o e d\u00e1 uma reviravolta na temporada, que come\u00e7ou com um rebaixamento na disputa do Paulist\u00e3o A2 Sicredi.<\/p>\n<p>Em 2025, a equipe de Monte Azul Paulista ter\u00e1 a oportunidade de disputar a Copa do Brasil ou a S\u00e9rie D do Campeonato Brasileiro. Ser\u00e1 a primeira participa\u00e7\u00e3o da hist\u00f3ria do clube em uma competi\u00e7\u00e3o nacional.<\/p>\n<p>O Azul\u00e3o foi o primeiro colocado de seu grupo na primeira fase da competi\u00e7\u00e3o com 19 pontos em oito jogos, sendo seis vit\u00f3rias, um empate e uma derrota. A equipe marcou 15 gols e sofreu sete nesta fase do torneio.<\/p>\n<p>Nas oitavas de final o advers\u00e1rio foi o VOCEM. O Monte Azul venceu as duas partidas e se classificou para as quartas para enfrentar o Comercial. A primeira partida em Ribeir\u00e3o Preto terminou empatada sem gols e no segundo jogo o Monte Azul fez valer o mando de campo e venceu por 1 a 0.<\/p>\n<p>Na decis\u00e3o por uma vaga na final, a equipe enfrentou o Uni\u00e3o S\u00e3o Jo\u00e3o e repetiu o roteiro das quartas: empate no primeiro jogo em Araras e vit\u00f3ria no segundo, garantido j\u00e1 a vaga nacional.<\/p>\n<p>Na decis\u00e3o contra o Votuporanguene, o Monte Azul conheceu sua primeira derrota no mata-mata com placar m\u00ednimo com gol de p\u00eanalti de Wendel J\u00fanior para o advers\u00e1rio.<\/p>\n<p>No segundo jogo, o Monte Azul devolveu o placar com gol de Vitinho, que j\u00e1 havia marcado nas oitavas e na semi, e levou a decis\u00e3o para os p\u00eanaltis. Na &#8216;marca da cal&#8217;, o Monte Azul foi mais efetivo e venceu por 4 a 3, ficando com a ta\u00e7a e a prefer\u00eancia de escolha pela\u00a0vaga na Copa do Brasil ou na da S\u00e9rie D do Campeonato Brasileiro do ano que vem.<\/p>\n<\/div>\n<\/div>\n","protected":false},"excerpt":{"rendered":"<p>Fonte &#8211; Futebol Paulista Dono da melhor campanha desde a<\/p>\n","protected":false},"author":2,"featured_media":110902,"comment_status":"open","ping_status":"open","sticky":false,"template":"","format":"standard","meta":{"footnotes":""},"categories":[185,21],"tags":[],"class_list":["post-110901","post","type-post","status-publish","format-standard","has-post-thumbnail","hentry","category-copa-paulista","category-esporte"],"yoast_head":"<!-- This site is optimized with the Yoast SEO plugin v27.4 - https:\/\/yoast.com\/product\/yoast-seo-wordpress\/ -->\n<title>Monte Azul \u00e9 campe\u00e3o da Copa Paulista - Regi\u00e3o News<\/title>\n<meta name=\"robots\" content=\"index, follow, max-snippet:-1, max-image-preview:large, max-video-preview:-1\" \/>\n<link rel=\"canonical\" href=\"https:\/\/regiaonews.net.br\/2022\/2024\/10\/13\/monte-azul-e-campeao-da-copa-paulista\/\" \/>\n<meta property=\"og:locale\" content=\"pt_BR\" \/>\n<meta property=\"og:type\" content=\"article\" \/>\n<meta property=\"og:title\" content=\"Monte Azul \u00e9 campe\u00e3o da Copa Paulista - Regi\u00e3o News\" \/>\n<meta property=\"og:description\" content=\"Fonte &#8211; Futebol Paulista Dono da melhor campanha desde a\" \/>\n<meta property=\"og:url\" content=\"https:\/\/regiaonews.net.br\/2022\/2024\/10\/13\/monte-azul-e-campeao-da-copa-paulista\/\" \/>\n<meta property=\"og:site_name\" content=\"Regi\u00e3o News\" \/>\n<meta property=\"article:published_time\" content=\"2024-10-13T17:58:57+00:00\" \/>\n<meta property=\"article:modified_time\" content=\"2024-10-13T18:01:06+00:00\" \/>\n<meta property=\"og:image\" content=\"https:\/\/regiaonews.net.br\/2022\/wp-content\/uploads\/2024\/10\/brasilchile_20241012_182813_0000.png\" \/>\n\t<meta property=\"og:image:width\" content=\"1166\" \/>\n\t<meta property=\"og:image:height\" content=\"586\" \/>\n\t<meta property=\"og:image:type\" content=\"image\/png\" \/>\n<meta name=\"author\" content=\"Roberto\" \/>\n<meta name=\"twitter:card\" content=\"summary_large_image\" \/>\n<meta name=\"twitter:label1\" content=\"Escrito por\" \/>\n\t<meta name=\"twitter:data1\" content=\"Roberto\" \/>\n\t<meta name=\"twitter:label2\" content=\"Est. tempo de leitura\" \/>\n\t<meta name=\"twitter:data2\" content=\"3 minutos\" \/>\n<script type=\"application\/ld+json\" class=\"yoast-schema-graph\">{\"@context\":\"https:\\\/\\\/schema.org\",\"@graph\":[{\"@type\":\"Article\",\"@id\":\"https:\\\/\\\/regiaonews.net.br\\\/2022\\\/2024\\\/10\\\/13\\\/monte-azul-e-campeao-da-copa-paulista\\\/#article\",\"isPartOf\":{\"@id\":\"https:\\\/\\\/regiaonews.net.br\\\/2022\\\/2024\\\/10\\\/13\\\/monte-azul-e-campeao-da-copa-paulista\\\/\"},\"author\":{\"name\":\"Roberto\",\"@id\":\"https:\\\/\\\/regiaonews.net.br\\\/2022\\\/#\\\/schema\\\/person\\\/2d205a608a5aa97ac279d7a5e6d89ad8\"},\"headline\":\"Monte Azul \u00e9 campe\u00e3o da Copa Paulista\",\"datePublished\":\"2024-10-13T17:58:57+00:00\",\"dateModified\":\"2024-10-13T18:01:06+00:00\",\"mainEntityOfPage\":{\"@id\":\"https:\\\/\\\/regiaonews.net.br\\\/2022\\\/2024\\\/10\\\/13\\\/monte-azul-e-campeao-da-copa-paulista\\\/\"},\"wordCount\":372,\"commentCount\":0,\"publisher\":{\"@id\":\"https:\\\/\\\/regiaonews.net.br\\\/2022\\\/#organization\"},\"image\":{\"@id\":\"https:\\\/\\\/regiaonews.net.br\\\/2022\\\/2024\\\/10\\\/13\\\/monte-azul-e-campeao-da-copa-paulista\\\/#primaryimage\"},\"thumbnailUrl\":\"https:\\\/\\\/regiaonews.net.br\\\/2022\\\/wp-content\\\/uploads\\\/2024\\\/10\\\/brasilchile_20241012_182813_0000.png\",\"articleSection\":[\"Copa Paulista\",\"Esporte\"],\"inLanguage\":\"pt-BR\",\"potentialAction\":[{\"@type\":\"CommentAction\",\"name\":\"Comment\",\"target\":[\"https:\\\/\\\/regiaonews.net.br\\\/2022\\\/2024\\\/10\\\/13\\\/monte-azul-e-campeao-da-copa-paulista\\\/#respond\"]}]},{\"@type\":\"WebPage\",\"@id\":\"https:\\\/\\\/regiaonews.net.br\\\/2022\\\/2024\\\/10\\\/13\\\/monte-azul-e-campeao-da-copa-paulista\\\/\",\"url\":\"https:\\\/\\\/regiaonews.net.br\\\/2022\\\/2024\\\/10\\\/13\\\/monte-azul-e-campeao-da-copa-paulista\\\/\",\"name\":\"Monte Azul \u00e9 campe\u00e3o da Copa Paulista - Regi\u00e3o News\",\"isPartOf\":{\"@id\":\"https:\\\/\\\/regiaonews.net.br\\\/2022\\\/#website\"},\"primaryImageOfPage\":{\"@id\":\"https:\\\/\\\/regiaonews.net.br\\\/2022\\\/2024\\\/10\\\/13\\\/monte-azul-e-campeao-da-copa-paulista\\\/#primaryimage\"},\"image\":{\"@id\":\"https:\\\/\\\/regiaonews.net.br\\\/2022\\\/2024\\\/10\\\/13\\\/monte-azul-e-campeao-da-copa-paulista\\\/#primaryimage\"},\"thumbnailUrl\":\"https:\\\/\\\/regiaonews.net.br\\\/2022\\\/wp-content\\\/uploads\\\/2024\\\/10\\\/brasilchile_20241012_182813_0000.png\",\"datePublished\":\"2024-10-13T17:58:57+00:00\",\"dateModified\":\"2024-10-13T18:01:06+00:00\",\"breadcrumb\":{\"@id\":\"https:\\\/\\\/regiaonews.net.br\\\/2022\\\/2024\\\/10\\\/13\\\/monte-azul-e-campeao-da-copa-paulista\\\/#breadcrumb\"},\"inLanguage\":\"pt-BR\",\"potentialAction\":[{\"@type\":\"ReadAction\",\"target\":[\"https:\\\/\\\/regiaonews.net.br\\\/2022\\\/2024\\\/10\\\/13\\\/monte-azul-e-campeao-da-copa-paulista\\\/\"]}]},{\"@type\":\"ImageObject\",\"inLanguage\":\"pt-BR\",\"@id\":\"https:\\\/\\\/regiaonews.net.br\\\/2022\\\/2024\\\/10\\\/13\\\/monte-azul-e-campeao-da-copa-paulista\\\/#primaryimage\",\"url\":\"https:\\\/\\\/regiaonews.net.br\\\/2022\\\/wp-content\\\/uploads\\\/2024\\\/10\\\/brasilchile_20241012_182813_0000.png\",\"contentUrl\":\"https:\\\/\\\/regiaonews.net.br\\\/2022\\\/wp-content\\\/uploads\\\/2024\\\/10\\\/brasilchile_20241012_182813_0000.png\",\"width\":1166,\"height\":586},{\"@type\":\"BreadcrumbList\",\"@id\":\"https:\\\/\\\/regiaonews.net.br\\\/2022\\\/2024\\\/10\\\/13\\\/monte-azul-e-campeao-da-copa-paulista\\\/#breadcrumb\",\"itemListElement\":[{\"@type\":\"ListItem\",\"position\":1,\"name\":\"In\u00edcio\",\"item\":\"https:\\\/\\\/regiaonews.net.br\\\/2022\\\/\"},{\"@type\":\"ListItem\",\"position\":2,\"name\":\"Monte Azul \u00e9 campe\u00e3o da Copa Paulista\"}]},{\"@type\":\"WebSite\",\"@id\":\"https:\\\/\\\/regiaonews.net.br\\\/2022\\\/#website\",\"url\":\"https:\\\/\\\/regiaonews.net.br\\\/2022\\\/\",\"name\":\"Regi\u00e3o News\",\"description\":\"Site de Not\u00edcias de Barretos e regi\u00e3o\",\"publisher\":{\"@id\":\"https:\\\/\\\/regiaonews.net.br\\\/2022\\\/#organization\"},\"potentialAction\":[{\"@type\":\"SearchAction\",\"target\":{\"@type\":\"EntryPoint\",\"urlTemplate\":\"https:\\\/\\\/regiaonews.net.br\\\/2022\\\/?s={search_term_string}\"},\"query-input\":{\"@type\":\"PropertyValueSpecification\",\"valueRequired\":true,\"valueName\":\"search_term_string\"}}],\"inLanguage\":\"pt-BR\"},{\"@type\":\"Organization\",\"@id\":\"https:\\\/\\\/regiaonews.net.br\\\/2022\\\/#organization\",\"name\":\"Regi\u00e3o News\",\"url\":\"https:\\\/\\\/regiaonews.net.br\\\/2022\\\/\",\"logo\":{\"@type\":\"ImageObject\",\"inLanguage\":\"pt-BR\",\"@id\":\"https:\\\/\\\/regiaonews.net.br\\\/2022\\\/#\\\/schema\\\/logo\\\/image\\\/\",\"url\":\"https:\\\/\\\/regiaonews.net.br\\\/2022\\\/wp-content\\\/uploads\\\/2026\\\/03\\\/regiao-13-anos-scaled.jpg\",\"contentUrl\":\"https:\\\/\\\/regiaonews.net.br\\\/2022\\\/wp-content\\\/uploads\\\/2026\\\/03\\\/regiao-13-anos-scaled.jpg\",\"width\":2560,\"height\":635,\"caption\":\"Regi\u00e3o News\"},\"image\":{\"@id\":\"https:\\\/\\\/regiaonews.net.br\\\/2022\\\/#\\\/schema\\\/logo\\\/image\\\/\"}},{\"@type\":\"Person\",\"@id\":\"https:\\\/\\\/regiaonews.net.br\\\/2022\\\/#\\\/schema\\\/person\\\/2d205a608a5aa97ac279d7a5e6d89ad8\",\"name\":\"Roberto\",\"image\":{\"@type\":\"ImageObject\",\"inLanguage\":\"pt-BR\",\"@id\":\"https:\\\/\\\/secure.gravatar.com\\\/avatar\\\/42749d8b712ff9d59ca93dc150494e5b55a44134482993f5baeb97e61b7ecc89?s=96&d=mm&r=g\",\"url\":\"https:\\\/\\\/secure.gravatar.com\\\/avatar\\\/42749d8b712ff9d59ca93dc150494e5b55a44134482993f5baeb97e61b7ecc89?s=96&d=mm&r=g\",\"contentUrl\":\"https:\\\/\\\/secure.gravatar.com\\\/avatar\\\/42749d8b712ff9d59ca93dc150494e5b55a44134482993f5baeb97e61b7ecc89?s=96&d=mm&r=g\",\"caption\":\"Roberto\"},\"url\":\"https:\\\/\\\/regiaonews.net.br\\\/2022\\\/author\\\/roberto\\\/\"}]}<\/script>\n<!-- \/ Yoast SEO plugin. -->","yoast_head_json":{"title":"Monte Azul \u00e9 campe\u00e3o da Copa Paulista - Regi\u00e3o News","robots":{"index":"index","follow":"follow","max-snippet":"max-snippet:-1","max-image-preview":"max-image-preview:large","max-video-preview":"max-video-preview:-1"},"canonical":"https:\/\/regiaonews.net.br\/2022\/2024\/10\/13\/monte-azul-e-campeao-da-copa-paulista\/","og_locale":"pt_BR","og_type":"article","og_title":"Monte Azul \u00e9 campe\u00e3o da Copa Paulista - Regi\u00e3o News","og_description":"Fonte &#8211; Futebol Paulista Dono da melhor campanha desde a","og_url":"https:\/\/regiaonews.net.br\/2022\/2024\/10\/13\/monte-azul-e-campeao-da-copa-paulista\/","og_site_name":"Regi\u00e3o News","article_published_time":"2024-10-13T17:58:57+00:00","article_modified_time":"2024-10-13T18:01:06+00:00","og_image":[{"width":1166,"height":586,"url":"https:\/\/regiaonews.net.br\/2022\/wp-content\/uploads\/2024\/10\/brasilchile_20241012_182813_0000.png","type":"image\/png"}],"author":"Roberto","twitter_card":"summary_large_image","twitter_misc":{"Escrito por":"Roberto","Est. tempo de leitura":"3 minutos"},"schema":{"@context":"https:\/\/schema.org","@graph":[{"@type":"Article","@id":"https:\/\/regiaonews.net.br\/2022\/2024\/10\/13\/monte-azul-e-campeao-da-copa-paulista\/#article","isPartOf":{"@id":"https:\/\/regiaonews.net.br\/2022\/2024\/10\/13\/monte-azul-e-campeao-da-copa-paulista\/"},"author":{"name":"Roberto","@id":"https:\/\/regiaonews.net.br\/2022\/#\/schema\/person\/2d205a608a5aa97ac279d7a5e6d89ad8"},"headline":"Monte Azul \u00e9 campe\u00e3o da Copa Paulista","datePublished":"2024-10-13T17:58:57+00:00","dateModified":"2024-10-13T18:01:06+00:00","mainEntityOfPage":{"@id":"https:\/\/regiaonews.net.br\/2022\/2024\/10\/13\/monte-azul-e-campeao-da-copa-paulista\/"},"wordCount":372,"commentCount":0,"publisher":{"@id":"https:\/\/regiaonews.net.br\/2022\/#organization"},"image":{"@id":"https:\/\/regiaonews.net.br\/2022\/2024\/10\/13\/monte-azul-e-campeao-da-copa-paulista\/#primaryimage"},"thumbnailUrl":"https:\/\/regiaonews.net.br\/2022\/wp-content\/uploads\/2024\/10\/brasilchile_20241012_182813_0000.png","articleSection":["Copa Paulista","Esporte"],"inLanguage":"pt-BR","potentialAction":[{"@type":"CommentAction","name":"Comment","target":["https:\/\/regiaonews.net.br\/2022\/2024\/10\/13\/monte-azul-e-campeao-da-copa-paulista\/#respond"]}]},{"@type":"WebPage","@id":"https:\/\/regiaonews.net.br\/2022\/2024\/10\/13\/monte-azul-e-campeao-da-copa-paulista\/","url":"https:\/\/regiaonews.net.br\/2022\/2024\/10\/13\/monte-azul-e-campeao-da-copa-paulista\/","name":"Monte Azul \u00e9 campe\u00e3o da Copa Paulista - Regi\u00e3o News","isPartOf":{"@id":"https:\/\/regiaonews.net.br\/2022\/#website"},"primaryImageOfPage":{"@id":"https:\/\/regiaonews.net.br\/2022\/2024\/10\/13\/monte-azul-e-campeao-da-copa-paulista\/#primaryimage"},"image":{"@id":"https:\/\/regiaonews.net.br\/2022\/2024\/10\/13\/monte-azul-e-campeao-da-copa-paulista\/#primaryimage"},"thumbnailUrl":"https:\/\/regiaonews.net.br\/2022\/wp-content\/uploads\/2024\/10\/brasilchile_20241012_182813_0000.png","datePublished":"2024-10-13T17:58:57+00:00","dateModified":"2024-10-13T18:01:06+00:00","breadcrumb":{"@id":"https:\/\/regiaonews.net.br\/2022\/2024\/10\/13\/monte-azul-e-campeao-da-copa-paulista\/#breadcrumb"},"inLanguage":"pt-BR","potentialAction":[{"@type":"ReadAction","target":["https:\/\/regiaonews.net.br\/2022\/2024\/10\/13\/monte-azul-e-campeao-da-copa-paulista\/"]}]},{"@type":"ImageObject","inLanguage":"pt-BR","@id":"https:\/\/regiaonews.net.br\/2022\/2024\/10\/13\/monte-azul-e-campeao-da-copa-paulista\/#primaryimage","url":"https:\/\/regiaonews.net.br\/2022\/wp-content\/uploads\/2024\/10\/brasilchile_20241012_182813_0000.png","contentUrl":"https:\/\/regiaonews.net.br\/2022\/wp-content\/uploads\/2024\/10\/brasilchile_20241012_182813_0000.png","width":1166,"height":586},{"@type":"BreadcrumbList","@id":"https:\/\/regiaonews.net.br\/2022\/2024\/10\/13\/monte-azul-e-campeao-da-copa-paulista\/#breadcrumb","itemListElement":[{"@type":"ListItem","position":1,"name":"In\u00edcio","item":"https:\/\/regiaonews.net.br\/2022\/"},{"@type":"ListItem","position":2,"name":"Monte Azul \u00e9 campe\u00e3o da Copa Paulista"}]},{"@type":"WebSite","@id":"https:\/\/regiaonews.net.br\/2022\/#website","url":"https:\/\/regiaonews.net.br\/2022\/","name":"Regi\u00e3o News","description":"Site de Not\u00edcias de Barretos e regi\u00e3o","publisher":{"@id":"https:\/\/regiaonews.net.br\/2022\/#organization"},"potentialAction":[{"@type":"SearchAction","target":{"@type":"EntryPoint","urlTemplate":"https:\/\/regiaonews.net.br\/2022\/?s={search_term_string}"},"query-input":{"@type":"PropertyValueSpecification","valueRequired":true,"valueName":"search_term_string"}}],"inLanguage":"pt-BR"},{"@type":"Organization","@id":"https:\/\/regiaonews.net.br\/2022\/#organization","name":"Regi\u00e3o News","url":"https:\/\/regiaonews.net.br\/2022\/","logo":{"@type":"ImageObject","inLanguage":"pt-BR","@id":"https:\/\/regiaonews.net.br\/2022\/#\/schema\/logo\/image\/","url":"https:\/\/regiaonews.net.br\/2022\/wp-content\/uploads\/2026\/03\/regiao-13-anos-scaled.jpg","contentUrl":"https:\/\/regiaonews.net.br\/2022\/wp-content\/uploads\/2026\/03\/regiao-13-anos-scaled.jpg","width":2560,"height":635,"caption":"Regi\u00e3o News"},"image":{"@id":"https:\/\/regiaonews.net.br\/2022\/#\/schema\/logo\/image\/"}},{"@type":"Person","@id":"https:\/\/regiaonews.net.br\/2022\/#\/schema\/person\/2d205a608a5aa97ac279d7a5e6d89ad8","name":"Roberto","image":{"@type":"ImageObject","inLanguage":"pt-BR","@id":"https:\/\/secure.gravatar.com\/avatar\/42749d8b712ff9d59ca93dc150494e5b55a44134482993f5baeb97e61b7ecc89?s=96&d=mm&r=g","url":"https:\/\/secure.gravatar.com\/avatar\/42749d8b712ff9d59ca93dc150494e5b55a44134482993f5baeb97e61b7ecc89?s=96&d=mm&r=g","contentUrl":"https:\/\/secure.gravatar.com\/avatar\/42749d8b712ff9d59ca93dc150494e5b55a44134482993f5baeb97e61b7ecc89?s=96&d=mm&r=g","caption":"Roberto"},"url":"https:\/\/regiaonews.net.br\/2022\/author\/roberto\/"}]}},"publishpress_future_action":{"enabled":false,"date":"2026-05-02 06:48:59","action":"change-status","newStatus":"draft","terms":[],"taxonomy":"category","extraData":[]},"publishpress_future_workflow_manual_trigger":{"enabledWorkflows":[]},"_links":{"self":[{"href":"https:\/\/regiaonews.net.br\/2022\/wp-json\/wp\/v2\/posts\/110901","targetHints":{"allow":["GET"]}}],"collection":[{"href":"https:\/\/regiaonews.net.br\/2022\/wp-json\/wp\/v2\/posts"}],"about":[{"href":"https:\/\/regiaonews.net.br\/2022\/wp-json\/wp\/v2\/types\/post"}],"author":[{"embeddable":true,"href":"https:\/\/regiaonews.net.br\/2022\/wp-json\/wp\/v2\/users\/2"}],"replies":[{"embeddable":true,"href":"https:\/\/regiaonews.net.br\/2022\/wp-json\/wp\/v2\/comments?post=110901"}],"version-history":[{"count":3,"href":"https:\/\/regiaonews.net.br\/2022\/wp-json\/wp\/v2\/posts\/110901\/revisions"}],"predecessor-version":[{"id":110905,"href":"https:\/\/regiaonews.net.br\/2022\/wp-json\/wp\/v2\/posts\/110901\/revisions\/110905"}],"wp:featuredmedia":[{"embeddable":true,"href":"https:\/\/regiaonews.net.br\/2022\/wp-json\/wp\/v2\/media\/110902"}],"wp:attachment":[{"href":"https:\/\/regiaonews.net.br\/2022\/wp-json\/wp\/v2\/media?parent=110901"}],"wp:term":[{"taxonomy":"category","embeddable":true,"href":"https:\/\/regiaonews.net.br\/2022\/wp-json\/wp\/v2\/categories?post=110901"},{"taxonomy":"post_tag","embeddable":true,"href":"https:\/\/regiaonews.net.br\/2022\/wp-json\/wp\/v2\/tags?post=110901"}],"curies":[{"name":"wp","href":"https:\/\/api.w.org\/{rel}","templated":true}]}}