{"id":109762,"date":"2024-09-10T13:33:15","date_gmt":"2024-09-10T16:33:15","guid":{"rendered":"https:\/\/regiaonews.net.br\/2022\/?p=109762"},"modified":"2024-09-10T13:33:15","modified_gmt":"2024-09-10T16:33:15","slug":"corteva-e-tereos-levam-treinamento-tecnico-focado-em-boas-praticas-agricolas-para-produtores-de-cana-em-bebedouro","status":"publish","type":"post","link":"https:\/\/regiaonews.net.br\/2022\/2024\/09\/10\/corteva-e-tereos-levam-treinamento-tecnico-focado-em-boas-praticas-agricolas-para-produtores-de-cana-em-bebedouro\/","title":{"rendered":"Corteva e Tereos levam treinamento t\u00e9cnico focado em Boas Pr\u00e1ticas Agr\u00edcolas para produtores de cana em Bebedouro"},"content":{"rendered":"<h3 style=\"text-align: center;\">A\u00e7\u00e3o liderada pela \u00e1rea de Boas Pr\u00e1ticas Agr\u00edcolas da Corteva aborda aplica\u00e7\u00e3o de defensivos, seguran\u00e7a do trabalhador e manejo integrado de pragas, doen\u00e7as e plantas daninhas<\/h3>\n<p>Com o intuito de levar conhecimento t\u00e9cnico para os fornecedores de cana-de-a\u00e7\u00facar, a \u00e1rea de Boas Pr\u00e1ticas Agr\u00edcolas da Corteva organizou uma capacita\u00e7\u00e3o, em 4 e 5 de setembro, para cerca de 80 pessoas, a maioria fornecedores de cana da Tereos, ministrada por consultores parceiros da Corteva, especialistas nos temas abordados, na Esta\u00e7\u00e3o Experimental da Coopercitrus, em Bebedouro (SP).<\/p>\n<p>O treinamento integra a \u201cExpedi\u00e7\u00e3o Agricultura para a Vida\u201d promovida pela Corteva, que consiste em um caminh\u00e3o itinerante, adaptado em formato de sala de aula, onde s\u00e3o realizados treinamentos sobre boas pr\u00e1ticas agr\u00edcolas, com orienta\u00e7\u00f5es sobre o manejo\u00a0integrado\u00a0de doen\u00e7as,\u00a0plantas daninhas,\u00a0pragas, tecnologia de aplica\u00e7\u00e3o e seguran\u00e7a do trabalhador.<\/p>\n<p>\u201cConhecimento e capacita\u00e7\u00e3o t\u00e9cnica s\u00e3o fundamentais para desenvolver ainda mais a agricultura e o setor canavieiro como um todo. Por isso, por meio de nossos consultores, levamos estes treinamentos aos nossos principais clientes e parceiros, como a Tereos, para ajud\u00e1-los a alcan\u00e7ar altos patamares de produtividade, otimizar recursos, promover responsabilidade e efic\u00e1cia, al\u00e9m de garantir a sustentabilidade do neg\u00f3cio e preservar a sa\u00fade dos trabalhadores. A cultura de cana passa por in\u00fameros desafios, como a presen\u00e7a de pragas, doen\u00e7as e plantas daninhas, e esta capacita\u00e7\u00e3o \u00e9 essencial para que os que os produtores e fornecedores fa\u00e7am o gerenciamento adequado da lavoura, e utilizem as mais variadas t\u00e9cnicas e pr\u00e1ticas de manejo na cultura da cana\u201d, destaca Bruna Barboza Marchesi, especialista de Boas Pr\u00e1ticas Agr\u00edcolas da Corteva Agriscience.<\/p>\n<p><strong>Sobre a Corteva <\/strong><\/p>\n<p>A Corteva, Inc. (NYSE: CTVA) \u00e9 uma empresa global agr\u00edcola que combina inova\u00e7\u00e3o e lideran\u00e7a do setor, elevado envolvimento com o cliente e execu\u00e7\u00e3o operacional para fornecer solu\u00e7\u00f5es lucrativas para os principais desafios agr\u00edcolas do mundo. A Corteva gera prefer\u00eancia de mercado vantajosa por meio de sua estrat\u00e9gia de distribui\u00e7\u00e3o, junto com seu mix equilibrado e globalmente diversificado de sementes, prote\u00e7\u00e3o de cultivos, produtos digitais e servi\u00e7os. Com algumas das marcas mais reconhecidas na agricultura e um pipeline de tecnologia bem posicionado para impulsionar o crescimento, a empresa est\u00e1 comprometida em maximizar a produtividade dos agricultores, enquanto trabalha com stakeholders em todo o sistema alimentar, cumprindo sua promessa de enriquecer a vida daqueles que produzem e consomem, garantindo o progresso das pr\u00f3ximas gera\u00e7\u00f5es. Mais informa\u00e7\u00f5es dispon\u00edveis em\u00a0<a href=\"http:\/\/www.corteva.com\/\">www.corteva.com<\/a>.<\/p>\n<p><strong>Sobre a Tereos<\/strong><\/p>\n<p>Com vis\u00e3o de longo prazo no processamento de mat\u00e9rias-primas agr\u00edcolas e desenvolvimento de produtos aliment\u00edcios de qualidade, a Tereos \u00e9 uma das l\u00edderes nos mercados de a\u00e7\u00facar, \u00e1lcool\/etanol e amidos. Os compromissos do Grupo com a sociedade e com o meio ambiente t\u00eam contribu\u00eddo com a performance da companhia no longo prazo, enquanto refor\u00e7a nossa atua\u00e7\u00e3o respons\u00e1vel. O Grupo cooperativo Tereos re\u00fane 10.700 agricultores e possui expertise reconhecida no processamento de beterraba, cana- de-a\u00e7\u00facar, cereais e batata. Com opera\u00e7\u00e3o em 15 pa\u00edses, 41 unidades industriais e o compromisso de 15.800 colaboradores, a Tereos atende seus clientes em seus mercados locais, com uma oferta ampla de produtos. Em 2023\/24, o Grupo obteve um faturamento de \u20ac7,1 bilh\u00f5es.<\/p>\n<p><strong>Tereos no Brasil<\/strong><\/p>\n<p>A Tereos no Brasil \u00e9 composta pela Tereos A\u00e7\u00facar &amp; Energia Brasil, Tereos Amido &amp; Ado\u00e7antes Brasil e Tereos Commodities Brasil. No noroeste do Estado de S\u00e3o Paulo, a Tereos A\u00e7\u00facar &amp; Energia Brasil concentra suas sete unidades de processamento e duas refinarias. A Tereos Amido &amp; Ado\u00e7antes Brasil, com opera\u00e7\u00e3o em Palmital (SP), diversifica o portf\u00f3lio da Tereos Brasil com a fabrica\u00e7\u00e3o de produtos derivados de milho. A Tereos Commodities opera como trading e possui escrit\u00f3rios em diversos pa\u00edses. Para saber mais, acesse: https:\/\/br.tereos.com\/pt-pt\/ ou https:\/\/br.linkedin.com\/company\/tereos<\/p>\n","protected":false},"excerpt":{"rendered":"<p>A\u00e7\u00e3o liderada pela \u00e1rea de Boas Pr\u00e1ticas Agr\u00edcolas da Corteva<\/p>\n","protected":false},"author":2,"featured_media":109763,"comment_status":"open","ping_status":"open","sticky":false,"template":"","format":"standard","meta":{"footnotes":""},"categories":[14,3],"tags":[],"class_list":["post-109762","post","type-post","status-publish","format-standard","has-post-thumbnail","hentry","category-barretos","category-geral"],"yoast_head":"<!-- This site is optimized with the Yoast SEO plugin v27.4 - https:\/\/yoast.com\/product\/yoast-seo-wordpress\/ -->\n<title>Corteva e Tereos levam treinamento t\u00e9cnico focado em Boas Pr\u00e1ticas Agr\u00edcolas para produtores de cana em Bebedouro - Regi\u00e3o News<\/title>\n<meta name=\"robots\" content=\"index, follow, max-snippet:-1, max-image-preview:large, max-video-preview:-1\" \/>\n<link rel=\"canonical\" href=\"https:\/\/regiaonews.net.br\/2022\/2024\/09\/10\/corteva-e-tereos-levam-treinamento-tecnico-focado-em-boas-praticas-agricolas-para-produtores-de-cana-em-bebedouro\/\" \/>\n<meta property=\"og:locale\" content=\"pt_BR\" \/>\n<meta property=\"og:type\" content=\"article\" \/>\n<meta property=\"og:title\" content=\"Corteva e Tereos levam treinamento t\u00e9cnico focado em Boas Pr\u00e1ticas Agr\u00edcolas para produtores de cana em Bebedouro - Regi\u00e3o News\" \/>\n<meta property=\"og:description\" content=\"A\u00e7\u00e3o liderada pela \u00e1rea de Boas Pr\u00e1ticas Agr\u00edcolas da Corteva\" \/>\n<meta property=\"og:url\" content=\"https:\/\/regiaonews.net.br\/2022\/2024\/09\/10\/corteva-e-tereos-levam-treinamento-tecnico-focado-em-boas-praticas-agricolas-para-produtores-de-cana-em-bebedouro\/\" \/>\n<meta property=\"og:site_name\" content=\"Regi\u00e3o News\" \/>\n<meta property=\"article:published_time\" content=\"2024-09-10T16:33:15+00:00\" \/>\n<meta property=\"og:image\" content=\"https:\/\/regiaonews.net.br\/2022\/wp-content\/uploads\/2024\/09\/Imagem-do-WhatsApp-de-2024-09-10-as-12.46.04_c817a2d8.jpg\" \/>\n\t<meta property=\"og:image:width\" content=\"1280\" \/>\n\t<meta property=\"og:image:height\" content=\"576\" \/>\n\t<meta property=\"og:image:type\" content=\"image\/jpeg\" \/>\n<meta name=\"author\" content=\"Roberto\" \/>\n<meta name=\"twitter:card\" content=\"summary_large_image\" \/>\n<meta name=\"twitter:label1\" content=\"Escrito por\" \/>\n\t<meta name=\"twitter:data1\" content=\"Roberto\" \/>\n\t<meta name=\"twitter:label2\" content=\"Est. tempo de leitura\" \/>\n\t<meta name=\"twitter:data2\" content=\"4 minutos\" \/>\n<script type=\"application\/ld+json\" class=\"yoast-schema-graph\">{\"@context\":\"https:\\\/\\\/schema.org\",\"@graph\":[{\"@type\":\"Article\",\"@id\":\"https:\\\/\\\/regiaonews.net.br\\\/2022\\\/2024\\\/09\\\/10\\\/corteva-e-tereos-levam-treinamento-tecnico-focado-em-boas-praticas-agricolas-para-produtores-de-cana-em-bebedouro\\\/#article\",\"isPartOf\":{\"@id\":\"https:\\\/\\\/regiaonews.net.br\\\/2022\\\/2024\\\/09\\\/10\\\/corteva-e-tereos-levam-treinamento-tecnico-focado-em-boas-praticas-agricolas-para-produtores-de-cana-em-bebedouro\\\/\"},\"author\":{\"name\":\"Roberto\",\"@id\":\"https:\\\/\\\/regiaonews.net.br\\\/2022\\\/#\\\/schema\\\/person\\\/2d205a608a5aa97ac279d7a5e6d89ad8\"},\"headline\":\"Corteva e Tereos levam treinamento t\u00e9cnico focado em Boas Pr\u00e1ticas Agr\u00edcolas para produtores de cana em Bebedouro\",\"datePublished\":\"2024-09-10T16:33:15+00:00\",\"mainEntityOfPage\":{\"@id\":\"https:\\\/\\\/regiaonews.net.br\\\/2022\\\/2024\\\/09\\\/10\\\/corteva-e-tereos-levam-treinamento-tecnico-focado-em-boas-praticas-agricolas-para-produtores-de-cana-em-bebedouro\\\/\"},\"wordCount\":702,\"commentCount\":0,\"publisher\":{\"@id\":\"https:\\\/\\\/regiaonews.net.br\\\/2022\\\/#organization\"},\"image\":{\"@id\":\"https:\\\/\\\/regiaonews.net.br\\\/2022\\\/2024\\\/09\\\/10\\\/corteva-e-tereos-levam-treinamento-tecnico-focado-em-boas-praticas-agricolas-para-produtores-de-cana-em-bebedouro\\\/#primaryimage\"},\"thumbnailUrl\":\"https:\\\/\\\/regiaonews.net.br\\\/2022\\\/wp-content\\\/uploads\\\/2024\\\/09\\\/Imagem-do-WhatsApp-de-2024-09-10-as-12.46.04_c817a2d8.jpg\",\"articleSection\":[\"Barretos\",\"Geral\"],\"inLanguage\":\"pt-BR\",\"potentialAction\":[{\"@type\":\"CommentAction\",\"name\":\"Comment\",\"target\":[\"https:\\\/\\\/regiaonews.net.br\\\/2022\\\/2024\\\/09\\\/10\\\/corteva-e-tereos-levam-treinamento-tecnico-focado-em-boas-praticas-agricolas-para-produtores-de-cana-em-bebedouro\\\/#respond\"]}]},{\"@type\":\"WebPage\",\"@id\":\"https:\\\/\\\/regiaonews.net.br\\\/2022\\\/2024\\\/09\\\/10\\\/corteva-e-tereos-levam-treinamento-tecnico-focado-em-boas-praticas-agricolas-para-produtores-de-cana-em-bebedouro\\\/\",\"url\":\"https:\\\/\\\/regiaonews.net.br\\\/2022\\\/2024\\\/09\\\/10\\\/corteva-e-tereos-levam-treinamento-tecnico-focado-em-boas-praticas-agricolas-para-produtores-de-cana-em-bebedouro\\\/\",\"name\":\"Corteva e Tereos levam treinamento t\u00e9cnico focado em Boas Pr\u00e1ticas Agr\u00edcolas para produtores de cana em Bebedouro - Regi\u00e3o News\",\"isPartOf\":{\"@id\":\"https:\\\/\\\/regiaonews.net.br\\\/2022\\\/#website\"},\"primaryImageOfPage\":{\"@id\":\"https:\\\/\\\/regiaonews.net.br\\\/2022\\\/2024\\\/09\\\/10\\\/corteva-e-tereos-levam-treinamento-tecnico-focado-em-boas-praticas-agricolas-para-produtores-de-cana-em-bebedouro\\\/#primaryimage\"},\"image\":{\"@id\":\"https:\\\/\\\/regiaonews.net.br\\\/2022\\\/2024\\\/09\\\/10\\\/corteva-e-tereos-levam-treinamento-tecnico-focado-em-boas-praticas-agricolas-para-produtores-de-cana-em-bebedouro\\\/#primaryimage\"},\"thumbnailUrl\":\"https:\\\/\\\/regiaonews.net.br\\\/2022\\\/wp-content\\\/uploads\\\/2024\\\/09\\\/Imagem-do-WhatsApp-de-2024-09-10-as-12.46.04_c817a2d8.jpg\",\"datePublished\":\"2024-09-10T16:33:15+00:00\",\"breadcrumb\":{\"@id\":\"https:\\\/\\\/regiaonews.net.br\\\/2022\\\/2024\\\/09\\\/10\\\/corteva-e-tereos-levam-treinamento-tecnico-focado-em-boas-praticas-agricolas-para-produtores-de-cana-em-bebedouro\\\/#breadcrumb\"},\"inLanguage\":\"pt-BR\",\"potentialAction\":[{\"@type\":\"ReadAction\",\"target\":[\"https:\\\/\\\/regiaonews.net.br\\\/2022\\\/2024\\\/09\\\/10\\\/corteva-e-tereos-levam-treinamento-tecnico-focado-em-boas-praticas-agricolas-para-produtores-de-cana-em-bebedouro\\\/\"]}]},{\"@type\":\"ImageObject\",\"inLanguage\":\"pt-BR\",\"@id\":\"https:\\\/\\\/regiaonews.net.br\\\/2022\\\/2024\\\/09\\\/10\\\/corteva-e-tereos-levam-treinamento-tecnico-focado-em-boas-praticas-agricolas-para-produtores-de-cana-em-bebedouro\\\/#primaryimage\",\"url\":\"https:\\\/\\\/regiaonews.net.br\\\/2022\\\/wp-content\\\/uploads\\\/2024\\\/09\\\/Imagem-do-WhatsApp-de-2024-09-10-as-12.46.04_c817a2d8.jpg\",\"contentUrl\":\"https:\\\/\\\/regiaonews.net.br\\\/2022\\\/wp-content\\\/uploads\\\/2024\\\/09\\\/Imagem-do-WhatsApp-de-2024-09-10-as-12.46.04_c817a2d8.jpg\",\"width\":1280,\"height\":576},{\"@type\":\"BreadcrumbList\",\"@id\":\"https:\\\/\\\/regiaonews.net.br\\\/2022\\\/2024\\\/09\\\/10\\\/corteva-e-tereos-levam-treinamento-tecnico-focado-em-boas-praticas-agricolas-para-produtores-de-cana-em-bebedouro\\\/#breadcrumb\",\"itemListElement\":[{\"@type\":\"ListItem\",\"position\":1,\"name\":\"In\u00edcio\",\"item\":\"https:\\\/\\\/regiaonews.net.br\\\/2022\\\/\"},{\"@type\":\"ListItem\",\"position\":2,\"name\":\"Corteva e Tereos levam treinamento t\u00e9cnico focado em Boas Pr\u00e1ticas Agr\u00edcolas para produtores de cana em Bebedouro\"}]},{\"@type\":\"WebSite\",\"@id\":\"https:\\\/\\\/regiaonews.net.br\\\/2022\\\/#website\",\"url\":\"https:\\\/\\\/regiaonews.net.br\\\/2022\\\/\",\"name\":\"Regi\u00e3o News\",\"description\":\"Site de Not\u00edcias de Barretos e regi\u00e3o\",\"publisher\":{\"@id\":\"https:\\\/\\\/regiaonews.net.br\\\/2022\\\/#organization\"},\"potentialAction\":[{\"@type\":\"SearchAction\",\"target\":{\"@type\":\"EntryPoint\",\"urlTemplate\":\"https:\\\/\\\/regiaonews.net.br\\\/2022\\\/?s={search_term_string}\"},\"query-input\":{\"@type\":\"PropertyValueSpecification\",\"valueRequired\":true,\"valueName\":\"search_term_string\"}}],\"inLanguage\":\"pt-BR\"},{\"@type\":\"Organization\",\"@id\":\"https:\\\/\\\/regiaonews.net.br\\\/2022\\\/#organization\",\"name\":\"Regi\u00e3o News\",\"url\":\"https:\\\/\\\/regiaonews.net.br\\\/2022\\\/\",\"logo\":{\"@type\":\"ImageObject\",\"inLanguage\":\"pt-BR\",\"@id\":\"https:\\\/\\\/regiaonews.net.br\\\/2022\\\/#\\\/schema\\\/logo\\\/image\\\/\",\"url\":\"https:\\\/\\\/regiaonews.net.br\\\/2022\\\/wp-content\\\/uploads\\\/2026\\\/03\\\/regiao-13-anos-scaled.jpg\",\"contentUrl\":\"https:\\\/\\\/regiaonews.net.br\\\/2022\\\/wp-content\\\/uploads\\\/2026\\\/03\\\/regiao-13-anos-scaled.jpg\",\"width\":2560,\"height\":635,\"caption\":\"Regi\u00e3o News\"},\"image\":{\"@id\":\"https:\\\/\\\/regiaonews.net.br\\\/2022\\\/#\\\/schema\\\/logo\\\/image\\\/\"}},{\"@type\":\"Person\",\"@id\":\"https:\\\/\\\/regiaonews.net.br\\\/2022\\\/#\\\/schema\\\/person\\\/2d205a608a5aa97ac279d7a5e6d89ad8\",\"name\":\"Roberto\",\"image\":{\"@type\":\"ImageObject\",\"inLanguage\":\"pt-BR\",\"@id\":\"https:\\\/\\\/secure.gravatar.com\\\/avatar\\\/42749d8b712ff9d59ca93dc150494e5b55a44134482993f5baeb97e61b7ecc89?s=96&d=mm&r=g\",\"url\":\"https:\\\/\\\/secure.gravatar.com\\\/avatar\\\/42749d8b712ff9d59ca93dc150494e5b55a44134482993f5baeb97e61b7ecc89?s=96&d=mm&r=g\",\"contentUrl\":\"https:\\\/\\\/secure.gravatar.com\\\/avatar\\\/42749d8b712ff9d59ca93dc150494e5b55a44134482993f5baeb97e61b7ecc89?s=96&d=mm&r=g\",\"caption\":\"Roberto\"},\"url\":\"https:\\\/\\\/regiaonews.net.br\\\/2022\\\/author\\\/roberto\\\/\"}]}<\/script>\n<!-- \/ Yoast SEO plugin. -->","yoast_head_json":{"title":"Corteva e Tereos levam treinamento t\u00e9cnico focado em Boas Pr\u00e1ticas Agr\u00edcolas para produtores de cana em Bebedouro - Regi\u00e3o News","robots":{"index":"index","follow":"follow","max-snippet":"max-snippet:-1","max-image-preview":"max-image-preview:large","max-video-preview":"max-video-preview:-1"},"canonical":"https:\/\/regiaonews.net.br\/2022\/2024\/09\/10\/corteva-e-tereos-levam-treinamento-tecnico-focado-em-boas-praticas-agricolas-para-produtores-de-cana-em-bebedouro\/","og_locale":"pt_BR","og_type":"article","og_title":"Corteva e Tereos levam treinamento t\u00e9cnico focado em Boas Pr\u00e1ticas Agr\u00edcolas para produtores de cana em Bebedouro - Regi\u00e3o News","og_description":"A\u00e7\u00e3o liderada pela \u00e1rea de Boas Pr\u00e1ticas Agr\u00edcolas da Corteva","og_url":"https:\/\/regiaonews.net.br\/2022\/2024\/09\/10\/corteva-e-tereos-levam-treinamento-tecnico-focado-em-boas-praticas-agricolas-para-produtores-de-cana-em-bebedouro\/","og_site_name":"Regi\u00e3o News","article_published_time":"2024-09-10T16:33:15+00:00","og_image":[{"width":1280,"height":576,"url":"https:\/\/regiaonews.net.br\/2022\/wp-content\/uploads\/2024\/09\/Imagem-do-WhatsApp-de-2024-09-10-as-12.46.04_c817a2d8.jpg","type":"image\/jpeg"}],"author":"Roberto","twitter_card":"summary_large_image","twitter_misc":{"Escrito por":"Roberto","Est. tempo de leitura":"4 minutos"},"schema":{"@context":"https:\/\/schema.org","@graph":[{"@type":"Article","@id":"https:\/\/regiaonews.net.br\/2022\/2024\/09\/10\/corteva-e-tereos-levam-treinamento-tecnico-focado-em-boas-praticas-agricolas-para-produtores-de-cana-em-bebedouro\/#article","isPartOf":{"@id":"https:\/\/regiaonews.net.br\/2022\/2024\/09\/10\/corteva-e-tereos-levam-treinamento-tecnico-focado-em-boas-praticas-agricolas-para-produtores-de-cana-em-bebedouro\/"},"author":{"name":"Roberto","@id":"https:\/\/regiaonews.net.br\/2022\/#\/schema\/person\/2d205a608a5aa97ac279d7a5e6d89ad8"},"headline":"Corteva e Tereos levam treinamento t\u00e9cnico focado em Boas Pr\u00e1ticas Agr\u00edcolas para produtores de cana em Bebedouro","datePublished":"2024-09-10T16:33:15+00:00","mainEntityOfPage":{"@id":"https:\/\/regiaonews.net.br\/2022\/2024\/09\/10\/corteva-e-tereos-levam-treinamento-tecnico-focado-em-boas-praticas-agricolas-para-produtores-de-cana-em-bebedouro\/"},"wordCount":702,"commentCount":0,"publisher":{"@id":"https:\/\/regiaonews.net.br\/2022\/#organization"},"image":{"@id":"https:\/\/regiaonews.net.br\/2022\/2024\/09\/10\/corteva-e-tereos-levam-treinamento-tecnico-focado-em-boas-praticas-agricolas-para-produtores-de-cana-em-bebedouro\/#primaryimage"},"thumbnailUrl":"https:\/\/regiaonews.net.br\/2022\/wp-content\/uploads\/2024\/09\/Imagem-do-WhatsApp-de-2024-09-10-as-12.46.04_c817a2d8.jpg","articleSection":["Barretos","Geral"],"inLanguage":"pt-BR","potentialAction":[{"@type":"CommentAction","name":"Comment","target":["https:\/\/regiaonews.net.br\/2022\/2024\/09\/10\/corteva-e-tereos-levam-treinamento-tecnico-focado-em-boas-praticas-agricolas-para-produtores-de-cana-em-bebedouro\/#respond"]}]},{"@type":"WebPage","@id":"https:\/\/regiaonews.net.br\/2022\/2024\/09\/10\/corteva-e-tereos-levam-treinamento-tecnico-focado-em-boas-praticas-agricolas-para-produtores-de-cana-em-bebedouro\/","url":"https:\/\/regiaonews.net.br\/2022\/2024\/09\/10\/corteva-e-tereos-levam-treinamento-tecnico-focado-em-boas-praticas-agricolas-para-produtores-de-cana-em-bebedouro\/","name":"Corteva e Tereos levam treinamento t\u00e9cnico focado em Boas Pr\u00e1ticas Agr\u00edcolas para produtores de cana em Bebedouro - Regi\u00e3o News","isPartOf":{"@id":"https:\/\/regiaonews.net.br\/2022\/#website"},"primaryImageOfPage":{"@id":"https:\/\/regiaonews.net.br\/2022\/2024\/09\/10\/corteva-e-tereos-levam-treinamento-tecnico-focado-em-boas-praticas-agricolas-para-produtores-de-cana-em-bebedouro\/#primaryimage"},"image":{"@id":"https:\/\/regiaonews.net.br\/2022\/2024\/09\/10\/corteva-e-tereos-levam-treinamento-tecnico-focado-em-boas-praticas-agricolas-para-produtores-de-cana-em-bebedouro\/#primaryimage"},"thumbnailUrl":"https:\/\/regiaonews.net.br\/2022\/wp-content\/uploads\/2024\/09\/Imagem-do-WhatsApp-de-2024-09-10-as-12.46.04_c817a2d8.jpg","datePublished":"2024-09-10T16:33:15+00:00","breadcrumb":{"@id":"https:\/\/regiaonews.net.br\/2022\/2024\/09\/10\/corteva-e-tereos-levam-treinamento-tecnico-focado-em-boas-praticas-agricolas-para-produtores-de-cana-em-bebedouro\/#breadcrumb"},"inLanguage":"pt-BR","potentialAction":[{"@type":"ReadAction","target":["https:\/\/regiaonews.net.br\/2022\/2024\/09\/10\/corteva-e-tereos-levam-treinamento-tecnico-focado-em-boas-praticas-agricolas-para-produtores-de-cana-em-bebedouro\/"]}]},{"@type":"ImageObject","inLanguage":"pt-BR","@id":"https:\/\/regiaonews.net.br\/2022\/2024\/09\/10\/corteva-e-tereos-levam-treinamento-tecnico-focado-em-boas-praticas-agricolas-para-produtores-de-cana-em-bebedouro\/#primaryimage","url":"https:\/\/regiaonews.net.br\/2022\/wp-content\/uploads\/2024\/09\/Imagem-do-WhatsApp-de-2024-09-10-as-12.46.04_c817a2d8.jpg","contentUrl":"https:\/\/regiaonews.net.br\/2022\/wp-content\/uploads\/2024\/09\/Imagem-do-WhatsApp-de-2024-09-10-as-12.46.04_c817a2d8.jpg","width":1280,"height":576},{"@type":"BreadcrumbList","@id":"https:\/\/regiaonews.net.br\/2022\/2024\/09\/10\/corteva-e-tereos-levam-treinamento-tecnico-focado-em-boas-praticas-agricolas-para-produtores-de-cana-em-bebedouro\/#breadcrumb","itemListElement":[{"@type":"ListItem","position":1,"name":"In\u00edcio","item":"https:\/\/regiaonews.net.br\/2022\/"},{"@type":"ListItem","position":2,"name":"Corteva e Tereos levam treinamento t\u00e9cnico focado em Boas Pr\u00e1ticas Agr\u00edcolas para produtores de cana em Bebedouro"}]},{"@type":"WebSite","@id":"https:\/\/regiaonews.net.br\/2022\/#website","url":"https:\/\/regiaonews.net.br\/2022\/","name":"Regi\u00e3o News","description":"Site de Not\u00edcias de Barretos e regi\u00e3o","publisher":{"@id":"https:\/\/regiaonews.net.br\/2022\/#organization"},"potentialAction":[{"@type":"SearchAction","target":{"@type":"EntryPoint","urlTemplate":"https:\/\/regiaonews.net.br\/2022\/?s={search_term_string}"},"query-input":{"@type":"PropertyValueSpecification","valueRequired":true,"valueName":"search_term_string"}}],"inLanguage":"pt-BR"},{"@type":"Organization","@id":"https:\/\/regiaonews.net.br\/2022\/#organization","name":"Regi\u00e3o News","url":"https:\/\/regiaonews.net.br\/2022\/","logo":{"@type":"ImageObject","inLanguage":"pt-BR","@id":"https:\/\/regiaonews.net.br\/2022\/#\/schema\/logo\/image\/","url":"https:\/\/regiaonews.net.br\/2022\/wp-content\/uploads\/2026\/03\/regiao-13-anos-scaled.jpg","contentUrl":"https:\/\/regiaonews.net.br\/2022\/wp-content\/uploads\/2026\/03\/regiao-13-anos-scaled.jpg","width":2560,"height":635,"caption":"Regi\u00e3o News"},"image":{"@id":"https:\/\/regiaonews.net.br\/2022\/#\/schema\/logo\/image\/"}},{"@type":"Person","@id":"https:\/\/regiaonews.net.br\/2022\/#\/schema\/person\/2d205a608a5aa97ac279d7a5e6d89ad8","name":"Roberto","image":{"@type":"ImageObject","inLanguage":"pt-BR","@id":"https:\/\/secure.gravatar.com\/avatar\/42749d8b712ff9d59ca93dc150494e5b55a44134482993f5baeb97e61b7ecc89?s=96&d=mm&r=g","url":"https:\/\/secure.gravatar.com\/avatar\/42749d8b712ff9d59ca93dc150494e5b55a44134482993f5baeb97e61b7ecc89?s=96&d=mm&r=g","contentUrl":"https:\/\/secure.gravatar.com\/avatar\/42749d8b712ff9d59ca93dc150494e5b55a44134482993f5baeb97e61b7ecc89?s=96&d=mm&r=g","caption":"Roberto"},"url":"https:\/\/regiaonews.net.br\/2022\/author\/roberto\/"}]}},"publishpress_future_action":{"enabled":false,"date":"2026-05-03 03:14:33","action":"change-status","newStatus":"draft","terms":[],"taxonomy":"category","extraData":[]},"publishpress_future_workflow_manual_trigger":{"enabledWorkflows":[]},"_links":{"self":[{"href":"https:\/\/regiaonews.net.br\/2022\/wp-json\/wp\/v2\/posts\/109762","targetHints":{"allow":["GET"]}}],"collection":[{"href":"https:\/\/regiaonews.net.br\/2022\/wp-json\/wp\/v2\/posts"}],"about":[{"href":"https:\/\/regiaonews.net.br\/2022\/wp-json\/wp\/v2\/types\/post"}],"author":[{"embeddable":true,"href":"https:\/\/regiaonews.net.br\/2022\/wp-json\/wp\/v2\/users\/2"}],"replies":[{"embeddable":true,"href":"https:\/\/regiaonews.net.br\/2022\/wp-json\/wp\/v2\/comments?post=109762"}],"version-history":[{"count":1,"href":"https:\/\/regiaonews.net.br\/2022\/wp-json\/wp\/v2\/posts\/109762\/revisions"}],"predecessor-version":[{"id":109764,"href":"https:\/\/regiaonews.net.br\/2022\/wp-json\/wp\/v2\/posts\/109762\/revisions\/109764"}],"wp:featuredmedia":[{"embeddable":true,"href":"https:\/\/regiaonews.net.br\/2022\/wp-json\/wp\/v2\/media\/109763"}],"wp:attachment":[{"href":"https:\/\/regiaonews.net.br\/2022\/wp-json\/wp\/v2\/media?parent=109762"}],"wp:term":[{"taxonomy":"category","embeddable":true,"href":"https:\/\/regiaonews.net.br\/2022\/wp-json\/wp\/v2\/categories?post=109762"},{"taxonomy":"post_tag","embeddable":true,"href":"https:\/\/regiaonews.net.br\/2022\/wp-json\/wp\/v2\/tags?post=109762"}],"curies":[{"name":"wp","href":"https:\/\/api.w.org\/{rel}","templated":true}]}}