{"id":109617,"date":"2024-09-03T20:21:41","date_gmt":"2024-09-03T23:21:41","guid":{"rendered":"https:\/\/regiaonews.net.br\/2022\/?p=109617"},"modified":"2024-09-03T20:24:41","modified_gmt":"2024-09-03T23:24:41","slug":"incendios-florestais-sp-monta-rede-de-atendimento-para-animais-silvestres-vitimas-das-queimadas","status":"publish","type":"post","link":"https:\/\/regiaonews.net.br\/2022\/2024\/09\/03\/incendios-florestais-sp-monta-rede-de-atendimento-para-animais-silvestres-vitimas-das-queimadas\/","title":{"rendered":"Inc\u00eandios florestais: SP monta rede de atendimento para animais silvestres v\u00edtimas das queimadas"},"content":{"rendered":"<p>R\u00e9pteis e mam\u00edferos s\u00e3o resgatados nos locais mais atingidos pelos inc\u00eandios; veja o que fazer ao encontrar algum animal ferido ou debilitado<\/p>\n<p>Animais atingidos pelos inc\u00eandios florestais que ocorrem no interior de S\u00e3o Paulo est\u00e3o sendo atendidos por uma rede de reabilita\u00e7\u00e3o estruturada pelo Departamento de Fauna Silvestre do Estado. Entre as esp\u00e9cies socorridas est\u00e3o cobras, lagartos, gamb\u00e1s, tamandu\u00e1s-bandeira, tamandu\u00e1s-mirim, macacos-prego e tatus.<\/p>\n<p>At\u00e9 o momento, 26 unidades integradas est\u00e3o em alerta para atender animais resgatados das queimadas e outros que, ao tentar fugir do fogo, acabam sendo atropelados nas rodovias. O munic\u00edpio de Santa B\u00e1rbara do Oeste acaba de ingressar nesta cadeia de salvamento.<\/p>\n<p>A medida faz parte de um conjunto de a\u00e7\u00f5es do gabinete de crise anunciado pelo governo para combater os inc\u00eandios que atingiram o interior do estado nos \u00faltimos 10 dias. Em apenas quatro cidades, 47 animais foram atendidos, dos quais 31 est\u00e3o se recuperando e 16 morreram. Somente o centro de reabilita\u00e7\u00e3o de Ribeir\u00e3o Preto recebeu 17 animais resgatados. At\u00e9 a \u00faltima sexta-feira (29), oito deles tinham morrido em decorr\u00eancia de queimaduras, insufici\u00eancia respirat\u00f3ria e outras complica\u00e7\u00f5es.<\/p>\n<p>O caso mais grave na unidade \u00e9 o de um tamandu\u00e1-bandeira, esp\u00e9cie em extin\u00e7\u00e3o no Brasil. O animal, uma f\u00eamea adulta, que ganhou o nome Vit\u00f3ria, teve nas patas e no focinho queimaduras de terceiro grau. Mesmo machucada, lutou tanto para escapar das chamas que acabou sofrendo um estresse severo, descompensando praticamente todas suas fun\u00e7\u00f5es vitais. Vit\u00f3ria est\u00e1 sendo monitorada durante 24 horas por dia, assim como todos os outros que chegam em estado cr\u00edtico.<\/p>\n<p>Para Isabella Saraiva, diretora do Departamento da Fauna Silvestre, vinculado \u00e0 Secretaria de Meio Ambiente, Infraestrutura e Log\u00edstica (Semil), a articula\u00e7\u00e3o dessa rede de atendimento foi imprescind\u00edvel para garantir que Vit\u00f3ria e outros animais fossem atendidos por equipes multidisciplinares e especializadas em animais selvagens.<\/p>\n<p>\u201cFizemos contato com todos os centros autorizados de triagem e reabilita\u00e7\u00e3o localizados em v\u00e1rios munic\u00edpios paulistas, e todos se prontificaram a colaborar gratuitamente. Veterin\u00e1rios, zootecnistas, bi\u00f3logos, nutricionistas e outros especialistas abra\u00e7aram a causa e est\u00e3o em estado de alerta para receber os resgatados\u201d, ressaltou.<\/p>\n<h2 class=\"wp-block-heading\"><strong>Entenda a rede voltada a animais v\u00edtimas dos inc\u00eandios<\/strong><\/h2>\n<p>A Secretaria de Meio Ambiente, Infraestrutura e Log\u00edstica \u00e9 respons\u00e1vel pelo Centro de Triagem e Reabilita\u00e7\u00e3o (Cetras), localizada no Parque Ecol\u00f3gico Tiet\u00ea, em S\u00e3o Paulo.<\/p>\n<p>As demais unidades envolvidas na a\u00e7\u00e3o s\u00e3o geridas pelos munic\u00edpios onde est\u00e3o localizadas, mas s\u00f3 podem funcionar se tiverem autoriza\u00e7\u00e3o do Estado para receber, identificar, acolher, cuidar e reabilitar animais silvestres provenientes de a\u00e7\u00f5es de fiscaliza\u00e7\u00e3o, resgate, como casos de inc\u00eandios, e entregas espont\u00e2neas realizadas pela popula\u00e7\u00e3o, com objetivo principal de devolver esses animais recuperados ao ambiente natural.<\/p>\n<p>Al\u00e9m desses centros, entidades do terceiro setor e cl\u00ednicas particulares que possuem m\u00e9dicos veterin\u00e1rios e bi\u00f3logos habilitados em animais silvestres tamb\u00e9m foram alertadas sobre poss\u00edveis emerg\u00eancias, e a maioria se disp\u00f4s a atend\u00ea-los gratuitamente.<\/p>\n<p>A diretora do Departamento da Fauna Silvestre faz um alerta tamb\u00e9m \u00e0 popula\u00e7\u00e3o, caso encontre algum animal ferido ou debilitado: \u201cA orienta\u00e7\u00e3o \u00e9 para n\u00e3o mexer no animal e imediatamente entrar em contato com a Pol\u00edcia Militar Ambiental (190), Corpo de Bombeiros (193) ou Guarda Municipal para o resgate\u201d, explica Isabella Saraiva.<\/p>\n<p>Caso alguma cl\u00ednica veterin\u00e1ria n\u00e3o especializada em esp\u00e9cies selvagens receba algum animal, a instru\u00e7\u00e3o \u00e9 que realize o encaminhamento para alguma das unidades autorizadas do Cetras no estado.<\/p>\n<p>A lista atualizada de CETRAS e CRAS em funcionamento no Estado podem ser verificados aqui:\u00a0<a role=\"link\" href=\"https:\/\/semil.sp.gov.br\/sma\/gestao-fauna\/\">https:\/\/semil.sp.gov.br\/sma\/gestao-fauna\/<\/a>.<\/p>\n","protected":false},"excerpt":{"rendered":"<p>R\u00e9pteis e mam\u00edferos s\u00e3o resgatados nos locais mais atingidos pelos<\/p>\n","protected":false},"author":2,"featured_media":109619,"comment_status":"open","ping_status":"open","sticky":false,"template":"","format":"standard","meta":{"footnotes":""},"categories":[25,7],"tags":[],"class_list":["post-109617","post","type-post","status-publish","format-standard","has-post-thumbnail","hentry","category-cidades","category-estado-de-sao-paulo"],"yoast_head":"<!-- This site is optimized with the Yoast SEO plugin v27.4 - https:\/\/yoast.com\/product\/yoast-seo-wordpress\/ -->\n<title>Inc\u00eandios florestais: SP monta rede de atendimento para animais silvestres v\u00edtimas das queimadas - Regi\u00e3o News<\/title>\n<meta name=\"robots\" content=\"index, follow, max-snippet:-1, max-image-preview:large, max-video-preview:-1\" \/>\n<link rel=\"canonical\" href=\"https:\/\/regiaonews.net.br\/2022\/2024\/09\/03\/incendios-florestais-sp-monta-rede-de-atendimento-para-animais-silvestres-vitimas-das-queimadas\/\" \/>\n<meta property=\"og:locale\" content=\"pt_BR\" \/>\n<meta property=\"og:type\" content=\"article\" \/>\n<meta property=\"og:title\" content=\"Inc\u00eandios florestais: SP monta rede de atendimento para animais silvestres v\u00edtimas das queimadas - Regi\u00e3o News\" \/>\n<meta property=\"og:description\" content=\"R\u00e9pteis e mam\u00edferos s\u00e3o resgatados nos locais mais atingidos pelos\" \/>\n<meta property=\"og:url\" content=\"https:\/\/regiaonews.net.br\/2022\/2024\/09\/03\/incendios-florestais-sp-monta-rede-de-atendimento-para-animais-silvestres-vitimas-das-queimadas\/\" \/>\n<meta property=\"og:site_name\" content=\"Regi\u00e3o News\" \/>\n<meta property=\"article:published_time\" content=\"2024-09-03T23:21:41+00:00\" \/>\n<meta property=\"article:modified_time\" content=\"2024-09-03T23:24:41+00:00\" \/>\n<meta property=\"og:image\" content=\"https:\/\/regiaonews.net.br\/2022\/wp-content\/uploads\/2024\/09\/tamadua.jpg\" \/>\n\t<meta property=\"og:image:width\" content=\"891\" \/>\n\t<meta property=\"og:image:height\" content=\"937\" \/>\n\t<meta property=\"og:image:type\" content=\"image\/jpeg\" \/>\n<meta name=\"author\" content=\"Roberto\" \/>\n<meta name=\"twitter:card\" content=\"summary_large_image\" \/>\n<meta name=\"twitter:label1\" content=\"Escrito por\" \/>\n\t<meta name=\"twitter:data1\" content=\"Roberto\" \/>\n\t<meta name=\"twitter:label2\" content=\"Est. tempo de leitura\" \/>\n\t<meta name=\"twitter:data2\" content=\"4 minutos\" \/>\n<script type=\"application\/ld+json\" class=\"yoast-schema-graph\">{\"@context\":\"https:\\\/\\\/schema.org\",\"@graph\":[{\"@type\":\"Article\",\"@id\":\"https:\\\/\\\/regiaonews.net.br\\\/2022\\\/2024\\\/09\\\/03\\\/incendios-florestais-sp-monta-rede-de-atendimento-para-animais-silvestres-vitimas-das-queimadas\\\/#article\",\"isPartOf\":{\"@id\":\"https:\\\/\\\/regiaonews.net.br\\\/2022\\\/2024\\\/09\\\/03\\\/incendios-florestais-sp-monta-rede-de-atendimento-para-animais-silvestres-vitimas-das-queimadas\\\/\"},\"author\":{\"name\":\"Roberto\",\"@id\":\"https:\\\/\\\/regiaonews.net.br\\\/2022\\\/#\\\/schema\\\/person\\\/2d205a608a5aa97ac279d7a5e6d89ad8\"},\"headline\":\"Inc\u00eandios florestais: SP monta rede de atendimento para animais silvestres v\u00edtimas das queimadas\",\"datePublished\":\"2024-09-03T23:21:41+00:00\",\"dateModified\":\"2024-09-03T23:24:41+00:00\",\"mainEntityOfPage\":{\"@id\":\"https:\\\/\\\/regiaonews.net.br\\\/2022\\\/2024\\\/09\\\/03\\\/incendios-florestais-sp-monta-rede-de-atendimento-para-animais-silvestres-vitimas-das-queimadas\\\/\"},\"wordCount\":653,\"commentCount\":0,\"publisher\":{\"@id\":\"https:\\\/\\\/regiaonews.net.br\\\/2022\\\/#organization\"},\"image\":{\"@id\":\"https:\\\/\\\/regiaonews.net.br\\\/2022\\\/2024\\\/09\\\/03\\\/incendios-florestais-sp-monta-rede-de-atendimento-para-animais-silvestres-vitimas-das-queimadas\\\/#primaryimage\"},\"thumbnailUrl\":\"https:\\\/\\\/regiaonews.net.br\\\/2022\\\/wp-content\\\/uploads\\\/2024\\\/09\\\/tamadua.jpg\",\"articleSection\":[\"Cidades\",\"Estado de S\u00e3o Paulo\"],\"inLanguage\":\"pt-BR\",\"potentialAction\":[{\"@type\":\"CommentAction\",\"name\":\"Comment\",\"target\":[\"https:\\\/\\\/regiaonews.net.br\\\/2022\\\/2024\\\/09\\\/03\\\/incendios-florestais-sp-monta-rede-de-atendimento-para-animais-silvestres-vitimas-das-queimadas\\\/#respond\"]}]},{\"@type\":\"WebPage\",\"@id\":\"https:\\\/\\\/regiaonews.net.br\\\/2022\\\/2024\\\/09\\\/03\\\/incendios-florestais-sp-monta-rede-de-atendimento-para-animais-silvestres-vitimas-das-queimadas\\\/\",\"url\":\"https:\\\/\\\/regiaonews.net.br\\\/2022\\\/2024\\\/09\\\/03\\\/incendios-florestais-sp-monta-rede-de-atendimento-para-animais-silvestres-vitimas-das-queimadas\\\/\",\"name\":\"Inc\u00eandios florestais: SP monta rede de atendimento para animais silvestres v\u00edtimas das queimadas - Regi\u00e3o News\",\"isPartOf\":{\"@id\":\"https:\\\/\\\/regiaonews.net.br\\\/2022\\\/#website\"},\"primaryImageOfPage\":{\"@id\":\"https:\\\/\\\/regiaonews.net.br\\\/2022\\\/2024\\\/09\\\/03\\\/incendios-florestais-sp-monta-rede-de-atendimento-para-animais-silvestres-vitimas-das-queimadas\\\/#primaryimage\"},\"image\":{\"@id\":\"https:\\\/\\\/regiaonews.net.br\\\/2022\\\/2024\\\/09\\\/03\\\/incendios-florestais-sp-monta-rede-de-atendimento-para-animais-silvestres-vitimas-das-queimadas\\\/#primaryimage\"},\"thumbnailUrl\":\"https:\\\/\\\/regiaonews.net.br\\\/2022\\\/wp-content\\\/uploads\\\/2024\\\/09\\\/tamadua.jpg\",\"datePublished\":\"2024-09-03T23:21:41+00:00\",\"dateModified\":\"2024-09-03T23:24:41+00:00\",\"breadcrumb\":{\"@id\":\"https:\\\/\\\/regiaonews.net.br\\\/2022\\\/2024\\\/09\\\/03\\\/incendios-florestais-sp-monta-rede-de-atendimento-para-animais-silvestres-vitimas-das-queimadas\\\/#breadcrumb\"},\"inLanguage\":\"pt-BR\",\"potentialAction\":[{\"@type\":\"ReadAction\",\"target\":[\"https:\\\/\\\/regiaonews.net.br\\\/2022\\\/2024\\\/09\\\/03\\\/incendios-florestais-sp-monta-rede-de-atendimento-para-animais-silvestres-vitimas-das-queimadas\\\/\"]}]},{\"@type\":\"ImageObject\",\"inLanguage\":\"pt-BR\",\"@id\":\"https:\\\/\\\/regiaonews.net.br\\\/2022\\\/2024\\\/09\\\/03\\\/incendios-florestais-sp-monta-rede-de-atendimento-para-animais-silvestres-vitimas-das-queimadas\\\/#primaryimage\",\"url\":\"https:\\\/\\\/regiaonews.net.br\\\/2022\\\/wp-content\\\/uploads\\\/2024\\\/09\\\/tamadua.jpg\",\"contentUrl\":\"https:\\\/\\\/regiaonews.net.br\\\/2022\\\/wp-content\\\/uploads\\\/2024\\\/09\\\/tamadua.jpg\",\"width\":891,\"height\":937},{\"@type\":\"BreadcrumbList\",\"@id\":\"https:\\\/\\\/regiaonews.net.br\\\/2022\\\/2024\\\/09\\\/03\\\/incendios-florestais-sp-monta-rede-de-atendimento-para-animais-silvestres-vitimas-das-queimadas\\\/#breadcrumb\",\"itemListElement\":[{\"@type\":\"ListItem\",\"position\":1,\"name\":\"In\u00edcio\",\"item\":\"https:\\\/\\\/regiaonews.net.br\\\/2022\\\/\"},{\"@type\":\"ListItem\",\"position\":2,\"name\":\"Inc\u00eandios florestais: SP monta rede de atendimento para animais silvestres v\u00edtimas das queimadas\"}]},{\"@type\":\"WebSite\",\"@id\":\"https:\\\/\\\/regiaonews.net.br\\\/2022\\\/#website\",\"url\":\"https:\\\/\\\/regiaonews.net.br\\\/2022\\\/\",\"name\":\"Regi\u00e3o News\",\"description\":\"Site de Not\u00edcias de Barretos e regi\u00e3o\",\"publisher\":{\"@id\":\"https:\\\/\\\/regiaonews.net.br\\\/2022\\\/#organization\"},\"potentialAction\":[{\"@type\":\"SearchAction\",\"target\":{\"@type\":\"EntryPoint\",\"urlTemplate\":\"https:\\\/\\\/regiaonews.net.br\\\/2022\\\/?s={search_term_string}\"},\"query-input\":{\"@type\":\"PropertyValueSpecification\",\"valueRequired\":true,\"valueName\":\"search_term_string\"}}],\"inLanguage\":\"pt-BR\"},{\"@type\":\"Organization\",\"@id\":\"https:\\\/\\\/regiaonews.net.br\\\/2022\\\/#organization\",\"name\":\"Regi\u00e3o News\",\"url\":\"https:\\\/\\\/regiaonews.net.br\\\/2022\\\/\",\"logo\":{\"@type\":\"ImageObject\",\"inLanguage\":\"pt-BR\",\"@id\":\"https:\\\/\\\/regiaonews.net.br\\\/2022\\\/#\\\/schema\\\/logo\\\/image\\\/\",\"url\":\"https:\\\/\\\/regiaonews.net.br\\\/2022\\\/wp-content\\\/uploads\\\/2026\\\/03\\\/regiao-13-anos-scaled.jpg\",\"contentUrl\":\"https:\\\/\\\/regiaonews.net.br\\\/2022\\\/wp-content\\\/uploads\\\/2026\\\/03\\\/regiao-13-anos-scaled.jpg\",\"width\":2560,\"height\":635,\"caption\":\"Regi\u00e3o News\"},\"image\":{\"@id\":\"https:\\\/\\\/regiaonews.net.br\\\/2022\\\/#\\\/schema\\\/logo\\\/image\\\/\"}},{\"@type\":\"Person\",\"@id\":\"https:\\\/\\\/regiaonews.net.br\\\/2022\\\/#\\\/schema\\\/person\\\/2d205a608a5aa97ac279d7a5e6d89ad8\",\"name\":\"Roberto\",\"image\":{\"@type\":\"ImageObject\",\"inLanguage\":\"pt-BR\",\"@id\":\"https:\\\/\\\/secure.gravatar.com\\\/avatar\\\/42749d8b712ff9d59ca93dc150494e5b55a44134482993f5baeb97e61b7ecc89?s=96&d=mm&r=g\",\"url\":\"https:\\\/\\\/secure.gravatar.com\\\/avatar\\\/42749d8b712ff9d59ca93dc150494e5b55a44134482993f5baeb97e61b7ecc89?s=96&d=mm&r=g\",\"contentUrl\":\"https:\\\/\\\/secure.gravatar.com\\\/avatar\\\/42749d8b712ff9d59ca93dc150494e5b55a44134482993f5baeb97e61b7ecc89?s=96&d=mm&r=g\",\"caption\":\"Roberto\"},\"url\":\"https:\\\/\\\/regiaonews.net.br\\\/2022\\\/author\\\/roberto\\\/\"}]}<\/script>\n<!-- \/ Yoast SEO plugin. -->","yoast_head_json":{"title":"Inc\u00eandios florestais: SP monta rede de atendimento para animais silvestres v\u00edtimas das queimadas - Regi\u00e3o News","robots":{"index":"index","follow":"follow","max-snippet":"max-snippet:-1","max-image-preview":"max-image-preview:large","max-video-preview":"max-video-preview:-1"},"canonical":"https:\/\/regiaonews.net.br\/2022\/2024\/09\/03\/incendios-florestais-sp-monta-rede-de-atendimento-para-animais-silvestres-vitimas-das-queimadas\/","og_locale":"pt_BR","og_type":"article","og_title":"Inc\u00eandios florestais: SP monta rede de atendimento para animais silvestres v\u00edtimas das queimadas - Regi\u00e3o News","og_description":"R\u00e9pteis e mam\u00edferos s\u00e3o resgatados nos locais mais atingidos pelos","og_url":"https:\/\/regiaonews.net.br\/2022\/2024\/09\/03\/incendios-florestais-sp-monta-rede-de-atendimento-para-animais-silvestres-vitimas-das-queimadas\/","og_site_name":"Regi\u00e3o News","article_published_time":"2024-09-03T23:21:41+00:00","article_modified_time":"2024-09-03T23:24:41+00:00","og_image":[{"width":891,"height":937,"url":"https:\/\/regiaonews.net.br\/2022\/wp-content\/uploads\/2024\/09\/tamadua.jpg","type":"image\/jpeg"}],"author":"Roberto","twitter_card":"summary_large_image","twitter_misc":{"Escrito por":"Roberto","Est. tempo de leitura":"4 minutos"},"schema":{"@context":"https:\/\/schema.org","@graph":[{"@type":"Article","@id":"https:\/\/regiaonews.net.br\/2022\/2024\/09\/03\/incendios-florestais-sp-monta-rede-de-atendimento-para-animais-silvestres-vitimas-das-queimadas\/#article","isPartOf":{"@id":"https:\/\/regiaonews.net.br\/2022\/2024\/09\/03\/incendios-florestais-sp-monta-rede-de-atendimento-para-animais-silvestres-vitimas-das-queimadas\/"},"author":{"name":"Roberto","@id":"https:\/\/regiaonews.net.br\/2022\/#\/schema\/person\/2d205a608a5aa97ac279d7a5e6d89ad8"},"headline":"Inc\u00eandios florestais: SP monta rede de atendimento para animais silvestres v\u00edtimas das queimadas","datePublished":"2024-09-03T23:21:41+00:00","dateModified":"2024-09-03T23:24:41+00:00","mainEntityOfPage":{"@id":"https:\/\/regiaonews.net.br\/2022\/2024\/09\/03\/incendios-florestais-sp-monta-rede-de-atendimento-para-animais-silvestres-vitimas-das-queimadas\/"},"wordCount":653,"commentCount":0,"publisher":{"@id":"https:\/\/regiaonews.net.br\/2022\/#organization"},"image":{"@id":"https:\/\/regiaonews.net.br\/2022\/2024\/09\/03\/incendios-florestais-sp-monta-rede-de-atendimento-para-animais-silvestres-vitimas-das-queimadas\/#primaryimage"},"thumbnailUrl":"https:\/\/regiaonews.net.br\/2022\/wp-content\/uploads\/2024\/09\/tamadua.jpg","articleSection":["Cidades","Estado de S\u00e3o Paulo"],"inLanguage":"pt-BR","potentialAction":[{"@type":"CommentAction","name":"Comment","target":["https:\/\/regiaonews.net.br\/2022\/2024\/09\/03\/incendios-florestais-sp-monta-rede-de-atendimento-para-animais-silvestres-vitimas-das-queimadas\/#respond"]}]},{"@type":"WebPage","@id":"https:\/\/regiaonews.net.br\/2022\/2024\/09\/03\/incendios-florestais-sp-monta-rede-de-atendimento-para-animais-silvestres-vitimas-das-queimadas\/","url":"https:\/\/regiaonews.net.br\/2022\/2024\/09\/03\/incendios-florestais-sp-monta-rede-de-atendimento-para-animais-silvestres-vitimas-das-queimadas\/","name":"Inc\u00eandios florestais: SP monta rede de atendimento para animais silvestres v\u00edtimas das queimadas - Regi\u00e3o News","isPartOf":{"@id":"https:\/\/regiaonews.net.br\/2022\/#website"},"primaryImageOfPage":{"@id":"https:\/\/regiaonews.net.br\/2022\/2024\/09\/03\/incendios-florestais-sp-monta-rede-de-atendimento-para-animais-silvestres-vitimas-das-queimadas\/#primaryimage"},"image":{"@id":"https:\/\/regiaonews.net.br\/2022\/2024\/09\/03\/incendios-florestais-sp-monta-rede-de-atendimento-para-animais-silvestres-vitimas-das-queimadas\/#primaryimage"},"thumbnailUrl":"https:\/\/regiaonews.net.br\/2022\/wp-content\/uploads\/2024\/09\/tamadua.jpg","datePublished":"2024-09-03T23:21:41+00:00","dateModified":"2024-09-03T23:24:41+00:00","breadcrumb":{"@id":"https:\/\/regiaonews.net.br\/2022\/2024\/09\/03\/incendios-florestais-sp-monta-rede-de-atendimento-para-animais-silvestres-vitimas-das-queimadas\/#breadcrumb"},"inLanguage":"pt-BR","potentialAction":[{"@type":"ReadAction","target":["https:\/\/regiaonews.net.br\/2022\/2024\/09\/03\/incendios-florestais-sp-monta-rede-de-atendimento-para-animais-silvestres-vitimas-das-queimadas\/"]}]},{"@type":"ImageObject","inLanguage":"pt-BR","@id":"https:\/\/regiaonews.net.br\/2022\/2024\/09\/03\/incendios-florestais-sp-monta-rede-de-atendimento-para-animais-silvestres-vitimas-das-queimadas\/#primaryimage","url":"https:\/\/regiaonews.net.br\/2022\/wp-content\/uploads\/2024\/09\/tamadua.jpg","contentUrl":"https:\/\/regiaonews.net.br\/2022\/wp-content\/uploads\/2024\/09\/tamadua.jpg","width":891,"height":937},{"@type":"BreadcrumbList","@id":"https:\/\/regiaonews.net.br\/2022\/2024\/09\/03\/incendios-florestais-sp-monta-rede-de-atendimento-para-animais-silvestres-vitimas-das-queimadas\/#breadcrumb","itemListElement":[{"@type":"ListItem","position":1,"name":"In\u00edcio","item":"https:\/\/regiaonews.net.br\/2022\/"},{"@type":"ListItem","position":2,"name":"Inc\u00eandios florestais: SP monta rede de atendimento para animais silvestres v\u00edtimas das queimadas"}]},{"@type":"WebSite","@id":"https:\/\/regiaonews.net.br\/2022\/#website","url":"https:\/\/regiaonews.net.br\/2022\/","name":"Regi\u00e3o News","description":"Site de Not\u00edcias de Barretos e regi\u00e3o","publisher":{"@id":"https:\/\/regiaonews.net.br\/2022\/#organization"},"potentialAction":[{"@type":"SearchAction","target":{"@type":"EntryPoint","urlTemplate":"https:\/\/regiaonews.net.br\/2022\/?s={search_term_string}"},"query-input":{"@type":"PropertyValueSpecification","valueRequired":true,"valueName":"search_term_string"}}],"inLanguage":"pt-BR"},{"@type":"Organization","@id":"https:\/\/regiaonews.net.br\/2022\/#organization","name":"Regi\u00e3o News","url":"https:\/\/regiaonews.net.br\/2022\/","logo":{"@type":"ImageObject","inLanguage":"pt-BR","@id":"https:\/\/regiaonews.net.br\/2022\/#\/schema\/logo\/image\/","url":"https:\/\/regiaonews.net.br\/2022\/wp-content\/uploads\/2026\/03\/regiao-13-anos-scaled.jpg","contentUrl":"https:\/\/regiaonews.net.br\/2022\/wp-content\/uploads\/2026\/03\/regiao-13-anos-scaled.jpg","width":2560,"height":635,"caption":"Regi\u00e3o News"},"image":{"@id":"https:\/\/regiaonews.net.br\/2022\/#\/schema\/logo\/image\/"}},{"@type":"Person","@id":"https:\/\/regiaonews.net.br\/2022\/#\/schema\/person\/2d205a608a5aa97ac279d7a5e6d89ad8","name":"Roberto","image":{"@type":"ImageObject","inLanguage":"pt-BR","@id":"https:\/\/secure.gravatar.com\/avatar\/42749d8b712ff9d59ca93dc150494e5b55a44134482993f5baeb97e61b7ecc89?s=96&d=mm&r=g","url":"https:\/\/secure.gravatar.com\/avatar\/42749d8b712ff9d59ca93dc150494e5b55a44134482993f5baeb97e61b7ecc89?s=96&d=mm&r=g","contentUrl":"https:\/\/secure.gravatar.com\/avatar\/42749d8b712ff9d59ca93dc150494e5b55a44134482993f5baeb97e61b7ecc89?s=96&d=mm&r=g","caption":"Roberto"},"url":"https:\/\/regiaonews.net.br\/2022\/author\/roberto\/"}]}},"publishpress_future_action":{"enabled":false,"date":"2026-05-03 02:11:31","action":"change-status","newStatus":"draft","terms":[],"taxonomy":"category","extraData":[]},"publishpress_future_workflow_manual_trigger":{"enabledWorkflows":[]},"_links":{"self":[{"href":"https:\/\/regiaonews.net.br\/2022\/wp-json\/wp\/v2\/posts\/109617","targetHints":{"allow":["GET"]}}],"collection":[{"href":"https:\/\/regiaonews.net.br\/2022\/wp-json\/wp\/v2\/posts"}],"about":[{"href":"https:\/\/regiaonews.net.br\/2022\/wp-json\/wp\/v2\/types\/post"}],"author":[{"embeddable":true,"href":"https:\/\/regiaonews.net.br\/2022\/wp-json\/wp\/v2\/users\/2"}],"replies":[{"embeddable":true,"href":"https:\/\/regiaonews.net.br\/2022\/wp-json\/wp\/v2\/comments?post=109617"}],"version-history":[{"count":1,"href":"https:\/\/regiaonews.net.br\/2022\/wp-json\/wp\/v2\/posts\/109617\/revisions"}],"predecessor-version":[{"id":109618,"href":"https:\/\/regiaonews.net.br\/2022\/wp-json\/wp\/v2\/posts\/109617\/revisions\/109618"}],"wp:featuredmedia":[{"embeddable":true,"href":"https:\/\/regiaonews.net.br\/2022\/wp-json\/wp\/v2\/media\/109619"}],"wp:attachment":[{"href":"https:\/\/regiaonews.net.br\/2022\/wp-json\/wp\/v2\/media?parent=109617"}],"wp:term":[{"taxonomy":"category","embeddable":true,"href":"https:\/\/regiaonews.net.br\/2022\/wp-json\/wp\/v2\/categories?post=109617"},{"taxonomy":"post_tag","embeddable":true,"href":"https:\/\/regiaonews.net.br\/2022\/wp-json\/wp\/v2\/tags?post=109617"}],"curies":[{"name":"wp","href":"https:\/\/api.w.org\/{rel}","templated":true}]}}