{"id":109611,"date":"2024-09-03T13:43:50","date_gmt":"2024-09-03T16:43:50","guid":{"rendered":"https:\/\/regiaonews.net.br\/2022\/?p=109611"},"modified":"2024-09-03T13:43:50","modified_gmt":"2024-09-03T16:43:50","slug":"premiacao-do-12-concurso-de-redacao-sera-na-sexta-dia-6","status":"publish","type":"post","link":"https:\/\/regiaonews.net.br\/2022\/2024\/09\/03\/premiacao-do-12-concurso-de-redacao-sera-na-sexta-dia-6\/","title":{"rendered":"Premia\u00e7\u00e3o do 12\u00b0 Concurso de Reda\u00e7\u00e3o ser\u00e1 na sexta,\u00a0dia\u00a06"},"content":{"rendered":"<p>O N\u00facleo de Educa\u00e7\u00e3o em C\u00e2ncer (NEC) do Hospital de Amor, em parceria com a Secretaria da Educa\u00e7\u00e3o do Estado de S\u00e3o Paulo, realiza na pr\u00f3xima sexta-feira (6), a partir das 10h, a cerim\u00f4nia de premia\u00e7\u00e3o da 12\u00aa edi\u00e7\u00e3o do \u2018Concurso de Reda\u00e7\u00e3o\u2019, que contar\u00e1 com a presen\u00e7a do Secret\u00e1rio de Educa\u00e7\u00e3o do Estado de S\u00e3o Paulo, Renato Feder, e de membros da coordena\u00e7\u00e3o do NEC e diretoria do Instituto de Ensino e Pesquisa do HA. Nesta edi\u00e7\u00e3o, projeto, que tem o intuito de difundir conhecimento sobre pesquisa e popularizar a ci\u00eancia, trouxe a tem\u00e1tica \u201cInfec\u00e7\u00e3o e c\u00e2ncer: cuide, previna e combata\u201d.<\/p>\n<p>O concurso \u00e9 aberto anualmente para estudantes da rede estadual de ensino do Estado de S\u00e3o Paulo e para estudantes da rede municipal e particular do munic\u00edpio de Barretos (SP). No final, s\u00e3o selecionados dois participantes de cada categoria, que participam de tr\u00eas dias de est\u00e1gio no Centro de Pesquisa em Oncologia Molecular (CPOM) do HA, que neste ano acontece entre os dias 3 e 5 de setembro.<\/p>\n<p>\u201cO pa\u00eds como um todo precisa de novos cientistas e o concurso acaba agindo como um despertar para isso nos jovens, com temas importantes e, claro, com a imers\u00e3o dos ganhadores no nosso Centro de Pesquisa\u201d, destacou Dr. Henrique Silveira, bi\u00f3logo e pesquisador do IEP e um dos idealizadores\u00a0do\u00a0concurso.<\/p>\n","protected":false},"excerpt":{"rendered":"<p>O N\u00facleo de Educa\u00e7\u00e3o em C\u00e2ncer (NEC) do Hospital de<\/p>\n","protected":false},"author":2,"featured_media":109612,"comment_status":"open","ping_status":"open","sticky":false,"template":"","format":"standard","meta":{"footnotes":""},"categories":[14,3],"tags":[],"class_list":["post-109611","post","type-post","status-publish","format-standard","has-post-thumbnail","hentry","category-barretos","category-geral"],"yoast_head":"<!-- This site is optimized with the Yoast SEO plugin v27.4 - https:\/\/yoast.com\/product\/yoast-seo-wordpress\/ -->\n<title>Premia\u00e7\u00e3o do 12\u00b0 Concurso de Reda\u00e7\u00e3o ser\u00e1 na sexta,\u00a0dia\u00a06 - Regi\u00e3o News<\/title>\n<meta name=\"robots\" content=\"index, follow, max-snippet:-1, max-image-preview:large, max-video-preview:-1\" \/>\n<link rel=\"canonical\" href=\"https:\/\/regiaonews.net.br\/2022\/2024\/09\/03\/premiacao-do-12-concurso-de-redacao-sera-na-sexta-dia-6\/\" \/>\n<meta property=\"og:locale\" content=\"pt_BR\" \/>\n<meta property=\"og:type\" content=\"article\" \/>\n<meta property=\"og:title\" content=\"Premia\u00e7\u00e3o do 12\u00b0 Concurso de Reda\u00e7\u00e3o ser\u00e1 na sexta,\u00a0dia\u00a06 - Regi\u00e3o News\" \/>\n<meta property=\"og:description\" content=\"O N\u00facleo de Educa\u00e7\u00e3o em C\u00e2ncer (NEC) do Hospital de\" \/>\n<meta property=\"og:url\" content=\"https:\/\/regiaonews.net.br\/2022\/2024\/09\/03\/premiacao-do-12-concurso-de-redacao-sera-na-sexta-dia-6\/\" \/>\n<meta property=\"og:site_name\" content=\"Regi\u00e3o News\" \/>\n<meta property=\"article:published_time\" content=\"2024-09-03T16:43:50+00:00\" \/>\n<meta property=\"og:image\" content=\"https:\/\/regiaonews.net.br\/2022\/wp-content\/uploads\/2024\/09\/Imagem-do-WhatsApp-de-2024-09-03-as-12.46.48_b68f8dde.jpg\" \/>\n\t<meta property=\"og:image:width\" content=\"768\" \/>\n\t<meta property=\"og:image:height\" content=\"1365\" \/>\n\t<meta property=\"og:image:type\" content=\"image\/jpeg\" \/>\n<meta name=\"author\" content=\"Roberto\" \/>\n<meta name=\"twitter:card\" content=\"summary_large_image\" \/>\n<meta name=\"twitter:label1\" content=\"Escrito por\" \/>\n\t<meta name=\"twitter:data1\" content=\"Roberto\" \/>\n\t<meta name=\"twitter:label2\" content=\"Est. tempo de leitura\" \/>\n\t<meta name=\"twitter:data2\" content=\"2 minutos\" \/>\n<script type=\"application\/ld+json\" class=\"yoast-schema-graph\">{\"@context\":\"https:\\\/\\\/schema.org\",\"@graph\":[{\"@type\":\"Article\",\"@id\":\"https:\\\/\\\/regiaonews.net.br\\\/2022\\\/2024\\\/09\\\/03\\\/premiacao-do-12-concurso-de-redacao-sera-na-sexta-dia-6\\\/#article\",\"isPartOf\":{\"@id\":\"https:\\\/\\\/regiaonews.net.br\\\/2022\\\/2024\\\/09\\\/03\\\/premiacao-do-12-concurso-de-redacao-sera-na-sexta-dia-6\\\/\"},\"author\":{\"name\":\"Roberto\",\"@id\":\"https:\\\/\\\/regiaonews.net.br\\\/2022\\\/#\\\/schema\\\/person\\\/2d205a608a5aa97ac279d7a5e6d89ad8\"},\"headline\":\"Premia\u00e7\u00e3o do 12\u00b0 Concurso de Reda\u00e7\u00e3o ser\u00e1 na sexta,\u00a0dia\u00a06\",\"datePublished\":\"2024-09-03T16:43:50+00:00\",\"mainEntityOfPage\":{\"@id\":\"https:\\\/\\\/regiaonews.net.br\\\/2022\\\/2024\\\/09\\\/03\\\/premiacao-do-12-concurso-de-redacao-sera-na-sexta-dia-6\\\/\"},\"wordCount\":255,\"commentCount\":0,\"publisher\":{\"@id\":\"https:\\\/\\\/regiaonews.net.br\\\/2022\\\/#organization\"},\"image\":{\"@id\":\"https:\\\/\\\/regiaonews.net.br\\\/2022\\\/2024\\\/09\\\/03\\\/premiacao-do-12-concurso-de-redacao-sera-na-sexta-dia-6\\\/#primaryimage\"},\"thumbnailUrl\":\"https:\\\/\\\/regiaonews.net.br\\\/2022\\\/wp-content\\\/uploads\\\/2024\\\/09\\\/Imagem-do-WhatsApp-de-2024-09-03-as-12.46.48_b68f8dde.jpg\",\"articleSection\":[\"Barretos\",\"Geral\"],\"inLanguage\":\"pt-BR\",\"potentialAction\":[{\"@type\":\"CommentAction\",\"name\":\"Comment\",\"target\":[\"https:\\\/\\\/regiaonews.net.br\\\/2022\\\/2024\\\/09\\\/03\\\/premiacao-do-12-concurso-de-redacao-sera-na-sexta-dia-6\\\/#respond\"]}]},{\"@type\":\"WebPage\",\"@id\":\"https:\\\/\\\/regiaonews.net.br\\\/2022\\\/2024\\\/09\\\/03\\\/premiacao-do-12-concurso-de-redacao-sera-na-sexta-dia-6\\\/\",\"url\":\"https:\\\/\\\/regiaonews.net.br\\\/2022\\\/2024\\\/09\\\/03\\\/premiacao-do-12-concurso-de-redacao-sera-na-sexta-dia-6\\\/\",\"name\":\"Premia\u00e7\u00e3o do 12\u00b0 Concurso de Reda\u00e7\u00e3o ser\u00e1 na sexta,\u00a0dia\u00a06 - Regi\u00e3o News\",\"isPartOf\":{\"@id\":\"https:\\\/\\\/regiaonews.net.br\\\/2022\\\/#website\"},\"primaryImageOfPage\":{\"@id\":\"https:\\\/\\\/regiaonews.net.br\\\/2022\\\/2024\\\/09\\\/03\\\/premiacao-do-12-concurso-de-redacao-sera-na-sexta-dia-6\\\/#primaryimage\"},\"image\":{\"@id\":\"https:\\\/\\\/regiaonews.net.br\\\/2022\\\/2024\\\/09\\\/03\\\/premiacao-do-12-concurso-de-redacao-sera-na-sexta-dia-6\\\/#primaryimage\"},\"thumbnailUrl\":\"https:\\\/\\\/regiaonews.net.br\\\/2022\\\/wp-content\\\/uploads\\\/2024\\\/09\\\/Imagem-do-WhatsApp-de-2024-09-03-as-12.46.48_b68f8dde.jpg\",\"datePublished\":\"2024-09-03T16:43:50+00:00\",\"breadcrumb\":{\"@id\":\"https:\\\/\\\/regiaonews.net.br\\\/2022\\\/2024\\\/09\\\/03\\\/premiacao-do-12-concurso-de-redacao-sera-na-sexta-dia-6\\\/#breadcrumb\"},\"inLanguage\":\"pt-BR\",\"potentialAction\":[{\"@type\":\"ReadAction\",\"target\":[\"https:\\\/\\\/regiaonews.net.br\\\/2022\\\/2024\\\/09\\\/03\\\/premiacao-do-12-concurso-de-redacao-sera-na-sexta-dia-6\\\/\"]}]},{\"@type\":\"ImageObject\",\"inLanguage\":\"pt-BR\",\"@id\":\"https:\\\/\\\/regiaonews.net.br\\\/2022\\\/2024\\\/09\\\/03\\\/premiacao-do-12-concurso-de-redacao-sera-na-sexta-dia-6\\\/#primaryimage\",\"url\":\"https:\\\/\\\/regiaonews.net.br\\\/2022\\\/wp-content\\\/uploads\\\/2024\\\/09\\\/Imagem-do-WhatsApp-de-2024-09-03-as-12.46.48_b68f8dde.jpg\",\"contentUrl\":\"https:\\\/\\\/regiaonews.net.br\\\/2022\\\/wp-content\\\/uploads\\\/2024\\\/09\\\/Imagem-do-WhatsApp-de-2024-09-03-as-12.46.48_b68f8dde.jpg\",\"width\":768,\"height\":1365},{\"@type\":\"BreadcrumbList\",\"@id\":\"https:\\\/\\\/regiaonews.net.br\\\/2022\\\/2024\\\/09\\\/03\\\/premiacao-do-12-concurso-de-redacao-sera-na-sexta-dia-6\\\/#breadcrumb\",\"itemListElement\":[{\"@type\":\"ListItem\",\"position\":1,\"name\":\"In\u00edcio\",\"item\":\"https:\\\/\\\/regiaonews.net.br\\\/2022\\\/\"},{\"@type\":\"ListItem\",\"position\":2,\"name\":\"Premia\u00e7\u00e3o do 12\u00b0 Concurso de Reda\u00e7\u00e3o ser\u00e1 na sexta,\u00a0dia\u00a06\"}]},{\"@type\":\"WebSite\",\"@id\":\"https:\\\/\\\/regiaonews.net.br\\\/2022\\\/#website\",\"url\":\"https:\\\/\\\/regiaonews.net.br\\\/2022\\\/\",\"name\":\"Regi\u00e3o News\",\"description\":\"Site de Not\u00edcias de Barretos e regi\u00e3o\",\"publisher\":{\"@id\":\"https:\\\/\\\/regiaonews.net.br\\\/2022\\\/#organization\"},\"potentialAction\":[{\"@type\":\"SearchAction\",\"target\":{\"@type\":\"EntryPoint\",\"urlTemplate\":\"https:\\\/\\\/regiaonews.net.br\\\/2022\\\/?s={search_term_string}\"},\"query-input\":{\"@type\":\"PropertyValueSpecification\",\"valueRequired\":true,\"valueName\":\"search_term_string\"}}],\"inLanguage\":\"pt-BR\"},{\"@type\":\"Organization\",\"@id\":\"https:\\\/\\\/regiaonews.net.br\\\/2022\\\/#organization\",\"name\":\"Regi\u00e3o News\",\"url\":\"https:\\\/\\\/regiaonews.net.br\\\/2022\\\/\",\"logo\":{\"@type\":\"ImageObject\",\"inLanguage\":\"pt-BR\",\"@id\":\"https:\\\/\\\/regiaonews.net.br\\\/2022\\\/#\\\/schema\\\/logo\\\/image\\\/\",\"url\":\"https:\\\/\\\/regiaonews.net.br\\\/2022\\\/wp-content\\\/uploads\\\/2026\\\/03\\\/regiao-13-anos-scaled.jpg\",\"contentUrl\":\"https:\\\/\\\/regiaonews.net.br\\\/2022\\\/wp-content\\\/uploads\\\/2026\\\/03\\\/regiao-13-anos-scaled.jpg\",\"width\":2560,\"height\":635,\"caption\":\"Regi\u00e3o News\"},\"image\":{\"@id\":\"https:\\\/\\\/regiaonews.net.br\\\/2022\\\/#\\\/schema\\\/logo\\\/image\\\/\"}},{\"@type\":\"Person\",\"@id\":\"https:\\\/\\\/regiaonews.net.br\\\/2022\\\/#\\\/schema\\\/person\\\/2d205a608a5aa97ac279d7a5e6d89ad8\",\"name\":\"Roberto\",\"image\":{\"@type\":\"ImageObject\",\"inLanguage\":\"pt-BR\",\"@id\":\"https:\\\/\\\/secure.gravatar.com\\\/avatar\\\/42749d8b712ff9d59ca93dc150494e5b55a44134482993f5baeb97e61b7ecc89?s=96&d=mm&r=g\",\"url\":\"https:\\\/\\\/secure.gravatar.com\\\/avatar\\\/42749d8b712ff9d59ca93dc150494e5b55a44134482993f5baeb97e61b7ecc89?s=96&d=mm&r=g\",\"contentUrl\":\"https:\\\/\\\/secure.gravatar.com\\\/avatar\\\/42749d8b712ff9d59ca93dc150494e5b55a44134482993f5baeb97e61b7ecc89?s=96&d=mm&r=g\",\"caption\":\"Roberto\"},\"url\":\"https:\\\/\\\/regiaonews.net.br\\\/2022\\\/author\\\/roberto\\\/\"}]}<\/script>\n<!-- \/ Yoast SEO plugin. -->","yoast_head_json":{"title":"Premia\u00e7\u00e3o do 12\u00b0 Concurso de Reda\u00e7\u00e3o ser\u00e1 na sexta,\u00a0dia\u00a06 - Regi\u00e3o News","robots":{"index":"index","follow":"follow","max-snippet":"max-snippet:-1","max-image-preview":"max-image-preview:large","max-video-preview":"max-video-preview:-1"},"canonical":"https:\/\/regiaonews.net.br\/2022\/2024\/09\/03\/premiacao-do-12-concurso-de-redacao-sera-na-sexta-dia-6\/","og_locale":"pt_BR","og_type":"article","og_title":"Premia\u00e7\u00e3o do 12\u00b0 Concurso de Reda\u00e7\u00e3o ser\u00e1 na sexta,\u00a0dia\u00a06 - Regi\u00e3o News","og_description":"O N\u00facleo de Educa\u00e7\u00e3o em C\u00e2ncer (NEC) do Hospital de","og_url":"https:\/\/regiaonews.net.br\/2022\/2024\/09\/03\/premiacao-do-12-concurso-de-redacao-sera-na-sexta-dia-6\/","og_site_name":"Regi\u00e3o News","article_published_time":"2024-09-03T16:43:50+00:00","og_image":[{"width":768,"height":1365,"url":"https:\/\/regiaonews.net.br\/2022\/wp-content\/uploads\/2024\/09\/Imagem-do-WhatsApp-de-2024-09-03-as-12.46.48_b68f8dde.jpg","type":"image\/jpeg"}],"author":"Roberto","twitter_card":"summary_large_image","twitter_misc":{"Escrito por":"Roberto","Est. tempo de leitura":"2 minutos"},"schema":{"@context":"https:\/\/schema.org","@graph":[{"@type":"Article","@id":"https:\/\/regiaonews.net.br\/2022\/2024\/09\/03\/premiacao-do-12-concurso-de-redacao-sera-na-sexta-dia-6\/#article","isPartOf":{"@id":"https:\/\/regiaonews.net.br\/2022\/2024\/09\/03\/premiacao-do-12-concurso-de-redacao-sera-na-sexta-dia-6\/"},"author":{"name":"Roberto","@id":"https:\/\/regiaonews.net.br\/2022\/#\/schema\/person\/2d205a608a5aa97ac279d7a5e6d89ad8"},"headline":"Premia\u00e7\u00e3o do 12\u00b0 Concurso de Reda\u00e7\u00e3o ser\u00e1 na sexta,\u00a0dia\u00a06","datePublished":"2024-09-03T16:43:50+00:00","mainEntityOfPage":{"@id":"https:\/\/regiaonews.net.br\/2022\/2024\/09\/03\/premiacao-do-12-concurso-de-redacao-sera-na-sexta-dia-6\/"},"wordCount":255,"commentCount":0,"publisher":{"@id":"https:\/\/regiaonews.net.br\/2022\/#organization"},"image":{"@id":"https:\/\/regiaonews.net.br\/2022\/2024\/09\/03\/premiacao-do-12-concurso-de-redacao-sera-na-sexta-dia-6\/#primaryimage"},"thumbnailUrl":"https:\/\/regiaonews.net.br\/2022\/wp-content\/uploads\/2024\/09\/Imagem-do-WhatsApp-de-2024-09-03-as-12.46.48_b68f8dde.jpg","articleSection":["Barretos","Geral"],"inLanguage":"pt-BR","potentialAction":[{"@type":"CommentAction","name":"Comment","target":["https:\/\/regiaonews.net.br\/2022\/2024\/09\/03\/premiacao-do-12-concurso-de-redacao-sera-na-sexta-dia-6\/#respond"]}]},{"@type":"WebPage","@id":"https:\/\/regiaonews.net.br\/2022\/2024\/09\/03\/premiacao-do-12-concurso-de-redacao-sera-na-sexta-dia-6\/","url":"https:\/\/regiaonews.net.br\/2022\/2024\/09\/03\/premiacao-do-12-concurso-de-redacao-sera-na-sexta-dia-6\/","name":"Premia\u00e7\u00e3o do 12\u00b0 Concurso de Reda\u00e7\u00e3o ser\u00e1 na sexta,\u00a0dia\u00a06 - Regi\u00e3o News","isPartOf":{"@id":"https:\/\/regiaonews.net.br\/2022\/#website"},"primaryImageOfPage":{"@id":"https:\/\/regiaonews.net.br\/2022\/2024\/09\/03\/premiacao-do-12-concurso-de-redacao-sera-na-sexta-dia-6\/#primaryimage"},"image":{"@id":"https:\/\/regiaonews.net.br\/2022\/2024\/09\/03\/premiacao-do-12-concurso-de-redacao-sera-na-sexta-dia-6\/#primaryimage"},"thumbnailUrl":"https:\/\/regiaonews.net.br\/2022\/wp-content\/uploads\/2024\/09\/Imagem-do-WhatsApp-de-2024-09-03-as-12.46.48_b68f8dde.jpg","datePublished":"2024-09-03T16:43:50+00:00","breadcrumb":{"@id":"https:\/\/regiaonews.net.br\/2022\/2024\/09\/03\/premiacao-do-12-concurso-de-redacao-sera-na-sexta-dia-6\/#breadcrumb"},"inLanguage":"pt-BR","potentialAction":[{"@type":"ReadAction","target":["https:\/\/regiaonews.net.br\/2022\/2024\/09\/03\/premiacao-do-12-concurso-de-redacao-sera-na-sexta-dia-6\/"]}]},{"@type":"ImageObject","inLanguage":"pt-BR","@id":"https:\/\/regiaonews.net.br\/2022\/2024\/09\/03\/premiacao-do-12-concurso-de-redacao-sera-na-sexta-dia-6\/#primaryimage","url":"https:\/\/regiaonews.net.br\/2022\/wp-content\/uploads\/2024\/09\/Imagem-do-WhatsApp-de-2024-09-03-as-12.46.48_b68f8dde.jpg","contentUrl":"https:\/\/regiaonews.net.br\/2022\/wp-content\/uploads\/2024\/09\/Imagem-do-WhatsApp-de-2024-09-03-as-12.46.48_b68f8dde.jpg","width":768,"height":1365},{"@type":"BreadcrumbList","@id":"https:\/\/regiaonews.net.br\/2022\/2024\/09\/03\/premiacao-do-12-concurso-de-redacao-sera-na-sexta-dia-6\/#breadcrumb","itemListElement":[{"@type":"ListItem","position":1,"name":"In\u00edcio","item":"https:\/\/regiaonews.net.br\/2022\/"},{"@type":"ListItem","position":2,"name":"Premia\u00e7\u00e3o do 12\u00b0 Concurso de Reda\u00e7\u00e3o ser\u00e1 na sexta,\u00a0dia\u00a06"}]},{"@type":"WebSite","@id":"https:\/\/regiaonews.net.br\/2022\/#website","url":"https:\/\/regiaonews.net.br\/2022\/","name":"Regi\u00e3o News","description":"Site de Not\u00edcias de Barretos e regi\u00e3o","publisher":{"@id":"https:\/\/regiaonews.net.br\/2022\/#organization"},"potentialAction":[{"@type":"SearchAction","target":{"@type":"EntryPoint","urlTemplate":"https:\/\/regiaonews.net.br\/2022\/?s={search_term_string}"},"query-input":{"@type":"PropertyValueSpecification","valueRequired":true,"valueName":"search_term_string"}}],"inLanguage":"pt-BR"},{"@type":"Organization","@id":"https:\/\/regiaonews.net.br\/2022\/#organization","name":"Regi\u00e3o News","url":"https:\/\/regiaonews.net.br\/2022\/","logo":{"@type":"ImageObject","inLanguage":"pt-BR","@id":"https:\/\/regiaonews.net.br\/2022\/#\/schema\/logo\/image\/","url":"https:\/\/regiaonews.net.br\/2022\/wp-content\/uploads\/2026\/03\/regiao-13-anos-scaled.jpg","contentUrl":"https:\/\/regiaonews.net.br\/2022\/wp-content\/uploads\/2026\/03\/regiao-13-anos-scaled.jpg","width":2560,"height":635,"caption":"Regi\u00e3o News"},"image":{"@id":"https:\/\/regiaonews.net.br\/2022\/#\/schema\/logo\/image\/"}},{"@type":"Person","@id":"https:\/\/regiaonews.net.br\/2022\/#\/schema\/person\/2d205a608a5aa97ac279d7a5e6d89ad8","name":"Roberto","image":{"@type":"ImageObject","inLanguage":"pt-BR","@id":"https:\/\/secure.gravatar.com\/avatar\/42749d8b712ff9d59ca93dc150494e5b55a44134482993f5baeb97e61b7ecc89?s=96&d=mm&r=g","url":"https:\/\/secure.gravatar.com\/avatar\/42749d8b712ff9d59ca93dc150494e5b55a44134482993f5baeb97e61b7ecc89?s=96&d=mm&r=g","contentUrl":"https:\/\/secure.gravatar.com\/avatar\/42749d8b712ff9d59ca93dc150494e5b55a44134482993f5baeb97e61b7ecc89?s=96&d=mm&r=g","caption":"Roberto"},"url":"https:\/\/regiaonews.net.br\/2022\/author\/roberto\/"}]}},"publishpress_future_action":{"enabled":false,"date":"2026-05-03 03:15:46","action":"change-status","newStatus":"draft","terms":[],"taxonomy":"category","extraData":[]},"publishpress_future_workflow_manual_trigger":{"enabledWorkflows":[]},"_links":{"self":[{"href":"https:\/\/regiaonews.net.br\/2022\/wp-json\/wp\/v2\/posts\/109611","targetHints":{"allow":["GET"]}}],"collection":[{"href":"https:\/\/regiaonews.net.br\/2022\/wp-json\/wp\/v2\/posts"}],"about":[{"href":"https:\/\/regiaonews.net.br\/2022\/wp-json\/wp\/v2\/types\/post"}],"author":[{"embeddable":true,"href":"https:\/\/regiaonews.net.br\/2022\/wp-json\/wp\/v2\/users\/2"}],"replies":[{"embeddable":true,"href":"https:\/\/regiaonews.net.br\/2022\/wp-json\/wp\/v2\/comments?post=109611"}],"version-history":[{"count":1,"href":"https:\/\/regiaonews.net.br\/2022\/wp-json\/wp\/v2\/posts\/109611\/revisions"}],"predecessor-version":[{"id":109613,"href":"https:\/\/regiaonews.net.br\/2022\/wp-json\/wp\/v2\/posts\/109611\/revisions\/109613"}],"wp:featuredmedia":[{"embeddable":true,"href":"https:\/\/regiaonews.net.br\/2022\/wp-json\/wp\/v2\/media\/109612"}],"wp:attachment":[{"href":"https:\/\/regiaonews.net.br\/2022\/wp-json\/wp\/v2\/media?parent=109611"}],"wp:term":[{"taxonomy":"category","embeddable":true,"href":"https:\/\/regiaonews.net.br\/2022\/wp-json\/wp\/v2\/categories?post=109611"},{"taxonomy":"post_tag","embeddable":true,"href":"https:\/\/regiaonews.net.br\/2022\/wp-json\/wp\/v2\/tags?post=109611"}],"curies":[{"name":"wp","href":"https:\/\/api.w.org\/{rel}","templated":true}]}}