{"id":109608,"date":"2024-09-03T13:43:06","date_gmt":"2024-09-03T16:43:06","guid":{"rendered":"https:\/\/regiaonews.net.br\/2022\/?p=109608"},"modified":"2024-09-03T13:43:06","modified_gmt":"2024-09-03T16:43:06","slug":"palestra-sobre-arquitetura-equestre-e-realizada-no-unifeb-em-comemoracao-aos-170-anos-de-barretos","status":"publish","type":"post","link":"https:\/\/regiaonews.net.br\/2022\/2024\/09\/03\/palestra-sobre-arquitetura-equestre-e-realizada-no-unifeb-em-comemoracao-aos-170-anos-de-barretos\/","title":{"rendered":"Palestra sobre Arquitetura Equestre \u00e9 realizada no UNIFEB em comemora\u00e7\u00e3o aos 170 anos de Barretos"},"content":{"rendered":"<h3 style=\"text-align: center;\">Os alunos de Arquitetura e Urbanismo participaram da apresenta\u00e7\u00e3o ministrada pela arquiteta Priscila Tavares, especialista no assunto<\/h3>\n<p>Em comemora\u00e7\u00e3o aos 170 anos de Barretos, o curso de Arquitetura e Urbanismo do UNIFEB (Centro Universit\u00e1rio da Funda\u00e7\u00e3o Educacional de Barretos) promoveu no \u00faltimo dia 28 de agosto uma palestra com o tema Arquitetura Equestre, ministrada pela arquiteta Priscila Tavares, especialista no assunto.<\/p>\n<p>De acordo com a coordenadora do curso de Arquitetura e Urbanismo, Profa. Esp. Maria Clara de Oliveira Calil, a palestra abordou as diferentes tipologias de propriedades equestres, a cultura das constru\u00e7\u00f5es rurais, os principais desafios arquitet\u00f4nicos, bem como a import\u00e2ncia do arquiteto urbanista frente a este tema. \u201cA arquitetura equestre \u00e9 um fragmento das possibilidades de atua\u00e7\u00e3o do arquiteto urbanista, tema de extrema import\u00e2ncia em nossa regi\u00e3o devido \u00e0 cultura sertaneja, a tradi\u00e7\u00e3o do rodeio e as rela\u00e7\u00f5es socioecon\u00f4micas advindas da agropecu\u00e1ria. Uma particularidade deste tema \u00e9 a forte rela\u00e7\u00e3o do homem com o animal, que deve ser transmitida ao projeto de maneira que os espa\u00e7os sejam generosos tanto \u00e0s pessoas como aos cavalos, por meio, principalmente, de solu\u00e7\u00f5es de conforto ambiental, que propiciem boa ilumina\u00e7\u00e3o, ventila\u00e7\u00e3o e ergonomia\u201d, destacou.<\/p>\n<p>Em rela\u00e7\u00e3o \u00e0s \u00e1reas profissionais de atua\u00e7\u00e3o na Arquitetura Equestre, Maria Clara afirma que os conhecimentos adquiridos incentivaram os alunos a sa\u00edrem de suas zonas de conforto e se arriscarem em projetos de m\u00e9dia e grande escala, por exemplo, h\u00edpicas, haras, hot\u00e9is, ranchos e centros de tratamento. \u201cA palestrante Priscila Tavares tamb\u00e9m incentivou os alunos a buscarem seus sonhos e tra\u00e7arem seus caminhos com uma arquitetura que movimente suas almas e cora\u00e7\u00f5es. Essa atividade \u00e9 a exemplifica\u00e7\u00e3o do quanto a profiss\u00e3o do arquiteto e urbanista \u00e9 importante em todas as \u00e1reas e escalas\u201d,\u00a0finalizou.<\/p>\n<p>&nbsp;<\/p>\n","protected":false},"excerpt":{"rendered":"<p>Os alunos de Arquitetura e Urbanismo participaram da apresenta\u00e7\u00e3o ministrada<\/p>\n","protected":false},"author":2,"featured_media":109609,"comment_status":"open","ping_status":"open","sticky":false,"template":"","format":"standard","meta":{"footnotes":""},"categories":[14,3],"tags":[],"class_list":["post-109608","post","type-post","status-publish","format-standard","has-post-thumbnail","hentry","category-barretos","category-geral"],"yoast_head":"<!-- This site is optimized with the Yoast SEO plugin v27.4 - https:\/\/yoast.com\/product\/yoast-seo-wordpress\/ -->\n<title>Palestra sobre Arquitetura Equestre \u00e9 realizada no UNIFEB em comemora\u00e7\u00e3o aos 170 anos de Barretos - Regi\u00e3o News<\/title>\n<meta name=\"robots\" content=\"index, follow, max-snippet:-1, max-image-preview:large, max-video-preview:-1\" \/>\n<link rel=\"canonical\" href=\"https:\/\/regiaonews.net.br\/2022\/2024\/09\/03\/palestra-sobre-arquitetura-equestre-e-realizada-no-unifeb-em-comemoracao-aos-170-anos-de-barretos\/\" \/>\n<meta property=\"og:locale\" content=\"pt_BR\" \/>\n<meta property=\"og:type\" content=\"article\" \/>\n<meta property=\"og:title\" content=\"Palestra sobre Arquitetura Equestre \u00e9 realizada no UNIFEB em comemora\u00e7\u00e3o aos 170 anos de Barretos - Regi\u00e3o News\" \/>\n<meta property=\"og:description\" content=\"Os alunos de Arquitetura e Urbanismo participaram da apresenta\u00e7\u00e3o ministrada\" \/>\n<meta property=\"og:url\" content=\"https:\/\/regiaonews.net.br\/2022\/2024\/09\/03\/palestra-sobre-arquitetura-equestre-e-realizada-no-unifeb-em-comemoracao-aos-170-anos-de-barretos\/\" \/>\n<meta property=\"og:site_name\" content=\"Regi\u00e3o News\" \/>\n<meta property=\"article:published_time\" content=\"2024-09-03T16:43:06+00:00\" \/>\n<meta property=\"og:image\" content=\"https:\/\/regiaonews.net.br\/2022\/wp-content\/uploads\/2024\/09\/Imagem-do-WhatsApp-de-2024-09-03-as-11.29.41_b3e22dd5.jpg\" \/>\n\t<meta property=\"og:image:width\" content=\"1500\" \/>\n\t<meta property=\"og:image:height\" content=\"1000\" \/>\n\t<meta property=\"og:image:type\" content=\"image\/jpeg\" \/>\n<meta name=\"author\" content=\"Roberto\" \/>\n<meta name=\"twitter:card\" content=\"summary_large_image\" \/>\n<meta name=\"twitter:label1\" content=\"Escrito por\" \/>\n\t<meta name=\"twitter:data1\" content=\"Roberto\" \/>\n\t<meta name=\"twitter:label2\" content=\"Est. tempo de leitura\" \/>\n\t<meta name=\"twitter:data2\" content=\"2 minutos\" \/>\n<script type=\"application\/ld+json\" class=\"yoast-schema-graph\">{\"@context\":\"https:\\\/\\\/schema.org\",\"@graph\":[{\"@type\":\"Article\",\"@id\":\"https:\\\/\\\/regiaonews.net.br\\\/2022\\\/2024\\\/09\\\/03\\\/palestra-sobre-arquitetura-equestre-e-realizada-no-unifeb-em-comemoracao-aos-170-anos-de-barretos\\\/#article\",\"isPartOf\":{\"@id\":\"https:\\\/\\\/regiaonews.net.br\\\/2022\\\/2024\\\/09\\\/03\\\/palestra-sobre-arquitetura-equestre-e-realizada-no-unifeb-em-comemoracao-aos-170-anos-de-barretos\\\/\"},\"author\":{\"name\":\"Roberto\",\"@id\":\"https:\\\/\\\/regiaonews.net.br\\\/2022\\\/#\\\/schema\\\/person\\\/2d205a608a5aa97ac279d7a5e6d89ad8\"},\"headline\":\"Palestra sobre Arquitetura Equestre \u00e9 realizada no UNIFEB em comemora\u00e7\u00e3o aos 170 anos de Barretos\",\"datePublished\":\"2024-09-03T16:43:06+00:00\",\"mainEntityOfPage\":{\"@id\":\"https:\\\/\\\/regiaonews.net.br\\\/2022\\\/2024\\\/09\\\/03\\\/palestra-sobre-arquitetura-equestre-e-realizada-no-unifeb-em-comemoracao-aos-170-anos-de-barretos\\\/\"},\"wordCount\":323,\"commentCount\":0,\"publisher\":{\"@id\":\"https:\\\/\\\/regiaonews.net.br\\\/2022\\\/#organization\"},\"image\":{\"@id\":\"https:\\\/\\\/regiaonews.net.br\\\/2022\\\/2024\\\/09\\\/03\\\/palestra-sobre-arquitetura-equestre-e-realizada-no-unifeb-em-comemoracao-aos-170-anos-de-barretos\\\/#primaryimage\"},\"thumbnailUrl\":\"https:\\\/\\\/regiaonews.net.br\\\/2022\\\/wp-content\\\/uploads\\\/2024\\\/09\\\/Imagem-do-WhatsApp-de-2024-09-03-as-11.29.41_b3e22dd5.jpg\",\"articleSection\":[\"Barretos\",\"Geral\"],\"inLanguage\":\"pt-BR\",\"potentialAction\":[{\"@type\":\"CommentAction\",\"name\":\"Comment\",\"target\":[\"https:\\\/\\\/regiaonews.net.br\\\/2022\\\/2024\\\/09\\\/03\\\/palestra-sobre-arquitetura-equestre-e-realizada-no-unifeb-em-comemoracao-aos-170-anos-de-barretos\\\/#respond\"]}]},{\"@type\":\"WebPage\",\"@id\":\"https:\\\/\\\/regiaonews.net.br\\\/2022\\\/2024\\\/09\\\/03\\\/palestra-sobre-arquitetura-equestre-e-realizada-no-unifeb-em-comemoracao-aos-170-anos-de-barretos\\\/\",\"url\":\"https:\\\/\\\/regiaonews.net.br\\\/2022\\\/2024\\\/09\\\/03\\\/palestra-sobre-arquitetura-equestre-e-realizada-no-unifeb-em-comemoracao-aos-170-anos-de-barretos\\\/\",\"name\":\"Palestra sobre Arquitetura Equestre \u00e9 realizada no UNIFEB em comemora\u00e7\u00e3o aos 170 anos de Barretos - Regi\u00e3o News\",\"isPartOf\":{\"@id\":\"https:\\\/\\\/regiaonews.net.br\\\/2022\\\/#website\"},\"primaryImageOfPage\":{\"@id\":\"https:\\\/\\\/regiaonews.net.br\\\/2022\\\/2024\\\/09\\\/03\\\/palestra-sobre-arquitetura-equestre-e-realizada-no-unifeb-em-comemoracao-aos-170-anos-de-barretos\\\/#primaryimage\"},\"image\":{\"@id\":\"https:\\\/\\\/regiaonews.net.br\\\/2022\\\/2024\\\/09\\\/03\\\/palestra-sobre-arquitetura-equestre-e-realizada-no-unifeb-em-comemoracao-aos-170-anos-de-barretos\\\/#primaryimage\"},\"thumbnailUrl\":\"https:\\\/\\\/regiaonews.net.br\\\/2022\\\/wp-content\\\/uploads\\\/2024\\\/09\\\/Imagem-do-WhatsApp-de-2024-09-03-as-11.29.41_b3e22dd5.jpg\",\"datePublished\":\"2024-09-03T16:43:06+00:00\",\"breadcrumb\":{\"@id\":\"https:\\\/\\\/regiaonews.net.br\\\/2022\\\/2024\\\/09\\\/03\\\/palestra-sobre-arquitetura-equestre-e-realizada-no-unifeb-em-comemoracao-aos-170-anos-de-barretos\\\/#breadcrumb\"},\"inLanguage\":\"pt-BR\",\"potentialAction\":[{\"@type\":\"ReadAction\",\"target\":[\"https:\\\/\\\/regiaonews.net.br\\\/2022\\\/2024\\\/09\\\/03\\\/palestra-sobre-arquitetura-equestre-e-realizada-no-unifeb-em-comemoracao-aos-170-anos-de-barretos\\\/\"]}]},{\"@type\":\"ImageObject\",\"inLanguage\":\"pt-BR\",\"@id\":\"https:\\\/\\\/regiaonews.net.br\\\/2022\\\/2024\\\/09\\\/03\\\/palestra-sobre-arquitetura-equestre-e-realizada-no-unifeb-em-comemoracao-aos-170-anos-de-barretos\\\/#primaryimage\",\"url\":\"https:\\\/\\\/regiaonews.net.br\\\/2022\\\/wp-content\\\/uploads\\\/2024\\\/09\\\/Imagem-do-WhatsApp-de-2024-09-03-as-11.29.41_b3e22dd5.jpg\",\"contentUrl\":\"https:\\\/\\\/regiaonews.net.br\\\/2022\\\/wp-content\\\/uploads\\\/2024\\\/09\\\/Imagem-do-WhatsApp-de-2024-09-03-as-11.29.41_b3e22dd5.jpg\",\"width\":1500,\"height\":1000},{\"@type\":\"BreadcrumbList\",\"@id\":\"https:\\\/\\\/regiaonews.net.br\\\/2022\\\/2024\\\/09\\\/03\\\/palestra-sobre-arquitetura-equestre-e-realizada-no-unifeb-em-comemoracao-aos-170-anos-de-barretos\\\/#breadcrumb\",\"itemListElement\":[{\"@type\":\"ListItem\",\"position\":1,\"name\":\"In\u00edcio\",\"item\":\"https:\\\/\\\/regiaonews.net.br\\\/2022\\\/\"},{\"@type\":\"ListItem\",\"position\":2,\"name\":\"Palestra sobre Arquitetura Equestre \u00e9 realizada no UNIFEB em comemora\u00e7\u00e3o aos 170 anos de Barretos\"}]},{\"@type\":\"WebSite\",\"@id\":\"https:\\\/\\\/regiaonews.net.br\\\/2022\\\/#website\",\"url\":\"https:\\\/\\\/regiaonews.net.br\\\/2022\\\/\",\"name\":\"Regi\u00e3o News\",\"description\":\"Site de Not\u00edcias de Barretos e regi\u00e3o\",\"publisher\":{\"@id\":\"https:\\\/\\\/regiaonews.net.br\\\/2022\\\/#organization\"},\"potentialAction\":[{\"@type\":\"SearchAction\",\"target\":{\"@type\":\"EntryPoint\",\"urlTemplate\":\"https:\\\/\\\/regiaonews.net.br\\\/2022\\\/?s={search_term_string}\"},\"query-input\":{\"@type\":\"PropertyValueSpecification\",\"valueRequired\":true,\"valueName\":\"search_term_string\"}}],\"inLanguage\":\"pt-BR\"},{\"@type\":\"Organization\",\"@id\":\"https:\\\/\\\/regiaonews.net.br\\\/2022\\\/#organization\",\"name\":\"Regi\u00e3o News\",\"url\":\"https:\\\/\\\/regiaonews.net.br\\\/2022\\\/\",\"logo\":{\"@type\":\"ImageObject\",\"inLanguage\":\"pt-BR\",\"@id\":\"https:\\\/\\\/regiaonews.net.br\\\/2022\\\/#\\\/schema\\\/logo\\\/image\\\/\",\"url\":\"https:\\\/\\\/regiaonews.net.br\\\/2022\\\/wp-content\\\/uploads\\\/2026\\\/03\\\/regiao-13-anos-scaled.jpg\",\"contentUrl\":\"https:\\\/\\\/regiaonews.net.br\\\/2022\\\/wp-content\\\/uploads\\\/2026\\\/03\\\/regiao-13-anos-scaled.jpg\",\"width\":2560,\"height\":635,\"caption\":\"Regi\u00e3o News\"},\"image\":{\"@id\":\"https:\\\/\\\/regiaonews.net.br\\\/2022\\\/#\\\/schema\\\/logo\\\/image\\\/\"}},{\"@type\":\"Person\",\"@id\":\"https:\\\/\\\/regiaonews.net.br\\\/2022\\\/#\\\/schema\\\/person\\\/2d205a608a5aa97ac279d7a5e6d89ad8\",\"name\":\"Roberto\",\"image\":{\"@type\":\"ImageObject\",\"inLanguage\":\"pt-BR\",\"@id\":\"https:\\\/\\\/secure.gravatar.com\\\/avatar\\\/42749d8b712ff9d59ca93dc150494e5b55a44134482993f5baeb97e61b7ecc89?s=96&d=mm&r=g\",\"url\":\"https:\\\/\\\/secure.gravatar.com\\\/avatar\\\/42749d8b712ff9d59ca93dc150494e5b55a44134482993f5baeb97e61b7ecc89?s=96&d=mm&r=g\",\"contentUrl\":\"https:\\\/\\\/secure.gravatar.com\\\/avatar\\\/42749d8b712ff9d59ca93dc150494e5b55a44134482993f5baeb97e61b7ecc89?s=96&d=mm&r=g\",\"caption\":\"Roberto\"},\"url\":\"https:\\\/\\\/regiaonews.net.br\\\/2022\\\/author\\\/roberto\\\/\"}]}<\/script>\n<!-- \/ Yoast SEO plugin. -->","yoast_head_json":{"title":"Palestra sobre Arquitetura Equestre \u00e9 realizada no UNIFEB em comemora\u00e7\u00e3o aos 170 anos de Barretos - Regi\u00e3o News","robots":{"index":"index","follow":"follow","max-snippet":"max-snippet:-1","max-image-preview":"max-image-preview:large","max-video-preview":"max-video-preview:-1"},"canonical":"https:\/\/regiaonews.net.br\/2022\/2024\/09\/03\/palestra-sobre-arquitetura-equestre-e-realizada-no-unifeb-em-comemoracao-aos-170-anos-de-barretos\/","og_locale":"pt_BR","og_type":"article","og_title":"Palestra sobre Arquitetura Equestre \u00e9 realizada no UNIFEB em comemora\u00e7\u00e3o aos 170 anos de Barretos - Regi\u00e3o News","og_description":"Os alunos de Arquitetura e Urbanismo participaram da apresenta\u00e7\u00e3o ministrada","og_url":"https:\/\/regiaonews.net.br\/2022\/2024\/09\/03\/palestra-sobre-arquitetura-equestre-e-realizada-no-unifeb-em-comemoracao-aos-170-anos-de-barretos\/","og_site_name":"Regi\u00e3o News","article_published_time":"2024-09-03T16:43:06+00:00","og_image":[{"width":1500,"height":1000,"url":"https:\/\/regiaonews.net.br\/2022\/wp-content\/uploads\/2024\/09\/Imagem-do-WhatsApp-de-2024-09-03-as-11.29.41_b3e22dd5.jpg","type":"image\/jpeg"}],"author":"Roberto","twitter_card":"summary_large_image","twitter_misc":{"Escrito por":"Roberto","Est. tempo de leitura":"2 minutos"},"schema":{"@context":"https:\/\/schema.org","@graph":[{"@type":"Article","@id":"https:\/\/regiaonews.net.br\/2022\/2024\/09\/03\/palestra-sobre-arquitetura-equestre-e-realizada-no-unifeb-em-comemoracao-aos-170-anos-de-barretos\/#article","isPartOf":{"@id":"https:\/\/regiaonews.net.br\/2022\/2024\/09\/03\/palestra-sobre-arquitetura-equestre-e-realizada-no-unifeb-em-comemoracao-aos-170-anos-de-barretos\/"},"author":{"name":"Roberto","@id":"https:\/\/regiaonews.net.br\/2022\/#\/schema\/person\/2d205a608a5aa97ac279d7a5e6d89ad8"},"headline":"Palestra sobre Arquitetura Equestre \u00e9 realizada no UNIFEB em comemora\u00e7\u00e3o aos 170 anos de Barretos","datePublished":"2024-09-03T16:43:06+00:00","mainEntityOfPage":{"@id":"https:\/\/regiaonews.net.br\/2022\/2024\/09\/03\/palestra-sobre-arquitetura-equestre-e-realizada-no-unifeb-em-comemoracao-aos-170-anos-de-barretos\/"},"wordCount":323,"commentCount":0,"publisher":{"@id":"https:\/\/regiaonews.net.br\/2022\/#organization"},"image":{"@id":"https:\/\/regiaonews.net.br\/2022\/2024\/09\/03\/palestra-sobre-arquitetura-equestre-e-realizada-no-unifeb-em-comemoracao-aos-170-anos-de-barretos\/#primaryimage"},"thumbnailUrl":"https:\/\/regiaonews.net.br\/2022\/wp-content\/uploads\/2024\/09\/Imagem-do-WhatsApp-de-2024-09-03-as-11.29.41_b3e22dd5.jpg","articleSection":["Barretos","Geral"],"inLanguage":"pt-BR","potentialAction":[{"@type":"CommentAction","name":"Comment","target":["https:\/\/regiaonews.net.br\/2022\/2024\/09\/03\/palestra-sobre-arquitetura-equestre-e-realizada-no-unifeb-em-comemoracao-aos-170-anos-de-barretos\/#respond"]}]},{"@type":"WebPage","@id":"https:\/\/regiaonews.net.br\/2022\/2024\/09\/03\/palestra-sobre-arquitetura-equestre-e-realizada-no-unifeb-em-comemoracao-aos-170-anos-de-barretos\/","url":"https:\/\/regiaonews.net.br\/2022\/2024\/09\/03\/palestra-sobre-arquitetura-equestre-e-realizada-no-unifeb-em-comemoracao-aos-170-anos-de-barretos\/","name":"Palestra sobre Arquitetura Equestre \u00e9 realizada no UNIFEB em comemora\u00e7\u00e3o aos 170 anos de Barretos - Regi\u00e3o News","isPartOf":{"@id":"https:\/\/regiaonews.net.br\/2022\/#website"},"primaryImageOfPage":{"@id":"https:\/\/regiaonews.net.br\/2022\/2024\/09\/03\/palestra-sobre-arquitetura-equestre-e-realizada-no-unifeb-em-comemoracao-aos-170-anos-de-barretos\/#primaryimage"},"image":{"@id":"https:\/\/regiaonews.net.br\/2022\/2024\/09\/03\/palestra-sobre-arquitetura-equestre-e-realizada-no-unifeb-em-comemoracao-aos-170-anos-de-barretos\/#primaryimage"},"thumbnailUrl":"https:\/\/regiaonews.net.br\/2022\/wp-content\/uploads\/2024\/09\/Imagem-do-WhatsApp-de-2024-09-03-as-11.29.41_b3e22dd5.jpg","datePublished":"2024-09-03T16:43:06+00:00","breadcrumb":{"@id":"https:\/\/regiaonews.net.br\/2022\/2024\/09\/03\/palestra-sobre-arquitetura-equestre-e-realizada-no-unifeb-em-comemoracao-aos-170-anos-de-barretos\/#breadcrumb"},"inLanguage":"pt-BR","potentialAction":[{"@type":"ReadAction","target":["https:\/\/regiaonews.net.br\/2022\/2024\/09\/03\/palestra-sobre-arquitetura-equestre-e-realizada-no-unifeb-em-comemoracao-aos-170-anos-de-barretos\/"]}]},{"@type":"ImageObject","inLanguage":"pt-BR","@id":"https:\/\/regiaonews.net.br\/2022\/2024\/09\/03\/palestra-sobre-arquitetura-equestre-e-realizada-no-unifeb-em-comemoracao-aos-170-anos-de-barretos\/#primaryimage","url":"https:\/\/regiaonews.net.br\/2022\/wp-content\/uploads\/2024\/09\/Imagem-do-WhatsApp-de-2024-09-03-as-11.29.41_b3e22dd5.jpg","contentUrl":"https:\/\/regiaonews.net.br\/2022\/wp-content\/uploads\/2024\/09\/Imagem-do-WhatsApp-de-2024-09-03-as-11.29.41_b3e22dd5.jpg","width":1500,"height":1000},{"@type":"BreadcrumbList","@id":"https:\/\/regiaonews.net.br\/2022\/2024\/09\/03\/palestra-sobre-arquitetura-equestre-e-realizada-no-unifeb-em-comemoracao-aos-170-anos-de-barretos\/#breadcrumb","itemListElement":[{"@type":"ListItem","position":1,"name":"In\u00edcio","item":"https:\/\/regiaonews.net.br\/2022\/"},{"@type":"ListItem","position":2,"name":"Palestra sobre Arquitetura Equestre \u00e9 realizada no UNIFEB em comemora\u00e7\u00e3o aos 170 anos de Barretos"}]},{"@type":"WebSite","@id":"https:\/\/regiaonews.net.br\/2022\/#website","url":"https:\/\/regiaonews.net.br\/2022\/","name":"Regi\u00e3o News","description":"Site de Not\u00edcias de Barretos e regi\u00e3o","publisher":{"@id":"https:\/\/regiaonews.net.br\/2022\/#organization"},"potentialAction":[{"@type":"SearchAction","target":{"@type":"EntryPoint","urlTemplate":"https:\/\/regiaonews.net.br\/2022\/?s={search_term_string}"},"query-input":{"@type":"PropertyValueSpecification","valueRequired":true,"valueName":"search_term_string"}}],"inLanguage":"pt-BR"},{"@type":"Organization","@id":"https:\/\/regiaonews.net.br\/2022\/#organization","name":"Regi\u00e3o News","url":"https:\/\/regiaonews.net.br\/2022\/","logo":{"@type":"ImageObject","inLanguage":"pt-BR","@id":"https:\/\/regiaonews.net.br\/2022\/#\/schema\/logo\/image\/","url":"https:\/\/regiaonews.net.br\/2022\/wp-content\/uploads\/2026\/03\/regiao-13-anos-scaled.jpg","contentUrl":"https:\/\/regiaonews.net.br\/2022\/wp-content\/uploads\/2026\/03\/regiao-13-anos-scaled.jpg","width":2560,"height":635,"caption":"Regi\u00e3o News"},"image":{"@id":"https:\/\/regiaonews.net.br\/2022\/#\/schema\/logo\/image\/"}},{"@type":"Person","@id":"https:\/\/regiaonews.net.br\/2022\/#\/schema\/person\/2d205a608a5aa97ac279d7a5e6d89ad8","name":"Roberto","image":{"@type":"ImageObject","inLanguage":"pt-BR","@id":"https:\/\/secure.gravatar.com\/avatar\/42749d8b712ff9d59ca93dc150494e5b55a44134482993f5baeb97e61b7ecc89?s=96&d=mm&r=g","url":"https:\/\/secure.gravatar.com\/avatar\/42749d8b712ff9d59ca93dc150494e5b55a44134482993f5baeb97e61b7ecc89?s=96&d=mm&r=g","contentUrl":"https:\/\/secure.gravatar.com\/avatar\/42749d8b712ff9d59ca93dc150494e5b55a44134482993f5baeb97e61b7ecc89?s=96&d=mm&r=g","caption":"Roberto"},"url":"https:\/\/regiaonews.net.br\/2022\/author\/roberto\/"}]}},"publishpress_future_action":{"enabled":false,"date":"2026-05-03 01:45:20","action":"change-status","newStatus":"draft","terms":[],"taxonomy":"category","extraData":[]},"publishpress_future_workflow_manual_trigger":{"enabledWorkflows":[]},"_links":{"self":[{"href":"https:\/\/regiaonews.net.br\/2022\/wp-json\/wp\/v2\/posts\/109608","targetHints":{"allow":["GET"]}}],"collection":[{"href":"https:\/\/regiaonews.net.br\/2022\/wp-json\/wp\/v2\/posts"}],"about":[{"href":"https:\/\/regiaonews.net.br\/2022\/wp-json\/wp\/v2\/types\/post"}],"author":[{"embeddable":true,"href":"https:\/\/regiaonews.net.br\/2022\/wp-json\/wp\/v2\/users\/2"}],"replies":[{"embeddable":true,"href":"https:\/\/regiaonews.net.br\/2022\/wp-json\/wp\/v2\/comments?post=109608"}],"version-history":[{"count":1,"href":"https:\/\/regiaonews.net.br\/2022\/wp-json\/wp\/v2\/posts\/109608\/revisions"}],"predecessor-version":[{"id":109610,"href":"https:\/\/regiaonews.net.br\/2022\/wp-json\/wp\/v2\/posts\/109608\/revisions\/109610"}],"wp:featuredmedia":[{"embeddable":true,"href":"https:\/\/regiaonews.net.br\/2022\/wp-json\/wp\/v2\/media\/109609"}],"wp:attachment":[{"href":"https:\/\/regiaonews.net.br\/2022\/wp-json\/wp\/v2\/media?parent=109608"}],"wp:term":[{"taxonomy":"category","embeddable":true,"href":"https:\/\/regiaonews.net.br\/2022\/wp-json\/wp\/v2\/categories?post=109608"},{"taxonomy":"post_tag","embeddable":true,"href":"https:\/\/regiaonews.net.br\/2022\/wp-json\/wp\/v2\/tags?post=109608"}],"curies":[{"name":"wp","href":"https:\/\/api.w.org\/{rel}","templated":true}]}}