{"id":109519,"date":"2024-08-31T21:10:08","date_gmt":"2024-09-01T00:10:08","guid":{"rendered":"https:\/\/regiaonews.net.br\/2022\/?p=109519"},"modified":"2024-08-31T21:10:08","modified_gmt":"2024-09-01T00:10:08","slug":"ouro-de-fernanda-yara-encabeca-dia-de-conquistas-do-atletismo","status":"publish","type":"post","link":"https:\/\/regiaonews.net.br\/2022\/2024\/08\/31\/ouro-de-fernanda-yara-encabeca-dia-de-conquistas-do-atletismo\/","title":{"rendered":"Ouro de Fernanda Yara encabe\u00e7a dia de conquistas do atletismo"},"content":{"rendered":"<div class=\"col-lg-12 mb-3\">\n<div class=\"row\">\n<h1 class=\"col-10 offset-1 animated fadeInDown dealy-750 display-6 display-md-4 display-lg-5 font-weight-bold alt-font text-center my-1\"><\/h1>\n<\/div>\n<\/div>\n<div class=\"col-xl-7 offset-xl-1 col-lg-8 offset-lg-0 col-md-10 offset-md-1 mb-3\">\n<div class=\"post-item alt-font\">\n<div class=\"post-item-wrap\">\n<p>O curr\u00edculo do atletismo mostra que o esporte \u00e9 o que mais trouxe medalhas para o Brasil na hist\u00f3ria dos Jogos Paral\u00edmpicos. Neste s\u00e1bado (31), os atletas da modalidade fizeram jus \u00e0 fama e, de uma tacada s\u00f3, acrescentaram mais cinco a essa conta, chegando a um total de 180.<img decoding=\"async\" src=\"https:\/\/agenciabrasil.ebc.com.br\/ebc.png?id=1610268&amp;o=node\" \/><img decoding=\"async\" src=\"https:\/\/agenciabrasil.ebc.com.br\/ebc.gif?id=1610268&amp;o=node\" \/><\/p>\n<p>O destaque no segundo dia de competi\u00e7\u00f5es de atletismo foi a prova dos 400 metros classe T47, para atletas com defici\u00eancia nos membros superiores. A paraense Fernanda Yara foi a grande vencedora, com o tempo de 56s74 e para completar a potiguar Maria Clara Augusto ficou com o bronze, registrando 57s20.<\/p>\n<p>Fernanda Yara, de 38 anos, tem uma trajet\u00f3ria peculiar dentro dos Jogos Paral\u00edmpicos. Esta \u00e9 a terceira participa\u00e7\u00e3o dela na carreira, por\u00e9m com um longo hiato de 13 anos entre e a primeira e a segunda &#8211; Pequim 2008 e T\u00f3quio, em 2021. Ela vem de um bicampeonato mundial nesta mesma prova, na mesma Paris, em 2023 e em Kobe, no Jap\u00e3o, neste ano.<\/p>\n<p>Fernanda tem uma m\u00e1-forma\u00e7\u00e3o cong\u00eanita no bra\u00e7o esquerdo, logo abaixo do cotovelo.\u00a0J\u00e1 Maria Clara, que tem uma defici\u00eancia muito semelhante, tem apenas 20 anos e participa dos Jogos Paral\u00edmpicos pela primeira vez.\u00a0Tanto Fernanda quanto Maria Clara conquistaram um in\u00e9dito p\u00f3dio paral\u00edmpico.<\/p>\n<p>Mais cedo, na final dos 400 metros rasos femininos classe T11 (atletas cegos), Thalita Simpl\u00edcio chegou \u00e0 quinta medalha paral\u00edmpica da carreira ao conquistar a prata, com o tempo de 57s21.<\/p>\n<p>Na final dos 100 metros rasos T12 (atletas com baixa vis\u00e3o), Joeferson Marinho ficou com o bronze com o tempo de 10s84. O atleta de 25 anos conquistou a primeira medalha paral\u00edmpica de sua carreira.<\/p>\n<p>Para fechar a tarde\/noite vencedora do Brasil em Paris, a prova mais longa terminou com o bronze de C\u00edcero Nobre no lan\u00e7amento de dardos classe F57 (atletas competem sentados). Ele registrou 49,46m. Nobre j\u00e1 havia conquistado o mesmo resultado nesta prova em T\u00f3quio.<\/p>\n<h2>Nata\u00e7\u00e3o<\/h2>\n<p>Logo depois do atletismo, a nata\u00e7\u00e3o \u00e9 a maior fonte de medalhas para o Brasil nos Jogos. Depois dos ouros de Carol Santiago e Gabriel Ara\u00fajo, quem fechou o s\u00e1bado com chave de ouro &#8211; ou prata &#8211; para o pa\u00eds foi Wendell Belarmino.<\/p>\n<div class=\"dnd-widget-wrapper context-medio_4colunas type-image atom-align-right\">\n<div class=\"dnd-atom-rendered\">\n<div class=\"shadow overflow-hidden rounded-lg d-block w-100\"><img decoding=\"async\" class=\"flex-fill img-cover\" title=\"Foto Silvio \u00c1vila\/CPB\" src=\"https:\/\/imagens.ebc.com.br\/I4WayVoh_cxXUSiZ8b_cZwdQc5c=\/365x0\/smart\/https:\/\/agenciabrasil.ebc.com.br\/sites\/default\/files\/thumbnails\/image\/2024\/08\/31\/whatsapp_image_2024-08-31_at_16.39.10-1.jpg?itok=yA-gT4tF\" alt=\"paris-Fran\u00e7a 31\/08\/2024 Wendell Belarmino. O nadador brasiliense ficou em segundo lugar na prova dos 50 metros livre classe S11. Foto Silvio \u00c1vila\/CPB\" \/><\/div>\n<\/div>\n<div class=\"dnd-caption-wrapper\">\n<div class=\"meta\">Wendell Belarmino ficou em segundo lugar na prova dos 50 metros livre classe S11. Foto Silvio \u00c1vila\/CPB<\/div>\n<\/div>\n<\/div>\n<p>O nadador brasiliense ficou em segundo lugar na prova dos 50 metros livre classe S11, para atletas com defici\u00eancia visual. Belarmino &#8211; que j\u00e1 tinha tr\u00eas medalhas no curr\u00edculo, todas conquistadas em T\u00f3quio &#8211; fez exatamente o mesmo tempo que o chin\u00eas Dongdong Hua (26s11).<\/p>\n<p>Ambos levaram a prata porque o japon\u00eas Keiichi Kimura foi o medalhista de ouro, com o tempo de 25s98. Na mesma prova, outro brasileiro, Matheus Rheine, terminou em oitavo.<\/p>\n<p>Alavancado pelos bons resultados do atletismo e da nata\u00e7\u00e3o, o Brasil terminou o terceiro dia de competi\u00e7\u00f5es em terceiro lugar no quadro de medalhas, com 23 p\u00f3dios, sendo oito medalhas de ouro, tr\u00eas de prata e doze de bronze. Apenas China e Gr\u00e3 Bretanha est\u00e3o \u00e0 frente.<\/p>\n<p>Fonte &#8211; Ag\u00eancia Brasil<\/p>\n<\/div>\n<\/div>\n<\/div>\n","protected":false},"excerpt":{"rendered":"<p>O curr\u00edculo do atletismo mostra que o esporte \u00e9 o<\/p>\n","protected":false},"author":2,"featured_media":109520,"comment_status":"open","ping_status":"open","sticky":false,"template":"","format":"standard","meta":{"footnotes":""},"categories":[21,135],"tags":[],"class_list":["post-109519","post","type-post","status-publish","format-standard","has-post-thumbnail","hentry","category-esporte","category-jogos-paraolimpicos"],"yoast_head":"<!-- This site is optimized with the Yoast SEO plugin v27.4 - https:\/\/yoast.com\/product\/yoast-seo-wordpress\/ -->\n<title>Ouro de Fernanda Yara encabe\u00e7a dia de conquistas do atletismo - Regi\u00e3o News<\/title>\n<meta name=\"robots\" content=\"index, follow, max-snippet:-1, max-image-preview:large, max-video-preview:-1\" \/>\n<link rel=\"canonical\" href=\"https:\/\/regiaonews.net.br\/2022\/2024\/08\/31\/ouro-de-fernanda-yara-encabeca-dia-de-conquistas-do-atletismo\/\" \/>\n<meta property=\"og:locale\" content=\"pt_BR\" \/>\n<meta property=\"og:type\" content=\"article\" \/>\n<meta property=\"og:title\" content=\"Ouro de Fernanda Yara encabe\u00e7a dia de conquistas do atletismo - Regi\u00e3o News\" \/>\n<meta property=\"og:description\" content=\"O curr\u00edculo do atletismo mostra que o esporte \u00e9 o\" \/>\n<meta property=\"og:url\" content=\"https:\/\/regiaonews.net.br\/2022\/2024\/08\/31\/ouro-de-fernanda-yara-encabeca-dia-de-conquistas-do-atletismo\/\" \/>\n<meta property=\"og:site_name\" content=\"Regi\u00e3o News\" \/>\n<meta property=\"article:published_time\" content=\"2024-09-01T00:10:08+00:00\" \/>\n<meta property=\"og:image\" content=\"https:\/\/regiaonews.net.br\/2022\/wp-content\/uploads\/2024\/08\/whatsapp_image_2024-08-31_at_16.44.36_1-1.webp\" \/>\n\t<meta property=\"og:image:width\" content=\"1170\" \/>\n\t<meta property=\"og:image:height\" content=\"700\" \/>\n\t<meta property=\"og:image:type\" content=\"image\/webp\" \/>\n<meta name=\"author\" content=\"Roberto\" \/>\n<meta name=\"twitter:card\" content=\"summary_large_image\" \/>\n<meta name=\"twitter:label1\" content=\"Escrito por\" \/>\n\t<meta name=\"twitter:data1\" content=\"Roberto\" \/>\n\t<meta name=\"twitter:label2\" content=\"Est. tempo de leitura\" \/>\n\t<meta name=\"twitter:data2\" content=\"4 minutos\" \/>\n<script type=\"application\/ld+json\" class=\"yoast-schema-graph\">{\"@context\":\"https:\\\/\\\/schema.org\",\"@graph\":[{\"@type\":\"Article\",\"@id\":\"https:\\\/\\\/regiaonews.net.br\\\/2022\\\/2024\\\/08\\\/31\\\/ouro-de-fernanda-yara-encabeca-dia-de-conquistas-do-atletismo\\\/#article\",\"isPartOf\":{\"@id\":\"https:\\\/\\\/regiaonews.net.br\\\/2022\\\/2024\\\/08\\\/31\\\/ouro-de-fernanda-yara-encabeca-dia-de-conquistas-do-atletismo\\\/\"},\"author\":{\"name\":\"Roberto\",\"@id\":\"https:\\\/\\\/regiaonews.net.br\\\/2022\\\/#\\\/schema\\\/person\\\/2d205a608a5aa97ac279d7a5e6d89ad8\"},\"headline\":\"Ouro de Fernanda Yara encabe\u00e7a dia de conquistas do atletismo\",\"datePublished\":\"2024-09-01T00:10:08+00:00\",\"mainEntityOfPage\":{\"@id\":\"https:\\\/\\\/regiaonews.net.br\\\/2022\\\/2024\\\/08\\\/31\\\/ouro-de-fernanda-yara-encabeca-dia-de-conquistas-do-atletismo\\\/\"},\"wordCount\":541,\"commentCount\":0,\"publisher\":{\"@id\":\"https:\\\/\\\/regiaonews.net.br\\\/2022\\\/#organization\"},\"image\":{\"@id\":\"https:\\\/\\\/regiaonews.net.br\\\/2022\\\/2024\\\/08\\\/31\\\/ouro-de-fernanda-yara-encabeca-dia-de-conquistas-do-atletismo\\\/#primaryimage\"},\"thumbnailUrl\":\"https:\\\/\\\/regiaonews.net.br\\\/2022\\\/wp-content\\\/uploads\\\/2024\\\/08\\\/whatsapp_image_2024-08-31_at_16.44.36_1-1.webp\",\"articleSection\":[\"Esporte\",\"Jogos Paraol\u00edmpicos\"],\"inLanguage\":\"pt-BR\",\"potentialAction\":[{\"@type\":\"CommentAction\",\"name\":\"Comment\",\"target\":[\"https:\\\/\\\/regiaonews.net.br\\\/2022\\\/2024\\\/08\\\/31\\\/ouro-de-fernanda-yara-encabeca-dia-de-conquistas-do-atletismo\\\/#respond\"]}]},{\"@type\":\"WebPage\",\"@id\":\"https:\\\/\\\/regiaonews.net.br\\\/2022\\\/2024\\\/08\\\/31\\\/ouro-de-fernanda-yara-encabeca-dia-de-conquistas-do-atletismo\\\/\",\"url\":\"https:\\\/\\\/regiaonews.net.br\\\/2022\\\/2024\\\/08\\\/31\\\/ouro-de-fernanda-yara-encabeca-dia-de-conquistas-do-atletismo\\\/\",\"name\":\"Ouro de Fernanda Yara encabe\u00e7a dia de conquistas do atletismo - Regi\u00e3o News\",\"isPartOf\":{\"@id\":\"https:\\\/\\\/regiaonews.net.br\\\/2022\\\/#website\"},\"primaryImageOfPage\":{\"@id\":\"https:\\\/\\\/regiaonews.net.br\\\/2022\\\/2024\\\/08\\\/31\\\/ouro-de-fernanda-yara-encabeca-dia-de-conquistas-do-atletismo\\\/#primaryimage\"},\"image\":{\"@id\":\"https:\\\/\\\/regiaonews.net.br\\\/2022\\\/2024\\\/08\\\/31\\\/ouro-de-fernanda-yara-encabeca-dia-de-conquistas-do-atletismo\\\/#primaryimage\"},\"thumbnailUrl\":\"https:\\\/\\\/regiaonews.net.br\\\/2022\\\/wp-content\\\/uploads\\\/2024\\\/08\\\/whatsapp_image_2024-08-31_at_16.44.36_1-1.webp\",\"datePublished\":\"2024-09-01T00:10:08+00:00\",\"breadcrumb\":{\"@id\":\"https:\\\/\\\/regiaonews.net.br\\\/2022\\\/2024\\\/08\\\/31\\\/ouro-de-fernanda-yara-encabeca-dia-de-conquistas-do-atletismo\\\/#breadcrumb\"},\"inLanguage\":\"pt-BR\",\"potentialAction\":[{\"@type\":\"ReadAction\",\"target\":[\"https:\\\/\\\/regiaonews.net.br\\\/2022\\\/2024\\\/08\\\/31\\\/ouro-de-fernanda-yara-encabeca-dia-de-conquistas-do-atletismo\\\/\"]}]},{\"@type\":\"ImageObject\",\"inLanguage\":\"pt-BR\",\"@id\":\"https:\\\/\\\/regiaonews.net.br\\\/2022\\\/2024\\\/08\\\/31\\\/ouro-de-fernanda-yara-encabeca-dia-de-conquistas-do-atletismo\\\/#primaryimage\",\"url\":\"https:\\\/\\\/regiaonews.net.br\\\/2022\\\/wp-content\\\/uploads\\\/2024\\\/08\\\/whatsapp_image_2024-08-31_at_16.44.36_1-1.webp\",\"contentUrl\":\"https:\\\/\\\/regiaonews.net.br\\\/2022\\\/wp-content\\\/uploads\\\/2024\\\/08\\\/whatsapp_image_2024-08-31_at_16.44.36_1-1.webp\",\"width\":1170,\"height\":700},{\"@type\":\"BreadcrumbList\",\"@id\":\"https:\\\/\\\/regiaonews.net.br\\\/2022\\\/2024\\\/08\\\/31\\\/ouro-de-fernanda-yara-encabeca-dia-de-conquistas-do-atletismo\\\/#breadcrumb\",\"itemListElement\":[{\"@type\":\"ListItem\",\"position\":1,\"name\":\"In\u00edcio\",\"item\":\"https:\\\/\\\/regiaonews.net.br\\\/2022\\\/\"},{\"@type\":\"ListItem\",\"position\":2,\"name\":\"Ouro de Fernanda Yara encabe\u00e7a dia de conquistas do atletismo\"}]},{\"@type\":\"WebSite\",\"@id\":\"https:\\\/\\\/regiaonews.net.br\\\/2022\\\/#website\",\"url\":\"https:\\\/\\\/regiaonews.net.br\\\/2022\\\/\",\"name\":\"Regi\u00e3o News\",\"description\":\"Site de Not\u00edcias de Barretos e regi\u00e3o\",\"publisher\":{\"@id\":\"https:\\\/\\\/regiaonews.net.br\\\/2022\\\/#organization\"},\"potentialAction\":[{\"@type\":\"SearchAction\",\"target\":{\"@type\":\"EntryPoint\",\"urlTemplate\":\"https:\\\/\\\/regiaonews.net.br\\\/2022\\\/?s={search_term_string}\"},\"query-input\":{\"@type\":\"PropertyValueSpecification\",\"valueRequired\":true,\"valueName\":\"search_term_string\"}}],\"inLanguage\":\"pt-BR\"},{\"@type\":\"Organization\",\"@id\":\"https:\\\/\\\/regiaonews.net.br\\\/2022\\\/#organization\",\"name\":\"Regi\u00e3o News\",\"url\":\"https:\\\/\\\/regiaonews.net.br\\\/2022\\\/\",\"logo\":{\"@type\":\"ImageObject\",\"inLanguage\":\"pt-BR\",\"@id\":\"https:\\\/\\\/regiaonews.net.br\\\/2022\\\/#\\\/schema\\\/logo\\\/image\\\/\",\"url\":\"https:\\\/\\\/regiaonews.net.br\\\/2022\\\/wp-content\\\/uploads\\\/2026\\\/03\\\/regiao-13-anos-scaled.jpg\",\"contentUrl\":\"https:\\\/\\\/regiaonews.net.br\\\/2022\\\/wp-content\\\/uploads\\\/2026\\\/03\\\/regiao-13-anos-scaled.jpg\",\"width\":2560,\"height\":635,\"caption\":\"Regi\u00e3o News\"},\"image\":{\"@id\":\"https:\\\/\\\/regiaonews.net.br\\\/2022\\\/#\\\/schema\\\/logo\\\/image\\\/\"}},{\"@type\":\"Person\",\"@id\":\"https:\\\/\\\/regiaonews.net.br\\\/2022\\\/#\\\/schema\\\/person\\\/2d205a608a5aa97ac279d7a5e6d89ad8\",\"name\":\"Roberto\",\"image\":{\"@type\":\"ImageObject\",\"inLanguage\":\"pt-BR\",\"@id\":\"https:\\\/\\\/secure.gravatar.com\\\/avatar\\\/42749d8b712ff9d59ca93dc150494e5b55a44134482993f5baeb97e61b7ecc89?s=96&d=mm&r=g\",\"url\":\"https:\\\/\\\/secure.gravatar.com\\\/avatar\\\/42749d8b712ff9d59ca93dc150494e5b55a44134482993f5baeb97e61b7ecc89?s=96&d=mm&r=g\",\"contentUrl\":\"https:\\\/\\\/secure.gravatar.com\\\/avatar\\\/42749d8b712ff9d59ca93dc150494e5b55a44134482993f5baeb97e61b7ecc89?s=96&d=mm&r=g\",\"caption\":\"Roberto\"},\"url\":\"https:\\\/\\\/regiaonews.net.br\\\/2022\\\/author\\\/roberto\\\/\"}]}<\/script>\n<!-- \/ Yoast SEO plugin. -->","yoast_head_json":{"title":"Ouro de Fernanda Yara encabe\u00e7a dia de conquistas do atletismo - Regi\u00e3o News","robots":{"index":"index","follow":"follow","max-snippet":"max-snippet:-1","max-image-preview":"max-image-preview:large","max-video-preview":"max-video-preview:-1"},"canonical":"https:\/\/regiaonews.net.br\/2022\/2024\/08\/31\/ouro-de-fernanda-yara-encabeca-dia-de-conquistas-do-atletismo\/","og_locale":"pt_BR","og_type":"article","og_title":"Ouro de Fernanda Yara encabe\u00e7a dia de conquistas do atletismo - Regi\u00e3o News","og_description":"O curr\u00edculo do atletismo mostra que o esporte \u00e9 o","og_url":"https:\/\/regiaonews.net.br\/2022\/2024\/08\/31\/ouro-de-fernanda-yara-encabeca-dia-de-conquistas-do-atletismo\/","og_site_name":"Regi\u00e3o News","article_published_time":"2024-09-01T00:10:08+00:00","og_image":[{"width":1170,"height":700,"url":"https:\/\/regiaonews.net.br\/2022\/wp-content\/uploads\/2024\/08\/whatsapp_image_2024-08-31_at_16.44.36_1-1.webp","type":"image\/webp"}],"author":"Roberto","twitter_card":"summary_large_image","twitter_misc":{"Escrito por":"Roberto","Est. tempo de leitura":"4 minutos"},"schema":{"@context":"https:\/\/schema.org","@graph":[{"@type":"Article","@id":"https:\/\/regiaonews.net.br\/2022\/2024\/08\/31\/ouro-de-fernanda-yara-encabeca-dia-de-conquistas-do-atletismo\/#article","isPartOf":{"@id":"https:\/\/regiaonews.net.br\/2022\/2024\/08\/31\/ouro-de-fernanda-yara-encabeca-dia-de-conquistas-do-atletismo\/"},"author":{"name":"Roberto","@id":"https:\/\/regiaonews.net.br\/2022\/#\/schema\/person\/2d205a608a5aa97ac279d7a5e6d89ad8"},"headline":"Ouro de Fernanda Yara encabe\u00e7a dia de conquistas do atletismo","datePublished":"2024-09-01T00:10:08+00:00","mainEntityOfPage":{"@id":"https:\/\/regiaonews.net.br\/2022\/2024\/08\/31\/ouro-de-fernanda-yara-encabeca-dia-de-conquistas-do-atletismo\/"},"wordCount":541,"commentCount":0,"publisher":{"@id":"https:\/\/regiaonews.net.br\/2022\/#organization"},"image":{"@id":"https:\/\/regiaonews.net.br\/2022\/2024\/08\/31\/ouro-de-fernanda-yara-encabeca-dia-de-conquistas-do-atletismo\/#primaryimage"},"thumbnailUrl":"https:\/\/regiaonews.net.br\/2022\/wp-content\/uploads\/2024\/08\/whatsapp_image_2024-08-31_at_16.44.36_1-1.webp","articleSection":["Esporte","Jogos Paraol\u00edmpicos"],"inLanguage":"pt-BR","potentialAction":[{"@type":"CommentAction","name":"Comment","target":["https:\/\/regiaonews.net.br\/2022\/2024\/08\/31\/ouro-de-fernanda-yara-encabeca-dia-de-conquistas-do-atletismo\/#respond"]}]},{"@type":"WebPage","@id":"https:\/\/regiaonews.net.br\/2022\/2024\/08\/31\/ouro-de-fernanda-yara-encabeca-dia-de-conquistas-do-atletismo\/","url":"https:\/\/regiaonews.net.br\/2022\/2024\/08\/31\/ouro-de-fernanda-yara-encabeca-dia-de-conquistas-do-atletismo\/","name":"Ouro de Fernanda Yara encabe\u00e7a dia de conquistas do atletismo - Regi\u00e3o News","isPartOf":{"@id":"https:\/\/regiaonews.net.br\/2022\/#website"},"primaryImageOfPage":{"@id":"https:\/\/regiaonews.net.br\/2022\/2024\/08\/31\/ouro-de-fernanda-yara-encabeca-dia-de-conquistas-do-atletismo\/#primaryimage"},"image":{"@id":"https:\/\/regiaonews.net.br\/2022\/2024\/08\/31\/ouro-de-fernanda-yara-encabeca-dia-de-conquistas-do-atletismo\/#primaryimage"},"thumbnailUrl":"https:\/\/regiaonews.net.br\/2022\/wp-content\/uploads\/2024\/08\/whatsapp_image_2024-08-31_at_16.44.36_1-1.webp","datePublished":"2024-09-01T00:10:08+00:00","breadcrumb":{"@id":"https:\/\/regiaonews.net.br\/2022\/2024\/08\/31\/ouro-de-fernanda-yara-encabeca-dia-de-conquistas-do-atletismo\/#breadcrumb"},"inLanguage":"pt-BR","potentialAction":[{"@type":"ReadAction","target":["https:\/\/regiaonews.net.br\/2022\/2024\/08\/31\/ouro-de-fernanda-yara-encabeca-dia-de-conquistas-do-atletismo\/"]}]},{"@type":"ImageObject","inLanguage":"pt-BR","@id":"https:\/\/regiaonews.net.br\/2022\/2024\/08\/31\/ouro-de-fernanda-yara-encabeca-dia-de-conquistas-do-atletismo\/#primaryimage","url":"https:\/\/regiaonews.net.br\/2022\/wp-content\/uploads\/2024\/08\/whatsapp_image_2024-08-31_at_16.44.36_1-1.webp","contentUrl":"https:\/\/regiaonews.net.br\/2022\/wp-content\/uploads\/2024\/08\/whatsapp_image_2024-08-31_at_16.44.36_1-1.webp","width":1170,"height":700},{"@type":"BreadcrumbList","@id":"https:\/\/regiaonews.net.br\/2022\/2024\/08\/31\/ouro-de-fernanda-yara-encabeca-dia-de-conquistas-do-atletismo\/#breadcrumb","itemListElement":[{"@type":"ListItem","position":1,"name":"In\u00edcio","item":"https:\/\/regiaonews.net.br\/2022\/"},{"@type":"ListItem","position":2,"name":"Ouro de Fernanda Yara encabe\u00e7a dia de conquistas do atletismo"}]},{"@type":"WebSite","@id":"https:\/\/regiaonews.net.br\/2022\/#website","url":"https:\/\/regiaonews.net.br\/2022\/","name":"Regi\u00e3o News","description":"Site de Not\u00edcias de Barretos e regi\u00e3o","publisher":{"@id":"https:\/\/regiaonews.net.br\/2022\/#organization"},"potentialAction":[{"@type":"SearchAction","target":{"@type":"EntryPoint","urlTemplate":"https:\/\/regiaonews.net.br\/2022\/?s={search_term_string}"},"query-input":{"@type":"PropertyValueSpecification","valueRequired":true,"valueName":"search_term_string"}}],"inLanguage":"pt-BR"},{"@type":"Organization","@id":"https:\/\/regiaonews.net.br\/2022\/#organization","name":"Regi\u00e3o News","url":"https:\/\/regiaonews.net.br\/2022\/","logo":{"@type":"ImageObject","inLanguage":"pt-BR","@id":"https:\/\/regiaonews.net.br\/2022\/#\/schema\/logo\/image\/","url":"https:\/\/regiaonews.net.br\/2022\/wp-content\/uploads\/2026\/03\/regiao-13-anos-scaled.jpg","contentUrl":"https:\/\/regiaonews.net.br\/2022\/wp-content\/uploads\/2026\/03\/regiao-13-anos-scaled.jpg","width":2560,"height":635,"caption":"Regi\u00e3o News"},"image":{"@id":"https:\/\/regiaonews.net.br\/2022\/#\/schema\/logo\/image\/"}},{"@type":"Person","@id":"https:\/\/regiaonews.net.br\/2022\/#\/schema\/person\/2d205a608a5aa97ac279d7a5e6d89ad8","name":"Roberto","image":{"@type":"ImageObject","inLanguage":"pt-BR","@id":"https:\/\/secure.gravatar.com\/avatar\/42749d8b712ff9d59ca93dc150494e5b55a44134482993f5baeb97e61b7ecc89?s=96&d=mm&r=g","url":"https:\/\/secure.gravatar.com\/avatar\/42749d8b712ff9d59ca93dc150494e5b55a44134482993f5baeb97e61b7ecc89?s=96&d=mm&r=g","contentUrl":"https:\/\/secure.gravatar.com\/avatar\/42749d8b712ff9d59ca93dc150494e5b55a44134482993f5baeb97e61b7ecc89?s=96&d=mm&r=g","caption":"Roberto"},"url":"https:\/\/regiaonews.net.br\/2022\/author\/roberto\/"}]}},"publishpress_future_action":{"enabled":false,"date":"2026-05-03 04:52:57","action":"change-status","newStatus":"draft","terms":[],"taxonomy":"category","extraData":[]},"publishpress_future_workflow_manual_trigger":{"enabledWorkflows":[]},"_links":{"self":[{"href":"https:\/\/regiaonews.net.br\/2022\/wp-json\/wp\/v2\/posts\/109519","targetHints":{"allow":["GET"]}}],"collection":[{"href":"https:\/\/regiaonews.net.br\/2022\/wp-json\/wp\/v2\/posts"}],"about":[{"href":"https:\/\/regiaonews.net.br\/2022\/wp-json\/wp\/v2\/types\/post"}],"author":[{"embeddable":true,"href":"https:\/\/regiaonews.net.br\/2022\/wp-json\/wp\/v2\/users\/2"}],"replies":[{"embeddable":true,"href":"https:\/\/regiaonews.net.br\/2022\/wp-json\/wp\/v2\/comments?post=109519"}],"version-history":[{"count":1,"href":"https:\/\/regiaonews.net.br\/2022\/wp-json\/wp\/v2\/posts\/109519\/revisions"}],"predecessor-version":[{"id":109521,"href":"https:\/\/regiaonews.net.br\/2022\/wp-json\/wp\/v2\/posts\/109519\/revisions\/109521"}],"wp:featuredmedia":[{"embeddable":true,"href":"https:\/\/regiaonews.net.br\/2022\/wp-json\/wp\/v2\/media\/109520"}],"wp:attachment":[{"href":"https:\/\/regiaonews.net.br\/2022\/wp-json\/wp\/v2\/media?parent=109519"}],"wp:term":[{"taxonomy":"category","embeddable":true,"href":"https:\/\/regiaonews.net.br\/2022\/wp-json\/wp\/v2\/categories?post=109519"},{"taxonomy":"post_tag","embeddable":true,"href":"https:\/\/regiaonews.net.br\/2022\/wp-json\/wp\/v2\/tags?post=109519"}],"curies":[{"name":"wp","href":"https:\/\/api.w.org\/{rel}","templated":true}]}}