{"id":109431,"date":"2024-08-29T20:29:59","date_gmt":"2024-08-29T23:29:59","guid":{"rendered":"https:\/\/regiaonews.net.br\/2022\/?p=109431"},"modified":"2024-08-29T20:29:59","modified_gmt":"2024-08-29T23:29:59","slug":"equipe-sub-13-da-apab-colegio-feb-conquista-medalha-de-prata-nos-jogos-escolares","status":"publish","type":"post","link":"https:\/\/regiaonews.net.br\/2022\/2024\/08\/29\/equipe-sub-13-da-apab-colegio-feb-conquista-medalha-de-prata-nos-jogos-escolares\/","title":{"rendered":"Equipe Sub-13 da APAB\/Col\u00e9gio FEB conquista medalha de prata nos Jogos Escolares"},"content":{"rendered":"<p>&nbsp;<\/p>\n<p>As meninas da equipe feminina de basquete Sub-13 da APAB (Associa\u00e7\u00e3o de Pais e Amigos do Basquete) conquistaram mais uma importante coloca\u00e7\u00e3o. Desta vez, o time ganhou medalha de prata nos Jogos Escolares realizados na cidade paulista de \u00c1guas de Lind\u00f3ia, entre os \u00faltimos dias 12 e 17 de agosto, representando o Col\u00e9gio FEB.<\/p>\n<p>Segundo a presidente do Instituto APAB Barretos, Thais Soares, a equipe disputou a competi\u00e7\u00e3o com apenas uma jogadora acima dos 14 anos, mas, mesmo assim, conquistou o segundo lugar. \u201cFomos com o time um ano abaixo da categoria e apenas com uma atleta de 14 anos. Sab\u00edamos da dificuldade, mas conseguimos chegar na final e ganhar a medalha de prata, o que consideramos um \u00f3timo resultado, j\u00e1 que o nosso objetivo \u00e9 no ano que vem conquistar a medalha de ouro\u201d, disse.<\/p>\n<p>Em rela\u00e7\u00e3o \u00e0 performance no campeonato, Thais explica que a equipe foi muito bem, ganhando por placares consider\u00e1veis frente a outros advers\u00e1rios. \u201cMesmo jogando com meninas um ano mais velhas, nosso time demonstrou for\u00e7a e obtivemos um excelente desempenho\u201d, destacou.<\/p>\n<p>Agora a equipe barretense concentra todas as aten\u00e7\u00f5es para o returno do Campeonato Paulista que j\u00e1 reiniciou. \u201cEstamos na terceira coloca\u00e7\u00e3o e nosso pr\u00f3ximo compromisso em casa ser\u00e1 no dia 15 de setembro contra a equipe de Esperia-S\u00e3o Paulo\u201d, lembrou Thais.<\/p>\n<p>A presidente da APAB ressaltou a import\u00e2ncia do incentivo que o Col\u00e9gio FEB oferece ao time de basquete. \u201cGostaria de enaltecer o compromisso do Reitor do UNIFEB, Prof. Dr. Angelo Davis, no apoio \u00e0 nossa equipe. Al\u00e9m disso, tamb\u00e9m devemos lembrar todo o suporte que a dire\u00e7\u00e3o do Col\u00e9gio FEB, por meio da Profa. L\u00edvia Macedo, tem oferecido \u00e0s nossas atletas que l\u00e1 estudam, auxiliando-as a conciliarem treinos e tamb\u00e9m excel\u00eancia no aprendizado\u201d, enfatizou.<\/p>\n<p>Para a diretora do Col\u00e9gio FEB, Profa. Esp. L\u00edvia Macedo, essa conquista \u00e9 muito inspiradora para todos os alunos. \u201cO esporte oferece li\u00e7\u00f5es valiosas que v\u00e3o al\u00e9m da sala de aula. Ele ensina disciplina, resili\u00eancia e a import\u00e2ncia de trabalhar em equipe, habilidades essenciais para a constru\u00e7\u00e3o humana. Ao verem atletas superando desafios e alcan\u00e7ando seus objetivos, os estudantes s\u00e3o motivados a persistirem em seus pr\u00f3prios esfor\u00e7os, aprendendo que com dedica\u00e7\u00e3o podem conquistar suas metas\u201d, finalizou.<\/p>\n","protected":false},"excerpt":{"rendered":"<p>&nbsp; As meninas da equipe feminina de basquete Sub-13 da<\/p>\n","protected":false},"author":2,"featured_media":109432,"comment_status":"open","ping_status":"open","sticky":false,"template":"","format":"standard","meta":{"footnotes":""},"categories":[14,21],"tags":[],"class_list":["post-109431","post","type-post","status-publish","format-standard","has-post-thumbnail","hentry","category-barretos","category-esporte"],"yoast_head":"<!-- This site is optimized with the Yoast SEO plugin v27.4 - https:\/\/yoast.com\/product\/yoast-seo-wordpress\/ -->\n<title>Equipe Sub-13 da APAB\/Col\u00e9gio FEB conquista medalha de prata nos Jogos Escolares - Regi\u00e3o News<\/title>\n<meta name=\"robots\" content=\"index, follow, max-snippet:-1, max-image-preview:large, max-video-preview:-1\" \/>\n<link rel=\"canonical\" href=\"https:\/\/regiaonews.net.br\/2022\/2024\/08\/29\/equipe-sub-13-da-apab-colegio-feb-conquista-medalha-de-prata-nos-jogos-escolares\/\" \/>\n<meta property=\"og:locale\" content=\"pt_BR\" \/>\n<meta property=\"og:type\" content=\"article\" \/>\n<meta property=\"og:title\" content=\"Equipe Sub-13 da APAB\/Col\u00e9gio FEB conquista medalha de prata nos Jogos Escolares - Regi\u00e3o News\" \/>\n<meta property=\"og:description\" content=\"&nbsp; As meninas da equipe feminina de basquete Sub-13 da\" \/>\n<meta property=\"og:url\" content=\"https:\/\/regiaonews.net.br\/2022\/2024\/08\/29\/equipe-sub-13-da-apab-colegio-feb-conquista-medalha-de-prata-nos-jogos-escolares\/\" \/>\n<meta property=\"og:site_name\" content=\"Regi\u00e3o News\" \/>\n<meta property=\"article:published_time\" content=\"2024-08-29T23:29:59+00:00\" \/>\n<meta property=\"og:image\" content=\"https:\/\/regiaonews.net.br\/2022\/wp-content\/uploads\/2024\/08\/WhatsApp-Image-2024-08-29-at-16.40.11.jpeg\" \/>\n\t<meta property=\"og:image:width\" content=\"1037\" \/>\n\t<meta property=\"og:image:height\" content=\"719\" \/>\n\t<meta property=\"og:image:type\" content=\"image\/jpeg\" \/>\n<meta name=\"author\" content=\"Roberto\" \/>\n<meta name=\"twitter:card\" content=\"summary_large_image\" \/>\n<meta name=\"twitter:label1\" content=\"Escrito por\" \/>\n\t<meta name=\"twitter:data1\" content=\"Roberto\" \/>\n\t<meta name=\"twitter:label2\" content=\"Est. tempo de leitura\" \/>\n\t<meta name=\"twitter:data2\" content=\"3 minutos\" \/>\n<script type=\"application\/ld+json\" class=\"yoast-schema-graph\">{\"@context\":\"https:\\\/\\\/schema.org\",\"@graph\":[{\"@type\":\"Article\",\"@id\":\"https:\\\/\\\/regiaonews.net.br\\\/2022\\\/2024\\\/08\\\/29\\\/equipe-sub-13-da-apab-colegio-feb-conquista-medalha-de-prata-nos-jogos-escolares\\\/#article\",\"isPartOf\":{\"@id\":\"https:\\\/\\\/regiaonews.net.br\\\/2022\\\/2024\\\/08\\\/29\\\/equipe-sub-13-da-apab-colegio-feb-conquista-medalha-de-prata-nos-jogos-escolares\\\/\"},\"author\":{\"name\":\"Roberto\",\"@id\":\"https:\\\/\\\/regiaonews.net.br\\\/2022\\\/#\\\/schema\\\/person\\\/2d205a608a5aa97ac279d7a5e6d89ad8\"},\"headline\":\"Equipe Sub-13 da APAB\\\/Col\u00e9gio FEB conquista medalha de prata nos Jogos Escolares\",\"datePublished\":\"2024-08-29T23:29:59+00:00\",\"mainEntityOfPage\":{\"@id\":\"https:\\\/\\\/regiaonews.net.br\\\/2022\\\/2024\\\/08\\\/29\\\/equipe-sub-13-da-apab-colegio-feb-conquista-medalha-de-prata-nos-jogos-escolares\\\/\"},\"wordCount\":409,\"commentCount\":0,\"publisher\":{\"@id\":\"https:\\\/\\\/regiaonews.net.br\\\/2022\\\/#organization\"},\"image\":{\"@id\":\"https:\\\/\\\/regiaonews.net.br\\\/2022\\\/2024\\\/08\\\/29\\\/equipe-sub-13-da-apab-colegio-feb-conquista-medalha-de-prata-nos-jogos-escolares\\\/#primaryimage\"},\"thumbnailUrl\":\"https:\\\/\\\/regiaonews.net.br\\\/2022\\\/wp-content\\\/uploads\\\/2024\\\/08\\\/WhatsApp-Image-2024-08-29-at-16.40.11.jpeg\",\"articleSection\":[\"Barretos\",\"Esporte\"],\"inLanguage\":\"pt-BR\",\"potentialAction\":[{\"@type\":\"CommentAction\",\"name\":\"Comment\",\"target\":[\"https:\\\/\\\/regiaonews.net.br\\\/2022\\\/2024\\\/08\\\/29\\\/equipe-sub-13-da-apab-colegio-feb-conquista-medalha-de-prata-nos-jogos-escolares\\\/#respond\"]}]},{\"@type\":\"WebPage\",\"@id\":\"https:\\\/\\\/regiaonews.net.br\\\/2022\\\/2024\\\/08\\\/29\\\/equipe-sub-13-da-apab-colegio-feb-conquista-medalha-de-prata-nos-jogos-escolares\\\/\",\"url\":\"https:\\\/\\\/regiaonews.net.br\\\/2022\\\/2024\\\/08\\\/29\\\/equipe-sub-13-da-apab-colegio-feb-conquista-medalha-de-prata-nos-jogos-escolares\\\/\",\"name\":\"Equipe Sub-13 da APAB\\\/Col\u00e9gio FEB conquista medalha de prata nos Jogos Escolares - Regi\u00e3o News\",\"isPartOf\":{\"@id\":\"https:\\\/\\\/regiaonews.net.br\\\/2022\\\/#website\"},\"primaryImageOfPage\":{\"@id\":\"https:\\\/\\\/regiaonews.net.br\\\/2022\\\/2024\\\/08\\\/29\\\/equipe-sub-13-da-apab-colegio-feb-conquista-medalha-de-prata-nos-jogos-escolares\\\/#primaryimage\"},\"image\":{\"@id\":\"https:\\\/\\\/regiaonews.net.br\\\/2022\\\/2024\\\/08\\\/29\\\/equipe-sub-13-da-apab-colegio-feb-conquista-medalha-de-prata-nos-jogos-escolares\\\/#primaryimage\"},\"thumbnailUrl\":\"https:\\\/\\\/regiaonews.net.br\\\/2022\\\/wp-content\\\/uploads\\\/2024\\\/08\\\/WhatsApp-Image-2024-08-29-at-16.40.11.jpeg\",\"datePublished\":\"2024-08-29T23:29:59+00:00\",\"breadcrumb\":{\"@id\":\"https:\\\/\\\/regiaonews.net.br\\\/2022\\\/2024\\\/08\\\/29\\\/equipe-sub-13-da-apab-colegio-feb-conquista-medalha-de-prata-nos-jogos-escolares\\\/#breadcrumb\"},\"inLanguage\":\"pt-BR\",\"potentialAction\":[{\"@type\":\"ReadAction\",\"target\":[\"https:\\\/\\\/regiaonews.net.br\\\/2022\\\/2024\\\/08\\\/29\\\/equipe-sub-13-da-apab-colegio-feb-conquista-medalha-de-prata-nos-jogos-escolares\\\/\"]}]},{\"@type\":\"ImageObject\",\"inLanguage\":\"pt-BR\",\"@id\":\"https:\\\/\\\/regiaonews.net.br\\\/2022\\\/2024\\\/08\\\/29\\\/equipe-sub-13-da-apab-colegio-feb-conquista-medalha-de-prata-nos-jogos-escolares\\\/#primaryimage\",\"url\":\"https:\\\/\\\/regiaonews.net.br\\\/2022\\\/wp-content\\\/uploads\\\/2024\\\/08\\\/WhatsApp-Image-2024-08-29-at-16.40.11.jpeg\",\"contentUrl\":\"https:\\\/\\\/regiaonews.net.br\\\/2022\\\/wp-content\\\/uploads\\\/2024\\\/08\\\/WhatsApp-Image-2024-08-29-at-16.40.11.jpeg\",\"width\":1037,\"height\":719},{\"@type\":\"BreadcrumbList\",\"@id\":\"https:\\\/\\\/regiaonews.net.br\\\/2022\\\/2024\\\/08\\\/29\\\/equipe-sub-13-da-apab-colegio-feb-conquista-medalha-de-prata-nos-jogos-escolares\\\/#breadcrumb\",\"itemListElement\":[{\"@type\":\"ListItem\",\"position\":1,\"name\":\"In\u00edcio\",\"item\":\"https:\\\/\\\/regiaonews.net.br\\\/2022\\\/\"},{\"@type\":\"ListItem\",\"position\":2,\"name\":\"Equipe Sub-13 da APAB\\\/Col\u00e9gio FEB conquista medalha de prata nos Jogos Escolares\"}]},{\"@type\":\"WebSite\",\"@id\":\"https:\\\/\\\/regiaonews.net.br\\\/2022\\\/#website\",\"url\":\"https:\\\/\\\/regiaonews.net.br\\\/2022\\\/\",\"name\":\"Regi\u00e3o News\",\"description\":\"Site de Not\u00edcias de Barretos e regi\u00e3o\",\"publisher\":{\"@id\":\"https:\\\/\\\/regiaonews.net.br\\\/2022\\\/#organization\"},\"potentialAction\":[{\"@type\":\"SearchAction\",\"target\":{\"@type\":\"EntryPoint\",\"urlTemplate\":\"https:\\\/\\\/regiaonews.net.br\\\/2022\\\/?s={search_term_string}\"},\"query-input\":{\"@type\":\"PropertyValueSpecification\",\"valueRequired\":true,\"valueName\":\"search_term_string\"}}],\"inLanguage\":\"pt-BR\"},{\"@type\":\"Organization\",\"@id\":\"https:\\\/\\\/regiaonews.net.br\\\/2022\\\/#organization\",\"name\":\"Regi\u00e3o News\",\"url\":\"https:\\\/\\\/regiaonews.net.br\\\/2022\\\/\",\"logo\":{\"@type\":\"ImageObject\",\"inLanguage\":\"pt-BR\",\"@id\":\"https:\\\/\\\/regiaonews.net.br\\\/2022\\\/#\\\/schema\\\/logo\\\/image\\\/\",\"url\":\"https:\\\/\\\/regiaonews.net.br\\\/2022\\\/wp-content\\\/uploads\\\/2026\\\/03\\\/regiao-13-anos-scaled.jpg\",\"contentUrl\":\"https:\\\/\\\/regiaonews.net.br\\\/2022\\\/wp-content\\\/uploads\\\/2026\\\/03\\\/regiao-13-anos-scaled.jpg\",\"width\":2560,\"height\":635,\"caption\":\"Regi\u00e3o News\"},\"image\":{\"@id\":\"https:\\\/\\\/regiaonews.net.br\\\/2022\\\/#\\\/schema\\\/logo\\\/image\\\/\"}},{\"@type\":\"Person\",\"@id\":\"https:\\\/\\\/regiaonews.net.br\\\/2022\\\/#\\\/schema\\\/person\\\/2d205a608a5aa97ac279d7a5e6d89ad8\",\"name\":\"Roberto\",\"image\":{\"@type\":\"ImageObject\",\"inLanguage\":\"pt-BR\",\"@id\":\"https:\\\/\\\/secure.gravatar.com\\\/avatar\\\/42749d8b712ff9d59ca93dc150494e5b55a44134482993f5baeb97e61b7ecc89?s=96&d=mm&r=g\",\"url\":\"https:\\\/\\\/secure.gravatar.com\\\/avatar\\\/42749d8b712ff9d59ca93dc150494e5b55a44134482993f5baeb97e61b7ecc89?s=96&d=mm&r=g\",\"contentUrl\":\"https:\\\/\\\/secure.gravatar.com\\\/avatar\\\/42749d8b712ff9d59ca93dc150494e5b55a44134482993f5baeb97e61b7ecc89?s=96&d=mm&r=g\",\"caption\":\"Roberto\"},\"url\":\"https:\\\/\\\/regiaonews.net.br\\\/2022\\\/author\\\/roberto\\\/\"}]}<\/script>\n<!-- \/ Yoast SEO plugin. -->","yoast_head_json":{"title":"Equipe Sub-13 da APAB\/Col\u00e9gio FEB conquista medalha de prata nos Jogos Escolares - Regi\u00e3o News","robots":{"index":"index","follow":"follow","max-snippet":"max-snippet:-1","max-image-preview":"max-image-preview:large","max-video-preview":"max-video-preview:-1"},"canonical":"https:\/\/regiaonews.net.br\/2022\/2024\/08\/29\/equipe-sub-13-da-apab-colegio-feb-conquista-medalha-de-prata-nos-jogos-escolares\/","og_locale":"pt_BR","og_type":"article","og_title":"Equipe Sub-13 da APAB\/Col\u00e9gio FEB conquista medalha de prata nos Jogos Escolares - Regi\u00e3o News","og_description":"&nbsp; As meninas da equipe feminina de basquete Sub-13 da","og_url":"https:\/\/regiaonews.net.br\/2022\/2024\/08\/29\/equipe-sub-13-da-apab-colegio-feb-conquista-medalha-de-prata-nos-jogos-escolares\/","og_site_name":"Regi\u00e3o News","article_published_time":"2024-08-29T23:29:59+00:00","og_image":[{"width":1037,"height":719,"url":"https:\/\/regiaonews.net.br\/2022\/wp-content\/uploads\/2024\/08\/WhatsApp-Image-2024-08-29-at-16.40.11.jpeg","type":"image\/jpeg"}],"author":"Roberto","twitter_card":"summary_large_image","twitter_misc":{"Escrito por":"Roberto","Est. tempo de leitura":"3 minutos"},"schema":{"@context":"https:\/\/schema.org","@graph":[{"@type":"Article","@id":"https:\/\/regiaonews.net.br\/2022\/2024\/08\/29\/equipe-sub-13-da-apab-colegio-feb-conquista-medalha-de-prata-nos-jogos-escolares\/#article","isPartOf":{"@id":"https:\/\/regiaonews.net.br\/2022\/2024\/08\/29\/equipe-sub-13-da-apab-colegio-feb-conquista-medalha-de-prata-nos-jogos-escolares\/"},"author":{"name":"Roberto","@id":"https:\/\/regiaonews.net.br\/2022\/#\/schema\/person\/2d205a608a5aa97ac279d7a5e6d89ad8"},"headline":"Equipe Sub-13 da APAB\/Col\u00e9gio FEB conquista medalha de prata nos Jogos Escolares","datePublished":"2024-08-29T23:29:59+00:00","mainEntityOfPage":{"@id":"https:\/\/regiaonews.net.br\/2022\/2024\/08\/29\/equipe-sub-13-da-apab-colegio-feb-conquista-medalha-de-prata-nos-jogos-escolares\/"},"wordCount":409,"commentCount":0,"publisher":{"@id":"https:\/\/regiaonews.net.br\/2022\/#organization"},"image":{"@id":"https:\/\/regiaonews.net.br\/2022\/2024\/08\/29\/equipe-sub-13-da-apab-colegio-feb-conquista-medalha-de-prata-nos-jogos-escolares\/#primaryimage"},"thumbnailUrl":"https:\/\/regiaonews.net.br\/2022\/wp-content\/uploads\/2024\/08\/WhatsApp-Image-2024-08-29-at-16.40.11.jpeg","articleSection":["Barretos","Esporte"],"inLanguage":"pt-BR","potentialAction":[{"@type":"CommentAction","name":"Comment","target":["https:\/\/regiaonews.net.br\/2022\/2024\/08\/29\/equipe-sub-13-da-apab-colegio-feb-conquista-medalha-de-prata-nos-jogos-escolares\/#respond"]}]},{"@type":"WebPage","@id":"https:\/\/regiaonews.net.br\/2022\/2024\/08\/29\/equipe-sub-13-da-apab-colegio-feb-conquista-medalha-de-prata-nos-jogos-escolares\/","url":"https:\/\/regiaonews.net.br\/2022\/2024\/08\/29\/equipe-sub-13-da-apab-colegio-feb-conquista-medalha-de-prata-nos-jogos-escolares\/","name":"Equipe Sub-13 da APAB\/Col\u00e9gio FEB conquista medalha de prata nos Jogos Escolares - Regi\u00e3o News","isPartOf":{"@id":"https:\/\/regiaonews.net.br\/2022\/#website"},"primaryImageOfPage":{"@id":"https:\/\/regiaonews.net.br\/2022\/2024\/08\/29\/equipe-sub-13-da-apab-colegio-feb-conquista-medalha-de-prata-nos-jogos-escolares\/#primaryimage"},"image":{"@id":"https:\/\/regiaonews.net.br\/2022\/2024\/08\/29\/equipe-sub-13-da-apab-colegio-feb-conquista-medalha-de-prata-nos-jogos-escolares\/#primaryimage"},"thumbnailUrl":"https:\/\/regiaonews.net.br\/2022\/wp-content\/uploads\/2024\/08\/WhatsApp-Image-2024-08-29-at-16.40.11.jpeg","datePublished":"2024-08-29T23:29:59+00:00","breadcrumb":{"@id":"https:\/\/regiaonews.net.br\/2022\/2024\/08\/29\/equipe-sub-13-da-apab-colegio-feb-conquista-medalha-de-prata-nos-jogos-escolares\/#breadcrumb"},"inLanguage":"pt-BR","potentialAction":[{"@type":"ReadAction","target":["https:\/\/regiaonews.net.br\/2022\/2024\/08\/29\/equipe-sub-13-da-apab-colegio-feb-conquista-medalha-de-prata-nos-jogos-escolares\/"]}]},{"@type":"ImageObject","inLanguage":"pt-BR","@id":"https:\/\/regiaonews.net.br\/2022\/2024\/08\/29\/equipe-sub-13-da-apab-colegio-feb-conquista-medalha-de-prata-nos-jogos-escolares\/#primaryimage","url":"https:\/\/regiaonews.net.br\/2022\/wp-content\/uploads\/2024\/08\/WhatsApp-Image-2024-08-29-at-16.40.11.jpeg","contentUrl":"https:\/\/regiaonews.net.br\/2022\/wp-content\/uploads\/2024\/08\/WhatsApp-Image-2024-08-29-at-16.40.11.jpeg","width":1037,"height":719},{"@type":"BreadcrumbList","@id":"https:\/\/regiaonews.net.br\/2022\/2024\/08\/29\/equipe-sub-13-da-apab-colegio-feb-conquista-medalha-de-prata-nos-jogos-escolares\/#breadcrumb","itemListElement":[{"@type":"ListItem","position":1,"name":"In\u00edcio","item":"https:\/\/regiaonews.net.br\/2022\/"},{"@type":"ListItem","position":2,"name":"Equipe Sub-13 da APAB\/Col\u00e9gio FEB conquista medalha de prata nos Jogos Escolares"}]},{"@type":"WebSite","@id":"https:\/\/regiaonews.net.br\/2022\/#website","url":"https:\/\/regiaonews.net.br\/2022\/","name":"Regi\u00e3o News","description":"Site de Not\u00edcias de Barretos e regi\u00e3o","publisher":{"@id":"https:\/\/regiaonews.net.br\/2022\/#organization"},"potentialAction":[{"@type":"SearchAction","target":{"@type":"EntryPoint","urlTemplate":"https:\/\/regiaonews.net.br\/2022\/?s={search_term_string}"},"query-input":{"@type":"PropertyValueSpecification","valueRequired":true,"valueName":"search_term_string"}}],"inLanguage":"pt-BR"},{"@type":"Organization","@id":"https:\/\/regiaonews.net.br\/2022\/#organization","name":"Regi\u00e3o News","url":"https:\/\/regiaonews.net.br\/2022\/","logo":{"@type":"ImageObject","inLanguage":"pt-BR","@id":"https:\/\/regiaonews.net.br\/2022\/#\/schema\/logo\/image\/","url":"https:\/\/regiaonews.net.br\/2022\/wp-content\/uploads\/2026\/03\/regiao-13-anos-scaled.jpg","contentUrl":"https:\/\/regiaonews.net.br\/2022\/wp-content\/uploads\/2026\/03\/regiao-13-anos-scaled.jpg","width":2560,"height":635,"caption":"Regi\u00e3o News"},"image":{"@id":"https:\/\/regiaonews.net.br\/2022\/#\/schema\/logo\/image\/"}},{"@type":"Person","@id":"https:\/\/regiaonews.net.br\/2022\/#\/schema\/person\/2d205a608a5aa97ac279d7a5e6d89ad8","name":"Roberto","image":{"@type":"ImageObject","inLanguage":"pt-BR","@id":"https:\/\/secure.gravatar.com\/avatar\/42749d8b712ff9d59ca93dc150494e5b55a44134482993f5baeb97e61b7ecc89?s=96&d=mm&r=g","url":"https:\/\/secure.gravatar.com\/avatar\/42749d8b712ff9d59ca93dc150494e5b55a44134482993f5baeb97e61b7ecc89?s=96&d=mm&r=g","contentUrl":"https:\/\/secure.gravatar.com\/avatar\/42749d8b712ff9d59ca93dc150494e5b55a44134482993f5baeb97e61b7ecc89?s=96&d=mm&r=g","caption":"Roberto"},"url":"https:\/\/regiaonews.net.br\/2022\/author\/roberto\/"}]}},"publishpress_future_action":{"enabled":false,"date":"2026-05-03 01:46:38","action":"change-status","newStatus":"draft","terms":[],"taxonomy":"category","extraData":[]},"publishpress_future_workflow_manual_trigger":{"enabledWorkflows":[]},"_links":{"self":[{"href":"https:\/\/regiaonews.net.br\/2022\/wp-json\/wp\/v2\/posts\/109431","targetHints":{"allow":["GET"]}}],"collection":[{"href":"https:\/\/regiaonews.net.br\/2022\/wp-json\/wp\/v2\/posts"}],"about":[{"href":"https:\/\/regiaonews.net.br\/2022\/wp-json\/wp\/v2\/types\/post"}],"author":[{"embeddable":true,"href":"https:\/\/regiaonews.net.br\/2022\/wp-json\/wp\/v2\/users\/2"}],"replies":[{"embeddable":true,"href":"https:\/\/regiaonews.net.br\/2022\/wp-json\/wp\/v2\/comments?post=109431"}],"version-history":[{"count":1,"href":"https:\/\/regiaonews.net.br\/2022\/wp-json\/wp\/v2\/posts\/109431\/revisions"}],"predecessor-version":[{"id":109433,"href":"https:\/\/regiaonews.net.br\/2022\/wp-json\/wp\/v2\/posts\/109431\/revisions\/109433"}],"wp:featuredmedia":[{"embeddable":true,"href":"https:\/\/regiaonews.net.br\/2022\/wp-json\/wp\/v2\/media\/109432"}],"wp:attachment":[{"href":"https:\/\/regiaonews.net.br\/2022\/wp-json\/wp\/v2\/media?parent=109431"}],"wp:term":[{"taxonomy":"category","embeddable":true,"href":"https:\/\/regiaonews.net.br\/2022\/wp-json\/wp\/v2\/categories?post=109431"},{"taxonomy":"post_tag","embeddable":true,"href":"https:\/\/regiaonews.net.br\/2022\/wp-json\/wp\/v2\/tags?post=109431"}],"curies":[{"name":"wp","href":"https:\/\/api.w.org\/{rel}","templated":true}]}}