{"id":109428,"date":"2024-08-29T15:27:43","date_gmt":"2024-08-29T18:27:43","guid":{"rendered":"https:\/\/regiaonews.net.br\/2022\/?p=109428"},"modified":"2024-08-29T15:27:43","modified_gmt":"2024-08-29T18:27:43","slug":"comite-do-baixo-pardo-grande-alerta-sobre-os-riscos-das-bitucas-de-cigarro-no-dia-nacional-de-combate-ao-fumo","status":"publish","type":"post","link":"https:\/\/regiaonews.net.br\/2022\/2024\/08\/29\/comite-do-baixo-pardo-grande-alerta-sobre-os-riscos-das-bitucas-de-cigarro-no-dia-nacional-de-combate-ao-fumo\/","title":{"rendered":"Comit\u00ea do Baixo Pardo\/Grande alerta sobre os riscos das bitucas de cigarro no Dia Nacional de Combate ao Fumo"},"content":{"rendered":"<h3 style=\"text-align: center;\">Al\u00e9m dos danos \u00e0 sa\u00fade, o descarte inadequado de bitucas de cigarro \u00e9 uma das principais causas de inc\u00eandios durante a seca<\/h3>\n<p>Nesta quinta-feira, 29 de agosto, \u00e9 celebrado o Dia Nacional de Combate ao Fumo. Esta data destaca os perigos do tabagismo, especialmente suas consequ\u00eancias para a sa\u00fade card\u00edaca. Portanto, o Comit\u00ea da Bacia Hidrogr\u00e1fica do Baixo Pardo\/Grande (CBH-BPG) chama a aten\u00e7\u00e3o para um outro problema relacionado ao cigarro: o impacto ambiental das bitucas descartadas incorretamente, que se tornam uma grave amea\u00e7a durante o per\u00edodo de seca.<\/p>\n<p>As bitucas de cigarro, frequentemente jogadas em vias p\u00fablicas, terrenos baldios e \u00e0s margens de rodovias, s\u00e3o uma das principais causas de inc\u00eandios nesta \u00e9poca do ano. Com a vegeta\u00e7\u00e3o seca, esses pequenos res\u00edduos, que ainda cont\u00eam brasa, podem desencadear focos de inc\u00eandio que se alastram rapidamente, colocando em risco a fauna, a flora e at\u00e9 mesmo a vida humana.<\/p>\n<p>O presidente do CBH-BPG, Cal Ribeiro, enfatiza a import\u00e2ncia da conscientiza\u00e7\u00e3o n\u00e3o s\u00f3 sobre os riscos \u00e0 sa\u00fade do tabagismo, mas tamb\u00e9m sobre os perigos ambientais que ele acarreta. &#8220;Ao jogar uma bituca de cigarro no ch\u00e3o, o fumante n\u00e3o s\u00f3 prejudica o meio ambiente, mas tamb\u00e9m contribui para a propaga\u00e7\u00e3o de inc\u00eandios que podem ter consequ\u00eancias devastadoras para a nossa regi\u00e3o. O cuidado deve ser em todos os aspectos \u2013 da sa\u00fade individual ao cuidado com o nosso planeta.&#8221;<\/p>\n<p>O Comit\u00ea da Bacia Hidrogr\u00e1fica do Baixo Pardo\/Grande, formado por representantes do poder p\u00fablico, usu\u00e1rios e sociedade civil dos munic\u00edpios de Altair, Barretos, Bebedouro, Colina, Col\u00f4mbia, Guaraci, Ic\u00e9m, Jaborandi, Gua\u00edra, Morro Agudo, Orl\u00e2ndia, Terra Roxa e Viradouro, refor\u00e7a a import\u00e2ncia de adotar atitudes respons\u00e1veis, como descartar as bitucas em locais apropriados e tomar a decis\u00e3o de parar de fumar, protegendo assim n\u00e3o s\u00f3 a pr\u00f3pria sa\u00fade, mas tamb\u00e9m o meio ambiente.<\/p>\n<p>CBH-BPG \u2013 29 de agosto de 2024<br \/>\nAssessoria de Imprensa<br \/>\nhttps:\/\/www.instagram.com\/comitebpg\/<\/p>\n","protected":false},"excerpt":{"rendered":"<p>Al\u00e9m dos danos \u00e0 sa\u00fade, o descarte inadequado de bitucas<\/p>\n","protected":false},"author":2,"featured_media":109429,"comment_status":"open","ping_status":"open","sticky":false,"template":"","format":"standard","meta":{"footnotes":""},"categories":[14,3],"tags":[],"class_list":["post-109428","post","type-post","status-publish","format-standard","has-post-thumbnail","hentry","category-barretos","category-geral"],"yoast_head":"<!-- This site is optimized with the Yoast SEO plugin v27.4 - https:\/\/yoast.com\/product\/yoast-seo-wordpress\/ -->\n<title>Comit\u00ea do Baixo Pardo\/Grande alerta sobre os riscos das bitucas de cigarro no Dia Nacional de Combate ao Fumo - Regi\u00e3o News<\/title>\n<meta name=\"robots\" content=\"index, follow, max-snippet:-1, max-image-preview:large, max-video-preview:-1\" \/>\n<link rel=\"canonical\" href=\"https:\/\/regiaonews.net.br\/2022\/2024\/08\/29\/comite-do-baixo-pardo-grande-alerta-sobre-os-riscos-das-bitucas-de-cigarro-no-dia-nacional-de-combate-ao-fumo\/\" \/>\n<meta property=\"og:locale\" content=\"pt_BR\" \/>\n<meta property=\"og:type\" content=\"article\" \/>\n<meta property=\"og:title\" content=\"Comit\u00ea do Baixo Pardo\/Grande alerta sobre os riscos das bitucas de cigarro no Dia Nacional de Combate ao Fumo - Regi\u00e3o News\" \/>\n<meta property=\"og:description\" content=\"Al\u00e9m dos danos \u00e0 sa\u00fade, o descarte inadequado de bitucas\" \/>\n<meta property=\"og:url\" content=\"https:\/\/regiaonews.net.br\/2022\/2024\/08\/29\/comite-do-baixo-pardo-grande-alerta-sobre-os-riscos-das-bitucas-de-cigarro-no-dia-nacional-de-combate-ao-fumo\/\" \/>\n<meta property=\"og:site_name\" content=\"Regi\u00e3o News\" \/>\n<meta property=\"article:published_time\" content=\"2024-08-29T18:27:43+00:00\" \/>\n<meta property=\"og:image\" content=\"https:\/\/regiaonews.net.br\/2022\/wp-content\/uploads\/2024\/08\/Imagem-do-WhatsApp-de-2024-08-29-as-13.09.26_c1e489e6.jpg\" \/>\n\t<meta property=\"og:image:width\" content=\"1600\" \/>\n\t<meta property=\"og:image:height\" content=\"1066\" \/>\n\t<meta property=\"og:image:type\" content=\"image\/jpeg\" \/>\n<meta name=\"author\" content=\"Roberto\" \/>\n<meta name=\"twitter:card\" content=\"summary_large_image\" \/>\n<meta name=\"twitter:label1\" content=\"Escrito por\" \/>\n\t<meta name=\"twitter:data1\" content=\"Roberto\" \/>\n\t<meta name=\"twitter:label2\" content=\"Est. tempo de leitura\" \/>\n\t<meta name=\"twitter:data2\" content=\"2 minutos\" \/>\n<script type=\"application\/ld+json\" class=\"yoast-schema-graph\">{\"@context\":\"https:\\\/\\\/schema.org\",\"@graph\":[{\"@type\":\"Article\",\"@id\":\"https:\\\/\\\/regiaonews.net.br\\\/2022\\\/2024\\\/08\\\/29\\\/comite-do-baixo-pardo-grande-alerta-sobre-os-riscos-das-bitucas-de-cigarro-no-dia-nacional-de-combate-ao-fumo\\\/#article\",\"isPartOf\":{\"@id\":\"https:\\\/\\\/regiaonews.net.br\\\/2022\\\/2024\\\/08\\\/29\\\/comite-do-baixo-pardo-grande-alerta-sobre-os-riscos-das-bitucas-de-cigarro-no-dia-nacional-de-combate-ao-fumo\\\/\"},\"author\":{\"name\":\"Roberto\",\"@id\":\"https:\\\/\\\/regiaonews.net.br\\\/2022\\\/#\\\/schema\\\/person\\\/2d205a608a5aa97ac279d7a5e6d89ad8\"},\"headline\":\"Comit\u00ea do Baixo Pardo\\\/Grande alerta sobre os riscos das bitucas de cigarro no Dia Nacional de Combate ao Fumo\",\"datePublished\":\"2024-08-29T18:27:43+00:00\",\"mainEntityOfPage\":{\"@id\":\"https:\\\/\\\/regiaonews.net.br\\\/2022\\\/2024\\\/08\\\/29\\\/comite-do-baixo-pardo-grande-alerta-sobre-os-riscos-das-bitucas-de-cigarro-no-dia-nacional-de-combate-ao-fumo\\\/\"},\"wordCount\":373,\"commentCount\":0,\"publisher\":{\"@id\":\"https:\\\/\\\/regiaonews.net.br\\\/2022\\\/#organization\"},\"image\":{\"@id\":\"https:\\\/\\\/regiaonews.net.br\\\/2022\\\/2024\\\/08\\\/29\\\/comite-do-baixo-pardo-grande-alerta-sobre-os-riscos-das-bitucas-de-cigarro-no-dia-nacional-de-combate-ao-fumo\\\/#primaryimage\"},\"thumbnailUrl\":\"https:\\\/\\\/regiaonews.net.br\\\/2022\\\/wp-content\\\/uploads\\\/2024\\\/08\\\/Imagem-do-WhatsApp-de-2024-08-29-as-13.09.26_c1e489e6.jpg\",\"articleSection\":[\"Barretos\",\"Geral\"],\"inLanguage\":\"pt-BR\",\"potentialAction\":[{\"@type\":\"CommentAction\",\"name\":\"Comment\",\"target\":[\"https:\\\/\\\/regiaonews.net.br\\\/2022\\\/2024\\\/08\\\/29\\\/comite-do-baixo-pardo-grande-alerta-sobre-os-riscos-das-bitucas-de-cigarro-no-dia-nacional-de-combate-ao-fumo\\\/#respond\"]}]},{\"@type\":\"WebPage\",\"@id\":\"https:\\\/\\\/regiaonews.net.br\\\/2022\\\/2024\\\/08\\\/29\\\/comite-do-baixo-pardo-grande-alerta-sobre-os-riscos-das-bitucas-de-cigarro-no-dia-nacional-de-combate-ao-fumo\\\/\",\"url\":\"https:\\\/\\\/regiaonews.net.br\\\/2022\\\/2024\\\/08\\\/29\\\/comite-do-baixo-pardo-grande-alerta-sobre-os-riscos-das-bitucas-de-cigarro-no-dia-nacional-de-combate-ao-fumo\\\/\",\"name\":\"Comit\u00ea do Baixo Pardo\\\/Grande alerta sobre os riscos das bitucas de cigarro no Dia Nacional de Combate ao Fumo - Regi\u00e3o News\",\"isPartOf\":{\"@id\":\"https:\\\/\\\/regiaonews.net.br\\\/2022\\\/#website\"},\"primaryImageOfPage\":{\"@id\":\"https:\\\/\\\/regiaonews.net.br\\\/2022\\\/2024\\\/08\\\/29\\\/comite-do-baixo-pardo-grande-alerta-sobre-os-riscos-das-bitucas-de-cigarro-no-dia-nacional-de-combate-ao-fumo\\\/#primaryimage\"},\"image\":{\"@id\":\"https:\\\/\\\/regiaonews.net.br\\\/2022\\\/2024\\\/08\\\/29\\\/comite-do-baixo-pardo-grande-alerta-sobre-os-riscos-das-bitucas-de-cigarro-no-dia-nacional-de-combate-ao-fumo\\\/#primaryimage\"},\"thumbnailUrl\":\"https:\\\/\\\/regiaonews.net.br\\\/2022\\\/wp-content\\\/uploads\\\/2024\\\/08\\\/Imagem-do-WhatsApp-de-2024-08-29-as-13.09.26_c1e489e6.jpg\",\"datePublished\":\"2024-08-29T18:27:43+00:00\",\"breadcrumb\":{\"@id\":\"https:\\\/\\\/regiaonews.net.br\\\/2022\\\/2024\\\/08\\\/29\\\/comite-do-baixo-pardo-grande-alerta-sobre-os-riscos-das-bitucas-de-cigarro-no-dia-nacional-de-combate-ao-fumo\\\/#breadcrumb\"},\"inLanguage\":\"pt-BR\",\"potentialAction\":[{\"@type\":\"ReadAction\",\"target\":[\"https:\\\/\\\/regiaonews.net.br\\\/2022\\\/2024\\\/08\\\/29\\\/comite-do-baixo-pardo-grande-alerta-sobre-os-riscos-das-bitucas-de-cigarro-no-dia-nacional-de-combate-ao-fumo\\\/\"]}]},{\"@type\":\"ImageObject\",\"inLanguage\":\"pt-BR\",\"@id\":\"https:\\\/\\\/regiaonews.net.br\\\/2022\\\/2024\\\/08\\\/29\\\/comite-do-baixo-pardo-grande-alerta-sobre-os-riscos-das-bitucas-de-cigarro-no-dia-nacional-de-combate-ao-fumo\\\/#primaryimage\",\"url\":\"https:\\\/\\\/regiaonews.net.br\\\/2022\\\/wp-content\\\/uploads\\\/2024\\\/08\\\/Imagem-do-WhatsApp-de-2024-08-29-as-13.09.26_c1e489e6.jpg\",\"contentUrl\":\"https:\\\/\\\/regiaonews.net.br\\\/2022\\\/wp-content\\\/uploads\\\/2024\\\/08\\\/Imagem-do-WhatsApp-de-2024-08-29-as-13.09.26_c1e489e6.jpg\",\"width\":1600,\"height\":1066},{\"@type\":\"BreadcrumbList\",\"@id\":\"https:\\\/\\\/regiaonews.net.br\\\/2022\\\/2024\\\/08\\\/29\\\/comite-do-baixo-pardo-grande-alerta-sobre-os-riscos-das-bitucas-de-cigarro-no-dia-nacional-de-combate-ao-fumo\\\/#breadcrumb\",\"itemListElement\":[{\"@type\":\"ListItem\",\"position\":1,\"name\":\"In\u00edcio\",\"item\":\"https:\\\/\\\/regiaonews.net.br\\\/2022\\\/\"},{\"@type\":\"ListItem\",\"position\":2,\"name\":\"Comit\u00ea do Baixo Pardo\\\/Grande alerta sobre os riscos das bitucas de cigarro no Dia Nacional de Combate ao Fumo\"}]},{\"@type\":\"WebSite\",\"@id\":\"https:\\\/\\\/regiaonews.net.br\\\/2022\\\/#website\",\"url\":\"https:\\\/\\\/regiaonews.net.br\\\/2022\\\/\",\"name\":\"Regi\u00e3o News\",\"description\":\"Site de Not\u00edcias de Barretos e regi\u00e3o\",\"publisher\":{\"@id\":\"https:\\\/\\\/regiaonews.net.br\\\/2022\\\/#organization\"},\"potentialAction\":[{\"@type\":\"SearchAction\",\"target\":{\"@type\":\"EntryPoint\",\"urlTemplate\":\"https:\\\/\\\/regiaonews.net.br\\\/2022\\\/?s={search_term_string}\"},\"query-input\":{\"@type\":\"PropertyValueSpecification\",\"valueRequired\":true,\"valueName\":\"search_term_string\"}}],\"inLanguage\":\"pt-BR\"},{\"@type\":\"Organization\",\"@id\":\"https:\\\/\\\/regiaonews.net.br\\\/2022\\\/#organization\",\"name\":\"Regi\u00e3o News\",\"url\":\"https:\\\/\\\/regiaonews.net.br\\\/2022\\\/\",\"logo\":{\"@type\":\"ImageObject\",\"inLanguage\":\"pt-BR\",\"@id\":\"https:\\\/\\\/regiaonews.net.br\\\/2022\\\/#\\\/schema\\\/logo\\\/image\\\/\",\"url\":\"https:\\\/\\\/regiaonews.net.br\\\/2022\\\/wp-content\\\/uploads\\\/2026\\\/03\\\/regiao-13-anos-scaled.jpg\",\"contentUrl\":\"https:\\\/\\\/regiaonews.net.br\\\/2022\\\/wp-content\\\/uploads\\\/2026\\\/03\\\/regiao-13-anos-scaled.jpg\",\"width\":2560,\"height\":635,\"caption\":\"Regi\u00e3o News\"},\"image\":{\"@id\":\"https:\\\/\\\/regiaonews.net.br\\\/2022\\\/#\\\/schema\\\/logo\\\/image\\\/\"}},{\"@type\":\"Person\",\"@id\":\"https:\\\/\\\/regiaonews.net.br\\\/2022\\\/#\\\/schema\\\/person\\\/2d205a608a5aa97ac279d7a5e6d89ad8\",\"name\":\"Roberto\",\"image\":{\"@type\":\"ImageObject\",\"inLanguage\":\"pt-BR\",\"@id\":\"https:\\\/\\\/secure.gravatar.com\\\/avatar\\\/42749d8b712ff9d59ca93dc150494e5b55a44134482993f5baeb97e61b7ecc89?s=96&d=mm&r=g\",\"url\":\"https:\\\/\\\/secure.gravatar.com\\\/avatar\\\/42749d8b712ff9d59ca93dc150494e5b55a44134482993f5baeb97e61b7ecc89?s=96&d=mm&r=g\",\"contentUrl\":\"https:\\\/\\\/secure.gravatar.com\\\/avatar\\\/42749d8b712ff9d59ca93dc150494e5b55a44134482993f5baeb97e61b7ecc89?s=96&d=mm&r=g\",\"caption\":\"Roberto\"},\"url\":\"https:\\\/\\\/regiaonews.net.br\\\/2022\\\/author\\\/roberto\\\/\"}]}<\/script>\n<!-- \/ Yoast SEO plugin. -->","yoast_head_json":{"title":"Comit\u00ea do Baixo Pardo\/Grande alerta sobre os riscos das bitucas de cigarro no Dia Nacional de Combate ao Fumo - Regi\u00e3o News","robots":{"index":"index","follow":"follow","max-snippet":"max-snippet:-1","max-image-preview":"max-image-preview:large","max-video-preview":"max-video-preview:-1"},"canonical":"https:\/\/regiaonews.net.br\/2022\/2024\/08\/29\/comite-do-baixo-pardo-grande-alerta-sobre-os-riscos-das-bitucas-de-cigarro-no-dia-nacional-de-combate-ao-fumo\/","og_locale":"pt_BR","og_type":"article","og_title":"Comit\u00ea do Baixo Pardo\/Grande alerta sobre os riscos das bitucas de cigarro no Dia Nacional de Combate ao Fumo - Regi\u00e3o News","og_description":"Al\u00e9m dos danos \u00e0 sa\u00fade, o descarte inadequado de bitucas","og_url":"https:\/\/regiaonews.net.br\/2022\/2024\/08\/29\/comite-do-baixo-pardo-grande-alerta-sobre-os-riscos-das-bitucas-de-cigarro-no-dia-nacional-de-combate-ao-fumo\/","og_site_name":"Regi\u00e3o News","article_published_time":"2024-08-29T18:27:43+00:00","og_image":[{"width":1600,"height":1066,"url":"https:\/\/regiaonews.net.br\/2022\/wp-content\/uploads\/2024\/08\/Imagem-do-WhatsApp-de-2024-08-29-as-13.09.26_c1e489e6.jpg","type":"image\/jpeg"}],"author":"Roberto","twitter_card":"summary_large_image","twitter_misc":{"Escrito por":"Roberto","Est. tempo de leitura":"2 minutos"},"schema":{"@context":"https:\/\/schema.org","@graph":[{"@type":"Article","@id":"https:\/\/regiaonews.net.br\/2022\/2024\/08\/29\/comite-do-baixo-pardo-grande-alerta-sobre-os-riscos-das-bitucas-de-cigarro-no-dia-nacional-de-combate-ao-fumo\/#article","isPartOf":{"@id":"https:\/\/regiaonews.net.br\/2022\/2024\/08\/29\/comite-do-baixo-pardo-grande-alerta-sobre-os-riscos-das-bitucas-de-cigarro-no-dia-nacional-de-combate-ao-fumo\/"},"author":{"name":"Roberto","@id":"https:\/\/regiaonews.net.br\/2022\/#\/schema\/person\/2d205a608a5aa97ac279d7a5e6d89ad8"},"headline":"Comit\u00ea do Baixo Pardo\/Grande alerta sobre os riscos das bitucas de cigarro no Dia Nacional de Combate ao Fumo","datePublished":"2024-08-29T18:27:43+00:00","mainEntityOfPage":{"@id":"https:\/\/regiaonews.net.br\/2022\/2024\/08\/29\/comite-do-baixo-pardo-grande-alerta-sobre-os-riscos-das-bitucas-de-cigarro-no-dia-nacional-de-combate-ao-fumo\/"},"wordCount":373,"commentCount":0,"publisher":{"@id":"https:\/\/regiaonews.net.br\/2022\/#organization"},"image":{"@id":"https:\/\/regiaonews.net.br\/2022\/2024\/08\/29\/comite-do-baixo-pardo-grande-alerta-sobre-os-riscos-das-bitucas-de-cigarro-no-dia-nacional-de-combate-ao-fumo\/#primaryimage"},"thumbnailUrl":"https:\/\/regiaonews.net.br\/2022\/wp-content\/uploads\/2024\/08\/Imagem-do-WhatsApp-de-2024-08-29-as-13.09.26_c1e489e6.jpg","articleSection":["Barretos","Geral"],"inLanguage":"pt-BR","potentialAction":[{"@type":"CommentAction","name":"Comment","target":["https:\/\/regiaonews.net.br\/2022\/2024\/08\/29\/comite-do-baixo-pardo-grande-alerta-sobre-os-riscos-das-bitucas-de-cigarro-no-dia-nacional-de-combate-ao-fumo\/#respond"]}]},{"@type":"WebPage","@id":"https:\/\/regiaonews.net.br\/2022\/2024\/08\/29\/comite-do-baixo-pardo-grande-alerta-sobre-os-riscos-das-bitucas-de-cigarro-no-dia-nacional-de-combate-ao-fumo\/","url":"https:\/\/regiaonews.net.br\/2022\/2024\/08\/29\/comite-do-baixo-pardo-grande-alerta-sobre-os-riscos-das-bitucas-de-cigarro-no-dia-nacional-de-combate-ao-fumo\/","name":"Comit\u00ea do Baixo Pardo\/Grande alerta sobre os riscos das bitucas de cigarro no Dia Nacional de Combate ao Fumo - Regi\u00e3o News","isPartOf":{"@id":"https:\/\/regiaonews.net.br\/2022\/#website"},"primaryImageOfPage":{"@id":"https:\/\/regiaonews.net.br\/2022\/2024\/08\/29\/comite-do-baixo-pardo-grande-alerta-sobre-os-riscos-das-bitucas-de-cigarro-no-dia-nacional-de-combate-ao-fumo\/#primaryimage"},"image":{"@id":"https:\/\/regiaonews.net.br\/2022\/2024\/08\/29\/comite-do-baixo-pardo-grande-alerta-sobre-os-riscos-das-bitucas-de-cigarro-no-dia-nacional-de-combate-ao-fumo\/#primaryimage"},"thumbnailUrl":"https:\/\/regiaonews.net.br\/2022\/wp-content\/uploads\/2024\/08\/Imagem-do-WhatsApp-de-2024-08-29-as-13.09.26_c1e489e6.jpg","datePublished":"2024-08-29T18:27:43+00:00","breadcrumb":{"@id":"https:\/\/regiaonews.net.br\/2022\/2024\/08\/29\/comite-do-baixo-pardo-grande-alerta-sobre-os-riscos-das-bitucas-de-cigarro-no-dia-nacional-de-combate-ao-fumo\/#breadcrumb"},"inLanguage":"pt-BR","potentialAction":[{"@type":"ReadAction","target":["https:\/\/regiaonews.net.br\/2022\/2024\/08\/29\/comite-do-baixo-pardo-grande-alerta-sobre-os-riscos-das-bitucas-de-cigarro-no-dia-nacional-de-combate-ao-fumo\/"]}]},{"@type":"ImageObject","inLanguage":"pt-BR","@id":"https:\/\/regiaonews.net.br\/2022\/2024\/08\/29\/comite-do-baixo-pardo-grande-alerta-sobre-os-riscos-das-bitucas-de-cigarro-no-dia-nacional-de-combate-ao-fumo\/#primaryimage","url":"https:\/\/regiaonews.net.br\/2022\/wp-content\/uploads\/2024\/08\/Imagem-do-WhatsApp-de-2024-08-29-as-13.09.26_c1e489e6.jpg","contentUrl":"https:\/\/regiaonews.net.br\/2022\/wp-content\/uploads\/2024\/08\/Imagem-do-WhatsApp-de-2024-08-29-as-13.09.26_c1e489e6.jpg","width":1600,"height":1066},{"@type":"BreadcrumbList","@id":"https:\/\/regiaonews.net.br\/2022\/2024\/08\/29\/comite-do-baixo-pardo-grande-alerta-sobre-os-riscos-das-bitucas-de-cigarro-no-dia-nacional-de-combate-ao-fumo\/#breadcrumb","itemListElement":[{"@type":"ListItem","position":1,"name":"In\u00edcio","item":"https:\/\/regiaonews.net.br\/2022\/"},{"@type":"ListItem","position":2,"name":"Comit\u00ea do Baixo Pardo\/Grande alerta sobre os riscos das bitucas de cigarro no Dia Nacional de Combate ao Fumo"}]},{"@type":"WebSite","@id":"https:\/\/regiaonews.net.br\/2022\/#website","url":"https:\/\/regiaonews.net.br\/2022\/","name":"Regi\u00e3o News","description":"Site de Not\u00edcias de Barretos e regi\u00e3o","publisher":{"@id":"https:\/\/regiaonews.net.br\/2022\/#organization"},"potentialAction":[{"@type":"SearchAction","target":{"@type":"EntryPoint","urlTemplate":"https:\/\/regiaonews.net.br\/2022\/?s={search_term_string}"},"query-input":{"@type":"PropertyValueSpecification","valueRequired":true,"valueName":"search_term_string"}}],"inLanguage":"pt-BR"},{"@type":"Organization","@id":"https:\/\/regiaonews.net.br\/2022\/#organization","name":"Regi\u00e3o News","url":"https:\/\/regiaonews.net.br\/2022\/","logo":{"@type":"ImageObject","inLanguage":"pt-BR","@id":"https:\/\/regiaonews.net.br\/2022\/#\/schema\/logo\/image\/","url":"https:\/\/regiaonews.net.br\/2022\/wp-content\/uploads\/2026\/03\/regiao-13-anos-scaled.jpg","contentUrl":"https:\/\/regiaonews.net.br\/2022\/wp-content\/uploads\/2026\/03\/regiao-13-anos-scaled.jpg","width":2560,"height":635,"caption":"Regi\u00e3o News"},"image":{"@id":"https:\/\/regiaonews.net.br\/2022\/#\/schema\/logo\/image\/"}},{"@type":"Person","@id":"https:\/\/regiaonews.net.br\/2022\/#\/schema\/person\/2d205a608a5aa97ac279d7a5e6d89ad8","name":"Roberto","image":{"@type":"ImageObject","inLanguage":"pt-BR","@id":"https:\/\/secure.gravatar.com\/avatar\/42749d8b712ff9d59ca93dc150494e5b55a44134482993f5baeb97e61b7ecc89?s=96&d=mm&r=g","url":"https:\/\/secure.gravatar.com\/avatar\/42749d8b712ff9d59ca93dc150494e5b55a44134482993f5baeb97e61b7ecc89?s=96&d=mm&r=g","contentUrl":"https:\/\/secure.gravatar.com\/avatar\/42749d8b712ff9d59ca93dc150494e5b55a44134482993f5baeb97e61b7ecc89?s=96&d=mm&r=g","caption":"Roberto"},"url":"https:\/\/regiaonews.net.br\/2022\/author\/roberto\/"}]}},"publishpress_future_action":{"enabled":false,"date":"2026-05-03 03:16:39","action":"change-status","newStatus":"draft","terms":[],"taxonomy":"category","extraData":[]},"publishpress_future_workflow_manual_trigger":{"enabledWorkflows":[]},"_links":{"self":[{"href":"https:\/\/regiaonews.net.br\/2022\/wp-json\/wp\/v2\/posts\/109428","targetHints":{"allow":["GET"]}}],"collection":[{"href":"https:\/\/regiaonews.net.br\/2022\/wp-json\/wp\/v2\/posts"}],"about":[{"href":"https:\/\/regiaonews.net.br\/2022\/wp-json\/wp\/v2\/types\/post"}],"author":[{"embeddable":true,"href":"https:\/\/regiaonews.net.br\/2022\/wp-json\/wp\/v2\/users\/2"}],"replies":[{"embeddable":true,"href":"https:\/\/regiaonews.net.br\/2022\/wp-json\/wp\/v2\/comments?post=109428"}],"version-history":[{"count":1,"href":"https:\/\/regiaonews.net.br\/2022\/wp-json\/wp\/v2\/posts\/109428\/revisions"}],"predecessor-version":[{"id":109430,"href":"https:\/\/regiaonews.net.br\/2022\/wp-json\/wp\/v2\/posts\/109428\/revisions\/109430"}],"wp:featuredmedia":[{"embeddable":true,"href":"https:\/\/regiaonews.net.br\/2022\/wp-json\/wp\/v2\/media\/109429"}],"wp:attachment":[{"href":"https:\/\/regiaonews.net.br\/2022\/wp-json\/wp\/v2\/media?parent=109428"}],"wp:term":[{"taxonomy":"category","embeddable":true,"href":"https:\/\/regiaonews.net.br\/2022\/wp-json\/wp\/v2\/categories?post=109428"},{"taxonomy":"post_tag","embeddable":true,"href":"https:\/\/regiaonews.net.br\/2022\/wp-json\/wp\/v2\/tags?post=109428"}],"curies":[{"name":"wp","href":"https:\/\/api.w.org\/{rel}","templated":true}]}}