{"id":109416,"date":"2024-08-29T15:24:49","date_gmt":"2024-08-29T18:24:49","guid":{"rendered":"https:\/\/regiaonews.net.br\/2022\/?p=109416"},"modified":"2024-08-29T15:24:49","modified_gmt":"2024-08-29T18:24:49","slug":"sebrae-sp-abre-75-vagas-para-produtores-rurais-da-regiao-de-barretos-em-programa-gratuito-de-inovacao","status":"publish","type":"post","link":"https:\/\/regiaonews.net.br\/2022\/2024\/08\/29\/sebrae-sp-abre-75-vagas-para-produtores-rurais-da-regiao-de-barretos-em-programa-gratuito-de-inovacao\/","title":{"rendered":"Sebrae-SP abre 75 vagas para produtores rurais da regi\u00e3o de Barretos em programa gratuito de inova\u00e7\u00e3o"},"content":{"rendered":"<h3 style=\"text-align: center;\">Inscri\u00e7\u00f5es para o ALI Rural est\u00e3o abertas at\u00e9 o dia 15 de setembro<\/h3>\n<p>O Sebrae-SP est\u00e1 com 75 vagas abertas gratuitas para o 4\u00ba ciclo do programa Agentes Locais de Inova\u00e7\u00e3o (ALI) para a regi\u00e3o de Barretos. Focado no segmento agro, o projeto ALI Rural vai atender produtores e produtoras rurais que estejam em um momento de busca pelo desenvolvimento de novos produtos, solu\u00e7\u00f5es, servi\u00e7os ou modelo de neg\u00f3cios para melhoria dos processos produtivos e acesso a novos mercados, tudo visando a implementa\u00e7\u00e3o de inova\u00e7\u00f5es nos neg\u00f3cios e aumento de faturamento.<\/p>\n<p>As inscri\u00e7\u00f5es podem ser feitas at\u00e9 o dia 15 de setembro pelo link https:\/\/contato.sebraesp.com.br\/alirural\/.<\/p>\n<p>O ALI Rural ter\u00e1 dura\u00e7\u00e3o de oito meses com foco no aumento de faturamento e na inova\u00e7\u00e3o para auxiliar as propriedades rurais que encontram dificuldades em ampliar suas participa\u00e7\u00f5es no mercado.<\/p>\n<p>Podem se inscrever produtores de Altair, Ariranha, Barretos, Bebedouro, Cajobi, Colina, Col\u00f4mbia, Emba\u00faba, Gua\u00edra, Guaraci, Ic\u00e9m, Ipu\u00e3, Jaborandi, Monte Azul Paulista, Morro Agudo, Para\u00edso, Pirangi, Sever\u00ednia, Taia\u00e7u, Tai\u00fava, Taquaral, Terra Roxa e Viradouro.<\/p>\n<p>A metodologia do programa consiste em um diagn\u00f3stico inicial realizado por agentes especialistas em agroneg\u00f3cios para que sejam trabalhadas cinco vertentes fundamentais: melhorias no processo produtivo, redu\u00e7\u00e3o de custos, novos produtos, controles gerenciais e marketing e vendas. Ser\u00e3o realizados encontros individuais na propriedade rural e coletivos por agentes locais de inova\u00e7\u00e3o do Sebrae, para que sejam mensurados os resultados dentro do plano de a\u00e7\u00e3o estabelecido entre o agente e o produtor rural para o crescimento do neg\u00f3cio.<\/p>\n<p>\u201cO ALI Rural \u00e9 um programa gratuito feito sob medida para o segmento agro. Mais de 6,2 mil produtores e produtoras rurais de todo o Estado j\u00e1 participaram do projeto desde janeiro de 2022 e apresentam resultados bastante significativos, como 16,5% de aumento m\u00e9dio de faturamento e 56% de inova\u00e7\u00e3o e moderniza\u00e7\u00e3o, principalmente em processos que fazem a diferen\u00e7a no dia a dia da gest\u00e3o das propriedades rurais e fazem com que se tornem cada vez mais competitivas no mercado\u201d, destaca a gestora estadual do programa ALI Rural do Sebrae-SP, Vanessa de Lima e Silva.<\/p>\n<p>Podem participar do Programa ALI Rural produtoras e produtores ruais formalizados ao menos um dos seguintes documentos: CNPJ, sendo MEI Rural, ME ou EPP; DAP, CAF, NIRF, Inscri\u00e7\u00e3o Estadual, Registro de Pescador ou CAEPF.<\/p>\n","protected":false},"excerpt":{"rendered":"<p>Inscri\u00e7\u00f5es para o ALI Rural est\u00e3o abertas at\u00e9 o dia<\/p>\n","protected":false},"author":2,"featured_media":109417,"comment_status":"open","ping_status":"open","sticky":false,"template":"","format":"standard","meta":{"footnotes":""},"categories":[14,3],"tags":[],"class_list":["post-109416","post","type-post","status-publish","format-standard","has-post-thumbnail","hentry","category-barretos","category-geral"],"yoast_head":"<!-- This site is optimized with the Yoast SEO plugin v27.4 - https:\/\/yoast.com\/product\/yoast-seo-wordpress\/ -->\n<title>Sebrae-SP abre 75 vagas para produtores rurais da regi\u00e3o de Barretos em programa gratuito de inova\u00e7\u00e3o - Regi\u00e3o News<\/title>\n<meta name=\"robots\" content=\"index, follow, max-snippet:-1, max-image-preview:large, max-video-preview:-1\" \/>\n<link rel=\"canonical\" href=\"https:\/\/regiaonews.net.br\/2022\/2024\/08\/29\/sebrae-sp-abre-75-vagas-para-produtores-rurais-da-regiao-de-barretos-em-programa-gratuito-de-inovacao\/\" \/>\n<meta property=\"og:locale\" content=\"pt_BR\" \/>\n<meta property=\"og:type\" content=\"article\" \/>\n<meta property=\"og:title\" content=\"Sebrae-SP abre 75 vagas para produtores rurais da regi\u00e3o de Barretos em programa gratuito de inova\u00e7\u00e3o - Regi\u00e3o News\" \/>\n<meta property=\"og:description\" content=\"Inscri\u00e7\u00f5es para o ALI Rural est\u00e3o abertas at\u00e9 o dia\" \/>\n<meta property=\"og:url\" content=\"https:\/\/regiaonews.net.br\/2022\/2024\/08\/29\/sebrae-sp-abre-75-vagas-para-produtores-rurais-da-regiao-de-barretos-em-programa-gratuito-de-inovacao\/\" \/>\n<meta property=\"og:site_name\" content=\"Regi\u00e3o News\" \/>\n<meta property=\"article:published_time\" content=\"2024-08-29T18:24:49+00:00\" \/>\n<meta property=\"og:image\" content=\"https:\/\/regiaonews.net.br\/2022\/wp-content\/uploads\/2024\/08\/Imagem-do-WhatsApp-de-2024-08-29-as-09.58.28_6fa1f606.jpg\" \/>\n\t<meta property=\"og:image:width\" content=\"1600\" \/>\n\t<meta property=\"og:image:height\" content=\"1066\" \/>\n\t<meta property=\"og:image:type\" content=\"image\/jpeg\" \/>\n<meta name=\"author\" content=\"Roberto\" \/>\n<meta name=\"twitter:card\" content=\"summary_large_image\" \/>\n<meta name=\"twitter:label1\" content=\"Escrito por\" \/>\n\t<meta name=\"twitter:data1\" content=\"Roberto\" \/>\n\t<meta name=\"twitter:label2\" content=\"Est. tempo de leitura\" \/>\n\t<meta name=\"twitter:data2\" content=\"3 minutos\" \/>\n<script type=\"application\/ld+json\" class=\"yoast-schema-graph\">{\"@context\":\"https:\\\/\\\/schema.org\",\"@graph\":[{\"@type\":\"Article\",\"@id\":\"https:\\\/\\\/regiaonews.net.br\\\/2022\\\/2024\\\/08\\\/29\\\/sebrae-sp-abre-75-vagas-para-produtores-rurais-da-regiao-de-barretos-em-programa-gratuito-de-inovacao\\\/#article\",\"isPartOf\":{\"@id\":\"https:\\\/\\\/regiaonews.net.br\\\/2022\\\/2024\\\/08\\\/29\\\/sebrae-sp-abre-75-vagas-para-produtores-rurais-da-regiao-de-barretos-em-programa-gratuito-de-inovacao\\\/\"},\"author\":{\"name\":\"Roberto\",\"@id\":\"https:\\\/\\\/regiaonews.net.br\\\/2022\\\/#\\\/schema\\\/person\\\/2d205a608a5aa97ac279d7a5e6d89ad8\"},\"headline\":\"Sebrae-SP abre 75 vagas para produtores rurais da regi\u00e3o de Barretos em programa gratuito de inova\u00e7\u00e3o\",\"datePublished\":\"2024-08-29T18:24:49+00:00\",\"mainEntityOfPage\":{\"@id\":\"https:\\\/\\\/regiaonews.net.br\\\/2022\\\/2024\\\/08\\\/29\\\/sebrae-sp-abre-75-vagas-para-produtores-rurais-da-regiao-de-barretos-em-programa-gratuito-de-inovacao\\\/\"},\"wordCount\":423,\"commentCount\":0,\"publisher\":{\"@id\":\"https:\\\/\\\/regiaonews.net.br\\\/2022\\\/#organization\"},\"image\":{\"@id\":\"https:\\\/\\\/regiaonews.net.br\\\/2022\\\/2024\\\/08\\\/29\\\/sebrae-sp-abre-75-vagas-para-produtores-rurais-da-regiao-de-barretos-em-programa-gratuito-de-inovacao\\\/#primaryimage\"},\"thumbnailUrl\":\"https:\\\/\\\/regiaonews.net.br\\\/2022\\\/wp-content\\\/uploads\\\/2024\\\/08\\\/Imagem-do-WhatsApp-de-2024-08-29-as-09.58.28_6fa1f606.jpg\",\"articleSection\":[\"Barretos\",\"Geral\"],\"inLanguage\":\"pt-BR\",\"potentialAction\":[{\"@type\":\"CommentAction\",\"name\":\"Comment\",\"target\":[\"https:\\\/\\\/regiaonews.net.br\\\/2022\\\/2024\\\/08\\\/29\\\/sebrae-sp-abre-75-vagas-para-produtores-rurais-da-regiao-de-barretos-em-programa-gratuito-de-inovacao\\\/#respond\"]}]},{\"@type\":\"WebPage\",\"@id\":\"https:\\\/\\\/regiaonews.net.br\\\/2022\\\/2024\\\/08\\\/29\\\/sebrae-sp-abre-75-vagas-para-produtores-rurais-da-regiao-de-barretos-em-programa-gratuito-de-inovacao\\\/\",\"url\":\"https:\\\/\\\/regiaonews.net.br\\\/2022\\\/2024\\\/08\\\/29\\\/sebrae-sp-abre-75-vagas-para-produtores-rurais-da-regiao-de-barretos-em-programa-gratuito-de-inovacao\\\/\",\"name\":\"Sebrae-SP abre 75 vagas para produtores rurais da regi\u00e3o de Barretos em programa gratuito de inova\u00e7\u00e3o - Regi\u00e3o News\",\"isPartOf\":{\"@id\":\"https:\\\/\\\/regiaonews.net.br\\\/2022\\\/#website\"},\"primaryImageOfPage\":{\"@id\":\"https:\\\/\\\/regiaonews.net.br\\\/2022\\\/2024\\\/08\\\/29\\\/sebrae-sp-abre-75-vagas-para-produtores-rurais-da-regiao-de-barretos-em-programa-gratuito-de-inovacao\\\/#primaryimage\"},\"image\":{\"@id\":\"https:\\\/\\\/regiaonews.net.br\\\/2022\\\/2024\\\/08\\\/29\\\/sebrae-sp-abre-75-vagas-para-produtores-rurais-da-regiao-de-barretos-em-programa-gratuito-de-inovacao\\\/#primaryimage\"},\"thumbnailUrl\":\"https:\\\/\\\/regiaonews.net.br\\\/2022\\\/wp-content\\\/uploads\\\/2024\\\/08\\\/Imagem-do-WhatsApp-de-2024-08-29-as-09.58.28_6fa1f606.jpg\",\"datePublished\":\"2024-08-29T18:24:49+00:00\",\"breadcrumb\":{\"@id\":\"https:\\\/\\\/regiaonews.net.br\\\/2022\\\/2024\\\/08\\\/29\\\/sebrae-sp-abre-75-vagas-para-produtores-rurais-da-regiao-de-barretos-em-programa-gratuito-de-inovacao\\\/#breadcrumb\"},\"inLanguage\":\"pt-BR\",\"potentialAction\":[{\"@type\":\"ReadAction\",\"target\":[\"https:\\\/\\\/regiaonews.net.br\\\/2022\\\/2024\\\/08\\\/29\\\/sebrae-sp-abre-75-vagas-para-produtores-rurais-da-regiao-de-barretos-em-programa-gratuito-de-inovacao\\\/\"]}]},{\"@type\":\"ImageObject\",\"inLanguage\":\"pt-BR\",\"@id\":\"https:\\\/\\\/regiaonews.net.br\\\/2022\\\/2024\\\/08\\\/29\\\/sebrae-sp-abre-75-vagas-para-produtores-rurais-da-regiao-de-barretos-em-programa-gratuito-de-inovacao\\\/#primaryimage\",\"url\":\"https:\\\/\\\/regiaonews.net.br\\\/2022\\\/wp-content\\\/uploads\\\/2024\\\/08\\\/Imagem-do-WhatsApp-de-2024-08-29-as-09.58.28_6fa1f606.jpg\",\"contentUrl\":\"https:\\\/\\\/regiaonews.net.br\\\/2022\\\/wp-content\\\/uploads\\\/2024\\\/08\\\/Imagem-do-WhatsApp-de-2024-08-29-as-09.58.28_6fa1f606.jpg\",\"width\":1600,\"height\":1066},{\"@type\":\"BreadcrumbList\",\"@id\":\"https:\\\/\\\/regiaonews.net.br\\\/2022\\\/2024\\\/08\\\/29\\\/sebrae-sp-abre-75-vagas-para-produtores-rurais-da-regiao-de-barretos-em-programa-gratuito-de-inovacao\\\/#breadcrumb\",\"itemListElement\":[{\"@type\":\"ListItem\",\"position\":1,\"name\":\"In\u00edcio\",\"item\":\"https:\\\/\\\/regiaonews.net.br\\\/2022\\\/\"},{\"@type\":\"ListItem\",\"position\":2,\"name\":\"Sebrae-SP abre 75 vagas para produtores rurais da regi\u00e3o de Barretos em programa gratuito de inova\u00e7\u00e3o\"}]},{\"@type\":\"WebSite\",\"@id\":\"https:\\\/\\\/regiaonews.net.br\\\/2022\\\/#website\",\"url\":\"https:\\\/\\\/regiaonews.net.br\\\/2022\\\/\",\"name\":\"Regi\u00e3o News\",\"description\":\"Site de Not\u00edcias de Barretos e regi\u00e3o\",\"publisher\":{\"@id\":\"https:\\\/\\\/regiaonews.net.br\\\/2022\\\/#organization\"},\"potentialAction\":[{\"@type\":\"SearchAction\",\"target\":{\"@type\":\"EntryPoint\",\"urlTemplate\":\"https:\\\/\\\/regiaonews.net.br\\\/2022\\\/?s={search_term_string}\"},\"query-input\":{\"@type\":\"PropertyValueSpecification\",\"valueRequired\":true,\"valueName\":\"search_term_string\"}}],\"inLanguage\":\"pt-BR\"},{\"@type\":\"Organization\",\"@id\":\"https:\\\/\\\/regiaonews.net.br\\\/2022\\\/#organization\",\"name\":\"Regi\u00e3o News\",\"url\":\"https:\\\/\\\/regiaonews.net.br\\\/2022\\\/\",\"logo\":{\"@type\":\"ImageObject\",\"inLanguage\":\"pt-BR\",\"@id\":\"https:\\\/\\\/regiaonews.net.br\\\/2022\\\/#\\\/schema\\\/logo\\\/image\\\/\",\"url\":\"https:\\\/\\\/regiaonews.net.br\\\/2022\\\/wp-content\\\/uploads\\\/2026\\\/03\\\/regiao-13-anos-scaled.jpg\",\"contentUrl\":\"https:\\\/\\\/regiaonews.net.br\\\/2022\\\/wp-content\\\/uploads\\\/2026\\\/03\\\/regiao-13-anos-scaled.jpg\",\"width\":2560,\"height\":635,\"caption\":\"Regi\u00e3o News\"},\"image\":{\"@id\":\"https:\\\/\\\/regiaonews.net.br\\\/2022\\\/#\\\/schema\\\/logo\\\/image\\\/\"}},{\"@type\":\"Person\",\"@id\":\"https:\\\/\\\/regiaonews.net.br\\\/2022\\\/#\\\/schema\\\/person\\\/2d205a608a5aa97ac279d7a5e6d89ad8\",\"name\":\"Roberto\",\"image\":{\"@type\":\"ImageObject\",\"inLanguage\":\"pt-BR\",\"@id\":\"https:\\\/\\\/secure.gravatar.com\\\/avatar\\\/42749d8b712ff9d59ca93dc150494e5b55a44134482993f5baeb97e61b7ecc89?s=96&d=mm&r=g\",\"url\":\"https:\\\/\\\/secure.gravatar.com\\\/avatar\\\/42749d8b712ff9d59ca93dc150494e5b55a44134482993f5baeb97e61b7ecc89?s=96&d=mm&r=g\",\"contentUrl\":\"https:\\\/\\\/secure.gravatar.com\\\/avatar\\\/42749d8b712ff9d59ca93dc150494e5b55a44134482993f5baeb97e61b7ecc89?s=96&d=mm&r=g\",\"caption\":\"Roberto\"},\"url\":\"https:\\\/\\\/regiaonews.net.br\\\/2022\\\/author\\\/roberto\\\/\"}]}<\/script>\n<!-- \/ Yoast SEO plugin. -->","yoast_head_json":{"title":"Sebrae-SP abre 75 vagas para produtores rurais da regi\u00e3o de Barretos em programa gratuito de inova\u00e7\u00e3o - Regi\u00e3o News","robots":{"index":"index","follow":"follow","max-snippet":"max-snippet:-1","max-image-preview":"max-image-preview:large","max-video-preview":"max-video-preview:-1"},"canonical":"https:\/\/regiaonews.net.br\/2022\/2024\/08\/29\/sebrae-sp-abre-75-vagas-para-produtores-rurais-da-regiao-de-barretos-em-programa-gratuito-de-inovacao\/","og_locale":"pt_BR","og_type":"article","og_title":"Sebrae-SP abre 75 vagas para produtores rurais da regi\u00e3o de Barretos em programa gratuito de inova\u00e7\u00e3o - Regi\u00e3o News","og_description":"Inscri\u00e7\u00f5es para o ALI Rural est\u00e3o abertas at\u00e9 o dia","og_url":"https:\/\/regiaonews.net.br\/2022\/2024\/08\/29\/sebrae-sp-abre-75-vagas-para-produtores-rurais-da-regiao-de-barretos-em-programa-gratuito-de-inovacao\/","og_site_name":"Regi\u00e3o News","article_published_time":"2024-08-29T18:24:49+00:00","og_image":[{"width":1600,"height":1066,"url":"https:\/\/regiaonews.net.br\/2022\/wp-content\/uploads\/2024\/08\/Imagem-do-WhatsApp-de-2024-08-29-as-09.58.28_6fa1f606.jpg","type":"image\/jpeg"}],"author":"Roberto","twitter_card":"summary_large_image","twitter_misc":{"Escrito por":"Roberto","Est. tempo de leitura":"3 minutos"},"schema":{"@context":"https:\/\/schema.org","@graph":[{"@type":"Article","@id":"https:\/\/regiaonews.net.br\/2022\/2024\/08\/29\/sebrae-sp-abre-75-vagas-para-produtores-rurais-da-regiao-de-barretos-em-programa-gratuito-de-inovacao\/#article","isPartOf":{"@id":"https:\/\/regiaonews.net.br\/2022\/2024\/08\/29\/sebrae-sp-abre-75-vagas-para-produtores-rurais-da-regiao-de-barretos-em-programa-gratuito-de-inovacao\/"},"author":{"name":"Roberto","@id":"https:\/\/regiaonews.net.br\/2022\/#\/schema\/person\/2d205a608a5aa97ac279d7a5e6d89ad8"},"headline":"Sebrae-SP abre 75 vagas para produtores rurais da regi\u00e3o de Barretos em programa gratuito de inova\u00e7\u00e3o","datePublished":"2024-08-29T18:24:49+00:00","mainEntityOfPage":{"@id":"https:\/\/regiaonews.net.br\/2022\/2024\/08\/29\/sebrae-sp-abre-75-vagas-para-produtores-rurais-da-regiao-de-barretos-em-programa-gratuito-de-inovacao\/"},"wordCount":423,"commentCount":0,"publisher":{"@id":"https:\/\/regiaonews.net.br\/2022\/#organization"},"image":{"@id":"https:\/\/regiaonews.net.br\/2022\/2024\/08\/29\/sebrae-sp-abre-75-vagas-para-produtores-rurais-da-regiao-de-barretos-em-programa-gratuito-de-inovacao\/#primaryimage"},"thumbnailUrl":"https:\/\/regiaonews.net.br\/2022\/wp-content\/uploads\/2024\/08\/Imagem-do-WhatsApp-de-2024-08-29-as-09.58.28_6fa1f606.jpg","articleSection":["Barretos","Geral"],"inLanguage":"pt-BR","potentialAction":[{"@type":"CommentAction","name":"Comment","target":["https:\/\/regiaonews.net.br\/2022\/2024\/08\/29\/sebrae-sp-abre-75-vagas-para-produtores-rurais-da-regiao-de-barretos-em-programa-gratuito-de-inovacao\/#respond"]}]},{"@type":"WebPage","@id":"https:\/\/regiaonews.net.br\/2022\/2024\/08\/29\/sebrae-sp-abre-75-vagas-para-produtores-rurais-da-regiao-de-barretos-em-programa-gratuito-de-inovacao\/","url":"https:\/\/regiaonews.net.br\/2022\/2024\/08\/29\/sebrae-sp-abre-75-vagas-para-produtores-rurais-da-regiao-de-barretos-em-programa-gratuito-de-inovacao\/","name":"Sebrae-SP abre 75 vagas para produtores rurais da regi\u00e3o de Barretos em programa gratuito de inova\u00e7\u00e3o - Regi\u00e3o News","isPartOf":{"@id":"https:\/\/regiaonews.net.br\/2022\/#website"},"primaryImageOfPage":{"@id":"https:\/\/regiaonews.net.br\/2022\/2024\/08\/29\/sebrae-sp-abre-75-vagas-para-produtores-rurais-da-regiao-de-barretos-em-programa-gratuito-de-inovacao\/#primaryimage"},"image":{"@id":"https:\/\/regiaonews.net.br\/2022\/2024\/08\/29\/sebrae-sp-abre-75-vagas-para-produtores-rurais-da-regiao-de-barretos-em-programa-gratuito-de-inovacao\/#primaryimage"},"thumbnailUrl":"https:\/\/regiaonews.net.br\/2022\/wp-content\/uploads\/2024\/08\/Imagem-do-WhatsApp-de-2024-08-29-as-09.58.28_6fa1f606.jpg","datePublished":"2024-08-29T18:24:49+00:00","breadcrumb":{"@id":"https:\/\/regiaonews.net.br\/2022\/2024\/08\/29\/sebrae-sp-abre-75-vagas-para-produtores-rurais-da-regiao-de-barretos-em-programa-gratuito-de-inovacao\/#breadcrumb"},"inLanguage":"pt-BR","potentialAction":[{"@type":"ReadAction","target":["https:\/\/regiaonews.net.br\/2022\/2024\/08\/29\/sebrae-sp-abre-75-vagas-para-produtores-rurais-da-regiao-de-barretos-em-programa-gratuito-de-inovacao\/"]}]},{"@type":"ImageObject","inLanguage":"pt-BR","@id":"https:\/\/regiaonews.net.br\/2022\/2024\/08\/29\/sebrae-sp-abre-75-vagas-para-produtores-rurais-da-regiao-de-barretos-em-programa-gratuito-de-inovacao\/#primaryimage","url":"https:\/\/regiaonews.net.br\/2022\/wp-content\/uploads\/2024\/08\/Imagem-do-WhatsApp-de-2024-08-29-as-09.58.28_6fa1f606.jpg","contentUrl":"https:\/\/regiaonews.net.br\/2022\/wp-content\/uploads\/2024\/08\/Imagem-do-WhatsApp-de-2024-08-29-as-09.58.28_6fa1f606.jpg","width":1600,"height":1066},{"@type":"BreadcrumbList","@id":"https:\/\/regiaonews.net.br\/2022\/2024\/08\/29\/sebrae-sp-abre-75-vagas-para-produtores-rurais-da-regiao-de-barretos-em-programa-gratuito-de-inovacao\/#breadcrumb","itemListElement":[{"@type":"ListItem","position":1,"name":"In\u00edcio","item":"https:\/\/regiaonews.net.br\/2022\/"},{"@type":"ListItem","position":2,"name":"Sebrae-SP abre 75 vagas para produtores rurais da regi\u00e3o de Barretos em programa gratuito de inova\u00e7\u00e3o"}]},{"@type":"WebSite","@id":"https:\/\/regiaonews.net.br\/2022\/#website","url":"https:\/\/regiaonews.net.br\/2022\/","name":"Regi\u00e3o News","description":"Site de Not\u00edcias de Barretos e regi\u00e3o","publisher":{"@id":"https:\/\/regiaonews.net.br\/2022\/#organization"},"potentialAction":[{"@type":"SearchAction","target":{"@type":"EntryPoint","urlTemplate":"https:\/\/regiaonews.net.br\/2022\/?s={search_term_string}"},"query-input":{"@type":"PropertyValueSpecification","valueRequired":true,"valueName":"search_term_string"}}],"inLanguage":"pt-BR"},{"@type":"Organization","@id":"https:\/\/regiaonews.net.br\/2022\/#organization","name":"Regi\u00e3o News","url":"https:\/\/regiaonews.net.br\/2022\/","logo":{"@type":"ImageObject","inLanguage":"pt-BR","@id":"https:\/\/regiaonews.net.br\/2022\/#\/schema\/logo\/image\/","url":"https:\/\/regiaonews.net.br\/2022\/wp-content\/uploads\/2026\/03\/regiao-13-anos-scaled.jpg","contentUrl":"https:\/\/regiaonews.net.br\/2022\/wp-content\/uploads\/2026\/03\/regiao-13-anos-scaled.jpg","width":2560,"height":635,"caption":"Regi\u00e3o News"},"image":{"@id":"https:\/\/regiaonews.net.br\/2022\/#\/schema\/logo\/image\/"}},{"@type":"Person","@id":"https:\/\/regiaonews.net.br\/2022\/#\/schema\/person\/2d205a608a5aa97ac279d7a5e6d89ad8","name":"Roberto","image":{"@type":"ImageObject","inLanguage":"pt-BR","@id":"https:\/\/secure.gravatar.com\/avatar\/42749d8b712ff9d59ca93dc150494e5b55a44134482993f5baeb97e61b7ecc89?s=96&d=mm&r=g","url":"https:\/\/secure.gravatar.com\/avatar\/42749d8b712ff9d59ca93dc150494e5b55a44134482993f5baeb97e61b7ecc89?s=96&d=mm&r=g","contentUrl":"https:\/\/secure.gravatar.com\/avatar\/42749d8b712ff9d59ca93dc150494e5b55a44134482993f5baeb97e61b7ecc89?s=96&d=mm&r=g","caption":"Roberto"},"url":"https:\/\/regiaonews.net.br\/2022\/author\/roberto\/"}]}},"publishpress_future_action":{"enabled":false,"date":"2026-05-03 01:46:38","action":"change-status","newStatus":"draft","terms":[],"taxonomy":"category","extraData":[]},"publishpress_future_workflow_manual_trigger":{"enabledWorkflows":[]},"_links":{"self":[{"href":"https:\/\/regiaonews.net.br\/2022\/wp-json\/wp\/v2\/posts\/109416","targetHints":{"allow":["GET"]}}],"collection":[{"href":"https:\/\/regiaonews.net.br\/2022\/wp-json\/wp\/v2\/posts"}],"about":[{"href":"https:\/\/regiaonews.net.br\/2022\/wp-json\/wp\/v2\/types\/post"}],"author":[{"embeddable":true,"href":"https:\/\/regiaonews.net.br\/2022\/wp-json\/wp\/v2\/users\/2"}],"replies":[{"embeddable":true,"href":"https:\/\/regiaonews.net.br\/2022\/wp-json\/wp\/v2\/comments?post=109416"}],"version-history":[{"count":1,"href":"https:\/\/regiaonews.net.br\/2022\/wp-json\/wp\/v2\/posts\/109416\/revisions"}],"predecessor-version":[{"id":109418,"href":"https:\/\/regiaonews.net.br\/2022\/wp-json\/wp\/v2\/posts\/109416\/revisions\/109418"}],"wp:featuredmedia":[{"embeddable":true,"href":"https:\/\/regiaonews.net.br\/2022\/wp-json\/wp\/v2\/media\/109417"}],"wp:attachment":[{"href":"https:\/\/regiaonews.net.br\/2022\/wp-json\/wp\/v2\/media?parent=109416"}],"wp:term":[{"taxonomy":"category","embeddable":true,"href":"https:\/\/regiaonews.net.br\/2022\/wp-json\/wp\/v2\/categories?post=109416"},{"taxonomy":"post_tag","embeddable":true,"href":"https:\/\/regiaonews.net.br\/2022\/wp-json\/wp\/v2\/tags?post=109416"}],"curies":[{"name":"wp","href":"https:\/\/api.w.org\/{rel}","templated":true}]}}