{"id":109379,"date":"2024-08-28T09:19:19","date_gmt":"2024-08-28T12:19:19","guid":{"rendered":"https:\/\/regiaonews.net.br\/2022\/?p=109379"},"modified":"2024-08-28T09:19:19","modified_gmt":"2024-08-28T12:19:19","slug":"brasil-inicia-jogos-paralimpicos-em-busca-de-campanha-historica","status":"publish","type":"post","link":"https:\/\/regiaonews.net.br\/2022\/2024\/08\/28\/brasil-inicia-jogos-paralimpicos-em-busca-de-campanha-historica\/","title":{"rendered":"Brasil inicia Jogos Paral\u00edmpicos em busca de campanha hist\u00f3rica"},"content":{"rendered":"<p>&nbsp;<\/p>\n<p>O Brasil inicia a disputa dos Jogos Paral\u00edmpicos de Paris (Fran\u00e7a) com a meta de realizar a campanha mais vitoriosa de sua hist\u00f3ria. Para isto, o Comit\u00ea Paral\u00edmpico Brasileiro (CPB) enviou para a capital francesa a maior delega\u00e7\u00e3o brasileira da hist\u00f3ria da competi\u00e7\u00e3o: o total de 280 atletas, sendo 255 com defici\u00eancia, 19 atletas guia (18 para o atletismo e 1 para o triatlo), tr\u00eas calheiros da bocha, dois goleiros do futebol de cegos e um timoneiro do remo.<\/p>\n<p>\u201cTemos, no nosso plano estrat\u00e9gico, formulado em 2017, a meta de conquistar entre 70 e 90 medalhas e de ficar entre os oito primeiros. Mas a nossa real expectativa \u00e9 de que o Brasil possa fazer em Paris a melhor campanha de todos os tempos\u201d, declarou o presidente do CPB, Mizael Conrado, sobre a expectativa de campanha do Brasil nos Jogos de Paris, que ser\u00e3o realizados entre a esta quarta-feira (28) e o dia 8 de setembro.<\/p>\n<p>O objetivo \u00e9 ultrapassar as campanhas dos Jogos do Rio (2016) e de T\u00f3quio (2020), nos quais, em cada, o Brasil conquistou o total de 72 medalhas. Por\u00e9m, foi no Jap\u00e3o que o pa\u00eds estabeleceu o recorde de ouros, 22, superando a marca dos Jogos de Londres (2012), quando 21 brasileiros subiram ao lugar mais alto do p\u00f3dio. Em 2016 foram conquistados 14 ouros.<\/p>\n<p>A Cerim\u00f4nia de Abertura dos Jogos de Paris ser\u00e1 realizada a partir das 15h (hor\u00e1rio de Bras\u00edlia) desta quarta. O evento ser\u00e1 realizado de maneira in\u00e9dita fora de um est\u00e1dio, com o desfile dos atletas partindo da parte inferior da avenida Champs-Elys\u00e9es se estendendo pelo cora\u00e7\u00e3o da capital francesa at\u00e9 a ic\u00f4nica Place de la Concorde.<\/p>\n","protected":false},"excerpt":{"rendered":"<p>&nbsp; O Brasil inicia a disputa dos Jogos Paral\u00edmpicos de<\/p>\n","protected":false},"author":2,"featured_media":109380,"comment_status":"open","ping_status":"open","sticky":false,"template":"","format":"standard","meta":{"footnotes":""},"categories":[21,135],"tags":[],"class_list":["post-109379","post","type-post","status-publish","format-standard","has-post-thumbnail","hentry","category-esporte","category-jogos-paraolimpicos"],"yoast_head":"<!-- This site is optimized with the Yoast SEO plugin v27.4 - https:\/\/yoast.com\/product\/yoast-seo-wordpress\/ -->\n<title>Brasil inicia Jogos Paral\u00edmpicos em busca de campanha hist\u00f3rica - Regi\u00e3o News<\/title>\n<meta name=\"robots\" content=\"index, follow, max-snippet:-1, max-image-preview:large, max-video-preview:-1\" \/>\n<link rel=\"canonical\" href=\"https:\/\/regiaonews.net.br\/2022\/2024\/08\/28\/brasil-inicia-jogos-paralimpicos-em-busca-de-campanha-historica\/\" \/>\n<meta property=\"og:locale\" content=\"pt_BR\" \/>\n<meta property=\"og:type\" content=\"article\" \/>\n<meta property=\"og:title\" content=\"Brasil inicia Jogos Paral\u00edmpicos em busca de campanha hist\u00f3rica - Regi\u00e3o News\" \/>\n<meta property=\"og:description\" content=\"&nbsp; O Brasil inicia a disputa dos Jogos Paral\u00edmpicos de\" \/>\n<meta property=\"og:url\" content=\"https:\/\/regiaonews.net.br\/2022\/2024\/08\/28\/brasil-inicia-jogos-paralimpicos-em-busca-de-campanha-historica\/\" \/>\n<meta property=\"og:site_name\" content=\"Regi\u00e3o News\" \/>\n<meta property=\"article:published_time\" content=\"2024-08-28T12:19:19+00:00\" \/>\n<meta property=\"og:image\" content=\"https:\/\/regiaonews.net.br\/2022\/wp-content\/uploads\/2024\/08\/Paralimpiadas.jpg\" \/>\n\t<meta property=\"og:image:width\" content=\"476\" \/>\n\t<meta property=\"og:image:height\" content=\"334\" \/>\n\t<meta property=\"og:image:type\" content=\"image\/jpeg\" \/>\n<meta name=\"author\" content=\"Roberto\" \/>\n<meta name=\"twitter:card\" content=\"summary_large_image\" \/>\n<meta name=\"twitter:label1\" content=\"Escrito por\" \/>\n\t<meta name=\"twitter:data1\" content=\"Roberto\" \/>\n\t<meta name=\"twitter:label2\" content=\"Est. tempo de leitura\" \/>\n\t<meta name=\"twitter:data2\" content=\"2 minutos\" \/>\n<script type=\"application\/ld+json\" class=\"yoast-schema-graph\">{\"@context\":\"https:\\\/\\\/schema.org\",\"@graph\":[{\"@type\":\"Article\",\"@id\":\"https:\\\/\\\/regiaonews.net.br\\\/2022\\\/2024\\\/08\\\/28\\\/brasil-inicia-jogos-paralimpicos-em-busca-de-campanha-historica\\\/#article\",\"isPartOf\":{\"@id\":\"https:\\\/\\\/regiaonews.net.br\\\/2022\\\/2024\\\/08\\\/28\\\/brasil-inicia-jogos-paralimpicos-em-busca-de-campanha-historica\\\/\"},\"author\":{\"name\":\"Roberto\",\"@id\":\"https:\\\/\\\/regiaonews.net.br\\\/2022\\\/#\\\/schema\\\/person\\\/2d205a608a5aa97ac279d7a5e6d89ad8\"},\"headline\":\"Brasil inicia Jogos Paral\u00edmpicos em busca de campanha hist\u00f3rica\",\"datePublished\":\"2024-08-28T12:19:19+00:00\",\"mainEntityOfPage\":{\"@id\":\"https:\\\/\\\/regiaonews.net.br\\\/2022\\\/2024\\\/08\\\/28\\\/brasil-inicia-jogos-paralimpicos-em-busca-de-campanha-historica\\\/\"},\"wordCount\":292,\"commentCount\":0,\"publisher\":{\"@id\":\"https:\\\/\\\/regiaonews.net.br\\\/2022\\\/#organization\"},\"image\":{\"@id\":\"https:\\\/\\\/regiaonews.net.br\\\/2022\\\/2024\\\/08\\\/28\\\/brasil-inicia-jogos-paralimpicos-em-busca-de-campanha-historica\\\/#primaryimage\"},\"thumbnailUrl\":\"https:\\\/\\\/regiaonews.net.br\\\/2022\\\/wp-content\\\/uploads\\\/2024\\\/08\\\/Paralimpiadas.jpg\",\"articleSection\":[\"Esporte\",\"Jogos Paraol\u00edmpicos\"],\"inLanguage\":\"pt-BR\",\"potentialAction\":[{\"@type\":\"CommentAction\",\"name\":\"Comment\",\"target\":[\"https:\\\/\\\/regiaonews.net.br\\\/2022\\\/2024\\\/08\\\/28\\\/brasil-inicia-jogos-paralimpicos-em-busca-de-campanha-historica\\\/#respond\"]}]},{\"@type\":\"WebPage\",\"@id\":\"https:\\\/\\\/regiaonews.net.br\\\/2022\\\/2024\\\/08\\\/28\\\/brasil-inicia-jogos-paralimpicos-em-busca-de-campanha-historica\\\/\",\"url\":\"https:\\\/\\\/regiaonews.net.br\\\/2022\\\/2024\\\/08\\\/28\\\/brasil-inicia-jogos-paralimpicos-em-busca-de-campanha-historica\\\/\",\"name\":\"Brasil inicia Jogos Paral\u00edmpicos em busca de campanha hist\u00f3rica - Regi\u00e3o News\",\"isPartOf\":{\"@id\":\"https:\\\/\\\/regiaonews.net.br\\\/2022\\\/#website\"},\"primaryImageOfPage\":{\"@id\":\"https:\\\/\\\/regiaonews.net.br\\\/2022\\\/2024\\\/08\\\/28\\\/brasil-inicia-jogos-paralimpicos-em-busca-de-campanha-historica\\\/#primaryimage\"},\"image\":{\"@id\":\"https:\\\/\\\/regiaonews.net.br\\\/2022\\\/2024\\\/08\\\/28\\\/brasil-inicia-jogos-paralimpicos-em-busca-de-campanha-historica\\\/#primaryimage\"},\"thumbnailUrl\":\"https:\\\/\\\/regiaonews.net.br\\\/2022\\\/wp-content\\\/uploads\\\/2024\\\/08\\\/Paralimpiadas.jpg\",\"datePublished\":\"2024-08-28T12:19:19+00:00\",\"breadcrumb\":{\"@id\":\"https:\\\/\\\/regiaonews.net.br\\\/2022\\\/2024\\\/08\\\/28\\\/brasil-inicia-jogos-paralimpicos-em-busca-de-campanha-historica\\\/#breadcrumb\"},\"inLanguage\":\"pt-BR\",\"potentialAction\":[{\"@type\":\"ReadAction\",\"target\":[\"https:\\\/\\\/regiaonews.net.br\\\/2022\\\/2024\\\/08\\\/28\\\/brasil-inicia-jogos-paralimpicos-em-busca-de-campanha-historica\\\/\"]}]},{\"@type\":\"ImageObject\",\"inLanguage\":\"pt-BR\",\"@id\":\"https:\\\/\\\/regiaonews.net.br\\\/2022\\\/2024\\\/08\\\/28\\\/brasil-inicia-jogos-paralimpicos-em-busca-de-campanha-historica\\\/#primaryimage\",\"url\":\"https:\\\/\\\/regiaonews.net.br\\\/2022\\\/wp-content\\\/uploads\\\/2024\\\/08\\\/Paralimpiadas.jpg\",\"contentUrl\":\"https:\\\/\\\/regiaonews.net.br\\\/2022\\\/wp-content\\\/uploads\\\/2024\\\/08\\\/Paralimpiadas.jpg\",\"width\":476,\"height\":334},{\"@type\":\"BreadcrumbList\",\"@id\":\"https:\\\/\\\/regiaonews.net.br\\\/2022\\\/2024\\\/08\\\/28\\\/brasil-inicia-jogos-paralimpicos-em-busca-de-campanha-historica\\\/#breadcrumb\",\"itemListElement\":[{\"@type\":\"ListItem\",\"position\":1,\"name\":\"In\u00edcio\",\"item\":\"https:\\\/\\\/regiaonews.net.br\\\/2022\\\/\"},{\"@type\":\"ListItem\",\"position\":2,\"name\":\"Brasil inicia Jogos Paral\u00edmpicos em busca de campanha hist\u00f3rica\"}]},{\"@type\":\"WebSite\",\"@id\":\"https:\\\/\\\/regiaonews.net.br\\\/2022\\\/#website\",\"url\":\"https:\\\/\\\/regiaonews.net.br\\\/2022\\\/\",\"name\":\"Regi\u00e3o News\",\"description\":\"Site de Not\u00edcias de Barretos e regi\u00e3o\",\"publisher\":{\"@id\":\"https:\\\/\\\/regiaonews.net.br\\\/2022\\\/#organization\"},\"potentialAction\":[{\"@type\":\"SearchAction\",\"target\":{\"@type\":\"EntryPoint\",\"urlTemplate\":\"https:\\\/\\\/regiaonews.net.br\\\/2022\\\/?s={search_term_string}\"},\"query-input\":{\"@type\":\"PropertyValueSpecification\",\"valueRequired\":true,\"valueName\":\"search_term_string\"}}],\"inLanguage\":\"pt-BR\"},{\"@type\":\"Organization\",\"@id\":\"https:\\\/\\\/regiaonews.net.br\\\/2022\\\/#organization\",\"name\":\"Regi\u00e3o News\",\"url\":\"https:\\\/\\\/regiaonews.net.br\\\/2022\\\/\",\"logo\":{\"@type\":\"ImageObject\",\"inLanguage\":\"pt-BR\",\"@id\":\"https:\\\/\\\/regiaonews.net.br\\\/2022\\\/#\\\/schema\\\/logo\\\/image\\\/\",\"url\":\"https:\\\/\\\/regiaonews.net.br\\\/2022\\\/wp-content\\\/uploads\\\/2026\\\/03\\\/regiao-13-anos-scaled.jpg\",\"contentUrl\":\"https:\\\/\\\/regiaonews.net.br\\\/2022\\\/wp-content\\\/uploads\\\/2026\\\/03\\\/regiao-13-anos-scaled.jpg\",\"width\":2560,\"height\":635,\"caption\":\"Regi\u00e3o News\"},\"image\":{\"@id\":\"https:\\\/\\\/regiaonews.net.br\\\/2022\\\/#\\\/schema\\\/logo\\\/image\\\/\"}},{\"@type\":\"Person\",\"@id\":\"https:\\\/\\\/regiaonews.net.br\\\/2022\\\/#\\\/schema\\\/person\\\/2d205a608a5aa97ac279d7a5e6d89ad8\",\"name\":\"Roberto\",\"image\":{\"@type\":\"ImageObject\",\"inLanguage\":\"pt-BR\",\"@id\":\"https:\\\/\\\/secure.gravatar.com\\\/avatar\\\/42749d8b712ff9d59ca93dc150494e5b55a44134482993f5baeb97e61b7ecc89?s=96&d=mm&r=g\",\"url\":\"https:\\\/\\\/secure.gravatar.com\\\/avatar\\\/42749d8b712ff9d59ca93dc150494e5b55a44134482993f5baeb97e61b7ecc89?s=96&d=mm&r=g\",\"contentUrl\":\"https:\\\/\\\/secure.gravatar.com\\\/avatar\\\/42749d8b712ff9d59ca93dc150494e5b55a44134482993f5baeb97e61b7ecc89?s=96&d=mm&r=g\",\"caption\":\"Roberto\"},\"url\":\"https:\\\/\\\/regiaonews.net.br\\\/2022\\\/author\\\/roberto\\\/\"}]}<\/script>\n<!-- \/ Yoast SEO plugin. -->","yoast_head_json":{"title":"Brasil inicia Jogos Paral\u00edmpicos em busca de campanha hist\u00f3rica - Regi\u00e3o News","robots":{"index":"index","follow":"follow","max-snippet":"max-snippet:-1","max-image-preview":"max-image-preview:large","max-video-preview":"max-video-preview:-1"},"canonical":"https:\/\/regiaonews.net.br\/2022\/2024\/08\/28\/brasil-inicia-jogos-paralimpicos-em-busca-de-campanha-historica\/","og_locale":"pt_BR","og_type":"article","og_title":"Brasil inicia Jogos Paral\u00edmpicos em busca de campanha hist\u00f3rica - Regi\u00e3o News","og_description":"&nbsp; O Brasil inicia a disputa dos Jogos Paral\u00edmpicos de","og_url":"https:\/\/regiaonews.net.br\/2022\/2024\/08\/28\/brasil-inicia-jogos-paralimpicos-em-busca-de-campanha-historica\/","og_site_name":"Regi\u00e3o News","article_published_time":"2024-08-28T12:19:19+00:00","og_image":[{"width":476,"height":334,"url":"https:\/\/regiaonews.net.br\/2022\/wp-content\/uploads\/2024\/08\/Paralimpiadas.jpg","type":"image\/jpeg"}],"author":"Roberto","twitter_card":"summary_large_image","twitter_misc":{"Escrito por":"Roberto","Est. tempo de leitura":"2 minutos"},"schema":{"@context":"https:\/\/schema.org","@graph":[{"@type":"Article","@id":"https:\/\/regiaonews.net.br\/2022\/2024\/08\/28\/brasil-inicia-jogos-paralimpicos-em-busca-de-campanha-historica\/#article","isPartOf":{"@id":"https:\/\/regiaonews.net.br\/2022\/2024\/08\/28\/brasil-inicia-jogos-paralimpicos-em-busca-de-campanha-historica\/"},"author":{"name":"Roberto","@id":"https:\/\/regiaonews.net.br\/2022\/#\/schema\/person\/2d205a608a5aa97ac279d7a5e6d89ad8"},"headline":"Brasil inicia Jogos Paral\u00edmpicos em busca de campanha hist\u00f3rica","datePublished":"2024-08-28T12:19:19+00:00","mainEntityOfPage":{"@id":"https:\/\/regiaonews.net.br\/2022\/2024\/08\/28\/brasil-inicia-jogos-paralimpicos-em-busca-de-campanha-historica\/"},"wordCount":292,"commentCount":0,"publisher":{"@id":"https:\/\/regiaonews.net.br\/2022\/#organization"},"image":{"@id":"https:\/\/regiaonews.net.br\/2022\/2024\/08\/28\/brasil-inicia-jogos-paralimpicos-em-busca-de-campanha-historica\/#primaryimage"},"thumbnailUrl":"https:\/\/regiaonews.net.br\/2022\/wp-content\/uploads\/2024\/08\/Paralimpiadas.jpg","articleSection":["Esporte","Jogos Paraol\u00edmpicos"],"inLanguage":"pt-BR","potentialAction":[{"@type":"CommentAction","name":"Comment","target":["https:\/\/regiaonews.net.br\/2022\/2024\/08\/28\/brasil-inicia-jogos-paralimpicos-em-busca-de-campanha-historica\/#respond"]}]},{"@type":"WebPage","@id":"https:\/\/regiaonews.net.br\/2022\/2024\/08\/28\/brasil-inicia-jogos-paralimpicos-em-busca-de-campanha-historica\/","url":"https:\/\/regiaonews.net.br\/2022\/2024\/08\/28\/brasil-inicia-jogos-paralimpicos-em-busca-de-campanha-historica\/","name":"Brasil inicia Jogos Paral\u00edmpicos em busca de campanha hist\u00f3rica - Regi\u00e3o News","isPartOf":{"@id":"https:\/\/regiaonews.net.br\/2022\/#website"},"primaryImageOfPage":{"@id":"https:\/\/regiaonews.net.br\/2022\/2024\/08\/28\/brasil-inicia-jogos-paralimpicos-em-busca-de-campanha-historica\/#primaryimage"},"image":{"@id":"https:\/\/regiaonews.net.br\/2022\/2024\/08\/28\/brasil-inicia-jogos-paralimpicos-em-busca-de-campanha-historica\/#primaryimage"},"thumbnailUrl":"https:\/\/regiaonews.net.br\/2022\/wp-content\/uploads\/2024\/08\/Paralimpiadas.jpg","datePublished":"2024-08-28T12:19:19+00:00","breadcrumb":{"@id":"https:\/\/regiaonews.net.br\/2022\/2024\/08\/28\/brasil-inicia-jogos-paralimpicos-em-busca-de-campanha-historica\/#breadcrumb"},"inLanguage":"pt-BR","potentialAction":[{"@type":"ReadAction","target":["https:\/\/regiaonews.net.br\/2022\/2024\/08\/28\/brasil-inicia-jogos-paralimpicos-em-busca-de-campanha-historica\/"]}]},{"@type":"ImageObject","inLanguage":"pt-BR","@id":"https:\/\/regiaonews.net.br\/2022\/2024\/08\/28\/brasil-inicia-jogos-paralimpicos-em-busca-de-campanha-historica\/#primaryimage","url":"https:\/\/regiaonews.net.br\/2022\/wp-content\/uploads\/2024\/08\/Paralimpiadas.jpg","contentUrl":"https:\/\/regiaonews.net.br\/2022\/wp-content\/uploads\/2024\/08\/Paralimpiadas.jpg","width":476,"height":334},{"@type":"BreadcrumbList","@id":"https:\/\/regiaonews.net.br\/2022\/2024\/08\/28\/brasil-inicia-jogos-paralimpicos-em-busca-de-campanha-historica\/#breadcrumb","itemListElement":[{"@type":"ListItem","position":1,"name":"In\u00edcio","item":"https:\/\/regiaonews.net.br\/2022\/"},{"@type":"ListItem","position":2,"name":"Brasil inicia Jogos Paral\u00edmpicos em busca de campanha hist\u00f3rica"}]},{"@type":"WebSite","@id":"https:\/\/regiaonews.net.br\/2022\/#website","url":"https:\/\/regiaonews.net.br\/2022\/","name":"Regi\u00e3o News","description":"Site de Not\u00edcias de Barretos e regi\u00e3o","publisher":{"@id":"https:\/\/regiaonews.net.br\/2022\/#organization"},"potentialAction":[{"@type":"SearchAction","target":{"@type":"EntryPoint","urlTemplate":"https:\/\/regiaonews.net.br\/2022\/?s={search_term_string}"},"query-input":{"@type":"PropertyValueSpecification","valueRequired":true,"valueName":"search_term_string"}}],"inLanguage":"pt-BR"},{"@type":"Organization","@id":"https:\/\/regiaonews.net.br\/2022\/#organization","name":"Regi\u00e3o News","url":"https:\/\/regiaonews.net.br\/2022\/","logo":{"@type":"ImageObject","inLanguage":"pt-BR","@id":"https:\/\/regiaonews.net.br\/2022\/#\/schema\/logo\/image\/","url":"https:\/\/regiaonews.net.br\/2022\/wp-content\/uploads\/2026\/03\/regiao-13-anos-scaled.jpg","contentUrl":"https:\/\/regiaonews.net.br\/2022\/wp-content\/uploads\/2026\/03\/regiao-13-anos-scaled.jpg","width":2560,"height":635,"caption":"Regi\u00e3o News"},"image":{"@id":"https:\/\/regiaonews.net.br\/2022\/#\/schema\/logo\/image\/"}},{"@type":"Person","@id":"https:\/\/regiaonews.net.br\/2022\/#\/schema\/person\/2d205a608a5aa97ac279d7a5e6d89ad8","name":"Roberto","image":{"@type":"ImageObject","inLanguage":"pt-BR","@id":"https:\/\/secure.gravatar.com\/avatar\/42749d8b712ff9d59ca93dc150494e5b55a44134482993f5baeb97e61b7ecc89?s=96&d=mm&r=g","url":"https:\/\/secure.gravatar.com\/avatar\/42749d8b712ff9d59ca93dc150494e5b55a44134482993f5baeb97e61b7ecc89?s=96&d=mm&r=g","contentUrl":"https:\/\/secure.gravatar.com\/avatar\/42749d8b712ff9d59ca93dc150494e5b55a44134482993f5baeb97e61b7ecc89?s=96&d=mm&r=g","caption":"Roberto"},"url":"https:\/\/regiaonews.net.br\/2022\/author\/roberto\/"}]}},"publishpress_future_action":{"enabled":false,"date":"2026-05-03 01:45:20","action":"change-status","newStatus":"draft","terms":[],"taxonomy":"category","extraData":[]},"publishpress_future_workflow_manual_trigger":{"enabledWorkflows":[]},"_links":{"self":[{"href":"https:\/\/regiaonews.net.br\/2022\/wp-json\/wp\/v2\/posts\/109379","targetHints":{"allow":["GET"]}}],"collection":[{"href":"https:\/\/regiaonews.net.br\/2022\/wp-json\/wp\/v2\/posts"}],"about":[{"href":"https:\/\/regiaonews.net.br\/2022\/wp-json\/wp\/v2\/types\/post"}],"author":[{"embeddable":true,"href":"https:\/\/regiaonews.net.br\/2022\/wp-json\/wp\/v2\/users\/2"}],"replies":[{"embeddable":true,"href":"https:\/\/regiaonews.net.br\/2022\/wp-json\/wp\/v2\/comments?post=109379"}],"version-history":[{"count":1,"href":"https:\/\/regiaonews.net.br\/2022\/wp-json\/wp\/v2\/posts\/109379\/revisions"}],"predecessor-version":[{"id":109381,"href":"https:\/\/regiaonews.net.br\/2022\/wp-json\/wp\/v2\/posts\/109379\/revisions\/109381"}],"wp:featuredmedia":[{"embeddable":true,"href":"https:\/\/regiaonews.net.br\/2022\/wp-json\/wp\/v2\/media\/109380"}],"wp:attachment":[{"href":"https:\/\/regiaonews.net.br\/2022\/wp-json\/wp\/v2\/media?parent=109379"}],"wp:term":[{"taxonomy":"category","embeddable":true,"href":"https:\/\/regiaonews.net.br\/2022\/wp-json\/wp\/v2\/categories?post=109379"},{"taxonomy":"post_tag","embeddable":true,"href":"https:\/\/regiaonews.net.br\/2022\/wp-json\/wp\/v2\/tags?post=109379"}],"curies":[{"name":"wp","href":"https:\/\/api.w.org\/{rel}","templated":true}]}}