{"id":109368,"date":"2024-08-27T18:47:37","date_gmt":"2024-08-27T21:47:37","guid":{"rendered":"https:\/\/regiaonews.net.br\/2022\/?p=109368"},"modified":"2024-08-27T18:47:37","modified_gmt":"2024-08-27T21:47:37","slug":"educacao-de-sp-lanca-concurso-para-cozinheiras-e-cozinheiros-da-rede-estadual","status":"publish","type":"post","link":"https:\/\/regiaonews.net.br\/2022\/2024\/08\/27\/educacao-de-sp-lanca-concurso-para-cozinheiras-e-cozinheiros-da-rede-estadual\/","title":{"rendered":"Educa\u00e7\u00e3o de SP lan\u00e7a concurso para cozinheiras e cozinheiros da rede estadual"},"content":{"rendered":"<p>91 receitas ser\u00e3o selecionadas para a cria\u00e7\u00e3o de um e-book; o resultado ser\u00e1 divulgado no in\u00edcio de dezembro<\/p>\n<p>Cozinheiras e cozinheiros respons\u00e1veis pela alimenta\u00e7\u00e3o nas mais de 5.000 escolas da rede estadual de ensino est\u00e3o sendo convidados pela Secretaria da Educa\u00e7\u00e3o do Estado de S\u00e3o Paulo (Seduc-SP) a apresentar suas melhores e mais prestigiadas receitas entre os 3 milh\u00f5es de estudantes da rede no 1\u00ba Concurso de Receitas Escolares, lan\u00e7ado pela pasta na segunda-feira (26).<\/p>\n<p>As inscri\u00e7\u00f5es podem ser feitas entre esta ter\u00e7a-feira e o dia 27 de setembro. Podem se candidatar ao concurso equipes das cozinhas escolares.<\/p>\n<p>O concurso selecionar\u00e1 as 91 melhores receitas, uma representante por cada uma das diretorias regionais de ensino, que ser\u00e3o reunidas em um e-book que ser\u00e1 compartilhado com todas as 5.000 escolas. O resultado ser\u00e1 conhecido no dia 6 de dezembro deste ano.<\/p>\n<p>A diretora t\u00e9cnica do Departamento de Alimenta\u00e7\u00e3o Escolar, Nayla Ver\u00edssimo, afirma que al\u00e9m de valorizar a cria\u00e7\u00e3o dos participantes, o concurso tamb\u00e9m celebra a cultura alimentar do estado. \u201cEsse concurso \u00e9 uma excelente oportunidade para valorizar os profissionais que est\u00e3o todos os dias nas escolas, cuidando para que nossos alunos tenham uma alimenta\u00e7\u00e3o saud\u00e1vel e culturalmente rica\u201d.<\/p>\n<h2 class=\"wp-block-heading\"><strong>Comida saud\u00e1vel<\/strong><\/h2>\n<p>Nos \u00faltimos anos, a equipe de nutri\u00e7\u00e3o da Secretaria da Educa\u00e7\u00e3o deu in\u00edcio ao processo de retirada de alimentos enlatados nas refei\u00e7\u00f5es e ampliou a oferta de frutas aos estudantes. Esse processo foi conduzido nas unidades escolares com merenda centralizada \u2014 oferecida diretamente pela Seduc-SP \u2014 e orientado \u00e0s prefeituras parceiras da Educa\u00e7\u00e3o e respons\u00e1veis pela merenda descentralizada.<\/p>\n<p>\u201cO processo de acabar com os alimentos enlatados na rede j\u00e1 foi finalizado. Atualmente, a alimenta\u00e7\u00e3o escolar do estado \u00e9 composta predominantemente por alimentos in natura e minimamente processados. As carnes e frangos distribu\u00eddos s\u00e3o congelados, n\u00e3o h\u00e1 mais a distribui\u00e7\u00e3o de alimentos enlatados\u201d.<\/p>\n","protected":false},"excerpt":{"rendered":"<p>91 receitas ser\u00e3o selecionadas para a cria\u00e7\u00e3o de um e-book;<\/p>\n","protected":false},"author":2,"featured_media":109369,"comment_status":"open","ping_status":"open","sticky":false,"template":"","format":"standard","meta":{"footnotes":""},"categories":[7,3],"tags":[],"class_list":["post-109368","post","type-post","status-publish","format-standard","has-post-thumbnail","hentry","category-estado-de-sao-paulo","category-geral"],"yoast_head":"<!-- This site is optimized with the Yoast SEO plugin v27.4 - https:\/\/yoast.com\/product\/yoast-seo-wordpress\/ -->\n<title>Educa\u00e7\u00e3o de SP lan\u00e7a concurso para cozinheiras e cozinheiros da rede estadual - Regi\u00e3o News<\/title>\n<meta name=\"robots\" content=\"index, follow, max-snippet:-1, max-image-preview:large, max-video-preview:-1\" \/>\n<link rel=\"canonical\" href=\"https:\/\/regiaonews.net.br\/2022\/2024\/08\/27\/educacao-de-sp-lanca-concurso-para-cozinheiras-e-cozinheiros-da-rede-estadual\/\" \/>\n<meta property=\"og:locale\" content=\"pt_BR\" \/>\n<meta property=\"og:type\" content=\"article\" \/>\n<meta property=\"og:title\" content=\"Educa\u00e7\u00e3o de SP lan\u00e7a concurso para cozinheiras e cozinheiros da rede estadual - Regi\u00e3o News\" \/>\n<meta property=\"og:description\" content=\"91 receitas ser\u00e3o selecionadas para a cria\u00e7\u00e3o de um e-book;\" \/>\n<meta property=\"og:url\" content=\"https:\/\/regiaonews.net.br\/2022\/2024\/08\/27\/educacao-de-sp-lanca-concurso-para-cozinheiras-e-cozinheiros-da-rede-estadual\/\" \/>\n<meta property=\"og:site_name\" content=\"Regi\u00e3o News\" \/>\n<meta property=\"article:published_time\" content=\"2024-08-27T21:47:37+00:00\" \/>\n<meta property=\"og:image\" content=\"https:\/\/regiaonews.net.br\/2022\/wp-content\/uploads\/2024\/08\/28594656902_f69726a88b_k-1536x1024-1.jpg\" \/>\n\t<meta property=\"og:image:width\" content=\"1536\" \/>\n\t<meta property=\"og:image:height\" content=\"1024\" \/>\n\t<meta property=\"og:image:type\" content=\"image\/jpeg\" \/>\n<meta name=\"author\" content=\"Roberto\" \/>\n<meta name=\"twitter:card\" content=\"summary_large_image\" \/>\n<meta name=\"twitter:label1\" content=\"Escrito por\" \/>\n\t<meta name=\"twitter:data1\" content=\"Roberto\" \/>\n\t<meta name=\"twitter:label2\" content=\"Est. tempo de leitura\" \/>\n\t<meta name=\"twitter:data2\" content=\"2 minutos\" \/>\n<script type=\"application\/ld+json\" class=\"yoast-schema-graph\">{\"@context\":\"https:\\\/\\\/schema.org\",\"@graph\":[{\"@type\":\"Article\",\"@id\":\"https:\\\/\\\/regiaonews.net.br\\\/2022\\\/2024\\\/08\\\/27\\\/educacao-de-sp-lanca-concurso-para-cozinheiras-e-cozinheiros-da-rede-estadual\\\/#article\",\"isPartOf\":{\"@id\":\"https:\\\/\\\/regiaonews.net.br\\\/2022\\\/2024\\\/08\\\/27\\\/educacao-de-sp-lanca-concurso-para-cozinheiras-e-cozinheiros-da-rede-estadual\\\/\"},\"author\":{\"name\":\"Roberto\",\"@id\":\"https:\\\/\\\/regiaonews.net.br\\\/2022\\\/#\\\/schema\\\/person\\\/2d205a608a5aa97ac279d7a5e6d89ad8\"},\"headline\":\"Educa\u00e7\u00e3o de SP lan\u00e7a concurso para cozinheiras e cozinheiros da rede estadual\",\"datePublished\":\"2024-08-27T21:47:37+00:00\",\"mainEntityOfPage\":{\"@id\":\"https:\\\/\\\/regiaonews.net.br\\\/2022\\\/2024\\\/08\\\/27\\\/educacao-de-sp-lanca-concurso-para-cozinheiras-e-cozinheiros-da-rede-estadual\\\/\"},\"wordCount\":336,\"commentCount\":0,\"publisher\":{\"@id\":\"https:\\\/\\\/regiaonews.net.br\\\/2022\\\/#organization\"},\"image\":{\"@id\":\"https:\\\/\\\/regiaonews.net.br\\\/2022\\\/2024\\\/08\\\/27\\\/educacao-de-sp-lanca-concurso-para-cozinheiras-e-cozinheiros-da-rede-estadual\\\/#primaryimage\"},\"thumbnailUrl\":\"https:\\\/\\\/regiaonews.net.br\\\/2022\\\/wp-content\\\/uploads\\\/2024\\\/08\\\/28594656902_f69726a88b_k-1536x1024-1.jpg\",\"articleSection\":[\"Estado de S\u00e3o Paulo\",\"Geral\"],\"inLanguage\":\"pt-BR\",\"potentialAction\":[{\"@type\":\"CommentAction\",\"name\":\"Comment\",\"target\":[\"https:\\\/\\\/regiaonews.net.br\\\/2022\\\/2024\\\/08\\\/27\\\/educacao-de-sp-lanca-concurso-para-cozinheiras-e-cozinheiros-da-rede-estadual\\\/#respond\"]}]},{\"@type\":\"WebPage\",\"@id\":\"https:\\\/\\\/regiaonews.net.br\\\/2022\\\/2024\\\/08\\\/27\\\/educacao-de-sp-lanca-concurso-para-cozinheiras-e-cozinheiros-da-rede-estadual\\\/\",\"url\":\"https:\\\/\\\/regiaonews.net.br\\\/2022\\\/2024\\\/08\\\/27\\\/educacao-de-sp-lanca-concurso-para-cozinheiras-e-cozinheiros-da-rede-estadual\\\/\",\"name\":\"Educa\u00e7\u00e3o de SP lan\u00e7a concurso para cozinheiras e cozinheiros da rede estadual - Regi\u00e3o News\",\"isPartOf\":{\"@id\":\"https:\\\/\\\/regiaonews.net.br\\\/2022\\\/#website\"},\"primaryImageOfPage\":{\"@id\":\"https:\\\/\\\/regiaonews.net.br\\\/2022\\\/2024\\\/08\\\/27\\\/educacao-de-sp-lanca-concurso-para-cozinheiras-e-cozinheiros-da-rede-estadual\\\/#primaryimage\"},\"image\":{\"@id\":\"https:\\\/\\\/regiaonews.net.br\\\/2022\\\/2024\\\/08\\\/27\\\/educacao-de-sp-lanca-concurso-para-cozinheiras-e-cozinheiros-da-rede-estadual\\\/#primaryimage\"},\"thumbnailUrl\":\"https:\\\/\\\/regiaonews.net.br\\\/2022\\\/wp-content\\\/uploads\\\/2024\\\/08\\\/28594656902_f69726a88b_k-1536x1024-1.jpg\",\"datePublished\":\"2024-08-27T21:47:37+00:00\",\"breadcrumb\":{\"@id\":\"https:\\\/\\\/regiaonews.net.br\\\/2022\\\/2024\\\/08\\\/27\\\/educacao-de-sp-lanca-concurso-para-cozinheiras-e-cozinheiros-da-rede-estadual\\\/#breadcrumb\"},\"inLanguage\":\"pt-BR\",\"potentialAction\":[{\"@type\":\"ReadAction\",\"target\":[\"https:\\\/\\\/regiaonews.net.br\\\/2022\\\/2024\\\/08\\\/27\\\/educacao-de-sp-lanca-concurso-para-cozinheiras-e-cozinheiros-da-rede-estadual\\\/\"]}]},{\"@type\":\"ImageObject\",\"inLanguage\":\"pt-BR\",\"@id\":\"https:\\\/\\\/regiaonews.net.br\\\/2022\\\/2024\\\/08\\\/27\\\/educacao-de-sp-lanca-concurso-para-cozinheiras-e-cozinheiros-da-rede-estadual\\\/#primaryimage\",\"url\":\"https:\\\/\\\/regiaonews.net.br\\\/2022\\\/wp-content\\\/uploads\\\/2024\\\/08\\\/28594656902_f69726a88b_k-1536x1024-1.jpg\",\"contentUrl\":\"https:\\\/\\\/regiaonews.net.br\\\/2022\\\/wp-content\\\/uploads\\\/2024\\\/08\\\/28594656902_f69726a88b_k-1536x1024-1.jpg\",\"width\":1536,\"height\":1024},{\"@type\":\"BreadcrumbList\",\"@id\":\"https:\\\/\\\/regiaonews.net.br\\\/2022\\\/2024\\\/08\\\/27\\\/educacao-de-sp-lanca-concurso-para-cozinheiras-e-cozinheiros-da-rede-estadual\\\/#breadcrumb\",\"itemListElement\":[{\"@type\":\"ListItem\",\"position\":1,\"name\":\"In\u00edcio\",\"item\":\"https:\\\/\\\/regiaonews.net.br\\\/2022\\\/\"},{\"@type\":\"ListItem\",\"position\":2,\"name\":\"Educa\u00e7\u00e3o de SP lan\u00e7a concurso para cozinheiras e cozinheiros da rede estadual\"}]},{\"@type\":\"WebSite\",\"@id\":\"https:\\\/\\\/regiaonews.net.br\\\/2022\\\/#website\",\"url\":\"https:\\\/\\\/regiaonews.net.br\\\/2022\\\/\",\"name\":\"Regi\u00e3o News\",\"description\":\"Site de Not\u00edcias de Barretos e regi\u00e3o\",\"publisher\":{\"@id\":\"https:\\\/\\\/regiaonews.net.br\\\/2022\\\/#organization\"},\"potentialAction\":[{\"@type\":\"SearchAction\",\"target\":{\"@type\":\"EntryPoint\",\"urlTemplate\":\"https:\\\/\\\/regiaonews.net.br\\\/2022\\\/?s={search_term_string}\"},\"query-input\":{\"@type\":\"PropertyValueSpecification\",\"valueRequired\":true,\"valueName\":\"search_term_string\"}}],\"inLanguage\":\"pt-BR\"},{\"@type\":\"Organization\",\"@id\":\"https:\\\/\\\/regiaonews.net.br\\\/2022\\\/#organization\",\"name\":\"Regi\u00e3o News\",\"url\":\"https:\\\/\\\/regiaonews.net.br\\\/2022\\\/\",\"logo\":{\"@type\":\"ImageObject\",\"inLanguage\":\"pt-BR\",\"@id\":\"https:\\\/\\\/regiaonews.net.br\\\/2022\\\/#\\\/schema\\\/logo\\\/image\\\/\",\"url\":\"https:\\\/\\\/regiaonews.net.br\\\/2022\\\/wp-content\\\/uploads\\\/2026\\\/03\\\/regiao-13-anos-scaled.jpg\",\"contentUrl\":\"https:\\\/\\\/regiaonews.net.br\\\/2022\\\/wp-content\\\/uploads\\\/2026\\\/03\\\/regiao-13-anos-scaled.jpg\",\"width\":2560,\"height\":635,\"caption\":\"Regi\u00e3o News\"},\"image\":{\"@id\":\"https:\\\/\\\/regiaonews.net.br\\\/2022\\\/#\\\/schema\\\/logo\\\/image\\\/\"}},{\"@type\":\"Person\",\"@id\":\"https:\\\/\\\/regiaonews.net.br\\\/2022\\\/#\\\/schema\\\/person\\\/2d205a608a5aa97ac279d7a5e6d89ad8\",\"name\":\"Roberto\",\"image\":{\"@type\":\"ImageObject\",\"inLanguage\":\"pt-BR\",\"@id\":\"https:\\\/\\\/secure.gravatar.com\\\/avatar\\\/42749d8b712ff9d59ca93dc150494e5b55a44134482993f5baeb97e61b7ecc89?s=96&d=mm&r=g\",\"url\":\"https:\\\/\\\/secure.gravatar.com\\\/avatar\\\/42749d8b712ff9d59ca93dc150494e5b55a44134482993f5baeb97e61b7ecc89?s=96&d=mm&r=g\",\"contentUrl\":\"https:\\\/\\\/secure.gravatar.com\\\/avatar\\\/42749d8b712ff9d59ca93dc150494e5b55a44134482993f5baeb97e61b7ecc89?s=96&d=mm&r=g\",\"caption\":\"Roberto\"},\"url\":\"https:\\\/\\\/regiaonews.net.br\\\/2022\\\/author\\\/roberto\\\/\"}]}<\/script>\n<!-- \/ Yoast SEO plugin. -->","yoast_head_json":{"title":"Educa\u00e7\u00e3o de SP lan\u00e7a concurso para cozinheiras e cozinheiros da rede estadual - Regi\u00e3o News","robots":{"index":"index","follow":"follow","max-snippet":"max-snippet:-1","max-image-preview":"max-image-preview:large","max-video-preview":"max-video-preview:-1"},"canonical":"https:\/\/regiaonews.net.br\/2022\/2024\/08\/27\/educacao-de-sp-lanca-concurso-para-cozinheiras-e-cozinheiros-da-rede-estadual\/","og_locale":"pt_BR","og_type":"article","og_title":"Educa\u00e7\u00e3o de SP lan\u00e7a concurso para cozinheiras e cozinheiros da rede estadual - Regi\u00e3o News","og_description":"91 receitas ser\u00e3o selecionadas para a cria\u00e7\u00e3o de um e-book;","og_url":"https:\/\/regiaonews.net.br\/2022\/2024\/08\/27\/educacao-de-sp-lanca-concurso-para-cozinheiras-e-cozinheiros-da-rede-estadual\/","og_site_name":"Regi\u00e3o News","article_published_time":"2024-08-27T21:47:37+00:00","og_image":[{"width":1536,"height":1024,"url":"https:\/\/regiaonews.net.br\/2022\/wp-content\/uploads\/2024\/08\/28594656902_f69726a88b_k-1536x1024-1.jpg","type":"image\/jpeg"}],"author":"Roberto","twitter_card":"summary_large_image","twitter_misc":{"Escrito por":"Roberto","Est. tempo de leitura":"2 minutos"},"schema":{"@context":"https:\/\/schema.org","@graph":[{"@type":"Article","@id":"https:\/\/regiaonews.net.br\/2022\/2024\/08\/27\/educacao-de-sp-lanca-concurso-para-cozinheiras-e-cozinheiros-da-rede-estadual\/#article","isPartOf":{"@id":"https:\/\/regiaonews.net.br\/2022\/2024\/08\/27\/educacao-de-sp-lanca-concurso-para-cozinheiras-e-cozinheiros-da-rede-estadual\/"},"author":{"name":"Roberto","@id":"https:\/\/regiaonews.net.br\/2022\/#\/schema\/person\/2d205a608a5aa97ac279d7a5e6d89ad8"},"headline":"Educa\u00e7\u00e3o de SP lan\u00e7a concurso para cozinheiras e cozinheiros da rede estadual","datePublished":"2024-08-27T21:47:37+00:00","mainEntityOfPage":{"@id":"https:\/\/regiaonews.net.br\/2022\/2024\/08\/27\/educacao-de-sp-lanca-concurso-para-cozinheiras-e-cozinheiros-da-rede-estadual\/"},"wordCount":336,"commentCount":0,"publisher":{"@id":"https:\/\/regiaonews.net.br\/2022\/#organization"},"image":{"@id":"https:\/\/regiaonews.net.br\/2022\/2024\/08\/27\/educacao-de-sp-lanca-concurso-para-cozinheiras-e-cozinheiros-da-rede-estadual\/#primaryimage"},"thumbnailUrl":"https:\/\/regiaonews.net.br\/2022\/wp-content\/uploads\/2024\/08\/28594656902_f69726a88b_k-1536x1024-1.jpg","articleSection":["Estado de S\u00e3o Paulo","Geral"],"inLanguage":"pt-BR","potentialAction":[{"@type":"CommentAction","name":"Comment","target":["https:\/\/regiaonews.net.br\/2022\/2024\/08\/27\/educacao-de-sp-lanca-concurso-para-cozinheiras-e-cozinheiros-da-rede-estadual\/#respond"]}]},{"@type":"WebPage","@id":"https:\/\/regiaonews.net.br\/2022\/2024\/08\/27\/educacao-de-sp-lanca-concurso-para-cozinheiras-e-cozinheiros-da-rede-estadual\/","url":"https:\/\/regiaonews.net.br\/2022\/2024\/08\/27\/educacao-de-sp-lanca-concurso-para-cozinheiras-e-cozinheiros-da-rede-estadual\/","name":"Educa\u00e7\u00e3o de SP lan\u00e7a concurso para cozinheiras e cozinheiros da rede estadual - Regi\u00e3o News","isPartOf":{"@id":"https:\/\/regiaonews.net.br\/2022\/#website"},"primaryImageOfPage":{"@id":"https:\/\/regiaonews.net.br\/2022\/2024\/08\/27\/educacao-de-sp-lanca-concurso-para-cozinheiras-e-cozinheiros-da-rede-estadual\/#primaryimage"},"image":{"@id":"https:\/\/regiaonews.net.br\/2022\/2024\/08\/27\/educacao-de-sp-lanca-concurso-para-cozinheiras-e-cozinheiros-da-rede-estadual\/#primaryimage"},"thumbnailUrl":"https:\/\/regiaonews.net.br\/2022\/wp-content\/uploads\/2024\/08\/28594656902_f69726a88b_k-1536x1024-1.jpg","datePublished":"2024-08-27T21:47:37+00:00","breadcrumb":{"@id":"https:\/\/regiaonews.net.br\/2022\/2024\/08\/27\/educacao-de-sp-lanca-concurso-para-cozinheiras-e-cozinheiros-da-rede-estadual\/#breadcrumb"},"inLanguage":"pt-BR","potentialAction":[{"@type":"ReadAction","target":["https:\/\/regiaonews.net.br\/2022\/2024\/08\/27\/educacao-de-sp-lanca-concurso-para-cozinheiras-e-cozinheiros-da-rede-estadual\/"]}]},{"@type":"ImageObject","inLanguage":"pt-BR","@id":"https:\/\/regiaonews.net.br\/2022\/2024\/08\/27\/educacao-de-sp-lanca-concurso-para-cozinheiras-e-cozinheiros-da-rede-estadual\/#primaryimage","url":"https:\/\/regiaonews.net.br\/2022\/wp-content\/uploads\/2024\/08\/28594656902_f69726a88b_k-1536x1024-1.jpg","contentUrl":"https:\/\/regiaonews.net.br\/2022\/wp-content\/uploads\/2024\/08\/28594656902_f69726a88b_k-1536x1024-1.jpg","width":1536,"height":1024},{"@type":"BreadcrumbList","@id":"https:\/\/regiaonews.net.br\/2022\/2024\/08\/27\/educacao-de-sp-lanca-concurso-para-cozinheiras-e-cozinheiros-da-rede-estadual\/#breadcrumb","itemListElement":[{"@type":"ListItem","position":1,"name":"In\u00edcio","item":"https:\/\/regiaonews.net.br\/2022\/"},{"@type":"ListItem","position":2,"name":"Educa\u00e7\u00e3o de SP lan\u00e7a concurso para cozinheiras e cozinheiros da rede estadual"}]},{"@type":"WebSite","@id":"https:\/\/regiaonews.net.br\/2022\/#website","url":"https:\/\/regiaonews.net.br\/2022\/","name":"Regi\u00e3o News","description":"Site de Not\u00edcias de Barretos e regi\u00e3o","publisher":{"@id":"https:\/\/regiaonews.net.br\/2022\/#organization"},"potentialAction":[{"@type":"SearchAction","target":{"@type":"EntryPoint","urlTemplate":"https:\/\/regiaonews.net.br\/2022\/?s={search_term_string}"},"query-input":{"@type":"PropertyValueSpecification","valueRequired":true,"valueName":"search_term_string"}}],"inLanguage":"pt-BR"},{"@type":"Organization","@id":"https:\/\/regiaonews.net.br\/2022\/#organization","name":"Regi\u00e3o News","url":"https:\/\/regiaonews.net.br\/2022\/","logo":{"@type":"ImageObject","inLanguage":"pt-BR","@id":"https:\/\/regiaonews.net.br\/2022\/#\/schema\/logo\/image\/","url":"https:\/\/regiaonews.net.br\/2022\/wp-content\/uploads\/2026\/03\/regiao-13-anos-scaled.jpg","contentUrl":"https:\/\/regiaonews.net.br\/2022\/wp-content\/uploads\/2026\/03\/regiao-13-anos-scaled.jpg","width":2560,"height":635,"caption":"Regi\u00e3o News"},"image":{"@id":"https:\/\/regiaonews.net.br\/2022\/#\/schema\/logo\/image\/"}},{"@type":"Person","@id":"https:\/\/regiaonews.net.br\/2022\/#\/schema\/person\/2d205a608a5aa97ac279d7a5e6d89ad8","name":"Roberto","image":{"@type":"ImageObject","inLanguage":"pt-BR","@id":"https:\/\/secure.gravatar.com\/avatar\/42749d8b712ff9d59ca93dc150494e5b55a44134482993f5baeb97e61b7ecc89?s=96&d=mm&r=g","url":"https:\/\/secure.gravatar.com\/avatar\/42749d8b712ff9d59ca93dc150494e5b55a44134482993f5baeb97e61b7ecc89?s=96&d=mm&r=g","contentUrl":"https:\/\/secure.gravatar.com\/avatar\/42749d8b712ff9d59ca93dc150494e5b55a44134482993f5baeb97e61b7ecc89?s=96&d=mm&r=g","caption":"Roberto"},"url":"https:\/\/regiaonews.net.br\/2022\/author\/roberto\/"}]}},"publishpress_future_action":{"enabled":false,"date":"2026-05-03 03:15:26","action":"change-status","newStatus":"draft","terms":[],"taxonomy":"category","extraData":[]},"publishpress_future_workflow_manual_trigger":{"enabledWorkflows":[]},"_links":{"self":[{"href":"https:\/\/regiaonews.net.br\/2022\/wp-json\/wp\/v2\/posts\/109368","targetHints":{"allow":["GET"]}}],"collection":[{"href":"https:\/\/regiaonews.net.br\/2022\/wp-json\/wp\/v2\/posts"}],"about":[{"href":"https:\/\/regiaonews.net.br\/2022\/wp-json\/wp\/v2\/types\/post"}],"author":[{"embeddable":true,"href":"https:\/\/regiaonews.net.br\/2022\/wp-json\/wp\/v2\/users\/2"}],"replies":[{"embeddable":true,"href":"https:\/\/regiaonews.net.br\/2022\/wp-json\/wp\/v2\/comments?post=109368"}],"version-history":[{"count":1,"href":"https:\/\/regiaonews.net.br\/2022\/wp-json\/wp\/v2\/posts\/109368\/revisions"}],"predecessor-version":[{"id":109370,"href":"https:\/\/regiaonews.net.br\/2022\/wp-json\/wp\/v2\/posts\/109368\/revisions\/109370"}],"wp:featuredmedia":[{"embeddable":true,"href":"https:\/\/regiaonews.net.br\/2022\/wp-json\/wp\/v2\/media\/109369"}],"wp:attachment":[{"href":"https:\/\/regiaonews.net.br\/2022\/wp-json\/wp\/v2\/media?parent=109368"}],"wp:term":[{"taxonomy":"category","embeddable":true,"href":"https:\/\/regiaonews.net.br\/2022\/wp-json\/wp\/v2\/categories?post=109368"},{"taxonomy":"post_tag","embeddable":true,"href":"https:\/\/regiaonews.net.br\/2022\/wp-json\/wp\/v2\/tags?post=109368"}],"curies":[{"name":"wp","href":"https:\/\/api.w.org\/{rel}","templated":true}]}}