{"id":109365,"date":"2024-08-27T18:43:55","date_gmt":"2024-08-27T21:43:55","guid":{"rendered":"https:\/\/regiaonews.net.br\/2022\/?p=109365"},"modified":"2024-08-27T18:43:55","modified_gmt":"2024-08-27T21:43:55","slug":"impacto-economico-da-festa-do-peao-provoca-crescimento-de-mais-de-10-nas-vendas-do-north-shopping-barretos","status":"publish","type":"post","link":"https:\/\/regiaonews.net.br\/2022\/2024\/08\/27\/impacto-economico-da-festa-do-peao-provoca-crescimento-de-mais-de-10-nas-vendas-do-north-shopping-barretos\/","title":{"rendered":"Impacto econ\u00f4mico da Festa do Pe\u00e3o provoca crescimento de mais de 10% nas vendas do North Shopping Barretos"},"content":{"rendered":"<p>&nbsp;<\/p>\n<p>Os onze dias do evento de 2024 foram ainda melhores que em 2023 para o movimento no centro de compras que recebe milhares de visitantes em agosto. O m\u00eas de agosto \u00e9 um dos meses de maior fluxo do ano no North Shopping Barretos, um volume de pessoas que se traduz em vendas para as mais de 100 opera\u00e7\u00f5es no centro de compras. A Festa do Pe\u00e3o de Boiadeiro, que neste ano aconteceu de 15 a 25 de agosto, \u00e9 respons\u00e1vel, segundo n\u00fameros da Secretaria de Turismo e Viagens do Estado de S\u00e3o Paulo, pelo impacto econ\u00f4mico de mais de R$ 1,24 bilh\u00e3o em toda a regi\u00e3o.<\/p>\n<p>Neste ano de 2024, em compara\u00e7\u00e3o com 2023, o North Shopping registrou um amento de 10,67% no volume de vendas, nos onze dias de evento, e de 4,83% no fluxo de ve\u00edculos pelo estacionamento. N\u00fameros que s\u00e3o comemorados pela dire\u00e7\u00e3o do shopping.<\/p>\n<p>O gerente geral do empreendimento, Ricardo Martins Marques, destaca que \u201ca Festa do Pe\u00e3o, al\u00e9m de um patrim\u00f4nio cultural incalcul\u00e1vel para nossa cidade, \u00e9 tamb\u00e9m respons\u00e1vel por um movimento em agosto que quase se compara a uma semana de vendas no Natal, de t\u00e3o bom. Para atrair os turistas, buscamos criar no shopping um ambiente que remeta ao clima de festa e alegria, com palco apresentando shows ao vivo, decora\u00e7\u00e3o tem\u00e1tica nas lojas, promo\u00e7\u00f5es nas lanchonetes, tudo para que todos se sintam bem-vindos e acolhidos. Nosso tema \u00e9 que fora da Festa, a festa \u00e9 aqui\u201d, ressalta o gerente.<\/p>\n","protected":false},"excerpt":{"rendered":"<p>&nbsp; Os onze dias do evento de 2024 foram ainda<\/p>\n","protected":false},"author":2,"featured_media":109366,"comment_status":"open","ping_status":"open","sticky":false,"template":"","format":"standard","meta":{"footnotes":""},"categories":[14,25],"tags":[],"class_list":["post-109365","post","type-post","status-publish","format-standard","has-post-thumbnail","hentry","category-barretos","category-cidades"],"yoast_head":"<!-- This site is optimized with the Yoast SEO plugin v27.4 - https:\/\/yoast.com\/product\/yoast-seo-wordpress\/ -->\n<title>Impacto econ\u00f4mico da Festa do Pe\u00e3o provoca crescimento de mais de 10% nas vendas do North Shopping Barretos - Regi\u00e3o News<\/title>\n<meta name=\"robots\" content=\"index, follow, max-snippet:-1, max-image-preview:large, max-video-preview:-1\" \/>\n<link rel=\"canonical\" href=\"https:\/\/regiaonews.net.br\/2022\/2024\/08\/27\/impacto-economico-da-festa-do-peao-provoca-crescimento-de-mais-de-10-nas-vendas-do-north-shopping-barretos\/\" \/>\n<meta property=\"og:locale\" content=\"pt_BR\" \/>\n<meta property=\"og:type\" content=\"article\" \/>\n<meta property=\"og:title\" content=\"Impacto econ\u00f4mico da Festa do Pe\u00e3o provoca crescimento de mais de 10% nas vendas do North Shopping Barretos - Regi\u00e3o News\" \/>\n<meta property=\"og:description\" content=\"&nbsp; Os onze dias do evento de 2024 foram ainda\" \/>\n<meta property=\"og:url\" content=\"https:\/\/regiaonews.net.br\/2022\/2024\/08\/27\/impacto-economico-da-festa-do-peao-provoca-crescimento-de-mais-de-10-nas-vendas-do-north-shopping-barretos\/\" \/>\n<meta property=\"og:site_name\" content=\"Regi\u00e3o News\" \/>\n<meta property=\"article:published_time\" content=\"2024-08-27T21:43:55+00:00\" \/>\n<meta property=\"og:image\" content=\"https:\/\/regiaonews.net.br\/2022\/wp-content\/uploads\/2024\/08\/WhatsApp-Image-2024-08-27-at-18.00.56.jpeg\" \/>\n\t<meta property=\"og:image:width\" content=\"828\" \/>\n\t<meta property=\"og:image:height\" content=\"506\" \/>\n\t<meta property=\"og:image:type\" content=\"image\/jpeg\" \/>\n<meta name=\"author\" content=\"Roberto\" \/>\n<meta name=\"twitter:card\" content=\"summary_large_image\" \/>\n<meta name=\"twitter:label1\" content=\"Escrito por\" \/>\n\t<meta name=\"twitter:data1\" content=\"Roberto\" \/>\n\t<meta name=\"twitter:label2\" content=\"Est. tempo de leitura\" \/>\n\t<meta name=\"twitter:data2\" content=\"2 minutos\" \/>\n<script type=\"application\/ld+json\" class=\"yoast-schema-graph\">{\"@context\":\"https:\\\/\\\/schema.org\",\"@graph\":[{\"@type\":\"Article\",\"@id\":\"https:\\\/\\\/regiaonews.net.br\\\/2022\\\/2024\\\/08\\\/27\\\/impacto-economico-da-festa-do-peao-provoca-crescimento-de-mais-de-10-nas-vendas-do-north-shopping-barretos\\\/#article\",\"isPartOf\":{\"@id\":\"https:\\\/\\\/regiaonews.net.br\\\/2022\\\/2024\\\/08\\\/27\\\/impacto-economico-da-festa-do-peao-provoca-crescimento-de-mais-de-10-nas-vendas-do-north-shopping-barretos\\\/\"},\"author\":{\"name\":\"Roberto\",\"@id\":\"https:\\\/\\\/regiaonews.net.br\\\/2022\\\/#\\\/schema\\\/person\\\/2d205a608a5aa97ac279d7a5e6d89ad8\"},\"headline\":\"Impacto econ\u00f4mico da Festa do Pe\u00e3o provoca crescimento de mais de 10% nas vendas do North Shopping Barretos\",\"datePublished\":\"2024-08-27T21:43:55+00:00\",\"mainEntityOfPage\":{\"@id\":\"https:\\\/\\\/regiaonews.net.br\\\/2022\\\/2024\\\/08\\\/27\\\/impacto-economico-da-festa-do-peao-provoca-crescimento-de-mais-de-10-nas-vendas-do-north-shopping-barretos\\\/\"},\"wordCount\":277,\"commentCount\":0,\"publisher\":{\"@id\":\"https:\\\/\\\/regiaonews.net.br\\\/2022\\\/#organization\"},\"image\":{\"@id\":\"https:\\\/\\\/regiaonews.net.br\\\/2022\\\/2024\\\/08\\\/27\\\/impacto-economico-da-festa-do-peao-provoca-crescimento-de-mais-de-10-nas-vendas-do-north-shopping-barretos\\\/#primaryimage\"},\"thumbnailUrl\":\"https:\\\/\\\/regiaonews.net.br\\\/2022\\\/wp-content\\\/uploads\\\/2024\\\/08\\\/WhatsApp-Image-2024-08-27-at-18.00.56.jpeg\",\"articleSection\":[\"Barretos\",\"Cidades\"],\"inLanguage\":\"pt-BR\",\"potentialAction\":[{\"@type\":\"CommentAction\",\"name\":\"Comment\",\"target\":[\"https:\\\/\\\/regiaonews.net.br\\\/2022\\\/2024\\\/08\\\/27\\\/impacto-economico-da-festa-do-peao-provoca-crescimento-de-mais-de-10-nas-vendas-do-north-shopping-barretos\\\/#respond\"]}]},{\"@type\":\"WebPage\",\"@id\":\"https:\\\/\\\/regiaonews.net.br\\\/2022\\\/2024\\\/08\\\/27\\\/impacto-economico-da-festa-do-peao-provoca-crescimento-de-mais-de-10-nas-vendas-do-north-shopping-barretos\\\/\",\"url\":\"https:\\\/\\\/regiaonews.net.br\\\/2022\\\/2024\\\/08\\\/27\\\/impacto-economico-da-festa-do-peao-provoca-crescimento-de-mais-de-10-nas-vendas-do-north-shopping-barretos\\\/\",\"name\":\"Impacto econ\u00f4mico da Festa do Pe\u00e3o provoca crescimento de mais de 10% nas vendas do North Shopping Barretos - Regi\u00e3o News\",\"isPartOf\":{\"@id\":\"https:\\\/\\\/regiaonews.net.br\\\/2022\\\/#website\"},\"primaryImageOfPage\":{\"@id\":\"https:\\\/\\\/regiaonews.net.br\\\/2022\\\/2024\\\/08\\\/27\\\/impacto-economico-da-festa-do-peao-provoca-crescimento-de-mais-de-10-nas-vendas-do-north-shopping-barretos\\\/#primaryimage\"},\"image\":{\"@id\":\"https:\\\/\\\/regiaonews.net.br\\\/2022\\\/2024\\\/08\\\/27\\\/impacto-economico-da-festa-do-peao-provoca-crescimento-de-mais-de-10-nas-vendas-do-north-shopping-barretos\\\/#primaryimage\"},\"thumbnailUrl\":\"https:\\\/\\\/regiaonews.net.br\\\/2022\\\/wp-content\\\/uploads\\\/2024\\\/08\\\/WhatsApp-Image-2024-08-27-at-18.00.56.jpeg\",\"datePublished\":\"2024-08-27T21:43:55+00:00\",\"breadcrumb\":{\"@id\":\"https:\\\/\\\/regiaonews.net.br\\\/2022\\\/2024\\\/08\\\/27\\\/impacto-economico-da-festa-do-peao-provoca-crescimento-de-mais-de-10-nas-vendas-do-north-shopping-barretos\\\/#breadcrumb\"},\"inLanguage\":\"pt-BR\",\"potentialAction\":[{\"@type\":\"ReadAction\",\"target\":[\"https:\\\/\\\/regiaonews.net.br\\\/2022\\\/2024\\\/08\\\/27\\\/impacto-economico-da-festa-do-peao-provoca-crescimento-de-mais-de-10-nas-vendas-do-north-shopping-barretos\\\/\"]}]},{\"@type\":\"ImageObject\",\"inLanguage\":\"pt-BR\",\"@id\":\"https:\\\/\\\/regiaonews.net.br\\\/2022\\\/2024\\\/08\\\/27\\\/impacto-economico-da-festa-do-peao-provoca-crescimento-de-mais-de-10-nas-vendas-do-north-shopping-barretos\\\/#primaryimage\",\"url\":\"https:\\\/\\\/regiaonews.net.br\\\/2022\\\/wp-content\\\/uploads\\\/2024\\\/08\\\/WhatsApp-Image-2024-08-27-at-18.00.56.jpeg\",\"contentUrl\":\"https:\\\/\\\/regiaonews.net.br\\\/2022\\\/wp-content\\\/uploads\\\/2024\\\/08\\\/WhatsApp-Image-2024-08-27-at-18.00.56.jpeg\",\"width\":828,\"height\":506},{\"@type\":\"BreadcrumbList\",\"@id\":\"https:\\\/\\\/regiaonews.net.br\\\/2022\\\/2024\\\/08\\\/27\\\/impacto-economico-da-festa-do-peao-provoca-crescimento-de-mais-de-10-nas-vendas-do-north-shopping-barretos\\\/#breadcrumb\",\"itemListElement\":[{\"@type\":\"ListItem\",\"position\":1,\"name\":\"In\u00edcio\",\"item\":\"https:\\\/\\\/regiaonews.net.br\\\/2022\\\/\"},{\"@type\":\"ListItem\",\"position\":2,\"name\":\"Impacto econ\u00f4mico da Festa do Pe\u00e3o provoca crescimento de mais de 10% nas vendas do North Shopping Barretos\"}]},{\"@type\":\"WebSite\",\"@id\":\"https:\\\/\\\/regiaonews.net.br\\\/2022\\\/#website\",\"url\":\"https:\\\/\\\/regiaonews.net.br\\\/2022\\\/\",\"name\":\"Regi\u00e3o News\",\"description\":\"Site de Not\u00edcias de Barretos e regi\u00e3o\",\"publisher\":{\"@id\":\"https:\\\/\\\/regiaonews.net.br\\\/2022\\\/#organization\"},\"potentialAction\":[{\"@type\":\"SearchAction\",\"target\":{\"@type\":\"EntryPoint\",\"urlTemplate\":\"https:\\\/\\\/regiaonews.net.br\\\/2022\\\/?s={search_term_string}\"},\"query-input\":{\"@type\":\"PropertyValueSpecification\",\"valueRequired\":true,\"valueName\":\"search_term_string\"}}],\"inLanguage\":\"pt-BR\"},{\"@type\":\"Organization\",\"@id\":\"https:\\\/\\\/regiaonews.net.br\\\/2022\\\/#organization\",\"name\":\"Regi\u00e3o News\",\"url\":\"https:\\\/\\\/regiaonews.net.br\\\/2022\\\/\",\"logo\":{\"@type\":\"ImageObject\",\"inLanguage\":\"pt-BR\",\"@id\":\"https:\\\/\\\/regiaonews.net.br\\\/2022\\\/#\\\/schema\\\/logo\\\/image\\\/\",\"url\":\"https:\\\/\\\/regiaonews.net.br\\\/2022\\\/wp-content\\\/uploads\\\/2026\\\/03\\\/regiao-13-anos-scaled.jpg\",\"contentUrl\":\"https:\\\/\\\/regiaonews.net.br\\\/2022\\\/wp-content\\\/uploads\\\/2026\\\/03\\\/regiao-13-anos-scaled.jpg\",\"width\":2560,\"height\":635,\"caption\":\"Regi\u00e3o News\"},\"image\":{\"@id\":\"https:\\\/\\\/regiaonews.net.br\\\/2022\\\/#\\\/schema\\\/logo\\\/image\\\/\"}},{\"@type\":\"Person\",\"@id\":\"https:\\\/\\\/regiaonews.net.br\\\/2022\\\/#\\\/schema\\\/person\\\/2d205a608a5aa97ac279d7a5e6d89ad8\",\"name\":\"Roberto\",\"image\":{\"@type\":\"ImageObject\",\"inLanguage\":\"pt-BR\",\"@id\":\"https:\\\/\\\/secure.gravatar.com\\\/avatar\\\/42749d8b712ff9d59ca93dc150494e5b55a44134482993f5baeb97e61b7ecc89?s=96&d=mm&r=g\",\"url\":\"https:\\\/\\\/secure.gravatar.com\\\/avatar\\\/42749d8b712ff9d59ca93dc150494e5b55a44134482993f5baeb97e61b7ecc89?s=96&d=mm&r=g\",\"contentUrl\":\"https:\\\/\\\/secure.gravatar.com\\\/avatar\\\/42749d8b712ff9d59ca93dc150494e5b55a44134482993f5baeb97e61b7ecc89?s=96&d=mm&r=g\",\"caption\":\"Roberto\"},\"url\":\"https:\\\/\\\/regiaonews.net.br\\\/2022\\\/author\\\/roberto\\\/\"}]}<\/script>\n<!-- \/ Yoast SEO plugin. -->","yoast_head_json":{"title":"Impacto econ\u00f4mico da Festa do Pe\u00e3o provoca crescimento de mais de 10% nas vendas do North Shopping Barretos - Regi\u00e3o News","robots":{"index":"index","follow":"follow","max-snippet":"max-snippet:-1","max-image-preview":"max-image-preview:large","max-video-preview":"max-video-preview:-1"},"canonical":"https:\/\/regiaonews.net.br\/2022\/2024\/08\/27\/impacto-economico-da-festa-do-peao-provoca-crescimento-de-mais-de-10-nas-vendas-do-north-shopping-barretos\/","og_locale":"pt_BR","og_type":"article","og_title":"Impacto econ\u00f4mico da Festa do Pe\u00e3o provoca crescimento de mais de 10% nas vendas do North Shopping Barretos - Regi\u00e3o News","og_description":"&nbsp; Os onze dias do evento de 2024 foram ainda","og_url":"https:\/\/regiaonews.net.br\/2022\/2024\/08\/27\/impacto-economico-da-festa-do-peao-provoca-crescimento-de-mais-de-10-nas-vendas-do-north-shopping-barretos\/","og_site_name":"Regi\u00e3o News","article_published_time":"2024-08-27T21:43:55+00:00","og_image":[{"width":828,"height":506,"url":"https:\/\/regiaonews.net.br\/2022\/wp-content\/uploads\/2024\/08\/WhatsApp-Image-2024-08-27-at-18.00.56.jpeg","type":"image\/jpeg"}],"author":"Roberto","twitter_card":"summary_large_image","twitter_misc":{"Escrito por":"Roberto","Est. tempo de leitura":"2 minutos"},"schema":{"@context":"https:\/\/schema.org","@graph":[{"@type":"Article","@id":"https:\/\/regiaonews.net.br\/2022\/2024\/08\/27\/impacto-economico-da-festa-do-peao-provoca-crescimento-de-mais-de-10-nas-vendas-do-north-shopping-barretos\/#article","isPartOf":{"@id":"https:\/\/regiaonews.net.br\/2022\/2024\/08\/27\/impacto-economico-da-festa-do-peao-provoca-crescimento-de-mais-de-10-nas-vendas-do-north-shopping-barretos\/"},"author":{"name":"Roberto","@id":"https:\/\/regiaonews.net.br\/2022\/#\/schema\/person\/2d205a608a5aa97ac279d7a5e6d89ad8"},"headline":"Impacto econ\u00f4mico da Festa do Pe\u00e3o provoca crescimento de mais de 10% nas vendas do North Shopping Barretos","datePublished":"2024-08-27T21:43:55+00:00","mainEntityOfPage":{"@id":"https:\/\/regiaonews.net.br\/2022\/2024\/08\/27\/impacto-economico-da-festa-do-peao-provoca-crescimento-de-mais-de-10-nas-vendas-do-north-shopping-barretos\/"},"wordCount":277,"commentCount":0,"publisher":{"@id":"https:\/\/regiaonews.net.br\/2022\/#organization"},"image":{"@id":"https:\/\/regiaonews.net.br\/2022\/2024\/08\/27\/impacto-economico-da-festa-do-peao-provoca-crescimento-de-mais-de-10-nas-vendas-do-north-shopping-barretos\/#primaryimage"},"thumbnailUrl":"https:\/\/regiaonews.net.br\/2022\/wp-content\/uploads\/2024\/08\/WhatsApp-Image-2024-08-27-at-18.00.56.jpeg","articleSection":["Barretos","Cidades"],"inLanguage":"pt-BR","potentialAction":[{"@type":"CommentAction","name":"Comment","target":["https:\/\/regiaonews.net.br\/2022\/2024\/08\/27\/impacto-economico-da-festa-do-peao-provoca-crescimento-de-mais-de-10-nas-vendas-do-north-shopping-barretos\/#respond"]}]},{"@type":"WebPage","@id":"https:\/\/regiaonews.net.br\/2022\/2024\/08\/27\/impacto-economico-da-festa-do-peao-provoca-crescimento-de-mais-de-10-nas-vendas-do-north-shopping-barretos\/","url":"https:\/\/regiaonews.net.br\/2022\/2024\/08\/27\/impacto-economico-da-festa-do-peao-provoca-crescimento-de-mais-de-10-nas-vendas-do-north-shopping-barretos\/","name":"Impacto econ\u00f4mico da Festa do Pe\u00e3o provoca crescimento de mais de 10% nas vendas do North Shopping Barretos - Regi\u00e3o News","isPartOf":{"@id":"https:\/\/regiaonews.net.br\/2022\/#website"},"primaryImageOfPage":{"@id":"https:\/\/regiaonews.net.br\/2022\/2024\/08\/27\/impacto-economico-da-festa-do-peao-provoca-crescimento-de-mais-de-10-nas-vendas-do-north-shopping-barretos\/#primaryimage"},"image":{"@id":"https:\/\/regiaonews.net.br\/2022\/2024\/08\/27\/impacto-economico-da-festa-do-peao-provoca-crescimento-de-mais-de-10-nas-vendas-do-north-shopping-barretos\/#primaryimage"},"thumbnailUrl":"https:\/\/regiaonews.net.br\/2022\/wp-content\/uploads\/2024\/08\/WhatsApp-Image-2024-08-27-at-18.00.56.jpeg","datePublished":"2024-08-27T21:43:55+00:00","breadcrumb":{"@id":"https:\/\/regiaonews.net.br\/2022\/2024\/08\/27\/impacto-economico-da-festa-do-peao-provoca-crescimento-de-mais-de-10-nas-vendas-do-north-shopping-barretos\/#breadcrumb"},"inLanguage":"pt-BR","potentialAction":[{"@type":"ReadAction","target":["https:\/\/regiaonews.net.br\/2022\/2024\/08\/27\/impacto-economico-da-festa-do-peao-provoca-crescimento-de-mais-de-10-nas-vendas-do-north-shopping-barretos\/"]}]},{"@type":"ImageObject","inLanguage":"pt-BR","@id":"https:\/\/regiaonews.net.br\/2022\/2024\/08\/27\/impacto-economico-da-festa-do-peao-provoca-crescimento-de-mais-de-10-nas-vendas-do-north-shopping-barretos\/#primaryimage","url":"https:\/\/regiaonews.net.br\/2022\/wp-content\/uploads\/2024\/08\/WhatsApp-Image-2024-08-27-at-18.00.56.jpeg","contentUrl":"https:\/\/regiaonews.net.br\/2022\/wp-content\/uploads\/2024\/08\/WhatsApp-Image-2024-08-27-at-18.00.56.jpeg","width":828,"height":506},{"@type":"BreadcrumbList","@id":"https:\/\/regiaonews.net.br\/2022\/2024\/08\/27\/impacto-economico-da-festa-do-peao-provoca-crescimento-de-mais-de-10-nas-vendas-do-north-shopping-barretos\/#breadcrumb","itemListElement":[{"@type":"ListItem","position":1,"name":"In\u00edcio","item":"https:\/\/regiaonews.net.br\/2022\/"},{"@type":"ListItem","position":2,"name":"Impacto econ\u00f4mico da Festa do Pe\u00e3o provoca crescimento de mais de 10% nas vendas do North Shopping Barretos"}]},{"@type":"WebSite","@id":"https:\/\/regiaonews.net.br\/2022\/#website","url":"https:\/\/regiaonews.net.br\/2022\/","name":"Regi\u00e3o News","description":"Site de Not\u00edcias de Barretos e regi\u00e3o","publisher":{"@id":"https:\/\/regiaonews.net.br\/2022\/#organization"},"potentialAction":[{"@type":"SearchAction","target":{"@type":"EntryPoint","urlTemplate":"https:\/\/regiaonews.net.br\/2022\/?s={search_term_string}"},"query-input":{"@type":"PropertyValueSpecification","valueRequired":true,"valueName":"search_term_string"}}],"inLanguage":"pt-BR"},{"@type":"Organization","@id":"https:\/\/regiaonews.net.br\/2022\/#organization","name":"Regi\u00e3o News","url":"https:\/\/regiaonews.net.br\/2022\/","logo":{"@type":"ImageObject","inLanguage":"pt-BR","@id":"https:\/\/regiaonews.net.br\/2022\/#\/schema\/logo\/image\/","url":"https:\/\/regiaonews.net.br\/2022\/wp-content\/uploads\/2026\/03\/regiao-13-anos-scaled.jpg","contentUrl":"https:\/\/regiaonews.net.br\/2022\/wp-content\/uploads\/2026\/03\/regiao-13-anos-scaled.jpg","width":2560,"height":635,"caption":"Regi\u00e3o News"},"image":{"@id":"https:\/\/regiaonews.net.br\/2022\/#\/schema\/logo\/image\/"}},{"@type":"Person","@id":"https:\/\/regiaonews.net.br\/2022\/#\/schema\/person\/2d205a608a5aa97ac279d7a5e6d89ad8","name":"Roberto","image":{"@type":"ImageObject","inLanguage":"pt-BR","@id":"https:\/\/secure.gravatar.com\/avatar\/42749d8b712ff9d59ca93dc150494e5b55a44134482993f5baeb97e61b7ecc89?s=96&d=mm&r=g","url":"https:\/\/secure.gravatar.com\/avatar\/42749d8b712ff9d59ca93dc150494e5b55a44134482993f5baeb97e61b7ecc89?s=96&d=mm&r=g","contentUrl":"https:\/\/secure.gravatar.com\/avatar\/42749d8b712ff9d59ca93dc150494e5b55a44134482993f5baeb97e61b7ecc89?s=96&d=mm&r=g","caption":"Roberto"},"url":"https:\/\/regiaonews.net.br\/2022\/author\/roberto\/"}]}},"publishpress_future_action":{"enabled":false,"date":"2026-05-03 01:44:53","action":"change-status","newStatus":"draft","terms":[],"taxonomy":"category","extraData":[]},"publishpress_future_workflow_manual_trigger":{"enabledWorkflows":[]},"_links":{"self":[{"href":"https:\/\/regiaonews.net.br\/2022\/wp-json\/wp\/v2\/posts\/109365","targetHints":{"allow":["GET"]}}],"collection":[{"href":"https:\/\/regiaonews.net.br\/2022\/wp-json\/wp\/v2\/posts"}],"about":[{"href":"https:\/\/regiaonews.net.br\/2022\/wp-json\/wp\/v2\/types\/post"}],"author":[{"embeddable":true,"href":"https:\/\/regiaonews.net.br\/2022\/wp-json\/wp\/v2\/users\/2"}],"replies":[{"embeddable":true,"href":"https:\/\/regiaonews.net.br\/2022\/wp-json\/wp\/v2\/comments?post=109365"}],"version-history":[{"count":1,"href":"https:\/\/regiaonews.net.br\/2022\/wp-json\/wp\/v2\/posts\/109365\/revisions"}],"predecessor-version":[{"id":109367,"href":"https:\/\/regiaonews.net.br\/2022\/wp-json\/wp\/v2\/posts\/109365\/revisions\/109367"}],"wp:featuredmedia":[{"embeddable":true,"href":"https:\/\/regiaonews.net.br\/2022\/wp-json\/wp\/v2\/media\/109366"}],"wp:attachment":[{"href":"https:\/\/regiaonews.net.br\/2022\/wp-json\/wp\/v2\/media?parent=109365"}],"wp:term":[{"taxonomy":"category","embeddable":true,"href":"https:\/\/regiaonews.net.br\/2022\/wp-json\/wp\/v2\/categories?post=109365"},{"taxonomy":"post_tag","embeddable":true,"href":"https:\/\/regiaonews.net.br\/2022\/wp-json\/wp\/v2\/tags?post=109365"}],"curies":[{"name":"wp","href":"https:\/\/api.w.org\/{rel}","templated":true}]}}