{"id":109329,"date":"2024-08-25T22:05:23","date_gmt":"2024-08-26T01:05:23","guid":{"rendered":"https:\/\/regiaonews.net.br\/2022\/?p=109329"},"modified":"2024-08-25T22:28:33","modified_gmt":"2024-08-26T01:28:33","slug":"brasileiro-everton-natan-de-viradouro-e-o-campeao-do-31o-barretos-international","status":"publish","type":"post","link":"https:\/\/regiaonews.net.br\/2022\/2024\/08\/25\/brasileiro-everton-natan-de-viradouro-e-o-campeao-do-31o-barretos-international\/","title":{"rendered":"Brasileiro Everton Natan de Viradouro \u00e9 o campe\u00e3o do 31\u00ba Barretos International"},"content":{"rendered":"<p>\u00c9 do Brasil mais o t\u00edtulo do 31\u00ba Barretos International Rodeo. Ap\u00f3s tr\u00eas rounds e a semifinal que definiu os 10 finalistas dos 35 competidores que disputaram a edi\u00e7\u00e3o de 2024, o t\u00edtulo de campe\u00e3o do Barret\u00e3o, ficou para o paulista Everton Natan da Silva, 25 anos, de Viradouro, que conquistou o t\u00edtulo invicto ao obter 86 pontos ao montar no touro Paralelo da Companhia Zeca da Ju\u00edna, totalizando 436,75. \u201cEu n\u00e3o tenho palavras para descrever a emo\u00e7\u00e3o deste t\u00edtulo. Eu sempre sonhei com isso desde pequeno. Deus \u00e9 fiel\u201d, afirmou Everton Natan. O brasileiro desbancou o mexicano \u00c1lvaro Alvarez Aguilar que chegou a final na lideran\u00e7a com 351,25, mas n\u00e3o parou na quinta montaria montando o touro Cobi\u00e7ado da Cia T\u00e9rcio Miranda.\u00a0O segundo lugar ficou Daniel Caetano Feitoza que obteve 430,00 pontos.<\/p>\n<p>Entre os tropeiros, ocorreu empate entre as companhias Tercio Miranda de Votuporanga e\u00a0 Calif\u00f3rnia de Taquaritinga\/SP que obtiveram a pontua\u00e7\u00e3o de 44,54.\u00a0 J\u00e1 o melhor touro foi o animal Cobi\u00e7ado da Companhia Tercio Miranda.<\/p>\n<p>Classifica\u00e7\u00e3o Final<\/p>\n<p>1\u00ba &#8211; Everton Natan da Silva \u2013 Viradouro\/SP \u2013 436,75 pontos<\/p>\n<p>2\u00ba &#8211; Daniel Caetano Feitosa \u2013 Guaraci\/PR \u2013 430,00 pontos<\/p>\n<p>3\u00ba &#8211; Riquelme Silva \u2013 Bom Jesus do Araguaia\/MT \u2013 354,75 pontos<\/p>\n<p>4\u00ba &#8211; Gustavo Luiz da Silva \u2013 Inoc\u00eancia\/MT \u2013 353,25 pontos<\/p>\n<p>5\u00ba &#8211; \u00c1lvaro Alvarez Aguilar \u2013 La Punto Jalisco\/MEX \u2013 351,25 pontos<\/p>\n<p>&nbsp;<\/p>\n","protected":false},"excerpt":{"rendered":"<p>\u00c9 do Brasil mais o t\u00edtulo do 31\u00ba Barretos International<\/p>\n","protected":false},"author":2,"featured_media":109334,"comment_status":"open","ping_status":"open","sticky":false,"template":"","format":"standard","meta":{"footnotes":""},"categories":[14,45],"tags":[],"class_list":["post-109329","post","type-post","status-publish","format-standard","has-post-thumbnail","hentry","category-barretos","category-festa-do-peao"],"yoast_head":"<!-- This site is optimized with the Yoast SEO plugin v27.4 - https:\/\/yoast.com\/product\/yoast-seo-wordpress\/ -->\n<title>Brasileiro Everton Natan de Viradouro \u00e9 o campe\u00e3o do 31\u00ba Barretos International - Regi\u00e3o News<\/title>\n<meta name=\"robots\" content=\"index, follow, max-snippet:-1, max-image-preview:large, max-video-preview:-1\" \/>\n<link rel=\"canonical\" href=\"https:\/\/regiaonews.net.br\/2022\/2024\/08\/25\/brasileiro-everton-natan-de-viradouro-e-o-campeao-do-31o-barretos-international\/\" \/>\n<meta property=\"og:locale\" content=\"pt_BR\" \/>\n<meta property=\"og:type\" content=\"article\" \/>\n<meta property=\"og:title\" content=\"Brasileiro Everton Natan de Viradouro \u00e9 o campe\u00e3o do 31\u00ba Barretos International - Regi\u00e3o News\" \/>\n<meta property=\"og:description\" content=\"\u00c9 do Brasil mais o t\u00edtulo do 31\u00ba Barretos International\" \/>\n<meta property=\"og:url\" content=\"https:\/\/regiaonews.net.br\/2022\/2024\/08\/25\/brasileiro-everton-natan-de-viradouro-e-o-campeao-do-31o-barretos-international\/\" \/>\n<meta property=\"og:site_name\" content=\"Regi\u00e3o News\" \/>\n<meta property=\"article:published_time\" content=\"2024-08-26T01:05:23+00:00\" \/>\n<meta property=\"article:modified_time\" content=\"2024-08-26T01:28:33+00:00\" \/>\n<meta property=\"og:image\" content=\"https:\/\/regiaonews.net.br\/2022\/wp-content\/uploads\/2024\/08\/WhatsApp-Image-2024-08-25-at-22.27.53.jpeg\" \/>\n\t<meta property=\"og:image:width\" content=\"1600\" \/>\n\t<meta property=\"og:image:height\" content=\"1200\" \/>\n\t<meta property=\"og:image:type\" content=\"image\/jpeg\" \/>\n<meta name=\"author\" content=\"Roberto\" \/>\n<meta name=\"twitter:card\" content=\"summary_large_image\" \/>\n<meta name=\"twitter:label1\" content=\"Escrito por\" \/>\n\t<meta name=\"twitter:data1\" content=\"Roberto\" \/>\n\t<meta name=\"twitter:label2\" content=\"Est. tempo de leitura\" \/>\n\t<meta name=\"twitter:data2\" content=\"2 minutos\" \/>\n<script type=\"application\/ld+json\" class=\"yoast-schema-graph\">{\"@context\":\"https:\\\/\\\/schema.org\",\"@graph\":[{\"@type\":\"Article\",\"@id\":\"https:\\\/\\\/regiaonews.net.br\\\/2022\\\/2024\\\/08\\\/25\\\/brasileiro-everton-natan-de-viradouro-e-o-campeao-do-31o-barretos-international\\\/#article\",\"isPartOf\":{\"@id\":\"https:\\\/\\\/regiaonews.net.br\\\/2022\\\/2024\\\/08\\\/25\\\/brasileiro-everton-natan-de-viradouro-e-o-campeao-do-31o-barretos-international\\\/\"},\"author\":{\"name\":\"Roberto\",\"@id\":\"https:\\\/\\\/regiaonews.net.br\\\/2022\\\/#\\\/schema\\\/person\\\/2d205a608a5aa97ac279d7a5e6d89ad8\"},\"headline\":\"Brasileiro Everton Natan de Viradouro \u00e9 o campe\u00e3o do 31\u00ba Barretos International\",\"datePublished\":\"2024-08-26T01:05:23+00:00\",\"dateModified\":\"2024-08-26T01:28:33+00:00\",\"mainEntityOfPage\":{\"@id\":\"https:\\\/\\\/regiaonews.net.br\\\/2022\\\/2024\\\/08\\\/25\\\/brasileiro-everton-natan-de-viradouro-e-o-campeao-do-31o-barretos-international\\\/\"},\"wordCount\":233,\"commentCount\":0,\"publisher\":{\"@id\":\"https:\\\/\\\/regiaonews.net.br\\\/2022\\\/#organization\"},\"image\":{\"@id\":\"https:\\\/\\\/regiaonews.net.br\\\/2022\\\/2024\\\/08\\\/25\\\/brasileiro-everton-natan-de-viradouro-e-o-campeao-do-31o-barretos-international\\\/#primaryimage\"},\"thumbnailUrl\":\"https:\\\/\\\/regiaonews.net.br\\\/2022\\\/wp-content\\\/uploads\\\/2024\\\/08\\\/WhatsApp-Image-2024-08-25-at-22.27.53.jpeg\",\"articleSection\":[\"Barretos\",\"Festa do Pe\u00e3o\"],\"inLanguage\":\"pt-BR\",\"potentialAction\":[{\"@type\":\"CommentAction\",\"name\":\"Comment\",\"target\":[\"https:\\\/\\\/regiaonews.net.br\\\/2022\\\/2024\\\/08\\\/25\\\/brasileiro-everton-natan-de-viradouro-e-o-campeao-do-31o-barretos-international\\\/#respond\"]}]},{\"@type\":\"WebPage\",\"@id\":\"https:\\\/\\\/regiaonews.net.br\\\/2022\\\/2024\\\/08\\\/25\\\/brasileiro-everton-natan-de-viradouro-e-o-campeao-do-31o-barretos-international\\\/\",\"url\":\"https:\\\/\\\/regiaonews.net.br\\\/2022\\\/2024\\\/08\\\/25\\\/brasileiro-everton-natan-de-viradouro-e-o-campeao-do-31o-barretos-international\\\/\",\"name\":\"Brasileiro Everton Natan de Viradouro \u00e9 o campe\u00e3o do 31\u00ba Barretos International - Regi\u00e3o News\",\"isPartOf\":{\"@id\":\"https:\\\/\\\/regiaonews.net.br\\\/2022\\\/#website\"},\"primaryImageOfPage\":{\"@id\":\"https:\\\/\\\/regiaonews.net.br\\\/2022\\\/2024\\\/08\\\/25\\\/brasileiro-everton-natan-de-viradouro-e-o-campeao-do-31o-barretos-international\\\/#primaryimage\"},\"image\":{\"@id\":\"https:\\\/\\\/regiaonews.net.br\\\/2022\\\/2024\\\/08\\\/25\\\/brasileiro-everton-natan-de-viradouro-e-o-campeao-do-31o-barretos-international\\\/#primaryimage\"},\"thumbnailUrl\":\"https:\\\/\\\/regiaonews.net.br\\\/2022\\\/wp-content\\\/uploads\\\/2024\\\/08\\\/WhatsApp-Image-2024-08-25-at-22.27.53.jpeg\",\"datePublished\":\"2024-08-26T01:05:23+00:00\",\"dateModified\":\"2024-08-26T01:28:33+00:00\",\"breadcrumb\":{\"@id\":\"https:\\\/\\\/regiaonews.net.br\\\/2022\\\/2024\\\/08\\\/25\\\/brasileiro-everton-natan-de-viradouro-e-o-campeao-do-31o-barretos-international\\\/#breadcrumb\"},\"inLanguage\":\"pt-BR\",\"potentialAction\":[{\"@type\":\"ReadAction\",\"target\":[\"https:\\\/\\\/regiaonews.net.br\\\/2022\\\/2024\\\/08\\\/25\\\/brasileiro-everton-natan-de-viradouro-e-o-campeao-do-31o-barretos-international\\\/\"]}]},{\"@type\":\"ImageObject\",\"inLanguage\":\"pt-BR\",\"@id\":\"https:\\\/\\\/regiaonews.net.br\\\/2022\\\/2024\\\/08\\\/25\\\/brasileiro-everton-natan-de-viradouro-e-o-campeao-do-31o-barretos-international\\\/#primaryimage\",\"url\":\"https:\\\/\\\/regiaonews.net.br\\\/2022\\\/wp-content\\\/uploads\\\/2024\\\/08\\\/WhatsApp-Image-2024-08-25-at-22.27.53.jpeg\",\"contentUrl\":\"https:\\\/\\\/regiaonews.net.br\\\/2022\\\/wp-content\\\/uploads\\\/2024\\\/08\\\/WhatsApp-Image-2024-08-25-at-22.27.53.jpeg\",\"width\":1600,\"height\":1200},{\"@type\":\"BreadcrumbList\",\"@id\":\"https:\\\/\\\/regiaonews.net.br\\\/2022\\\/2024\\\/08\\\/25\\\/brasileiro-everton-natan-de-viradouro-e-o-campeao-do-31o-barretos-international\\\/#breadcrumb\",\"itemListElement\":[{\"@type\":\"ListItem\",\"position\":1,\"name\":\"In\u00edcio\",\"item\":\"https:\\\/\\\/regiaonews.net.br\\\/2022\\\/\"},{\"@type\":\"ListItem\",\"position\":2,\"name\":\"Brasileiro Everton Natan de Viradouro \u00e9 o campe\u00e3o do 31\u00ba Barretos International\"}]},{\"@type\":\"WebSite\",\"@id\":\"https:\\\/\\\/regiaonews.net.br\\\/2022\\\/#website\",\"url\":\"https:\\\/\\\/regiaonews.net.br\\\/2022\\\/\",\"name\":\"Regi\u00e3o News\",\"description\":\"Site de Not\u00edcias de Barretos e regi\u00e3o\",\"publisher\":{\"@id\":\"https:\\\/\\\/regiaonews.net.br\\\/2022\\\/#organization\"},\"potentialAction\":[{\"@type\":\"SearchAction\",\"target\":{\"@type\":\"EntryPoint\",\"urlTemplate\":\"https:\\\/\\\/regiaonews.net.br\\\/2022\\\/?s={search_term_string}\"},\"query-input\":{\"@type\":\"PropertyValueSpecification\",\"valueRequired\":true,\"valueName\":\"search_term_string\"}}],\"inLanguage\":\"pt-BR\"},{\"@type\":\"Organization\",\"@id\":\"https:\\\/\\\/regiaonews.net.br\\\/2022\\\/#organization\",\"name\":\"Regi\u00e3o News\",\"url\":\"https:\\\/\\\/regiaonews.net.br\\\/2022\\\/\",\"logo\":{\"@type\":\"ImageObject\",\"inLanguage\":\"pt-BR\",\"@id\":\"https:\\\/\\\/regiaonews.net.br\\\/2022\\\/#\\\/schema\\\/logo\\\/image\\\/\",\"url\":\"https:\\\/\\\/regiaonews.net.br\\\/2022\\\/wp-content\\\/uploads\\\/2026\\\/03\\\/regiao-13-anos-scaled.jpg\",\"contentUrl\":\"https:\\\/\\\/regiaonews.net.br\\\/2022\\\/wp-content\\\/uploads\\\/2026\\\/03\\\/regiao-13-anos-scaled.jpg\",\"width\":2560,\"height\":635,\"caption\":\"Regi\u00e3o News\"},\"image\":{\"@id\":\"https:\\\/\\\/regiaonews.net.br\\\/2022\\\/#\\\/schema\\\/logo\\\/image\\\/\"}},{\"@type\":\"Person\",\"@id\":\"https:\\\/\\\/regiaonews.net.br\\\/2022\\\/#\\\/schema\\\/person\\\/2d205a608a5aa97ac279d7a5e6d89ad8\",\"name\":\"Roberto\",\"image\":{\"@type\":\"ImageObject\",\"inLanguage\":\"pt-BR\",\"@id\":\"https:\\\/\\\/secure.gravatar.com\\\/avatar\\\/42749d8b712ff9d59ca93dc150494e5b55a44134482993f5baeb97e61b7ecc89?s=96&d=mm&r=g\",\"url\":\"https:\\\/\\\/secure.gravatar.com\\\/avatar\\\/42749d8b712ff9d59ca93dc150494e5b55a44134482993f5baeb97e61b7ecc89?s=96&d=mm&r=g\",\"contentUrl\":\"https:\\\/\\\/secure.gravatar.com\\\/avatar\\\/42749d8b712ff9d59ca93dc150494e5b55a44134482993f5baeb97e61b7ecc89?s=96&d=mm&r=g\",\"caption\":\"Roberto\"},\"url\":\"https:\\\/\\\/regiaonews.net.br\\\/2022\\\/author\\\/roberto\\\/\"}]}<\/script>\n<!-- \/ Yoast SEO plugin. -->","yoast_head_json":{"title":"Brasileiro Everton Natan de Viradouro \u00e9 o campe\u00e3o do 31\u00ba Barretos International - Regi\u00e3o News","robots":{"index":"index","follow":"follow","max-snippet":"max-snippet:-1","max-image-preview":"max-image-preview:large","max-video-preview":"max-video-preview:-1"},"canonical":"https:\/\/regiaonews.net.br\/2022\/2024\/08\/25\/brasileiro-everton-natan-de-viradouro-e-o-campeao-do-31o-barretos-international\/","og_locale":"pt_BR","og_type":"article","og_title":"Brasileiro Everton Natan de Viradouro \u00e9 o campe\u00e3o do 31\u00ba Barretos International - Regi\u00e3o News","og_description":"\u00c9 do Brasil mais o t\u00edtulo do 31\u00ba Barretos International","og_url":"https:\/\/regiaonews.net.br\/2022\/2024\/08\/25\/brasileiro-everton-natan-de-viradouro-e-o-campeao-do-31o-barretos-international\/","og_site_name":"Regi\u00e3o News","article_published_time":"2024-08-26T01:05:23+00:00","article_modified_time":"2024-08-26T01:28:33+00:00","og_image":[{"width":1600,"height":1200,"url":"https:\/\/regiaonews.net.br\/2022\/wp-content\/uploads\/2024\/08\/WhatsApp-Image-2024-08-25-at-22.27.53.jpeg","type":"image\/jpeg"}],"author":"Roberto","twitter_card":"summary_large_image","twitter_misc":{"Escrito por":"Roberto","Est. tempo de leitura":"2 minutos"},"schema":{"@context":"https:\/\/schema.org","@graph":[{"@type":"Article","@id":"https:\/\/regiaonews.net.br\/2022\/2024\/08\/25\/brasileiro-everton-natan-de-viradouro-e-o-campeao-do-31o-barretos-international\/#article","isPartOf":{"@id":"https:\/\/regiaonews.net.br\/2022\/2024\/08\/25\/brasileiro-everton-natan-de-viradouro-e-o-campeao-do-31o-barretos-international\/"},"author":{"name":"Roberto","@id":"https:\/\/regiaonews.net.br\/2022\/#\/schema\/person\/2d205a608a5aa97ac279d7a5e6d89ad8"},"headline":"Brasileiro Everton Natan de Viradouro \u00e9 o campe\u00e3o do 31\u00ba Barretos International","datePublished":"2024-08-26T01:05:23+00:00","dateModified":"2024-08-26T01:28:33+00:00","mainEntityOfPage":{"@id":"https:\/\/regiaonews.net.br\/2022\/2024\/08\/25\/brasileiro-everton-natan-de-viradouro-e-o-campeao-do-31o-barretos-international\/"},"wordCount":233,"commentCount":0,"publisher":{"@id":"https:\/\/regiaonews.net.br\/2022\/#organization"},"image":{"@id":"https:\/\/regiaonews.net.br\/2022\/2024\/08\/25\/brasileiro-everton-natan-de-viradouro-e-o-campeao-do-31o-barretos-international\/#primaryimage"},"thumbnailUrl":"https:\/\/regiaonews.net.br\/2022\/wp-content\/uploads\/2024\/08\/WhatsApp-Image-2024-08-25-at-22.27.53.jpeg","articleSection":["Barretos","Festa do Pe\u00e3o"],"inLanguage":"pt-BR","potentialAction":[{"@type":"CommentAction","name":"Comment","target":["https:\/\/regiaonews.net.br\/2022\/2024\/08\/25\/brasileiro-everton-natan-de-viradouro-e-o-campeao-do-31o-barretos-international\/#respond"]}]},{"@type":"WebPage","@id":"https:\/\/regiaonews.net.br\/2022\/2024\/08\/25\/brasileiro-everton-natan-de-viradouro-e-o-campeao-do-31o-barretos-international\/","url":"https:\/\/regiaonews.net.br\/2022\/2024\/08\/25\/brasileiro-everton-natan-de-viradouro-e-o-campeao-do-31o-barretos-international\/","name":"Brasileiro Everton Natan de Viradouro \u00e9 o campe\u00e3o do 31\u00ba Barretos International - Regi\u00e3o News","isPartOf":{"@id":"https:\/\/regiaonews.net.br\/2022\/#website"},"primaryImageOfPage":{"@id":"https:\/\/regiaonews.net.br\/2022\/2024\/08\/25\/brasileiro-everton-natan-de-viradouro-e-o-campeao-do-31o-barretos-international\/#primaryimage"},"image":{"@id":"https:\/\/regiaonews.net.br\/2022\/2024\/08\/25\/brasileiro-everton-natan-de-viradouro-e-o-campeao-do-31o-barretos-international\/#primaryimage"},"thumbnailUrl":"https:\/\/regiaonews.net.br\/2022\/wp-content\/uploads\/2024\/08\/WhatsApp-Image-2024-08-25-at-22.27.53.jpeg","datePublished":"2024-08-26T01:05:23+00:00","dateModified":"2024-08-26T01:28:33+00:00","breadcrumb":{"@id":"https:\/\/regiaonews.net.br\/2022\/2024\/08\/25\/brasileiro-everton-natan-de-viradouro-e-o-campeao-do-31o-barretos-international\/#breadcrumb"},"inLanguage":"pt-BR","potentialAction":[{"@type":"ReadAction","target":["https:\/\/regiaonews.net.br\/2022\/2024\/08\/25\/brasileiro-everton-natan-de-viradouro-e-o-campeao-do-31o-barretos-international\/"]}]},{"@type":"ImageObject","inLanguage":"pt-BR","@id":"https:\/\/regiaonews.net.br\/2022\/2024\/08\/25\/brasileiro-everton-natan-de-viradouro-e-o-campeao-do-31o-barretos-international\/#primaryimage","url":"https:\/\/regiaonews.net.br\/2022\/wp-content\/uploads\/2024\/08\/WhatsApp-Image-2024-08-25-at-22.27.53.jpeg","contentUrl":"https:\/\/regiaonews.net.br\/2022\/wp-content\/uploads\/2024\/08\/WhatsApp-Image-2024-08-25-at-22.27.53.jpeg","width":1600,"height":1200},{"@type":"BreadcrumbList","@id":"https:\/\/regiaonews.net.br\/2022\/2024\/08\/25\/brasileiro-everton-natan-de-viradouro-e-o-campeao-do-31o-barretos-international\/#breadcrumb","itemListElement":[{"@type":"ListItem","position":1,"name":"In\u00edcio","item":"https:\/\/regiaonews.net.br\/2022\/"},{"@type":"ListItem","position":2,"name":"Brasileiro Everton Natan de Viradouro \u00e9 o campe\u00e3o do 31\u00ba Barretos International"}]},{"@type":"WebSite","@id":"https:\/\/regiaonews.net.br\/2022\/#website","url":"https:\/\/regiaonews.net.br\/2022\/","name":"Regi\u00e3o News","description":"Site de Not\u00edcias de Barretos e regi\u00e3o","publisher":{"@id":"https:\/\/regiaonews.net.br\/2022\/#organization"},"potentialAction":[{"@type":"SearchAction","target":{"@type":"EntryPoint","urlTemplate":"https:\/\/regiaonews.net.br\/2022\/?s={search_term_string}"},"query-input":{"@type":"PropertyValueSpecification","valueRequired":true,"valueName":"search_term_string"}}],"inLanguage":"pt-BR"},{"@type":"Organization","@id":"https:\/\/regiaonews.net.br\/2022\/#organization","name":"Regi\u00e3o News","url":"https:\/\/regiaonews.net.br\/2022\/","logo":{"@type":"ImageObject","inLanguage":"pt-BR","@id":"https:\/\/regiaonews.net.br\/2022\/#\/schema\/logo\/image\/","url":"https:\/\/regiaonews.net.br\/2022\/wp-content\/uploads\/2026\/03\/regiao-13-anos-scaled.jpg","contentUrl":"https:\/\/regiaonews.net.br\/2022\/wp-content\/uploads\/2026\/03\/regiao-13-anos-scaled.jpg","width":2560,"height":635,"caption":"Regi\u00e3o News"},"image":{"@id":"https:\/\/regiaonews.net.br\/2022\/#\/schema\/logo\/image\/"}},{"@type":"Person","@id":"https:\/\/regiaonews.net.br\/2022\/#\/schema\/person\/2d205a608a5aa97ac279d7a5e6d89ad8","name":"Roberto","image":{"@type":"ImageObject","inLanguage":"pt-BR","@id":"https:\/\/secure.gravatar.com\/avatar\/42749d8b712ff9d59ca93dc150494e5b55a44134482993f5baeb97e61b7ecc89?s=96&d=mm&r=g","url":"https:\/\/secure.gravatar.com\/avatar\/42749d8b712ff9d59ca93dc150494e5b55a44134482993f5baeb97e61b7ecc89?s=96&d=mm&r=g","contentUrl":"https:\/\/secure.gravatar.com\/avatar\/42749d8b712ff9d59ca93dc150494e5b55a44134482993f5baeb97e61b7ecc89?s=96&d=mm&r=g","caption":"Roberto"},"url":"https:\/\/regiaonews.net.br\/2022\/author\/roberto\/"}]}},"publishpress_future_action":{"enabled":false,"date":"2026-05-03 03:16:07","action":"change-status","newStatus":"draft","terms":[],"taxonomy":"category","extraData":[]},"publishpress_future_workflow_manual_trigger":{"enabledWorkflows":[]},"_links":{"self":[{"href":"https:\/\/regiaonews.net.br\/2022\/wp-json\/wp\/v2\/posts\/109329","targetHints":{"allow":["GET"]}}],"collection":[{"href":"https:\/\/regiaonews.net.br\/2022\/wp-json\/wp\/v2\/posts"}],"about":[{"href":"https:\/\/regiaonews.net.br\/2022\/wp-json\/wp\/v2\/types\/post"}],"author":[{"embeddable":true,"href":"https:\/\/regiaonews.net.br\/2022\/wp-json\/wp\/v2\/users\/2"}],"replies":[{"embeddable":true,"href":"https:\/\/regiaonews.net.br\/2022\/wp-json\/wp\/v2\/comments?post=109329"}],"version-history":[{"count":3,"href":"https:\/\/regiaonews.net.br\/2022\/wp-json\/wp\/v2\/posts\/109329\/revisions"}],"predecessor-version":[{"id":109333,"href":"https:\/\/regiaonews.net.br\/2022\/wp-json\/wp\/v2\/posts\/109329\/revisions\/109333"}],"wp:featuredmedia":[{"embeddable":true,"href":"https:\/\/regiaonews.net.br\/2022\/wp-json\/wp\/v2\/media\/109334"}],"wp:attachment":[{"href":"https:\/\/regiaonews.net.br\/2022\/wp-json\/wp\/v2\/media?parent=109329"}],"wp:term":[{"taxonomy":"category","embeddable":true,"href":"https:\/\/regiaonews.net.br\/2022\/wp-json\/wp\/v2\/categories?post=109329"},{"taxonomy":"post_tag","embeddable":true,"href":"https:\/\/regiaonews.net.br\/2022\/wp-json\/wp\/v2\/tags?post=109329"}],"curies":[{"name":"wp","href":"https:\/\/api.w.org\/{rel}","templated":true}]}}