{"id":109194,"date":"2024-08-23T00:47:29","date_gmt":"2024-08-23T03:47:29","guid":{"rendered":"https:\/\/regiaonews.net.br\/2022\/?p=109194"},"modified":"2024-08-23T00:47:29","modified_gmt":"2024-08-23T03:47:29","slug":"rodeio-internacional-competidoras-dos-tres-tambores-disputam-primeira-eliminatoria","status":"publish","type":"post","link":"https:\/\/regiaonews.net.br\/2022\/2024\/08\/23\/rodeio-internacional-competidoras-dos-tres-tambores-disputam-primeira-eliminatoria\/","title":{"rendered":"Rodeio Internacional: competidoras dos Tr\u00eas Tambores disputam primeira eliminat\u00f3ria"},"content":{"rendered":"<p>&nbsp;<\/p>\n<p>A primeira eliminat\u00f3ria da prova de Tr\u00eas Tambores do Rodeio Internacional Barretos 2024 aconteceu nessa quinta-feira, 22 de agosto, na Arena de Rodeios do Parque do Pe\u00e3o.<br \/>\nA competi\u00e7\u00e3o foi dividida em duas categorias, 1D, com 10 competidores e 2D, com 5 competidoras.<br \/>\nNo primeiro dia de competi\u00e7\u00e3o, na categoria 1D, 4 competidoras se destacaram. Em primeiro lugar, Fernanda Cavalheiro, de Barretos\/SP, com o tempo 17.456, seguido de Roberta Fornazari Marin, de Pen\u00e1polis\/SP, com o tempo 14.470, Mirna Cruz Rodrigues Pegos, de Martin\u00f3polis\/SP, com o tempo 17.514 e Maria Eduarda Laurini Cardozo, com o tempo 17.906.<br \/>\nJ\u00e1 na categoria 2D, o melhor tempo foi o da competidora Julia Lorenna Olinda Campos, de Brumadinho\/MG, com o tempo 18.588, seguido de Maiara Oliveira Alves, de Uberaba\/MG, com o tempo 18.795.<br \/>\nAs eliminat\u00f3rias acontecem at\u00e9 s\u00e1bado, e 10 competidoras com os melhores tempos avan\u00e7am para a grande final, que acontecer\u00e1 no domingo, dia 25 de agosto.<\/p>\n","protected":false},"excerpt":{"rendered":"<p>&nbsp; A primeira eliminat\u00f3ria da prova de Tr\u00eas Tambores do<\/p>\n","protected":false},"author":2,"featured_media":109195,"comment_status":"open","ping_status":"open","sticky":false,"template":"","format":"standard","meta":{"footnotes":""},"categories":[14,21,45],"tags":[],"class_list":["post-109194","post","type-post","status-publish","format-standard","has-post-thumbnail","hentry","category-barretos","category-esporte","category-festa-do-peao"],"yoast_head":"<!-- This site is optimized with the Yoast SEO plugin v27.4 - https:\/\/yoast.com\/product\/yoast-seo-wordpress\/ -->\n<title>Rodeio Internacional: competidoras dos Tr\u00eas Tambores disputam primeira eliminat\u00f3ria - Regi\u00e3o News<\/title>\n<meta name=\"robots\" content=\"index, follow, max-snippet:-1, max-image-preview:large, max-video-preview:-1\" \/>\n<link rel=\"canonical\" href=\"https:\/\/regiaonews.net.br\/2022\/2024\/08\/23\/rodeio-internacional-competidoras-dos-tres-tambores-disputam-primeira-eliminatoria\/\" \/>\n<meta property=\"og:locale\" content=\"pt_BR\" \/>\n<meta property=\"og:type\" content=\"article\" \/>\n<meta property=\"og:title\" content=\"Rodeio Internacional: competidoras dos Tr\u00eas Tambores disputam primeira eliminat\u00f3ria - Regi\u00e3o News\" \/>\n<meta property=\"og:description\" content=\"&nbsp; A primeira eliminat\u00f3ria da prova de Tr\u00eas Tambores do\" \/>\n<meta property=\"og:url\" content=\"https:\/\/regiaonews.net.br\/2022\/2024\/08\/23\/rodeio-internacional-competidoras-dos-tres-tambores-disputam-primeira-eliminatoria\/\" \/>\n<meta property=\"og:site_name\" content=\"Regi\u00e3o News\" \/>\n<meta property=\"article:published_time\" content=\"2024-08-23T03:47:29+00:00\" \/>\n<meta property=\"og:image\" content=\"https:\/\/regiaonews.net.br\/2022\/wp-content\/uploads\/2024\/08\/WhatsApp-Image-2024-08-23-at-00.14.46.jpeg\" \/>\n\t<meta property=\"og:image:width\" content=\"1600\" \/>\n\t<meta property=\"og:image:height\" content=\"1068\" \/>\n\t<meta property=\"og:image:type\" content=\"image\/jpeg\" \/>\n<meta name=\"author\" content=\"Roberto\" \/>\n<meta name=\"twitter:card\" content=\"summary_large_image\" \/>\n<meta name=\"twitter:label1\" content=\"Escrito por\" \/>\n\t<meta name=\"twitter:data1\" content=\"Roberto\" \/>\n\t<meta name=\"twitter:label2\" content=\"Est. tempo de leitura\" \/>\n\t<meta name=\"twitter:data2\" content=\"2 minutos\" \/>\n<script type=\"application\/ld+json\" class=\"yoast-schema-graph\">{\"@context\":\"https:\\\/\\\/schema.org\",\"@graph\":[{\"@type\":\"Article\",\"@id\":\"https:\\\/\\\/regiaonews.net.br\\\/2022\\\/2024\\\/08\\\/23\\\/rodeio-internacional-competidoras-dos-tres-tambores-disputam-primeira-eliminatoria\\\/#article\",\"isPartOf\":{\"@id\":\"https:\\\/\\\/regiaonews.net.br\\\/2022\\\/2024\\\/08\\\/23\\\/rodeio-internacional-competidoras-dos-tres-tambores-disputam-primeira-eliminatoria\\\/\"},\"author\":{\"name\":\"Roberto\",\"@id\":\"https:\\\/\\\/regiaonews.net.br\\\/2022\\\/#\\\/schema\\\/person\\\/2d205a608a5aa97ac279d7a5e6d89ad8\"},\"headline\":\"Rodeio Internacional: competidoras dos Tr\u00eas Tambores disputam primeira eliminat\u00f3ria\",\"datePublished\":\"2024-08-23T03:47:29+00:00\",\"mainEntityOfPage\":{\"@id\":\"https:\\\/\\\/regiaonews.net.br\\\/2022\\\/2024\\\/08\\\/23\\\/rodeio-internacional-competidoras-dos-tres-tambores-disputam-primeira-eliminatoria\\\/\"},\"wordCount\":167,\"commentCount\":0,\"publisher\":{\"@id\":\"https:\\\/\\\/regiaonews.net.br\\\/2022\\\/#organization\"},\"image\":{\"@id\":\"https:\\\/\\\/regiaonews.net.br\\\/2022\\\/2024\\\/08\\\/23\\\/rodeio-internacional-competidoras-dos-tres-tambores-disputam-primeira-eliminatoria\\\/#primaryimage\"},\"thumbnailUrl\":\"https:\\\/\\\/regiaonews.net.br\\\/2022\\\/wp-content\\\/uploads\\\/2024\\\/08\\\/WhatsApp-Image-2024-08-23-at-00.14.46.jpeg\",\"articleSection\":[\"Barretos\",\"Esporte\",\"Festa do Pe\u00e3o\"],\"inLanguage\":\"pt-BR\",\"potentialAction\":[{\"@type\":\"CommentAction\",\"name\":\"Comment\",\"target\":[\"https:\\\/\\\/regiaonews.net.br\\\/2022\\\/2024\\\/08\\\/23\\\/rodeio-internacional-competidoras-dos-tres-tambores-disputam-primeira-eliminatoria\\\/#respond\"]}]},{\"@type\":\"WebPage\",\"@id\":\"https:\\\/\\\/regiaonews.net.br\\\/2022\\\/2024\\\/08\\\/23\\\/rodeio-internacional-competidoras-dos-tres-tambores-disputam-primeira-eliminatoria\\\/\",\"url\":\"https:\\\/\\\/regiaonews.net.br\\\/2022\\\/2024\\\/08\\\/23\\\/rodeio-internacional-competidoras-dos-tres-tambores-disputam-primeira-eliminatoria\\\/\",\"name\":\"Rodeio Internacional: competidoras dos Tr\u00eas Tambores disputam primeira eliminat\u00f3ria - Regi\u00e3o News\",\"isPartOf\":{\"@id\":\"https:\\\/\\\/regiaonews.net.br\\\/2022\\\/#website\"},\"primaryImageOfPage\":{\"@id\":\"https:\\\/\\\/regiaonews.net.br\\\/2022\\\/2024\\\/08\\\/23\\\/rodeio-internacional-competidoras-dos-tres-tambores-disputam-primeira-eliminatoria\\\/#primaryimage\"},\"image\":{\"@id\":\"https:\\\/\\\/regiaonews.net.br\\\/2022\\\/2024\\\/08\\\/23\\\/rodeio-internacional-competidoras-dos-tres-tambores-disputam-primeira-eliminatoria\\\/#primaryimage\"},\"thumbnailUrl\":\"https:\\\/\\\/regiaonews.net.br\\\/2022\\\/wp-content\\\/uploads\\\/2024\\\/08\\\/WhatsApp-Image-2024-08-23-at-00.14.46.jpeg\",\"datePublished\":\"2024-08-23T03:47:29+00:00\",\"breadcrumb\":{\"@id\":\"https:\\\/\\\/regiaonews.net.br\\\/2022\\\/2024\\\/08\\\/23\\\/rodeio-internacional-competidoras-dos-tres-tambores-disputam-primeira-eliminatoria\\\/#breadcrumb\"},\"inLanguage\":\"pt-BR\",\"potentialAction\":[{\"@type\":\"ReadAction\",\"target\":[\"https:\\\/\\\/regiaonews.net.br\\\/2022\\\/2024\\\/08\\\/23\\\/rodeio-internacional-competidoras-dos-tres-tambores-disputam-primeira-eliminatoria\\\/\"]}]},{\"@type\":\"ImageObject\",\"inLanguage\":\"pt-BR\",\"@id\":\"https:\\\/\\\/regiaonews.net.br\\\/2022\\\/2024\\\/08\\\/23\\\/rodeio-internacional-competidoras-dos-tres-tambores-disputam-primeira-eliminatoria\\\/#primaryimage\",\"url\":\"https:\\\/\\\/regiaonews.net.br\\\/2022\\\/wp-content\\\/uploads\\\/2024\\\/08\\\/WhatsApp-Image-2024-08-23-at-00.14.46.jpeg\",\"contentUrl\":\"https:\\\/\\\/regiaonews.net.br\\\/2022\\\/wp-content\\\/uploads\\\/2024\\\/08\\\/WhatsApp-Image-2024-08-23-at-00.14.46.jpeg\",\"width\":1600,\"height\":1068},{\"@type\":\"BreadcrumbList\",\"@id\":\"https:\\\/\\\/regiaonews.net.br\\\/2022\\\/2024\\\/08\\\/23\\\/rodeio-internacional-competidoras-dos-tres-tambores-disputam-primeira-eliminatoria\\\/#breadcrumb\",\"itemListElement\":[{\"@type\":\"ListItem\",\"position\":1,\"name\":\"In\u00edcio\",\"item\":\"https:\\\/\\\/regiaonews.net.br\\\/2022\\\/\"},{\"@type\":\"ListItem\",\"position\":2,\"name\":\"Rodeio Internacional: competidoras dos Tr\u00eas Tambores disputam primeira eliminat\u00f3ria\"}]},{\"@type\":\"WebSite\",\"@id\":\"https:\\\/\\\/regiaonews.net.br\\\/2022\\\/#website\",\"url\":\"https:\\\/\\\/regiaonews.net.br\\\/2022\\\/\",\"name\":\"Regi\u00e3o News\",\"description\":\"Site de Not\u00edcias de Barretos e regi\u00e3o\",\"publisher\":{\"@id\":\"https:\\\/\\\/regiaonews.net.br\\\/2022\\\/#organization\"},\"potentialAction\":[{\"@type\":\"SearchAction\",\"target\":{\"@type\":\"EntryPoint\",\"urlTemplate\":\"https:\\\/\\\/regiaonews.net.br\\\/2022\\\/?s={search_term_string}\"},\"query-input\":{\"@type\":\"PropertyValueSpecification\",\"valueRequired\":true,\"valueName\":\"search_term_string\"}}],\"inLanguage\":\"pt-BR\"},{\"@type\":\"Organization\",\"@id\":\"https:\\\/\\\/regiaonews.net.br\\\/2022\\\/#organization\",\"name\":\"Regi\u00e3o News\",\"url\":\"https:\\\/\\\/regiaonews.net.br\\\/2022\\\/\",\"logo\":{\"@type\":\"ImageObject\",\"inLanguage\":\"pt-BR\",\"@id\":\"https:\\\/\\\/regiaonews.net.br\\\/2022\\\/#\\\/schema\\\/logo\\\/image\\\/\",\"url\":\"https:\\\/\\\/regiaonews.net.br\\\/2022\\\/wp-content\\\/uploads\\\/2026\\\/03\\\/regiao-13-anos-scaled.jpg\",\"contentUrl\":\"https:\\\/\\\/regiaonews.net.br\\\/2022\\\/wp-content\\\/uploads\\\/2026\\\/03\\\/regiao-13-anos-scaled.jpg\",\"width\":2560,\"height\":635,\"caption\":\"Regi\u00e3o News\"},\"image\":{\"@id\":\"https:\\\/\\\/regiaonews.net.br\\\/2022\\\/#\\\/schema\\\/logo\\\/image\\\/\"}},{\"@type\":\"Person\",\"@id\":\"https:\\\/\\\/regiaonews.net.br\\\/2022\\\/#\\\/schema\\\/person\\\/2d205a608a5aa97ac279d7a5e6d89ad8\",\"name\":\"Roberto\",\"image\":{\"@type\":\"ImageObject\",\"inLanguage\":\"pt-BR\",\"@id\":\"https:\\\/\\\/secure.gravatar.com\\\/avatar\\\/42749d8b712ff9d59ca93dc150494e5b55a44134482993f5baeb97e61b7ecc89?s=96&d=mm&r=g\",\"url\":\"https:\\\/\\\/secure.gravatar.com\\\/avatar\\\/42749d8b712ff9d59ca93dc150494e5b55a44134482993f5baeb97e61b7ecc89?s=96&d=mm&r=g\",\"contentUrl\":\"https:\\\/\\\/secure.gravatar.com\\\/avatar\\\/42749d8b712ff9d59ca93dc150494e5b55a44134482993f5baeb97e61b7ecc89?s=96&d=mm&r=g\",\"caption\":\"Roberto\"},\"url\":\"https:\\\/\\\/regiaonews.net.br\\\/2022\\\/author\\\/roberto\\\/\"}]}<\/script>\n<!-- \/ Yoast SEO plugin. -->","yoast_head_json":{"title":"Rodeio Internacional: competidoras dos Tr\u00eas Tambores disputam primeira eliminat\u00f3ria - Regi\u00e3o News","robots":{"index":"index","follow":"follow","max-snippet":"max-snippet:-1","max-image-preview":"max-image-preview:large","max-video-preview":"max-video-preview:-1"},"canonical":"https:\/\/regiaonews.net.br\/2022\/2024\/08\/23\/rodeio-internacional-competidoras-dos-tres-tambores-disputam-primeira-eliminatoria\/","og_locale":"pt_BR","og_type":"article","og_title":"Rodeio Internacional: competidoras dos Tr\u00eas Tambores disputam primeira eliminat\u00f3ria - Regi\u00e3o News","og_description":"&nbsp; A primeira eliminat\u00f3ria da prova de Tr\u00eas Tambores do","og_url":"https:\/\/regiaonews.net.br\/2022\/2024\/08\/23\/rodeio-internacional-competidoras-dos-tres-tambores-disputam-primeira-eliminatoria\/","og_site_name":"Regi\u00e3o News","article_published_time":"2024-08-23T03:47:29+00:00","og_image":[{"width":1600,"height":1068,"url":"https:\/\/regiaonews.net.br\/2022\/wp-content\/uploads\/2024\/08\/WhatsApp-Image-2024-08-23-at-00.14.46.jpeg","type":"image\/jpeg"}],"author":"Roberto","twitter_card":"summary_large_image","twitter_misc":{"Escrito por":"Roberto","Est. tempo de leitura":"2 minutos"},"schema":{"@context":"https:\/\/schema.org","@graph":[{"@type":"Article","@id":"https:\/\/regiaonews.net.br\/2022\/2024\/08\/23\/rodeio-internacional-competidoras-dos-tres-tambores-disputam-primeira-eliminatoria\/#article","isPartOf":{"@id":"https:\/\/regiaonews.net.br\/2022\/2024\/08\/23\/rodeio-internacional-competidoras-dos-tres-tambores-disputam-primeira-eliminatoria\/"},"author":{"name":"Roberto","@id":"https:\/\/regiaonews.net.br\/2022\/#\/schema\/person\/2d205a608a5aa97ac279d7a5e6d89ad8"},"headline":"Rodeio Internacional: competidoras dos Tr\u00eas Tambores disputam primeira eliminat\u00f3ria","datePublished":"2024-08-23T03:47:29+00:00","mainEntityOfPage":{"@id":"https:\/\/regiaonews.net.br\/2022\/2024\/08\/23\/rodeio-internacional-competidoras-dos-tres-tambores-disputam-primeira-eliminatoria\/"},"wordCount":167,"commentCount":0,"publisher":{"@id":"https:\/\/regiaonews.net.br\/2022\/#organization"},"image":{"@id":"https:\/\/regiaonews.net.br\/2022\/2024\/08\/23\/rodeio-internacional-competidoras-dos-tres-tambores-disputam-primeira-eliminatoria\/#primaryimage"},"thumbnailUrl":"https:\/\/regiaonews.net.br\/2022\/wp-content\/uploads\/2024\/08\/WhatsApp-Image-2024-08-23-at-00.14.46.jpeg","articleSection":["Barretos","Esporte","Festa do Pe\u00e3o"],"inLanguage":"pt-BR","potentialAction":[{"@type":"CommentAction","name":"Comment","target":["https:\/\/regiaonews.net.br\/2022\/2024\/08\/23\/rodeio-internacional-competidoras-dos-tres-tambores-disputam-primeira-eliminatoria\/#respond"]}]},{"@type":"WebPage","@id":"https:\/\/regiaonews.net.br\/2022\/2024\/08\/23\/rodeio-internacional-competidoras-dos-tres-tambores-disputam-primeira-eliminatoria\/","url":"https:\/\/regiaonews.net.br\/2022\/2024\/08\/23\/rodeio-internacional-competidoras-dos-tres-tambores-disputam-primeira-eliminatoria\/","name":"Rodeio Internacional: competidoras dos Tr\u00eas Tambores disputam primeira eliminat\u00f3ria - Regi\u00e3o News","isPartOf":{"@id":"https:\/\/regiaonews.net.br\/2022\/#website"},"primaryImageOfPage":{"@id":"https:\/\/regiaonews.net.br\/2022\/2024\/08\/23\/rodeio-internacional-competidoras-dos-tres-tambores-disputam-primeira-eliminatoria\/#primaryimage"},"image":{"@id":"https:\/\/regiaonews.net.br\/2022\/2024\/08\/23\/rodeio-internacional-competidoras-dos-tres-tambores-disputam-primeira-eliminatoria\/#primaryimage"},"thumbnailUrl":"https:\/\/regiaonews.net.br\/2022\/wp-content\/uploads\/2024\/08\/WhatsApp-Image-2024-08-23-at-00.14.46.jpeg","datePublished":"2024-08-23T03:47:29+00:00","breadcrumb":{"@id":"https:\/\/regiaonews.net.br\/2022\/2024\/08\/23\/rodeio-internacional-competidoras-dos-tres-tambores-disputam-primeira-eliminatoria\/#breadcrumb"},"inLanguage":"pt-BR","potentialAction":[{"@type":"ReadAction","target":["https:\/\/regiaonews.net.br\/2022\/2024\/08\/23\/rodeio-internacional-competidoras-dos-tres-tambores-disputam-primeira-eliminatoria\/"]}]},{"@type":"ImageObject","inLanguage":"pt-BR","@id":"https:\/\/regiaonews.net.br\/2022\/2024\/08\/23\/rodeio-internacional-competidoras-dos-tres-tambores-disputam-primeira-eliminatoria\/#primaryimage","url":"https:\/\/regiaonews.net.br\/2022\/wp-content\/uploads\/2024\/08\/WhatsApp-Image-2024-08-23-at-00.14.46.jpeg","contentUrl":"https:\/\/regiaonews.net.br\/2022\/wp-content\/uploads\/2024\/08\/WhatsApp-Image-2024-08-23-at-00.14.46.jpeg","width":1600,"height":1068},{"@type":"BreadcrumbList","@id":"https:\/\/regiaonews.net.br\/2022\/2024\/08\/23\/rodeio-internacional-competidoras-dos-tres-tambores-disputam-primeira-eliminatoria\/#breadcrumb","itemListElement":[{"@type":"ListItem","position":1,"name":"In\u00edcio","item":"https:\/\/regiaonews.net.br\/2022\/"},{"@type":"ListItem","position":2,"name":"Rodeio Internacional: competidoras dos Tr\u00eas Tambores disputam primeira eliminat\u00f3ria"}]},{"@type":"WebSite","@id":"https:\/\/regiaonews.net.br\/2022\/#website","url":"https:\/\/regiaonews.net.br\/2022\/","name":"Regi\u00e3o News","description":"Site de Not\u00edcias de Barretos e regi\u00e3o","publisher":{"@id":"https:\/\/regiaonews.net.br\/2022\/#organization"},"potentialAction":[{"@type":"SearchAction","target":{"@type":"EntryPoint","urlTemplate":"https:\/\/regiaonews.net.br\/2022\/?s={search_term_string}"},"query-input":{"@type":"PropertyValueSpecification","valueRequired":true,"valueName":"search_term_string"}}],"inLanguage":"pt-BR"},{"@type":"Organization","@id":"https:\/\/regiaonews.net.br\/2022\/#organization","name":"Regi\u00e3o News","url":"https:\/\/regiaonews.net.br\/2022\/","logo":{"@type":"ImageObject","inLanguage":"pt-BR","@id":"https:\/\/regiaonews.net.br\/2022\/#\/schema\/logo\/image\/","url":"https:\/\/regiaonews.net.br\/2022\/wp-content\/uploads\/2026\/03\/regiao-13-anos-scaled.jpg","contentUrl":"https:\/\/regiaonews.net.br\/2022\/wp-content\/uploads\/2026\/03\/regiao-13-anos-scaled.jpg","width":2560,"height":635,"caption":"Regi\u00e3o News"},"image":{"@id":"https:\/\/regiaonews.net.br\/2022\/#\/schema\/logo\/image\/"}},{"@type":"Person","@id":"https:\/\/regiaonews.net.br\/2022\/#\/schema\/person\/2d205a608a5aa97ac279d7a5e6d89ad8","name":"Roberto","image":{"@type":"ImageObject","inLanguage":"pt-BR","@id":"https:\/\/secure.gravatar.com\/avatar\/42749d8b712ff9d59ca93dc150494e5b55a44134482993f5baeb97e61b7ecc89?s=96&d=mm&r=g","url":"https:\/\/secure.gravatar.com\/avatar\/42749d8b712ff9d59ca93dc150494e5b55a44134482993f5baeb97e61b7ecc89?s=96&d=mm&r=g","contentUrl":"https:\/\/secure.gravatar.com\/avatar\/42749d8b712ff9d59ca93dc150494e5b55a44134482993f5baeb97e61b7ecc89?s=96&d=mm&r=g","caption":"Roberto"},"url":"https:\/\/regiaonews.net.br\/2022\/author\/roberto\/"}]}},"publishpress_future_action":{"enabled":false,"date":"2026-05-03 01:44:53","action":"change-status","newStatus":"draft","terms":[],"taxonomy":"category","extraData":[]},"publishpress_future_workflow_manual_trigger":{"enabledWorkflows":[]},"_links":{"self":[{"href":"https:\/\/regiaonews.net.br\/2022\/wp-json\/wp\/v2\/posts\/109194","targetHints":{"allow":["GET"]}}],"collection":[{"href":"https:\/\/regiaonews.net.br\/2022\/wp-json\/wp\/v2\/posts"}],"about":[{"href":"https:\/\/regiaonews.net.br\/2022\/wp-json\/wp\/v2\/types\/post"}],"author":[{"embeddable":true,"href":"https:\/\/regiaonews.net.br\/2022\/wp-json\/wp\/v2\/users\/2"}],"replies":[{"embeddable":true,"href":"https:\/\/regiaonews.net.br\/2022\/wp-json\/wp\/v2\/comments?post=109194"}],"version-history":[{"count":1,"href":"https:\/\/regiaonews.net.br\/2022\/wp-json\/wp\/v2\/posts\/109194\/revisions"}],"predecessor-version":[{"id":109196,"href":"https:\/\/regiaonews.net.br\/2022\/wp-json\/wp\/v2\/posts\/109194\/revisions\/109196"}],"wp:featuredmedia":[{"embeddable":true,"href":"https:\/\/regiaonews.net.br\/2022\/wp-json\/wp\/v2\/media\/109195"}],"wp:attachment":[{"href":"https:\/\/regiaonews.net.br\/2022\/wp-json\/wp\/v2\/media?parent=109194"}],"wp:term":[{"taxonomy":"category","embeddable":true,"href":"https:\/\/regiaonews.net.br\/2022\/wp-json\/wp\/v2\/categories?post=109194"},{"taxonomy":"post_tag","embeddable":true,"href":"https:\/\/regiaonews.net.br\/2022\/wp-json\/wp\/v2\/tags?post=109194"}],"curies":[{"name":"wp","href":"https:\/\/api.w.org\/{rel}","templated":true}]}}