{"id":109124,"date":"2024-08-21T15:42:11","date_gmt":"2024-08-21T18:42:11","guid":{"rendered":"https:\/\/regiaonews.net.br\/2022\/?p=109124"},"modified":"2024-08-21T15:42:11","modified_gmt":"2024-08-21T18:42:11","slug":"prazo-de-nacionalizacao-da-carteira-de-habilitacao-cai-de-50-dias-para-48-horas-em-sp","status":"publish","type":"post","link":"https:\/\/regiaonews.net.br\/2022\/2024\/08\/21\/prazo-de-nacionalizacao-da-carteira-de-habilitacao-cai-de-50-dias-para-48-horas-em-sp\/","title":{"rendered":"Prazo de nacionaliza\u00e7\u00e3o da carteira de habilita\u00e7\u00e3o cai de 50 dias para 48 horas em SP"},"content":{"rendered":"<h3 class=\"excerpt\" style=\"text-align: center;\">Com cerca de cem pessoas voltadas a analisar demandas de habilita\u00e7\u00e3o, a Central Estadual de Condutores encurtou o caminho<\/h3>\n<p>Desde dezembro do ano passado, portadores de habilita\u00e7\u00e3o estrangeira que queiram obter autoriza\u00e7\u00e3o para dirigir no Brasil conseguem concluir o processo em 48 horas. Antes, quem quisesse nacionalizar a carteira de outro pa\u00eds tinha de esperar quase dois meses \u2013 isso quando o processo n\u00e3o voltava \u00e0 estaca zero por alguma inconformidade. A mudan\u00e7a ocorreu com a cria\u00e7\u00e3o da Central Estadual de Condutores, parte da\u00a0<a role=\"link\" href=\"https:\/\/www.saopaulo.sp.gov.br\/spnoticias\/ultimas-noticias\/centrais-estaduais-do-detran-sp-agilizam-atendimento-a-populacao\/\" target=\"_blank\" rel=\"noreferrer noopener\">nova estrutura de atendimento<\/a>\u00a0ao cidad\u00e3o do Departamento Estadual de Tr\u00e2nsito de S\u00e3o Paulo (Detran-SP).<\/p>\n<p>Com cerca de cem pessoas voltadas a analisar demandas de habilita\u00e7\u00e3o, a Central Estadual de Condutores encurtou o caminho que uma solicita\u00e7\u00e3o fazia para obter uma resposta. Hoje, o cidad\u00e3o ainda deve procurar o Poupatempo, j\u00e1 que a apresenta\u00e7\u00e3o do\u00a0<a role=\"link\" href=\"https:\/\/www.detran.sp.gov.br\/wps\/portal\/portaldetran\/cidadao\/habilitacao\/fichaservico\/cnhExteriorNaoSignatarios\/739d864f-2aaf-46f3-b694-0eaabbfca197\/!ut\/p\/z0\/jY7BTsMwEER_JReOlp3GpOSYUrUCqQLRHoovaO04iSHdTW1Twd-TRkRUHBCn1c6Mnh5XfM8Vwsk1EB0hdMP_rPKXTIptsUhLsd6tl6KUqzRdiKdMXEt-z9Xfg4HgXo9HVXLVQ2NZZYNrkO978hG6ykYPeCUed2zlTAtb60_OUHjAzqFdknk_WIwU7g69tyEAnXkzv7ndNGdebJnDegjnWVHd5LJmM4CaybzOmM4LyYQF0Lo2kBbzSxVDGO1H_K0x3QDMYMta0K5zEQzQmIVvOxrtplnSg4dk2lYUEqRkgFvvyI-jiw7pp_mXdP-m9GfWNV9HK96i\/\" target=\"_blank\" rel=\"noreferrer noopener\">documento original, assim como de sua tradu\u00e7\u00e3o juramentada<\/a>, \u00e9 imprescind\u00edvel.<\/p>\n<p>Mas, a partir do momento em que um colaborador do posto escaneia a documenta\u00e7\u00e3o e compartilha com o Detran-SP por meio do Servi\u00e7o Eletr\u00f4nico de Informa\u00e7\u00f5es (SEI), plataforma online governamental, o trabalho \u00e9 assumido pela equipe especializada da autarquia, capaz de avaliar o caso com celeridade. Assim, a Central Estadual de Condutores recebe o documento na mesma hora em que ele chega ao SEI, faz sua an\u00e1lise e, se julgar o pedido procedente, cadastra a habilita\u00e7\u00e3o estrangeira e autoriza a emiss\u00e3o da CNH brasileira no ato, sem precisar repassar essa fun\u00e7\u00e3o a outro time. \u201cNosso papel, enquanto servi\u00e7o p\u00fablico, \u00e9 contribuir para a melhoria da qualidade de vida do cidad\u00e3o. Diminuir os gargalos da burocracia e promover efici\u00eancia na presta\u00e7\u00e3o do servi\u00e7o. Ao elencar pessoas especializadas, alinhar processos e somar isso \u00e0 transforma\u00e7\u00e3o digital, obteremos resultados positivos para todos\u201d, diz Lucas Papais, diretor de Atendimento ao Cidad\u00e3o do Detran-SP, \u00f3rg\u00e3o vinculado \u00e0 Secretaria de Gest\u00e3o e Governo Digital (SGGD).<\/p>\n<p>At\u00e9 o final do ano passado, o condutor precisava procurar um posto do Poupatempo com a\u00a0<a role=\"link\" href=\"https:\/\/www.detran.sp.gov.br\/wps\/portal\/portaldetran\/cidadao\/habilitacao\/fichaservico\/cnhExteriorNaoSignatarios\/739d864f-2aaf-46f3-b694-0eaabbfca197\/!ut\/p\/z0\/jY7BTsMwEER_JReOlp3GpOSYUrUCqQLRHoovaO04iSHdTW1Twd-TRkRUHBCn1c6Mnh5XfM8Vwsk1EB0hdMP_rPKXTIptsUhLsd6tl6KUqzRdiKdMXEt-z9Xfg4HgXo9HVXLVQ2NZZYNrkO978hG6ykYPeCUed2zlTAtb60_OUHjAzqFdknk_WIwU7g69tyEAnXkzv7ndNGdebJnDegjnWVHd5LJmM4CaybzOmM4LyYQF0Lo2kBbzSxVDGO1H_K0x3QDMYMta0K5zEQzQmIVvOxrtplnSg4dk2lYUEqRkgFvvyI-jiw7pp_mXdP-m9GfWNV9HK96i\/\" target=\"_blank\" rel=\"noreferrer noopener\">documenta\u00e7\u00e3o<\/a>\u00a0em m\u00e3os. O atendimento na unidade era respons\u00e1vel pela primeira an\u00e1lise dos documentos, sob a supervis\u00e3o de um funcion\u00e1rio do Detran-SP. Caso ocorresse a aprova\u00e7\u00e3o dessa primeira fase, o pedido seguia para uma segunda an\u00e1lise, feita por uma equipe pr\u00f3pria da autarquia. Em cada uma dessas duas primeiras etapas, o processo poderia durar at\u00e9 dez dias.<\/p>\n<p>Aprovado, o processo chegava \u00e0 inst\u00e2ncia final, na sede do Detran-SP, onde poderia permanecer por trinta dias \u00fateis antes de ter um veredicto. Em caso positivo, o processo era cadastrado e retornava \u00e0 unidade respons\u00e1vel pelo atendimento. A depender da origem da habilita\u00e7\u00e3o estrangeira, o cidad\u00e3o ainda precisava realizar o Exame Pr\u00e1tico de Dire\u00e7\u00e3o Veicular. Caso a an\u00e1lise final verificasse alguma inconsist\u00eancia documental, ou necessidade de complementa\u00e7\u00e3o, o processo voltava ao come\u00e7o, reiniciando a longa contagem de dias.<\/p>\n<p>Outro avan\u00e7o na reestrutura\u00e7\u00e3o do servi\u00e7o foi o desenvolvimento de um aplicativo pela Diretoria de Atendimento ao Cidad\u00e3o para consulta interna dos servidores. A ferramenta oferece informa\u00e7\u00f5es claras e detalhadas sobre as diversas regras espec\u00edficas aplic\u00e1veis a cada um dos mais de 80 pa\u00edses signat\u00e1rios da Conven\u00e7\u00e3o de Viena sobre o Tr\u00e2nsito. Antes do app, a taxa de indeferimento era elevada devido \u00e0s diferen\u00e7as nas exig\u00eancias entre pa\u00edses signat\u00e1rios e n\u00e3o signat\u00e1rios, por exemplo. Com a ferramenta e uma abordagem mais did\u00e1tica, a lacuna de documenta\u00e7\u00f5es foi significativamente reduzida. Isso resultou em uma queda consider\u00e1vel no retrabalho, permitindo que a equipe, agora menos sobrecarregada, pudesse processar os pedidos de maneira mais \u00e1gil e eficiente.<\/p>\n<p>Vale lembrar que o processo de registro de habilita\u00e7\u00e3o estrangeira, uma esp\u00e9cie de dupla cidadania para o motorista de fora, que pode com ela dirigir no Brasil, ou para o brasileiro que se habilitou em outro pa\u00eds e agora busca a CNH brasileira, \u00e9 diferente da habilita\u00e7\u00e3o para conduzir al\u00e9m das nossas fronteiras. Neste caso, trata-se da Permiss\u00e3o Internacional de Dirigir (PID), aceita pelos pa\u00edses signat\u00e1rios da\u00a0<a role=\"link\" href=\"https:\/\/www.detran.sp.gov.br\/wps\/portal\/portaldetran\/cidadao\/habilitacao\/fichaservico\/cnhExteriorSignatarios\/121bce75-827e-42ca-b8fa-fa278d31b7a3\/\" target=\"_blank\" rel=\"noreferrer noopener\">Conven\u00e7\u00e3o de Viena<\/a>, que pode ser solicitada no\u00a0<a role=\"link\" href=\"https:\/\/www.detran.sp.gov.br\/wps\/portal\/portaldetran\/cidadao\/habilitacao\/fichaservico\/cnhExteriorSignatarios\/121bce75-827e-42ca-b8fa-fa278d31b7a3\/\" target=\"_blank\" rel=\"noreferrer noopener\">portal do Detran-SP<\/a>.<\/p>\n<h2 class=\"wp-block-heading\"><strong>Centrais estaduais do Detran-SP<\/strong><\/h2>\n<p>A Central Estadual de Condutores \u00e9 fruto do\u00a0<a role=\"link\" href=\"https:\/\/www.saopaulo.sp.gov.br\/spnoticias\/ultimas-noticias\/centrais-estaduais-do-detran-sp-agilizam-atendimento-a-populacao\/\" target=\"_blank\" rel=\"noreferrer noopener\">novo modelo de atendimento<\/a>\u00a0ao cidad\u00e3o do Departamento Estadual de Tr\u00e2nsito de S\u00e3o Paulo (Detran-SP). Nesse novo modelo, equipes s\u00e3o focadas em temas espec\u00edficos, um olhar dedicado que, com o apoio de processos padronizados e de sistemas digitais, permite centralizar e otimizar o processamento de solicita\u00e7\u00f5es de todo o estado.<\/p>\n<p>H\u00e1 mais de dez grupos de trabalho. Al\u00e9m da Central de Condutores, que hoje avalia cerca de noventa pedidos de nacionaliza\u00e7\u00e3o de habilita\u00e7\u00e3o por dia, h\u00e1 centrais como a de\u00a0<a role=\"link\" href=\"https:\/\/www.saopaulo.sp.gov.br\/spnoticias\/ultimas-noticias\/central-de-dubles-do-detran-sp-resolve-mais-de-um-caso-por-dia\">Fiscaliza\u00e7\u00e3o de Dubl\u00eas<\/a>, que investiga casos de ve\u00edculos com placas clonadas, e a Central de Apura\u00e7\u00f5es, respons\u00e1vel pela coordena\u00e7\u00e3o dos processos de apura\u00e7\u00e3o internos de poss\u00edveis irregularidades cometidas por servidores ou empregados p\u00fablicos.<\/p>\n<p>As equipes s\u00e3o ligadas \u00e0s diversas diretorias do \u00f3rg\u00e3o, como Auditoria Interna, Educa\u00e7\u00e3o para o Tr\u00e2nsito e Fiscaliza\u00e7\u00e3o, Habilita\u00e7\u00e3o, Ve\u00edculos e Atendimento ao Cidad\u00e3o, caso da Central de Condutores.<\/p>\n","protected":false},"excerpt":{"rendered":"<p>Com cerca de cem pessoas voltadas a analisar demandas de<\/p>\n","protected":false},"author":2,"featured_media":109125,"comment_status":"open","ping_status":"open","sticky":false,"template":"","format":"standard","meta":{"footnotes":""},"categories":[24,3],"tags":[],"class_list":["post-109124","post","type-post","status-publish","format-standard","has-post-thumbnail","hentry","category-brasil","category-geral"],"yoast_head":"<!-- This site is optimized with the Yoast SEO plugin v27.4 - https:\/\/yoast.com\/product\/yoast-seo-wordpress\/ -->\n<title>Prazo de nacionaliza\u00e7\u00e3o da carteira de habilita\u00e7\u00e3o cai de 50 dias para 48 horas em SP - Regi\u00e3o News<\/title>\n<meta name=\"robots\" content=\"index, follow, max-snippet:-1, max-image-preview:large, max-video-preview:-1\" \/>\n<link rel=\"canonical\" href=\"https:\/\/regiaonews.net.br\/2022\/2024\/08\/21\/prazo-de-nacionalizacao-da-carteira-de-habilitacao-cai-de-50-dias-para-48-horas-em-sp\/\" \/>\n<meta property=\"og:locale\" content=\"pt_BR\" \/>\n<meta property=\"og:type\" content=\"article\" \/>\n<meta property=\"og:title\" content=\"Prazo de nacionaliza\u00e7\u00e3o da carteira de habilita\u00e7\u00e3o cai de 50 dias para 48 horas em SP - Regi\u00e3o News\" \/>\n<meta property=\"og:description\" content=\"Com cerca de cem pessoas voltadas a analisar demandas de\" \/>\n<meta property=\"og:url\" content=\"https:\/\/regiaonews.net.br\/2022\/2024\/08\/21\/prazo-de-nacionalizacao-da-carteira-de-habilitacao-cai-de-50-dias-para-48-horas-em-sp\/\" \/>\n<meta property=\"og:site_name\" content=\"Regi\u00e3o News\" \/>\n<meta property=\"article:published_time\" content=\"2024-08-21T18:42:11+00:00\" \/>\n<meta property=\"og:image\" content=\"https:\/\/regiaonews.net.br\/2022\/wp-content\/uploads\/2024\/08\/download-4.jpeg\" \/>\n\t<meta property=\"og:image:width\" content=\"290\" \/>\n\t<meta property=\"og:image:height\" content=\"174\" \/>\n\t<meta property=\"og:image:type\" content=\"image\/jpeg\" \/>\n<meta name=\"author\" content=\"Roberto\" \/>\n<meta name=\"twitter:card\" content=\"summary_large_image\" \/>\n<meta name=\"twitter:label1\" content=\"Escrito por\" \/>\n\t<meta name=\"twitter:data1\" content=\"Roberto\" \/>\n\t<meta name=\"twitter:label2\" content=\"Est. tempo de leitura\" \/>\n\t<meta name=\"twitter:data2\" content=\"5 minutos\" \/>\n<script type=\"application\/ld+json\" class=\"yoast-schema-graph\">{\"@context\":\"https:\\\/\\\/schema.org\",\"@graph\":[{\"@type\":\"Article\",\"@id\":\"https:\\\/\\\/regiaonews.net.br\\\/2022\\\/2024\\\/08\\\/21\\\/prazo-de-nacionalizacao-da-carteira-de-habilitacao-cai-de-50-dias-para-48-horas-em-sp\\\/#article\",\"isPartOf\":{\"@id\":\"https:\\\/\\\/regiaonews.net.br\\\/2022\\\/2024\\\/08\\\/21\\\/prazo-de-nacionalizacao-da-carteira-de-habilitacao-cai-de-50-dias-para-48-horas-em-sp\\\/\"},\"author\":{\"name\":\"Roberto\",\"@id\":\"https:\\\/\\\/regiaonews.net.br\\\/2022\\\/#\\\/schema\\\/person\\\/2d205a608a5aa97ac279d7a5e6d89ad8\"},\"headline\":\"Prazo de nacionaliza\u00e7\u00e3o da carteira de habilita\u00e7\u00e3o cai de 50 dias para 48 horas em SP\",\"datePublished\":\"2024-08-21T18:42:11+00:00\",\"mainEntityOfPage\":{\"@id\":\"https:\\\/\\\/regiaonews.net.br\\\/2022\\\/2024\\\/08\\\/21\\\/prazo-de-nacionalizacao-da-carteira-de-habilitacao-cai-de-50-dias-para-48-horas-em-sp\\\/\"},\"wordCount\":916,\"commentCount\":0,\"publisher\":{\"@id\":\"https:\\\/\\\/regiaonews.net.br\\\/2022\\\/#organization\"},\"image\":{\"@id\":\"https:\\\/\\\/regiaonews.net.br\\\/2022\\\/2024\\\/08\\\/21\\\/prazo-de-nacionalizacao-da-carteira-de-habilitacao-cai-de-50-dias-para-48-horas-em-sp\\\/#primaryimage\"},\"thumbnailUrl\":\"https:\\\/\\\/regiaonews.net.br\\\/2022\\\/wp-content\\\/uploads\\\/2024\\\/08\\\/download-4.jpeg\",\"articleSection\":[\"Brasil\",\"Geral\"],\"inLanguage\":\"pt-BR\",\"potentialAction\":[{\"@type\":\"CommentAction\",\"name\":\"Comment\",\"target\":[\"https:\\\/\\\/regiaonews.net.br\\\/2022\\\/2024\\\/08\\\/21\\\/prazo-de-nacionalizacao-da-carteira-de-habilitacao-cai-de-50-dias-para-48-horas-em-sp\\\/#respond\"]}]},{\"@type\":\"WebPage\",\"@id\":\"https:\\\/\\\/regiaonews.net.br\\\/2022\\\/2024\\\/08\\\/21\\\/prazo-de-nacionalizacao-da-carteira-de-habilitacao-cai-de-50-dias-para-48-horas-em-sp\\\/\",\"url\":\"https:\\\/\\\/regiaonews.net.br\\\/2022\\\/2024\\\/08\\\/21\\\/prazo-de-nacionalizacao-da-carteira-de-habilitacao-cai-de-50-dias-para-48-horas-em-sp\\\/\",\"name\":\"Prazo de nacionaliza\u00e7\u00e3o da carteira de habilita\u00e7\u00e3o cai de 50 dias para 48 horas em SP - Regi\u00e3o News\",\"isPartOf\":{\"@id\":\"https:\\\/\\\/regiaonews.net.br\\\/2022\\\/#website\"},\"primaryImageOfPage\":{\"@id\":\"https:\\\/\\\/regiaonews.net.br\\\/2022\\\/2024\\\/08\\\/21\\\/prazo-de-nacionalizacao-da-carteira-de-habilitacao-cai-de-50-dias-para-48-horas-em-sp\\\/#primaryimage\"},\"image\":{\"@id\":\"https:\\\/\\\/regiaonews.net.br\\\/2022\\\/2024\\\/08\\\/21\\\/prazo-de-nacionalizacao-da-carteira-de-habilitacao-cai-de-50-dias-para-48-horas-em-sp\\\/#primaryimage\"},\"thumbnailUrl\":\"https:\\\/\\\/regiaonews.net.br\\\/2022\\\/wp-content\\\/uploads\\\/2024\\\/08\\\/download-4.jpeg\",\"datePublished\":\"2024-08-21T18:42:11+00:00\",\"breadcrumb\":{\"@id\":\"https:\\\/\\\/regiaonews.net.br\\\/2022\\\/2024\\\/08\\\/21\\\/prazo-de-nacionalizacao-da-carteira-de-habilitacao-cai-de-50-dias-para-48-horas-em-sp\\\/#breadcrumb\"},\"inLanguage\":\"pt-BR\",\"potentialAction\":[{\"@type\":\"ReadAction\",\"target\":[\"https:\\\/\\\/regiaonews.net.br\\\/2022\\\/2024\\\/08\\\/21\\\/prazo-de-nacionalizacao-da-carteira-de-habilitacao-cai-de-50-dias-para-48-horas-em-sp\\\/\"]}]},{\"@type\":\"ImageObject\",\"inLanguage\":\"pt-BR\",\"@id\":\"https:\\\/\\\/regiaonews.net.br\\\/2022\\\/2024\\\/08\\\/21\\\/prazo-de-nacionalizacao-da-carteira-de-habilitacao-cai-de-50-dias-para-48-horas-em-sp\\\/#primaryimage\",\"url\":\"https:\\\/\\\/regiaonews.net.br\\\/2022\\\/wp-content\\\/uploads\\\/2024\\\/08\\\/download-4.jpeg\",\"contentUrl\":\"https:\\\/\\\/regiaonews.net.br\\\/2022\\\/wp-content\\\/uploads\\\/2024\\\/08\\\/download-4.jpeg\",\"width\":290,\"height\":174},{\"@type\":\"BreadcrumbList\",\"@id\":\"https:\\\/\\\/regiaonews.net.br\\\/2022\\\/2024\\\/08\\\/21\\\/prazo-de-nacionalizacao-da-carteira-de-habilitacao-cai-de-50-dias-para-48-horas-em-sp\\\/#breadcrumb\",\"itemListElement\":[{\"@type\":\"ListItem\",\"position\":1,\"name\":\"In\u00edcio\",\"item\":\"https:\\\/\\\/regiaonews.net.br\\\/2022\\\/\"},{\"@type\":\"ListItem\",\"position\":2,\"name\":\"Prazo de nacionaliza\u00e7\u00e3o da carteira de habilita\u00e7\u00e3o cai de 50 dias para 48 horas em SP\"}]},{\"@type\":\"WebSite\",\"@id\":\"https:\\\/\\\/regiaonews.net.br\\\/2022\\\/#website\",\"url\":\"https:\\\/\\\/regiaonews.net.br\\\/2022\\\/\",\"name\":\"Regi\u00e3o News\",\"description\":\"Site de Not\u00edcias de Barretos e regi\u00e3o\",\"publisher\":{\"@id\":\"https:\\\/\\\/regiaonews.net.br\\\/2022\\\/#organization\"},\"potentialAction\":[{\"@type\":\"SearchAction\",\"target\":{\"@type\":\"EntryPoint\",\"urlTemplate\":\"https:\\\/\\\/regiaonews.net.br\\\/2022\\\/?s={search_term_string}\"},\"query-input\":{\"@type\":\"PropertyValueSpecification\",\"valueRequired\":true,\"valueName\":\"search_term_string\"}}],\"inLanguage\":\"pt-BR\"},{\"@type\":\"Organization\",\"@id\":\"https:\\\/\\\/regiaonews.net.br\\\/2022\\\/#organization\",\"name\":\"Regi\u00e3o News\",\"url\":\"https:\\\/\\\/regiaonews.net.br\\\/2022\\\/\",\"logo\":{\"@type\":\"ImageObject\",\"inLanguage\":\"pt-BR\",\"@id\":\"https:\\\/\\\/regiaonews.net.br\\\/2022\\\/#\\\/schema\\\/logo\\\/image\\\/\",\"url\":\"https:\\\/\\\/regiaonews.net.br\\\/2022\\\/wp-content\\\/uploads\\\/2026\\\/03\\\/regiao-13-anos-scaled.jpg\",\"contentUrl\":\"https:\\\/\\\/regiaonews.net.br\\\/2022\\\/wp-content\\\/uploads\\\/2026\\\/03\\\/regiao-13-anos-scaled.jpg\",\"width\":2560,\"height\":635,\"caption\":\"Regi\u00e3o News\"},\"image\":{\"@id\":\"https:\\\/\\\/regiaonews.net.br\\\/2022\\\/#\\\/schema\\\/logo\\\/image\\\/\"}},{\"@type\":\"Person\",\"@id\":\"https:\\\/\\\/regiaonews.net.br\\\/2022\\\/#\\\/schema\\\/person\\\/2d205a608a5aa97ac279d7a5e6d89ad8\",\"name\":\"Roberto\",\"image\":{\"@type\":\"ImageObject\",\"inLanguage\":\"pt-BR\",\"@id\":\"https:\\\/\\\/secure.gravatar.com\\\/avatar\\\/42749d8b712ff9d59ca93dc150494e5b55a44134482993f5baeb97e61b7ecc89?s=96&d=mm&r=g\",\"url\":\"https:\\\/\\\/secure.gravatar.com\\\/avatar\\\/42749d8b712ff9d59ca93dc150494e5b55a44134482993f5baeb97e61b7ecc89?s=96&d=mm&r=g\",\"contentUrl\":\"https:\\\/\\\/secure.gravatar.com\\\/avatar\\\/42749d8b712ff9d59ca93dc150494e5b55a44134482993f5baeb97e61b7ecc89?s=96&d=mm&r=g\",\"caption\":\"Roberto\"},\"url\":\"https:\\\/\\\/regiaonews.net.br\\\/2022\\\/author\\\/roberto\\\/\"}]}<\/script>\n<!-- \/ Yoast SEO plugin. -->","yoast_head_json":{"title":"Prazo de nacionaliza\u00e7\u00e3o da carteira de habilita\u00e7\u00e3o cai de 50 dias para 48 horas em SP - Regi\u00e3o News","robots":{"index":"index","follow":"follow","max-snippet":"max-snippet:-1","max-image-preview":"max-image-preview:large","max-video-preview":"max-video-preview:-1"},"canonical":"https:\/\/regiaonews.net.br\/2022\/2024\/08\/21\/prazo-de-nacionalizacao-da-carteira-de-habilitacao-cai-de-50-dias-para-48-horas-em-sp\/","og_locale":"pt_BR","og_type":"article","og_title":"Prazo de nacionaliza\u00e7\u00e3o da carteira de habilita\u00e7\u00e3o cai de 50 dias para 48 horas em SP - Regi\u00e3o News","og_description":"Com cerca de cem pessoas voltadas a analisar demandas de","og_url":"https:\/\/regiaonews.net.br\/2022\/2024\/08\/21\/prazo-de-nacionalizacao-da-carteira-de-habilitacao-cai-de-50-dias-para-48-horas-em-sp\/","og_site_name":"Regi\u00e3o News","article_published_time":"2024-08-21T18:42:11+00:00","og_image":[{"width":290,"height":174,"url":"https:\/\/regiaonews.net.br\/2022\/wp-content\/uploads\/2024\/08\/download-4.jpeg","type":"image\/jpeg"}],"author":"Roberto","twitter_card":"summary_large_image","twitter_misc":{"Escrito por":"Roberto","Est. tempo de leitura":"5 minutos"},"schema":{"@context":"https:\/\/schema.org","@graph":[{"@type":"Article","@id":"https:\/\/regiaonews.net.br\/2022\/2024\/08\/21\/prazo-de-nacionalizacao-da-carteira-de-habilitacao-cai-de-50-dias-para-48-horas-em-sp\/#article","isPartOf":{"@id":"https:\/\/regiaonews.net.br\/2022\/2024\/08\/21\/prazo-de-nacionalizacao-da-carteira-de-habilitacao-cai-de-50-dias-para-48-horas-em-sp\/"},"author":{"name":"Roberto","@id":"https:\/\/regiaonews.net.br\/2022\/#\/schema\/person\/2d205a608a5aa97ac279d7a5e6d89ad8"},"headline":"Prazo de nacionaliza\u00e7\u00e3o da carteira de habilita\u00e7\u00e3o cai de 50 dias para 48 horas em SP","datePublished":"2024-08-21T18:42:11+00:00","mainEntityOfPage":{"@id":"https:\/\/regiaonews.net.br\/2022\/2024\/08\/21\/prazo-de-nacionalizacao-da-carteira-de-habilitacao-cai-de-50-dias-para-48-horas-em-sp\/"},"wordCount":916,"commentCount":0,"publisher":{"@id":"https:\/\/regiaonews.net.br\/2022\/#organization"},"image":{"@id":"https:\/\/regiaonews.net.br\/2022\/2024\/08\/21\/prazo-de-nacionalizacao-da-carteira-de-habilitacao-cai-de-50-dias-para-48-horas-em-sp\/#primaryimage"},"thumbnailUrl":"https:\/\/regiaonews.net.br\/2022\/wp-content\/uploads\/2024\/08\/download-4.jpeg","articleSection":["Brasil","Geral"],"inLanguage":"pt-BR","potentialAction":[{"@type":"CommentAction","name":"Comment","target":["https:\/\/regiaonews.net.br\/2022\/2024\/08\/21\/prazo-de-nacionalizacao-da-carteira-de-habilitacao-cai-de-50-dias-para-48-horas-em-sp\/#respond"]}]},{"@type":"WebPage","@id":"https:\/\/regiaonews.net.br\/2022\/2024\/08\/21\/prazo-de-nacionalizacao-da-carteira-de-habilitacao-cai-de-50-dias-para-48-horas-em-sp\/","url":"https:\/\/regiaonews.net.br\/2022\/2024\/08\/21\/prazo-de-nacionalizacao-da-carteira-de-habilitacao-cai-de-50-dias-para-48-horas-em-sp\/","name":"Prazo de nacionaliza\u00e7\u00e3o da carteira de habilita\u00e7\u00e3o cai de 50 dias para 48 horas em SP - Regi\u00e3o News","isPartOf":{"@id":"https:\/\/regiaonews.net.br\/2022\/#website"},"primaryImageOfPage":{"@id":"https:\/\/regiaonews.net.br\/2022\/2024\/08\/21\/prazo-de-nacionalizacao-da-carteira-de-habilitacao-cai-de-50-dias-para-48-horas-em-sp\/#primaryimage"},"image":{"@id":"https:\/\/regiaonews.net.br\/2022\/2024\/08\/21\/prazo-de-nacionalizacao-da-carteira-de-habilitacao-cai-de-50-dias-para-48-horas-em-sp\/#primaryimage"},"thumbnailUrl":"https:\/\/regiaonews.net.br\/2022\/wp-content\/uploads\/2024\/08\/download-4.jpeg","datePublished":"2024-08-21T18:42:11+00:00","breadcrumb":{"@id":"https:\/\/regiaonews.net.br\/2022\/2024\/08\/21\/prazo-de-nacionalizacao-da-carteira-de-habilitacao-cai-de-50-dias-para-48-horas-em-sp\/#breadcrumb"},"inLanguage":"pt-BR","potentialAction":[{"@type":"ReadAction","target":["https:\/\/regiaonews.net.br\/2022\/2024\/08\/21\/prazo-de-nacionalizacao-da-carteira-de-habilitacao-cai-de-50-dias-para-48-horas-em-sp\/"]}]},{"@type":"ImageObject","inLanguage":"pt-BR","@id":"https:\/\/regiaonews.net.br\/2022\/2024\/08\/21\/prazo-de-nacionalizacao-da-carteira-de-habilitacao-cai-de-50-dias-para-48-horas-em-sp\/#primaryimage","url":"https:\/\/regiaonews.net.br\/2022\/wp-content\/uploads\/2024\/08\/download-4.jpeg","contentUrl":"https:\/\/regiaonews.net.br\/2022\/wp-content\/uploads\/2024\/08\/download-4.jpeg","width":290,"height":174},{"@type":"BreadcrumbList","@id":"https:\/\/regiaonews.net.br\/2022\/2024\/08\/21\/prazo-de-nacionalizacao-da-carteira-de-habilitacao-cai-de-50-dias-para-48-horas-em-sp\/#breadcrumb","itemListElement":[{"@type":"ListItem","position":1,"name":"In\u00edcio","item":"https:\/\/regiaonews.net.br\/2022\/"},{"@type":"ListItem","position":2,"name":"Prazo de nacionaliza\u00e7\u00e3o da carteira de habilita\u00e7\u00e3o cai de 50 dias para 48 horas em SP"}]},{"@type":"WebSite","@id":"https:\/\/regiaonews.net.br\/2022\/#website","url":"https:\/\/regiaonews.net.br\/2022\/","name":"Regi\u00e3o News","description":"Site de Not\u00edcias de Barretos e regi\u00e3o","publisher":{"@id":"https:\/\/regiaonews.net.br\/2022\/#organization"},"potentialAction":[{"@type":"SearchAction","target":{"@type":"EntryPoint","urlTemplate":"https:\/\/regiaonews.net.br\/2022\/?s={search_term_string}"},"query-input":{"@type":"PropertyValueSpecification","valueRequired":true,"valueName":"search_term_string"}}],"inLanguage":"pt-BR"},{"@type":"Organization","@id":"https:\/\/regiaonews.net.br\/2022\/#organization","name":"Regi\u00e3o News","url":"https:\/\/regiaonews.net.br\/2022\/","logo":{"@type":"ImageObject","inLanguage":"pt-BR","@id":"https:\/\/regiaonews.net.br\/2022\/#\/schema\/logo\/image\/","url":"https:\/\/regiaonews.net.br\/2022\/wp-content\/uploads\/2026\/03\/regiao-13-anos-scaled.jpg","contentUrl":"https:\/\/regiaonews.net.br\/2022\/wp-content\/uploads\/2026\/03\/regiao-13-anos-scaled.jpg","width":2560,"height":635,"caption":"Regi\u00e3o News"},"image":{"@id":"https:\/\/regiaonews.net.br\/2022\/#\/schema\/logo\/image\/"}},{"@type":"Person","@id":"https:\/\/regiaonews.net.br\/2022\/#\/schema\/person\/2d205a608a5aa97ac279d7a5e6d89ad8","name":"Roberto","image":{"@type":"ImageObject","inLanguage":"pt-BR","@id":"https:\/\/secure.gravatar.com\/avatar\/42749d8b712ff9d59ca93dc150494e5b55a44134482993f5baeb97e61b7ecc89?s=96&d=mm&r=g","url":"https:\/\/secure.gravatar.com\/avatar\/42749d8b712ff9d59ca93dc150494e5b55a44134482993f5baeb97e61b7ecc89?s=96&d=mm&r=g","contentUrl":"https:\/\/secure.gravatar.com\/avatar\/42749d8b712ff9d59ca93dc150494e5b55a44134482993f5baeb97e61b7ecc89?s=96&d=mm&r=g","caption":"Roberto"},"url":"https:\/\/regiaonews.net.br\/2022\/author\/roberto\/"}]}},"publishpress_future_action":{"enabled":false,"date":"2026-05-03 01:45:20","action":"change-status","newStatus":"draft","terms":[],"taxonomy":"category","extraData":[]},"publishpress_future_workflow_manual_trigger":{"enabledWorkflows":[]},"_links":{"self":[{"href":"https:\/\/regiaonews.net.br\/2022\/wp-json\/wp\/v2\/posts\/109124","targetHints":{"allow":["GET"]}}],"collection":[{"href":"https:\/\/regiaonews.net.br\/2022\/wp-json\/wp\/v2\/posts"}],"about":[{"href":"https:\/\/regiaonews.net.br\/2022\/wp-json\/wp\/v2\/types\/post"}],"author":[{"embeddable":true,"href":"https:\/\/regiaonews.net.br\/2022\/wp-json\/wp\/v2\/users\/2"}],"replies":[{"embeddable":true,"href":"https:\/\/regiaonews.net.br\/2022\/wp-json\/wp\/v2\/comments?post=109124"}],"version-history":[{"count":1,"href":"https:\/\/regiaonews.net.br\/2022\/wp-json\/wp\/v2\/posts\/109124\/revisions"}],"predecessor-version":[{"id":109126,"href":"https:\/\/regiaonews.net.br\/2022\/wp-json\/wp\/v2\/posts\/109124\/revisions\/109126"}],"wp:featuredmedia":[{"embeddable":true,"href":"https:\/\/regiaonews.net.br\/2022\/wp-json\/wp\/v2\/media\/109125"}],"wp:attachment":[{"href":"https:\/\/regiaonews.net.br\/2022\/wp-json\/wp\/v2\/media?parent=109124"}],"wp:term":[{"taxonomy":"category","embeddable":true,"href":"https:\/\/regiaonews.net.br\/2022\/wp-json\/wp\/v2\/categories?post=109124"},{"taxonomy":"post_tag","embeddable":true,"href":"https:\/\/regiaonews.net.br\/2022\/wp-json\/wp\/v2\/tags?post=109124"}],"curies":[{"name":"wp","href":"https:\/\/api.w.org\/{rel}","templated":true}]}}