{"id":109111,"date":"2024-08-21T11:57:29","date_gmt":"2024-08-21T14:57:29","guid":{"rendered":"https:\/\/regiaonews.net.br\/2022\/?p=109111"},"modified":"2024-08-21T11:57:29","modified_gmt":"2024-08-21T14:57:29","slug":"caminhoneiro-e-preso-com-200-mil-macos-de-cigarros-contrabandeados-no-interior-de-sp","status":"publish","type":"post","link":"https:\/\/regiaonews.net.br\/2022\/2024\/08\/21\/caminhoneiro-e-preso-com-200-mil-macos-de-cigarros-contrabandeados-no-interior-de-sp\/","title":{"rendered":"Caminhoneiro \u00e9 preso com 200 mil ma\u00e7os de cigarros contrabandeados no interior de SP"},"content":{"rendered":"<div class=\"col-lg-12 mt-2\">\n<h3 style=\"text-align: center;\">Produtos estavam escondidos atr\u00e1s de uma carga de papel\u00e3o e isopor<\/h3>\n<div>Um caminhoneiro foi preso em flagrante em Ribeir\u00e3o Preto por transportar 200 mil ma\u00e7os de cigarros contrabandeados. O flagrante aconteceu na rodovia Anhanguera, na ter\u00e7a-feira (20).<\/div>\n<div><\/div>\n<div>Uma equipe do T\u00e1tico Ostensivo Rodovi\u00e1rio (TOR), do 3\u00ba Batalh\u00e3o de Pol\u00edcia Rodovi\u00e1ria, fazia fiscaliza\u00e7\u00e3o pela regi\u00e3o quando abordou o ve\u00edculo. O motorista estava inquieto e apresentou vers\u00f5es desconexas em rela\u00e7\u00e3o \u00e0 origem da carga.<\/div>\n<div><\/div>\n<div>O ve\u00edculo foi encaminhado \u00e0 Base Operacional da Pol\u00edcia Rodovi\u00e1ria para que os militares pudessem fazer uma vistoria mais minuciosa. Durante os trabalhos, eles encontraram os ma\u00e7os de cigarros, divididos em 400 caixas, atr\u00e1s de uma carga de papel\u00e3o e isopor.<\/div>\n<div><\/div>\n<div>Quase R$ 700 em esp\u00e9cie e o celular do caminhoneiro tamb\u00e9m foram apreendidos na a\u00e7\u00e3o. O homem foi preso em flagrante por contrabando e encaminhado \u00e0 Pol\u00edcia Federal.<\/div>\n<\/div>\n<div class=\"col-lg-12\"><\/div>\n","protected":false},"excerpt":{"rendered":"<p>Produtos estavam escondidos atr\u00e1s de uma carga de papel\u00e3o e<\/p>\n","protected":false},"author":2,"featured_media":109112,"comment_status":"open","ping_status":"open","sticky":false,"template":"","format":"standard","meta":{"footnotes":""},"categories":[14,3],"tags":[],"class_list":["post-109111","post","type-post","status-publish","format-standard","has-post-thumbnail","hentry","category-barretos","category-geral"],"yoast_head":"<!-- This site is optimized with the Yoast SEO plugin v27.4 - https:\/\/yoast.com\/product\/yoast-seo-wordpress\/ -->\n<title>Caminhoneiro \u00e9 preso com 200 mil ma\u00e7os de cigarros contrabandeados no interior de SP - Regi\u00e3o News<\/title>\n<meta name=\"robots\" content=\"index, follow, max-snippet:-1, max-image-preview:large, max-video-preview:-1\" \/>\n<link rel=\"canonical\" href=\"https:\/\/regiaonews.net.br\/2022\/2024\/08\/21\/caminhoneiro-e-preso-com-200-mil-macos-de-cigarros-contrabandeados-no-interior-de-sp\/\" \/>\n<meta property=\"og:locale\" content=\"pt_BR\" \/>\n<meta property=\"og:type\" content=\"article\" \/>\n<meta property=\"og:title\" content=\"Caminhoneiro \u00e9 preso com 200 mil ma\u00e7os de cigarros contrabandeados no interior de SP - Regi\u00e3o News\" \/>\n<meta property=\"og:description\" content=\"Produtos estavam escondidos atr\u00e1s de uma carga de papel\u00e3o e\" \/>\n<meta property=\"og:url\" content=\"https:\/\/regiaonews.net.br\/2022\/2024\/08\/21\/caminhoneiro-e-preso-com-200-mil-macos-de-cigarros-contrabandeados-no-interior-de-sp\/\" \/>\n<meta property=\"og:site_name\" content=\"Regi\u00e3o News\" \/>\n<meta property=\"article:published_time\" content=\"2024-08-21T14:57:29+00:00\" \/>\n<meta property=\"og:image\" content=\"https:\/\/regiaonews.net.br\/2022\/wp-content\/uploads\/2024\/08\/00055940.jpg\" \/>\n\t<meta property=\"og:image:width\" content=\"1600\" \/>\n\t<meta property=\"og:image:height\" content=\"891\" \/>\n\t<meta property=\"og:image:type\" content=\"image\/jpeg\" \/>\n<meta name=\"author\" content=\"Roberto\" \/>\n<meta name=\"twitter:card\" content=\"summary_large_image\" \/>\n<meta name=\"twitter:label1\" content=\"Escrito por\" \/>\n\t<meta name=\"twitter:data1\" content=\"Roberto\" \/>\n\t<meta name=\"twitter:label2\" content=\"Est. tempo de leitura\" \/>\n\t<meta name=\"twitter:data2\" content=\"1 minuto\" \/>\n<script type=\"application\/ld+json\" class=\"yoast-schema-graph\">{\"@context\":\"https:\\\/\\\/schema.org\",\"@graph\":[{\"@type\":\"Article\",\"@id\":\"https:\\\/\\\/regiaonews.net.br\\\/2022\\\/2024\\\/08\\\/21\\\/caminhoneiro-e-preso-com-200-mil-macos-de-cigarros-contrabandeados-no-interior-de-sp\\\/#article\",\"isPartOf\":{\"@id\":\"https:\\\/\\\/regiaonews.net.br\\\/2022\\\/2024\\\/08\\\/21\\\/caminhoneiro-e-preso-com-200-mil-macos-de-cigarros-contrabandeados-no-interior-de-sp\\\/\"},\"author\":{\"name\":\"Roberto\",\"@id\":\"https:\\\/\\\/regiaonews.net.br\\\/2022\\\/#\\\/schema\\\/person\\\/2d205a608a5aa97ac279d7a5e6d89ad8\"},\"headline\":\"Caminhoneiro \u00e9 preso com 200 mil ma\u00e7os de cigarros contrabandeados no interior de SP\",\"datePublished\":\"2024-08-21T14:57:29+00:00\",\"mainEntityOfPage\":{\"@id\":\"https:\\\/\\\/regiaonews.net.br\\\/2022\\\/2024\\\/08\\\/21\\\/caminhoneiro-e-preso-com-200-mil-macos-de-cigarros-contrabandeados-no-interior-de-sp\\\/\"},\"wordCount\":171,\"commentCount\":0,\"publisher\":{\"@id\":\"https:\\\/\\\/regiaonews.net.br\\\/2022\\\/#organization\"},\"image\":{\"@id\":\"https:\\\/\\\/regiaonews.net.br\\\/2022\\\/2024\\\/08\\\/21\\\/caminhoneiro-e-preso-com-200-mil-macos-de-cigarros-contrabandeados-no-interior-de-sp\\\/#primaryimage\"},\"thumbnailUrl\":\"https:\\\/\\\/regiaonews.net.br\\\/2022\\\/wp-content\\\/uploads\\\/2024\\\/08\\\/00055940.jpg\",\"articleSection\":[\"Barretos\",\"Geral\"],\"inLanguage\":\"pt-BR\",\"potentialAction\":[{\"@type\":\"CommentAction\",\"name\":\"Comment\",\"target\":[\"https:\\\/\\\/regiaonews.net.br\\\/2022\\\/2024\\\/08\\\/21\\\/caminhoneiro-e-preso-com-200-mil-macos-de-cigarros-contrabandeados-no-interior-de-sp\\\/#respond\"]}]},{\"@type\":\"WebPage\",\"@id\":\"https:\\\/\\\/regiaonews.net.br\\\/2022\\\/2024\\\/08\\\/21\\\/caminhoneiro-e-preso-com-200-mil-macos-de-cigarros-contrabandeados-no-interior-de-sp\\\/\",\"url\":\"https:\\\/\\\/regiaonews.net.br\\\/2022\\\/2024\\\/08\\\/21\\\/caminhoneiro-e-preso-com-200-mil-macos-de-cigarros-contrabandeados-no-interior-de-sp\\\/\",\"name\":\"Caminhoneiro \u00e9 preso com 200 mil ma\u00e7os de cigarros contrabandeados no interior de SP - Regi\u00e3o News\",\"isPartOf\":{\"@id\":\"https:\\\/\\\/regiaonews.net.br\\\/2022\\\/#website\"},\"primaryImageOfPage\":{\"@id\":\"https:\\\/\\\/regiaonews.net.br\\\/2022\\\/2024\\\/08\\\/21\\\/caminhoneiro-e-preso-com-200-mil-macos-de-cigarros-contrabandeados-no-interior-de-sp\\\/#primaryimage\"},\"image\":{\"@id\":\"https:\\\/\\\/regiaonews.net.br\\\/2022\\\/2024\\\/08\\\/21\\\/caminhoneiro-e-preso-com-200-mil-macos-de-cigarros-contrabandeados-no-interior-de-sp\\\/#primaryimage\"},\"thumbnailUrl\":\"https:\\\/\\\/regiaonews.net.br\\\/2022\\\/wp-content\\\/uploads\\\/2024\\\/08\\\/00055940.jpg\",\"datePublished\":\"2024-08-21T14:57:29+00:00\",\"breadcrumb\":{\"@id\":\"https:\\\/\\\/regiaonews.net.br\\\/2022\\\/2024\\\/08\\\/21\\\/caminhoneiro-e-preso-com-200-mil-macos-de-cigarros-contrabandeados-no-interior-de-sp\\\/#breadcrumb\"},\"inLanguage\":\"pt-BR\",\"potentialAction\":[{\"@type\":\"ReadAction\",\"target\":[\"https:\\\/\\\/regiaonews.net.br\\\/2022\\\/2024\\\/08\\\/21\\\/caminhoneiro-e-preso-com-200-mil-macos-de-cigarros-contrabandeados-no-interior-de-sp\\\/\"]}]},{\"@type\":\"ImageObject\",\"inLanguage\":\"pt-BR\",\"@id\":\"https:\\\/\\\/regiaonews.net.br\\\/2022\\\/2024\\\/08\\\/21\\\/caminhoneiro-e-preso-com-200-mil-macos-de-cigarros-contrabandeados-no-interior-de-sp\\\/#primaryimage\",\"url\":\"https:\\\/\\\/regiaonews.net.br\\\/2022\\\/wp-content\\\/uploads\\\/2024\\\/08\\\/00055940.jpg\",\"contentUrl\":\"https:\\\/\\\/regiaonews.net.br\\\/2022\\\/wp-content\\\/uploads\\\/2024\\\/08\\\/00055940.jpg\",\"width\":1600,\"height\":891},{\"@type\":\"BreadcrumbList\",\"@id\":\"https:\\\/\\\/regiaonews.net.br\\\/2022\\\/2024\\\/08\\\/21\\\/caminhoneiro-e-preso-com-200-mil-macos-de-cigarros-contrabandeados-no-interior-de-sp\\\/#breadcrumb\",\"itemListElement\":[{\"@type\":\"ListItem\",\"position\":1,\"name\":\"In\u00edcio\",\"item\":\"https:\\\/\\\/regiaonews.net.br\\\/2022\\\/\"},{\"@type\":\"ListItem\",\"position\":2,\"name\":\"Caminhoneiro \u00e9 preso com 200 mil ma\u00e7os de cigarros contrabandeados no interior de SP\"}]},{\"@type\":\"WebSite\",\"@id\":\"https:\\\/\\\/regiaonews.net.br\\\/2022\\\/#website\",\"url\":\"https:\\\/\\\/regiaonews.net.br\\\/2022\\\/\",\"name\":\"Regi\u00e3o News\",\"description\":\"Site de Not\u00edcias de Barretos e regi\u00e3o\",\"publisher\":{\"@id\":\"https:\\\/\\\/regiaonews.net.br\\\/2022\\\/#organization\"},\"potentialAction\":[{\"@type\":\"SearchAction\",\"target\":{\"@type\":\"EntryPoint\",\"urlTemplate\":\"https:\\\/\\\/regiaonews.net.br\\\/2022\\\/?s={search_term_string}\"},\"query-input\":{\"@type\":\"PropertyValueSpecification\",\"valueRequired\":true,\"valueName\":\"search_term_string\"}}],\"inLanguage\":\"pt-BR\"},{\"@type\":\"Organization\",\"@id\":\"https:\\\/\\\/regiaonews.net.br\\\/2022\\\/#organization\",\"name\":\"Regi\u00e3o News\",\"url\":\"https:\\\/\\\/regiaonews.net.br\\\/2022\\\/\",\"logo\":{\"@type\":\"ImageObject\",\"inLanguage\":\"pt-BR\",\"@id\":\"https:\\\/\\\/regiaonews.net.br\\\/2022\\\/#\\\/schema\\\/logo\\\/image\\\/\",\"url\":\"https:\\\/\\\/regiaonews.net.br\\\/2022\\\/wp-content\\\/uploads\\\/2026\\\/03\\\/regiao-13-anos-scaled.jpg\",\"contentUrl\":\"https:\\\/\\\/regiaonews.net.br\\\/2022\\\/wp-content\\\/uploads\\\/2026\\\/03\\\/regiao-13-anos-scaled.jpg\",\"width\":2560,\"height\":635,\"caption\":\"Regi\u00e3o News\"},\"image\":{\"@id\":\"https:\\\/\\\/regiaonews.net.br\\\/2022\\\/#\\\/schema\\\/logo\\\/image\\\/\"}},{\"@type\":\"Person\",\"@id\":\"https:\\\/\\\/regiaonews.net.br\\\/2022\\\/#\\\/schema\\\/person\\\/2d205a608a5aa97ac279d7a5e6d89ad8\",\"name\":\"Roberto\",\"image\":{\"@type\":\"ImageObject\",\"inLanguage\":\"pt-BR\",\"@id\":\"https:\\\/\\\/secure.gravatar.com\\\/avatar\\\/42749d8b712ff9d59ca93dc150494e5b55a44134482993f5baeb97e61b7ecc89?s=96&d=mm&r=g\",\"url\":\"https:\\\/\\\/secure.gravatar.com\\\/avatar\\\/42749d8b712ff9d59ca93dc150494e5b55a44134482993f5baeb97e61b7ecc89?s=96&d=mm&r=g\",\"contentUrl\":\"https:\\\/\\\/secure.gravatar.com\\\/avatar\\\/42749d8b712ff9d59ca93dc150494e5b55a44134482993f5baeb97e61b7ecc89?s=96&d=mm&r=g\",\"caption\":\"Roberto\"},\"url\":\"https:\\\/\\\/regiaonews.net.br\\\/2022\\\/author\\\/roberto\\\/\"}]}<\/script>\n<!-- \/ Yoast SEO plugin. -->","yoast_head_json":{"title":"Caminhoneiro \u00e9 preso com 200 mil ma\u00e7os de cigarros contrabandeados no interior de SP - Regi\u00e3o News","robots":{"index":"index","follow":"follow","max-snippet":"max-snippet:-1","max-image-preview":"max-image-preview:large","max-video-preview":"max-video-preview:-1"},"canonical":"https:\/\/regiaonews.net.br\/2022\/2024\/08\/21\/caminhoneiro-e-preso-com-200-mil-macos-de-cigarros-contrabandeados-no-interior-de-sp\/","og_locale":"pt_BR","og_type":"article","og_title":"Caminhoneiro \u00e9 preso com 200 mil ma\u00e7os de cigarros contrabandeados no interior de SP - Regi\u00e3o News","og_description":"Produtos estavam escondidos atr\u00e1s de uma carga de papel\u00e3o e","og_url":"https:\/\/regiaonews.net.br\/2022\/2024\/08\/21\/caminhoneiro-e-preso-com-200-mil-macos-de-cigarros-contrabandeados-no-interior-de-sp\/","og_site_name":"Regi\u00e3o News","article_published_time":"2024-08-21T14:57:29+00:00","og_image":[{"width":1600,"height":891,"url":"https:\/\/regiaonews.net.br\/2022\/wp-content\/uploads\/2024\/08\/00055940.jpg","type":"image\/jpeg"}],"author":"Roberto","twitter_card":"summary_large_image","twitter_misc":{"Escrito por":"Roberto","Est. tempo de leitura":"1 minuto"},"schema":{"@context":"https:\/\/schema.org","@graph":[{"@type":"Article","@id":"https:\/\/regiaonews.net.br\/2022\/2024\/08\/21\/caminhoneiro-e-preso-com-200-mil-macos-de-cigarros-contrabandeados-no-interior-de-sp\/#article","isPartOf":{"@id":"https:\/\/regiaonews.net.br\/2022\/2024\/08\/21\/caminhoneiro-e-preso-com-200-mil-macos-de-cigarros-contrabandeados-no-interior-de-sp\/"},"author":{"name":"Roberto","@id":"https:\/\/regiaonews.net.br\/2022\/#\/schema\/person\/2d205a608a5aa97ac279d7a5e6d89ad8"},"headline":"Caminhoneiro \u00e9 preso com 200 mil ma\u00e7os de cigarros contrabandeados no interior de SP","datePublished":"2024-08-21T14:57:29+00:00","mainEntityOfPage":{"@id":"https:\/\/regiaonews.net.br\/2022\/2024\/08\/21\/caminhoneiro-e-preso-com-200-mil-macos-de-cigarros-contrabandeados-no-interior-de-sp\/"},"wordCount":171,"commentCount":0,"publisher":{"@id":"https:\/\/regiaonews.net.br\/2022\/#organization"},"image":{"@id":"https:\/\/regiaonews.net.br\/2022\/2024\/08\/21\/caminhoneiro-e-preso-com-200-mil-macos-de-cigarros-contrabandeados-no-interior-de-sp\/#primaryimage"},"thumbnailUrl":"https:\/\/regiaonews.net.br\/2022\/wp-content\/uploads\/2024\/08\/00055940.jpg","articleSection":["Barretos","Geral"],"inLanguage":"pt-BR","potentialAction":[{"@type":"CommentAction","name":"Comment","target":["https:\/\/regiaonews.net.br\/2022\/2024\/08\/21\/caminhoneiro-e-preso-com-200-mil-macos-de-cigarros-contrabandeados-no-interior-de-sp\/#respond"]}]},{"@type":"WebPage","@id":"https:\/\/regiaonews.net.br\/2022\/2024\/08\/21\/caminhoneiro-e-preso-com-200-mil-macos-de-cigarros-contrabandeados-no-interior-de-sp\/","url":"https:\/\/regiaonews.net.br\/2022\/2024\/08\/21\/caminhoneiro-e-preso-com-200-mil-macos-de-cigarros-contrabandeados-no-interior-de-sp\/","name":"Caminhoneiro \u00e9 preso com 200 mil ma\u00e7os de cigarros contrabandeados no interior de SP - Regi\u00e3o News","isPartOf":{"@id":"https:\/\/regiaonews.net.br\/2022\/#website"},"primaryImageOfPage":{"@id":"https:\/\/regiaonews.net.br\/2022\/2024\/08\/21\/caminhoneiro-e-preso-com-200-mil-macos-de-cigarros-contrabandeados-no-interior-de-sp\/#primaryimage"},"image":{"@id":"https:\/\/regiaonews.net.br\/2022\/2024\/08\/21\/caminhoneiro-e-preso-com-200-mil-macos-de-cigarros-contrabandeados-no-interior-de-sp\/#primaryimage"},"thumbnailUrl":"https:\/\/regiaonews.net.br\/2022\/wp-content\/uploads\/2024\/08\/00055940.jpg","datePublished":"2024-08-21T14:57:29+00:00","breadcrumb":{"@id":"https:\/\/regiaonews.net.br\/2022\/2024\/08\/21\/caminhoneiro-e-preso-com-200-mil-macos-de-cigarros-contrabandeados-no-interior-de-sp\/#breadcrumb"},"inLanguage":"pt-BR","potentialAction":[{"@type":"ReadAction","target":["https:\/\/regiaonews.net.br\/2022\/2024\/08\/21\/caminhoneiro-e-preso-com-200-mil-macos-de-cigarros-contrabandeados-no-interior-de-sp\/"]}]},{"@type":"ImageObject","inLanguage":"pt-BR","@id":"https:\/\/regiaonews.net.br\/2022\/2024\/08\/21\/caminhoneiro-e-preso-com-200-mil-macos-de-cigarros-contrabandeados-no-interior-de-sp\/#primaryimage","url":"https:\/\/regiaonews.net.br\/2022\/wp-content\/uploads\/2024\/08\/00055940.jpg","contentUrl":"https:\/\/regiaonews.net.br\/2022\/wp-content\/uploads\/2024\/08\/00055940.jpg","width":1600,"height":891},{"@type":"BreadcrumbList","@id":"https:\/\/regiaonews.net.br\/2022\/2024\/08\/21\/caminhoneiro-e-preso-com-200-mil-macos-de-cigarros-contrabandeados-no-interior-de-sp\/#breadcrumb","itemListElement":[{"@type":"ListItem","position":1,"name":"In\u00edcio","item":"https:\/\/regiaonews.net.br\/2022\/"},{"@type":"ListItem","position":2,"name":"Caminhoneiro \u00e9 preso com 200 mil ma\u00e7os de cigarros contrabandeados no interior de SP"}]},{"@type":"WebSite","@id":"https:\/\/regiaonews.net.br\/2022\/#website","url":"https:\/\/regiaonews.net.br\/2022\/","name":"Regi\u00e3o News","description":"Site de Not\u00edcias de Barretos e regi\u00e3o","publisher":{"@id":"https:\/\/regiaonews.net.br\/2022\/#organization"},"potentialAction":[{"@type":"SearchAction","target":{"@type":"EntryPoint","urlTemplate":"https:\/\/regiaonews.net.br\/2022\/?s={search_term_string}"},"query-input":{"@type":"PropertyValueSpecification","valueRequired":true,"valueName":"search_term_string"}}],"inLanguage":"pt-BR"},{"@type":"Organization","@id":"https:\/\/regiaonews.net.br\/2022\/#organization","name":"Regi\u00e3o News","url":"https:\/\/regiaonews.net.br\/2022\/","logo":{"@type":"ImageObject","inLanguage":"pt-BR","@id":"https:\/\/regiaonews.net.br\/2022\/#\/schema\/logo\/image\/","url":"https:\/\/regiaonews.net.br\/2022\/wp-content\/uploads\/2026\/03\/regiao-13-anos-scaled.jpg","contentUrl":"https:\/\/regiaonews.net.br\/2022\/wp-content\/uploads\/2026\/03\/regiao-13-anos-scaled.jpg","width":2560,"height":635,"caption":"Regi\u00e3o News"},"image":{"@id":"https:\/\/regiaonews.net.br\/2022\/#\/schema\/logo\/image\/"}},{"@type":"Person","@id":"https:\/\/regiaonews.net.br\/2022\/#\/schema\/person\/2d205a608a5aa97ac279d7a5e6d89ad8","name":"Roberto","image":{"@type":"ImageObject","inLanguage":"pt-BR","@id":"https:\/\/secure.gravatar.com\/avatar\/42749d8b712ff9d59ca93dc150494e5b55a44134482993f5baeb97e61b7ecc89?s=96&d=mm&r=g","url":"https:\/\/secure.gravatar.com\/avatar\/42749d8b712ff9d59ca93dc150494e5b55a44134482993f5baeb97e61b7ecc89?s=96&d=mm&r=g","contentUrl":"https:\/\/secure.gravatar.com\/avatar\/42749d8b712ff9d59ca93dc150494e5b55a44134482993f5baeb97e61b7ecc89?s=96&d=mm&r=g","caption":"Roberto"},"url":"https:\/\/regiaonews.net.br\/2022\/author\/roberto\/"}]}},"publishpress_future_action":{"enabled":false,"date":"2026-05-03 09:20:58","action":"change-status","newStatus":"draft","terms":[],"taxonomy":"category","extraData":[]},"publishpress_future_workflow_manual_trigger":{"enabledWorkflows":[]},"_links":{"self":[{"href":"https:\/\/regiaonews.net.br\/2022\/wp-json\/wp\/v2\/posts\/109111","targetHints":{"allow":["GET"]}}],"collection":[{"href":"https:\/\/regiaonews.net.br\/2022\/wp-json\/wp\/v2\/posts"}],"about":[{"href":"https:\/\/regiaonews.net.br\/2022\/wp-json\/wp\/v2\/types\/post"}],"author":[{"embeddable":true,"href":"https:\/\/regiaonews.net.br\/2022\/wp-json\/wp\/v2\/users\/2"}],"replies":[{"embeddable":true,"href":"https:\/\/regiaonews.net.br\/2022\/wp-json\/wp\/v2\/comments?post=109111"}],"version-history":[{"count":1,"href":"https:\/\/regiaonews.net.br\/2022\/wp-json\/wp\/v2\/posts\/109111\/revisions"}],"predecessor-version":[{"id":109113,"href":"https:\/\/regiaonews.net.br\/2022\/wp-json\/wp\/v2\/posts\/109111\/revisions\/109113"}],"wp:featuredmedia":[{"embeddable":true,"href":"https:\/\/regiaonews.net.br\/2022\/wp-json\/wp\/v2\/media\/109112"}],"wp:attachment":[{"href":"https:\/\/regiaonews.net.br\/2022\/wp-json\/wp\/v2\/media?parent=109111"}],"wp:term":[{"taxonomy":"category","embeddable":true,"href":"https:\/\/regiaonews.net.br\/2022\/wp-json\/wp\/v2\/categories?post=109111"},{"taxonomy":"post_tag","embeddable":true,"href":"https:\/\/regiaonews.net.br\/2022\/wp-json\/wp\/v2\/tags?post=109111"}],"curies":[{"name":"wp","href":"https:\/\/api.w.org\/{rel}","templated":true}]}}