{"id":109101,"date":"2024-08-21T10:37:00","date_gmt":"2024-08-21T13:37:00","guid":{"rendered":"https:\/\/regiaonews.net.br\/2022\/?p=109101"},"modified":"2024-08-21T10:37:00","modified_gmt":"2024-08-21T13:37:00","slug":"atracoes-no-rancho-do-peaozinho-sao-voltadas-para-as-criancas","status":"publish","type":"post","link":"https:\/\/regiaonews.net.br\/2022\/2024\/08\/21\/atracoes-no-rancho-do-peaozinho-sao-voltadas-para-as-criancas\/","title":{"rendered":"Atra\u00e7\u00f5es no Rancho do Pe\u00e3ozinho s\u00e3o voltadas para as crian\u00e7as"},"content":{"rendered":"<p>O Rancho do Pe\u00e3ozinho no Parque do Pe\u00e3o de Barretos est\u00e1 com novas atra\u00e7\u00f5es para receber as crian\u00e7as nesta edi\u00e7\u00e3o da Festa do Pe\u00e3o de Barretos entre as 9h as 18h. Entre elas, duas casas l\u00fadicas que fazem refer\u00eancia a personagens de Monteiro Lobato e ao folclore brasileiro, al\u00e9m de atra\u00e7\u00f5es de empresas parceiras. O coordenador do Rancho do Pe\u00e3ozinho, Reinaldo Costa, disse que as escolas p\u00fablicas e particulares, projetos sociais, organiza\u00e7\u00f5es da sociedade civil e associa\u00e7\u00f5es de qualquer parte do pa\u00eds, podem fazer visitas gratuitas, basta entrar em contato pelo e-mail peaozinho@independentes.com.br pelo telefone (17) 3321-0000 ou com o Reinaldo atrav\u00e9s do WhatsApp (17) 98108-3682.<br \/>\nEVENTOS<br \/>\nEntre as atra\u00e7\u00f5es, os visitantes podem conferir o Rodeio em Carneiros entre os dias 17 a 22 agosto com inscri\u00e7\u00f5es das 12h \u00e0s 14h, Rodeio J\u00fanior de 17 a 22 de agosto a partir das 15h30, 7\u00aa edi\u00e7\u00e3o do Barretos Kids no dia 24 de agosto \u2013 semifinal a partir das 9h30 e final a partir das 14h30 com as inscri\u00e7\u00f5es j\u00e1 encerradas e feira de ado\u00e7\u00e3o de animais<br \/>\n19 e 20 de agosto &#8211; das\u00a09\u00a0\u00e0s\u00a011\u00a0horas.<\/p>\n","protected":false},"excerpt":{"rendered":"<p>O Rancho do Pe\u00e3ozinho no Parque do Pe\u00e3o de Barretos<\/p>\n","protected":false},"author":2,"featured_media":109102,"comment_status":"open","ping_status":"open","sticky":false,"template":"","format":"standard","meta":{"footnotes":""},"categories":[14,3],"tags":[],"class_list":["post-109101","post","type-post","status-publish","format-standard","has-post-thumbnail","hentry","category-barretos","category-geral"],"yoast_head":"<!-- This site is optimized with the Yoast SEO plugin v27.4 - https:\/\/yoast.com\/product\/yoast-seo-wordpress\/ -->\n<title>Atra\u00e7\u00f5es no Rancho do Pe\u00e3ozinho s\u00e3o voltadas para as crian\u00e7as - Regi\u00e3o News<\/title>\n<meta name=\"robots\" content=\"index, follow, max-snippet:-1, max-image-preview:large, max-video-preview:-1\" \/>\n<link rel=\"canonical\" href=\"https:\/\/regiaonews.net.br\/2022\/2024\/08\/21\/atracoes-no-rancho-do-peaozinho-sao-voltadas-para-as-criancas\/\" \/>\n<meta property=\"og:locale\" content=\"pt_BR\" \/>\n<meta property=\"og:type\" content=\"article\" \/>\n<meta property=\"og:title\" content=\"Atra\u00e7\u00f5es no Rancho do Pe\u00e3ozinho s\u00e3o voltadas para as crian\u00e7as - Regi\u00e3o News\" \/>\n<meta property=\"og:description\" content=\"O Rancho do Pe\u00e3ozinho no Parque do Pe\u00e3o de Barretos\" \/>\n<meta property=\"og:url\" content=\"https:\/\/regiaonews.net.br\/2022\/2024\/08\/21\/atracoes-no-rancho-do-peaozinho-sao-voltadas-para-as-criancas\/\" \/>\n<meta property=\"og:site_name\" content=\"Regi\u00e3o News\" \/>\n<meta property=\"article:published_time\" content=\"2024-08-21T13:37:00+00:00\" \/>\n<meta property=\"og:image\" content=\"https:\/\/regiaonews.net.br\/2022\/wp-content\/uploads\/2024\/08\/Imagem-do-WhatsApp-de-2024-08-21-as-09.50.37_9b3ed2e6.jpg\" \/>\n\t<meta property=\"og:image:width\" content=\"800\" \/>\n\t<meta property=\"og:image:height\" content=\"533\" \/>\n\t<meta property=\"og:image:type\" content=\"image\/jpeg\" \/>\n<meta name=\"author\" content=\"Roberto\" \/>\n<meta name=\"twitter:card\" content=\"summary_large_image\" \/>\n<meta name=\"twitter:label1\" content=\"Escrito por\" \/>\n\t<meta name=\"twitter:data1\" content=\"Roberto\" \/>\n\t<meta name=\"twitter:label2\" content=\"Est. tempo de leitura\" \/>\n\t<meta name=\"twitter:data2\" content=\"2 minutos\" \/>\n<script type=\"application\/ld+json\" class=\"yoast-schema-graph\">{\"@context\":\"https:\\\/\\\/schema.org\",\"@graph\":[{\"@type\":\"Article\",\"@id\":\"https:\\\/\\\/regiaonews.net.br\\\/2022\\\/2024\\\/08\\\/21\\\/atracoes-no-rancho-do-peaozinho-sao-voltadas-para-as-criancas\\\/#article\",\"isPartOf\":{\"@id\":\"https:\\\/\\\/regiaonews.net.br\\\/2022\\\/2024\\\/08\\\/21\\\/atracoes-no-rancho-do-peaozinho-sao-voltadas-para-as-criancas\\\/\"},\"author\":{\"name\":\"Roberto\",\"@id\":\"https:\\\/\\\/regiaonews.net.br\\\/2022\\\/#\\\/schema\\\/person\\\/2d205a608a5aa97ac279d7a5e6d89ad8\"},\"headline\":\"Atra\u00e7\u00f5es no Rancho do Pe\u00e3ozinho s\u00e3o voltadas para as crian\u00e7as\",\"datePublished\":\"2024-08-21T13:37:00+00:00\",\"mainEntityOfPage\":{\"@id\":\"https:\\\/\\\/regiaonews.net.br\\\/2022\\\/2024\\\/08\\\/21\\\/atracoes-no-rancho-do-peaozinho-sao-voltadas-para-as-criancas\\\/\"},\"wordCount\":213,\"commentCount\":0,\"publisher\":{\"@id\":\"https:\\\/\\\/regiaonews.net.br\\\/2022\\\/#organization\"},\"image\":{\"@id\":\"https:\\\/\\\/regiaonews.net.br\\\/2022\\\/2024\\\/08\\\/21\\\/atracoes-no-rancho-do-peaozinho-sao-voltadas-para-as-criancas\\\/#primaryimage\"},\"thumbnailUrl\":\"https:\\\/\\\/regiaonews.net.br\\\/2022\\\/wp-content\\\/uploads\\\/2024\\\/08\\\/Imagem-do-WhatsApp-de-2024-08-21-as-09.50.37_9b3ed2e6.jpg\",\"articleSection\":[\"Barretos\",\"Geral\"],\"inLanguage\":\"pt-BR\",\"potentialAction\":[{\"@type\":\"CommentAction\",\"name\":\"Comment\",\"target\":[\"https:\\\/\\\/regiaonews.net.br\\\/2022\\\/2024\\\/08\\\/21\\\/atracoes-no-rancho-do-peaozinho-sao-voltadas-para-as-criancas\\\/#respond\"]}]},{\"@type\":\"WebPage\",\"@id\":\"https:\\\/\\\/regiaonews.net.br\\\/2022\\\/2024\\\/08\\\/21\\\/atracoes-no-rancho-do-peaozinho-sao-voltadas-para-as-criancas\\\/\",\"url\":\"https:\\\/\\\/regiaonews.net.br\\\/2022\\\/2024\\\/08\\\/21\\\/atracoes-no-rancho-do-peaozinho-sao-voltadas-para-as-criancas\\\/\",\"name\":\"Atra\u00e7\u00f5es no Rancho do Pe\u00e3ozinho s\u00e3o voltadas para as crian\u00e7as - Regi\u00e3o News\",\"isPartOf\":{\"@id\":\"https:\\\/\\\/regiaonews.net.br\\\/2022\\\/#website\"},\"primaryImageOfPage\":{\"@id\":\"https:\\\/\\\/regiaonews.net.br\\\/2022\\\/2024\\\/08\\\/21\\\/atracoes-no-rancho-do-peaozinho-sao-voltadas-para-as-criancas\\\/#primaryimage\"},\"image\":{\"@id\":\"https:\\\/\\\/regiaonews.net.br\\\/2022\\\/2024\\\/08\\\/21\\\/atracoes-no-rancho-do-peaozinho-sao-voltadas-para-as-criancas\\\/#primaryimage\"},\"thumbnailUrl\":\"https:\\\/\\\/regiaonews.net.br\\\/2022\\\/wp-content\\\/uploads\\\/2024\\\/08\\\/Imagem-do-WhatsApp-de-2024-08-21-as-09.50.37_9b3ed2e6.jpg\",\"datePublished\":\"2024-08-21T13:37:00+00:00\",\"breadcrumb\":{\"@id\":\"https:\\\/\\\/regiaonews.net.br\\\/2022\\\/2024\\\/08\\\/21\\\/atracoes-no-rancho-do-peaozinho-sao-voltadas-para-as-criancas\\\/#breadcrumb\"},\"inLanguage\":\"pt-BR\",\"potentialAction\":[{\"@type\":\"ReadAction\",\"target\":[\"https:\\\/\\\/regiaonews.net.br\\\/2022\\\/2024\\\/08\\\/21\\\/atracoes-no-rancho-do-peaozinho-sao-voltadas-para-as-criancas\\\/\"]}]},{\"@type\":\"ImageObject\",\"inLanguage\":\"pt-BR\",\"@id\":\"https:\\\/\\\/regiaonews.net.br\\\/2022\\\/2024\\\/08\\\/21\\\/atracoes-no-rancho-do-peaozinho-sao-voltadas-para-as-criancas\\\/#primaryimage\",\"url\":\"https:\\\/\\\/regiaonews.net.br\\\/2022\\\/wp-content\\\/uploads\\\/2024\\\/08\\\/Imagem-do-WhatsApp-de-2024-08-21-as-09.50.37_9b3ed2e6.jpg\",\"contentUrl\":\"https:\\\/\\\/regiaonews.net.br\\\/2022\\\/wp-content\\\/uploads\\\/2024\\\/08\\\/Imagem-do-WhatsApp-de-2024-08-21-as-09.50.37_9b3ed2e6.jpg\",\"width\":800,\"height\":533},{\"@type\":\"BreadcrumbList\",\"@id\":\"https:\\\/\\\/regiaonews.net.br\\\/2022\\\/2024\\\/08\\\/21\\\/atracoes-no-rancho-do-peaozinho-sao-voltadas-para-as-criancas\\\/#breadcrumb\",\"itemListElement\":[{\"@type\":\"ListItem\",\"position\":1,\"name\":\"In\u00edcio\",\"item\":\"https:\\\/\\\/regiaonews.net.br\\\/2022\\\/\"},{\"@type\":\"ListItem\",\"position\":2,\"name\":\"Atra\u00e7\u00f5es no Rancho do Pe\u00e3ozinho s\u00e3o voltadas para as crian\u00e7as\"}]},{\"@type\":\"WebSite\",\"@id\":\"https:\\\/\\\/regiaonews.net.br\\\/2022\\\/#website\",\"url\":\"https:\\\/\\\/regiaonews.net.br\\\/2022\\\/\",\"name\":\"Regi\u00e3o News\",\"description\":\"Site de Not\u00edcias de Barretos e regi\u00e3o\",\"publisher\":{\"@id\":\"https:\\\/\\\/regiaonews.net.br\\\/2022\\\/#organization\"},\"potentialAction\":[{\"@type\":\"SearchAction\",\"target\":{\"@type\":\"EntryPoint\",\"urlTemplate\":\"https:\\\/\\\/regiaonews.net.br\\\/2022\\\/?s={search_term_string}\"},\"query-input\":{\"@type\":\"PropertyValueSpecification\",\"valueRequired\":true,\"valueName\":\"search_term_string\"}}],\"inLanguage\":\"pt-BR\"},{\"@type\":\"Organization\",\"@id\":\"https:\\\/\\\/regiaonews.net.br\\\/2022\\\/#organization\",\"name\":\"Regi\u00e3o News\",\"url\":\"https:\\\/\\\/regiaonews.net.br\\\/2022\\\/\",\"logo\":{\"@type\":\"ImageObject\",\"inLanguage\":\"pt-BR\",\"@id\":\"https:\\\/\\\/regiaonews.net.br\\\/2022\\\/#\\\/schema\\\/logo\\\/image\\\/\",\"url\":\"https:\\\/\\\/regiaonews.net.br\\\/2022\\\/wp-content\\\/uploads\\\/2026\\\/03\\\/regiao-13-anos-scaled.jpg\",\"contentUrl\":\"https:\\\/\\\/regiaonews.net.br\\\/2022\\\/wp-content\\\/uploads\\\/2026\\\/03\\\/regiao-13-anos-scaled.jpg\",\"width\":2560,\"height\":635,\"caption\":\"Regi\u00e3o News\"},\"image\":{\"@id\":\"https:\\\/\\\/regiaonews.net.br\\\/2022\\\/#\\\/schema\\\/logo\\\/image\\\/\"}},{\"@type\":\"Person\",\"@id\":\"https:\\\/\\\/regiaonews.net.br\\\/2022\\\/#\\\/schema\\\/person\\\/2d205a608a5aa97ac279d7a5e6d89ad8\",\"name\":\"Roberto\",\"image\":{\"@type\":\"ImageObject\",\"inLanguage\":\"pt-BR\",\"@id\":\"https:\\\/\\\/secure.gravatar.com\\\/avatar\\\/42749d8b712ff9d59ca93dc150494e5b55a44134482993f5baeb97e61b7ecc89?s=96&d=mm&r=g\",\"url\":\"https:\\\/\\\/secure.gravatar.com\\\/avatar\\\/42749d8b712ff9d59ca93dc150494e5b55a44134482993f5baeb97e61b7ecc89?s=96&d=mm&r=g\",\"contentUrl\":\"https:\\\/\\\/secure.gravatar.com\\\/avatar\\\/42749d8b712ff9d59ca93dc150494e5b55a44134482993f5baeb97e61b7ecc89?s=96&d=mm&r=g\",\"caption\":\"Roberto\"},\"url\":\"https:\\\/\\\/regiaonews.net.br\\\/2022\\\/author\\\/roberto\\\/\"}]}<\/script>\n<!-- \/ Yoast SEO plugin. -->","yoast_head_json":{"title":"Atra\u00e7\u00f5es no Rancho do Pe\u00e3ozinho s\u00e3o voltadas para as crian\u00e7as - Regi\u00e3o News","robots":{"index":"index","follow":"follow","max-snippet":"max-snippet:-1","max-image-preview":"max-image-preview:large","max-video-preview":"max-video-preview:-1"},"canonical":"https:\/\/regiaonews.net.br\/2022\/2024\/08\/21\/atracoes-no-rancho-do-peaozinho-sao-voltadas-para-as-criancas\/","og_locale":"pt_BR","og_type":"article","og_title":"Atra\u00e7\u00f5es no Rancho do Pe\u00e3ozinho s\u00e3o voltadas para as crian\u00e7as - Regi\u00e3o News","og_description":"O Rancho do Pe\u00e3ozinho no Parque do Pe\u00e3o de Barretos","og_url":"https:\/\/regiaonews.net.br\/2022\/2024\/08\/21\/atracoes-no-rancho-do-peaozinho-sao-voltadas-para-as-criancas\/","og_site_name":"Regi\u00e3o News","article_published_time":"2024-08-21T13:37:00+00:00","og_image":[{"width":800,"height":533,"url":"https:\/\/regiaonews.net.br\/2022\/wp-content\/uploads\/2024\/08\/Imagem-do-WhatsApp-de-2024-08-21-as-09.50.37_9b3ed2e6.jpg","type":"image\/jpeg"}],"author":"Roberto","twitter_card":"summary_large_image","twitter_misc":{"Escrito por":"Roberto","Est. tempo de leitura":"2 minutos"},"schema":{"@context":"https:\/\/schema.org","@graph":[{"@type":"Article","@id":"https:\/\/regiaonews.net.br\/2022\/2024\/08\/21\/atracoes-no-rancho-do-peaozinho-sao-voltadas-para-as-criancas\/#article","isPartOf":{"@id":"https:\/\/regiaonews.net.br\/2022\/2024\/08\/21\/atracoes-no-rancho-do-peaozinho-sao-voltadas-para-as-criancas\/"},"author":{"name":"Roberto","@id":"https:\/\/regiaonews.net.br\/2022\/#\/schema\/person\/2d205a608a5aa97ac279d7a5e6d89ad8"},"headline":"Atra\u00e7\u00f5es no Rancho do Pe\u00e3ozinho s\u00e3o voltadas para as crian\u00e7as","datePublished":"2024-08-21T13:37:00+00:00","mainEntityOfPage":{"@id":"https:\/\/regiaonews.net.br\/2022\/2024\/08\/21\/atracoes-no-rancho-do-peaozinho-sao-voltadas-para-as-criancas\/"},"wordCount":213,"commentCount":0,"publisher":{"@id":"https:\/\/regiaonews.net.br\/2022\/#organization"},"image":{"@id":"https:\/\/regiaonews.net.br\/2022\/2024\/08\/21\/atracoes-no-rancho-do-peaozinho-sao-voltadas-para-as-criancas\/#primaryimage"},"thumbnailUrl":"https:\/\/regiaonews.net.br\/2022\/wp-content\/uploads\/2024\/08\/Imagem-do-WhatsApp-de-2024-08-21-as-09.50.37_9b3ed2e6.jpg","articleSection":["Barretos","Geral"],"inLanguage":"pt-BR","potentialAction":[{"@type":"CommentAction","name":"Comment","target":["https:\/\/regiaonews.net.br\/2022\/2024\/08\/21\/atracoes-no-rancho-do-peaozinho-sao-voltadas-para-as-criancas\/#respond"]}]},{"@type":"WebPage","@id":"https:\/\/regiaonews.net.br\/2022\/2024\/08\/21\/atracoes-no-rancho-do-peaozinho-sao-voltadas-para-as-criancas\/","url":"https:\/\/regiaonews.net.br\/2022\/2024\/08\/21\/atracoes-no-rancho-do-peaozinho-sao-voltadas-para-as-criancas\/","name":"Atra\u00e7\u00f5es no Rancho do Pe\u00e3ozinho s\u00e3o voltadas para as crian\u00e7as - Regi\u00e3o News","isPartOf":{"@id":"https:\/\/regiaonews.net.br\/2022\/#website"},"primaryImageOfPage":{"@id":"https:\/\/regiaonews.net.br\/2022\/2024\/08\/21\/atracoes-no-rancho-do-peaozinho-sao-voltadas-para-as-criancas\/#primaryimage"},"image":{"@id":"https:\/\/regiaonews.net.br\/2022\/2024\/08\/21\/atracoes-no-rancho-do-peaozinho-sao-voltadas-para-as-criancas\/#primaryimage"},"thumbnailUrl":"https:\/\/regiaonews.net.br\/2022\/wp-content\/uploads\/2024\/08\/Imagem-do-WhatsApp-de-2024-08-21-as-09.50.37_9b3ed2e6.jpg","datePublished":"2024-08-21T13:37:00+00:00","breadcrumb":{"@id":"https:\/\/regiaonews.net.br\/2022\/2024\/08\/21\/atracoes-no-rancho-do-peaozinho-sao-voltadas-para-as-criancas\/#breadcrumb"},"inLanguage":"pt-BR","potentialAction":[{"@type":"ReadAction","target":["https:\/\/regiaonews.net.br\/2022\/2024\/08\/21\/atracoes-no-rancho-do-peaozinho-sao-voltadas-para-as-criancas\/"]}]},{"@type":"ImageObject","inLanguage":"pt-BR","@id":"https:\/\/regiaonews.net.br\/2022\/2024\/08\/21\/atracoes-no-rancho-do-peaozinho-sao-voltadas-para-as-criancas\/#primaryimage","url":"https:\/\/regiaonews.net.br\/2022\/wp-content\/uploads\/2024\/08\/Imagem-do-WhatsApp-de-2024-08-21-as-09.50.37_9b3ed2e6.jpg","contentUrl":"https:\/\/regiaonews.net.br\/2022\/wp-content\/uploads\/2024\/08\/Imagem-do-WhatsApp-de-2024-08-21-as-09.50.37_9b3ed2e6.jpg","width":800,"height":533},{"@type":"BreadcrumbList","@id":"https:\/\/regiaonews.net.br\/2022\/2024\/08\/21\/atracoes-no-rancho-do-peaozinho-sao-voltadas-para-as-criancas\/#breadcrumb","itemListElement":[{"@type":"ListItem","position":1,"name":"In\u00edcio","item":"https:\/\/regiaonews.net.br\/2022\/"},{"@type":"ListItem","position":2,"name":"Atra\u00e7\u00f5es no Rancho do Pe\u00e3ozinho s\u00e3o voltadas para as crian\u00e7as"}]},{"@type":"WebSite","@id":"https:\/\/regiaonews.net.br\/2022\/#website","url":"https:\/\/regiaonews.net.br\/2022\/","name":"Regi\u00e3o News","description":"Site de Not\u00edcias de Barretos e regi\u00e3o","publisher":{"@id":"https:\/\/regiaonews.net.br\/2022\/#organization"},"potentialAction":[{"@type":"SearchAction","target":{"@type":"EntryPoint","urlTemplate":"https:\/\/regiaonews.net.br\/2022\/?s={search_term_string}"},"query-input":{"@type":"PropertyValueSpecification","valueRequired":true,"valueName":"search_term_string"}}],"inLanguage":"pt-BR"},{"@type":"Organization","@id":"https:\/\/regiaonews.net.br\/2022\/#organization","name":"Regi\u00e3o News","url":"https:\/\/regiaonews.net.br\/2022\/","logo":{"@type":"ImageObject","inLanguage":"pt-BR","@id":"https:\/\/regiaonews.net.br\/2022\/#\/schema\/logo\/image\/","url":"https:\/\/regiaonews.net.br\/2022\/wp-content\/uploads\/2026\/03\/regiao-13-anos-scaled.jpg","contentUrl":"https:\/\/regiaonews.net.br\/2022\/wp-content\/uploads\/2026\/03\/regiao-13-anos-scaled.jpg","width":2560,"height":635,"caption":"Regi\u00e3o News"},"image":{"@id":"https:\/\/regiaonews.net.br\/2022\/#\/schema\/logo\/image\/"}},{"@type":"Person","@id":"https:\/\/regiaonews.net.br\/2022\/#\/schema\/person\/2d205a608a5aa97ac279d7a5e6d89ad8","name":"Roberto","image":{"@type":"ImageObject","inLanguage":"pt-BR","@id":"https:\/\/secure.gravatar.com\/avatar\/42749d8b712ff9d59ca93dc150494e5b55a44134482993f5baeb97e61b7ecc89?s=96&d=mm&r=g","url":"https:\/\/secure.gravatar.com\/avatar\/42749d8b712ff9d59ca93dc150494e5b55a44134482993f5baeb97e61b7ecc89?s=96&d=mm&r=g","contentUrl":"https:\/\/secure.gravatar.com\/avatar\/42749d8b712ff9d59ca93dc150494e5b55a44134482993f5baeb97e61b7ecc89?s=96&d=mm&r=g","caption":"Roberto"},"url":"https:\/\/regiaonews.net.br\/2022\/author\/roberto\/"}]}},"publishpress_future_action":{"enabled":false,"date":"2026-05-03 10:53:37","action":"change-status","newStatus":"draft","terms":[],"taxonomy":"category","extraData":[]},"publishpress_future_workflow_manual_trigger":{"enabledWorkflows":[]},"_links":{"self":[{"href":"https:\/\/regiaonews.net.br\/2022\/wp-json\/wp\/v2\/posts\/109101","targetHints":{"allow":["GET"]}}],"collection":[{"href":"https:\/\/regiaonews.net.br\/2022\/wp-json\/wp\/v2\/posts"}],"about":[{"href":"https:\/\/regiaonews.net.br\/2022\/wp-json\/wp\/v2\/types\/post"}],"author":[{"embeddable":true,"href":"https:\/\/regiaonews.net.br\/2022\/wp-json\/wp\/v2\/users\/2"}],"replies":[{"embeddable":true,"href":"https:\/\/regiaonews.net.br\/2022\/wp-json\/wp\/v2\/comments?post=109101"}],"version-history":[{"count":1,"href":"https:\/\/regiaonews.net.br\/2022\/wp-json\/wp\/v2\/posts\/109101\/revisions"}],"predecessor-version":[{"id":109103,"href":"https:\/\/regiaonews.net.br\/2022\/wp-json\/wp\/v2\/posts\/109101\/revisions\/109103"}],"wp:featuredmedia":[{"embeddable":true,"href":"https:\/\/regiaonews.net.br\/2022\/wp-json\/wp\/v2\/media\/109102"}],"wp:attachment":[{"href":"https:\/\/regiaonews.net.br\/2022\/wp-json\/wp\/v2\/media?parent=109101"}],"wp:term":[{"taxonomy":"category","embeddable":true,"href":"https:\/\/regiaonews.net.br\/2022\/wp-json\/wp\/v2\/categories?post=109101"},{"taxonomy":"post_tag","embeddable":true,"href":"https:\/\/regiaonews.net.br\/2022\/wp-json\/wp\/v2\/tags?post=109101"}],"curies":[{"name":"wp","href":"https:\/\/api.w.org\/{rel}","templated":true}]}}