{"id":109087,"date":"2024-08-21T00:37:40","date_gmt":"2024-08-21T03:37:40","guid":{"rendered":"https:\/\/regiaonews.net.br\/2022\/?p=109087"},"modified":"2024-08-21T00:39:47","modified_gmt":"2024-08-21T03:39:47","slug":"peao-de-araraquara-leva-maior-nota-da-lnr-montando-touro-quebra-mola","status":"publish","type":"post","link":"https:\/\/regiaonews.net.br\/2022\/2024\/08\/21\/peao-de-araraquara-leva-maior-nota-da-lnr-montando-touro-quebra-mola\/","title":{"rendered":"Pe\u00e3o de Araraquara leva maior nota da LNR montando touro Quebra Mola"},"content":{"rendered":"<p>Competidores que pararam os oito segundos ir\u00e3o disputar as cinco vagas na final\u00a0 de s\u00e1bado<\/p>\n<p>A segunda turma de competidores que garantiu vaga para a final da Liga Nacional de Rodeios ap\u00f3s cerca de 90 etapas por todo o pa\u00eds \u00a0\u00a0prosseguiu com 43 montarias na noite desta ter\u00e7a-feira (20), na Arena do Parque do Pe\u00e3o de Barretos. O destaque da noite ficou para o pe\u00e3o de Araraquara\/SP, Deniver Pablo Ferreira da Silva, que estreando em Barretos ap\u00f3s garantir vaga na etapa de Col\u00f4mbia\/SP, parou no touro Quebra Mola da companhia Zeca da Ju\u00edna e recebeu a nota 89 pontos, a maior da noite. \u201cDeus aben\u00e7oou fui num boi muito dif\u00edcil e at\u00e9 achei que seria muito dif\u00edcil parar neste boi. Mas Deus \u00e9 maravilhoso e est\u00e1 me aben\u00e7oando muito. Cheguei um dia antes, montei calmo e fui bem\u201d, afirmou Deniver.<\/p>\n<p>Na segunda (19), 14 pe\u00f5es pararam os 8 segundos e nesta ter\u00e7a-feira (20), outros 23 conseguiram o tempo exigido para a classifica\u00e7\u00e3o. Agora os 37 classificados, retornam a Arena de Barretos, na noite desta quarta -feira (21), a partir das 19h, \u00a0para defini\u00e7\u00e3o dos \u00a0cinco classificados que ir\u00e3o disputar a final da LNR no s\u00e1bado (24), durante as disputas do Rodeio Internacional.<\/p>\n<p>Confira o resultado final<\/p>\n<p><a href=\"https:\/\/regiaonews.net.br\/2022\/wp-content\/uploads\/2024\/08\/Resultado-da-Final-da-LNR-3a-Feira-Touros.pdf\">Resultado da Final da LNR &#8211; 3\u00aa Feira &#8211; Touros<\/a><\/p>\n","protected":false},"excerpt":{"rendered":"<p>Competidores que pararam os oito segundos ir\u00e3o disputar as cinco<\/p>\n","protected":false},"author":2,"featured_media":109088,"comment_status":"open","ping_status":"open","sticky":false,"template":"","format":"standard","meta":{"footnotes":""},"categories":[14,21,45],"tags":[],"class_list":["post-109087","post","type-post","status-publish","format-standard","has-post-thumbnail","hentry","category-barretos","category-esporte","category-festa-do-peao"],"yoast_head":"<!-- This site is optimized with the Yoast SEO plugin v27.4 - https:\/\/yoast.com\/product\/yoast-seo-wordpress\/ -->\n<title>Pe\u00e3o de Araraquara leva maior nota da LNR montando touro Quebra Mola - Regi\u00e3o News<\/title>\n<meta name=\"robots\" content=\"index, follow, max-snippet:-1, max-image-preview:large, max-video-preview:-1\" \/>\n<link rel=\"canonical\" href=\"https:\/\/regiaonews.net.br\/2022\/2024\/08\/21\/peao-de-araraquara-leva-maior-nota-da-lnr-montando-touro-quebra-mola\/\" \/>\n<meta property=\"og:locale\" content=\"pt_BR\" \/>\n<meta property=\"og:type\" content=\"article\" \/>\n<meta property=\"og:title\" content=\"Pe\u00e3o de Araraquara leva maior nota da LNR montando touro Quebra Mola - Regi\u00e3o News\" \/>\n<meta property=\"og:description\" content=\"Competidores que pararam os oito segundos ir\u00e3o disputar as cinco\" \/>\n<meta property=\"og:url\" content=\"https:\/\/regiaonews.net.br\/2022\/2024\/08\/21\/peao-de-araraquara-leva-maior-nota-da-lnr-montando-touro-quebra-mola\/\" \/>\n<meta property=\"og:site_name\" content=\"Regi\u00e3o News\" \/>\n<meta property=\"article:published_time\" content=\"2024-08-21T03:37:40+00:00\" \/>\n<meta property=\"article:modified_time\" content=\"2024-08-21T03:39:47+00:00\" \/>\n<meta property=\"og:image\" content=\"https:\/\/regiaonews.net.br\/2022\/wp-content\/uploads\/2024\/08\/WhatsApp-Image-2024-08-20-at-23.32.33-scaled.jpeg\" \/>\n\t<meta property=\"og:image:width\" content=\"2560\" \/>\n\t<meta property=\"og:image:height\" content=\"1710\" \/>\n\t<meta property=\"og:image:type\" content=\"image\/jpeg\" \/>\n<meta name=\"author\" content=\"Roberto\" \/>\n<meta name=\"twitter:card\" content=\"summary_large_image\" \/>\n<meta name=\"twitter:label1\" content=\"Escrito por\" \/>\n\t<meta name=\"twitter:data1\" content=\"Roberto\" \/>\n\t<meta name=\"twitter:label2\" content=\"Est. tempo de leitura\" \/>\n\t<meta name=\"twitter:data2\" content=\"2 minutos\" \/>\n<script type=\"application\/ld+json\" class=\"yoast-schema-graph\">{\"@context\":\"https:\\\/\\\/schema.org\",\"@graph\":[{\"@type\":\"Article\",\"@id\":\"https:\\\/\\\/regiaonews.net.br\\\/2022\\\/2024\\\/08\\\/21\\\/peao-de-araraquara-leva-maior-nota-da-lnr-montando-touro-quebra-mola\\\/#article\",\"isPartOf\":{\"@id\":\"https:\\\/\\\/regiaonews.net.br\\\/2022\\\/2024\\\/08\\\/21\\\/peao-de-araraquara-leva-maior-nota-da-lnr-montando-touro-quebra-mola\\\/\"},\"author\":{\"name\":\"Roberto\",\"@id\":\"https:\\\/\\\/regiaonews.net.br\\\/2022\\\/#\\\/schema\\\/person\\\/2d205a608a5aa97ac279d7a5e6d89ad8\"},\"headline\":\"Pe\u00e3o de Araraquara leva maior nota da LNR montando touro Quebra Mola\",\"datePublished\":\"2024-08-21T03:37:40+00:00\",\"dateModified\":\"2024-08-21T03:39:47+00:00\",\"mainEntityOfPage\":{\"@id\":\"https:\\\/\\\/regiaonews.net.br\\\/2022\\\/2024\\\/08\\\/21\\\/peao-de-araraquara-leva-maior-nota-da-lnr-montando-touro-quebra-mola\\\/\"},\"wordCount\":237,\"commentCount\":0,\"publisher\":{\"@id\":\"https:\\\/\\\/regiaonews.net.br\\\/2022\\\/#organization\"},\"image\":{\"@id\":\"https:\\\/\\\/regiaonews.net.br\\\/2022\\\/2024\\\/08\\\/21\\\/peao-de-araraquara-leva-maior-nota-da-lnr-montando-touro-quebra-mola\\\/#primaryimage\"},\"thumbnailUrl\":\"https:\\\/\\\/regiaonews.net.br\\\/2022\\\/wp-content\\\/uploads\\\/2024\\\/08\\\/WhatsApp-Image-2024-08-20-at-23.32.33-scaled.jpeg\",\"articleSection\":[\"Barretos\",\"Esporte\",\"Festa do Pe\u00e3o\"],\"inLanguage\":\"pt-BR\",\"potentialAction\":[{\"@type\":\"CommentAction\",\"name\":\"Comment\",\"target\":[\"https:\\\/\\\/regiaonews.net.br\\\/2022\\\/2024\\\/08\\\/21\\\/peao-de-araraquara-leva-maior-nota-da-lnr-montando-touro-quebra-mola\\\/#respond\"]}]},{\"@type\":\"WebPage\",\"@id\":\"https:\\\/\\\/regiaonews.net.br\\\/2022\\\/2024\\\/08\\\/21\\\/peao-de-araraquara-leva-maior-nota-da-lnr-montando-touro-quebra-mola\\\/\",\"url\":\"https:\\\/\\\/regiaonews.net.br\\\/2022\\\/2024\\\/08\\\/21\\\/peao-de-araraquara-leva-maior-nota-da-lnr-montando-touro-quebra-mola\\\/\",\"name\":\"Pe\u00e3o de Araraquara leva maior nota da LNR montando touro Quebra Mola - Regi\u00e3o News\",\"isPartOf\":{\"@id\":\"https:\\\/\\\/regiaonews.net.br\\\/2022\\\/#website\"},\"primaryImageOfPage\":{\"@id\":\"https:\\\/\\\/regiaonews.net.br\\\/2022\\\/2024\\\/08\\\/21\\\/peao-de-araraquara-leva-maior-nota-da-lnr-montando-touro-quebra-mola\\\/#primaryimage\"},\"image\":{\"@id\":\"https:\\\/\\\/regiaonews.net.br\\\/2022\\\/2024\\\/08\\\/21\\\/peao-de-araraquara-leva-maior-nota-da-lnr-montando-touro-quebra-mola\\\/#primaryimage\"},\"thumbnailUrl\":\"https:\\\/\\\/regiaonews.net.br\\\/2022\\\/wp-content\\\/uploads\\\/2024\\\/08\\\/WhatsApp-Image-2024-08-20-at-23.32.33-scaled.jpeg\",\"datePublished\":\"2024-08-21T03:37:40+00:00\",\"dateModified\":\"2024-08-21T03:39:47+00:00\",\"breadcrumb\":{\"@id\":\"https:\\\/\\\/regiaonews.net.br\\\/2022\\\/2024\\\/08\\\/21\\\/peao-de-araraquara-leva-maior-nota-da-lnr-montando-touro-quebra-mola\\\/#breadcrumb\"},\"inLanguage\":\"pt-BR\",\"potentialAction\":[{\"@type\":\"ReadAction\",\"target\":[\"https:\\\/\\\/regiaonews.net.br\\\/2022\\\/2024\\\/08\\\/21\\\/peao-de-araraquara-leva-maior-nota-da-lnr-montando-touro-quebra-mola\\\/\"]}]},{\"@type\":\"ImageObject\",\"inLanguage\":\"pt-BR\",\"@id\":\"https:\\\/\\\/regiaonews.net.br\\\/2022\\\/2024\\\/08\\\/21\\\/peao-de-araraquara-leva-maior-nota-da-lnr-montando-touro-quebra-mola\\\/#primaryimage\",\"url\":\"https:\\\/\\\/regiaonews.net.br\\\/2022\\\/wp-content\\\/uploads\\\/2024\\\/08\\\/WhatsApp-Image-2024-08-20-at-23.32.33-scaled.jpeg\",\"contentUrl\":\"https:\\\/\\\/regiaonews.net.br\\\/2022\\\/wp-content\\\/uploads\\\/2024\\\/08\\\/WhatsApp-Image-2024-08-20-at-23.32.33-scaled.jpeg\",\"width\":2560,\"height\":1710},{\"@type\":\"BreadcrumbList\",\"@id\":\"https:\\\/\\\/regiaonews.net.br\\\/2022\\\/2024\\\/08\\\/21\\\/peao-de-araraquara-leva-maior-nota-da-lnr-montando-touro-quebra-mola\\\/#breadcrumb\",\"itemListElement\":[{\"@type\":\"ListItem\",\"position\":1,\"name\":\"In\u00edcio\",\"item\":\"https:\\\/\\\/regiaonews.net.br\\\/2022\\\/\"},{\"@type\":\"ListItem\",\"position\":2,\"name\":\"Pe\u00e3o de Araraquara leva maior nota da LNR montando touro Quebra Mola\"}]},{\"@type\":\"WebSite\",\"@id\":\"https:\\\/\\\/regiaonews.net.br\\\/2022\\\/#website\",\"url\":\"https:\\\/\\\/regiaonews.net.br\\\/2022\\\/\",\"name\":\"Regi\u00e3o News\",\"description\":\"Site de Not\u00edcias de Barretos e regi\u00e3o\",\"publisher\":{\"@id\":\"https:\\\/\\\/regiaonews.net.br\\\/2022\\\/#organization\"},\"potentialAction\":[{\"@type\":\"SearchAction\",\"target\":{\"@type\":\"EntryPoint\",\"urlTemplate\":\"https:\\\/\\\/regiaonews.net.br\\\/2022\\\/?s={search_term_string}\"},\"query-input\":{\"@type\":\"PropertyValueSpecification\",\"valueRequired\":true,\"valueName\":\"search_term_string\"}}],\"inLanguage\":\"pt-BR\"},{\"@type\":\"Organization\",\"@id\":\"https:\\\/\\\/regiaonews.net.br\\\/2022\\\/#organization\",\"name\":\"Regi\u00e3o News\",\"url\":\"https:\\\/\\\/regiaonews.net.br\\\/2022\\\/\",\"logo\":{\"@type\":\"ImageObject\",\"inLanguage\":\"pt-BR\",\"@id\":\"https:\\\/\\\/regiaonews.net.br\\\/2022\\\/#\\\/schema\\\/logo\\\/image\\\/\",\"url\":\"https:\\\/\\\/regiaonews.net.br\\\/2022\\\/wp-content\\\/uploads\\\/2026\\\/03\\\/regiao-13-anos-scaled.jpg\",\"contentUrl\":\"https:\\\/\\\/regiaonews.net.br\\\/2022\\\/wp-content\\\/uploads\\\/2026\\\/03\\\/regiao-13-anos-scaled.jpg\",\"width\":2560,\"height\":635,\"caption\":\"Regi\u00e3o News\"},\"image\":{\"@id\":\"https:\\\/\\\/regiaonews.net.br\\\/2022\\\/#\\\/schema\\\/logo\\\/image\\\/\"}},{\"@type\":\"Person\",\"@id\":\"https:\\\/\\\/regiaonews.net.br\\\/2022\\\/#\\\/schema\\\/person\\\/2d205a608a5aa97ac279d7a5e6d89ad8\",\"name\":\"Roberto\",\"image\":{\"@type\":\"ImageObject\",\"inLanguage\":\"pt-BR\",\"@id\":\"https:\\\/\\\/secure.gravatar.com\\\/avatar\\\/42749d8b712ff9d59ca93dc150494e5b55a44134482993f5baeb97e61b7ecc89?s=96&d=mm&r=g\",\"url\":\"https:\\\/\\\/secure.gravatar.com\\\/avatar\\\/42749d8b712ff9d59ca93dc150494e5b55a44134482993f5baeb97e61b7ecc89?s=96&d=mm&r=g\",\"contentUrl\":\"https:\\\/\\\/secure.gravatar.com\\\/avatar\\\/42749d8b712ff9d59ca93dc150494e5b55a44134482993f5baeb97e61b7ecc89?s=96&d=mm&r=g\",\"caption\":\"Roberto\"},\"url\":\"https:\\\/\\\/regiaonews.net.br\\\/2022\\\/author\\\/roberto\\\/\"}]}<\/script>\n<!-- \/ Yoast SEO plugin. -->","yoast_head_json":{"title":"Pe\u00e3o de Araraquara leva maior nota da LNR montando touro Quebra Mola - Regi\u00e3o News","robots":{"index":"index","follow":"follow","max-snippet":"max-snippet:-1","max-image-preview":"max-image-preview:large","max-video-preview":"max-video-preview:-1"},"canonical":"https:\/\/regiaonews.net.br\/2022\/2024\/08\/21\/peao-de-araraquara-leva-maior-nota-da-lnr-montando-touro-quebra-mola\/","og_locale":"pt_BR","og_type":"article","og_title":"Pe\u00e3o de Araraquara leva maior nota da LNR montando touro Quebra Mola - Regi\u00e3o News","og_description":"Competidores que pararam os oito segundos ir\u00e3o disputar as cinco","og_url":"https:\/\/regiaonews.net.br\/2022\/2024\/08\/21\/peao-de-araraquara-leva-maior-nota-da-lnr-montando-touro-quebra-mola\/","og_site_name":"Regi\u00e3o News","article_published_time":"2024-08-21T03:37:40+00:00","article_modified_time":"2024-08-21T03:39:47+00:00","og_image":[{"width":2560,"height":1710,"url":"https:\/\/regiaonews.net.br\/2022\/wp-content\/uploads\/2024\/08\/WhatsApp-Image-2024-08-20-at-23.32.33-scaled.jpeg","type":"image\/jpeg"}],"author":"Roberto","twitter_card":"summary_large_image","twitter_misc":{"Escrito por":"Roberto","Est. tempo de leitura":"2 minutos"},"schema":{"@context":"https:\/\/schema.org","@graph":[{"@type":"Article","@id":"https:\/\/regiaonews.net.br\/2022\/2024\/08\/21\/peao-de-araraquara-leva-maior-nota-da-lnr-montando-touro-quebra-mola\/#article","isPartOf":{"@id":"https:\/\/regiaonews.net.br\/2022\/2024\/08\/21\/peao-de-araraquara-leva-maior-nota-da-lnr-montando-touro-quebra-mola\/"},"author":{"name":"Roberto","@id":"https:\/\/regiaonews.net.br\/2022\/#\/schema\/person\/2d205a608a5aa97ac279d7a5e6d89ad8"},"headline":"Pe\u00e3o de Araraquara leva maior nota da LNR montando touro Quebra Mola","datePublished":"2024-08-21T03:37:40+00:00","dateModified":"2024-08-21T03:39:47+00:00","mainEntityOfPage":{"@id":"https:\/\/regiaonews.net.br\/2022\/2024\/08\/21\/peao-de-araraquara-leva-maior-nota-da-lnr-montando-touro-quebra-mola\/"},"wordCount":237,"commentCount":0,"publisher":{"@id":"https:\/\/regiaonews.net.br\/2022\/#organization"},"image":{"@id":"https:\/\/regiaonews.net.br\/2022\/2024\/08\/21\/peao-de-araraquara-leva-maior-nota-da-lnr-montando-touro-quebra-mola\/#primaryimage"},"thumbnailUrl":"https:\/\/regiaonews.net.br\/2022\/wp-content\/uploads\/2024\/08\/WhatsApp-Image-2024-08-20-at-23.32.33-scaled.jpeg","articleSection":["Barretos","Esporte","Festa do Pe\u00e3o"],"inLanguage":"pt-BR","potentialAction":[{"@type":"CommentAction","name":"Comment","target":["https:\/\/regiaonews.net.br\/2022\/2024\/08\/21\/peao-de-araraquara-leva-maior-nota-da-lnr-montando-touro-quebra-mola\/#respond"]}]},{"@type":"WebPage","@id":"https:\/\/regiaonews.net.br\/2022\/2024\/08\/21\/peao-de-araraquara-leva-maior-nota-da-lnr-montando-touro-quebra-mola\/","url":"https:\/\/regiaonews.net.br\/2022\/2024\/08\/21\/peao-de-araraquara-leva-maior-nota-da-lnr-montando-touro-quebra-mola\/","name":"Pe\u00e3o de Araraquara leva maior nota da LNR montando touro Quebra Mola - Regi\u00e3o News","isPartOf":{"@id":"https:\/\/regiaonews.net.br\/2022\/#website"},"primaryImageOfPage":{"@id":"https:\/\/regiaonews.net.br\/2022\/2024\/08\/21\/peao-de-araraquara-leva-maior-nota-da-lnr-montando-touro-quebra-mola\/#primaryimage"},"image":{"@id":"https:\/\/regiaonews.net.br\/2022\/2024\/08\/21\/peao-de-araraquara-leva-maior-nota-da-lnr-montando-touro-quebra-mola\/#primaryimage"},"thumbnailUrl":"https:\/\/regiaonews.net.br\/2022\/wp-content\/uploads\/2024\/08\/WhatsApp-Image-2024-08-20-at-23.32.33-scaled.jpeg","datePublished":"2024-08-21T03:37:40+00:00","dateModified":"2024-08-21T03:39:47+00:00","breadcrumb":{"@id":"https:\/\/regiaonews.net.br\/2022\/2024\/08\/21\/peao-de-araraquara-leva-maior-nota-da-lnr-montando-touro-quebra-mola\/#breadcrumb"},"inLanguage":"pt-BR","potentialAction":[{"@type":"ReadAction","target":["https:\/\/regiaonews.net.br\/2022\/2024\/08\/21\/peao-de-araraquara-leva-maior-nota-da-lnr-montando-touro-quebra-mola\/"]}]},{"@type":"ImageObject","inLanguage":"pt-BR","@id":"https:\/\/regiaonews.net.br\/2022\/2024\/08\/21\/peao-de-araraquara-leva-maior-nota-da-lnr-montando-touro-quebra-mola\/#primaryimage","url":"https:\/\/regiaonews.net.br\/2022\/wp-content\/uploads\/2024\/08\/WhatsApp-Image-2024-08-20-at-23.32.33-scaled.jpeg","contentUrl":"https:\/\/regiaonews.net.br\/2022\/wp-content\/uploads\/2024\/08\/WhatsApp-Image-2024-08-20-at-23.32.33-scaled.jpeg","width":2560,"height":1710},{"@type":"BreadcrumbList","@id":"https:\/\/regiaonews.net.br\/2022\/2024\/08\/21\/peao-de-araraquara-leva-maior-nota-da-lnr-montando-touro-quebra-mola\/#breadcrumb","itemListElement":[{"@type":"ListItem","position":1,"name":"In\u00edcio","item":"https:\/\/regiaonews.net.br\/2022\/"},{"@type":"ListItem","position":2,"name":"Pe\u00e3o de Araraquara leva maior nota da LNR montando touro Quebra Mola"}]},{"@type":"WebSite","@id":"https:\/\/regiaonews.net.br\/2022\/#website","url":"https:\/\/regiaonews.net.br\/2022\/","name":"Regi\u00e3o News","description":"Site de Not\u00edcias de Barretos e regi\u00e3o","publisher":{"@id":"https:\/\/regiaonews.net.br\/2022\/#organization"},"potentialAction":[{"@type":"SearchAction","target":{"@type":"EntryPoint","urlTemplate":"https:\/\/regiaonews.net.br\/2022\/?s={search_term_string}"},"query-input":{"@type":"PropertyValueSpecification","valueRequired":true,"valueName":"search_term_string"}}],"inLanguage":"pt-BR"},{"@type":"Organization","@id":"https:\/\/regiaonews.net.br\/2022\/#organization","name":"Regi\u00e3o News","url":"https:\/\/regiaonews.net.br\/2022\/","logo":{"@type":"ImageObject","inLanguage":"pt-BR","@id":"https:\/\/regiaonews.net.br\/2022\/#\/schema\/logo\/image\/","url":"https:\/\/regiaonews.net.br\/2022\/wp-content\/uploads\/2026\/03\/regiao-13-anos-scaled.jpg","contentUrl":"https:\/\/regiaonews.net.br\/2022\/wp-content\/uploads\/2026\/03\/regiao-13-anos-scaled.jpg","width":2560,"height":635,"caption":"Regi\u00e3o News"},"image":{"@id":"https:\/\/regiaonews.net.br\/2022\/#\/schema\/logo\/image\/"}},{"@type":"Person","@id":"https:\/\/regiaonews.net.br\/2022\/#\/schema\/person\/2d205a608a5aa97ac279d7a5e6d89ad8","name":"Roberto","image":{"@type":"ImageObject","inLanguage":"pt-BR","@id":"https:\/\/secure.gravatar.com\/avatar\/42749d8b712ff9d59ca93dc150494e5b55a44134482993f5baeb97e61b7ecc89?s=96&d=mm&r=g","url":"https:\/\/secure.gravatar.com\/avatar\/42749d8b712ff9d59ca93dc150494e5b55a44134482993f5baeb97e61b7ecc89?s=96&d=mm&r=g","contentUrl":"https:\/\/secure.gravatar.com\/avatar\/42749d8b712ff9d59ca93dc150494e5b55a44134482993f5baeb97e61b7ecc89?s=96&d=mm&r=g","caption":"Roberto"},"url":"https:\/\/regiaonews.net.br\/2022\/author\/roberto\/"}]}},"publishpress_future_action":{"enabled":false,"date":"2026-05-03 08:15:05","action":"change-status","newStatus":"draft","terms":[],"taxonomy":"category","extraData":[]},"publishpress_future_workflow_manual_trigger":{"enabledWorkflows":[]},"_links":{"self":[{"href":"https:\/\/regiaonews.net.br\/2022\/wp-json\/wp\/v2\/posts\/109087","targetHints":{"allow":["GET"]}}],"collection":[{"href":"https:\/\/regiaonews.net.br\/2022\/wp-json\/wp\/v2\/posts"}],"about":[{"href":"https:\/\/regiaonews.net.br\/2022\/wp-json\/wp\/v2\/types\/post"}],"author":[{"embeddable":true,"href":"https:\/\/regiaonews.net.br\/2022\/wp-json\/wp\/v2\/users\/2"}],"replies":[{"embeddable":true,"href":"https:\/\/regiaonews.net.br\/2022\/wp-json\/wp\/v2\/comments?post=109087"}],"version-history":[{"count":3,"href":"https:\/\/regiaonews.net.br\/2022\/wp-json\/wp\/v2\/posts\/109087\/revisions"}],"predecessor-version":[{"id":109092,"href":"https:\/\/regiaonews.net.br\/2022\/wp-json\/wp\/v2\/posts\/109087\/revisions\/109092"}],"wp:featuredmedia":[{"embeddable":true,"href":"https:\/\/regiaonews.net.br\/2022\/wp-json\/wp\/v2\/media\/109088"}],"wp:attachment":[{"href":"https:\/\/regiaonews.net.br\/2022\/wp-json\/wp\/v2\/media?parent=109087"}],"wp:term":[{"taxonomy":"category","embeddable":true,"href":"https:\/\/regiaonews.net.br\/2022\/wp-json\/wp\/v2\/categories?post=109087"},{"taxonomy":"post_tag","embeddable":true,"href":"https:\/\/regiaonews.net.br\/2022\/wp-json\/wp\/v2\/tags?post=109087"}],"curies":[{"name":"wp","href":"https:\/\/api.w.org\/{rel}","templated":true}]}}