{"id":109084,"date":"2024-08-21T00:18:02","date_gmt":"2024-08-21T03:18:02","guid":{"rendered":"https:\/\/regiaonews.net.br\/2022\/?p=109084"},"modified":"2024-08-21T00:18:02","modified_gmt":"2024-08-21T03:18:02","slug":"barretos-esta-preparada-para-receber-etapa-mundial-da-pbr-destaca-presidente-hussein","status":"publish","type":"post","link":"https:\/\/regiaonews.net.br\/2022\/2024\/08\/21\/barretos-esta-preparada-para-receber-etapa-mundial-da-pbr-destaca-presidente-hussein\/","title":{"rendered":"Barretos est\u00e1 preparada para receber etapa mundial da PBR, destaca presidente Hussein"},"content":{"rendered":"<p>Festa de Barretos gosta de fazer coisas diferentes em todos os setores<\/p>\n<p>Em coletiva de imprensa realizada no final da PBR Brazil na noite de domingo (18), ap\u00f3s a conquista da etapa nacional por Rog\u00e9rio Ven\u00e2ncio, 23 anos de Paranaita\/MT e da etapa Barretos por Vitor Manoel Dias, 24 anos, de Sales\/SP, o presidente de Os Independentes, Hussein Gemha J\u00fanior, destacou o sucesso da final nacional realizada pela s\u00e9tima vez em Barretos. \u201cA Festa de Barretos gosta de fazer coisas diferentes, em todos os setores, tanto no rodeio, na parte art\u00edstica, na parte de receber o turista. O Parque est\u00e1 bonito com mais de 12 milh\u00f5es de investimentos e at\u00e9 hoje n\u00e3o tem a final mundial da PBR em Barretos porque n\u00e3o tem calend\u00e1rio. Se o calend\u00e1rio de Barretos batesse com o da PBR Mundial, tenho certeza que uma das finais ou v\u00e1rias finais seriam feitas em Barretos\u201d, disse o presidente de Os Independentes, Hussein Gemha J\u00fanior.<br \/>\nO dirigente de Os Independentes, confirmou que foram realizadas reuni\u00f5es nos Estados Unidos para trazer o evento para Barretos. \u201cMas eu me sinto muito honrado quando vejo os campe\u00f5es de Barretos da PBR Nacional se destacam nos Estados Unidos. Eu tenho certeza, que o Rog\u00e9rio Ven\u00e2ncio ser\u00e1 mais um deles, com 23 anos, a desenvoltura, a educa\u00e7\u00e3o e o que o menino tem na cabe\u00e7a, tenho certeza que est\u00e1 pintando mais um campe\u00e3o mundial, e vai ser rapidinho\u201d, afirmou Hussein.<br \/>\nPara o presidente de Os Independentes, o rodeio de Barretos \u00e9 hoje o primeiro do mundo. \u201cN\u00e3o \u00e9 porque n\u00e3o tem a PBR Mundial em Barretos n\u00e3o diminui nada, a entrega da PBR Nacional \u00e9 a mesma da Mundial, e n\u00e3o perdemos nada\u201d, ressaltou.<\/p>\n","protected":false},"excerpt":{"rendered":"<p>Festa de Barretos gosta de fazer coisas diferentes em todos<\/p>\n","protected":false},"author":2,"featured_media":109085,"comment_status":"open","ping_status":"open","sticky":false,"template":"","format":"standard","meta":{"footnotes":""},"categories":[14,21,45],"tags":[],"class_list":["post-109084","post","type-post","status-publish","format-standard","has-post-thumbnail","hentry","category-barretos","category-esporte","category-festa-do-peao"],"yoast_head":"<!-- This site is optimized with the Yoast SEO plugin v27.4 - https:\/\/yoast.com\/product\/yoast-seo-wordpress\/ -->\n<title>Barretos est\u00e1 preparada para receber etapa mundial da PBR, destaca presidente Hussein - Regi\u00e3o News<\/title>\n<meta name=\"robots\" content=\"index, follow, max-snippet:-1, max-image-preview:large, max-video-preview:-1\" \/>\n<link rel=\"canonical\" href=\"https:\/\/regiaonews.net.br\/2022\/2024\/08\/21\/barretos-esta-preparada-para-receber-etapa-mundial-da-pbr-destaca-presidente-hussein\/\" \/>\n<meta property=\"og:locale\" content=\"pt_BR\" \/>\n<meta property=\"og:type\" content=\"article\" \/>\n<meta property=\"og:title\" content=\"Barretos est\u00e1 preparada para receber etapa mundial da PBR, destaca presidente Hussein - Regi\u00e3o News\" \/>\n<meta property=\"og:description\" content=\"Festa de Barretos gosta de fazer coisas diferentes em todos\" \/>\n<meta property=\"og:url\" content=\"https:\/\/regiaonews.net.br\/2022\/2024\/08\/21\/barretos-esta-preparada-para-receber-etapa-mundial-da-pbr-destaca-presidente-hussein\/\" \/>\n<meta property=\"og:site_name\" content=\"Regi\u00e3o News\" \/>\n<meta property=\"article:published_time\" content=\"2024-08-21T03:18:02+00:00\" \/>\n<meta property=\"og:image\" content=\"https:\/\/regiaonews.net.br\/2022\/wp-content\/uploads\/2024\/08\/hussein.jpg\" \/>\n\t<meta property=\"og:image:width\" content=\"839\" \/>\n\t<meta property=\"og:image:height\" content=\"471\" \/>\n\t<meta property=\"og:image:type\" content=\"image\/jpeg\" \/>\n<meta name=\"author\" content=\"Roberto\" \/>\n<meta name=\"twitter:card\" content=\"summary_large_image\" \/>\n<meta name=\"twitter:label1\" content=\"Escrito por\" \/>\n\t<meta name=\"twitter:data1\" content=\"Roberto\" \/>\n\t<meta name=\"twitter:label2\" content=\"Est. tempo de leitura\" \/>\n\t<meta name=\"twitter:data2\" content=\"2 minutos\" \/>\n<script type=\"application\/ld+json\" class=\"yoast-schema-graph\">{\"@context\":\"https:\\\/\\\/schema.org\",\"@graph\":[{\"@type\":\"Article\",\"@id\":\"https:\\\/\\\/regiaonews.net.br\\\/2022\\\/2024\\\/08\\\/21\\\/barretos-esta-preparada-para-receber-etapa-mundial-da-pbr-destaca-presidente-hussein\\\/#article\",\"isPartOf\":{\"@id\":\"https:\\\/\\\/regiaonews.net.br\\\/2022\\\/2024\\\/08\\\/21\\\/barretos-esta-preparada-para-receber-etapa-mundial-da-pbr-destaca-presidente-hussein\\\/\"},\"author\":{\"name\":\"Roberto\",\"@id\":\"https:\\\/\\\/regiaonews.net.br\\\/2022\\\/#\\\/schema\\\/person\\\/2d205a608a5aa97ac279d7a5e6d89ad8\"},\"headline\":\"Barretos est\u00e1 preparada para receber etapa mundial da PBR, destaca presidente Hussein\",\"datePublished\":\"2024-08-21T03:18:02+00:00\",\"mainEntityOfPage\":{\"@id\":\"https:\\\/\\\/regiaonews.net.br\\\/2022\\\/2024\\\/08\\\/21\\\/barretos-esta-preparada-para-receber-etapa-mundial-da-pbr-destaca-presidente-hussein\\\/\"},\"wordCount\":311,\"commentCount\":0,\"publisher\":{\"@id\":\"https:\\\/\\\/regiaonews.net.br\\\/2022\\\/#organization\"},\"image\":{\"@id\":\"https:\\\/\\\/regiaonews.net.br\\\/2022\\\/2024\\\/08\\\/21\\\/barretos-esta-preparada-para-receber-etapa-mundial-da-pbr-destaca-presidente-hussein\\\/#primaryimage\"},\"thumbnailUrl\":\"https:\\\/\\\/regiaonews.net.br\\\/2022\\\/wp-content\\\/uploads\\\/2024\\\/08\\\/hussein.jpg\",\"articleSection\":[\"Barretos\",\"Esporte\",\"Festa do Pe\u00e3o\"],\"inLanguage\":\"pt-BR\",\"potentialAction\":[{\"@type\":\"CommentAction\",\"name\":\"Comment\",\"target\":[\"https:\\\/\\\/regiaonews.net.br\\\/2022\\\/2024\\\/08\\\/21\\\/barretos-esta-preparada-para-receber-etapa-mundial-da-pbr-destaca-presidente-hussein\\\/#respond\"]}]},{\"@type\":\"WebPage\",\"@id\":\"https:\\\/\\\/regiaonews.net.br\\\/2022\\\/2024\\\/08\\\/21\\\/barretos-esta-preparada-para-receber-etapa-mundial-da-pbr-destaca-presidente-hussein\\\/\",\"url\":\"https:\\\/\\\/regiaonews.net.br\\\/2022\\\/2024\\\/08\\\/21\\\/barretos-esta-preparada-para-receber-etapa-mundial-da-pbr-destaca-presidente-hussein\\\/\",\"name\":\"Barretos est\u00e1 preparada para receber etapa mundial da PBR, destaca presidente Hussein - Regi\u00e3o News\",\"isPartOf\":{\"@id\":\"https:\\\/\\\/regiaonews.net.br\\\/2022\\\/#website\"},\"primaryImageOfPage\":{\"@id\":\"https:\\\/\\\/regiaonews.net.br\\\/2022\\\/2024\\\/08\\\/21\\\/barretos-esta-preparada-para-receber-etapa-mundial-da-pbr-destaca-presidente-hussein\\\/#primaryimage\"},\"image\":{\"@id\":\"https:\\\/\\\/regiaonews.net.br\\\/2022\\\/2024\\\/08\\\/21\\\/barretos-esta-preparada-para-receber-etapa-mundial-da-pbr-destaca-presidente-hussein\\\/#primaryimage\"},\"thumbnailUrl\":\"https:\\\/\\\/regiaonews.net.br\\\/2022\\\/wp-content\\\/uploads\\\/2024\\\/08\\\/hussein.jpg\",\"datePublished\":\"2024-08-21T03:18:02+00:00\",\"breadcrumb\":{\"@id\":\"https:\\\/\\\/regiaonews.net.br\\\/2022\\\/2024\\\/08\\\/21\\\/barretos-esta-preparada-para-receber-etapa-mundial-da-pbr-destaca-presidente-hussein\\\/#breadcrumb\"},\"inLanguage\":\"pt-BR\",\"potentialAction\":[{\"@type\":\"ReadAction\",\"target\":[\"https:\\\/\\\/regiaonews.net.br\\\/2022\\\/2024\\\/08\\\/21\\\/barretos-esta-preparada-para-receber-etapa-mundial-da-pbr-destaca-presidente-hussein\\\/\"]}]},{\"@type\":\"ImageObject\",\"inLanguage\":\"pt-BR\",\"@id\":\"https:\\\/\\\/regiaonews.net.br\\\/2022\\\/2024\\\/08\\\/21\\\/barretos-esta-preparada-para-receber-etapa-mundial-da-pbr-destaca-presidente-hussein\\\/#primaryimage\",\"url\":\"https:\\\/\\\/regiaonews.net.br\\\/2022\\\/wp-content\\\/uploads\\\/2024\\\/08\\\/hussein.jpg\",\"contentUrl\":\"https:\\\/\\\/regiaonews.net.br\\\/2022\\\/wp-content\\\/uploads\\\/2024\\\/08\\\/hussein.jpg\",\"width\":839,\"height\":471},{\"@type\":\"BreadcrumbList\",\"@id\":\"https:\\\/\\\/regiaonews.net.br\\\/2022\\\/2024\\\/08\\\/21\\\/barretos-esta-preparada-para-receber-etapa-mundial-da-pbr-destaca-presidente-hussein\\\/#breadcrumb\",\"itemListElement\":[{\"@type\":\"ListItem\",\"position\":1,\"name\":\"In\u00edcio\",\"item\":\"https:\\\/\\\/regiaonews.net.br\\\/2022\\\/\"},{\"@type\":\"ListItem\",\"position\":2,\"name\":\"Barretos est\u00e1 preparada para receber etapa mundial da PBR, destaca presidente Hussein\"}]},{\"@type\":\"WebSite\",\"@id\":\"https:\\\/\\\/regiaonews.net.br\\\/2022\\\/#website\",\"url\":\"https:\\\/\\\/regiaonews.net.br\\\/2022\\\/\",\"name\":\"Regi\u00e3o News\",\"description\":\"Site de Not\u00edcias de Barretos e regi\u00e3o\",\"publisher\":{\"@id\":\"https:\\\/\\\/regiaonews.net.br\\\/2022\\\/#organization\"},\"potentialAction\":[{\"@type\":\"SearchAction\",\"target\":{\"@type\":\"EntryPoint\",\"urlTemplate\":\"https:\\\/\\\/regiaonews.net.br\\\/2022\\\/?s={search_term_string}\"},\"query-input\":{\"@type\":\"PropertyValueSpecification\",\"valueRequired\":true,\"valueName\":\"search_term_string\"}}],\"inLanguage\":\"pt-BR\"},{\"@type\":\"Organization\",\"@id\":\"https:\\\/\\\/regiaonews.net.br\\\/2022\\\/#organization\",\"name\":\"Regi\u00e3o News\",\"url\":\"https:\\\/\\\/regiaonews.net.br\\\/2022\\\/\",\"logo\":{\"@type\":\"ImageObject\",\"inLanguage\":\"pt-BR\",\"@id\":\"https:\\\/\\\/regiaonews.net.br\\\/2022\\\/#\\\/schema\\\/logo\\\/image\\\/\",\"url\":\"https:\\\/\\\/regiaonews.net.br\\\/2022\\\/wp-content\\\/uploads\\\/2026\\\/03\\\/regiao-13-anos-scaled.jpg\",\"contentUrl\":\"https:\\\/\\\/regiaonews.net.br\\\/2022\\\/wp-content\\\/uploads\\\/2026\\\/03\\\/regiao-13-anos-scaled.jpg\",\"width\":2560,\"height\":635,\"caption\":\"Regi\u00e3o News\"},\"image\":{\"@id\":\"https:\\\/\\\/regiaonews.net.br\\\/2022\\\/#\\\/schema\\\/logo\\\/image\\\/\"}},{\"@type\":\"Person\",\"@id\":\"https:\\\/\\\/regiaonews.net.br\\\/2022\\\/#\\\/schema\\\/person\\\/2d205a608a5aa97ac279d7a5e6d89ad8\",\"name\":\"Roberto\",\"image\":{\"@type\":\"ImageObject\",\"inLanguage\":\"pt-BR\",\"@id\":\"https:\\\/\\\/secure.gravatar.com\\\/avatar\\\/42749d8b712ff9d59ca93dc150494e5b55a44134482993f5baeb97e61b7ecc89?s=96&d=mm&r=g\",\"url\":\"https:\\\/\\\/secure.gravatar.com\\\/avatar\\\/42749d8b712ff9d59ca93dc150494e5b55a44134482993f5baeb97e61b7ecc89?s=96&d=mm&r=g\",\"contentUrl\":\"https:\\\/\\\/secure.gravatar.com\\\/avatar\\\/42749d8b712ff9d59ca93dc150494e5b55a44134482993f5baeb97e61b7ecc89?s=96&d=mm&r=g\",\"caption\":\"Roberto\"},\"url\":\"https:\\\/\\\/regiaonews.net.br\\\/2022\\\/author\\\/roberto\\\/\"}]}<\/script>\n<!-- \/ Yoast SEO plugin. -->","yoast_head_json":{"title":"Barretos est\u00e1 preparada para receber etapa mundial da PBR, destaca presidente Hussein - Regi\u00e3o News","robots":{"index":"index","follow":"follow","max-snippet":"max-snippet:-1","max-image-preview":"max-image-preview:large","max-video-preview":"max-video-preview:-1"},"canonical":"https:\/\/regiaonews.net.br\/2022\/2024\/08\/21\/barretos-esta-preparada-para-receber-etapa-mundial-da-pbr-destaca-presidente-hussein\/","og_locale":"pt_BR","og_type":"article","og_title":"Barretos est\u00e1 preparada para receber etapa mundial da PBR, destaca presidente Hussein - Regi\u00e3o News","og_description":"Festa de Barretos gosta de fazer coisas diferentes em todos","og_url":"https:\/\/regiaonews.net.br\/2022\/2024\/08\/21\/barretos-esta-preparada-para-receber-etapa-mundial-da-pbr-destaca-presidente-hussein\/","og_site_name":"Regi\u00e3o News","article_published_time":"2024-08-21T03:18:02+00:00","og_image":[{"width":839,"height":471,"url":"https:\/\/regiaonews.net.br\/2022\/wp-content\/uploads\/2024\/08\/hussein.jpg","type":"image\/jpeg"}],"author":"Roberto","twitter_card":"summary_large_image","twitter_misc":{"Escrito por":"Roberto","Est. tempo de leitura":"2 minutos"},"schema":{"@context":"https:\/\/schema.org","@graph":[{"@type":"Article","@id":"https:\/\/regiaonews.net.br\/2022\/2024\/08\/21\/barretos-esta-preparada-para-receber-etapa-mundial-da-pbr-destaca-presidente-hussein\/#article","isPartOf":{"@id":"https:\/\/regiaonews.net.br\/2022\/2024\/08\/21\/barretos-esta-preparada-para-receber-etapa-mundial-da-pbr-destaca-presidente-hussein\/"},"author":{"name":"Roberto","@id":"https:\/\/regiaonews.net.br\/2022\/#\/schema\/person\/2d205a608a5aa97ac279d7a5e6d89ad8"},"headline":"Barretos est\u00e1 preparada para receber etapa mundial da PBR, destaca presidente Hussein","datePublished":"2024-08-21T03:18:02+00:00","mainEntityOfPage":{"@id":"https:\/\/regiaonews.net.br\/2022\/2024\/08\/21\/barretos-esta-preparada-para-receber-etapa-mundial-da-pbr-destaca-presidente-hussein\/"},"wordCount":311,"commentCount":0,"publisher":{"@id":"https:\/\/regiaonews.net.br\/2022\/#organization"},"image":{"@id":"https:\/\/regiaonews.net.br\/2022\/2024\/08\/21\/barretos-esta-preparada-para-receber-etapa-mundial-da-pbr-destaca-presidente-hussein\/#primaryimage"},"thumbnailUrl":"https:\/\/regiaonews.net.br\/2022\/wp-content\/uploads\/2024\/08\/hussein.jpg","articleSection":["Barretos","Esporte","Festa do Pe\u00e3o"],"inLanguage":"pt-BR","potentialAction":[{"@type":"CommentAction","name":"Comment","target":["https:\/\/regiaonews.net.br\/2022\/2024\/08\/21\/barretos-esta-preparada-para-receber-etapa-mundial-da-pbr-destaca-presidente-hussein\/#respond"]}]},{"@type":"WebPage","@id":"https:\/\/regiaonews.net.br\/2022\/2024\/08\/21\/barretos-esta-preparada-para-receber-etapa-mundial-da-pbr-destaca-presidente-hussein\/","url":"https:\/\/regiaonews.net.br\/2022\/2024\/08\/21\/barretos-esta-preparada-para-receber-etapa-mundial-da-pbr-destaca-presidente-hussein\/","name":"Barretos est\u00e1 preparada para receber etapa mundial da PBR, destaca presidente Hussein - Regi\u00e3o News","isPartOf":{"@id":"https:\/\/regiaonews.net.br\/2022\/#website"},"primaryImageOfPage":{"@id":"https:\/\/regiaonews.net.br\/2022\/2024\/08\/21\/barretos-esta-preparada-para-receber-etapa-mundial-da-pbr-destaca-presidente-hussein\/#primaryimage"},"image":{"@id":"https:\/\/regiaonews.net.br\/2022\/2024\/08\/21\/barretos-esta-preparada-para-receber-etapa-mundial-da-pbr-destaca-presidente-hussein\/#primaryimage"},"thumbnailUrl":"https:\/\/regiaonews.net.br\/2022\/wp-content\/uploads\/2024\/08\/hussein.jpg","datePublished":"2024-08-21T03:18:02+00:00","breadcrumb":{"@id":"https:\/\/regiaonews.net.br\/2022\/2024\/08\/21\/barretos-esta-preparada-para-receber-etapa-mundial-da-pbr-destaca-presidente-hussein\/#breadcrumb"},"inLanguage":"pt-BR","potentialAction":[{"@type":"ReadAction","target":["https:\/\/regiaonews.net.br\/2022\/2024\/08\/21\/barretos-esta-preparada-para-receber-etapa-mundial-da-pbr-destaca-presidente-hussein\/"]}]},{"@type":"ImageObject","inLanguage":"pt-BR","@id":"https:\/\/regiaonews.net.br\/2022\/2024\/08\/21\/barretos-esta-preparada-para-receber-etapa-mundial-da-pbr-destaca-presidente-hussein\/#primaryimage","url":"https:\/\/regiaonews.net.br\/2022\/wp-content\/uploads\/2024\/08\/hussein.jpg","contentUrl":"https:\/\/regiaonews.net.br\/2022\/wp-content\/uploads\/2024\/08\/hussein.jpg","width":839,"height":471},{"@type":"BreadcrumbList","@id":"https:\/\/regiaonews.net.br\/2022\/2024\/08\/21\/barretos-esta-preparada-para-receber-etapa-mundial-da-pbr-destaca-presidente-hussein\/#breadcrumb","itemListElement":[{"@type":"ListItem","position":1,"name":"In\u00edcio","item":"https:\/\/regiaonews.net.br\/2022\/"},{"@type":"ListItem","position":2,"name":"Barretos est\u00e1 preparada para receber etapa mundial da PBR, destaca presidente Hussein"}]},{"@type":"WebSite","@id":"https:\/\/regiaonews.net.br\/2022\/#website","url":"https:\/\/regiaonews.net.br\/2022\/","name":"Regi\u00e3o News","description":"Site de Not\u00edcias de Barretos e regi\u00e3o","publisher":{"@id":"https:\/\/regiaonews.net.br\/2022\/#organization"},"potentialAction":[{"@type":"SearchAction","target":{"@type":"EntryPoint","urlTemplate":"https:\/\/regiaonews.net.br\/2022\/?s={search_term_string}"},"query-input":{"@type":"PropertyValueSpecification","valueRequired":true,"valueName":"search_term_string"}}],"inLanguage":"pt-BR"},{"@type":"Organization","@id":"https:\/\/regiaonews.net.br\/2022\/#organization","name":"Regi\u00e3o News","url":"https:\/\/regiaonews.net.br\/2022\/","logo":{"@type":"ImageObject","inLanguage":"pt-BR","@id":"https:\/\/regiaonews.net.br\/2022\/#\/schema\/logo\/image\/","url":"https:\/\/regiaonews.net.br\/2022\/wp-content\/uploads\/2026\/03\/regiao-13-anos-scaled.jpg","contentUrl":"https:\/\/regiaonews.net.br\/2022\/wp-content\/uploads\/2026\/03\/regiao-13-anos-scaled.jpg","width":2560,"height":635,"caption":"Regi\u00e3o News"},"image":{"@id":"https:\/\/regiaonews.net.br\/2022\/#\/schema\/logo\/image\/"}},{"@type":"Person","@id":"https:\/\/regiaonews.net.br\/2022\/#\/schema\/person\/2d205a608a5aa97ac279d7a5e6d89ad8","name":"Roberto","image":{"@type":"ImageObject","inLanguage":"pt-BR","@id":"https:\/\/secure.gravatar.com\/avatar\/42749d8b712ff9d59ca93dc150494e5b55a44134482993f5baeb97e61b7ecc89?s=96&d=mm&r=g","url":"https:\/\/secure.gravatar.com\/avatar\/42749d8b712ff9d59ca93dc150494e5b55a44134482993f5baeb97e61b7ecc89?s=96&d=mm&r=g","contentUrl":"https:\/\/secure.gravatar.com\/avatar\/42749d8b712ff9d59ca93dc150494e5b55a44134482993f5baeb97e61b7ecc89?s=96&d=mm&r=g","caption":"Roberto"},"url":"https:\/\/regiaonews.net.br\/2022\/author\/roberto\/"}]}},"publishpress_future_action":{"enabled":false,"date":"2026-05-03 07:54:05","action":"change-status","newStatus":"draft","terms":[],"taxonomy":"category","extraData":[]},"publishpress_future_workflow_manual_trigger":{"enabledWorkflows":[]},"_links":{"self":[{"href":"https:\/\/regiaonews.net.br\/2022\/wp-json\/wp\/v2\/posts\/109084","targetHints":{"allow":["GET"]}}],"collection":[{"href":"https:\/\/regiaonews.net.br\/2022\/wp-json\/wp\/v2\/posts"}],"about":[{"href":"https:\/\/regiaonews.net.br\/2022\/wp-json\/wp\/v2\/types\/post"}],"author":[{"embeddable":true,"href":"https:\/\/regiaonews.net.br\/2022\/wp-json\/wp\/v2\/users\/2"}],"replies":[{"embeddable":true,"href":"https:\/\/regiaonews.net.br\/2022\/wp-json\/wp\/v2\/comments?post=109084"}],"version-history":[{"count":1,"href":"https:\/\/regiaonews.net.br\/2022\/wp-json\/wp\/v2\/posts\/109084\/revisions"}],"predecessor-version":[{"id":109086,"href":"https:\/\/regiaonews.net.br\/2022\/wp-json\/wp\/v2\/posts\/109084\/revisions\/109086"}],"wp:featuredmedia":[{"embeddable":true,"href":"https:\/\/regiaonews.net.br\/2022\/wp-json\/wp\/v2\/media\/109085"}],"wp:attachment":[{"href":"https:\/\/regiaonews.net.br\/2022\/wp-json\/wp\/v2\/media?parent=109084"}],"wp:term":[{"taxonomy":"category","embeddable":true,"href":"https:\/\/regiaonews.net.br\/2022\/wp-json\/wp\/v2\/categories?post=109084"},{"taxonomy":"post_tag","embeddable":true,"href":"https:\/\/regiaonews.net.br\/2022\/wp-json\/wp\/v2\/tags?post=109084"}],"curies":[{"name":"wp","href":"https:\/\/api.w.org\/{rel}","templated":true}]}}