{"id":109074,"date":"2024-08-20T22:57:10","date_gmt":"2024-08-21T01:57:10","guid":{"rendered":"https:\/\/regiaonews.net.br\/2022\/?p=109074"},"modified":"2024-08-20T22:57:20","modified_gmt":"2024-08-21T01:57:20","slug":"campanha-da-oab-propoe-denuncias-em-caso-de-violencia-contra-a-mulher-no-parque","status":"publish","type":"post","link":"https:\/\/regiaonews.net.br\/2022\/2024\/08\/20\/campanha-da-oab-propoe-denuncias-em-caso-de-violencia-contra-a-mulher-no-parque\/","title":{"rendered":"Campanha da OAB  prop\u00f5e den\u00fancias em caso de viol\u00eancia contra a mulher no Parque"},"content":{"rendered":"<p>Outdoors espalhados pela Festa, v\u00eddeo na arena e cartazes na Pra\u00e7a de Alimenta\u00e7\u00e3o fazem parte da campanha \u201cBarretos Diz N\u00e3o \u00e0 Viol\u00eancia Contra a Mulher\u201d<\/p>\n<p>Pelo terceiro ano consecutivo a 7\u00aa Subse\u00e7\u00e3o da Ordem dos Advogados do Brasil &#8211; OAB Barretos est\u00e1 realizando uma campanha de conscientiza\u00e7\u00e3o junto ao p\u00fablico do maior evento de rodeio da Am\u00e9rica Latina, a Festa do Pe\u00e3o de Boiadeiro de Barretos. A parceria nasceu com Os Independentes, organizadores do evento, e ganhou o apoio da OAB S\u00e3o Paulo e CAASP \u2013 Caixa de Assist\u00eancia dos Advogados de S\u00e3o Paulo.<br \/>\nNo primeiro ano da a\u00e7\u00e3o, em 2022, o tema foi o combate ao turismo sexual; no ano seguinte, a campanha dizia que \u201cRespeito \u00c9 Bom e Todo Mundo Gosta\u201d, para combater \u00e0 homofobia e discrimina\u00e7\u00e3o, e, neste ano de 2024, o olhar est\u00e1 voltado \u00e0 viol\u00eancia contra a mulher.<br \/>\nA presidente da OAB Barretos, Arany L\u2019Apiccirella, conta que a ideia de estar presente no maior evento da cidade surgiu j\u00e1 no in\u00edcio de se mandato. \u201cDesde o in\u00edcio de nosso mandato \u00e0 frente da 7\u00aa Subse\u00e7\u00e3o da OAB, n\u00f3s da diretoria sab\u00edamos que era necess\u00e1rio fazer a diferen\u00e7a ao redor, ter uma atua\u00e7\u00e3o mais pr\u00f3xima aos advogados e advogadas, assim como marcar presen\u00e7a nas quest\u00f5es mais importantes da sociedade, propondo, em alguns casos, uma mudan\u00e7a de comportamento, tendo como foco, sempre, a valoriza\u00e7\u00e3o do ser humano e o respeito \u00e0 legisla\u00e7\u00e3o. O cen\u00e1rio da Festa do Pe\u00e3o, certamente, \u00e9 um dos mais prop\u00edcios a discuss\u00e3o desses grandes temas, pois s\u00e3o milhares de pessoas passando pelo evento diariamente, quase um milh\u00e3o de visitas, e a Associa\u00e7\u00e3o Os Independentes, cumprindo um de seus pap\u00e9is sociais, abriu as portas para que pud\u00e9ssemos disseminar nossas mensagens, um marco na hist\u00f3ria da Festa, de Barretos, e da OAB no estado de S\u00e3o Paulo\u201d, diz a advogada.<br \/>\nUm filme sobre a campanha \u00e9 reproduzido todos os dias nos pain\u00e9is de led da arena onde acontecem as competi\u00e7\u00f5es esportivas do rodeio e alguns dos grandes shows do evento. Pelo Parque do Pe\u00e3o, \u00e1rea com mais de dois milh\u00f5es de metros quadrados onde acontece toda a programa\u00e7\u00e3o da Festa do Pe\u00e3o, est\u00e3o espalhados front lights, os outdoors iluminados, com as imagens oficiais da campanha, que se repetem em cartazes impressos afixados em pontos estrat\u00e9gicos na Pra\u00e7a de Alimenta\u00e7\u00e3o e lojas da Feira Comercial.<br \/>\nA vice-presidente da OAB Barretos, Priscila Sanches, diz que \u201cpropor uma mudan\u00e7a de comportamento da sociedade \u00e9 sempre muito desafiador, mas precisa ser feito. A legisla\u00e7\u00e3o brasileira caminhou no sentido de combater atos como discrimina\u00e7\u00e3o, homofobia e viol\u00eancia contra a mulher, mas a lei apenas n\u00e3o basta, \u00e9 preciso um trabalho de conscientiza\u00e7\u00e3o das pessoas e \u00e9 nesse sentido que atuamos fortemente, n\u00e3o s\u00f3 com as campanhas na Festa do Pe\u00e3o, mas com a participa\u00e7\u00e3o ativa em eventos de inclus\u00e3o, palestras, a\u00e7\u00f5es junto a ONGs e dizendo sim todas as vezes que somos convidados a nos posicionar\u201d, explica Priscila.<br \/>\nPara se concretizar, a campanha \u201cBarretos Diz N\u00e3o \u00e0 Viol\u00eancia Contra a Mulher\u201d recebe o apoio da OAB S\u00e3o Paulo e da CAASP \u2013 Caixa de Assist\u00eancia dos Advogados de S\u00e3o Paulo, assim como aconteceu nos anos anteriores.<br \/>\nA Festa do Pe\u00e3o de Boiadeiro de Barretos est\u00e1 acontecendo, desde o dia 15 de agosto, no Parque do Pe\u00e3o, em Barretos, com intensa programa\u00e7\u00e3o de competi\u00e7\u00f5es de rodeio e provas cronometradas, na arena, al\u00e9m de mais de cem shows em palcos espalhados pela \u00e1rea do Parque, incluindo campings, at\u00e9 o pr\u00f3ximo domingo, 25 de agosto, data em que a cidade de Barretos comemora 170 anos de hist\u00f3ria.<\/p>\n","protected":false},"excerpt":{"rendered":"<p>Outdoors espalhados pela Festa, v\u00eddeo na arena e cartazes na<\/p>\n","protected":false},"author":2,"featured_media":109075,"comment_status":"open","ping_status":"open","sticky":false,"template":"","format":"standard","meta":{"footnotes":""},"categories":[14,111],"tags":[],"class_list":["post-109074","post","type-post","status-publish","format-standard","has-post-thumbnail","hentry","category-barretos","category-cotidiano"],"yoast_head":"<!-- This site is optimized with the Yoast SEO plugin v27.4 - https:\/\/yoast.com\/product\/yoast-seo-wordpress\/ -->\n<title>Campanha da OAB prop\u00f5e den\u00fancias em caso de viol\u00eancia contra a mulher no Parque - Regi\u00e3o News<\/title>\n<meta name=\"robots\" content=\"index, follow, max-snippet:-1, max-image-preview:large, max-video-preview:-1\" \/>\n<link rel=\"canonical\" href=\"https:\/\/regiaonews.net.br\/2022\/2024\/08\/20\/campanha-da-oab-propoe-denuncias-em-caso-de-violencia-contra-a-mulher-no-parque\/\" \/>\n<meta property=\"og:locale\" content=\"pt_BR\" \/>\n<meta property=\"og:type\" content=\"article\" \/>\n<meta property=\"og:title\" content=\"Campanha da OAB prop\u00f5e den\u00fancias em caso de viol\u00eancia contra a mulher no Parque - Regi\u00e3o News\" \/>\n<meta property=\"og:description\" content=\"Outdoors espalhados pela Festa, v\u00eddeo na arena e cartazes na\" \/>\n<meta property=\"og:url\" content=\"https:\/\/regiaonews.net.br\/2022\/2024\/08\/20\/campanha-da-oab-propoe-denuncias-em-caso-de-violencia-contra-a-mulher-no-parque\/\" \/>\n<meta property=\"og:site_name\" content=\"Regi\u00e3o News\" \/>\n<meta property=\"article:published_time\" content=\"2024-08-21T01:57:10+00:00\" \/>\n<meta property=\"article:modified_time\" content=\"2024-08-21T01:57:20+00:00\" \/>\n<meta property=\"og:image\" content=\"https:\/\/regiaonews.net.br\/2022\/wp-content\/uploads\/2024\/08\/WhatsApp-Image-2024-08-20-at-21.00.56.jpeg\" \/>\n\t<meta property=\"og:image:width\" content=\"1200\" \/>\n\t<meta property=\"og:image:height\" content=\"1600\" \/>\n\t<meta property=\"og:image:type\" content=\"image\/jpeg\" \/>\n<meta name=\"author\" content=\"Roberto\" \/>\n<meta name=\"twitter:card\" content=\"summary_large_image\" \/>\n<meta name=\"twitter:label1\" content=\"Escrito por\" \/>\n\t<meta name=\"twitter:data1\" content=\"Roberto\" \/>\n\t<meta name=\"twitter:label2\" content=\"Est. tempo de leitura\" \/>\n\t<meta name=\"twitter:data2\" content=\"4 minutos\" \/>\n<script type=\"application\/ld+json\" class=\"yoast-schema-graph\">{\"@context\":\"https:\\\/\\\/schema.org\",\"@graph\":[{\"@type\":\"Article\",\"@id\":\"https:\\\/\\\/regiaonews.net.br\\\/2022\\\/2024\\\/08\\\/20\\\/campanha-da-oab-propoe-denuncias-em-caso-de-violencia-contra-a-mulher-no-parque\\\/#article\",\"isPartOf\":{\"@id\":\"https:\\\/\\\/regiaonews.net.br\\\/2022\\\/2024\\\/08\\\/20\\\/campanha-da-oab-propoe-denuncias-em-caso-de-violencia-contra-a-mulher-no-parque\\\/\"},\"author\":{\"name\":\"Roberto\",\"@id\":\"https:\\\/\\\/regiaonews.net.br\\\/2022\\\/#\\\/schema\\\/person\\\/2d205a608a5aa97ac279d7a5e6d89ad8\"},\"headline\":\"Campanha da OAB prop\u00f5e den\u00fancias em caso de viol\u00eancia contra a mulher no Parque\",\"datePublished\":\"2024-08-21T01:57:10+00:00\",\"dateModified\":\"2024-08-21T01:57:20+00:00\",\"mainEntityOfPage\":{\"@id\":\"https:\\\/\\\/regiaonews.net.br\\\/2022\\\/2024\\\/08\\\/20\\\/campanha-da-oab-propoe-denuncias-em-caso-de-violencia-contra-a-mulher-no-parque\\\/\"},\"wordCount\":665,\"commentCount\":0,\"publisher\":{\"@id\":\"https:\\\/\\\/regiaonews.net.br\\\/2022\\\/#organization\"},\"image\":{\"@id\":\"https:\\\/\\\/regiaonews.net.br\\\/2022\\\/2024\\\/08\\\/20\\\/campanha-da-oab-propoe-denuncias-em-caso-de-violencia-contra-a-mulher-no-parque\\\/#primaryimage\"},\"thumbnailUrl\":\"https:\\\/\\\/regiaonews.net.br\\\/2022\\\/wp-content\\\/uploads\\\/2024\\\/08\\\/WhatsApp-Image-2024-08-20-at-21.00.56.jpeg\",\"articleSection\":[\"Barretos\",\"Cotidiano\"],\"inLanguage\":\"pt-BR\",\"potentialAction\":[{\"@type\":\"CommentAction\",\"name\":\"Comment\",\"target\":[\"https:\\\/\\\/regiaonews.net.br\\\/2022\\\/2024\\\/08\\\/20\\\/campanha-da-oab-propoe-denuncias-em-caso-de-violencia-contra-a-mulher-no-parque\\\/#respond\"]}]},{\"@type\":\"WebPage\",\"@id\":\"https:\\\/\\\/regiaonews.net.br\\\/2022\\\/2024\\\/08\\\/20\\\/campanha-da-oab-propoe-denuncias-em-caso-de-violencia-contra-a-mulher-no-parque\\\/\",\"url\":\"https:\\\/\\\/regiaonews.net.br\\\/2022\\\/2024\\\/08\\\/20\\\/campanha-da-oab-propoe-denuncias-em-caso-de-violencia-contra-a-mulher-no-parque\\\/\",\"name\":\"Campanha da OAB prop\u00f5e den\u00fancias em caso de viol\u00eancia contra a mulher no Parque - Regi\u00e3o News\",\"isPartOf\":{\"@id\":\"https:\\\/\\\/regiaonews.net.br\\\/2022\\\/#website\"},\"primaryImageOfPage\":{\"@id\":\"https:\\\/\\\/regiaonews.net.br\\\/2022\\\/2024\\\/08\\\/20\\\/campanha-da-oab-propoe-denuncias-em-caso-de-violencia-contra-a-mulher-no-parque\\\/#primaryimage\"},\"image\":{\"@id\":\"https:\\\/\\\/regiaonews.net.br\\\/2022\\\/2024\\\/08\\\/20\\\/campanha-da-oab-propoe-denuncias-em-caso-de-violencia-contra-a-mulher-no-parque\\\/#primaryimage\"},\"thumbnailUrl\":\"https:\\\/\\\/regiaonews.net.br\\\/2022\\\/wp-content\\\/uploads\\\/2024\\\/08\\\/WhatsApp-Image-2024-08-20-at-21.00.56.jpeg\",\"datePublished\":\"2024-08-21T01:57:10+00:00\",\"dateModified\":\"2024-08-21T01:57:20+00:00\",\"breadcrumb\":{\"@id\":\"https:\\\/\\\/regiaonews.net.br\\\/2022\\\/2024\\\/08\\\/20\\\/campanha-da-oab-propoe-denuncias-em-caso-de-violencia-contra-a-mulher-no-parque\\\/#breadcrumb\"},\"inLanguage\":\"pt-BR\",\"potentialAction\":[{\"@type\":\"ReadAction\",\"target\":[\"https:\\\/\\\/regiaonews.net.br\\\/2022\\\/2024\\\/08\\\/20\\\/campanha-da-oab-propoe-denuncias-em-caso-de-violencia-contra-a-mulher-no-parque\\\/\"]}]},{\"@type\":\"ImageObject\",\"inLanguage\":\"pt-BR\",\"@id\":\"https:\\\/\\\/regiaonews.net.br\\\/2022\\\/2024\\\/08\\\/20\\\/campanha-da-oab-propoe-denuncias-em-caso-de-violencia-contra-a-mulher-no-parque\\\/#primaryimage\",\"url\":\"https:\\\/\\\/regiaonews.net.br\\\/2022\\\/wp-content\\\/uploads\\\/2024\\\/08\\\/WhatsApp-Image-2024-08-20-at-21.00.56.jpeg\",\"contentUrl\":\"https:\\\/\\\/regiaonews.net.br\\\/2022\\\/wp-content\\\/uploads\\\/2024\\\/08\\\/WhatsApp-Image-2024-08-20-at-21.00.56.jpeg\",\"width\":1200,\"height\":1600},{\"@type\":\"BreadcrumbList\",\"@id\":\"https:\\\/\\\/regiaonews.net.br\\\/2022\\\/2024\\\/08\\\/20\\\/campanha-da-oab-propoe-denuncias-em-caso-de-violencia-contra-a-mulher-no-parque\\\/#breadcrumb\",\"itemListElement\":[{\"@type\":\"ListItem\",\"position\":1,\"name\":\"In\u00edcio\",\"item\":\"https:\\\/\\\/regiaonews.net.br\\\/2022\\\/\"},{\"@type\":\"ListItem\",\"position\":2,\"name\":\"Campanha da OAB prop\u00f5e den\u00fancias em caso de viol\u00eancia contra a mulher no Parque\"}]},{\"@type\":\"WebSite\",\"@id\":\"https:\\\/\\\/regiaonews.net.br\\\/2022\\\/#website\",\"url\":\"https:\\\/\\\/regiaonews.net.br\\\/2022\\\/\",\"name\":\"Regi\u00e3o News\",\"description\":\"Site de Not\u00edcias de Barretos e regi\u00e3o\",\"publisher\":{\"@id\":\"https:\\\/\\\/regiaonews.net.br\\\/2022\\\/#organization\"},\"potentialAction\":[{\"@type\":\"SearchAction\",\"target\":{\"@type\":\"EntryPoint\",\"urlTemplate\":\"https:\\\/\\\/regiaonews.net.br\\\/2022\\\/?s={search_term_string}\"},\"query-input\":{\"@type\":\"PropertyValueSpecification\",\"valueRequired\":true,\"valueName\":\"search_term_string\"}}],\"inLanguage\":\"pt-BR\"},{\"@type\":\"Organization\",\"@id\":\"https:\\\/\\\/regiaonews.net.br\\\/2022\\\/#organization\",\"name\":\"Regi\u00e3o News\",\"url\":\"https:\\\/\\\/regiaonews.net.br\\\/2022\\\/\",\"logo\":{\"@type\":\"ImageObject\",\"inLanguage\":\"pt-BR\",\"@id\":\"https:\\\/\\\/regiaonews.net.br\\\/2022\\\/#\\\/schema\\\/logo\\\/image\\\/\",\"url\":\"https:\\\/\\\/regiaonews.net.br\\\/2022\\\/wp-content\\\/uploads\\\/2026\\\/03\\\/regiao-13-anos-scaled.jpg\",\"contentUrl\":\"https:\\\/\\\/regiaonews.net.br\\\/2022\\\/wp-content\\\/uploads\\\/2026\\\/03\\\/regiao-13-anos-scaled.jpg\",\"width\":2560,\"height\":635,\"caption\":\"Regi\u00e3o News\"},\"image\":{\"@id\":\"https:\\\/\\\/regiaonews.net.br\\\/2022\\\/#\\\/schema\\\/logo\\\/image\\\/\"}},{\"@type\":\"Person\",\"@id\":\"https:\\\/\\\/regiaonews.net.br\\\/2022\\\/#\\\/schema\\\/person\\\/2d205a608a5aa97ac279d7a5e6d89ad8\",\"name\":\"Roberto\",\"image\":{\"@type\":\"ImageObject\",\"inLanguage\":\"pt-BR\",\"@id\":\"https:\\\/\\\/secure.gravatar.com\\\/avatar\\\/42749d8b712ff9d59ca93dc150494e5b55a44134482993f5baeb97e61b7ecc89?s=96&d=mm&r=g\",\"url\":\"https:\\\/\\\/secure.gravatar.com\\\/avatar\\\/42749d8b712ff9d59ca93dc150494e5b55a44134482993f5baeb97e61b7ecc89?s=96&d=mm&r=g\",\"contentUrl\":\"https:\\\/\\\/secure.gravatar.com\\\/avatar\\\/42749d8b712ff9d59ca93dc150494e5b55a44134482993f5baeb97e61b7ecc89?s=96&d=mm&r=g\",\"caption\":\"Roberto\"},\"url\":\"https:\\\/\\\/regiaonews.net.br\\\/2022\\\/author\\\/roberto\\\/\"}]}<\/script>\n<!-- \/ Yoast SEO plugin. -->","yoast_head_json":{"title":"Campanha da OAB prop\u00f5e den\u00fancias em caso de viol\u00eancia contra a mulher no Parque - Regi\u00e3o News","robots":{"index":"index","follow":"follow","max-snippet":"max-snippet:-1","max-image-preview":"max-image-preview:large","max-video-preview":"max-video-preview:-1"},"canonical":"https:\/\/regiaonews.net.br\/2022\/2024\/08\/20\/campanha-da-oab-propoe-denuncias-em-caso-de-violencia-contra-a-mulher-no-parque\/","og_locale":"pt_BR","og_type":"article","og_title":"Campanha da OAB prop\u00f5e den\u00fancias em caso de viol\u00eancia contra a mulher no Parque - Regi\u00e3o News","og_description":"Outdoors espalhados pela Festa, v\u00eddeo na arena e cartazes na","og_url":"https:\/\/regiaonews.net.br\/2022\/2024\/08\/20\/campanha-da-oab-propoe-denuncias-em-caso-de-violencia-contra-a-mulher-no-parque\/","og_site_name":"Regi\u00e3o News","article_published_time":"2024-08-21T01:57:10+00:00","article_modified_time":"2024-08-21T01:57:20+00:00","og_image":[{"width":1200,"height":1600,"url":"https:\/\/regiaonews.net.br\/2022\/wp-content\/uploads\/2024\/08\/WhatsApp-Image-2024-08-20-at-21.00.56.jpeg","type":"image\/jpeg"}],"author":"Roberto","twitter_card":"summary_large_image","twitter_misc":{"Escrito por":"Roberto","Est. tempo de leitura":"4 minutos"},"schema":{"@context":"https:\/\/schema.org","@graph":[{"@type":"Article","@id":"https:\/\/regiaonews.net.br\/2022\/2024\/08\/20\/campanha-da-oab-propoe-denuncias-em-caso-de-violencia-contra-a-mulher-no-parque\/#article","isPartOf":{"@id":"https:\/\/regiaonews.net.br\/2022\/2024\/08\/20\/campanha-da-oab-propoe-denuncias-em-caso-de-violencia-contra-a-mulher-no-parque\/"},"author":{"name":"Roberto","@id":"https:\/\/regiaonews.net.br\/2022\/#\/schema\/person\/2d205a608a5aa97ac279d7a5e6d89ad8"},"headline":"Campanha da OAB prop\u00f5e den\u00fancias em caso de viol\u00eancia contra a mulher no Parque","datePublished":"2024-08-21T01:57:10+00:00","dateModified":"2024-08-21T01:57:20+00:00","mainEntityOfPage":{"@id":"https:\/\/regiaonews.net.br\/2022\/2024\/08\/20\/campanha-da-oab-propoe-denuncias-em-caso-de-violencia-contra-a-mulher-no-parque\/"},"wordCount":665,"commentCount":0,"publisher":{"@id":"https:\/\/regiaonews.net.br\/2022\/#organization"},"image":{"@id":"https:\/\/regiaonews.net.br\/2022\/2024\/08\/20\/campanha-da-oab-propoe-denuncias-em-caso-de-violencia-contra-a-mulher-no-parque\/#primaryimage"},"thumbnailUrl":"https:\/\/regiaonews.net.br\/2022\/wp-content\/uploads\/2024\/08\/WhatsApp-Image-2024-08-20-at-21.00.56.jpeg","articleSection":["Barretos","Cotidiano"],"inLanguage":"pt-BR","potentialAction":[{"@type":"CommentAction","name":"Comment","target":["https:\/\/regiaonews.net.br\/2022\/2024\/08\/20\/campanha-da-oab-propoe-denuncias-em-caso-de-violencia-contra-a-mulher-no-parque\/#respond"]}]},{"@type":"WebPage","@id":"https:\/\/regiaonews.net.br\/2022\/2024\/08\/20\/campanha-da-oab-propoe-denuncias-em-caso-de-violencia-contra-a-mulher-no-parque\/","url":"https:\/\/regiaonews.net.br\/2022\/2024\/08\/20\/campanha-da-oab-propoe-denuncias-em-caso-de-violencia-contra-a-mulher-no-parque\/","name":"Campanha da OAB prop\u00f5e den\u00fancias em caso de viol\u00eancia contra a mulher no Parque - Regi\u00e3o News","isPartOf":{"@id":"https:\/\/regiaonews.net.br\/2022\/#website"},"primaryImageOfPage":{"@id":"https:\/\/regiaonews.net.br\/2022\/2024\/08\/20\/campanha-da-oab-propoe-denuncias-em-caso-de-violencia-contra-a-mulher-no-parque\/#primaryimage"},"image":{"@id":"https:\/\/regiaonews.net.br\/2022\/2024\/08\/20\/campanha-da-oab-propoe-denuncias-em-caso-de-violencia-contra-a-mulher-no-parque\/#primaryimage"},"thumbnailUrl":"https:\/\/regiaonews.net.br\/2022\/wp-content\/uploads\/2024\/08\/WhatsApp-Image-2024-08-20-at-21.00.56.jpeg","datePublished":"2024-08-21T01:57:10+00:00","dateModified":"2024-08-21T01:57:20+00:00","breadcrumb":{"@id":"https:\/\/regiaonews.net.br\/2022\/2024\/08\/20\/campanha-da-oab-propoe-denuncias-em-caso-de-violencia-contra-a-mulher-no-parque\/#breadcrumb"},"inLanguage":"pt-BR","potentialAction":[{"@type":"ReadAction","target":["https:\/\/regiaonews.net.br\/2022\/2024\/08\/20\/campanha-da-oab-propoe-denuncias-em-caso-de-violencia-contra-a-mulher-no-parque\/"]}]},{"@type":"ImageObject","inLanguage":"pt-BR","@id":"https:\/\/regiaonews.net.br\/2022\/2024\/08\/20\/campanha-da-oab-propoe-denuncias-em-caso-de-violencia-contra-a-mulher-no-parque\/#primaryimage","url":"https:\/\/regiaonews.net.br\/2022\/wp-content\/uploads\/2024\/08\/WhatsApp-Image-2024-08-20-at-21.00.56.jpeg","contentUrl":"https:\/\/regiaonews.net.br\/2022\/wp-content\/uploads\/2024\/08\/WhatsApp-Image-2024-08-20-at-21.00.56.jpeg","width":1200,"height":1600},{"@type":"BreadcrumbList","@id":"https:\/\/regiaonews.net.br\/2022\/2024\/08\/20\/campanha-da-oab-propoe-denuncias-em-caso-de-violencia-contra-a-mulher-no-parque\/#breadcrumb","itemListElement":[{"@type":"ListItem","position":1,"name":"In\u00edcio","item":"https:\/\/regiaonews.net.br\/2022\/"},{"@type":"ListItem","position":2,"name":"Campanha da OAB prop\u00f5e den\u00fancias em caso de viol\u00eancia contra a mulher no Parque"}]},{"@type":"WebSite","@id":"https:\/\/regiaonews.net.br\/2022\/#website","url":"https:\/\/regiaonews.net.br\/2022\/","name":"Regi\u00e3o News","description":"Site de Not\u00edcias de Barretos e regi\u00e3o","publisher":{"@id":"https:\/\/regiaonews.net.br\/2022\/#organization"},"potentialAction":[{"@type":"SearchAction","target":{"@type":"EntryPoint","urlTemplate":"https:\/\/regiaonews.net.br\/2022\/?s={search_term_string}"},"query-input":{"@type":"PropertyValueSpecification","valueRequired":true,"valueName":"search_term_string"}}],"inLanguage":"pt-BR"},{"@type":"Organization","@id":"https:\/\/regiaonews.net.br\/2022\/#organization","name":"Regi\u00e3o News","url":"https:\/\/regiaonews.net.br\/2022\/","logo":{"@type":"ImageObject","inLanguage":"pt-BR","@id":"https:\/\/regiaonews.net.br\/2022\/#\/schema\/logo\/image\/","url":"https:\/\/regiaonews.net.br\/2022\/wp-content\/uploads\/2026\/03\/regiao-13-anos-scaled.jpg","contentUrl":"https:\/\/regiaonews.net.br\/2022\/wp-content\/uploads\/2026\/03\/regiao-13-anos-scaled.jpg","width":2560,"height":635,"caption":"Regi\u00e3o News"},"image":{"@id":"https:\/\/regiaonews.net.br\/2022\/#\/schema\/logo\/image\/"}},{"@type":"Person","@id":"https:\/\/regiaonews.net.br\/2022\/#\/schema\/person\/2d205a608a5aa97ac279d7a5e6d89ad8","name":"Roberto","image":{"@type":"ImageObject","inLanguage":"pt-BR","@id":"https:\/\/secure.gravatar.com\/avatar\/42749d8b712ff9d59ca93dc150494e5b55a44134482993f5baeb97e61b7ecc89?s=96&d=mm&r=g","url":"https:\/\/secure.gravatar.com\/avatar\/42749d8b712ff9d59ca93dc150494e5b55a44134482993f5baeb97e61b7ecc89?s=96&d=mm&r=g","contentUrl":"https:\/\/secure.gravatar.com\/avatar\/42749d8b712ff9d59ca93dc150494e5b55a44134482993f5baeb97e61b7ecc89?s=96&d=mm&r=g","caption":"Roberto"},"url":"https:\/\/regiaonews.net.br\/2022\/author\/roberto\/"}]}},"publishpress_future_action":{"enabled":false,"date":"2026-05-03 01:45:46","action":"change-status","newStatus":"draft","terms":[],"taxonomy":"category","extraData":[]},"publishpress_future_workflow_manual_trigger":{"enabledWorkflows":[]},"_links":{"self":[{"href":"https:\/\/regiaonews.net.br\/2022\/wp-json\/wp\/v2\/posts\/109074","targetHints":{"allow":["GET"]}}],"collection":[{"href":"https:\/\/regiaonews.net.br\/2022\/wp-json\/wp\/v2\/posts"}],"about":[{"href":"https:\/\/regiaonews.net.br\/2022\/wp-json\/wp\/v2\/types\/post"}],"author":[{"embeddable":true,"href":"https:\/\/regiaonews.net.br\/2022\/wp-json\/wp\/v2\/users\/2"}],"replies":[{"embeddable":true,"href":"https:\/\/regiaonews.net.br\/2022\/wp-json\/wp\/v2\/comments?post=109074"}],"version-history":[{"count":1,"href":"https:\/\/regiaonews.net.br\/2022\/wp-json\/wp\/v2\/posts\/109074\/revisions"}],"predecessor-version":[{"id":109076,"href":"https:\/\/regiaonews.net.br\/2022\/wp-json\/wp\/v2\/posts\/109074\/revisions\/109076"}],"wp:featuredmedia":[{"embeddable":true,"href":"https:\/\/regiaonews.net.br\/2022\/wp-json\/wp\/v2\/media\/109075"}],"wp:attachment":[{"href":"https:\/\/regiaonews.net.br\/2022\/wp-json\/wp\/v2\/media?parent=109074"}],"wp:term":[{"taxonomy":"category","embeddable":true,"href":"https:\/\/regiaonews.net.br\/2022\/wp-json\/wp\/v2\/categories?post=109074"},{"taxonomy":"post_tag","embeddable":true,"href":"https:\/\/regiaonews.net.br\/2022\/wp-json\/wp\/v2\/tags?post=109074"}],"curies":[{"name":"wp","href":"https:\/\/api.w.org\/{rel}","templated":true}]}}