{"id":108962,"date":"2024-08-18T02:35:15","date_gmt":"2024-08-18T05:35:15","guid":{"rendered":"https:\/\/regiaonews.net.br\/2022\/?p=108962"},"modified":"2024-08-18T02:36:54","modified_gmt":"2024-08-18T05:36:54","slug":"congresso-de-tres-dias-promete-boas-noticias","status":"publish","type":"post","link":"https:\/\/regiaonews.net.br\/2022\/2024\/08\/18\/congresso-de-tres-dias-promete-boas-noticias\/","title":{"rendered":"Congresso das Testemunhas de Jeov\u00e1  promete dias de  boas not\u00edcias"},"content":{"rendered":"<p>O evento ser\u00e1 realizado em mais de 500 idiomas em todo o mundo.<\/p>\n<p>Poderia ser uma sess\u00e3o de cinema e compras no shopping, um passeio \u00e0 praia ou uma visita a parentes em outra cidade. Num fim de semana, n\u00e3o faltam op\u00e7\u00f5es para a fam\u00edlia Pegoraro. No entanto, Bruno e Bruna e suas duas filhas t\u00eam outros planos. Est\u00e3o todos ansiosos \u00e0 espera de um evento de tr\u00eas dias que reunir\u00e1 milhares de pessoas em torno do mesmo objetivo \u2014 ouvir boas not\u00edcias emocionantes!<\/p>\n<p>\u201cN\u00e3o \u00e9 s\u00f3 mais uma reuni\u00e3o\u201d, diz Bruno Pegoraro, da cidade de Barretos, SP. \u201cEsse \u00e9 um momento para estarmos unidos com nossa fam\u00edlia e amigos, fazendo parte de algo que nos trar\u00e1 mais alegria e esperan\u00e7a. Tamb\u00e9m \u00e9 uma \u00f3tima maneira de aproveitar o fim de semana aqui nesta cidade.\u201d<\/p>\n<p>Em um mundo bombardeado constantemente com m\u00e1s not\u00edcias por meio das redes sociais, da TV e do r\u00e1dio, as Testemunhas de Jeov\u00e1 apresentar\u00e3o seu congresso anual com o novo tema \u2018Declare as Boas Novas!\u2019, que iniciar\u00e1 no dia 16 de agosto.<\/p>\n<p>Milh\u00f5es de pessoas assistir\u00e3o ao evento, que ser\u00e1 realizado em diversos locais ao redor do mundo, incluindo em Sert\u00e3ozinho, SP, no Sal\u00e3o de Assembleias das Testemunhas de Jeov\u00e1. O programa, muito aguardado, trar\u00e1 encorajamento e consolo para o p\u00fablico.<\/p>\n<p>O porta-voz das Testemunhas de Jeov\u00e1, Matheus Tunes Jiaqueto, disse: \u201cEsses eventos s\u00e3o o ponto alto do ano para milhares de pessoas que desejam ter uma experi\u00eancia positiva em suas vidas. Ficamos felizes de aproveitar o programa em uma cidade hospitaleira e acolhedora\u201d.<\/p>\n<p>O congresso \u2018Declare as Boas Novas!\u2019 apresentar\u00e1 v\u00eddeos baseados na B\u00edblia, palestras e entrevistas com temas como:<\/p>\n<ul>\n<li>\u201c\u2018Boas novas eternas\u2019 \u2014 O que significam?\u201d<\/li>\n<li>\u201cPor que n\u00e3o temos medo de m\u00e1s not\u00edcias\u201d<\/li>\n<li>\u201c\u2018Apeguem-se firmemente \u00e0s boas novas\u2019 \u2014 Por que e como?\u201d<\/li>\n<\/ul>\n<p>No s\u00e1bado, haver\u00e1 o batismo de estudantes da B\u00edblia habilitados das cidades vizinhas. Um filme dividido em duas partes ir\u00e1 cativar o p\u00fablico nas manh\u00e3s da sexta-feira e do s\u00e1bado. Antes de eventos como esse, as Testemunhas de Jeov\u00e1 promovem uma campanha para convidar todas as pessoas de sua cidade e regi\u00e3o.<\/p>\n<p>No ano passado, mais de 12 milh\u00f5es de pessoas participaram dos cerca de 6 mil congressos realizados em todo o mundo.<\/p>\n<p>Voc\u00ea e sua fam\u00edlia est\u00e3o convidados para assistir ao congresso \u2018Declare as Boas Novas!\u2019. A entrada \u00e9 gratuita e n\u00e3o s\u00e3o realizadas coletas. Para mais informa\u00e7\u00f5es a respeito do programa ou para encontrar outras datas ou locais do evento, acesse <strong><a href=\"https:\/\/www.jw.org\/pt\/testemunhas-de-jeova\/congressos\/\">jw.org<\/a><\/strong> e clique em <strong><em><a href=\"https:\/\/www.jw.org\/pt\/testemunhas-de-jeova\/congressos\/\">Congressos<\/a><\/em><\/strong>, na aba <strong><em><a href=\"https:\/\/www.jw.org\/pt\/testemunhas-de-jeova\/congressos\/\">Quem Somos<\/a><\/em><\/strong>.<\/p>\n","protected":false},"excerpt":{"rendered":"<p>O evento ser\u00e1 realizado em mais de 500 idiomas em<\/p>\n","protected":false},"author":2,"featured_media":108963,"comment_status":"open","ping_status":"open","sticky":false,"template":"","format":"standard","meta":{"footnotes":""},"categories":[44],"tags":[],"class_list":["post-108962","post","type-post","status-publish","format-standard","has-post-thumbnail","hentry","category-sertaozinho"],"yoast_head":"<!-- This site is optimized with the Yoast SEO plugin v27.4 - https:\/\/yoast.com\/product\/yoast-seo-wordpress\/ -->\n<title>Congresso das Testemunhas de Jeov\u00e1 promete dias de boas not\u00edcias - Regi\u00e3o News<\/title>\n<meta name=\"robots\" content=\"index, follow, max-snippet:-1, max-image-preview:large, max-video-preview:-1\" \/>\n<link rel=\"canonical\" href=\"https:\/\/regiaonews.net.br\/2022\/2024\/08\/18\/congresso-de-tres-dias-promete-boas-noticias\/\" \/>\n<meta property=\"og:locale\" content=\"pt_BR\" \/>\n<meta property=\"og:type\" content=\"article\" \/>\n<meta property=\"og:title\" content=\"Congresso das Testemunhas de Jeov\u00e1 promete dias de boas not\u00edcias - Regi\u00e3o News\" \/>\n<meta property=\"og:description\" content=\"O evento ser\u00e1 realizado em mais de 500 idiomas em\" \/>\n<meta property=\"og:url\" content=\"https:\/\/regiaonews.net.br\/2022\/2024\/08\/18\/congresso-de-tres-dias-promete-boas-noticias\/\" \/>\n<meta property=\"og:site_name\" content=\"Regi\u00e3o News\" \/>\n<meta property=\"article:published_time\" content=\"2024-08-18T05:35:15+00:00\" \/>\n<meta property=\"article:modified_time\" content=\"2024-08-18T05:36:54+00:00\" \/>\n<meta property=\"og:image\" content=\"https:\/\/regiaonews.net.br\/2022\/wp-content\/uploads\/2024\/08\/congresso.jpg\" \/>\n\t<meta property=\"og:image:width\" content=\"860\" \/>\n\t<meta property=\"og:image:height\" content=\"500\" \/>\n\t<meta property=\"og:image:type\" content=\"image\/jpeg\" \/>\n<meta name=\"author\" content=\"Roberto\" \/>\n<meta name=\"twitter:card\" content=\"summary_large_image\" \/>\n<meta name=\"twitter:label1\" content=\"Escrito por\" \/>\n\t<meta name=\"twitter:data1\" content=\"Roberto\" \/>\n\t<meta name=\"twitter:label2\" content=\"Est. tempo de leitura\" \/>\n\t<meta name=\"twitter:data2\" content=\"3 minutos\" \/>\n<script type=\"application\/ld+json\" class=\"yoast-schema-graph\">{\"@context\":\"https:\\\/\\\/schema.org\",\"@graph\":[{\"@type\":\"Article\",\"@id\":\"https:\\\/\\\/regiaonews.net.br\\\/2022\\\/2024\\\/08\\\/18\\\/congresso-de-tres-dias-promete-boas-noticias\\\/#article\",\"isPartOf\":{\"@id\":\"https:\\\/\\\/regiaonews.net.br\\\/2022\\\/2024\\\/08\\\/18\\\/congresso-de-tres-dias-promete-boas-noticias\\\/\"},\"author\":{\"name\":\"Roberto\",\"@id\":\"https:\\\/\\\/regiaonews.net.br\\\/2022\\\/#\\\/schema\\\/person\\\/2d205a608a5aa97ac279d7a5e6d89ad8\"},\"headline\":\"Congresso das Testemunhas de Jeov\u00e1 promete dias de boas not\u00edcias\",\"datePublished\":\"2024-08-18T05:35:15+00:00\",\"dateModified\":\"2024-08-18T05:36:54+00:00\",\"mainEntityOfPage\":{\"@id\":\"https:\\\/\\\/regiaonews.net.br\\\/2022\\\/2024\\\/08\\\/18\\\/congresso-de-tres-dias-promete-boas-noticias\\\/\"},\"wordCount\":462,\"commentCount\":0,\"publisher\":{\"@id\":\"https:\\\/\\\/regiaonews.net.br\\\/2022\\\/#organization\"},\"image\":{\"@id\":\"https:\\\/\\\/regiaonews.net.br\\\/2022\\\/2024\\\/08\\\/18\\\/congresso-de-tres-dias-promete-boas-noticias\\\/#primaryimage\"},\"thumbnailUrl\":\"https:\\\/\\\/regiaonews.net.br\\\/2022\\\/wp-content\\\/uploads\\\/2024\\\/08\\\/congresso.jpg\",\"articleSection\":[\"Sert\u00e3ozinho\"],\"inLanguage\":\"pt-BR\",\"potentialAction\":[{\"@type\":\"CommentAction\",\"name\":\"Comment\",\"target\":[\"https:\\\/\\\/regiaonews.net.br\\\/2022\\\/2024\\\/08\\\/18\\\/congresso-de-tres-dias-promete-boas-noticias\\\/#respond\"]}]},{\"@type\":\"WebPage\",\"@id\":\"https:\\\/\\\/regiaonews.net.br\\\/2022\\\/2024\\\/08\\\/18\\\/congresso-de-tres-dias-promete-boas-noticias\\\/\",\"url\":\"https:\\\/\\\/regiaonews.net.br\\\/2022\\\/2024\\\/08\\\/18\\\/congresso-de-tres-dias-promete-boas-noticias\\\/\",\"name\":\"Congresso das Testemunhas de Jeov\u00e1 promete dias de boas not\u00edcias - Regi\u00e3o News\",\"isPartOf\":{\"@id\":\"https:\\\/\\\/regiaonews.net.br\\\/2022\\\/#website\"},\"primaryImageOfPage\":{\"@id\":\"https:\\\/\\\/regiaonews.net.br\\\/2022\\\/2024\\\/08\\\/18\\\/congresso-de-tres-dias-promete-boas-noticias\\\/#primaryimage\"},\"image\":{\"@id\":\"https:\\\/\\\/regiaonews.net.br\\\/2022\\\/2024\\\/08\\\/18\\\/congresso-de-tres-dias-promete-boas-noticias\\\/#primaryimage\"},\"thumbnailUrl\":\"https:\\\/\\\/regiaonews.net.br\\\/2022\\\/wp-content\\\/uploads\\\/2024\\\/08\\\/congresso.jpg\",\"datePublished\":\"2024-08-18T05:35:15+00:00\",\"dateModified\":\"2024-08-18T05:36:54+00:00\",\"breadcrumb\":{\"@id\":\"https:\\\/\\\/regiaonews.net.br\\\/2022\\\/2024\\\/08\\\/18\\\/congresso-de-tres-dias-promete-boas-noticias\\\/#breadcrumb\"},\"inLanguage\":\"pt-BR\",\"potentialAction\":[{\"@type\":\"ReadAction\",\"target\":[\"https:\\\/\\\/regiaonews.net.br\\\/2022\\\/2024\\\/08\\\/18\\\/congresso-de-tres-dias-promete-boas-noticias\\\/\"]}]},{\"@type\":\"ImageObject\",\"inLanguage\":\"pt-BR\",\"@id\":\"https:\\\/\\\/regiaonews.net.br\\\/2022\\\/2024\\\/08\\\/18\\\/congresso-de-tres-dias-promete-boas-noticias\\\/#primaryimage\",\"url\":\"https:\\\/\\\/regiaonews.net.br\\\/2022\\\/wp-content\\\/uploads\\\/2024\\\/08\\\/congresso.jpg\",\"contentUrl\":\"https:\\\/\\\/regiaonews.net.br\\\/2022\\\/wp-content\\\/uploads\\\/2024\\\/08\\\/congresso.jpg\",\"width\":860,\"height\":500},{\"@type\":\"BreadcrumbList\",\"@id\":\"https:\\\/\\\/regiaonews.net.br\\\/2022\\\/2024\\\/08\\\/18\\\/congresso-de-tres-dias-promete-boas-noticias\\\/#breadcrumb\",\"itemListElement\":[{\"@type\":\"ListItem\",\"position\":1,\"name\":\"In\u00edcio\",\"item\":\"https:\\\/\\\/regiaonews.net.br\\\/2022\\\/\"},{\"@type\":\"ListItem\",\"position\":2,\"name\":\"Congresso das Testemunhas de Jeov\u00e1 promete dias de boas not\u00edcias\"}]},{\"@type\":\"WebSite\",\"@id\":\"https:\\\/\\\/regiaonews.net.br\\\/2022\\\/#website\",\"url\":\"https:\\\/\\\/regiaonews.net.br\\\/2022\\\/\",\"name\":\"Regi\u00e3o News\",\"description\":\"Site de Not\u00edcias de Barretos e regi\u00e3o\",\"publisher\":{\"@id\":\"https:\\\/\\\/regiaonews.net.br\\\/2022\\\/#organization\"},\"potentialAction\":[{\"@type\":\"SearchAction\",\"target\":{\"@type\":\"EntryPoint\",\"urlTemplate\":\"https:\\\/\\\/regiaonews.net.br\\\/2022\\\/?s={search_term_string}\"},\"query-input\":{\"@type\":\"PropertyValueSpecification\",\"valueRequired\":true,\"valueName\":\"search_term_string\"}}],\"inLanguage\":\"pt-BR\"},{\"@type\":\"Organization\",\"@id\":\"https:\\\/\\\/regiaonews.net.br\\\/2022\\\/#organization\",\"name\":\"Regi\u00e3o News\",\"url\":\"https:\\\/\\\/regiaonews.net.br\\\/2022\\\/\",\"logo\":{\"@type\":\"ImageObject\",\"inLanguage\":\"pt-BR\",\"@id\":\"https:\\\/\\\/regiaonews.net.br\\\/2022\\\/#\\\/schema\\\/logo\\\/image\\\/\",\"url\":\"https:\\\/\\\/regiaonews.net.br\\\/2022\\\/wp-content\\\/uploads\\\/2026\\\/03\\\/regiao-13-anos-scaled.jpg\",\"contentUrl\":\"https:\\\/\\\/regiaonews.net.br\\\/2022\\\/wp-content\\\/uploads\\\/2026\\\/03\\\/regiao-13-anos-scaled.jpg\",\"width\":2560,\"height\":635,\"caption\":\"Regi\u00e3o News\"},\"image\":{\"@id\":\"https:\\\/\\\/regiaonews.net.br\\\/2022\\\/#\\\/schema\\\/logo\\\/image\\\/\"}},{\"@type\":\"Person\",\"@id\":\"https:\\\/\\\/regiaonews.net.br\\\/2022\\\/#\\\/schema\\\/person\\\/2d205a608a5aa97ac279d7a5e6d89ad8\",\"name\":\"Roberto\",\"image\":{\"@type\":\"ImageObject\",\"inLanguage\":\"pt-BR\",\"@id\":\"https:\\\/\\\/secure.gravatar.com\\\/avatar\\\/42749d8b712ff9d59ca93dc150494e5b55a44134482993f5baeb97e61b7ecc89?s=96&d=mm&r=g\",\"url\":\"https:\\\/\\\/secure.gravatar.com\\\/avatar\\\/42749d8b712ff9d59ca93dc150494e5b55a44134482993f5baeb97e61b7ecc89?s=96&d=mm&r=g\",\"contentUrl\":\"https:\\\/\\\/secure.gravatar.com\\\/avatar\\\/42749d8b712ff9d59ca93dc150494e5b55a44134482993f5baeb97e61b7ecc89?s=96&d=mm&r=g\",\"caption\":\"Roberto\"},\"url\":\"https:\\\/\\\/regiaonews.net.br\\\/2022\\\/author\\\/roberto\\\/\"}]}<\/script>\n<!-- \/ Yoast SEO plugin. -->","yoast_head_json":{"title":"Congresso das Testemunhas de Jeov\u00e1 promete dias de boas not\u00edcias - Regi\u00e3o News","robots":{"index":"index","follow":"follow","max-snippet":"max-snippet:-1","max-image-preview":"max-image-preview:large","max-video-preview":"max-video-preview:-1"},"canonical":"https:\/\/regiaonews.net.br\/2022\/2024\/08\/18\/congresso-de-tres-dias-promete-boas-noticias\/","og_locale":"pt_BR","og_type":"article","og_title":"Congresso das Testemunhas de Jeov\u00e1 promete dias de boas not\u00edcias - Regi\u00e3o News","og_description":"O evento ser\u00e1 realizado em mais de 500 idiomas em","og_url":"https:\/\/regiaonews.net.br\/2022\/2024\/08\/18\/congresso-de-tres-dias-promete-boas-noticias\/","og_site_name":"Regi\u00e3o News","article_published_time":"2024-08-18T05:35:15+00:00","article_modified_time":"2024-08-18T05:36:54+00:00","og_image":[{"width":860,"height":500,"url":"https:\/\/regiaonews.net.br\/2022\/wp-content\/uploads\/2024\/08\/congresso.jpg","type":"image\/jpeg"}],"author":"Roberto","twitter_card":"summary_large_image","twitter_misc":{"Escrito por":"Roberto","Est. tempo de leitura":"3 minutos"},"schema":{"@context":"https:\/\/schema.org","@graph":[{"@type":"Article","@id":"https:\/\/regiaonews.net.br\/2022\/2024\/08\/18\/congresso-de-tres-dias-promete-boas-noticias\/#article","isPartOf":{"@id":"https:\/\/regiaonews.net.br\/2022\/2024\/08\/18\/congresso-de-tres-dias-promete-boas-noticias\/"},"author":{"name":"Roberto","@id":"https:\/\/regiaonews.net.br\/2022\/#\/schema\/person\/2d205a608a5aa97ac279d7a5e6d89ad8"},"headline":"Congresso das Testemunhas de Jeov\u00e1 promete dias de boas not\u00edcias","datePublished":"2024-08-18T05:35:15+00:00","dateModified":"2024-08-18T05:36:54+00:00","mainEntityOfPage":{"@id":"https:\/\/regiaonews.net.br\/2022\/2024\/08\/18\/congresso-de-tres-dias-promete-boas-noticias\/"},"wordCount":462,"commentCount":0,"publisher":{"@id":"https:\/\/regiaonews.net.br\/2022\/#organization"},"image":{"@id":"https:\/\/regiaonews.net.br\/2022\/2024\/08\/18\/congresso-de-tres-dias-promete-boas-noticias\/#primaryimage"},"thumbnailUrl":"https:\/\/regiaonews.net.br\/2022\/wp-content\/uploads\/2024\/08\/congresso.jpg","articleSection":["Sert\u00e3ozinho"],"inLanguage":"pt-BR","potentialAction":[{"@type":"CommentAction","name":"Comment","target":["https:\/\/regiaonews.net.br\/2022\/2024\/08\/18\/congresso-de-tres-dias-promete-boas-noticias\/#respond"]}]},{"@type":"WebPage","@id":"https:\/\/regiaonews.net.br\/2022\/2024\/08\/18\/congresso-de-tres-dias-promete-boas-noticias\/","url":"https:\/\/regiaonews.net.br\/2022\/2024\/08\/18\/congresso-de-tres-dias-promete-boas-noticias\/","name":"Congresso das Testemunhas de Jeov\u00e1 promete dias de boas not\u00edcias - Regi\u00e3o News","isPartOf":{"@id":"https:\/\/regiaonews.net.br\/2022\/#website"},"primaryImageOfPage":{"@id":"https:\/\/regiaonews.net.br\/2022\/2024\/08\/18\/congresso-de-tres-dias-promete-boas-noticias\/#primaryimage"},"image":{"@id":"https:\/\/regiaonews.net.br\/2022\/2024\/08\/18\/congresso-de-tres-dias-promete-boas-noticias\/#primaryimage"},"thumbnailUrl":"https:\/\/regiaonews.net.br\/2022\/wp-content\/uploads\/2024\/08\/congresso.jpg","datePublished":"2024-08-18T05:35:15+00:00","dateModified":"2024-08-18T05:36:54+00:00","breadcrumb":{"@id":"https:\/\/regiaonews.net.br\/2022\/2024\/08\/18\/congresso-de-tres-dias-promete-boas-noticias\/#breadcrumb"},"inLanguage":"pt-BR","potentialAction":[{"@type":"ReadAction","target":["https:\/\/regiaonews.net.br\/2022\/2024\/08\/18\/congresso-de-tres-dias-promete-boas-noticias\/"]}]},{"@type":"ImageObject","inLanguage":"pt-BR","@id":"https:\/\/regiaonews.net.br\/2022\/2024\/08\/18\/congresso-de-tres-dias-promete-boas-noticias\/#primaryimage","url":"https:\/\/regiaonews.net.br\/2022\/wp-content\/uploads\/2024\/08\/congresso.jpg","contentUrl":"https:\/\/regiaonews.net.br\/2022\/wp-content\/uploads\/2024\/08\/congresso.jpg","width":860,"height":500},{"@type":"BreadcrumbList","@id":"https:\/\/regiaonews.net.br\/2022\/2024\/08\/18\/congresso-de-tres-dias-promete-boas-noticias\/#breadcrumb","itemListElement":[{"@type":"ListItem","position":1,"name":"In\u00edcio","item":"https:\/\/regiaonews.net.br\/2022\/"},{"@type":"ListItem","position":2,"name":"Congresso das Testemunhas de Jeov\u00e1 promete dias de boas not\u00edcias"}]},{"@type":"WebSite","@id":"https:\/\/regiaonews.net.br\/2022\/#website","url":"https:\/\/regiaonews.net.br\/2022\/","name":"Regi\u00e3o News","description":"Site de Not\u00edcias de Barretos e regi\u00e3o","publisher":{"@id":"https:\/\/regiaonews.net.br\/2022\/#organization"},"potentialAction":[{"@type":"SearchAction","target":{"@type":"EntryPoint","urlTemplate":"https:\/\/regiaonews.net.br\/2022\/?s={search_term_string}"},"query-input":{"@type":"PropertyValueSpecification","valueRequired":true,"valueName":"search_term_string"}}],"inLanguage":"pt-BR"},{"@type":"Organization","@id":"https:\/\/regiaonews.net.br\/2022\/#organization","name":"Regi\u00e3o News","url":"https:\/\/regiaonews.net.br\/2022\/","logo":{"@type":"ImageObject","inLanguage":"pt-BR","@id":"https:\/\/regiaonews.net.br\/2022\/#\/schema\/logo\/image\/","url":"https:\/\/regiaonews.net.br\/2022\/wp-content\/uploads\/2026\/03\/regiao-13-anos-scaled.jpg","contentUrl":"https:\/\/regiaonews.net.br\/2022\/wp-content\/uploads\/2026\/03\/regiao-13-anos-scaled.jpg","width":2560,"height":635,"caption":"Regi\u00e3o News"},"image":{"@id":"https:\/\/regiaonews.net.br\/2022\/#\/schema\/logo\/image\/"}},{"@type":"Person","@id":"https:\/\/regiaonews.net.br\/2022\/#\/schema\/person\/2d205a608a5aa97ac279d7a5e6d89ad8","name":"Roberto","image":{"@type":"ImageObject","inLanguage":"pt-BR","@id":"https:\/\/secure.gravatar.com\/avatar\/42749d8b712ff9d59ca93dc150494e5b55a44134482993f5baeb97e61b7ecc89?s=96&d=mm&r=g","url":"https:\/\/secure.gravatar.com\/avatar\/42749d8b712ff9d59ca93dc150494e5b55a44134482993f5baeb97e61b7ecc89?s=96&d=mm&r=g","contentUrl":"https:\/\/secure.gravatar.com\/avatar\/42749d8b712ff9d59ca93dc150494e5b55a44134482993f5baeb97e61b7ecc89?s=96&d=mm&r=g","caption":"Roberto"},"url":"https:\/\/regiaonews.net.br\/2022\/author\/roberto\/"}]}},"publishpress_future_action":{"enabled":false,"date":"2026-05-03 01:46:39","action":"change-status","newStatus":"draft","terms":[],"taxonomy":"category","extraData":[]},"publishpress_future_workflow_manual_trigger":{"enabledWorkflows":[]},"_links":{"self":[{"href":"https:\/\/regiaonews.net.br\/2022\/wp-json\/wp\/v2\/posts\/108962","targetHints":{"allow":["GET"]}}],"collection":[{"href":"https:\/\/regiaonews.net.br\/2022\/wp-json\/wp\/v2\/posts"}],"about":[{"href":"https:\/\/regiaonews.net.br\/2022\/wp-json\/wp\/v2\/types\/post"}],"author":[{"embeddable":true,"href":"https:\/\/regiaonews.net.br\/2022\/wp-json\/wp\/v2\/users\/2"}],"replies":[{"embeddable":true,"href":"https:\/\/regiaonews.net.br\/2022\/wp-json\/wp\/v2\/comments?post=108962"}],"version-history":[{"count":3,"href":"https:\/\/regiaonews.net.br\/2022\/wp-json\/wp\/v2\/posts\/108962\/revisions"}],"predecessor-version":[{"id":108966,"href":"https:\/\/regiaonews.net.br\/2022\/wp-json\/wp\/v2\/posts\/108962\/revisions\/108966"}],"wp:featuredmedia":[{"embeddable":true,"href":"https:\/\/regiaonews.net.br\/2022\/wp-json\/wp\/v2\/media\/108963"}],"wp:attachment":[{"href":"https:\/\/regiaonews.net.br\/2022\/wp-json\/wp\/v2\/media?parent=108962"}],"wp:term":[{"taxonomy":"category","embeddable":true,"href":"https:\/\/regiaonews.net.br\/2022\/wp-json\/wp\/v2\/categories?post=108962"},{"taxonomy":"post_tag","embeddable":true,"href":"https:\/\/regiaonews.net.br\/2022\/wp-json\/wp\/v2\/tags?post=108962"}],"curies":[{"name":"wp","href":"https:\/\/api.w.org\/{rel}","templated":true}]}}