{"id":108841,"date":"2024-08-16T00:19:25","date_gmt":"2024-08-16T03:19:25","guid":{"rendered":"https:\/\/regiaonews.net.br\/2022\/?p=108841"},"modified":"2024-08-16T00:33:56","modified_gmt":"2024-08-16T03:33:56","slug":"trios-de-competidores-destacam-na-semifinal-do-team-penning-nas-somas-6-e-11","status":"publish","type":"post","link":"https:\/\/regiaonews.net.br\/2022\/2024\/08\/16\/trios-de-competidores-destacam-na-semifinal-do-team-penning-nas-somas-6-e-11\/","title":{"rendered":"Trios de competidores  destacam na semifinal do Team Penning nas somas 6 e 11"},"content":{"rendered":"<p>Foto\u00a0 &#8211; Competidores que se destacaram na soma 6<\/p>\n<p>&nbsp;<\/p>\n<p>As disputas das modalidades do rodeio da 69\u00aa Festa do Pe\u00e3o de Barretos foram abertas na noite desta quinta-feira (18), na Arena de Rodeios do Parque do Pe\u00e3o, com a disputa semifinal 1 do 1\u00ba final de semana dos Team Penning. As competi\u00e7\u00f5es nas categorias soma 6 e 11 re\u00fane os melhores competidores formado conforme o handicap dos competidores. Na soma 6, o destaque ficou para o trio formado pelos mineiros Iasmim de Lima de Campina Verde\/MG, Gustavo Oliveira de Uberaba\/MG e o paulista Ot\u00e1vio Pereira de Nova Ponte\/SP que conclu\u00edram o percurso com tempo de 20.824 na semifinal da noite. Na classifica\u00e7\u00e3o final da somat\u00f3ria, somando os tempos da classificat\u00f3ria do per\u00edodo da tarde e a semifinal da noite, o destaque do 1\u00ba lugar com 50,539 ficou com o trio Felipe Silva, Carlos Augustinho e Jo\u00e3o Vitor Junqueira.<\/p>\n<p>Na soma 11 do Team Penning, o melhor tempo foi obtido na aparta\u00e7\u00e3o do animal realizado \u00a0pelos competidores Rodolfo Marchi do Nascimento de Ol\u00edmpia\/SP, Carlos Alexandre Augustinho de Ol\u00edmpia\/SP e T\u00falio Goulart Gomes de Prat\u00e1polis\/MG que fizeram o tempo de 22.036 na semifinal e com o tempo da soma classificat\u00f3ria da tarde, somaram 50.430 garantindo o 1\u00ba lugar na classifica\u00e7\u00e3o geral. Dos 10 trios que competiram na noite, quatro trios n\u00e3o conseguiram tempo na semifinal da noite, ficando sem aproveitamento t\u00e9cnico, ficando apenas com os tempos da classificat\u00f3ria do per\u00edodo da tarde.<\/p>\n<p><a href=\"https:\/\/regiaonews.net.br\/2022\/wp-content\/uploads\/2024\/08\/foto-11-2-scaled.jpg\"><img loading=\"lazy\" decoding=\"async\" class=\"alignnone size-medium wp-image-108849\" src=\"https:\/\/regiaonews.net.br\/2022\/wp-content\/uploads\/2024\/08\/foto-11-2-300x200.jpg\" alt=\"\" width=\"300\" height=\"200\" srcset=\"https:\/\/regiaonews.net.br\/2022\/wp-content\/uploads\/2024\/08\/foto-11-2-300x200.jpg 300w, https:\/\/regiaonews.net.br\/2022\/wp-content\/uploads\/2024\/08\/foto-11-2-1024x684.jpg 1024w, https:\/\/regiaonews.net.br\/2022\/wp-content\/uploads\/2024\/08\/foto-11-2-768x513.jpg 768w, https:\/\/regiaonews.net.br\/2022\/wp-content\/uploads\/2024\/08\/foto-11-2-1536x1025.jpg 1536w\" sizes=\"auto, (max-width: 300px) 100vw, 300px\" \/><\/a><\/p>\n<p>Foto &#8211; Competidores que se destacaram na soma 11<\/p>\n<p>&nbsp;<\/p>\n<p>Foto &#8211; Andr\u00e9 Monteiro<\/p>\n","protected":false},"excerpt":{"rendered":"<p>Foto\u00a0 &#8211; Competidores que se destacaram na soma 6 &nbsp;<\/p>\n","protected":false},"author":2,"featured_media":108843,"comment_status":"open","ping_status":"open","sticky":false,"template":"","format":"standard","meta":{"footnotes":""},"categories":[14,21,45],"tags":[],"class_list":["post-108841","post","type-post","status-publish","format-standard","has-post-thumbnail","hentry","category-barretos","category-esporte","category-festa-do-peao"],"yoast_head":"<!-- This site is optimized with the Yoast SEO plugin v27.4 - https:\/\/yoast.com\/product\/yoast-seo-wordpress\/ -->\n<title>Trios de competidores destacam na semifinal do Team Penning nas somas 6 e 11 - Regi\u00e3o News<\/title>\n<meta name=\"robots\" content=\"index, follow, max-snippet:-1, max-image-preview:large, max-video-preview:-1\" \/>\n<link rel=\"canonical\" href=\"https:\/\/regiaonews.net.br\/2022\/2024\/08\/16\/trios-de-competidores-destacam-na-semifinal-do-team-penning-nas-somas-6-e-11\/\" \/>\n<meta property=\"og:locale\" content=\"pt_BR\" \/>\n<meta property=\"og:type\" content=\"article\" \/>\n<meta property=\"og:title\" content=\"Trios de competidores destacam na semifinal do Team Penning nas somas 6 e 11 - Regi\u00e3o News\" \/>\n<meta property=\"og:description\" content=\"Foto\u00a0 &#8211; Competidores que se destacaram na soma 6 &nbsp;\" \/>\n<meta property=\"og:url\" content=\"https:\/\/regiaonews.net.br\/2022\/2024\/08\/16\/trios-de-competidores-destacam-na-semifinal-do-team-penning-nas-somas-6-e-11\/\" \/>\n<meta property=\"og:site_name\" content=\"Regi\u00e3o News\" \/>\n<meta property=\"article:published_time\" content=\"2024-08-16T03:19:25+00:00\" \/>\n<meta property=\"article:modified_time\" content=\"2024-08-16T03:33:56+00:00\" \/>\n<meta property=\"og:image\" content=\"https:\/\/regiaonews.net.br\/2022\/wp-content\/uploads\/2024\/08\/foto-10-scaled.jpg\" \/>\n\t<meta property=\"og:image:width\" content=\"2560\" \/>\n\t<meta property=\"og:image:height\" content=\"1709\" \/>\n\t<meta property=\"og:image:type\" content=\"image\/jpeg\" \/>\n<meta name=\"author\" content=\"Roberto\" \/>\n<meta name=\"twitter:card\" content=\"summary_large_image\" \/>\n<meta name=\"twitter:label1\" content=\"Escrito por\" \/>\n\t<meta name=\"twitter:data1\" content=\"Roberto\" \/>\n\t<meta name=\"twitter:label2\" content=\"Est. tempo de leitura\" \/>\n\t<meta name=\"twitter:data2\" content=\"2 minutos\" \/>\n<script type=\"application\/ld+json\" class=\"yoast-schema-graph\">{\"@context\":\"https:\\\/\\\/schema.org\",\"@graph\":[{\"@type\":\"Article\",\"@id\":\"https:\\\/\\\/regiaonews.net.br\\\/2022\\\/2024\\\/08\\\/16\\\/trios-de-competidores-destacam-na-semifinal-do-team-penning-nas-somas-6-e-11\\\/#article\",\"isPartOf\":{\"@id\":\"https:\\\/\\\/regiaonews.net.br\\\/2022\\\/2024\\\/08\\\/16\\\/trios-de-competidores-destacam-na-semifinal-do-team-penning-nas-somas-6-e-11\\\/\"},\"author\":{\"name\":\"Roberto\",\"@id\":\"https:\\\/\\\/regiaonews.net.br\\\/2022\\\/#\\\/schema\\\/person\\\/2d205a608a5aa97ac279d7a5e6d89ad8\"},\"headline\":\"Trios de competidores destacam na semifinal do Team Penning nas somas 6 e 11\",\"datePublished\":\"2024-08-16T03:19:25+00:00\",\"dateModified\":\"2024-08-16T03:33:56+00:00\",\"mainEntityOfPage\":{\"@id\":\"https:\\\/\\\/regiaonews.net.br\\\/2022\\\/2024\\\/08\\\/16\\\/trios-de-competidores-destacam-na-semifinal-do-team-penning-nas-somas-6-e-11\\\/\"},\"wordCount\":278,\"commentCount\":0,\"publisher\":{\"@id\":\"https:\\\/\\\/regiaonews.net.br\\\/2022\\\/#organization\"},\"image\":{\"@id\":\"https:\\\/\\\/regiaonews.net.br\\\/2022\\\/2024\\\/08\\\/16\\\/trios-de-competidores-destacam-na-semifinal-do-team-penning-nas-somas-6-e-11\\\/#primaryimage\"},\"thumbnailUrl\":\"https:\\\/\\\/regiaonews.net.br\\\/2022\\\/wp-content\\\/uploads\\\/2024\\\/08\\\/foto-10-scaled.jpg\",\"articleSection\":[\"Barretos\",\"Esporte\",\"Festa do Pe\u00e3o\"],\"inLanguage\":\"pt-BR\",\"potentialAction\":[{\"@type\":\"CommentAction\",\"name\":\"Comment\",\"target\":[\"https:\\\/\\\/regiaonews.net.br\\\/2022\\\/2024\\\/08\\\/16\\\/trios-de-competidores-destacam-na-semifinal-do-team-penning-nas-somas-6-e-11\\\/#respond\"]}]},{\"@type\":\"WebPage\",\"@id\":\"https:\\\/\\\/regiaonews.net.br\\\/2022\\\/2024\\\/08\\\/16\\\/trios-de-competidores-destacam-na-semifinal-do-team-penning-nas-somas-6-e-11\\\/\",\"url\":\"https:\\\/\\\/regiaonews.net.br\\\/2022\\\/2024\\\/08\\\/16\\\/trios-de-competidores-destacam-na-semifinal-do-team-penning-nas-somas-6-e-11\\\/\",\"name\":\"Trios de competidores destacam na semifinal do Team Penning nas somas 6 e 11 - Regi\u00e3o News\",\"isPartOf\":{\"@id\":\"https:\\\/\\\/regiaonews.net.br\\\/2022\\\/#website\"},\"primaryImageOfPage\":{\"@id\":\"https:\\\/\\\/regiaonews.net.br\\\/2022\\\/2024\\\/08\\\/16\\\/trios-de-competidores-destacam-na-semifinal-do-team-penning-nas-somas-6-e-11\\\/#primaryimage\"},\"image\":{\"@id\":\"https:\\\/\\\/regiaonews.net.br\\\/2022\\\/2024\\\/08\\\/16\\\/trios-de-competidores-destacam-na-semifinal-do-team-penning-nas-somas-6-e-11\\\/#primaryimage\"},\"thumbnailUrl\":\"https:\\\/\\\/regiaonews.net.br\\\/2022\\\/wp-content\\\/uploads\\\/2024\\\/08\\\/foto-10-scaled.jpg\",\"datePublished\":\"2024-08-16T03:19:25+00:00\",\"dateModified\":\"2024-08-16T03:33:56+00:00\",\"breadcrumb\":{\"@id\":\"https:\\\/\\\/regiaonews.net.br\\\/2022\\\/2024\\\/08\\\/16\\\/trios-de-competidores-destacam-na-semifinal-do-team-penning-nas-somas-6-e-11\\\/#breadcrumb\"},\"inLanguage\":\"pt-BR\",\"potentialAction\":[{\"@type\":\"ReadAction\",\"target\":[\"https:\\\/\\\/regiaonews.net.br\\\/2022\\\/2024\\\/08\\\/16\\\/trios-de-competidores-destacam-na-semifinal-do-team-penning-nas-somas-6-e-11\\\/\"]}]},{\"@type\":\"ImageObject\",\"inLanguage\":\"pt-BR\",\"@id\":\"https:\\\/\\\/regiaonews.net.br\\\/2022\\\/2024\\\/08\\\/16\\\/trios-de-competidores-destacam-na-semifinal-do-team-penning-nas-somas-6-e-11\\\/#primaryimage\",\"url\":\"https:\\\/\\\/regiaonews.net.br\\\/2022\\\/wp-content\\\/uploads\\\/2024\\\/08\\\/foto-10-scaled.jpg\",\"contentUrl\":\"https:\\\/\\\/regiaonews.net.br\\\/2022\\\/wp-content\\\/uploads\\\/2024\\\/08\\\/foto-10-scaled.jpg\",\"width\":2560,\"height\":1709},{\"@type\":\"BreadcrumbList\",\"@id\":\"https:\\\/\\\/regiaonews.net.br\\\/2022\\\/2024\\\/08\\\/16\\\/trios-de-competidores-destacam-na-semifinal-do-team-penning-nas-somas-6-e-11\\\/#breadcrumb\",\"itemListElement\":[{\"@type\":\"ListItem\",\"position\":1,\"name\":\"In\u00edcio\",\"item\":\"https:\\\/\\\/regiaonews.net.br\\\/2022\\\/\"},{\"@type\":\"ListItem\",\"position\":2,\"name\":\"Trios de competidores destacam na semifinal do Team Penning nas somas 6 e 11\"}]},{\"@type\":\"WebSite\",\"@id\":\"https:\\\/\\\/regiaonews.net.br\\\/2022\\\/#website\",\"url\":\"https:\\\/\\\/regiaonews.net.br\\\/2022\\\/\",\"name\":\"Regi\u00e3o News\",\"description\":\"Site de Not\u00edcias de Barretos e regi\u00e3o\",\"publisher\":{\"@id\":\"https:\\\/\\\/regiaonews.net.br\\\/2022\\\/#organization\"},\"potentialAction\":[{\"@type\":\"SearchAction\",\"target\":{\"@type\":\"EntryPoint\",\"urlTemplate\":\"https:\\\/\\\/regiaonews.net.br\\\/2022\\\/?s={search_term_string}\"},\"query-input\":{\"@type\":\"PropertyValueSpecification\",\"valueRequired\":true,\"valueName\":\"search_term_string\"}}],\"inLanguage\":\"pt-BR\"},{\"@type\":\"Organization\",\"@id\":\"https:\\\/\\\/regiaonews.net.br\\\/2022\\\/#organization\",\"name\":\"Regi\u00e3o News\",\"url\":\"https:\\\/\\\/regiaonews.net.br\\\/2022\\\/\",\"logo\":{\"@type\":\"ImageObject\",\"inLanguage\":\"pt-BR\",\"@id\":\"https:\\\/\\\/regiaonews.net.br\\\/2022\\\/#\\\/schema\\\/logo\\\/image\\\/\",\"url\":\"https:\\\/\\\/regiaonews.net.br\\\/2022\\\/wp-content\\\/uploads\\\/2026\\\/03\\\/regiao-13-anos-scaled.jpg\",\"contentUrl\":\"https:\\\/\\\/regiaonews.net.br\\\/2022\\\/wp-content\\\/uploads\\\/2026\\\/03\\\/regiao-13-anos-scaled.jpg\",\"width\":2560,\"height\":635,\"caption\":\"Regi\u00e3o News\"},\"image\":{\"@id\":\"https:\\\/\\\/regiaonews.net.br\\\/2022\\\/#\\\/schema\\\/logo\\\/image\\\/\"}},{\"@type\":\"Person\",\"@id\":\"https:\\\/\\\/regiaonews.net.br\\\/2022\\\/#\\\/schema\\\/person\\\/2d205a608a5aa97ac279d7a5e6d89ad8\",\"name\":\"Roberto\",\"image\":{\"@type\":\"ImageObject\",\"inLanguage\":\"pt-BR\",\"@id\":\"https:\\\/\\\/secure.gravatar.com\\\/avatar\\\/42749d8b712ff9d59ca93dc150494e5b55a44134482993f5baeb97e61b7ecc89?s=96&d=mm&r=g\",\"url\":\"https:\\\/\\\/secure.gravatar.com\\\/avatar\\\/42749d8b712ff9d59ca93dc150494e5b55a44134482993f5baeb97e61b7ecc89?s=96&d=mm&r=g\",\"contentUrl\":\"https:\\\/\\\/secure.gravatar.com\\\/avatar\\\/42749d8b712ff9d59ca93dc150494e5b55a44134482993f5baeb97e61b7ecc89?s=96&d=mm&r=g\",\"caption\":\"Roberto\"},\"url\":\"https:\\\/\\\/regiaonews.net.br\\\/2022\\\/author\\\/roberto\\\/\"}]}<\/script>\n<!-- \/ Yoast SEO plugin. -->","yoast_head_json":{"title":"Trios de competidores destacam na semifinal do Team Penning nas somas 6 e 11 - Regi\u00e3o News","robots":{"index":"index","follow":"follow","max-snippet":"max-snippet:-1","max-image-preview":"max-image-preview:large","max-video-preview":"max-video-preview:-1"},"canonical":"https:\/\/regiaonews.net.br\/2022\/2024\/08\/16\/trios-de-competidores-destacam-na-semifinal-do-team-penning-nas-somas-6-e-11\/","og_locale":"pt_BR","og_type":"article","og_title":"Trios de competidores destacam na semifinal do Team Penning nas somas 6 e 11 - Regi\u00e3o News","og_description":"Foto\u00a0 &#8211; Competidores que se destacaram na soma 6 &nbsp;","og_url":"https:\/\/regiaonews.net.br\/2022\/2024\/08\/16\/trios-de-competidores-destacam-na-semifinal-do-team-penning-nas-somas-6-e-11\/","og_site_name":"Regi\u00e3o News","article_published_time":"2024-08-16T03:19:25+00:00","article_modified_time":"2024-08-16T03:33:56+00:00","og_image":[{"width":2560,"height":1709,"url":"https:\/\/regiaonews.net.br\/2022\/wp-content\/uploads\/2024\/08\/foto-10-scaled.jpg","type":"image\/jpeg"}],"author":"Roberto","twitter_card":"summary_large_image","twitter_misc":{"Escrito por":"Roberto","Est. tempo de leitura":"2 minutos"},"schema":{"@context":"https:\/\/schema.org","@graph":[{"@type":"Article","@id":"https:\/\/regiaonews.net.br\/2022\/2024\/08\/16\/trios-de-competidores-destacam-na-semifinal-do-team-penning-nas-somas-6-e-11\/#article","isPartOf":{"@id":"https:\/\/regiaonews.net.br\/2022\/2024\/08\/16\/trios-de-competidores-destacam-na-semifinal-do-team-penning-nas-somas-6-e-11\/"},"author":{"name":"Roberto","@id":"https:\/\/regiaonews.net.br\/2022\/#\/schema\/person\/2d205a608a5aa97ac279d7a5e6d89ad8"},"headline":"Trios de competidores destacam na semifinal do Team Penning nas somas 6 e 11","datePublished":"2024-08-16T03:19:25+00:00","dateModified":"2024-08-16T03:33:56+00:00","mainEntityOfPage":{"@id":"https:\/\/regiaonews.net.br\/2022\/2024\/08\/16\/trios-de-competidores-destacam-na-semifinal-do-team-penning-nas-somas-6-e-11\/"},"wordCount":278,"commentCount":0,"publisher":{"@id":"https:\/\/regiaonews.net.br\/2022\/#organization"},"image":{"@id":"https:\/\/regiaonews.net.br\/2022\/2024\/08\/16\/trios-de-competidores-destacam-na-semifinal-do-team-penning-nas-somas-6-e-11\/#primaryimage"},"thumbnailUrl":"https:\/\/regiaonews.net.br\/2022\/wp-content\/uploads\/2024\/08\/foto-10-scaled.jpg","articleSection":["Barretos","Esporte","Festa do Pe\u00e3o"],"inLanguage":"pt-BR","potentialAction":[{"@type":"CommentAction","name":"Comment","target":["https:\/\/regiaonews.net.br\/2022\/2024\/08\/16\/trios-de-competidores-destacam-na-semifinal-do-team-penning-nas-somas-6-e-11\/#respond"]}]},{"@type":"WebPage","@id":"https:\/\/regiaonews.net.br\/2022\/2024\/08\/16\/trios-de-competidores-destacam-na-semifinal-do-team-penning-nas-somas-6-e-11\/","url":"https:\/\/regiaonews.net.br\/2022\/2024\/08\/16\/trios-de-competidores-destacam-na-semifinal-do-team-penning-nas-somas-6-e-11\/","name":"Trios de competidores destacam na semifinal do Team Penning nas somas 6 e 11 - Regi\u00e3o News","isPartOf":{"@id":"https:\/\/regiaonews.net.br\/2022\/#website"},"primaryImageOfPage":{"@id":"https:\/\/regiaonews.net.br\/2022\/2024\/08\/16\/trios-de-competidores-destacam-na-semifinal-do-team-penning-nas-somas-6-e-11\/#primaryimage"},"image":{"@id":"https:\/\/regiaonews.net.br\/2022\/2024\/08\/16\/trios-de-competidores-destacam-na-semifinal-do-team-penning-nas-somas-6-e-11\/#primaryimage"},"thumbnailUrl":"https:\/\/regiaonews.net.br\/2022\/wp-content\/uploads\/2024\/08\/foto-10-scaled.jpg","datePublished":"2024-08-16T03:19:25+00:00","dateModified":"2024-08-16T03:33:56+00:00","breadcrumb":{"@id":"https:\/\/regiaonews.net.br\/2022\/2024\/08\/16\/trios-de-competidores-destacam-na-semifinal-do-team-penning-nas-somas-6-e-11\/#breadcrumb"},"inLanguage":"pt-BR","potentialAction":[{"@type":"ReadAction","target":["https:\/\/regiaonews.net.br\/2022\/2024\/08\/16\/trios-de-competidores-destacam-na-semifinal-do-team-penning-nas-somas-6-e-11\/"]}]},{"@type":"ImageObject","inLanguage":"pt-BR","@id":"https:\/\/regiaonews.net.br\/2022\/2024\/08\/16\/trios-de-competidores-destacam-na-semifinal-do-team-penning-nas-somas-6-e-11\/#primaryimage","url":"https:\/\/regiaonews.net.br\/2022\/wp-content\/uploads\/2024\/08\/foto-10-scaled.jpg","contentUrl":"https:\/\/regiaonews.net.br\/2022\/wp-content\/uploads\/2024\/08\/foto-10-scaled.jpg","width":2560,"height":1709},{"@type":"BreadcrumbList","@id":"https:\/\/regiaonews.net.br\/2022\/2024\/08\/16\/trios-de-competidores-destacam-na-semifinal-do-team-penning-nas-somas-6-e-11\/#breadcrumb","itemListElement":[{"@type":"ListItem","position":1,"name":"In\u00edcio","item":"https:\/\/regiaonews.net.br\/2022\/"},{"@type":"ListItem","position":2,"name":"Trios de competidores destacam na semifinal do Team Penning nas somas 6 e 11"}]},{"@type":"WebSite","@id":"https:\/\/regiaonews.net.br\/2022\/#website","url":"https:\/\/regiaonews.net.br\/2022\/","name":"Regi\u00e3o News","description":"Site de Not\u00edcias de Barretos e regi\u00e3o","publisher":{"@id":"https:\/\/regiaonews.net.br\/2022\/#organization"},"potentialAction":[{"@type":"SearchAction","target":{"@type":"EntryPoint","urlTemplate":"https:\/\/regiaonews.net.br\/2022\/?s={search_term_string}"},"query-input":{"@type":"PropertyValueSpecification","valueRequired":true,"valueName":"search_term_string"}}],"inLanguage":"pt-BR"},{"@type":"Organization","@id":"https:\/\/regiaonews.net.br\/2022\/#organization","name":"Regi\u00e3o News","url":"https:\/\/regiaonews.net.br\/2022\/","logo":{"@type":"ImageObject","inLanguage":"pt-BR","@id":"https:\/\/regiaonews.net.br\/2022\/#\/schema\/logo\/image\/","url":"https:\/\/regiaonews.net.br\/2022\/wp-content\/uploads\/2026\/03\/regiao-13-anos-scaled.jpg","contentUrl":"https:\/\/regiaonews.net.br\/2022\/wp-content\/uploads\/2026\/03\/regiao-13-anos-scaled.jpg","width":2560,"height":635,"caption":"Regi\u00e3o News"},"image":{"@id":"https:\/\/regiaonews.net.br\/2022\/#\/schema\/logo\/image\/"}},{"@type":"Person","@id":"https:\/\/regiaonews.net.br\/2022\/#\/schema\/person\/2d205a608a5aa97ac279d7a5e6d89ad8","name":"Roberto","image":{"@type":"ImageObject","inLanguage":"pt-BR","@id":"https:\/\/secure.gravatar.com\/avatar\/42749d8b712ff9d59ca93dc150494e5b55a44134482993f5baeb97e61b7ecc89?s=96&d=mm&r=g","url":"https:\/\/secure.gravatar.com\/avatar\/42749d8b712ff9d59ca93dc150494e5b55a44134482993f5baeb97e61b7ecc89?s=96&d=mm&r=g","contentUrl":"https:\/\/secure.gravatar.com\/avatar\/42749d8b712ff9d59ca93dc150494e5b55a44134482993f5baeb97e61b7ecc89?s=96&d=mm&r=g","caption":"Roberto"},"url":"https:\/\/regiaonews.net.br\/2022\/author\/roberto\/"}]}},"publishpress_future_action":{"enabled":false,"date":"2026-05-03 01:45:57","action":"change-status","newStatus":"draft","terms":[],"taxonomy":"category","extraData":[]},"publishpress_future_workflow_manual_trigger":{"enabledWorkflows":[]},"_links":{"self":[{"href":"https:\/\/regiaonews.net.br\/2022\/wp-json\/wp\/v2\/posts\/108841","targetHints":{"allow":["GET"]}}],"collection":[{"href":"https:\/\/regiaonews.net.br\/2022\/wp-json\/wp\/v2\/posts"}],"about":[{"href":"https:\/\/regiaonews.net.br\/2022\/wp-json\/wp\/v2\/types\/post"}],"author":[{"embeddable":true,"href":"https:\/\/regiaonews.net.br\/2022\/wp-json\/wp\/v2\/users\/2"}],"replies":[{"embeddable":true,"href":"https:\/\/regiaonews.net.br\/2022\/wp-json\/wp\/v2\/comments?post=108841"}],"version-history":[{"count":4,"href":"https:\/\/regiaonews.net.br\/2022\/wp-json\/wp\/v2\/posts\/108841\/revisions"}],"predecessor-version":[{"id":108854,"href":"https:\/\/regiaonews.net.br\/2022\/wp-json\/wp\/v2\/posts\/108841\/revisions\/108854"}],"wp:featuredmedia":[{"embeddable":true,"href":"https:\/\/regiaonews.net.br\/2022\/wp-json\/wp\/v2\/media\/108843"}],"wp:attachment":[{"href":"https:\/\/regiaonews.net.br\/2022\/wp-json\/wp\/v2\/media?parent=108841"}],"wp:term":[{"taxonomy":"category","embeddable":true,"href":"https:\/\/regiaonews.net.br\/2022\/wp-json\/wp\/v2\/categories?post=108841"},{"taxonomy":"post_tag","embeddable":true,"href":"https:\/\/regiaonews.net.br\/2022\/wp-json\/wp\/v2\/tags?post=108841"}],"curies":[{"name":"wp","href":"https:\/\/api.w.org\/{rel}","templated":true}]}}