{"id":108838,"date":"2024-08-15T21:54:57","date_gmt":"2024-08-16T00:54:57","guid":{"rendered":"https:\/\/regiaonews.net.br\/2022\/?p=108838"},"modified":"2024-08-15T21:54:57","modified_gmt":"2024-08-16T00:54:57","slug":"cavaleiro-das-americas-fala-sobre-proposito-aos-colaboradores-do-hospital-de-amor","status":"publish","type":"post","link":"https:\/\/regiaonews.net.br\/2022\/2024\/08\/15\/cavaleiro-das-americas-fala-sobre-proposito-aos-colaboradores-do-hospital-de-amor\/","title":{"rendered":"&#8220;Cavaleiro das Am\u00e9ricas&#8221; fala sobre prop\u00f3sito aos colaboradores do Hospital de Amor"},"content":{"rendered":"<p>Palestra de Felipe Masseti, que percorreu as Am\u00e9ricas \u00e0 cavalo, faz parte do programa Cuidando de Quem Cuida do Instituto Sociocultual do HA<\/p>\n<p>Felipe Masseti Leite, o \u201cCavaleiro das Am\u00e9ricas\u201d realizou a palestra \u201cDesbravando Horizontes: A Jornada do Cavaleiro das Am\u00e9ricas &#8211; Descubra o seu prop\u00f3sito, conquiste seus sonhos e construa um legado\u201d exclusivamente para os colaboradores do Hospital de Amor, no Centro de Conven\u00e7\u00f5es Dr. Paulo Prata, na ter\u00e7a-feira, 13 de agosto.<br \/>\nO cavaleiro \u00e9 formado em jornalismo pela Ryerson University, de Toronto, no Canad\u00e1, p\u00e1is para o qual mudou-se com seus pais aos 10 anos de idade. Em 2012 ele decidiu embarcar em uma aventura, a de percorrer as Am\u00e9ricas, do Canad\u00e1 a Barretos\/SP, a cavalo. A jornada levou dois anos e a chegada aconteceu em agosto de 2014, durante Festa do Pe\u00e3o de Boiadeiro de Barretos. Leite cavalgou com seus tr\u00eas cavalos por cerca de 16 mil quil\u00f4metros, atravessando 12 pa\u00edses.<br \/>\n&#8220;Deve-se colocar o medo de lado, fazer o planejamento e dar o primeiro passo para realizar coisas extraordin\u00e1rias Com foco, determina\u00e7\u00e3o, quando voc\u00ea quer algo de verdade, voc\u00ea consegue o que quiser\u201d afirmou Felipe.<br \/>\nAinda de acordo com o palestrante, ele \u00e9 &#8220;o \u00fanico brasileiro a fazer as Am\u00e9ricas, de norte ao sul, montado a cavalo. Depois fiz do Alaska ao Canad\u00e1, no total, foram oito anos. Inclusive, a partir do dia 15 deste m\u00eas de agosto, ser\u00e1 lan\u00e7ando o document\u00e1rio \u201cCavaleiro das Am\u00e9ricas\u201d no streaming Brasil Paralelo, produzido por uma produtora canadense. Al\u00e9m disso, celebro 10 anos da minha chegada \u00e0 Barretos, da minha primeira jornada, vou estar na Festa do Pe\u00e3o deste ano, entrando na arena com a PBR e no rodeio internacional\u201d.<br \/>\nFelipe escreve para o Toronto Star, o maior jornal do Canad\u00e1, j\u00e1 trabalhou com o programa Fant\u00e1stico da Rede Globo. O primeiro livro foi o &#8220;Cavaleiro das Am\u00e9ricas&#8221;, publicado pela editora Harper Collins, permaneceu por treze semanas na lista dos mais vendidos da &#8216;Revista Veja&#8217; e agora ser\u00e1 adaptado para um filme de longa-metragem. O segundo livro, &#8220;Cavaleiro das Am\u00e9ricas: Rumo ao Fim do Mundo&#8221;, lan\u00e7ado em dezembro de 2020, tornou-se um best-seller n\u00famero 1 no site da Amazon no Brasil, Canad\u00e1 e Estados Unidos.<br \/>\nA palestra fez parte do programa \u201cCuidando de Quem Cuida\u201d, do Instituto Sociocultural do Hospital de Amor, em parceria com o Minist\u00e9rio da Cultura, por meio da Lei de Incentivo \u00e0 Cultura &#8211; Lei Rouanet.<\/p>\n","protected":false},"excerpt":{"rendered":"<p>Palestra de Felipe Masseti, que percorreu as Am\u00e9ricas \u00e0 cavalo,<\/p>\n","protected":false},"author":2,"featured_media":6080,"comment_status":"open","ping_status":"open","sticky":false,"template":"","format":"standard","meta":{"footnotes":""},"categories":[14,25,111],"tags":[],"class_list":["post-108838","post","type-post","status-publish","format-standard","has-post-thumbnail","hentry","category-barretos","category-cidades","category-cotidiano"],"yoast_head":"<!-- This site is optimized with the Yoast SEO plugin v27.4 - https:\/\/yoast.com\/product\/yoast-seo-wordpress\/ -->\n<title>&quot;Cavaleiro das Am\u00e9ricas&quot; fala sobre prop\u00f3sito aos colaboradores do Hospital de Amor - Regi\u00e3o News<\/title>\n<meta name=\"robots\" content=\"index, follow, max-snippet:-1, max-image-preview:large, max-video-preview:-1\" \/>\n<link rel=\"canonical\" href=\"https:\/\/regiaonews.net.br\/2022\/2024\/08\/15\/cavaleiro-das-americas-fala-sobre-proposito-aos-colaboradores-do-hospital-de-amor\/\" \/>\n<meta property=\"og:locale\" content=\"pt_BR\" \/>\n<meta property=\"og:type\" content=\"article\" \/>\n<meta property=\"og:title\" content=\"&quot;Cavaleiro das Am\u00e9ricas&quot; fala sobre prop\u00f3sito aos colaboradores do Hospital de Amor - Regi\u00e3o News\" \/>\n<meta property=\"og:description\" content=\"Palestra de Felipe Masseti, que percorreu as Am\u00e9ricas \u00e0 cavalo,\" \/>\n<meta property=\"og:url\" content=\"https:\/\/regiaonews.net.br\/2022\/2024\/08\/15\/cavaleiro-das-americas-fala-sobre-proposito-aos-colaboradores-do-hospital-de-amor\/\" \/>\n<meta property=\"og:site_name\" content=\"Regi\u00e3o News\" \/>\n<meta property=\"article:published_time\" content=\"2024-08-16T00:54:57+00:00\" \/>\n<meta property=\"og:image\" content=\"https:\/\/regiaonews.net.br\/2022\/wp-content\/uploads\/2017\/07\/cavaleiro-das-am\u00e9ricas.jpg\" \/>\n\t<meta property=\"og:image:width\" content=\"720\" \/>\n\t<meta property=\"og:image:height\" content=\"977\" \/>\n\t<meta property=\"og:image:type\" content=\"image\/jpeg\" \/>\n<meta name=\"author\" content=\"Roberto\" \/>\n<meta name=\"twitter:card\" content=\"summary_large_image\" \/>\n<meta name=\"twitter:label1\" content=\"Escrito por\" \/>\n\t<meta name=\"twitter:data1\" content=\"Roberto\" \/>\n\t<meta name=\"twitter:label2\" content=\"Est. tempo de leitura\" \/>\n\t<meta name=\"twitter:data2\" content=\"3 minutos\" \/>\n<script type=\"application\/ld+json\" class=\"yoast-schema-graph\">{\"@context\":\"https:\\\/\\\/schema.org\",\"@graph\":[{\"@type\":\"Article\",\"@id\":\"https:\\\/\\\/regiaonews.net.br\\\/2022\\\/2024\\\/08\\\/15\\\/cavaleiro-das-americas-fala-sobre-proposito-aos-colaboradores-do-hospital-de-amor\\\/#article\",\"isPartOf\":{\"@id\":\"https:\\\/\\\/regiaonews.net.br\\\/2022\\\/2024\\\/08\\\/15\\\/cavaleiro-das-americas-fala-sobre-proposito-aos-colaboradores-do-hospital-de-amor\\\/\"},\"author\":{\"name\":\"Roberto\",\"@id\":\"https:\\\/\\\/regiaonews.net.br\\\/2022\\\/#\\\/schema\\\/person\\\/2d205a608a5aa97ac279d7a5e6d89ad8\"},\"headline\":\"&#8220;Cavaleiro das Am\u00e9ricas&#8221; fala sobre prop\u00f3sito aos colaboradores do Hospital de Amor\",\"datePublished\":\"2024-08-16T00:54:57+00:00\",\"mainEntityOfPage\":{\"@id\":\"https:\\\/\\\/regiaonews.net.br\\\/2022\\\/2024\\\/08\\\/15\\\/cavaleiro-das-americas-fala-sobre-proposito-aos-colaboradores-do-hospital-de-amor\\\/\"},\"wordCount\":426,\"commentCount\":0,\"publisher\":{\"@id\":\"https:\\\/\\\/regiaonews.net.br\\\/2022\\\/#organization\"},\"image\":{\"@id\":\"https:\\\/\\\/regiaonews.net.br\\\/2022\\\/2024\\\/08\\\/15\\\/cavaleiro-das-americas-fala-sobre-proposito-aos-colaboradores-do-hospital-de-amor\\\/#primaryimage\"},\"thumbnailUrl\":\"https:\\\/\\\/regiaonews.net.br\\\/2022\\\/wp-content\\\/uploads\\\/2017\\\/07\\\/cavaleiro-das-am\u00e9ricas.jpg\",\"articleSection\":[\"Barretos\",\"Cidades\",\"Cotidiano\"],\"inLanguage\":\"pt-BR\",\"potentialAction\":[{\"@type\":\"CommentAction\",\"name\":\"Comment\",\"target\":[\"https:\\\/\\\/regiaonews.net.br\\\/2022\\\/2024\\\/08\\\/15\\\/cavaleiro-das-americas-fala-sobre-proposito-aos-colaboradores-do-hospital-de-amor\\\/#respond\"]}]},{\"@type\":\"WebPage\",\"@id\":\"https:\\\/\\\/regiaonews.net.br\\\/2022\\\/2024\\\/08\\\/15\\\/cavaleiro-das-americas-fala-sobre-proposito-aos-colaboradores-do-hospital-de-amor\\\/\",\"url\":\"https:\\\/\\\/regiaonews.net.br\\\/2022\\\/2024\\\/08\\\/15\\\/cavaleiro-das-americas-fala-sobre-proposito-aos-colaboradores-do-hospital-de-amor\\\/\",\"name\":\"\\\"Cavaleiro das Am\u00e9ricas\\\" fala sobre prop\u00f3sito aos colaboradores do Hospital de Amor - Regi\u00e3o News\",\"isPartOf\":{\"@id\":\"https:\\\/\\\/regiaonews.net.br\\\/2022\\\/#website\"},\"primaryImageOfPage\":{\"@id\":\"https:\\\/\\\/regiaonews.net.br\\\/2022\\\/2024\\\/08\\\/15\\\/cavaleiro-das-americas-fala-sobre-proposito-aos-colaboradores-do-hospital-de-amor\\\/#primaryimage\"},\"image\":{\"@id\":\"https:\\\/\\\/regiaonews.net.br\\\/2022\\\/2024\\\/08\\\/15\\\/cavaleiro-das-americas-fala-sobre-proposito-aos-colaboradores-do-hospital-de-amor\\\/#primaryimage\"},\"thumbnailUrl\":\"https:\\\/\\\/regiaonews.net.br\\\/2022\\\/wp-content\\\/uploads\\\/2017\\\/07\\\/cavaleiro-das-am\u00e9ricas.jpg\",\"datePublished\":\"2024-08-16T00:54:57+00:00\",\"breadcrumb\":{\"@id\":\"https:\\\/\\\/regiaonews.net.br\\\/2022\\\/2024\\\/08\\\/15\\\/cavaleiro-das-americas-fala-sobre-proposito-aos-colaboradores-do-hospital-de-amor\\\/#breadcrumb\"},\"inLanguage\":\"pt-BR\",\"potentialAction\":[{\"@type\":\"ReadAction\",\"target\":[\"https:\\\/\\\/regiaonews.net.br\\\/2022\\\/2024\\\/08\\\/15\\\/cavaleiro-das-americas-fala-sobre-proposito-aos-colaboradores-do-hospital-de-amor\\\/\"]}]},{\"@type\":\"ImageObject\",\"inLanguage\":\"pt-BR\",\"@id\":\"https:\\\/\\\/regiaonews.net.br\\\/2022\\\/2024\\\/08\\\/15\\\/cavaleiro-das-americas-fala-sobre-proposito-aos-colaboradores-do-hospital-de-amor\\\/#primaryimage\",\"url\":\"https:\\\/\\\/regiaonews.net.br\\\/2022\\\/wp-content\\\/uploads\\\/2017\\\/07\\\/cavaleiro-das-am\u00e9ricas.jpg\",\"contentUrl\":\"https:\\\/\\\/regiaonews.net.br\\\/2022\\\/wp-content\\\/uploads\\\/2017\\\/07\\\/cavaleiro-das-am\u00e9ricas.jpg\",\"width\":720,\"height\":977},{\"@type\":\"BreadcrumbList\",\"@id\":\"https:\\\/\\\/regiaonews.net.br\\\/2022\\\/2024\\\/08\\\/15\\\/cavaleiro-das-americas-fala-sobre-proposito-aos-colaboradores-do-hospital-de-amor\\\/#breadcrumb\",\"itemListElement\":[{\"@type\":\"ListItem\",\"position\":1,\"name\":\"In\u00edcio\",\"item\":\"https:\\\/\\\/regiaonews.net.br\\\/2022\\\/\"},{\"@type\":\"ListItem\",\"position\":2,\"name\":\"&#8220;Cavaleiro das Am\u00e9ricas&#8221; fala sobre prop\u00f3sito aos colaboradores do Hospital de Amor\"}]},{\"@type\":\"WebSite\",\"@id\":\"https:\\\/\\\/regiaonews.net.br\\\/2022\\\/#website\",\"url\":\"https:\\\/\\\/regiaonews.net.br\\\/2022\\\/\",\"name\":\"Regi\u00e3o News\",\"description\":\"Site de Not\u00edcias de Barretos e regi\u00e3o\",\"publisher\":{\"@id\":\"https:\\\/\\\/regiaonews.net.br\\\/2022\\\/#organization\"},\"potentialAction\":[{\"@type\":\"SearchAction\",\"target\":{\"@type\":\"EntryPoint\",\"urlTemplate\":\"https:\\\/\\\/regiaonews.net.br\\\/2022\\\/?s={search_term_string}\"},\"query-input\":{\"@type\":\"PropertyValueSpecification\",\"valueRequired\":true,\"valueName\":\"search_term_string\"}}],\"inLanguage\":\"pt-BR\"},{\"@type\":\"Organization\",\"@id\":\"https:\\\/\\\/regiaonews.net.br\\\/2022\\\/#organization\",\"name\":\"Regi\u00e3o News\",\"url\":\"https:\\\/\\\/regiaonews.net.br\\\/2022\\\/\",\"logo\":{\"@type\":\"ImageObject\",\"inLanguage\":\"pt-BR\",\"@id\":\"https:\\\/\\\/regiaonews.net.br\\\/2022\\\/#\\\/schema\\\/logo\\\/image\\\/\",\"url\":\"https:\\\/\\\/regiaonews.net.br\\\/2022\\\/wp-content\\\/uploads\\\/2026\\\/03\\\/regiao-13-anos-scaled.jpg\",\"contentUrl\":\"https:\\\/\\\/regiaonews.net.br\\\/2022\\\/wp-content\\\/uploads\\\/2026\\\/03\\\/regiao-13-anos-scaled.jpg\",\"width\":2560,\"height\":635,\"caption\":\"Regi\u00e3o News\"},\"image\":{\"@id\":\"https:\\\/\\\/regiaonews.net.br\\\/2022\\\/#\\\/schema\\\/logo\\\/image\\\/\"}},{\"@type\":\"Person\",\"@id\":\"https:\\\/\\\/regiaonews.net.br\\\/2022\\\/#\\\/schema\\\/person\\\/2d205a608a5aa97ac279d7a5e6d89ad8\",\"name\":\"Roberto\",\"image\":{\"@type\":\"ImageObject\",\"inLanguage\":\"pt-BR\",\"@id\":\"https:\\\/\\\/secure.gravatar.com\\\/avatar\\\/42749d8b712ff9d59ca93dc150494e5b55a44134482993f5baeb97e61b7ecc89?s=96&d=mm&r=g\",\"url\":\"https:\\\/\\\/secure.gravatar.com\\\/avatar\\\/42749d8b712ff9d59ca93dc150494e5b55a44134482993f5baeb97e61b7ecc89?s=96&d=mm&r=g\",\"contentUrl\":\"https:\\\/\\\/secure.gravatar.com\\\/avatar\\\/42749d8b712ff9d59ca93dc150494e5b55a44134482993f5baeb97e61b7ecc89?s=96&d=mm&r=g\",\"caption\":\"Roberto\"},\"url\":\"https:\\\/\\\/regiaonews.net.br\\\/2022\\\/author\\\/roberto\\\/\"}]}<\/script>\n<!-- \/ Yoast SEO plugin. -->","yoast_head_json":{"title":"\"Cavaleiro das Am\u00e9ricas\" fala sobre prop\u00f3sito aos colaboradores do Hospital de Amor - Regi\u00e3o News","robots":{"index":"index","follow":"follow","max-snippet":"max-snippet:-1","max-image-preview":"max-image-preview:large","max-video-preview":"max-video-preview:-1"},"canonical":"https:\/\/regiaonews.net.br\/2022\/2024\/08\/15\/cavaleiro-das-americas-fala-sobre-proposito-aos-colaboradores-do-hospital-de-amor\/","og_locale":"pt_BR","og_type":"article","og_title":"\"Cavaleiro das Am\u00e9ricas\" fala sobre prop\u00f3sito aos colaboradores do Hospital de Amor - Regi\u00e3o News","og_description":"Palestra de Felipe Masseti, que percorreu as Am\u00e9ricas \u00e0 cavalo,","og_url":"https:\/\/regiaonews.net.br\/2022\/2024\/08\/15\/cavaleiro-das-americas-fala-sobre-proposito-aos-colaboradores-do-hospital-de-amor\/","og_site_name":"Regi\u00e3o News","article_published_time":"2024-08-16T00:54:57+00:00","og_image":[{"width":720,"height":977,"url":"https:\/\/regiaonews.net.br\/2022\/wp-content\/uploads\/2017\/07\/cavaleiro-das-am\u00e9ricas.jpg","type":"image\/jpeg"}],"author":"Roberto","twitter_card":"summary_large_image","twitter_misc":{"Escrito por":"Roberto","Est. tempo de leitura":"3 minutos"},"schema":{"@context":"https:\/\/schema.org","@graph":[{"@type":"Article","@id":"https:\/\/regiaonews.net.br\/2022\/2024\/08\/15\/cavaleiro-das-americas-fala-sobre-proposito-aos-colaboradores-do-hospital-de-amor\/#article","isPartOf":{"@id":"https:\/\/regiaonews.net.br\/2022\/2024\/08\/15\/cavaleiro-das-americas-fala-sobre-proposito-aos-colaboradores-do-hospital-de-amor\/"},"author":{"name":"Roberto","@id":"https:\/\/regiaonews.net.br\/2022\/#\/schema\/person\/2d205a608a5aa97ac279d7a5e6d89ad8"},"headline":"&#8220;Cavaleiro das Am\u00e9ricas&#8221; fala sobre prop\u00f3sito aos colaboradores do Hospital de Amor","datePublished":"2024-08-16T00:54:57+00:00","mainEntityOfPage":{"@id":"https:\/\/regiaonews.net.br\/2022\/2024\/08\/15\/cavaleiro-das-americas-fala-sobre-proposito-aos-colaboradores-do-hospital-de-amor\/"},"wordCount":426,"commentCount":0,"publisher":{"@id":"https:\/\/regiaonews.net.br\/2022\/#organization"},"image":{"@id":"https:\/\/regiaonews.net.br\/2022\/2024\/08\/15\/cavaleiro-das-americas-fala-sobre-proposito-aos-colaboradores-do-hospital-de-amor\/#primaryimage"},"thumbnailUrl":"https:\/\/regiaonews.net.br\/2022\/wp-content\/uploads\/2017\/07\/cavaleiro-das-am\u00e9ricas.jpg","articleSection":["Barretos","Cidades","Cotidiano"],"inLanguage":"pt-BR","potentialAction":[{"@type":"CommentAction","name":"Comment","target":["https:\/\/regiaonews.net.br\/2022\/2024\/08\/15\/cavaleiro-das-americas-fala-sobre-proposito-aos-colaboradores-do-hospital-de-amor\/#respond"]}]},{"@type":"WebPage","@id":"https:\/\/regiaonews.net.br\/2022\/2024\/08\/15\/cavaleiro-das-americas-fala-sobre-proposito-aos-colaboradores-do-hospital-de-amor\/","url":"https:\/\/regiaonews.net.br\/2022\/2024\/08\/15\/cavaleiro-das-americas-fala-sobre-proposito-aos-colaboradores-do-hospital-de-amor\/","name":"\"Cavaleiro das Am\u00e9ricas\" fala sobre prop\u00f3sito aos colaboradores do Hospital de Amor - Regi\u00e3o News","isPartOf":{"@id":"https:\/\/regiaonews.net.br\/2022\/#website"},"primaryImageOfPage":{"@id":"https:\/\/regiaonews.net.br\/2022\/2024\/08\/15\/cavaleiro-das-americas-fala-sobre-proposito-aos-colaboradores-do-hospital-de-amor\/#primaryimage"},"image":{"@id":"https:\/\/regiaonews.net.br\/2022\/2024\/08\/15\/cavaleiro-das-americas-fala-sobre-proposito-aos-colaboradores-do-hospital-de-amor\/#primaryimage"},"thumbnailUrl":"https:\/\/regiaonews.net.br\/2022\/wp-content\/uploads\/2017\/07\/cavaleiro-das-am\u00e9ricas.jpg","datePublished":"2024-08-16T00:54:57+00:00","breadcrumb":{"@id":"https:\/\/regiaonews.net.br\/2022\/2024\/08\/15\/cavaleiro-das-americas-fala-sobre-proposito-aos-colaboradores-do-hospital-de-amor\/#breadcrumb"},"inLanguage":"pt-BR","potentialAction":[{"@type":"ReadAction","target":["https:\/\/regiaonews.net.br\/2022\/2024\/08\/15\/cavaleiro-das-americas-fala-sobre-proposito-aos-colaboradores-do-hospital-de-amor\/"]}]},{"@type":"ImageObject","inLanguage":"pt-BR","@id":"https:\/\/regiaonews.net.br\/2022\/2024\/08\/15\/cavaleiro-das-americas-fala-sobre-proposito-aos-colaboradores-do-hospital-de-amor\/#primaryimage","url":"https:\/\/regiaonews.net.br\/2022\/wp-content\/uploads\/2017\/07\/cavaleiro-das-am\u00e9ricas.jpg","contentUrl":"https:\/\/regiaonews.net.br\/2022\/wp-content\/uploads\/2017\/07\/cavaleiro-das-am\u00e9ricas.jpg","width":720,"height":977},{"@type":"BreadcrumbList","@id":"https:\/\/regiaonews.net.br\/2022\/2024\/08\/15\/cavaleiro-das-americas-fala-sobre-proposito-aos-colaboradores-do-hospital-de-amor\/#breadcrumb","itemListElement":[{"@type":"ListItem","position":1,"name":"In\u00edcio","item":"https:\/\/regiaonews.net.br\/2022\/"},{"@type":"ListItem","position":2,"name":"&#8220;Cavaleiro das Am\u00e9ricas&#8221; fala sobre prop\u00f3sito aos colaboradores do Hospital de Amor"}]},{"@type":"WebSite","@id":"https:\/\/regiaonews.net.br\/2022\/#website","url":"https:\/\/regiaonews.net.br\/2022\/","name":"Regi\u00e3o News","description":"Site de Not\u00edcias de Barretos e regi\u00e3o","publisher":{"@id":"https:\/\/regiaonews.net.br\/2022\/#organization"},"potentialAction":[{"@type":"SearchAction","target":{"@type":"EntryPoint","urlTemplate":"https:\/\/regiaonews.net.br\/2022\/?s={search_term_string}"},"query-input":{"@type":"PropertyValueSpecification","valueRequired":true,"valueName":"search_term_string"}}],"inLanguage":"pt-BR"},{"@type":"Organization","@id":"https:\/\/regiaonews.net.br\/2022\/#organization","name":"Regi\u00e3o News","url":"https:\/\/regiaonews.net.br\/2022\/","logo":{"@type":"ImageObject","inLanguage":"pt-BR","@id":"https:\/\/regiaonews.net.br\/2022\/#\/schema\/logo\/image\/","url":"https:\/\/regiaonews.net.br\/2022\/wp-content\/uploads\/2026\/03\/regiao-13-anos-scaled.jpg","contentUrl":"https:\/\/regiaonews.net.br\/2022\/wp-content\/uploads\/2026\/03\/regiao-13-anos-scaled.jpg","width":2560,"height":635,"caption":"Regi\u00e3o News"},"image":{"@id":"https:\/\/regiaonews.net.br\/2022\/#\/schema\/logo\/image\/"}},{"@type":"Person","@id":"https:\/\/regiaonews.net.br\/2022\/#\/schema\/person\/2d205a608a5aa97ac279d7a5e6d89ad8","name":"Roberto","image":{"@type":"ImageObject","inLanguage":"pt-BR","@id":"https:\/\/secure.gravatar.com\/avatar\/42749d8b712ff9d59ca93dc150494e5b55a44134482993f5baeb97e61b7ecc89?s=96&d=mm&r=g","url":"https:\/\/secure.gravatar.com\/avatar\/42749d8b712ff9d59ca93dc150494e5b55a44134482993f5baeb97e61b7ecc89?s=96&d=mm&r=g","contentUrl":"https:\/\/secure.gravatar.com\/avatar\/42749d8b712ff9d59ca93dc150494e5b55a44134482993f5baeb97e61b7ecc89?s=96&d=mm&r=g","caption":"Roberto"},"url":"https:\/\/regiaonews.net.br\/2022\/author\/roberto\/"}]}},"publishpress_future_action":{"enabled":false,"date":"2026-05-03 03:16:39","action":"change-status","newStatus":"draft","terms":[],"taxonomy":"category","extraData":[]},"publishpress_future_workflow_manual_trigger":{"enabledWorkflows":[]},"_links":{"self":[{"href":"https:\/\/regiaonews.net.br\/2022\/wp-json\/wp\/v2\/posts\/108838","targetHints":{"allow":["GET"]}}],"collection":[{"href":"https:\/\/regiaonews.net.br\/2022\/wp-json\/wp\/v2\/posts"}],"about":[{"href":"https:\/\/regiaonews.net.br\/2022\/wp-json\/wp\/v2\/types\/post"}],"author":[{"embeddable":true,"href":"https:\/\/regiaonews.net.br\/2022\/wp-json\/wp\/v2\/users\/2"}],"replies":[{"embeddable":true,"href":"https:\/\/regiaonews.net.br\/2022\/wp-json\/wp\/v2\/comments?post=108838"}],"version-history":[{"count":1,"href":"https:\/\/regiaonews.net.br\/2022\/wp-json\/wp\/v2\/posts\/108838\/revisions"}],"predecessor-version":[{"id":108839,"href":"https:\/\/regiaonews.net.br\/2022\/wp-json\/wp\/v2\/posts\/108838\/revisions\/108839"}],"wp:featuredmedia":[{"embeddable":true,"href":"https:\/\/regiaonews.net.br\/2022\/wp-json\/wp\/v2\/media\/6080"}],"wp:attachment":[{"href":"https:\/\/regiaonews.net.br\/2022\/wp-json\/wp\/v2\/media?parent=108838"}],"wp:term":[{"taxonomy":"category","embeddable":true,"href":"https:\/\/regiaonews.net.br\/2022\/wp-json\/wp\/v2\/categories?post=108838"},{"taxonomy":"post_tag","embeddable":true,"href":"https:\/\/regiaonews.net.br\/2022\/wp-json\/wp\/v2\/tags?post=108838"}],"curies":[{"name":"wp","href":"https:\/\/api.w.org\/{rel}","templated":true}]}}