{"id":108836,"date":"2024-08-15T16:42:13","date_gmt":"2024-08-15T19:42:13","guid":{"rendered":"https:\/\/regiaonews.net.br\/2022\/?p=108836"},"modified":"2024-08-15T16:42:13","modified_gmt":"2024-08-15T19:42:13","slug":"detran-sp-vai-promover-a-conscientizacao-no-transito-e-a-escolha-do-motorista-da-vez-na-regiao-de-barretos","status":"publish","type":"post","link":"https:\/\/regiaonews.net.br\/2022\/2024\/08\/15\/detran-sp-vai-promover-a-conscientizacao-no-transito-e-a-escolha-do-motorista-da-vez-na-regiao-de-barretos\/","title":{"rendered":"Detran-SP vai promover a conscientiza\u00e7\u00e3o no tr\u00e2nsito e a escolha do motorista da vez na regi\u00e3o de Barretos"},"content":{"rendered":"<h3 style=\"text-align: center;\">Campanha educativa toma as ruas com a\u00e7\u00f5es educativas durante festa do pe\u00e3o; tamb\u00e9m est\u00e1 programada uma intensifica\u00e7\u00e3o nas opera\u00e7\u00f5es de fiscaliza\u00e7\u00e3o<\/h3>\n<p>Os agentes do Departamento Estadual de Tr\u00e2nsito de S\u00e3o Paulo (Detran-SP)<br \/>\nv\u00e3o se juntar aos 900 mil turistas aguardados em Barretos, no noroeste paulista, para Festa do Pe\u00e3o de<br \/>\nBoiadeiro, que abre a 69\u00aa edi\u00e7\u00e3o nesta quinta-feira, dia 15, e segue at\u00e9 o domingo, 25. Durante o evento mais<br \/>\nconhecido do agro nacional, o Detran-SP vai colocar nas ruas uma campanha de conscientiza\u00e7\u00e3o que valoriza a<br \/>\nimport\u00e2ncia do motorista da rodada, aquele amigo respons\u00e1vel pela dire\u00e7\u00e3o, sem ingest\u00e3o de bebidas<br \/>\nalco\u00f3licas, e pela divers\u00e3o segura de todos. Al\u00e9m da campanha de abordagem educativa, haver\u00e1 oito Opera\u00e7\u00f5es<br \/>\nDire\u00e7\u00e3o Segura Integrada (ODSI) \u2013 n\u00famero quatro vezes maior que o do ano passado \u2013 em rodovias e trechos<br \/>\nurbanos, onde ser\u00e3o feitas abordagens a motoristas, com fiscaliza\u00e7\u00e3o, orienta\u00e7\u00e3o e teste do baf\u00f4metro. As<br \/>\nopera\u00e7\u00f5es ter\u00e3o a parceria do Departamento de Estradas de Rodagem (DER) e da Pol\u00edcia Militar (PM).<br \/>\nCom o mote &#8220;Escolha o Motorista da Vez e Evite o Xadrez&#8221;, a campanha empresta s\u00edmbolos do faroeste,<br \/>\ntem\u00e1tica pr\u00f3xima ao p\u00fablico do evento, como a estrela do xerife. Durante todos os dias do evento, a ideia \u00e9<br \/>\nabordar grupos de amigos em bares, shoppings, pra\u00e7as, postos de combust\u00edvel e no evento, por exemplo, e orientar cada turma a contar com uma pessoa que se comprometa a n\u00e3o beber e a levar as pessoas em<br \/>\nseguran\u00e7a para casa.<br \/>\nA escolha do condutor vai contar com o incentivo e uma ajuda t\u00e9cnica do Detran-SP: em um grupo de amigos,<br \/>\ntodos ser\u00e3o convidados a soprar o baf\u00f4metro para identificar a pessoa apta a assumir o volante. Sempre com<br \/>\nbom humor, os xerifes do Detran-SP v\u00e3o tirar o etil\u00f4metro do coldre e, al\u00e9m de aplicar o teste, lembrar\u00e3o a<br \/>\ntodos dos riscos de combinar \u00e1lcool e dire\u00e7\u00e3o. A mensagem ser\u00e1 refor\u00e7ada na arena do pe\u00e3o de boiadeiro, com<br \/>\na exibi\u00e7\u00e3o de um v\u00eddeo educativo.<br \/>\nEm clima leve e eficaz, os agentes e promotores da campanha chegar\u00e3o a bordo de um van estilizada, que far\u00e1<br \/>\nas vezes do xadrez mencionado nas pe\u00e7as para que as pessoas entrem em contato com mensagens de<br \/>\nconscientiza\u00e7\u00e3o para um tr\u00e2nsito mais seguro. A van em forma de xadrez circular\u00e1 pelas ruas no pr\u00e9-festa.<br \/>\nO baf\u00f4metro ainda entrar\u00e1 em a\u00e7\u00e3o em outros momentos e endere\u00e7os da regi\u00e3o, com a abordagem de pessoas<br \/>\nem Barretos e na vizinha Ol\u00edmpia, munic\u00edpio que tem o turismo movimentado pela festa. Hot\u00e9is da regi\u00e3o<br \/>\ntamb\u00e9m receber\u00e3o materiais educativos, como folhetos que levar\u00e3o aos h\u00f3spedes advert\u00eancias sobre os<br \/>\nperigos de beber e dirigir, antes que saiam para a festa, al\u00e9m de dicas de seguran\u00e7a no tr\u00e2nsito e da<br \/>\nimport\u00e2ncia de se ter um motorista s\u00f3brio a cada noite.<\/p>\n<p>\u2018Evite o xadrez\u2019<br \/>\nPor ser uma amea\u00e7a \u00e0 vida, algo sempre enfatizado pelas a\u00e7\u00f5es educativas do Detran-SP, dirigir sob o efeito de<br \/>\n\u00e1lcool \u00e9 uma infra\u00e7\u00e3o pun\u00edvel com multa e pontos na carteira nacional de habilita\u00e7\u00e3o (CNH) e, a depender da<br \/>\nconcentra\u00e7\u00e3o de \u00e1lcool no sangue do motorista, \u00e9 tamb\u00e9m um crime.<br \/>\nTanto dirigir sob efeito de \u00e1lcool &#8211; quando o teste do etil\u00f4metro aponta o \u00edndice de at\u00e9 0,33 mg de \u00e1lcool por<br \/>\nlitro de ar expelido \u2013 quanto recusar-se a soprar o baf\u00f4metro s\u00e3o consideradas infra\u00e7\u00f5es grav\u00edssimas, segundo<br \/>\nos artigos 165 e 165-A do C\u00f3digo de Tr\u00e2nsito Brasileiro (CTB), respectivamente.<br \/>\nEm ambos os casos, o valor da multa \u00e9 de R$ 2.934,70 e o condutor responde a processo de suspens\u00e3o da<br \/>\ncarteira de habilita\u00e7\u00e3o. Se houver reincid\u00eancia no per\u00edodo de 12 meses, a multa \u00e9 aplicada em dobro, ou seja, no<br \/>\nvalor de R$ 5.869,40. No caso da autua\u00e7\u00e3o por dire\u00e7\u00e3o sob efeito de \u00e1lcool, quando h\u00e1 nova ocorr\u00eancia durante<br \/>\no per\u00edodo de suspens\u00e3o da CNH, al\u00e9m da multa em dobro, o motorista responder\u00e1 ainda a processo<br \/>\nadministrativo que poder\u00e1 culminar na cassa\u00e7\u00e3o do seu direito de dirigir, se forem esgotados todos os meios de<br \/>\ndefesa. Neste \u00faltimo caso, ele ter\u00e1 de reiniciar todo o processo de habilita\u00e7\u00e3o para voltar a dirigir &#8211; e somente<br \/>\nap\u00f3s transcorrido o prazo de 24 meses depois da cassa\u00e7\u00e3o.<br \/>\nJ\u00e1 os casos de embriaguez ao volante, quando os motoristas apresentam \u00edndice a partir de 0,34 miligramas de<br \/>\n\u00e1lcool por litro de ar expelido no teste do etil\u00f4metro, s\u00e3o considerados crimes de tr\u00e2nsito. Os motoristas<br \/>\nflagrados nessa situa\u00e7\u00e3o s\u00e3o conduzidos ao distrito policial. Se condenados, al\u00e9m da multa de R$ 2.934,70 e da<br \/>\nsuspens\u00e3o da CNH, eles poder\u00e3o cumprir de seis meses a tr\u00eas anos de pris\u00e3o, conforme prev\u00ea a Lei Seca,<br \/>\ntamb\u00e9m conhecida como \u201ctoler\u00e2ncia zero\u201d.<\/p>\n","protected":false},"excerpt":{"rendered":"<p>Campanha educativa toma as ruas com a\u00e7\u00f5es educativas durante festa<\/p>\n","protected":false},"author":2,"featured_media":7301,"comment_status":"open","ping_status":"open","sticky":false,"template":"","format":"standard","meta":{"footnotes":""},"categories":[14,3],"tags":[],"class_list":["post-108836","post","type-post","status-publish","format-standard","has-post-thumbnail","hentry","category-barretos","category-geral"],"yoast_head":"<!-- This site is optimized with the Yoast SEO plugin v27.4 - https:\/\/yoast.com\/product\/yoast-seo-wordpress\/ -->\n<title>Detran-SP vai promover a conscientiza\u00e7\u00e3o no tr\u00e2nsito e a escolha do motorista da vez na regi\u00e3o de Barretos - Regi\u00e3o News<\/title>\n<meta name=\"robots\" content=\"index, follow, max-snippet:-1, max-image-preview:large, max-video-preview:-1\" \/>\n<link rel=\"canonical\" href=\"https:\/\/regiaonews.net.br\/2022\/2024\/08\/15\/detran-sp-vai-promover-a-conscientizacao-no-transito-e-a-escolha-do-motorista-da-vez-na-regiao-de-barretos\/\" \/>\n<meta property=\"og:locale\" content=\"pt_BR\" \/>\n<meta property=\"og:type\" content=\"article\" \/>\n<meta property=\"og:title\" content=\"Detran-SP vai promover a conscientiza\u00e7\u00e3o no tr\u00e2nsito e a escolha do motorista da vez na regi\u00e3o de Barretos - Regi\u00e3o News\" \/>\n<meta property=\"og:description\" content=\"Campanha educativa toma as ruas com a\u00e7\u00f5es educativas durante festa\" \/>\n<meta property=\"og:url\" content=\"https:\/\/regiaonews.net.br\/2022\/2024\/08\/15\/detran-sp-vai-promover-a-conscientizacao-no-transito-e-a-escolha-do-motorista-da-vez-na-regiao-de-barretos\/\" \/>\n<meta property=\"og:site_name\" content=\"Regi\u00e3o News\" \/>\n<meta property=\"article:published_time\" content=\"2024-08-15T19:42:13+00:00\" \/>\n<meta property=\"og:image\" content=\"https:\/\/regiaonews.net.br\/2022\/wp-content\/uploads\/2017\/08\/Parque-do-Pe\u00e3o-Barretos-1.jpg\" \/>\n\t<meta property=\"og:image:width\" content=\"900\" \/>\n\t<meta property=\"og:image:height\" content=\"600\" \/>\n\t<meta property=\"og:image:type\" content=\"image\/jpeg\" \/>\n<meta name=\"author\" content=\"Roberto\" \/>\n<meta name=\"twitter:card\" content=\"summary_large_image\" \/>\n<meta name=\"twitter:label1\" content=\"Escrito por\" \/>\n\t<meta name=\"twitter:data1\" content=\"Roberto\" \/>\n\t<meta name=\"twitter:label2\" content=\"Est. tempo de leitura\" \/>\n\t<meta name=\"twitter:data2\" content=\"5 minutos\" \/>\n<script type=\"application\/ld+json\" class=\"yoast-schema-graph\">{\"@context\":\"https:\\\/\\\/schema.org\",\"@graph\":[{\"@type\":\"Article\",\"@id\":\"https:\\\/\\\/regiaonews.net.br\\\/2022\\\/2024\\\/08\\\/15\\\/detran-sp-vai-promover-a-conscientizacao-no-transito-e-a-escolha-do-motorista-da-vez-na-regiao-de-barretos\\\/#article\",\"isPartOf\":{\"@id\":\"https:\\\/\\\/regiaonews.net.br\\\/2022\\\/2024\\\/08\\\/15\\\/detran-sp-vai-promover-a-conscientizacao-no-transito-e-a-escolha-do-motorista-da-vez-na-regiao-de-barretos\\\/\"},\"author\":{\"name\":\"Roberto\",\"@id\":\"https:\\\/\\\/regiaonews.net.br\\\/2022\\\/#\\\/schema\\\/person\\\/2d205a608a5aa97ac279d7a5e6d89ad8\"},\"headline\":\"Detran-SP vai promover a conscientiza\u00e7\u00e3o no tr\u00e2nsito e a escolha do motorista da vez na regi\u00e3o de Barretos\",\"datePublished\":\"2024-08-15T19:42:13+00:00\",\"mainEntityOfPage\":{\"@id\":\"https:\\\/\\\/regiaonews.net.br\\\/2022\\\/2024\\\/08\\\/15\\\/detran-sp-vai-promover-a-conscientizacao-no-transito-e-a-escolha-do-motorista-da-vez-na-regiao-de-barretos\\\/\"},\"wordCount\":876,\"commentCount\":0,\"publisher\":{\"@id\":\"https:\\\/\\\/regiaonews.net.br\\\/2022\\\/#organization\"},\"image\":{\"@id\":\"https:\\\/\\\/regiaonews.net.br\\\/2022\\\/2024\\\/08\\\/15\\\/detran-sp-vai-promover-a-conscientizacao-no-transito-e-a-escolha-do-motorista-da-vez-na-regiao-de-barretos\\\/#primaryimage\"},\"thumbnailUrl\":\"https:\\\/\\\/regiaonews.net.br\\\/2022\\\/wp-content\\\/uploads\\\/2017\\\/08\\\/Parque-do-Pe\u00e3o-Barretos-1.jpg\",\"articleSection\":[\"Barretos\",\"Geral\"],\"inLanguage\":\"pt-BR\",\"potentialAction\":[{\"@type\":\"CommentAction\",\"name\":\"Comment\",\"target\":[\"https:\\\/\\\/regiaonews.net.br\\\/2022\\\/2024\\\/08\\\/15\\\/detran-sp-vai-promover-a-conscientizacao-no-transito-e-a-escolha-do-motorista-da-vez-na-regiao-de-barretos\\\/#respond\"]}]},{\"@type\":\"WebPage\",\"@id\":\"https:\\\/\\\/regiaonews.net.br\\\/2022\\\/2024\\\/08\\\/15\\\/detran-sp-vai-promover-a-conscientizacao-no-transito-e-a-escolha-do-motorista-da-vez-na-regiao-de-barretos\\\/\",\"url\":\"https:\\\/\\\/regiaonews.net.br\\\/2022\\\/2024\\\/08\\\/15\\\/detran-sp-vai-promover-a-conscientizacao-no-transito-e-a-escolha-do-motorista-da-vez-na-regiao-de-barretos\\\/\",\"name\":\"Detran-SP vai promover a conscientiza\u00e7\u00e3o no tr\u00e2nsito e a escolha do motorista da vez na regi\u00e3o de Barretos - Regi\u00e3o News\",\"isPartOf\":{\"@id\":\"https:\\\/\\\/regiaonews.net.br\\\/2022\\\/#website\"},\"primaryImageOfPage\":{\"@id\":\"https:\\\/\\\/regiaonews.net.br\\\/2022\\\/2024\\\/08\\\/15\\\/detran-sp-vai-promover-a-conscientizacao-no-transito-e-a-escolha-do-motorista-da-vez-na-regiao-de-barretos\\\/#primaryimage\"},\"image\":{\"@id\":\"https:\\\/\\\/regiaonews.net.br\\\/2022\\\/2024\\\/08\\\/15\\\/detran-sp-vai-promover-a-conscientizacao-no-transito-e-a-escolha-do-motorista-da-vez-na-regiao-de-barretos\\\/#primaryimage\"},\"thumbnailUrl\":\"https:\\\/\\\/regiaonews.net.br\\\/2022\\\/wp-content\\\/uploads\\\/2017\\\/08\\\/Parque-do-Pe\u00e3o-Barretos-1.jpg\",\"datePublished\":\"2024-08-15T19:42:13+00:00\",\"breadcrumb\":{\"@id\":\"https:\\\/\\\/regiaonews.net.br\\\/2022\\\/2024\\\/08\\\/15\\\/detran-sp-vai-promover-a-conscientizacao-no-transito-e-a-escolha-do-motorista-da-vez-na-regiao-de-barretos\\\/#breadcrumb\"},\"inLanguage\":\"pt-BR\",\"potentialAction\":[{\"@type\":\"ReadAction\",\"target\":[\"https:\\\/\\\/regiaonews.net.br\\\/2022\\\/2024\\\/08\\\/15\\\/detran-sp-vai-promover-a-conscientizacao-no-transito-e-a-escolha-do-motorista-da-vez-na-regiao-de-barretos\\\/\"]}]},{\"@type\":\"ImageObject\",\"inLanguage\":\"pt-BR\",\"@id\":\"https:\\\/\\\/regiaonews.net.br\\\/2022\\\/2024\\\/08\\\/15\\\/detran-sp-vai-promover-a-conscientizacao-no-transito-e-a-escolha-do-motorista-da-vez-na-regiao-de-barretos\\\/#primaryimage\",\"url\":\"https:\\\/\\\/regiaonews.net.br\\\/2022\\\/wp-content\\\/uploads\\\/2017\\\/08\\\/Parque-do-Pe\u00e3o-Barretos-1.jpg\",\"contentUrl\":\"https:\\\/\\\/regiaonews.net.br\\\/2022\\\/wp-content\\\/uploads\\\/2017\\\/08\\\/Parque-do-Pe\u00e3o-Barretos-1.jpg\",\"width\":900,\"height\":600},{\"@type\":\"BreadcrumbList\",\"@id\":\"https:\\\/\\\/regiaonews.net.br\\\/2022\\\/2024\\\/08\\\/15\\\/detran-sp-vai-promover-a-conscientizacao-no-transito-e-a-escolha-do-motorista-da-vez-na-regiao-de-barretos\\\/#breadcrumb\",\"itemListElement\":[{\"@type\":\"ListItem\",\"position\":1,\"name\":\"In\u00edcio\",\"item\":\"https:\\\/\\\/regiaonews.net.br\\\/2022\\\/\"},{\"@type\":\"ListItem\",\"position\":2,\"name\":\"Detran-SP vai promover a conscientiza\u00e7\u00e3o no tr\u00e2nsito e a escolha do motorista da vez na regi\u00e3o de Barretos\"}]},{\"@type\":\"WebSite\",\"@id\":\"https:\\\/\\\/regiaonews.net.br\\\/2022\\\/#website\",\"url\":\"https:\\\/\\\/regiaonews.net.br\\\/2022\\\/\",\"name\":\"Regi\u00e3o News\",\"description\":\"Site de Not\u00edcias de Barretos e regi\u00e3o\",\"publisher\":{\"@id\":\"https:\\\/\\\/regiaonews.net.br\\\/2022\\\/#organization\"},\"potentialAction\":[{\"@type\":\"SearchAction\",\"target\":{\"@type\":\"EntryPoint\",\"urlTemplate\":\"https:\\\/\\\/regiaonews.net.br\\\/2022\\\/?s={search_term_string}\"},\"query-input\":{\"@type\":\"PropertyValueSpecification\",\"valueRequired\":true,\"valueName\":\"search_term_string\"}}],\"inLanguage\":\"pt-BR\"},{\"@type\":\"Organization\",\"@id\":\"https:\\\/\\\/regiaonews.net.br\\\/2022\\\/#organization\",\"name\":\"Regi\u00e3o News\",\"url\":\"https:\\\/\\\/regiaonews.net.br\\\/2022\\\/\",\"logo\":{\"@type\":\"ImageObject\",\"inLanguage\":\"pt-BR\",\"@id\":\"https:\\\/\\\/regiaonews.net.br\\\/2022\\\/#\\\/schema\\\/logo\\\/image\\\/\",\"url\":\"https:\\\/\\\/regiaonews.net.br\\\/2022\\\/wp-content\\\/uploads\\\/2026\\\/03\\\/regiao-13-anos-scaled.jpg\",\"contentUrl\":\"https:\\\/\\\/regiaonews.net.br\\\/2022\\\/wp-content\\\/uploads\\\/2026\\\/03\\\/regiao-13-anos-scaled.jpg\",\"width\":2560,\"height\":635,\"caption\":\"Regi\u00e3o News\"},\"image\":{\"@id\":\"https:\\\/\\\/regiaonews.net.br\\\/2022\\\/#\\\/schema\\\/logo\\\/image\\\/\"}},{\"@type\":\"Person\",\"@id\":\"https:\\\/\\\/regiaonews.net.br\\\/2022\\\/#\\\/schema\\\/person\\\/2d205a608a5aa97ac279d7a5e6d89ad8\",\"name\":\"Roberto\",\"image\":{\"@type\":\"ImageObject\",\"inLanguage\":\"pt-BR\",\"@id\":\"https:\\\/\\\/secure.gravatar.com\\\/avatar\\\/42749d8b712ff9d59ca93dc150494e5b55a44134482993f5baeb97e61b7ecc89?s=96&d=mm&r=g\",\"url\":\"https:\\\/\\\/secure.gravatar.com\\\/avatar\\\/42749d8b712ff9d59ca93dc150494e5b55a44134482993f5baeb97e61b7ecc89?s=96&d=mm&r=g\",\"contentUrl\":\"https:\\\/\\\/secure.gravatar.com\\\/avatar\\\/42749d8b712ff9d59ca93dc150494e5b55a44134482993f5baeb97e61b7ecc89?s=96&d=mm&r=g\",\"caption\":\"Roberto\"},\"url\":\"https:\\\/\\\/regiaonews.net.br\\\/2022\\\/author\\\/roberto\\\/\"}]}<\/script>\n<!-- \/ Yoast SEO plugin. -->","yoast_head_json":{"title":"Detran-SP vai promover a conscientiza\u00e7\u00e3o no tr\u00e2nsito e a escolha do motorista da vez na regi\u00e3o de Barretos - Regi\u00e3o News","robots":{"index":"index","follow":"follow","max-snippet":"max-snippet:-1","max-image-preview":"max-image-preview:large","max-video-preview":"max-video-preview:-1"},"canonical":"https:\/\/regiaonews.net.br\/2022\/2024\/08\/15\/detran-sp-vai-promover-a-conscientizacao-no-transito-e-a-escolha-do-motorista-da-vez-na-regiao-de-barretos\/","og_locale":"pt_BR","og_type":"article","og_title":"Detran-SP vai promover a conscientiza\u00e7\u00e3o no tr\u00e2nsito e a escolha do motorista da vez na regi\u00e3o de Barretos - Regi\u00e3o News","og_description":"Campanha educativa toma as ruas com a\u00e7\u00f5es educativas durante festa","og_url":"https:\/\/regiaonews.net.br\/2022\/2024\/08\/15\/detran-sp-vai-promover-a-conscientizacao-no-transito-e-a-escolha-do-motorista-da-vez-na-regiao-de-barretos\/","og_site_name":"Regi\u00e3o News","article_published_time":"2024-08-15T19:42:13+00:00","og_image":[{"width":900,"height":600,"url":"https:\/\/regiaonews.net.br\/2022\/wp-content\/uploads\/2017\/08\/Parque-do-Pe\u00e3o-Barretos-1.jpg","type":"image\/jpeg"}],"author":"Roberto","twitter_card":"summary_large_image","twitter_misc":{"Escrito por":"Roberto","Est. tempo de leitura":"5 minutos"},"schema":{"@context":"https:\/\/schema.org","@graph":[{"@type":"Article","@id":"https:\/\/regiaonews.net.br\/2022\/2024\/08\/15\/detran-sp-vai-promover-a-conscientizacao-no-transito-e-a-escolha-do-motorista-da-vez-na-regiao-de-barretos\/#article","isPartOf":{"@id":"https:\/\/regiaonews.net.br\/2022\/2024\/08\/15\/detran-sp-vai-promover-a-conscientizacao-no-transito-e-a-escolha-do-motorista-da-vez-na-regiao-de-barretos\/"},"author":{"name":"Roberto","@id":"https:\/\/regiaonews.net.br\/2022\/#\/schema\/person\/2d205a608a5aa97ac279d7a5e6d89ad8"},"headline":"Detran-SP vai promover a conscientiza\u00e7\u00e3o no tr\u00e2nsito e a escolha do motorista da vez na regi\u00e3o de Barretos","datePublished":"2024-08-15T19:42:13+00:00","mainEntityOfPage":{"@id":"https:\/\/regiaonews.net.br\/2022\/2024\/08\/15\/detran-sp-vai-promover-a-conscientizacao-no-transito-e-a-escolha-do-motorista-da-vez-na-regiao-de-barretos\/"},"wordCount":876,"commentCount":0,"publisher":{"@id":"https:\/\/regiaonews.net.br\/2022\/#organization"},"image":{"@id":"https:\/\/regiaonews.net.br\/2022\/2024\/08\/15\/detran-sp-vai-promover-a-conscientizacao-no-transito-e-a-escolha-do-motorista-da-vez-na-regiao-de-barretos\/#primaryimage"},"thumbnailUrl":"https:\/\/regiaonews.net.br\/2022\/wp-content\/uploads\/2017\/08\/Parque-do-Pe\u00e3o-Barretos-1.jpg","articleSection":["Barretos","Geral"],"inLanguage":"pt-BR","potentialAction":[{"@type":"CommentAction","name":"Comment","target":["https:\/\/regiaonews.net.br\/2022\/2024\/08\/15\/detran-sp-vai-promover-a-conscientizacao-no-transito-e-a-escolha-do-motorista-da-vez-na-regiao-de-barretos\/#respond"]}]},{"@type":"WebPage","@id":"https:\/\/regiaonews.net.br\/2022\/2024\/08\/15\/detran-sp-vai-promover-a-conscientizacao-no-transito-e-a-escolha-do-motorista-da-vez-na-regiao-de-barretos\/","url":"https:\/\/regiaonews.net.br\/2022\/2024\/08\/15\/detran-sp-vai-promover-a-conscientizacao-no-transito-e-a-escolha-do-motorista-da-vez-na-regiao-de-barretos\/","name":"Detran-SP vai promover a conscientiza\u00e7\u00e3o no tr\u00e2nsito e a escolha do motorista da vez na regi\u00e3o de Barretos - Regi\u00e3o News","isPartOf":{"@id":"https:\/\/regiaonews.net.br\/2022\/#website"},"primaryImageOfPage":{"@id":"https:\/\/regiaonews.net.br\/2022\/2024\/08\/15\/detran-sp-vai-promover-a-conscientizacao-no-transito-e-a-escolha-do-motorista-da-vez-na-regiao-de-barretos\/#primaryimage"},"image":{"@id":"https:\/\/regiaonews.net.br\/2022\/2024\/08\/15\/detran-sp-vai-promover-a-conscientizacao-no-transito-e-a-escolha-do-motorista-da-vez-na-regiao-de-barretos\/#primaryimage"},"thumbnailUrl":"https:\/\/regiaonews.net.br\/2022\/wp-content\/uploads\/2017\/08\/Parque-do-Pe\u00e3o-Barretos-1.jpg","datePublished":"2024-08-15T19:42:13+00:00","breadcrumb":{"@id":"https:\/\/regiaonews.net.br\/2022\/2024\/08\/15\/detran-sp-vai-promover-a-conscientizacao-no-transito-e-a-escolha-do-motorista-da-vez-na-regiao-de-barretos\/#breadcrumb"},"inLanguage":"pt-BR","potentialAction":[{"@type":"ReadAction","target":["https:\/\/regiaonews.net.br\/2022\/2024\/08\/15\/detran-sp-vai-promover-a-conscientizacao-no-transito-e-a-escolha-do-motorista-da-vez-na-regiao-de-barretos\/"]}]},{"@type":"ImageObject","inLanguage":"pt-BR","@id":"https:\/\/regiaonews.net.br\/2022\/2024\/08\/15\/detran-sp-vai-promover-a-conscientizacao-no-transito-e-a-escolha-do-motorista-da-vez-na-regiao-de-barretos\/#primaryimage","url":"https:\/\/regiaonews.net.br\/2022\/wp-content\/uploads\/2017\/08\/Parque-do-Pe\u00e3o-Barretos-1.jpg","contentUrl":"https:\/\/regiaonews.net.br\/2022\/wp-content\/uploads\/2017\/08\/Parque-do-Pe\u00e3o-Barretos-1.jpg","width":900,"height":600},{"@type":"BreadcrumbList","@id":"https:\/\/regiaonews.net.br\/2022\/2024\/08\/15\/detran-sp-vai-promover-a-conscientizacao-no-transito-e-a-escolha-do-motorista-da-vez-na-regiao-de-barretos\/#breadcrumb","itemListElement":[{"@type":"ListItem","position":1,"name":"In\u00edcio","item":"https:\/\/regiaonews.net.br\/2022\/"},{"@type":"ListItem","position":2,"name":"Detran-SP vai promover a conscientiza\u00e7\u00e3o no tr\u00e2nsito e a escolha do motorista da vez na regi\u00e3o de Barretos"}]},{"@type":"WebSite","@id":"https:\/\/regiaonews.net.br\/2022\/#website","url":"https:\/\/regiaonews.net.br\/2022\/","name":"Regi\u00e3o News","description":"Site de Not\u00edcias de Barretos e regi\u00e3o","publisher":{"@id":"https:\/\/regiaonews.net.br\/2022\/#organization"},"potentialAction":[{"@type":"SearchAction","target":{"@type":"EntryPoint","urlTemplate":"https:\/\/regiaonews.net.br\/2022\/?s={search_term_string}"},"query-input":{"@type":"PropertyValueSpecification","valueRequired":true,"valueName":"search_term_string"}}],"inLanguage":"pt-BR"},{"@type":"Organization","@id":"https:\/\/regiaonews.net.br\/2022\/#organization","name":"Regi\u00e3o News","url":"https:\/\/regiaonews.net.br\/2022\/","logo":{"@type":"ImageObject","inLanguage":"pt-BR","@id":"https:\/\/regiaonews.net.br\/2022\/#\/schema\/logo\/image\/","url":"https:\/\/regiaonews.net.br\/2022\/wp-content\/uploads\/2026\/03\/regiao-13-anos-scaled.jpg","contentUrl":"https:\/\/regiaonews.net.br\/2022\/wp-content\/uploads\/2026\/03\/regiao-13-anos-scaled.jpg","width":2560,"height":635,"caption":"Regi\u00e3o News"},"image":{"@id":"https:\/\/regiaonews.net.br\/2022\/#\/schema\/logo\/image\/"}},{"@type":"Person","@id":"https:\/\/regiaonews.net.br\/2022\/#\/schema\/person\/2d205a608a5aa97ac279d7a5e6d89ad8","name":"Roberto","image":{"@type":"ImageObject","inLanguage":"pt-BR","@id":"https:\/\/secure.gravatar.com\/avatar\/42749d8b712ff9d59ca93dc150494e5b55a44134482993f5baeb97e61b7ecc89?s=96&d=mm&r=g","url":"https:\/\/secure.gravatar.com\/avatar\/42749d8b712ff9d59ca93dc150494e5b55a44134482993f5baeb97e61b7ecc89?s=96&d=mm&r=g","contentUrl":"https:\/\/secure.gravatar.com\/avatar\/42749d8b712ff9d59ca93dc150494e5b55a44134482993f5baeb97e61b7ecc89?s=96&d=mm&r=g","caption":"Roberto"},"url":"https:\/\/regiaonews.net.br\/2022\/author\/roberto\/"}]}},"publishpress_future_action":{"enabled":false,"date":"2026-05-03 04:52:42","action":"change-status","newStatus":"draft","terms":[],"taxonomy":"category","extraData":[]},"publishpress_future_workflow_manual_trigger":{"enabledWorkflows":[]},"_links":{"self":[{"href":"https:\/\/regiaonews.net.br\/2022\/wp-json\/wp\/v2\/posts\/108836","targetHints":{"allow":["GET"]}}],"collection":[{"href":"https:\/\/regiaonews.net.br\/2022\/wp-json\/wp\/v2\/posts"}],"about":[{"href":"https:\/\/regiaonews.net.br\/2022\/wp-json\/wp\/v2\/types\/post"}],"author":[{"embeddable":true,"href":"https:\/\/regiaonews.net.br\/2022\/wp-json\/wp\/v2\/users\/2"}],"replies":[{"embeddable":true,"href":"https:\/\/regiaonews.net.br\/2022\/wp-json\/wp\/v2\/comments?post=108836"}],"version-history":[{"count":1,"href":"https:\/\/regiaonews.net.br\/2022\/wp-json\/wp\/v2\/posts\/108836\/revisions"}],"predecessor-version":[{"id":108837,"href":"https:\/\/regiaonews.net.br\/2022\/wp-json\/wp\/v2\/posts\/108836\/revisions\/108837"}],"wp:featuredmedia":[{"embeddable":true,"href":"https:\/\/regiaonews.net.br\/2022\/wp-json\/wp\/v2\/media\/7301"}],"wp:attachment":[{"href":"https:\/\/regiaonews.net.br\/2022\/wp-json\/wp\/v2\/media?parent=108836"}],"wp:term":[{"taxonomy":"category","embeddable":true,"href":"https:\/\/regiaonews.net.br\/2022\/wp-json\/wp\/v2\/categories?post=108836"},{"taxonomy":"post_tag","embeddable":true,"href":"https:\/\/regiaonews.net.br\/2022\/wp-json\/wp\/v2\/tags?post=108836"}],"curies":[{"name":"wp","href":"https:\/\/api.w.org\/{rel}","templated":true}]}}