{"id":108833,"date":"2024-08-15T16:38:45","date_gmt":"2024-08-15T19:38:45","guid":{"rendered":"https:\/\/regiaonews.net.br\/2022\/?p=108833"},"modified":"2024-08-15T16:38:45","modified_gmt":"2024-08-15T19:38:45","slug":"festa-do-peao-de-barretos-comeca-nesta-quinta-feira-com-mais-de-100-shows-e-mais-de-r-1-milhao-em-premiacao","status":"publish","type":"post","link":"https:\/\/regiaonews.net.br\/2022\/2024\/08\/15\/festa-do-peao-de-barretos-comeca-nesta-quinta-feira-com-mais-de-100-shows-e-mais-de-r-1-milhao-em-premiacao\/","title":{"rendered":"Festa do Pe\u00e3o de Barretos come\u00e7a nesta quinta-feira com mais de 100 shows e mais de R$ 1 milh\u00e3o em premia\u00e7\u00e3o"},"content":{"rendered":"<h3 class=\"subtitle\" style=\"text-align: center;\">Programa\u00e7\u00e3o abre com Lauana Prado, Luan Pereira e Dj Lucas Beat, al\u00e9m das competi\u00e7\u00f5es esportivas com as finais da PBR Brazil<\/h3>\n<p>A 69\u00aa Festa do Pe\u00e3o de Barretos come\u00e7a nesta quinta-feira (15), movimentando o universo sertanejo e do rodeio com mais de 100 atra\u00e7\u00f5es musicais e competi\u00e7\u00f5es esportivas na arena do Est\u00e1dio de Rodeios, com premia\u00e7\u00e3o de mais de R$ 1 milh\u00e3o. O evento come\u00e7a com as disputas da final PBR Brazil e shows de Luan Pereira, Lauana Prado e Dj Lucas Beat.<\/p>\n<p>Al\u00e9m dos grandes nomes que passar\u00e3o pelos palcos principais (Est\u00e1dio e Amanhecer), a festa contar\u00e1 com centenas de apresenta\u00e7\u00f5es culturais e art\u00edsticas \u2013 incluindo infantis no Rancho do Pe\u00e3ozinho (espa\u00e7o exclusivo para crian\u00e7as). Mais de 900 mil visitas s\u00e3o esperadas pela Associa\u00e7\u00e3o Os Independentes \u2013 organiza\u00e7\u00e3o promotora do evento.<\/p>\n<p>Reconhecida como o maior evento do g\u00eanero da Am\u00e9rica Latina, a festa recebe turistas do Brasil e do mundo no tradicional Parque do Pe\u00e3o, complexo de 2 milh\u00f5es de metros quadrados que abre as portas nesta quinta e s\u00f3 fecha no final da noite do dia 25 de agosto.<\/p>\n<p>A Festa do Pe\u00e3o de Barretos gera um impacto significativo em diversos setores locais. Cerca de 10 mil empregos diretos e indiretos s\u00e3o criados para que o evento aconte\u00e7a. Segundo o Centro de Intelig\u00eancia e Economia do Turismo (CIET), vinculado \u00e0 Secretaria de Turismo e Viagens do Estado de S\u00e3o Paulo (Setur-SP), a edi\u00e7\u00e3o de 2022 gerou um impacto direto e indireto de R$ 1,24 bilh\u00e3o ao longo dos 11 dias do evento.<\/p>\n<p>Finais de campeonatos e provas cronometradas<br \/>\nNo primeiro final de semana, Barretos sedia a final do campeonato de montarias em touros da PBR Brazil, recebendo competidores ranqueados ao longo do ano para a grande final na Festa. A competi\u00e7\u00e3o tem in\u00edcio nesta quinta-feira e define seu campe\u00e3o no dia 18 de agosto.<\/p>\n<p>O Est\u00e1dio de Rodeios contar\u00e1 com as competi\u00e7\u00f5es de Team Penning e Ranch Sorting. As seletivas classificat\u00f3rias s\u00e3o realizadas na H\u00edpica do Parque do Pe\u00e3o durante o dia e os melhores v\u00e3o para a noite na arena. O p\u00fablico tamb\u00e9m conhecer\u00e1 a amazona campe\u00e3 do Campeonato Barretos de Tr\u00eas Tambores.<\/p>\n<p>Agronejo, \u2018Raiz Arena\u2019 e balada<br \/>\nUm dos grandes representantes do estilo agronejo, ritmo que est\u00e1 em evid\u00eancia no Brasil e chegou ao topo nos streamings de m\u00fasica, o cantor Luan Pereira far\u00e1 sua estreia no palco do Est\u00e1dio de Rodeios. O artista \u00e9 reconhecido por ser um dos pioneiros e inovar ao misturar o agronejo e o funk, emplacando suas m\u00fasicas nas paradas de sucesso.<\/p>\n<p>Outro show confirmado nesta quinta-feira (15) \u00e9 da artista Lauana Prado. A cantora apresentar\u00e1 o projeto especial \u201cRaiz Arena\u201d, no Est\u00e1dio de Rodeio. Ser\u00e1 o segundo ano que a artista se apresenta na arena do Barret\u00e3o. O show conta com releituras de grandes cl\u00e1ssicos do sertanejo presentes em seu projeto Raiz.<\/p>\n<p>J\u00e1 o Dj Lucas Beat promete transformar a arena do Est\u00e1dio de Rodeios em uma balada fren\u00e9tica, com efeitos, fuma\u00e7a, fogos e batidas musicais. O artista \u00e9 um dos mais requisitados na cena pop brasileira e \u00e9 respons\u00e1vel por levar a batida do funk e remixar com grandes hits do sertanejo e outros estilos musicais.<\/p>\n<p>Ingressos<br \/>\nA Festa do Pe\u00e3o de Barretos acontece de 15 a 25 de agosto recebendo atra\u00e7\u00f5es durante 24 horas no Parque do Pe\u00e3o. O evento tamb\u00e9m tem uma intensa programa\u00e7\u00e3o cultural, com apresenta\u00e7\u00f5es t\u00edpicas, Concurso Queima do Alho e Berrante, Feira Comercial, Pra\u00e7a de Alimenta\u00e7\u00e3o, espa\u00e7o infantil Rancho do Pe\u00e3ozinho, festas particulares nas \u00e1reas de ranchos, entre outras atra\u00e7\u00f5es.<\/p>\n<p>Os ingressos est\u00e3o \u00e0 venda pelo site oficial independentes.com.br\/festadopeao ou barretos.totalacesso.com .<\/p>\n","protected":false},"excerpt":{"rendered":"<p>Programa\u00e7\u00e3o abre com Lauana Prado, Luan Pereira e Dj Lucas<\/p>\n","protected":false},"author":2,"featured_media":108834,"comment_status":"open","ping_status":"open","sticky":false,"template":"","format":"standard","meta":{"footnotes":""},"categories":[14,3],"tags":[],"class_list":["post-108833","post","type-post","status-publish","format-standard","has-post-thumbnail","hentry","category-barretos","category-geral"],"yoast_head":"<!-- This site is optimized with the Yoast SEO plugin v27.4 - https:\/\/yoast.com\/product\/yoast-seo-wordpress\/ -->\n<title>Festa do Pe\u00e3o de Barretos come\u00e7a nesta quinta-feira com mais de 100 shows e mais de R$ 1 milh\u00e3o em premia\u00e7\u00e3o - Regi\u00e3o News<\/title>\n<meta name=\"robots\" content=\"index, follow, max-snippet:-1, max-image-preview:large, max-video-preview:-1\" \/>\n<link rel=\"canonical\" href=\"https:\/\/regiaonews.net.br\/2022\/2024\/08\/15\/festa-do-peao-de-barretos-comeca-nesta-quinta-feira-com-mais-de-100-shows-e-mais-de-r-1-milhao-em-premiacao\/\" \/>\n<meta property=\"og:locale\" content=\"pt_BR\" \/>\n<meta property=\"og:type\" content=\"article\" \/>\n<meta property=\"og:title\" content=\"Festa do Pe\u00e3o de Barretos come\u00e7a nesta quinta-feira com mais de 100 shows e mais de R$ 1 milh\u00e3o em premia\u00e7\u00e3o - Regi\u00e3o News\" \/>\n<meta property=\"og:description\" content=\"Programa\u00e7\u00e3o abre com Lauana Prado, Luan Pereira e Dj Lucas\" \/>\n<meta property=\"og:url\" content=\"https:\/\/regiaonews.net.br\/2022\/2024\/08\/15\/festa-do-peao-de-barretos-comeca-nesta-quinta-feira-com-mais-de-100-shows-e-mais-de-r-1-milhao-em-premiacao\/\" \/>\n<meta property=\"og:site_name\" content=\"Regi\u00e3o News\" \/>\n<meta property=\"article:published_time\" content=\"2024-08-15T19:38:45+00:00\" \/>\n<meta property=\"og:image\" content=\"https:\/\/regiaonews.net.br\/2022\/wp-content\/uploads\/2024\/08\/172366969566bd1cbf26b10.jpg\" \/>\n\t<meta property=\"og:image:width\" content=\"800\" \/>\n\t<meta property=\"og:image:height\" content=\"533\" \/>\n\t<meta property=\"og:image:type\" content=\"image\/jpeg\" \/>\n<meta name=\"author\" content=\"Roberto\" \/>\n<meta name=\"twitter:card\" content=\"summary_large_image\" \/>\n<meta name=\"twitter:label1\" content=\"Escrito por\" \/>\n\t<meta name=\"twitter:data1\" content=\"Roberto\" \/>\n\t<meta name=\"twitter:label2\" content=\"Est. tempo de leitura\" \/>\n\t<meta name=\"twitter:data2\" content=\"4 minutos\" \/>\n<script type=\"application\/ld+json\" class=\"yoast-schema-graph\">{\"@context\":\"https:\\\/\\\/schema.org\",\"@graph\":[{\"@type\":\"Article\",\"@id\":\"https:\\\/\\\/regiaonews.net.br\\\/2022\\\/2024\\\/08\\\/15\\\/festa-do-peao-de-barretos-comeca-nesta-quinta-feira-com-mais-de-100-shows-e-mais-de-r-1-milhao-em-premiacao\\\/#article\",\"isPartOf\":{\"@id\":\"https:\\\/\\\/regiaonews.net.br\\\/2022\\\/2024\\\/08\\\/15\\\/festa-do-peao-de-barretos-comeca-nesta-quinta-feira-com-mais-de-100-shows-e-mais-de-r-1-milhao-em-premiacao\\\/\"},\"author\":{\"name\":\"Roberto\",\"@id\":\"https:\\\/\\\/regiaonews.net.br\\\/2022\\\/#\\\/schema\\\/person\\\/2d205a608a5aa97ac279d7a5e6d89ad8\"},\"headline\":\"Festa do Pe\u00e3o de Barretos come\u00e7a nesta quinta-feira com mais de 100 shows e mais de R$ 1 milh\u00e3o em premia\u00e7\u00e3o\",\"datePublished\":\"2024-08-15T19:38:45+00:00\",\"mainEntityOfPage\":{\"@id\":\"https:\\\/\\\/regiaonews.net.br\\\/2022\\\/2024\\\/08\\\/15\\\/festa-do-peao-de-barretos-comeca-nesta-quinta-feira-com-mais-de-100-shows-e-mais-de-r-1-milhao-em-premiacao\\\/\"},\"wordCount\":671,\"commentCount\":0,\"publisher\":{\"@id\":\"https:\\\/\\\/regiaonews.net.br\\\/2022\\\/#organization\"},\"image\":{\"@id\":\"https:\\\/\\\/regiaonews.net.br\\\/2022\\\/2024\\\/08\\\/15\\\/festa-do-peao-de-barretos-comeca-nesta-quinta-feira-com-mais-de-100-shows-e-mais-de-r-1-milhao-em-premiacao\\\/#primaryimage\"},\"thumbnailUrl\":\"https:\\\/\\\/regiaonews.net.br\\\/2022\\\/wp-content\\\/uploads\\\/2024\\\/08\\\/172366969566bd1cbf26b10.jpg\",\"articleSection\":[\"Barretos\",\"Geral\"],\"inLanguage\":\"pt-BR\",\"potentialAction\":[{\"@type\":\"CommentAction\",\"name\":\"Comment\",\"target\":[\"https:\\\/\\\/regiaonews.net.br\\\/2022\\\/2024\\\/08\\\/15\\\/festa-do-peao-de-barretos-comeca-nesta-quinta-feira-com-mais-de-100-shows-e-mais-de-r-1-milhao-em-premiacao\\\/#respond\"]}]},{\"@type\":\"WebPage\",\"@id\":\"https:\\\/\\\/regiaonews.net.br\\\/2022\\\/2024\\\/08\\\/15\\\/festa-do-peao-de-barretos-comeca-nesta-quinta-feira-com-mais-de-100-shows-e-mais-de-r-1-milhao-em-premiacao\\\/\",\"url\":\"https:\\\/\\\/regiaonews.net.br\\\/2022\\\/2024\\\/08\\\/15\\\/festa-do-peao-de-barretos-comeca-nesta-quinta-feira-com-mais-de-100-shows-e-mais-de-r-1-milhao-em-premiacao\\\/\",\"name\":\"Festa do Pe\u00e3o de Barretos come\u00e7a nesta quinta-feira com mais de 100 shows e mais de R$ 1 milh\u00e3o em premia\u00e7\u00e3o - Regi\u00e3o News\",\"isPartOf\":{\"@id\":\"https:\\\/\\\/regiaonews.net.br\\\/2022\\\/#website\"},\"primaryImageOfPage\":{\"@id\":\"https:\\\/\\\/regiaonews.net.br\\\/2022\\\/2024\\\/08\\\/15\\\/festa-do-peao-de-barretos-comeca-nesta-quinta-feira-com-mais-de-100-shows-e-mais-de-r-1-milhao-em-premiacao\\\/#primaryimage\"},\"image\":{\"@id\":\"https:\\\/\\\/regiaonews.net.br\\\/2022\\\/2024\\\/08\\\/15\\\/festa-do-peao-de-barretos-comeca-nesta-quinta-feira-com-mais-de-100-shows-e-mais-de-r-1-milhao-em-premiacao\\\/#primaryimage\"},\"thumbnailUrl\":\"https:\\\/\\\/regiaonews.net.br\\\/2022\\\/wp-content\\\/uploads\\\/2024\\\/08\\\/172366969566bd1cbf26b10.jpg\",\"datePublished\":\"2024-08-15T19:38:45+00:00\",\"breadcrumb\":{\"@id\":\"https:\\\/\\\/regiaonews.net.br\\\/2022\\\/2024\\\/08\\\/15\\\/festa-do-peao-de-barretos-comeca-nesta-quinta-feira-com-mais-de-100-shows-e-mais-de-r-1-milhao-em-premiacao\\\/#breadcrumb\"},\"inLanguage\":\"pt-BR\",\"potentialAction\":[{\"@type\":\"ReadAction\",\"target\":[\"https:\\\/\\\/regiaonews.net.br\\\/2022\\\/2024\\\/08\\\/15\\\/festa-do-peao-de-barretos-comeca-nesta-quinta-feira-com-mais-de-100-shows-e-mais-de-r-1-milhao-em-premiacao\\\/\"]}]},{\"@type\":\"ImageObject\",\"inLanguage\":\"pt-BR\",\"@id\":\"https:\\\/\\\/regiaonews.net.br\\\/2022\\\/2024\\\/08\\\/15\\\/festa-do-peao-de-barretos-comeca-nesta-quinta-feira-com-mais-de-100-shows-e-mais-de-r-1-milhao-em-premiacao\\\/#primaryimage\",\"url\":\"https:\\\/\\\/regiaonews.net.br\\\/2022\\\/wp-content\\\/uploads\\\/2024\\\/08\\\/172366969566bd1cbf26b10.jpg\",\"contentUrl\":\"https:\\\/\\\/regiaonews.net.br\\\/2022\\\/wp-content\\\/uploads\\\/2024\\\/08\\\/172366969566bd1cbf26b10.jpg\",\"width\":800,\"height\":533},{\"@type\":\"BreadcrumbList\",\"@id\":\"https:\\\/\\\/regiaonews.net.br\\\/2022\\\/2024\\\/08\\\/15\\\/festa-do-peao-de-barretos-comeca-nesta-quinta-feira-com-mais-de-100-shows-e-mais-de-r-1-milhao-em-premiacao\\\/#breadcrumb\",\"itemListElement\":[{\"@type\":\"ListItem\",\"position\":1,\"name\":\"In\u00edcio\",\"item\":\"https:\\\/\\\/regiaonews.net.br\\\/2022\\\/\"},{\"@type\":\"ListItem\",\"position\":2,\"name\":\"Festa do Pe\u00e3o de Barretos come\u00e7a nesta quinta-feira com mais de 100 shows e mais de R$ 1 milh\u00e3o em premia\u00e7\u00e3o\"}]},{\"@type\":\"WebSite\",\"@id\":\"https:\\\/\\\/regiaonews.net.br\\\/2022\\\/#website\",\"url\":\"https:\\\/\\\/regiaonews.net.br\\\/2022\\\/\",\"name\":\"Regi\u00e3o News\",\"description\":\"Site de Not\u00edcias de Barretos e regi\u00e3o\",\"publisher\":{\"@id\":\"https:\\\/\\\/regiaonews.net.br\\\/2022\\\/#organization\"},\"potentialAction\":[{\"@type\":\"SearchAction\",\"target\":{\"@type\":\"EntryPoint\",\"urlTemplate\":\"https:\\\/\\\/regiaonews.net.br\\\/2022\\\/?s={search_term_string}\"},\"query-input\":{\"@type\":\"PropertyValueSpecification\",\"valueRequired\":true,\"valueName\":\"search_term_string\"}}],\"inLanguage\":\"pt-BR\"},{\"@type\":\"Organization\",\"@id\":\"https:\\\/\\\/regiaonews.net.br\\\/2022\\\/#organization\",\"name\":\"Regi\u00e3o News\",\"url\":\"https:\\\/\\\/regiaonews.net.br\\\/2022\\\/\",\"logo\":{\"@type\":\"ImageObject\",\"inLanguage\":\"pt-BR\",\"@id\":\"https:\\\/\\\/regiaonews.net.br\\\/2022\\\/#\\\/schema\\\/logo\\\/image\\\/\",\"url\":\"https:\\\/\\\/regiaonews.net.br\\\/2022\\\/wp-content\\\/uploads\\\/2026\\\/03\\\/regiao-13-anos-scaled.jpg\",\"contentUrl\":\"https:\\\/\\\/regiaonews.net.br\\\/2022\\\/wp-content\\\/uploads\\\/2026\\\/03\\\/regiao-13-anos-scaled.jpg\",\"width\":2560,\"height\":635,\"caption\":\"Regi\u00e3o News\"},\"image\":{\"@id\":\"https:\\\/\\\/regiaonews.net.br\\\/2022\\\/#\\\/schema\\\/logo\\\/image\\\/\"}},{\"@type\":\"Person\",\"@id\":\"https:\\\/\\\/regiaonews.net.br\\\/2022\\\/#\\\/schema\\\/person\\\/2d205a608a5aa97ac279d7a5e6d89ad8\",\"name\":\"Roberto\",\"image\":{\"@type\":\"ImageObject\",\"inLanguage\":\"pt-BR\",\"@id\":\"https:\\\/\\\/secure.gravatar.com\\\/avatar\\\/42749d8b712ff9d59ca93dc150494e5b55a44134482993f5baeb97e61b7ecc89?s=96&d=mm&r=g\",\"url\":\"https:\\\/\\\/secure.gravatar.com\\\/avatar\\\/42749d8b712ff9d59ca93dc150494e5b55a44134482993f5baeb97e61b7ecc89?s=96&d=mm&r=g\",\"contentUrl\":\"https:\\\/\\\/secure.gravatar.com\\\/avatar\\\/42749d8b712ff9d59ca93dc150494e5b55a44134482993f5baeb97e61b7ecc89?s=96&d=mm&r=g\",\"caption\":\"Roberto\"},\"url\":\"https:\\\/\\\/regiaonews.net.br\\\/2022\\\/author\\\/roberto\\\/\"}]}<\/script>\n<!-- \/ Yoast SEO plugin. -->","yoast_head_json":{"title":"Festa do Pe\u00e3o de Barretos come\u00e7a nesta quinta-feira com mais de 100 shows e mais de R$ 1 milh\u00e3o em premia\u00e7\u00e3o - Regi\u00e3o News","robots":{"index":"index","follow":"follow","max-snippet":"max-snippet:-1","max-image-preview":"max-image-preview:large","max-video-preview":"max-video-preview:-1"},"canonical":"https:\/\/regiaonews.net.br\/2022\/2024\/08\/15\/festa-do-peao-de-barretos-comeca-nesta-quinta-feira-com-mais-de-100-shows-e-mais-de-r-1-milhao-em-premiacao\/","og_locale":"pt_BR","og_type":"article","og_title":"Festa do Pe\u00e3o de Barretos come\u00e7a nesta quinta-feira com mais de 100 shows e mais de R$ 1 milh\u00e3o em premia\u00e7\u00e3o - Regi\u00e3o News","og_description":"Programa\u00e7\u00e3o abre com Lauana Prado, Luan Pereira e Dj Lucas","og_url":"https:\/\/regiaonews.net.br\/2022\/2024\/08\/15\/festa-do-peao-de-barretos-comeca-nesta-quinta-feira-com-mais-de-100-shows-e-mais-de-r-1-milhao-em-premiacao\/","og_site_name":"Regi\u00e3o News","article_published_time":"2024-08-15T19:38:45+00:00","og_image":[{"width":800,"height":533,"url":"https:\/\/regiaonews.net.br\/2022\/wp-content\/uploads\/2024\/08\/172366969566bd1cbf26b10.jpg","type":"image\/jpeg"}],"author":"Roberto","twitter_card":"summary_large_image","twitter_misc":{"Escrito por":"Roberto","Est. tempo de leitura":"4 minutos"},"schema":{"@context":"https:\/\/schema.org","@graph":[{"@type":"Article","@id":"https:\/\/regiaonews.net.br\/2022\/2024\/08\/15\/festa-do-peao-de-barretos-comeca-nesta-quinta-feira-com-mais-de-100-shows-e-mais-de-r-1-milhao-em-premiacao\/#article","isPartOf":{"@id":"https:\/\/regiaonews.net.br\/2022\/2024\/08\/15\/festa-do-peao-de-barretos-comeca-nesta-quinta-feira-com-mais-de-100-shows-e-mais-de-r-1-milhao-em-premiacao\/"},"author":{"name":"Roberto","@id":"https:\/\/regiaonews.net.br\/2022\/#\/schema\/person\/2d205a608a5aa97ac279d7a5e6d89ad8"},"headline":"Festa do Pe\u00e3o de Barretos come\u00e7a nesta quinta-feira com mais de 100 shows e mais de R$ 1 milh\u00e3o em premia\u00e7\u00e3o","datePublished":"2024-08-15T19:38:45+00:00","mainEntityOfPage":{"@id":"https:\/\/regiaonews.net.br\/2022\/2024\/08\/15\/festa-do-peao-de-barretos-comeca-nesta-quinta-feira-com-mais-de-100-shows-e-mais-de-r-1-milhao-em-premiacao\/"},"wordCount":671,"commentCount":0,"publisher":{"@id":"https:\/\/regiaonews.net.br\/2022\/#organization"},"image":{"@id":"https:\/\/regiaonews.net.br\/2022\/2024\/08\/15\/festa-do-peao-de-barretos-comeca-nesta-quinta-feira-com-mais-de-100-shows-e-mais-de-r-1-milhao-em-premiacao\/#primaryimage"},"thumbnailUrl":"https:\/\/regiaonews.net.br\/2022\/wp-content\/uploads\/2024\/08\/172366969566bd1cbf26b10.jpg","articleSection":["Barretos","Geral"],"inLanguage":"pt-BR","potentialAction":[{"@type":"CommentAction","name":"Comment","target":["https:\/\/regiaonews.net.br\/2022\/2024\/08\/15\/festa-do-peao-de-barretos-comeca-nesta-quinta-feira-com-mais-de-100-shows-e-mais-de-r-1-milhao-em-premiacao\/#respond"]}]},{"@type":"WebPage","@id":"https:\/\/regiaonews.net.br\/2022\/2024\/08\/15\/festa-do-peao-de-barretos-comeca-nesta-quinta-feira-com-mais-de-100-shows-e-mais-de-r-1-milhao-em-premiacao\/","url":"https:\/\/regiaonews.net.br\/2022\/2024\/08\/15\/festa-do-peao-de-barretos-comeca-nesta-quinta-feira-com-mais-de-100-shows-e-mais-de-r-1-milhao-em-premiacao\/","name":"Festa do Pe\u00e3o de Barretos come\u00e7a nesta quinta-feira com mais de 100 shows e mais de R$ 1 milh\u00e3o em premia\u00e7\u00e3o - Regi\u00e3o News","isPartOf":{"@id":"https:\/\/regiaonews.net.br\/2022\/#website"},"primaryImageOfPage":{"@id":"https:\/\/regiaonews.net.br\/2022\/2024\/08\/15\/festa-do-peao-de-barretos-comeca-nesta-quinta-feira-com-mais-de-100-shows-e-mais-de-r-1-milhao-em-premiacao\/#primaryimage"},"image":{"@id":"https:\/\/regiaonews.net.br\/2022\/2024\/08\/15\/festa-do-peao-de-barretos-comeca-nesta-quinta-feira-com-mais-de-100-shows-e-mais-de-r-1-milhao-em-premiacao\/#primaryimage"},"thumbnailUrl":"https:\/\/regiaonews.net.br\/2022\/wp-content\/uploads\/2024\/08\/172366969566bd1cbf26b10.jpg","datePublished":"2024-08-15T19:38:45+00:00","breadcrumb":{"@id":"https:\/\/regiaonews.net.br\/2022\/2024\/08\/15\/festa-do-peao-de-barretos-comeca-nesta-quinta-feira-com-mais-de-100-shows-e-mais-de-r-1-milhao-em-premiacao\/#breadcrumb"},"inLanguage":"pt-BR","potentialAction":[{"@type":"ReadAction","target":["https:\/\/regiaonews.net.br\/2022\/2024\/08\/15\/festa-do-peao-de-barretos-comeca-nesta-quinta-feira-com-mais-de-100-shows-e-mais-de-r-1-milhao-em-premiacao\/"]}]},{"@type":"ImageObject","inLanguage":"pt-BR","@id":"https:\/\/regiaonews.net.br\/2022\/2024\/08\/15\/festa-do-peao-de-barretos-comeca-nesta-quinta-feira-com-mais-de-100-shows-e-mais-de-r-1-milhao-em-premiacao\/#primaryimage","url":"https:\/\/regiaonews.net.br\/2022\/wp-content\/uploads\/2024\/08\/172366969566bd1cbf26b10.jpg","contentUrl":"https:\/\/regiaonews.net.br\/2022\/wp-content\/uploads\/2024\/08\/172366969566bd1cbf26b10.jpg","width":800,"height":533},{"@type":"BreadcrumbList","@id":"https:\/\/regiaonews.net.br\/2022\/2024\/08\/15\/festa-do-peao-de-barretos-comeca-nesta-quinta-feira-com-mais-de-100-shows-e-mais-de-r-1-milhao-em-premiacao\/#breadcrumb","itemListElement":[{"@type":"ListItem","position":1,"name":"In\u00edcio","item":"https:\/\/regiaonews.net.br\/2022\/"},{"@type":"ListItem","position":2,"name":"Festa do Pe\u00e3o de Barretos come\u00e7a nesta quinta-feira com mais de 100 shows e mais de R$ 1 milh\u00e3o em premia\u00e7\u00e3o"}]},{"@type":"WebSite","@id":"https:\/\/regiaonews.net.br\/2022\/#website","url":"https:\/\/regiaonews.net.br\/2022\/","name":"Regi\u00e3o News","description":"Site de Not\u00edcias de Barretos e regi\u00e3o","publisher":{"@id":"https:\/\/regiaonews.net.br\/2022\/#organization"},"potentialAction":[{"@type":"SearchAction","target":{"@type":"EntryPoint","urlTemplate":"https:\/\/regiaonews.net.br\/2022\/?s={search_term_string}"},"query-input":{"@type":"PropertyValueSpecification","valueRequired":true,"valueName":"search_term_string"}}],"inLanguage":"pt-BR"},{"@type":"Organization","@id":"https:\/\/regiaonews.net.br\/2022\/#organization","name":"Regi\u00e3o News","url":"https:\/\/regiaonews.net.br\/2022\/","logo":{"@type":"ImageObject","inLanguage":"pt-BR","@id":"https:\/\/regiaonews.net.br\/2022\/#\/schema\/logo\/image\/","url":"https:\/\/regiaonews.net.br\/2022\/wp-content\/uploads\/2026\/03\/regiao-13-anos-scaled.jpg","contentUrl":"https:\/\/regiaonews.net.br\/2022\/wp-content\/uploads\/2026\/03\/regiao-13-anos-scaled.jpg","width":2560,"height":635,"caption":"Regi\u00e3o News"},"image":{"@id":"https:\/\/regiaonews.net.br\/2022\/#\/schema\/logo\/image\/"}},{"@type":"Person","@id":"https:\/\/regiaonews.net.br\/2022\/#\/schema\/person\/2d205a608a5aa97ac279d7a5e6d89ad8","name":"Roberto","image":{"@type":"ImageObject","inLanguage":"pt-BR","@id":"https:\/\/secure.gravatar.com\/avatar\/42749d8b712ff9d59ca93dc150494e5b55a44134482993f5baeb97e61b7ecc89?s=96&d=mm&r=g","url":"https:\/\/secure.gravatar.com\/avatar\/42749d8b712ff9d59ca93dc150494e5b55a44134482993f5baeb97e61b7ecc89?s=96&d=mm&r=g","contentUrl":"https:\/\/secure.gravatar.com\/avatar\/42749d8b712ff9d59ca93dc150494e5b55a44134482993f5baeb97e61b7ecc89?s=96&d=mm&r=g","caption":"Roberto"},"url":"https:\/\/regiaonews.net.br\/2022\/author\/roberto\/"}]}},"publishpress_future_action":{"enabled":false,"date":"2026-05-03 06:21:56","action":"change-status","newStatus":"draft","terms":[],"taxonomy":"category","extraData":[]},"publishpress_future_workflow_manual_trigger":{"enabledWorkflows":[]},"_links":{"self":[{"href":"https:\/\/regiaonews.net.br\/2022\/wp-json\/wp\/v2\/posts\/108833","targetHints":{"allow":["GET"]}}],"collection":[{"href":"https:\/\/regiaonews.net.br\/2022\/wp-json\/wp\/v2\/posts"}],"about":[{"href":"https:\/\/regiaonews.net.br\/2022\/wp-json\/wp\/v2\/types\/post"}],"author":[{"embeddable":true,"href":"https:\/\/regiaonews.net.br\/2022\/wp-json\/wp\/v2\/users\/2"}],"replies":[{"embeddable":true,"href":"https:\/\/regiaonews.net.br\/2022\/wp-json\/wp\/v2\/comments?post=108833"}],"version-history":[{"count":1,"href":"https:\/\/regiaonews.net.br\/2022\/wp-json\/wp\/v2\/posts\/108833\/revisions"}],"predecessor-version":[{"id":108835,"href":"https:\/\/regiaonews.net.br\/2022\/wp-json\/wp\/v2\/posts\/108833\/revisions\/108835"}],"wp:featuredmedia":[{"embeddable":true,"href":"https:\/\/regiaonews.net.br\/2022\/wp-json\/wp\/v2\/media\/108834"}],"wp:attachment":[{"href":"https:\/\/regiaonews.net.br\/2022\/wp-json\/wp\/v2\/media?parent=108833"}],"wp:term":[{"taxonomy":"category","embeddable":true,"href":"https:\/\/regiaonews.net.br\/2022\/wp-json\/wp\/v2\/categories?post=108833"},{"taxonomy":"post_tag","embeddable":true,"href":"https:\/\/regiaonews.net.br\/2022\/wp-json\/wp\/v2\/tags?post=108833"}],"curies":[{"name":"wp","href":"https:\/\/api.w.org\/{rel}","templated":true}]}}