{"id":108829,"date":"2024-08-15T16:37:54","date_gmt":"2024-08-15T19:37:54","guid":{"rendered":"https:\/\/regiaonews.net.br\/2022\/?p=108829"},"modified":"2024-08-15T16:37:54","modified_gmt":"2024-08-15T19:37:54","slug":"iml-conclui-identificacao-de-todas-as-62-vitimas-do-acidente-aereo-em-vinhedo","status":"publish","type":"post","link":"https:\/\/regiaonews.net.br\/2022\/2024\/08\/15\/iml-conclui-identificacao-de-todas-as-62-vitimas-do-acidente-aereo-em-vinhedo\/","title":{"rendered":"IML conclui identifica\u00e7\u00e3o de todas as 62 v\u00edtimas do acidente a\u00e9reo em Vinhedo"},"content":{"rendered":"<div class=\"col-lg-12 mt-2\">\n<h3 style=\"text-align: center;\">For\u00e7a-tarefa do governo de S\u00e3o Paulo atuou ininterruptamente desde o dia da queda da aeronave<\/h3>\n<div>O Instituto M\u00e9dico Legal (IML) de S\u00e3o Paulo concluiu na quarta-feira (14) a identifica\u00e7\u00e3o de todas as 62 v\u00edtimas que estavam no avi\u00e3o da companhia a\u00e9rea Voepass, que caiu em Vinhedo, no interior de S\u00e3o Paulo. At\u00e9 o momento, 42 corpos foram liberados. J\u00e1 houve a comunica\u00e7\u00e3o de todos os familiares.<\/div>\n<div><\/div>\n<div>O trabalho de identifica\u00e7\u00e3o foi concentrado no IML Central da capital paulista que, desde a trag\u00e9dia, na sexta-feira (9), funcionou ininterruptamente para agilizar o reconhecimento dos corpos e a libera\u00e7\u00e3o \u00e0s fam\u00edlias. As v\u00edtimas retiradas dos escombros pelos Bombeiros foram transportadas at\u00e9 a cidade de S\u00e3o Paulo para realiza\u00e7\u00e3o dos trabalhos.<\/div>\n<div><\/div>\n<div>Cerca de 40 profissionais entre m\u00e9dicos e equipes de odontologia legal, antropologia e radiologia trabalharam de forma exclusiva com apoio de equipes do Instituto de Identifica\u00e7\u00e3o Ricardo Gumbleton Daunt (IIRGD). Nesse per\u00edodo, os profissionais contaram com documenta\u00e7\u00f5es m\u00e9dicas, al\u00e9m da coleta de materiais biol\u00f3gicos das fam\u00edlias para a realiza\u00e7\u00e3o de exames gen\u00e9ticos.<\/div>\n<div><\/div>\n<div>Os m\u00e9dicos-legistas usaram o reconhecimento digital na maioria dos corpos. Al\u00e9m disso, houve necessidade de analisar o hist\u00f3rico odontol\u00f3gico de algumas v\u00edtimas, que foi fornecido pelas fam\u00edlias. Apesar da estrutura montada, n\u00e3o foi preciso realizar exames de reconhecimento de comprova\u00e7\u00e3o biol\u00f3gica por meio de DNA.<\/div>\n<div><\/div>\n<div>&#8220;Toda identifica\u00e7\u00e3o prescindiu do exame complementar de DNA, porque essa expertise propiciou que os dados de encontro pericial nos corpos fossem objetivamente comparados com os dados preexistentes, sejam planilhas datilosc\u00f3picas ou imagens radiol\u00f3gicas pr\u00e9vias que essas v\u00edtimas j\u00e1 possu\u00edam&#8221;, informou o superintendente da Pol\u00edcia T\u00e9cnico-Cient\u00edfica, Claudinei Salom\u00e3o.<\/div>\n<div>\n<div>Nesses cinco dias de trabalho, o governo paulista reservou acomoda\u00e7\u00f5es em um hotel na regi\u00e3o para suporte aos familiares das v\u00edtimas que se deslocaram \u00e0 capital paulista. Os parentes de Cascavel, no Paran\u00e1, e de Ribeir\u00e3o Preto, no interior de S\u00e3o Paulo, tiveram o atendimento realizado nos n\u00facleos regionais do IML.<\/div>\n<div><\/div>\n<div>No s\u00e1bado (10), dia seguinte ao acidente, os Bombeiros encerraram a retirada dos corpos da aeronave no in\u00edcio da noite. Posteriormente, o local dos escombros foi liberado ao Centro de Investiga\u00e7\u00e3o e Preven\u00e7\u00e3o de Acidentes Aeron\u00e1uticos (Cenipa).<\/div>\n<\/div>\n<\/div>\n<div class=\"col-lg-12\"><\/div>\n","protected":false},"excerpt":{"rendered":"<p>For\u00e7a-tarefa do governo de S\u00e3o Paulo atuou ininterruptamente desde o<\/p>\n","protected":false},"author":2,"featured_media":108830,"comment_status":"open","ping_status":"open","sticky":false,"template":"","format":"standard","meta":{"footnotes":""},"categories":[24,3],"tags":[],"class_list":["post-108829","post","type-post","status-publish","format-standard","has-post-thumbnail","hentry","category-brasil","category-geral"],"yoast_head":"<!-- This site is optimized with the Yoast SEO plugin v27.4 - https:\/\/yoast.com\/product\/yoast-seo-wordpress\/ -->\n<title>IML conclui identifica\u00e7\u00e3o de todas as 62 v\u00edtimas do acidente a\u00e9reo em Vinhedo - Regi\u00e3o News<\/title>\n<meta name=\"robots\" content=\"index, follow, max-snippet:-1, max-image-preview:large, max-video-preview:-1\" \/>\n<link rel=\"canonical\" href=\"https:\/\/regiaonews.net.br\/2022\/2024\/08\/15\/iml-conclui-identificacao-de-todas-as-62-vitimas-do-acidente-aereo-em-vinhedo\/\" \/>\n<meta property=\"og:locale\" content=\"pt_BR\" \/>\n<meta property=\"og:type\" content=\"article\" \/>\n<meta property=\"og:title\" content=\"IML conclui identifica\u00e7\u00e3o de todas as 62 v\u00edtimas do acidente a\u00e9reo em Vinhedo - Regi\u00e3o News\" \/>\n<meta property=\"og:description\" content=\"For\u00e7a-tarefa do governo de S\u00e3o Paulo atuou ininterruptamente desde o\" \/>\n<meta property=\"og:url\" content=\"https:\/\/regiaonews.net.br\/2022\/2024\/08\/15\/iml-conclui-identificacao-de-todas-as-62-vitimas-do-acidente-aereo-em-vinhedo\/\" \/>\n<meta property=\"og:site_name\" content=\"Regi\u00e3o News\" \/>\n<meta property=\"article:published_time\" content=\"2024-08-15T19:37:54+00:00\" \/>\n<meta property=\"og:image\" content=\"https:\/\/regiaonews.net.br\/2022\/wp-content\/uploads\/2024\/08\/D00055864.jpg\" \/>\n\t<meta property=\"og:image:width\" content=\"800\" \/>\n\t<meta property=\"og:image:height\" content=\"600\" \/>\n\t<meta property=\"og:image:type\" content=\"image\/jpeg\" \/>\n<meta name=\"author\" content=\"Roberto\" \/>\n<meta name=\"twitter:card\" content=\"summary_large_image\" \/>\n<meta name=\"twitter:label1\" content=\"Escrito por\" \/>\n\t<meta name=\"twitter:data1\" content=\"Roberto\" \/>\n\t<meta name=\"twitter:label2\" content=\"Est. tempo de leitura\" \/>\n\t<meta name=\"twitter:data2\" content=\"3 minutos\" \/>\n<script type=\"application\/ld+json\" class=\"yoast-schema-graph\">{\"@context\":\"https:\\\/\\\/schema.org\",\"@graph\":[{\"@type\":\"Article\",\"@id\":\"https:\\\/\\\/regiaonews.net.br\\\/2022\\\/2024\\\/08\\\/15\\\/iml-conclui-identificacao-de-todas-as-62-vitimas-do-acidente-aereo-em-vinhedo\\\/#article\",\"isPartOf\":{\"@id\":\"https:\\\/\\\/regiaonews.net.br\\\/2022\\\/2024\\\/08\\\/15\\\/iml-conclui-identificacao-de-todas-as-62-vitimas-do-acidente-aereo-em-vinhedo\\\/\"},\"author\":{\"name\":\"Roberto\",\"@id\":\"https:\\\/\\\/regiaonews.net.br\\\/2022\\\/#\\\/schema\\\/person\\\/2d205a608a5aa97ac279d7a5e6d89ad8\"},\"headline\":\"IML conclui identifica\u00e7\u00e3o de todas as 62 v\u00edtimas do acidente a\u00e9reo em Vinhedo\",\"datePublished\":\"2024-08-15T19:37:54+00:00\",\"mainEntityOfPage\":{\"@id\":\"https:\\\/\\\/regiaonews.net.br\\\/2022\\\/2024\\\/08\\\/15\\\/iml-conclui-identificacao-de-todas-as-62-vitimas-do-acidente-aereo-em-vinhedo\\\/\"},\"wordCount\":414,\"commentCount\":0,\"publisher\":{\"@id\":\"https:\\\/\\\/regiaonews.net.br\\\/2022\\\/#organization\"},\"image\":{\"@id\":\"https:\\\/\\\/regiaonews.net.br\\\/2022\\\/2024\\\/08\\\/15\\\/iml-conclui-identificacao-de-todas-as-62-vitimas-do-acidente-aereo-em-vinhedo\\\/#primaryimage\"},\"thumbnailUrl\":\"https:\\\/\\\/regiaonews.net.br\\\/2022\\\/wp-content\\\/uploads\\\/2024\\\/08\\\/D00055864.jpg\",\"articleSection\":[\"Brasil\",\"Geral\"],\"inLanguage\":\"pt-BR\",\"potentialAction\":[{\"@type\":\"CommentAction\",\"name\":\"Comment\",\"target\":[\"https:\\\/\\\/regiaonews.net.br\\\/2022\\\/2024\\\/08\\\/15\\\/iml-conclui-identificacao-de-todas-as-62-vitimas-do-acidente-aereo-em-vinhedo\\\/#respond\"]}]},{\"@type\":\"WebPage\",\"@id\":\"https:\\\/\\\/regiaonews.net.br\\\/2022\\\/2024\\\/08\\\/15\\\/iml-conclui-identificacao-de-todas-as-62-vitimas-do-acidente-aereo-em-vinhedo\\\/\",\"url\":\"https:\\\/\\\/regiaonews.net.br\\\/2022\\\/2024\\\/08\\\/15\\\/iml-conclui-identificacao-de-todas-as-62-vitimas-do-acidente-aereo-em-vinhedo\\\/\",\"name\":\"IML conclui identifica\u00e7\u00e3o de todas as 62 v\u00edtimas do acidente a\u00e9reo em Vinhedo - Regi\u00e3o News\",\"isPartOf\":{\"@id\":\"https:\\\/\\\/regiaonews.net.br\\\/2022\\\/#website\"},\"primaryImageOfPage\":{\"@id\":\"https:\\\/\\\/regiaonews.net.br\\\/2022\\\/2024\\\/08\\\/15\\\/iml-conclui-identificacao-de-todas-as-62-vitimas-do-acidente-aereo-em-vinhedo\\\/#primaryimage\"},\"image\":{\"@id\":\"https:\\\/\\\/regiaonews.net.br\\\/2022\\\/2024\\\/08\\\/15\\\/iml-conclui-identificacao-de-todas-as-62-vitimas-do-acidente-aereo-em-vinhedo\\\/#primaryimage\"},\"thumbnailUrl\":\"https:\\\/\\\/regiaonews.net.br\\\/2022\\\/wp-content\\\/uploads\\\/2024\\\/08\\\/D00055864.jpg\",\"datePublished\":\"2024-08-15T19:37:54+00:00\",\"breadcrumb\":{\"@id\":\"https:\\\/\\\/regiaonews.net.br\\\/2022\\\/2024\\\/08\\\/15\\\/iml-conclui-identificacao-de-todas-as-62-vitimas-do-acidente-aereo-em-vinhedo\\\/#breadcrumb\"},\"inLanguage\":\"pt-BR\",\"potentialAction\":[{\"@type\":\"ReadAction\",\"target\":[\"https:\\\/\\\/regiaonews.net.br\\\/2022\\\/2024\\\/08\\\/15\\\/iml-conclui-identificacao-de-todas-as-62-vitimas-do-acidente-aereo-em-vinhedo\\\/\"]}]},{\"@type\":\"ImageObject\",\"inLanguage\":\"pt-BR\",\"@id\":\"https:\\\/\\\/regiaonews.net.br\\\/2022\\\/2024\\\/08\\\/15\\\/iml-conclui-identificacao-de-todas-as-62-vitimas-do-acidente-aereo-em-vinhedo\\\/#primaryimage\",\"url\":\"https:\\\/\\\/regiaonews.net.br\\\/2022\\\/wp-content\\\/uploads\\\/2024\\\/08\\\/D00055864.jpg\",\"contentUrl\":\"https:\\\/\\\/regiaonews.net.br\\\/2022\\\/wp-content\\\/uploads\\\/2024\\\/08\\\/D00055864.jpg\",\"width\":800,\"height\":600},{\"@type\":\"BreadcrumbList\",\"@id\":\"https:\\\/\\\/regiaonews.net.br\\\/2022\\\/2024\\\/08\\\/15\\\/iml-conclui-identificacao-de-todas-as-62-vitimas-do-acidente-aereo-em-vinhedo\\\/#breadcrumb\",\"itemListElement\":[{\"@type\":\"ListItem\",\"position\":1,\"name\":\"In\u00edcio\",\"item\":\"https:\\\/\\\/regiaonews.net.br\\\/2022\\\/\"},{\"@type\":\"ListItem\",\"position\":2,\"name\":\"IML conclui identifica\u00e7\u00e3o de todas as 62 v\u00edtimas do acidente a\u00e9reo em Vinhedo\"}]},{\"@type\":\"WebSite\",\"@id\":\"https:\\\/\\\/regiaonews.net.br\\\/2022\\\/#website\",\"url\":\"https:\\\/\\\/regiaonews.net.br\\\/2022\\\/\",\"name\":\"Regi\u00e3o News\",\"description\":\"Site de Not\u00edcias de Barretos e regi\u00e3o\",\"publisher\":{\"@id\":\"https:\\\/\\\/regiaonews.net.br\\\/2022\\\/#organization\"},\"potentialAction\":[{\"@type\":\"SearchAction\",\"target\":{\"@type\":\"EntryPoint\",\"urlTemplate\":\"https:\\\/\\\/regiaonews.net.br\\\/2022\\\/?s={search_term_string}\"},\"query-input\":{\"@type\":\"PropertyValueSpecification\",\"valueRequired\":true,\"valueName\":\"search_term_string\"}}],\"inLanguage\":\"pt-BR\"},{\"@type\":\"Organization\",\"@id\":\"https:\\\/\\\/regiaonews.net.br\\\/2022\\\/#organization\",\"name\":\"Regi\u00e3o News\",\"url\":\"https:\\\/\\\/regiaonews.net.br\\\/2022\\\/\",\"logo\":{\"@type\":\"ImageObject\",\"inLanguage\":\"pt-BR\",\"@id\":\"https:\\\/\\\/regiaonews.net.br\\\/2022\\\/#\\\/schema\\\/logo\\\/image\\\/\",\"url\":\"https:\\\/\\\/regiaonews.net.br\\\/2022\\\/wp-content\\\/uploads\\\/2026\\\/03\\\/regiao-13-anos-scaled.jpg\",\"contentUrl\":\"https:\\\/\\\/regiaonews.net.br\\\/2022\\\/wp-content\\\/uploads\\\/2026\\\/03\\\/regiao-13-anos-scaled.jpg\",\"width\":2560,\"height\":635,\"caption\":\"Regi\u00e3o News\"},\"image\":{\"@id\":\"https:\\\/\\\/regiaonews.net.br\\\/2022\\\/#\\\/schema\\\/logo\\\/image\\\/\"}},{\"@type\":\"Person\",\"@id\":\"https:\\\/\\\/regiaonews.net.br\\\/2022\\\/#\\\/schema\\\/person\\\/2d205a608a5aa97ac279d7a5e6d89ad8\",\"name\":\"Roberto\",\"image\":{\"@type\":\"ImageObject\",\"inLanguage\":\"pt-BR\",\"@id\":\"https:\\\/\\\/secure.gravatar.com\\\/avatar\\\/42749d8b712ff9d59ca93dc150494e5b55a44134482993f5baeb97e61b7ecc89?s=96&d=mm&r=g\",\"url\":\"https:\\\/\\\/secure.gravatar.com\\\/avatar\\\/42749d8b712ff9d59ca93dc150494e5b55a44134482993f5baeb97e61b7ecc89?s=96&d=mm&r=g\",\"contentUrl\":\"https:\\\/\\\/secure.gravatar.com\\\/avatar\\\/42749d8b712ff9d59ca93dc150494e5b55a44134482993f5baeb97e61b7ecc89?s=96&d=mm&r=g\",\"caption\":\"Roberto\"},\"url\":\"https:\\\/\\\/regiaonews.net.br\\\/2022\\\/author\\\/roberto\\\/\"}]}<\/script>\n<!-- \/ Yoast SEO plugin. -->","yoast_head_json":{"title":"IML conclui identifica\u00e7\u00e3o de todas as 62 v\u00edtimas do acidente a\u00e9reo em Vinhedo - Regi\u00e3o News","robots":{"index":"index","follow":"follow","max-snippet":"max-snippet:-1","max-image-preview":"max-image-preview:large","max-video-preview":"max-video-preview:-1"},"canonical":"https:\/\/regiaonews.net.br\/2022\/2024\/08\/15\/iml-conclui-identificacao-de-todas-as-62-vitimas-do-acidente-aereo-em-vinhedo\/","og_locale":"pt_BR","og_type":"article","og_title":"IML conclui identifica\u00e7\u00e3o de todas as 62 v\u00edtimas do acidente a\u00e9reo em Vinhedo - Regi\u00e3o News","og_description":"For\u00e7a-tarefa do governo de S\u00e3o Paulo atuou ininterruptamente desde o","og_url":"https:\/\/regiaonews.net.br\/2022\/2024\/08\/15\/iml-conclui-identificacao-de-todas-as-62-vitimas-do-acidente-aereo-em-vinhedo\/","og_site_name":"Regi\u00e3o News","article_published_time":"2024-08-15T19:37:54+00:00","og_image":[{"width":800,"height":600,"url":"https:\/\/regiaonews.net.br\/2022\/wp-content\/uploads\/2024\/08\/D00055864.jpg","type":"image\/jpeg"}],"author":"Roberto","twitter_card":"summary_large_image","twitter_misc":{"Escrito por":"Roberto","Est. tempo de leitura":"3 minutos"},"schema":{"@context":"https:\/\/schema.org","@graph":[{"@type":"Article","@id":"https:\/\/regiaonews.net.br\/2022\/2024\/08\/15\/iml-conclui-identificacao-de-todas-as-62-vitimas-do-acidente-aereo-em-vinhedo\/#article","isPartOf":{"@id":"https:\/\/regiaonews.net.br\/2022\/2024\/08\/15\/iml-conclui-identificacao-de-todas-as-62-vitimas-do-acidente-aereo-em-vinhedo\/"},"author":{"name":"Roberto","@id":"https:\/\/regiaonews.net.br\/2022\/#\/schema\/person\/2d205a608a5aa97ac279d7a5e6d89ad8"},"headline":"IML conclui identifica\u00e7\u00e3o de todas as 62 v\u00edtimas do acidente a\u00e9reo em Vinhedo","datePublished":"2024-08-15T19:37:54+00:00","mainEntityOfPage":{"@id":"https:\/\/regiaonews.net.br\/2022\/2024\/08\/15\/iml-conclui-identificacao-de-todas-as-62-vitimas-do-acidente-aereo-em-vinhedo\/"},"wordCount":414,"commentCount":0,"publisher":{"@id":"https:\/\/regiaonews.net.br\/2022\/#organization"},"image":{"@id":"https:\/\/regiaonews.net.br\/2022\/2024\/08\/15\/iml-conclui-identificacao-de-todas-as-62-vitimas-do-acidente-aereo-em-vinhedo\/#primaryimage"},"thumbnailUrl":"https:\/\/regiaonews.net.br\/2022\/wp-content\/uploads\/2024\/08\/D00055864.jpg","articleSection":["Brasil","Geral"],"inLanguage":"pt-BR","potentialAction":[{"@type":"CommentAction","name":"Comment","target":["https:\/\/regiaonews.net.br\/2022\/2024\/08\/15\/iml-conclui-identificacao-de-todas-as-62-vitimas-do-acidente-aereo-em-vinhedo\/#respond"]}]},{"@type":"WebPage","@id":"https:\/\/regiaonews.net.br\/2022\/2024\/08\/15\/iml-conclui-identificacao-de-todas-as-62-vitimas-do-acidente-aereo-em-vinhedo\/","url":"https:\/\/regiaonews.net.br\/2022\/2024\/08\/15\/iml-conclui-identificacao-de-todas-as-62-vitimas-do-acidente-aereo-em-vinhedo\/","name":"IML conclui identifica\u00e7\u00e3o de todas as 62 v\u00edtimas do acidente a\u00e9reo em Vinhedo - Regi\u00e3o News","isPartOf":{"@id":"https:\/\/regiaonews.net.br\/2022\/#website"},"primaryImageOfPage":{"@id":"https:\/\/regiaonews.net.br\/2022\/2024\/08\/15\/iml-conclui-identificacao-de-todas-as-62-vitimas-do-acidente-aereo-em-vinhedo\/#primaryimage"},"image":{"@id":"https:\/\/regiaonews.net.br\/2022\/2024\/08\/15\/iml-conclui-identificacao-de-todas-as-62-vitimas-do-acidente-aereo-em-vinhedo\/#primaryimage"},"thumbnailUrl":"https:\/\/regiaonews.net.br\/2022\/wp-content\/uploads\/2024\/08\/D00055864.jpg","datePublished":"2024-08-15T19:37:54+00:00","breadcrumb":{"@id":"https:\/\/regiaonews.net.br\/2022\/2024\/08\/15\/iml-conclui-identificacao-de-todas-as-62-vitimas-do-acidente-aereo-em-vinhedo\/#breadcrumb"},"inLanguage":"pt-BR","potentialAction":[{"@type":"ReadAction","target":["https:\/\/regiaonews.net.br\/2022\/2024\/08\/15\/iml-conclui-identificacao-de-todas-as-62-vitimas-do-acidente-aereo-em-vinhedo\/"]}]},{"@type":"ImageObject","inLanguage":"pt-BR","@id":"https:\/\/regiaonews.net.br\/2022\/2024\/08\/15\/iml-conclui-identificacao-de-todas-as-62-vitimas-do-acidente-aereo-em-vinhedo\/#primaryimage","url":"https:\/\/regiaonews.net.br\/2022\/wp-content\/uploads\/2024\/08\/D00055864.jpg","contentUrl":"https:\/\/regiaonews.net.br\/2022\/wp-content\/uploads\/2024\/08\/D00055864.jpg","width":800,"height":600},{"@type":"BreadcrumbList","@id":"https:\/\/regiaonews.net.br\/2022\/2024\/08\/15\/iml-conclui-identificacao-de-todas-as-62-vitimas-do-acidente-aereo-em-vinhedo\/#breadcrumb","itemListElement":[{"@type":"ListItem","position":1,"name":"In\u00edcio","item":"https:\/\/regiaonews.net.br\/2022\/"},{"@type":"ListItem","position":2,"name":"IML conclui identifica\u00e7\u00e3o de todas as 62 v\u00edtimas do acidente a\u00e9reo em Vinhedo"}]},{"@type":"WebSite","@id":"https:\/\/regiaonews.net.br\/2022\/#website","url":"https:\/\/regiaonews.net.br\/2022\/","name":"Regi\u00e3o News","description":"Site de Not\u00edcias de Barretos e regi\u00e3o","publisher":{"@id":"https:\/\/regiaonews.net.br\/2022\/#organization"},"potentialAction":[{"@type":"SearchAction","target":{"@type":"EntryPoint","urlTemplate":"https:\/\/regiaonews.net.br\/2022\/?s={search_term_string}"},"query-input":{"@type":"PropertyValueSpecification","valueRequired":true,"valueName":"search_term_string"}}],"inLanguage":"pt-BR"},{"@type":"Organization","@id":"https:\/\/regiaonews.net.br\/2022\/#organization","name":"Regi\u00e3o News","url":"https:\/\/regiaonews.net.br\/2022\/","logo":{"@type":"ImageObject","inLanguage":"pt-BR","@id":"https:\/\/regiaonews.net.br\/2022\/#\/schema\/logo\/image\/","url":"https:\/\/regiaonews.net.br\/2022\/wp-content\/uploads\/2026\/03\/regiao-13-anos-scaled.jpg","contentUrl":"https:\/\/regiaonews.net.br\/2022\/wp-content\/uploads\/2026\/03\/regiao-13-anos-scaled.jpg","width":2560,"height":635,"caption":"Regi\u00e3o News"},"image":{"@id":"https:\/\/regiaonews.net.br\/2022\/#\/schema\/logo\/image\/"}},{"@type":"Person","@id":"https:\/\/regiaonews.net.br\/2022\/#\/schema\/person\/2d205a608a5aa97ac279d7a5e6d89ad8","name":"Roberto","image":{"@type":"ImageObject","inLanguage":"pt-BR","@id":"https:\/\/secure.gravatar.com\/avatar\/42749d8b712ff9d59ca93dc150494e5b55a44134482993f5baeb97e61b7ecc89?s=96&d=mm&r=g","url":"https:\/\/secure.gravatar.com\/avatar\/42749d8b712ff9d59ca93dc150494e5b55a44134482993f5baeb97e61b7ecc89?s=96&d=mm&r=g","contentUrl":"https:\/\/secure.gravatar.com\/avatar\/42749d8b712ff9d59ca93dc150494e5b55a44134482993f5baeb97e61b7ecc89?s=96&d=mm&r=g","caption":"Roberto"},"url":"https:\/\/regiaonews.net.br\/2022\/author\/roberto\/"}]}},"publishpress_future_action":{"enabled":false,"date":"2026-05-03 07:54:22","action":"change-status","newStatus":"draft","terms":[],"taxonomy":"category","extraData":[]},"publishpress_future_workflow_manual_trigger":{"enabledWorkflows":[]},"_links":{"self":[{"href":"https:\/\/regiaonews.net.br\/2022\/wp-json\/wp\/v2\/posts\/108829","targetHints":{"allow":["GET"]}}],"collection":[{"href":"https:\/\/regiaonews.net.br\/2022\/wp-json\/wp\/v2\/posts"}],"about":[{"href":"https:\/\/regiaonews.net.br\/2022\/wp-json\/wp\/v2\/types\/post"}],"author":[{"embeddable":true,"href":"https:\/\/regiaonews.net.br\/2022\/wp-json\/wp\/v2\/users\/2"}],"replies":[{"embeddable":true,"href":"https:\/\/regiaonews.net.br\/2022\/wp-json\/wp\/v2\/comments?post=108829"}],"version-history":[{"count":1,"href":"https:\/\/regiaonews.net.br\/2022\/wp-json\/wp\/v2\/posts\/108829\/revisions"}],"predecessor-version":[{"id":108831,"href":"https:\/\/regiaonews.net.br\/2022\/wp-json\/wp\/v2\/posts\/108829\/revisions\/108831"}],"wp:featuredmedia":[{"embeddable":true,"href":"https:\/\/regiaonews.net.br\/2022\/wp-json\/wp\/v2\/media\/108830"}],"wp:attachment":[{"href":"https:\/\/regiaonews.net.br\/2022\/wp-json\/wp\/v2\/media?parent=108829"}],"wp:term":[{"taxonomy":"category","embeddable":true,"href":"https:\/\/regiaonews.net.br\/2022\/wp-json\/wp\/v2\/categories?post=108829"},{"taxonomy":"post_tag","embeddable":true,"href":"https:\/\/regiaonews.net.br\/2022\/wp-json\/wp\/v2\/tags?post=108829"}],"curies":[{"name":"wp","href":"https:\/\/api.w.org\/{rel}","templated":true}]}}