{"id":108817,"date":"2024-08-14T21:38:00","date_gmt":"2024-08-15T00:38:00","guid":{"rendered":"https:\/\/regiaonews.net.br\/2022\/?p=108817"},"modified":"2024-08-15T02:43:00","modified_gmt":"2024-08-15T05:43:00","slug":"com-projeto-inovador-e-tecnologico-palcos-da-festa-do-peao-de-barretos-sao-ampliados-e-prometem-grandes-espetaculos-com-os-maiores-nomes-do-sertanejo","status":"publish","type":"post","link":"https:\/\/regiaonews.net.br\/2022\/2024\/08\/14\/com-projeto-inovador-e-tecnologico-palcos-da-festa-do-peao-de-barretos-sao-ampliados-e-prometem-grandes-espetaculos-com-os-maiores-nomes-do-sertanejo\/","title":{"rendered":"Com projeto inovador e tecnol\u00f3gico, palcos da Festa do Pe\u00e3o de Barretos s\u00e3o ampliados e prometem grandes espet\u00e1culos com os maiores nomes do sertanejo"},"content":{"rendered":"<p>A 69\u00aa Festa do Pe\u00e3o de Barretos come\u00e7a no pr\u00f3ximo dia 15 de agosto trazendo novamente a tradi\u00e7\u00e3o da cultura sertaneja, a emo\u00e7\u00e3o das provas e montarias de rodeio, e tamb\u00e9m uma programa\u00e7\u00e3o repleta de grandes atra\u00e7\u00f5es musicais.<\/p>\n<p>Para edi\u00e7\u00e3o de 2024, os dois palcos principais da maior Festa do g\u00eanero na Am\u00e9rica Latina, est\u00e3o maiores e por meio da cenografia, prometem agregar modernidade, tecnologia e criatividade \u00e0s apresenta\u00e7\u00f5es.<\/p>\n<p>O palco Amanhecer, um dos principais dentro do evento, est\u00e1 maior e mais imponente. O espa\u00e7o foi ampliado em 54% em compara\u00e7\u00e3o ao mesmo palco estruturado desde 2022. Para esse ano, o Amanhecer tem 82,8 metros de largura e 16,2 metros de altura.<\/p>\n<p>Situado na arena de rodeios e tradicional por receber grandes sucessos da m\u00fasica, o palco Est\u00e1dio recebeu investimentos estruturais para entregar um visual ainda mais moderno e inovador. Al\u00e9m de todos os elementos cenogr\u00e1ficos (LEDs, luzes, som e estrutural), o palco recebeu amplia\u00e7\u00e3o nas laterais e altura.<\/p>\n<p>As \u2018asas do palco\u2019 foram estendidas em uma estrutura fixa at\u00e9 as arquibancadas do est\u00e1dio. Al\u00e9m disso, o palco ganhou mais 3 metros de altura. Com essas mudan\u00e7as, o palco do Est\u00e1dio ter\u00e1 73,5 metros de largura e 20,8 metros de altura, o equivalente a um pr\u00e9dio de 6 andares.<\/p>\n<p>\u201cNeste ano nos aprofundamos no conceito figital, que \u00e9 a uni\u00e3o do digital com o f\u00edsico. Desenvolvemos elementos cenogr\u00e1ficos que interagem com as artes digitais que ser\u00e3o projetadas nos pain\u00e9is de led, tanto no palco Arena quanto no palco Amanhecer. Atrav\u00e9s da nossa dire\u00e7\u00e3o art\u00edstica, n\u00f3s fazemos as compatibiliza\u00e7\u00e3o trinca necess\u00e1ria para atingir os efeitos que desenvolvemos na fase de cria\u00e7\u00e3o do projeto\u201d, afirmou Wellington Luis Grabovski, diretor t\u00e9cnico e art\u00edstico da Views, respons\u00e1vel pela proje\u00e7\u00e3o e produ\u00e7\u00e3o dos palcos.<\/p>\n<p>Para atender a estrutura dos dois palcos foram utilizados mais de 8 mil metros de tecidos, al\u00e9m de 8.300 quilos de barras de a\u00e7o e muita ilumina\u00e7\u00e3o. Para garantir um espet\u00e1culo visual deslumbrante, com muita luz, proje\u00e7\u00e3o e sincronia, o evento contar\u00e1 com mais de 3.723 placas de LEDs &#8211; uma \u00e1rea total de 930 metros quadrados.<\/p>\n<p>No palco do Est\u00e1dio ser\u00e3o 1.860 placas instaladas com integra\u00e7\u00e3o com todos os elementos cenogr\u00e1ficos e intera\u00e7\u00e3o entre palco e plateia durante as apresenta\u00e7\u00f5es art\u00edsticas. O palco Amanhecer ter\u00e1 1.423 placas de Leds garantindo mais brilho e visibilidade excepcional durante os shows.<\/p>\n<p>\u201cPensamos sempre em inovar e fazer com que o p\u00fablico sinta integrado com a apresenta\u00e7\u00e3o dos artistas. Barretos \u00e9 a \u201cTerra de Emo\u00e7\u00f5es\u201d, e queremos que o visitante vivencie cada emo\u00e7\u00e3o e experi\u00eancia dentro das provas e montarias de rodeio, como tamb\u00e9m, nos shows musicais\u201d, destaca Pedro Muzetti, diretor cultural da Festa do Pe\u00e3o.<\/p>\n<p>Palco Picadeiro<br \/>\nPelo terceiro ano consecutivo, o palco picadeiro ser\u00e1 montado no meio da arena, onde os artistas descem do palco principal passando pelo p\u00fablico e chegando a esta estrutura montada. Com oito lados e cinco metros de di\u00e2metro, o palco remete a hist\u00f3ria da Festa do Pe\u00e3o de Barretos, que come\u00e7ou quando o rodeio era feito em uma tenda de circo.<\/p>\n<p>\u201cO p\u00fablico presente no meio da arena e tem esse contato bem pr\u00f3ximo do artista, assim como, as pessoas que acompanham os shows nas arquibancadas. \u00c9 uma intera\u00e7\u00e3o bacana e uma forma de aproximar os f\u00e3s dos seus \u00eddolos durante as apresenta\u00e7\u00f5es\u201d, conta Pedro Muzetti.<\/p>\n<p>Jumbotron<br \/>\nOutra estrutura tecnol\u00f3gica que chama a aten\u00e7\u00e3o \u00e9 o Jumbotron, o enorme cubo de 8 toneladas que fica suspenso no meio da arena.<\/p>\n<p>S\u00e3o cerca de 440 pain\u00e9is de LED divididos em quatro lados, em uma estrutura total de 180 metros quadrados. O resultado \u00e9 a exibi\u00e7\u00e3o de imagens em alta defini\u00e7\u00e3o.<\/p>\n<p>Sobre a Festa do Pe\u00e3o de Barretos<br \/>\nA Festa do Pe\u00e3o de Barretos acontece de 15 a 25 de agosto recebendo atra\u00e7\u00f5es durante 24 horas no Parque do Pe\u00e3o. S\u00e3o mais de 100 shows musicais espalhados em 5 palcos dentro do complexo de entretenimento.<\/p>\n<p>Grandes nomes da m\u00fasica sertaneja nacional e internacional est\u00e3o confirmados na edi\u00e7\u00e3o deste ano. Pelo palco Est\u00e1dio passam nomes como os embaixadores C\u00e9sar Menotti &amp; Fabiano, Chit\u00e3ozinho &amp; Xoror\u00f3, Ana Castela, Jorge &amp; Mateus, Z\u00e9 Neto &amp; Cristiano, Hugo &amp; Guilherme, Maiara &amp; Maraisa, Simone Mendes, Bruno &amp; Marrone, Zez\u00e9 di Camargo &amp; Luciano e Luan Santana.<\/p>\n<p>Uma das grandes expectativas \u00e9 a apresenta\u00e7\u00e3o in\u00e9dita do cantor americano Cody Johnson, que desembarca no Brasil pela primeira vez.<\/p>\n<p>A programa\u00e7\u00e3o de shows tem ainda apresenta\u00e7\u00f5es no palco Amanhecer, com Guilherme &amp; Benuto, Guilherme &amp; Santiago, Trio Parada Dura, Jads &amp; Jadson, Munhoz &amp; Mariano, Felipe &amp; Rodrigo, Fiduma &amp; Jeca, entre os famosos. Claudia Leitte, Michel Tel\u00f3, \u00c9 o Tchan!, e Banda Eva, ir\u00e3o comandar o Barret\u00e3o El\u00e9trico. Um trio el\u00e9trico ir\u00e1 percorrer as ruas do Parque do Pe\u00e3o.<\/p>\n","protected":false},"excerpt":{"rendered":"<p>A 69\u00aa Festa do Pe\u00e3o de Barretos come\u00e7a no pr\u00f3ximo<\/p>\n","protected":false},"author":2,"featured_media":108828,"comment_status":"open","ping_status":"open","sticky":false,"template":"","format":"standard","meta":{"footnotes":""},"categories":[14,45],"tags":[],"class_list":["post-108817","post","type-post","status-publish","format-standard","has-post-thumbnail","hentry","category-barretos","category-festa-do-peao"],"yoast_head":"<!-- This site is optimized with the Yoast SEO plugin v27.4 - https:\/\/yoast.com\/product\/yoast-seo-wordpress\/ -->\n<title>Com projeto inovador e tecnol\u00f3gico, palcos da Festa do Pe\u00e3o de Barretos s\u00e3o ampliados e prometem grandes espet\u00e1culos com os maiores nomes do sertanejo - Regi\u00e3o News<\/title>\n<meta name=\"robots\" content=\"index, follow, max-snippet:-1, max-image-preview:large, max-video-preview:-1\" \/>\n<link rel=\"canonical\" href=\"https:\/\/regiaonews.net.br\/2022\/2024\/08\/14\/com-projeto-inovador-e-tecnologico-palcos-da-festa-do-peao-de-barretos-sao-ampliados-e-prometem-grandes-espetaculos-com-os-maiores-nomes-do-sertanejo\/\" \/>\n<meta property=\"og:locale\" content=\"pt_BR\" \/>\n<meta property=\"og:type\" content=\"article\" \/>\n<meta property=\"og:title\" content=\"Com projeto inovador e tecnol\u00f3gico, palcos da Festa do Pe\u00e3o de Barretos s\u00e3o ampliados e prometem grandes espet\u00e1culos com os maiores nomes do sertanejo - Regi\u00e3o News\" \/>\n<meta property=\"og:description\" content=\"A 69\u00aa Festa do Pe\u00e3o de Barretos come\u00e7a no pr\u00f3ximo\" \/>\n<meta property=\"og:url\" content=\"https:\/\/regiaonews.net.br\/2022\/2024\/08\/14\/com-projeto-inovador-e-tecnologico-palcos-da-festa-do-peao-de-barretos-sao-ampliados-e-prometem-grandes-espetaculos-com-os-maiores-nomes-do-sertanejo\/\" \/>\n<meta property=\"og:site_name\" content=\"Regi\u00e3o News\" \/>\n<meta property=\"article:published_time\" content=\"2024-08-15T00:38:00+00:00\" \/>\n<meta property=\"article:modified_time\" content=\"2024-08-15T05:43:00+00:00\" \/>\n<meta property=\"og:image\" content=\"https:\/\/regiaonews.net.br\/2022\/wp-content\/uploads\/2024\/08\/Screenshot_20240814_213936_Samsung-Internet-scaled.jpg\" \/>\n\t<meta property=\"og:image:width\" content=\"2560\" \/>\n\t<meta property=\"og:image:height\" content=\"1187\" \/>\n\t<meta property=\"og:image:type\" content=\"image\/jpeg\" \/>\n<meta name=\"author\" content=\"Roberto\" \/>\n<meta name=\"twitter:card\" content=\"summary_large_image\" \/>\n<meta name=\"twitter:label1\" content=\"Escrito por\" \/>\n\t<meta name=\"twitter:data1\" content=\"Roberto\" \/>\n\t<meta name=\"twitter:label2\" content=\"Est. tempo de leitura\" \/>\n\t<meta name=\"twitter:data2\" content=\"5 minutos\" \/>\n<script type=\"application\/ld+json\" class=\"yoast-schema-graph\">{\"@context\":\"https:\\\/\\\/schema.org\",\"@graph\":[{\"@type\":\"Article\",\"@id\":\"https:\\\/\\\/regiaonews.net.br\\\/2022\\\/2024\\\/08\\\/14\\\/com-projeto-inovador-e-tecnologico-palcos-da-festa-do-peao-de-barretos-sao-ampliados-e-prometem-grandes-espetaculos-com-os-maiores-nomes-do-sertanejo\\\/#article\",\"isPartOf\":{\"@id\":\"https:\\\/\\\/regiaonews.net.br\\\/2022\\\/2024\\\/08\\\/14\\\/com-projeto-inovador-e-tecnologico-palcos-da-festa-do-peao-de-barretos-sao-ampliados-e-prometem-grandes-espetaculos-com-os-maiores-nomes-do-sertanejo\\\/\"},\"author\":{\"name\":\"Roberto\",\"@id\":\"https:\\\/\\\/regiaonews.net.br\\\/2022\\\/#\\\/schema\\\/person\\\/2d205a608a5aa97ac279d7a5e6d89ad8\"},\"headline\":\"Com projeto inovador e tecnol\u00f3gico, palcos da Festa do Pe\u00e3o de Barretos s\u00e3o ampliados e prometem grandes espet\u00e1culos com os maiores nomes do sertanejo\",\"datePublished\":\"2024-08-15T00:38:00+00:00\",\"dateModified\":\"2024-08-15T05:43:00+00:00\",\"mainEntityOfPage\":{\"@id\":\"https:\\\/\\\/regiaonews.net.br\\\/2022\\\/2024\\\/08\\\/14\\\/com-projeto-inovador-e-tecnologico-palcos-da-festa-do-peao-de-barretos-sao-ampliados-e-prometem-grandes-espetaculos-com-os-maiores-nomes-do-sertanejo\\\/\"},\"wordCount\":877,\"commentCount\":0,\"publisher\":{\"@id\":\"https:\\\/\\\/regiaonews.net.br\\\/2022\\\/#organization\"},\"image\":{\"@id\":\"https:\\\/\\\/regiaonews.net.br\\\/2022\\\/2024\\\/08\\\/14\\\/com-projeto-inovador-e-tecnologico-palcos-da-festa-do-peao-de-barretos-sao-ampliados-e-prometem-grandes-espetaculos-com-os-maiores-nomes-do-sertanejo\\\/#primaryimage\"},\"thumbnailUrl\":\"https:\\\/\\\/regiaonews.net.br\\\/2022\\\/wp-content\\\/uploads\\\/2024\\\/08\\\/Screenshot_20240814_213936_Samsung-Internet-scaled.jpg\",\"articleSection\":[\"Barretos\",\"Festa do Pe\u00e3o\"],\"inLanguage\":\"pt-BR\",\"potentialAction\":[{\"@type\":\"CommentAction\",\"name\":\"Comment\",\"target\":[\"https:\\\/\\\/regiaonews.net.br\\\/2022\\\/2024\\\/08\\\/14\\\/com-projeto-inovador-e-tecnologico-palcos-da-festa-do-peao-de-barretos-sao-ampliados-e-prometem-grandes-espetaculos-com-os-maiores-nomes-do-sertanejo\\\/#respond\"]}]},{\"@type\":\"WebPage\",\"@id\":\"https:\\\/\\\/regiaonews.net.br\\\/2022\\\/2024\\\/08\\\/14\\\/com-projeto-inovador-e-tecnologico-palcos-da-festa-do-peao-de-barretos-sao-ampliados-e-prometem-grandes-espetaculos-com-os-maiores-nomes-do-sertanejo\\\/\",\"url\":\"https:\\\/\\\/regiaonews.net.br\\\/2022\\\/2024\\\/08\\\/14\\\/com-projeto-inovador-e-tecnologico-palcos-da-festa-do-peao-de-barretos-sao-ampliados-e-prometem-grandes-espetaculos-com-os-maiores-nomes-do-sertanejo\\\/\",\"name\":\"Com projeto inovador e tecnol\u00f3gico, palcos da Festa do Pe\u00e3o de Barretos s\u00e3o ampliados e prometem grandes espet\u00e1culos com os maiores nomes do sertanejo - Regi\u00e3o News\",\"isPartOf\":{\"@id\":\"https:\\\/\\\/regiaonews.net.br\\\/2022\\\/#website\"},\"primaryImageOfPage\":{\"@id\":\"https:\\\/\\\/regiaonews.net.br\\\/2022\\\/2024\\\/08\\\/14\\\/com-projeto-inovador-e-tecnologico-palcos-da-festa-do-peao-de-barretos-sao-ampliados-e-prometem-grandes-espetaculos-com-os-maiores-nomes-do-sertanejo\\\/#primaryimage\"},\"image\":{\"@id\":\"https:\\\/\\\/regiaonews.net.br\\\/2022\\\/2024\\\/08\\\/14\\\/com-projeto-inovador-e-tecnologico-palcos-da-festa-do-peao-de-barretos-sao-ampliados-e-prometem-grandes-espetaculos-com-os-maiores-nomes-do-sertanejo\\\/#primaryimage\"},\"thumbnailUrl\":\"https:\\\/\\\/regiaonews.net.br\\\/2022\\\/wp-content\\\/uploads\\\/2024\\\/08\\\/Screenshot_20240814_213936_Samsung-Internet-scaled.jpg\",\"datePublished\":\"2024-08-15T00:38:00+00:00\",\"dateModified\":\"2024-08-15T05:43:00+00:00\",\"breadcrumb\":{\"@id\":\"https:\\\/\\\/regiaonews.net.br\\\/2022\\\/2024\\\/08\\\/14\\\/com-projeto-inovador-e-tecnologico-palcos-da-festa-do-peao-de-barretos-sao-ampliados-e-prometem-grandes-espetaculos-com-os-maiores-nomes-do-sertanejo\\\/#breadcrumb\"},\"inLanguage\":\"pt-BR\",\"potentialAction\":[{\"@type\":\"ReadAction\",\"target\":[\"https:\\\/\\\/regiaonews.net.br\\\/2022\\\/2024\\\/08\\\/14\\\/com-projeto-inovador-e-tecnologico-palcos-da-festa-do-peao-de-barretos-sao-ampliados-e-prometem-grandes-espetaculos-com-os-maiores-nomes-do-sertanejo\\\/\"]}]},{\"@type\":\"ImageObject\",\"inLanguage\":\"pt-BR\",\"@id\":\"https:\\\/\\\/regiaonews.net.br\\\/2022\\\/2024\\\/08\\\/14\\\/com-projeto-inovador-e-tecnologico-palcos-da-festa-do-peao-de-barretos-sao-ampliados-e-prometem-grandes-espetaculos-com-os-maiores-nomes-do-sertanejo\\\/#primaryimage\",\"url\":\"https:\\\/\\\/regiaonews.net.br\\\/2022\\\/wp-content\\\/uploads\\\/2024\\\/08\\\/Screenshot_20240814_213936_Samsung-Internet-scaled.jpg\",\"contentUrl\":\"https:\\\/\\\/regiaonews.net.br\\\/2022\\\/wp-content\\\/uploads\\\/2024\\\/08\\\/Screenshot_20240814_213936_Samsung-Internet-scaled.jpg\",\"width\":2560,\"height\":1187},{\"@type\":\"BreadcrumbList\",\"@id\":\"https:\\\/\\\/regiaonews.net.br\\\/2022\\\/2024\\\/08\\\/14\\\/com-projeto-inovador-e-tecnologico-palcos-da-festa-do-peao-de-barretos-sao-ampliados-e-prometem-grandes-espetaculos-com-os-maiores-nomes-do-sertanejo\\\/#breadcrumb\",\"itemListElement\":[{\"@type\":\"ListItem\",\"position\":1,\"name\":\"In\u00edcio\",\"item\":\"https:\\\/\\\/regiaonews.net.br\\\/2022\\\/\"},{\"@type\":\"ListItem\",\"position\":2,\"name\":\"Com projeto inovador e tecnol\u00f3gico, palcos da Festa do Pe\u00e3o de Barretos s\u00e3o ampliados e prometem grandes espet\u00e1culos com os maiores nomes do sertanejo\"}]},{\"@type\":\"WebSite\",\"@id\":\"https:\\\/\\\/regiaonews.net.br\\\/2022\\\/#website\",\"url\":\"https:\\\/\\\/regiaonews.net.br\\\/2022\\\/\",\"name\":\"Regi\u00e3o News\",\"description\":\"Site de Not\u00edcias de Barretos e regi\u00e3o\",\"publisher\":{\"@id\":\"https:\\\/\\\/regiaonews.net.br\\\/2022\\\/#organization\"},\"potentialAction\":[{\"@type\":\"SearchAction\",\"target\":{\"@type\":\"EntryPoint\",\"urlTemplate\":\"https:\\\/\\\/regiaonews.net.br\\\/2022\\\/?s={search_term_string}\"},\"query-input\":{\"@type\":\"PropertyValueSpecification\",\"valueRequired\":true,\"valueName\":\"search_term_string\"}}],\"inLanguage\":\"pt-BR\"},{\"@type\":\"Organization\",\"@id\":\"https:\\\/\\\/regiaonews.net.br\\\/2022\\\/#organization\",\"name\":\"Regi\u00e3o News\",\"url\":\"https:\\\/\\\/regiaonews.net.br\\\/2022\\\/\",\"logo\":{\"@type\":\"ImageObject\",\"inLanguage\":\"pt-BR\",\"@id\":\"https:\\\/\\\/regiaonews.net.br\\\/2022\\\/#\\\/schema\\\/logo\\\/image\\\/\",\"url\":\"https:\\\/\\\/regiaonews.net.br\\\/2022\\\/wp-content\\\/uploads\\\/2026\\\/03\\\/regiao-13-anos-scaled.jpg\",\"contentUrl\":\"https:\\\/\\\/regiaonews.net.br\\\/2022\\\/wp-content\\\/uploads\\\/2026\\\/03\\\/regiao-13-anos-scaled.jpg\",\"width\":2560,\"height\":635,\"caption\":\"Regi\u00e3o News\"},\"image\":{\"@id\":\"https:\\\/\\\/regiaonews.net.br\\\/2022\\\/#\\\/schema\\\/logo\\\/image\\\/\"}},{\"@type\":\"Person\",\"@id\":\"https:\\\/\\\/regiaonews.net.br\\\/2022\\\/#\\\/schema\\\/person\\\/2d205a608a5aa97ac279d7a5e6d89ad8\",\"name\":\"Roberto\",\"image\":{\"@type\":\"ImageObject\",\"inLanguage\":\"pt-BR\",\"@id\":\"https:\\\/\\\/secure.gravatar.com\\\/avatar\\\/42749d8b712ff9d59ca93dc150494e5b55a44134482993f5baeb97e61b7ecc89?s=96&d=mm&r=g\",\"url\":\"https:\\\/\\\/secure.gravatar.com\\\/avatar\\\/42749d8b712ff9d59ca93dc150494e5b55a44134482993f5baeb97e61b7ecc89?s=96&d=mm&r=g\",\"contentUrl\":\"https:\\\/\\\/secure.gravatar.com\\\/avatar\\\/42749d8b712ff9d59ca93dc150494e5b55a44134482993f5baeb97e61b7ecc89?s=96&d=mm&r=g\",\"caption\":\"Roberto\"},\"url\":\"https:\\\/\\\/regiaonews.net.br\\\/2022\\\/author\\\/roberto\\\/\"}]}<\/script>\n<!-- \/ Yoast SEO plugin. -->","yoast_head_json":{"title":"Com projeto inovador e tecnol\u00f3gico, palcos da Festa do Pe\u00e3o de Barretos s\u00e3o ampliados e prometem grandes espet\u00e1culos com os maiores nomes do sertanejo - Regi\u00e3o News","robots":{"index":"index","follow":"follow","max-snippet":"max-snippet:-1","max-image-preview":"max-image-preview:large","max-video-preview":"max-video-preview:-1"},"canonical":"https:\/\/regiaonews.net.br\/2022\/2024\/08\/14\/com-projeto-inovador-e-tecnologico-palcos-da-festa-do-peao-de-barretos-sao-ampliados-e-prometem-grandes-espetaculos-com-os-maiores-nomes-do-sertanejo\/","og_locale":"pt_BR","og_type":"article","og_title":"Com projeto inovador e tecnol\u00f3gico, palcos da Festa do Pe\u00e3o de Barretos s\u00e3o ampliados e prometem grandes espet\u00e1culos com os maiores nomes do sertanejo - Regi\u00e3o News","og_description":"A 69\u00aa Festa do Pe\u00e3o de Barretos come\u00e7a no pr\u00f3ximo","og_url":"https:\/\/regiaonews.net.br\/2022\/2024\/08\/14\/com-projeto-inovador-e-tecnologico-palcos-da-festa-do-peao-de-barretos-sao-ampliados-e-prometem-grandes-espetaculos-com-os-maiores-nomes-do-sertanejo\/","og_site_name":"Regi\u00e3o News","article_published_time":"2024-08-15T00:38:00+00:00","article_modified_time":"2024-08-15T05:43:00+00:00","og_image":[{"width":2560,"height":1187,"url":"https:\/\/regiaonews.net.br\/2022\/wp-content\/uploads\/2024\/08\/Screenshot_20240814_213936_Samsung-Internet-scaled.jpg","type":"image\/jpeg"}],"author":"Roberto","twitter_card":"summary_large_image","twitter_misc":{"Escrito por":"Roberto","Est. tempo de leitura":"5 minutos"},"schema":{"@context":"https:\/\/schema.org","@graph":[{"@type":"Article","@id":"https:\/\/regiaonews.net.br\/2022\/2024\/08\/14\/com-projeto-inovador-e-tecnologico-palcos-da-festa-do-peao-de-barretos-sao-ampliados-e-prometem-grandes-espetaculos-com-os-maiores-nomes-do-sertanejo\/#article","isPartOf":{"@id":"https:\/\/regiaonews.net.br\/2022\/2024\/08\/14\/com-projeto-inovador-e-tecnologico-palcos-da-festa-do-peao-de-barretos-sao-ampliados-e-prometem-grandes-espetaculos-com-os-maiores-nomes-do-sertanejo\/"},"author":{"name":"Roberto","@id":"https:\/\/regiaonews.net.br\/2022\/#\/schema\/person\/2d205a608a5aa97ac279d7a5e6d89ad8"},"headline":"Com projeto inovador e tecnol\u00f3gico, palcos da Festa do Pe\u00e3o de Barretos s\u00e3o ampliados e prometem grandes espet\u00e1culos com os maiores nomes do sertanejo","datePublished":"2024-08-15T00:38:00+00:00","dateModified":"2024-08-15T05:43:00+00:00","mainEntityOfPage":{"@id":"https:\/\/regiaonews.net.br\/2022\/2024\/08\/14\/com-projeto-inovador-e-tecnologico-palcos-da-festa-do-peao-de-barretos-sao-ampliados-e-prometem-grandes-espetaculos-com-os-maiores-nomes-do-sertanejo\/"},"wordCount":877,"commentCount":0,"publisher":{"@id":"https:\/\/regiaonews.net.br\/2022\/#organization"},"image":{"@id":"https:\/\/regiaonews.net.br\/2022\/2024\/08\/14\/com-projeto-inovador-e-tecnologico-palcos-da-festa-do-peao-de-barretos-sao-ampliados-e-prometem-grandes-espetaculos-com-os-maiores-nomes-do-sertanejo\/#primaryimage"},"thumbnailUrl":"https:\/\/regiaonews.net.br\/2022\/wp-content\/uploads\/2024\/08\/Screenshot_20240814_213936_Samsung-Internet-scaled.jpg","articleSection":["Barretos","Festa do Pe\u00e3o"],"inLanguage":"pt-BR","potentialAction":[{"@type":"CommentAction","name":"Comment","target":["https:\/\/regiaonews.net.br\/2022\/2024\/08\/14\/com-projeto-inovador-e-tecnologico-palcos-da-festa-do-peao-de-barretos-sao-ampliados-e-prometem-grandes-espetaculos-com-os-maiores-nomes-do-sertanejo\/#respond"]}]},{"@type":"WebPage","@id":"https:\/\/regiaonews.net.br\/2022\/2024\/08\/14\/com-projeto-inovador-e-tecnologico-palcos-da-festa-do-peao-de-barretos-sao-ampliados-e-prometem-grandes-espetaculos-com-os-maiores-nomes-do-sertanejo\/","url":"https:\/\/regiaonews.net.br\/2022\/2024\/08\/14\/com-projeto-inovador-e-tecnologico-palcos-da-festa-do-peao-de-barretos-sao-ampliados-e-prometem-grandes-espetaculos-com-os-maiores-nomes-do-sertanejo\/","name":"Com projeto inovador e tecnol\u00f3gico, palcos da Festa do Pe\u00e3o de Barretos s\u00e3o ampliados e prometem grandes espet\u00e1culos com os maiores nomes do sertanejo - Regi\u00e3o News","isPartOf":{"@id":"https:\/\/regiaonews.net.br\/2022\/#website"},"primaryImageOfPage":{"@id":"https:\/\/regiaonews.net.br\/2022\/2024\/08\/14\/com-projeto-inovador-e-tecnologico-palcos-da-festa-do-peao-de-barretos-sao-ampliados-e-prometem-grandes-espetaculos-com-os-maiores-nomes-do-sertanejo\/#primaryimage"},"image":{"@id":"https:\/\/regiaonews.net.br\/2022\/2024\/08\/14\/com-projeto-inovador-e-tecnologico-palcos-da-festa-do-peao-de-barretos-sao-ampliados-e-prometem-grandes-espetaculos-com-os-maiores-nomes-do-sertanejo\/#primaryimage"},"thumbnailUrl":"https:\/\/regiaonews.net.br\/2022\/wp-content\/uploads\/2024\/08\/Screenshot_20240814_213936_Samsung-Internet-scaled.jpg","datePublished":"2024-08-15T00:38:00+00:00","dateModified":"2024-08-15T05:43:00+00:00","breadcrumb":{"@id":"https:\/\/regiaonews.net.br\/2022\/2024\/08\/14\/com-projeto-inovador-e-tecnologico-palcos-da-festa-do-peao-de-barretos-sao-ampliados-e-prometem-grandes-espetaculos-com-os-maiores-nomes-do-sertanejo\/#breadcrumb"},"inLanguage":"pt-BR","potentialAction":[{"@type":"ReadAction","target":["https:\/\/regiaonews.net.br\/2022\/2024\/08\/14\/com-projeto-inovador-e-tecnologico-palcos-da-festa-do-peao-de-barretos-sao-ampliados-e-prometem-grandes-espetaculos-com-os-maiores-nomes-do-sertanejo\/"]}]},{"@type":"ImageObject","inLanguage":"pt-BR","@id":"https:\/\/regiaonews.net.br\/2022\/2024\/08\/14\/com-projeto-inovador-e-tecnologico-palcos-da-festa-do-peao-de-barretos-sao-ampliados-e-prometem-grandes-espetaculos-com-os-maiores-nomes-do-sertanejo\/#primaryimage","url":"https:\/\/regiaonews.net.br\/2022\/wp-content\/uploads\/2024\/08\/Screenshot_20240814_213936_Samsung-Internet-scaled.jpg","contentUrl":"https:\/\/regiaonews.net.br\/2022\/wp-content\/uploads\/2024\/08\/Screenshot_20240814_213936_Samsung-Internet-scaled.jpg","width":2560,"height":1187},{"@type":"BreadcrumbList","@id":"https:\/\/regiaonews.net.br\/2022\/2024\/08\/14\/com-projeto-inovador-e-tecnologico-palcos-da-festa-do-peao-de-barretos-sao-ampliados-e-prometem-grandes-espetaculos-com-os-maiores-nomes-do-sertanejo\/#breadcrumb","itemListElement":[{"@type":"ListItem","position":1,"name":"In\u00edcio","item":"https:\/\/regiaonews.net.br\/2022\/"},{"@type":"ListItem","position":2,"name":"Com projeto inovador e tecnol\u00f3gico, palcos da Festa do Pe\u00e3o de Barretos s\u00e3o ampliados e prometem grandes espet\u00e1culos com os maiores nomes do sertanejo"}]},{"@type":"WebSite","@id":"https:\/\/regiaonews.net.br\/2022\/#website","url":"https:\/\/regiaonews.net.br\/2022\/","name":"Regi\u00e3o News","description":"Site de Not\u00edcias de Barretos e regi\u00e3o","publisher":{"@id":"https:\/\/regiaonews.net.br\/2022\/#organization"},"potentialAction":[{"@type":"SearchAction","target":{"@type":"EntryPoint","urlTemplate":"https:\/\/regiaonews.net.br\/2022\/?s={search_term_string}"},"query-input":{"@type":"PropertyValueSpecification","valueRequired":true,"valueName":"search_term_string"}}],"inLanguage":"pt-BR"},{"@type":"Organization","@id":"https:\/\/regiaonews.net.br\/2022\/#organization","name":"Regi\u00e3o News","url":"https:\/\/regiaonews.net.br\/2022\/","logo":{"@type":"ImageObject","inLanguage":"pt-BR","@id":"https:\/\/regiaonews.net.br\/2022\/#\/schema\/logo\/image\/","url":"https:\/\/regiaonews.net.br\/2022\/wp-content\/uploads\/2026\/03\/regiao-13-anos-scaled.jpg","contentUrl":"https:\/\/regiaonews.net.br\/2022\/wp-content\/uploads\/2026\/03\/regiao-13-anos-scaled.jpg","width":2560,"height":635,"caption":"Regi\u00e3o News"},"image":{"@id":"https:\/\/regiaonews.net.br\/2022\/#\/schema\/logo\/image\/"}},{"@type":"Person","@id":"https:\/\/regiaonews.net.br\/2022\/#\/schema\/person\/2d205a608a5aa97ac279d7a5e6d89ad8","name":"Roberto","image":{"@type":"ImageObject","inLanguage":"pt-BR","@id":"https:\/\/secure.gravatar.com\/avatar\/42749d8b712ff9d59ca93dc150494e5b55a44134482993f5baeb97e61b7ecc89?s=96&d=mm&r=g","url":"https:\/\/secure.gravatar.com\/avatar\/42749d8b712ff9d59ca93dc150494e5b55a44134482993f5baeb97e61b7ecc89?s=96&d=mm&r=g","contentUrl":"https:\/\/secure.gravatar.com\/avatar\/42749d8b712ff9d59ca93dc150494e5b55a44134482993f5baeb97e61b7ecc89?s=96&d=mm&r=g","caption":"Roberto"},"url":"https:\/\/regiaonews.net.br\/2022\/author\/roberto\/"}]}},"publishpress_future_action":{"enabled":false,"date":"2026-05-03 10:53:36","action":"change-status","newStatus":"draft","terms":[],"taxonomy":"category","extraData":[]},"publishpress_future_workflow_manual_trigger":{"enabledWorkflows":[]},"_links":{"self":[{"href":"https:\/\/regiaonews.net.br\/2022\/wp-json\/wp\/v2\/posts\/108817","targetHints":{"allow":["GET"]}}],"collection":[{"href":"https:\/\/regiaonews.net.br\/2022\/wp-json\/wp\/v2\/posts"}],"about":[{"href":"https:\/\/regiaonews.net.br\/2022\/wp-json\/wp\/v2\/types\/post"}],"author":[{"embeddable":true,"href":"https:\/\/regiaonews.net.br\/2022\/wp-json\/wp\/v2\/users\/2"}],"replies":[{"embeddable":true,"href":"https:\/\/regiaonews.net.br\/2022\/wp-json\/wp\/v2\/comments?post=108817"}],"version-history":[{"count":2,"href":"https:\/\/regiaonews.net.br\/2022\/wp-json\/wp\/v2\/posts\/108817\/revisions"}],"predecessor-version":[{"id":108819,"href":"https:\/\/regiaonews.net.br\/2022\/wp-json\/wp\/v2\/posts\/108817\/revisions\/108819"}],"wp:featuredmedia":[{"embeddable":true,"href":"https:\/\/regiaonews.net.br\/2022\/wp-json\/wp\/v2\/media\/108828"}],"wp:attachment":[{"href":"https:\/\/regiaonews.net.br\/2022\/wp-json\/wp\/v2\/media?parent=108817"}],"wp:term":[{"taxonomy":"category","embeddable":true,"href":"https:\/\/regiaonews.net.br\/2022\/wp-json\/wp\/v2\/categories?post=108817"},{"taxonomy":"post_tag","embeddable":true,"href":"https:\/\/regiaonews.net.br\/2022\/wp-json\/wp\/v2\/tags?post=108817"}],"curies":[{"name":"wp","href":"https:\/\/api.w.org\/{rel}","templated":true}]}}