{"id":108813,"date":"2024-08-14T21:10:30","date_gmt":"2024-08-15T00:10:30","guid":{"rendered":"https:\/\/regiaonews.net.br\/2022\/?p=108813"},"modified":"2024-08-14T21:10:30","modified_gmt":"2024-08-15T00:10:30","slug":"aeroporto-de-barretos-deve-registrar-mais-de-300-pousos-e-decolagens-durante-a-69a-festa-do-peao","status":"publish","type":"post","link":"https:\/\/regiaonews.net.br\/2022\/2024\/08\/14\/aeroporto-de-barretos-deve-registrar-mais-de-300-pousos-e-decolagens-durante-a-69a-festa-do-peao\/","title":{"rendered":"Aeroporto de Barretos deve registrar mais de 300 pousos e decolagens durante a 69\u00aa Festa do Pe\u00e3o*"},"content":{"rendered":"<p>*Aeroporto de Barretos deve registrar mais de 300 pousos e decolagens durante a 69\u00aa Festa do Pe\u00e3o*<\/p>\n<p>_Por meio dessas opera\u00e7\u00f5es, a concession\u00e1ria ASP estima que cerca de 1.200 passageiros sejam recebidos nos dez dias do tradicional evento_<\/p>\n<p>Em sua 69\u00aa edi\u00e7\u00e3o, a Festa do Pe\u00e3o de Barretos acontece de 15 a 25 de agosto, reunindo competidores brasileiros e estrangeiros em provas de montaria e outras modalidades, al\u00e9m dos principais nomes da m\u00fasica sertaneja e do country. Os organizadores estimam que o evento gere 10 mil vagas diretas e indiretas e receba cerca de 900 mil visitantes, n\u00famero oito vezes maior que o da popula\u00e7\u00e3o total do munic\u00edpio.<\/p>\n<p>De acordo com a Associa\u00e7\u00e3o Os Independentes, promotora do rodeio, 83,3% s\u00e3o visitantes de outras localidades, sendo o Estado de S\u00e3o Paulo com o maior volume (54,9%) do total de turistas e excursionistas. Somente em 2022, o maior evento do segmento da Am\u00e9rica Latina movimentou R$ 1,24 bilh\u00e3o na economia local, beneficiando o com\u00e9rcio, setor hoteleiro, imobili\u00e1rio e demais servi\u00e7os.<\/p>\n<p>Integrante do Programa de Concess\u00f5es de Aeroportos Regionais e fiscalizada pela ARTESP \u2013 Ag\u00eancia de Transporte do Estado de S\u00e3o Paulo, a Aeroportos Paulistas (ASP), concession\u00e1ria do Aeroporto Chafei Amsei, em Barretos, estima que 330 opera\u00e7\u00f5es sejam registradas durante os dias de festa, entre pousos e decolagens. Considerando o hist\u00f3rico da avia\u00e7\u00e3o geral para o per\u00edodo, nos dois primeiros anos de gest\u00e3o da ASP (2022 e 2023), cerca de 1.200 passageiros dever\u00e3o ser recebidos. Como os voos da avia\u00e7\u00e3o geral podem ser agendados com menor anteced\u00eancia em compara\u00e7\u00e3o com a avia\u00e7\u00e3o regular, a estimativa ainda pode passar por altera\u00e7\u00f5es ao longo do per\u00edodo.<\/p>\n<p>&#8220;Esperamos um aumento significativo no n\u00famero de voos e passageiros durante o per\u00edodo de festas, demonstrando a crescente demanda por transporte a\u00e9reo na regi\u00e3o&#8221;, enfatiza Ricardo Volpi, Superintendente de Aeroportos na ARTESP.<\/p>\n<p>Balan\u00e7o da concession\u00e1ria mostra que, entre os dias 17 e 27 de agosto de 2023, 1.167 passageiros embarcaram e desembarcaram no aeroporto, por meio de 326 opera\u00e7\u00f5es, n\u00famero que inclui pousos e decolagens. \u201cA quantidade de voos superou em cerca de 30% a estimativa inicial, que era de 250 chegadas e partidas. Em compara\u00e7\u00e3o com o ano anterior, o n\u00famero de passageiros cresceu 14%, per\u00edodo em que 1.022 clientes foram atendidos nas opera\u00e7\u00f5es da avia\u00e7\u00e3o geral\u201d, contabiliza a ASP.<\/p>\n<p>Para garantir a efici\u00eancia e a seguran\u00e7a das opera\u00e7\u00f5es, al\u00e9m de comodidade do atendimento, a concession\u00e1ria refor\u00e7a que disponibiliza equipe qualificada durante todo o ano, com incremento no per\u00edodo da Festa do Pe\u00e3o. Al\u00e9m disso, o empreendimento contar\u00e1 com oferta especial de produtos e servi\u00e7os que valorizam a produ\u00e7\u00e3o local, como artesanato e produtos aliment\u00edcios, al\u00e9m de cafeteria e, ainda, choperia com cerveja local.<\/p>\n<p>*Investimentos em infraestrutura*<br \/>\nA ASP refor\u00e7a que tem realizado investimentos no empreendimento desde setembro de 2022, quando assumiu a gest\u00e3o do terminal. Somente em 2024, com foco em ampliar a seguran\u00e7a e a efici\u00eancia das opera\u00e7\u00f5es, a concession\u00e1ria j\u00e1 revitalizou os alambrados da cerca operacional e as canaletas de drenagem da pista de pouso e decolagem (PPD), al\u00e9m de promover a manuten\u00e7\u00e3o e limpeza geral das taxiways, p\u00e1tio de aeronaves e pista.<\/p>\n<p>Atualmente, cerca de seis obras est\u00e3o em andamento, como a instala\u00e7\u00e3o do Indicador de Precis\u00e3o de Trajet\u00f3ria de Aproxima\u00e7\u00e3o (PAPI) na cabeceira 09 e o recuo desta cabeceira, a revitaliza\u00e7\u00e3o da sinaliza\u00e7\u00e3o horizontal e a implementa\u00e7\u00e3o da \u00c1rea de Seguran\u00e7a no final da pista (RESA). A previs\u00e3o \u00e9 de que esses projetos sejam conclu\u00eddos at\u00e9 o m\u00eas de agosto deste ano.<\/p>\n<p>O aeroporto tamb\u00e9m recebeu melhorias estruturais no terminal de passageiros, incluindo a pintura e requalifica\u00e7\u00e3o do sistema de climatiza\u00e7\u00e3o, al\u00e9m da implanta\u00e7\u00e3o de c\u00e2meras de monitoramento ligadas ao Centro de Controle Operacional da ASP. Outras a\u00e7\u00f5es incluem a elabora\u00e7\u00e3o do Plano B\u00e1sico de Zona de Prote\u00e7\u00e3o de Aer\u00f3dromo (PBZPA), substitui\u00e7\u00e3o do indicador de dire\u00e7\u00e3o do vento (biruta) e resselagem do p\u00e1tio de aeronaves.<\/p>\n<p>*Sobre a ARTESP*<br \/>\nA ARTESP \u2013 Ag\u00eancia Reguladora de Servi\u00e7os P\u00fablicos Delegados de Transporte do Estado de S\u00e3o Paulo \u2013 regula o Programa de Concess\u00f5es Rodovi\u00e1rias do Governo do Estado de S\u00e3o Paulo h\u00e1 mais de 20 anos. Sob sua ger\u00eancia, est\u00e3o 21 concession\u00e1rias, que atuam em mais de 11 mil quil\u00f4metros de rodovias, o que representa quase 41,1% da malha estadual, abrangendo 335 munic\u00edpios.<\/p>\n<p>A Ag\u00eancia tamb\u00e9m fiscaliza o Transporte Intermunicipal de Passageiros, exceto nas Regi\u00f5es Metropolitanas de S\u00e3o Paulo, de Campinas, da Baixada Santista, do Vale do Para\u00edba\/Litoral Norte e Sorocaba. Dentre as a\u00e7\u00f5es, realiza auditoria de frota, garagem e instala\u00e7\u00f5es, a\u00e7\u00f5es fiscais na opera\u00e7\u00e3o das linhas regulares, nos terminais rodovi\u00e1rios e nas rodovias. Al\u00e9m disso, a ARTESP \u00e9 respons\u00e1vel pela regula\u00e7\u00e3o da concess\u00e3o de 27 aeroportos regionais.<\/p>\n","protected":false},"excerpt":{"rendered":"<p>*Aeroporto de Barretos deve registrar mais de 300 pousos e<\/p>\n","protected":false},"author":2,"featured_media":108811,"comment_status":"open","ping_status":"open","sticky":false,"template":"","format":"standard","meta":{"footnotes":""},"categories":[14,45],"tags":[],"class_list":["post-108813","post","type-post","status-publish","format-standard","has-post-thumbnail","hentry","category-barretos","category-festa-do-peao"],"yoast_head":"<!-- This site is optimized with the Yoast SEO plugin v27.4 - https:\/\/yoast.com\/product\/yoast-seo-wordpress\/ -->\n<title>Aeroporto de Barretos deve registrar mais de 300 pousos e decolagens durante a 69\u00aa Festa do Pe\u00e3o* - Regi\u00e3o News<\/title>\n<meta name=\"robots\" content=\"index, follow, max-snippet:-1, max-image-preview:large, max-video-preview:-1\" \/>\n<link rel=\"canonical\" href=\"https:\/\/regiaonews.net.br\/2022\/2024\/08\/14\/aeroporto-de-barretos-deve-registrar-mais-de-300-pousos-e-decolagens-durante-a-69a-festa-do-peao\/\" \/>\n<meta property=\"og:locale\" content=\"pt_BR\" \/>\n<meta property=\"og:type\" content=\"article\" \/>\n<meta property=\"og:title\" content=\"Aeroporto de Barretos deve registrar mais de 300 pousos e decolagens durante a 69\u00aa Festa do Pe\u00e3o* - Regi\u00e3o News\" \/>\n<meta property=\"og:description\" content=\"*Aeroporto de Barretos deve registrar mais de 300 pousos e\" \/>\n<meta property=\"og:url\" content=\"https:\/\/regiaonews.net.br\/2022\/2024\/08\/14\/aeroporto-de-barretos-deve-registrar-mais-de-300-pousos-e-decolagens-durante-a-69a-festa-do-peao\/\" \/>\n<meta property=\"og:site_name\" content=\"Regi\u00e3o News\" \/>\n<meta property=\"article:published_time\" content=\"2024-08-15T00:10:30+00:00\" \/>\n<meta property=\"og:image\" content=\"https:\/\/regiaonews.net.br\/2022\/wp-content\/uploads\/2024\/08\/IMG-20240814-WA0066.jpg\" \/>\n\t<meta property=\"og:image:width\" content=\"1600\" \/>\n\t<meta property=\"og:image:height\" content=\"1066\" \/>\n\t<meta property=\"og:image:type\" content=\"image\/jpeg\" \/>\n<meta name=\"author\" content=\"Roberto\" \/>\n<meta name=\"twitter:card\" content=\"summary_large_image\" \/>\n<meta name=\"twitter:label1\" content=\"Escrito por\" \/>\n\t<meta name=\"twitter:data1\" content=\"Roberto\" \/>\n\t<meta name=\"twitter:label2\" content=\"Est. tempo de leitura\" \/>\n\t<meta name=\"twitter:data2\" content=\"5 minutos\" \/>\n<script type=\"application\/ld+json\" class=\"yoast-schema-graph\">{\"@context\":\"https:\\\/\\\/schema.org\",\"@graph\":[{\"@type\":\"Article\",\"@id\":\"https:\\\/\\\/regiaonews.net.br\\\/2022\\\/2024\\\/08\\\/14\\\/aeroporto-de-barretos-deve-registrar-mais-de-300-pousos-e-decolagens-durante-a-69a-festa-do-peao\\\/#article\",\"isPartOf\":{\"@id\":\"https:\\\/\\\/regiaonews.net.br\\\/2022\\\/2024\\\/08\\\/14\\\/aeroporto-de-barretos-deve-registrar-mais-de-300-pousos-e-decolagens-durante-a-69a-festa-do-peao\\\/\"},\"author\":{\"name\":\"Roberto\",\"@id\":\"https:\\\/\\\/regiaonews.net.br\\\/2022\\\/#\\\/schema\\\/person\\\/2d205a608a5aa97ac279d7a5e6d89ad8\"},\"headline\":\"Aeroporto de Barretos deve registrar mais de 300 pousos e decolagens durante a 69\u00aa Festa do Pe\u00e3o*\",\"datePublished\":\"2024-08-15T00:10:30+00:00\",\"mainEntityOfPage\":{\"@id\":\"https:\\\/\\\/regiaonews.net.br\\\/2022\\\/2024\\\/08\\\/14\\\/aeroporto-de-barretos-deve-registrar-mais-de-300-pousos-e-decolagens-durante-a-69a-festa-do-peao\\\/\"},\"wordCount\":871,\"commentCount\":0,\"publisher\":{\"@id\":\"https:\\\/\\\/regiaonews.net.br\\\/2022\\\/#organization\"},\"image\":{\"@id\":\"https:\\\/\\\/regiaonews.net.br\\\/2022\\\/2024\\\/08\\\/14\\\/aeroporto-de-barretos-deve-registrar-mais-de-300-pousos-e-decolagens-durante-a-69a-festa-do-peao\\\/#primaryimage\"},\"thumbnailUrl\":\"https:\\\/\\\/regiaonews.net.br\\\/2022\\\/wp-content\\\/uploads\\\/2024\\\/08\\\/IMG-20240814-WA0066.jpg\",\"articleSection\":[\"Barretos\",\"Festa do Pe\u00e3o\"],\"inLanguage\":\"pt-BR\",\"potentialAction\":[{\"@type\":\"CommentAction\",\"name\":\"Comment\",\"target\":[\"https:\\\/\\\/regiaonews.net.br\\\/2022\\\/2024\\\/08\\\/14\\\/aeroporto-de-barretos-deve-registrar-mais-de-300-pousos-e-decolagens-durante-a-69a-festa-do-peao\\\/#respond\"]}]},{\"@type\":\"WebPage\",\"@id\":\"https:\\\/\\\/regiaonews.net.br\\\/2022\\\/2024\\\/08\\\/14\\\/aeroporto-de-barretos-deve-registrar-mais-de-300-pousos-e-decolagens-durante-a-69a-festa-do-peao\\\/\",\"url\":\"https:\\\/\\\/regiaonews.net.br\\\/2022\\\/2024\\\/08\\\/14\\\/aeroporto-de-barretos-deve-registrar-mais-de-300-pousos-e-decolagens-durante-a-69a-festa-do-peao\\\/\",\"name\":\"Aeroporto de Barretos deve registrar mais de 300 pousos e decolagens durante a 69\u00aa Festa do Pe\u00e3o* - Regi\u00e3o News\",\"isPartOf\":{\"@id\":\"https:\\\/\\\/regiaonews.net.br\\\/2022\\\/#website\"},\"primaryImageOfPage\":{\"@id\":\"https:\\\/\\\/regiaonews.net.br\\\/2022\\\/2024\\\/08\\\/14\\\/aeroporto-de-barretos-deve-registrar-mais-de-300-pousos-e-decolagens-durante-a-69a-festa-do-peao\\\/#primaryimage\"},\"image\":{\"@id\":\"https:\\\/\\\/regiaonews.net.br\\\/2022\\\/2024\\\/08\\\/14\\\/aeroporto-de-barretos-deve-registrar-mais-de-300-pousos-e-decolagens-durante-a-69a-festa-do-peao\\\/#primaryimage\"},\"thumbnailUrl\":\"https:\\\/\\\/regiaonews.net.br\\\/2022\\\/wp-content\\\/uploads\\\/2024\\\/08\\\/IMG-20240814-WA0066.jpg\",\"datePublished\":\"2024-08-15T00:10:30+00:00\",\"breadcrumb\":{\"@id\":\"https:\\\/\\\/regiaonews.net.br\\\/2022\\\/2024\\\/08\\\/14\\\/aeroporto-de-barretos-deve-registrar-mais-de-300-pousos-e-decolagens-durante-a-69a-festa-do-peao\\\/#breadcrumb\"},\"inLanguage\":\"pt-BR\",\"potentialAction\":[{\"@type\":\"ReadAction\",\"target\":[\"https:\\\/\\\/regiaonews.net.br\\\/2022\\\/2024\\\/08\\\/14\\\/aeroporto-de-barretos-deve-registrar-mais-de-300-pousos-e-decolagens-durante-a-69a-festa-do-peao\\\/\"]}]},{\"@type\":\"ImageObject\",\"inLanguage\":\"pt-BR\",\"@id\":\"https:\\\/\\\/regiaonews.net.br\\\/2022\\\/2024\\\/08\\\/14\\\/aeroporto-de-barretos-deve-registrar-mais-de-300-pousos-e-decolagens-durante-a-69a-festa-do-peao\\\/#primaryimage\",\"url\":\"https:\\\/\\\/regiaonews.net.br\\\/2022\\\/wp-content\\\/uploads\\\/2024\\\/08\\\/IMG-20240814-WA0066.jpg\",\"contentUrl\":\"https:\\\/\\\/regiaonews.net.br\\\/2022\\\/wp-content\\\/uploads\\\/2024\\\/08\\\/IMG-20240814-WA0066.jpg\",\"width\":1600,\"height\":1066},{\"@type\":\"BreadcrumbList\",\"@id\":\"https:\\\/\\\/regiaonews.net.br\\\/2022\\\/2024\\\/08\\\/14\\\/aeroporto-de-barretos-deve-registrar-mais-de-300-pousos-e-decolagens-durante-a-69a-festa-do-peao\\\/#breadcrumb\",\"itemListElement\":[{\"@type\":\"ListItem\",\"position\":1,\"name\":\"In\u00edcio\",\"item\":\"https:\\\/\\\/regiaonews.net.br\\\/2022\\\/\"},{\"@type\":\"ListItem\",\"position\":2,\"name\":\"Aeroporto de Barretos deve registrar mais de 300 pousos e decolagens durante a 69\u00aa Festa do Pe\u00e3o*\"}]},{\"@type\":\"WebSite\",\"@id\":\"https:\\\/\\\/regiaonews.net.br\\\/2022\\\/#website\",\"url\":\"https:\\\/\\\/regiaonews.net.br\\\/2022\\\/\",\"name\":\"Regi\u00e3o News\",\"description\":\"Site de Not\u00edcias de Barretos e regi\u00e3o\",\"publisher\":{\"@id\":\"https:\\\/\\\/regiaonews.net.br\\\/2022\\\/#organization\"},\"potentialAction\":[{\"@type\":\"SearchAction\",\"target\":{\"@type\":\"EntryPoint\",\"urlTemplate\":\"https:\\\/\\\/regiaonews.net.br\\\/2022\\\/?s={search_term_string}\"},\"query-input\":{\"@type\":\"PropertyValueSpecification\",\"valueRequired\":true,\"valueName\":\"search_term_string\"}}],\"inLanguage\":\"pt-BR\"},{\"@type\":\"Organization\",\"@id\":\"https:\\\/\\\/regiaonews.net.br\\\/2022\\\/#organization\",\"name\":\"Regi\u00e3o News\",\"url\":\"https:\\\/\\\/regiaonews.net.br\\\/2022\\\/\",\"logo\":{\"@type\":\"ImageObject\",\"inLanguage\":\"pt-BR\",\"@id\":\"https:\\\/\\\/regiaonews.net.br\\\/2022\\\/#\\\/schema\\\/logo\\\/image\\\/\",\"url\":\"https:\\\/\\\/regiaonews.net.br\\\/2022\\\/wp-content\\\/uploads\\\/2026\\\/03\\\/regiao-13-anos-scaled.jpg\",\"contentUrl\":\"https:\\\/\\\/regiaonews.net.br\\\/2022\\\/wp-content\\\/uploads\\\/2026\\\/03\\\/regiao-13-anos-scaled.jpg\",\"width\":2560,\"height\":635,\"caption\":\"Regi\u00e3o News\"},\"image\":{\"@id\":\"https:\\\/\\\/regiaonews.net.br\\\/2022\\\/#\\\/schema\\\/logo\\\/image\\\/\"}},{\"@type\":\"Person\",\"@id\":\"https:\\\/\\\/regiaonews.net.br\\\/2022\\\/#\\\/schema\\\/person\\\/2d205a608a5aa97ac279d7a5e6d89ad8\",\"name\":\"Roberto\",\"image\":{\"@type\":\"ImageObject\",\"inLanguage\":\"pt-BR\",\"@id\":\"https:\\\/\\\/secure.gravatar.com\\\/avatar\\\/42749d8b712ff9d59ca93dc150494e5b55a44134482993f5baeb97e61b7ecc89?s=96&d=mm&r=g\",\"url\":\"https:\\\/\\\/secure.gravatar.com\\\/avatar\\\/42749d8b712ff9d59ca93dc150494e5b55a44134482993f5baeb97e61b7ecc89?s=96&d=mm&r=g\",\"contentUrl\":\"https:\\\/\\\/secure.gravatar.com\\\/avatar\\\/42749d8b712ff9d59ca93dc150494e5b55a44134482993f5baeb97e61b7ecc89?s=96&d=mm&r=g\",\"caption\":\"Roberto\"},\"url\":\"https:\\\/\\\/regiaonews.net.br\\\/2022\\\/author\\\/roberto\\\/\"}]}<\/script>\n<!-- \/ Yoast SEO plugin. -->","yoast_head_json":{"title":"Aeroporto de Barretos deve registrar mais de 300 pousos e decolagens durante a 69\u00aa Festa do Pe\u00e3o* - Regi\u00e3o News","robots":{"index":"index","follow":"follow","max-snippet":"max-snippet:-1","max-image-preview":"max-image-preview:large","max-video-preview":"max-video-preview:-1"},"canonical":"https:\/\/regiaonews.net.br\/2022\/2024\/08\/14\/aeroporto-de-barretos-deve-registrar-mais-de-300-pousos-e-decolagens-durante-a-69a-festa-do-peao\/","og_locale":"pt_BR","og_type":"article","og_title":"Aeroporto de Barretos deve registrar mais de 300 pousos e decolagens durante a 69\u00aa Festa do Pe\u00e3o* - Regi\u00e3o News","og_description":"*Aeroporto de Barretos deve registrar mais de 300 pousos e","og_url":"https:\/\/regiaonews.net.br\/2022\/2024\/08\/14\/aeroporto-de-barretos-deve-registrar-mais-de-300-pousos-e-decolagens-durante-a-69a-festa-do-peao\/","og_site_name":"Regi\u00e3o News","article_published_time":"2024-08-15T00:10:30+00:00","og_image":[{"width":1600,"height":1066,"url":"https:\/\/regiaonews.net.br\/2022\/wp-content\/uploads\/2024\/08\/IMG-20240814-WA0066.jpg","type":"image\/jpeg"}],"author":"Roberto","twitter_card":"summary_large_image","twitter_misc":{"Escrito por":"Roberto","Est. tempo de leitura":"5 minutos"},"schema":{"@context":"https:\/\/schema.org","@graph":[{"@type":"Article","@id":"https:\/\/regiaonews.net.br\/2022\/2024\/08\/14\/aeroporto-de-barretos-deve-registrar-mais-de-300-pousos-e-decolagens-durante-a-69a-festa-do-peao\/#article","isPartOf":{"@id":"https:\/\/regiaonews.net.br\/2022\/2024\/08\/14\/aeroporto-de-barretos-deve-registrar-mais-de-300-pousos-e-decolagens-durante-a-69a-festa-do-peao\/"},"author":{"name":"Roberto","@id":"https:\/\/regiaonews.net.br\/2022\/#\/schema\/person\/2d205a608a5aa97ac279d7a5e6d89ad8"},"headline":"Aeroporto de Barretos deve registrar mais de 300 pousos e decolagens durante a 69\u00aa Festa do Pe\u00e3o*","datePublished":"2024-08-15T00:10:30+00:00","mainEntityOfPage":{"@id":"https:\/\/regiaonews.net.br\/2022\/2024\/08\/14\/aeroporto-de-barretos-deve-registrar-mais-de-300-pousos-e-decolagens-durante-a-69a-festa-do-peao\/"},"wordCount":871,"commentCount":0,"publisher":{"@id":"https:\/\/regiaonews.net.br\/2022\/#organization"},"image":{"@id":"https:\/\/regiaonews.net.br\/2022\/2024\/08\/14\/aeroporto-de-barretos-deve-registrar-mais-de-300-pousos-e-decolagens-durante-a-69a-festa-do-peao\/#primaryimage"},"thumbnailUrl":"https:\/\/regiaonews.net.br\/2022\/wp-content\/uploads\/2024\/08\/IMG-20240814-WA0066.jpg","articleSection":["Barretos","Festa do Pe\u00e3o"],"inLanguage":"pt-BR","potentialAction":[{"@type":"CommentAction","name":"Comment","target":["https:\/\/regiaonews.net.br\/2022\/2024\/08\/14\/aeroporto-de-barretos-deve-registrar-mais-de-300-pousos-e-decolagens-durante-a-69a-festa-do-peao\/#respond"]}]},{"@type":"WebPage","@id":"https:\/\/regiaonews.net.br\/2022\/2024\/08\/14\/aeroporto-de-barretos-deve-registrar-mais-de-300-pousos-e-decolagens-durante-a-69a-festa-do-peao\/","url":"https:\/\/regiaonews.net.br\/2022\/2024\/08\/14\/aeroporto-de-barretos-deve-registrar-mais-de-300-pousos-e-decolagens-durante-a-69a-festa-do-peao\/","name":"Aeroporto de Barretos deve registrar mais de 300 pousos e decolagens durante a 69\u00aa Festa do Pe\u00e3o* - Regi\u00e3o News","isPartOf":{"@id":"https:\/\/regiaonews.net.br\/2022\/#website"},"primaryImageOfPage":{"@id":"https:\/\/regiaonews.net.br\/2022\/2024\/08\/14\/aeroporto-de-barretos-deve-registrar-mais-de-300-pousos-e-decolagens-durante-a-69a-festa-do-peao\/#primaryimage"},"image":{"@id":"https:\/\/regiaonews.net.br\/2022\/2024\/08\/14\/aeroporto-de-barretos-deve-registrar-mais-de-300-pousos-e-decolagens-durante-a-69a-festa-do-peao\/#primaryimage"},"thumbnailUrl":"https:\/\/regiaonews.net.br\/2022\/wp-content\/uploads\/2024\/08\/IMG-20240814-WA0066.jpg","datePublished":"2024-08-15T00:10:30+00:00","breadcrumb":{"@id":"https:\/\/regiaonews.net.br\/2022\/2024\/08\/14\/aeroporto-de-barretos-deve-registrar-mais-de-300-pousos-e-decolagens-durante-a-69a-festa-do-peao\/#breadcrumb"},"inLanguage":"pt-BR","potentialAction":[{"@type":"ReadAction","target":["https:\/\/regiaonews.net.br\/2022\/2024\/08\/14\/aeroporto-de-barretos-deve-registrar-mais-de-300-pousos-e-decolagens-durante-a-69a-festa-do-peao\/"]}]},{"@type":"ImageObject","inLanguage":"pt-BR","@id":"https:\/\/regiaonews.net.br\/2022\/2024\/08\/14\/aeroporto-de-barretos-deve-registrar-mais-de-300-pousos-e-decolagens-durante-a-69a-festa-do-peao\/#primaryimage","url":"https:\/\/regiaonews.net.br\/2022\/wp-content\/uploads\/2024\/08\/IMG-20240814-WA0066.jpg","contentUrl":"https:\/\/regiaonews.net.br\/2022\/wp-content\/uploads\/2024\/08\/IMG-20240814-WA0066.jpg","width":1600,"height":1066},{"@type":"BreadcrumbList","@id":"https:\/\/regiaonews.net.br\/2022\/2024\/08\/14\/aeroporto-de-barretos-deve-registrar-mais-de-300-pousos-e-decolagens-durante-a-69a-festa-do-peao\/#breadcrumb","itemListElement":[{"@type":"ListItem","position":1,"name":"In\u00edcio","item":"https:\/\/regiaonews.net.br\/2022\/"},{"@type":"ListItem","position":2,"name":"Aeroporto de Barretos deve registrar mais de 300 pousos e decolagens durante a 69\u00aa Festa do Pe\u00e3o*"}]},{"@type":"WebSite","@id":"https:\/\/regiaonews.net.br\/2022\/#website","url":"https:\/\/regiaonews.net.br\/2022\/","name":"Regi\u00e3o News","description":"Site de Not\u00edcias de Barretos e regi\u00e3o","publisher":{"@id":"https:\/\/regiaonews.net.br\/2022\/#organization"},"potentialAction":[{"@type":"SearchAction","target":{"@type":"EntryPoint","urlTemplate":"https:\/\/regiaonews.net.br\/2022\/?s={search_term_string}"},"query-input":{"@type":"PropertyValueSpecification","valueRequired":true,"valueName":"search_term_string"}}],"inLanguage":"pt-BR"},{"@type":"Organization","@id":"https:\/\/regiaonews.net.br\/2022\/#organization","name":"Regi\u00e3o News","url":"https:\/\/regiaonews.net.br\/2022\/","logo":{"@type":"ImageObject","inLanguage":"pt-BR","@id":"https:\/\/regiaonews.net.br\/2022\/#\/schema\/logo\/image\/","url":"https:\/\/regiaonews.net.br\/2022\/wp-content\/uploads\/2026\/03\/regiao-13-anos-scaled.jpg","contentUrl":"https:\/\/regiaonews.net.br\/2022\/wp-content\/uploads\/2026\/03\/regiao-13-anos-scaled.jpg","width":2560,"height":635,"caption":"Regi\u00e3o News"},"image":{"@id":"https:\/\/regiaonews.net.br\/2022\/#\/schema\/logo\/image\/"}},{"@type":"Person","@id":"https:\/\/regiaonews.net.br\/2022\/#\/schema\/person\/2d205a608a5aa97ac279d7a5e6d89ad8","name":"Roberto","image":{"@type":"ImageObject","inLanguage":"pt-BR","@id":"https:\/\/secure.gravatar.com\/avatar\/42749d8b712ff9d59ca93dc150494e5b55a44134482993f5baeb97e61b7ecc89?s=96&d=mm&r=g","url":"https:\/\/secure.gravatar.com\/avatar\/42749d8b712ff9d59ca93dc150494e5b55a44134482993f5baeb97e61b7ecc89?s=96&d=mm&r=g","contentUrl":"https:\/\/secure.gravatar.com\/avatar\/42749d8b712ff9d59ca93dc150494e5b55a44134482993f5baeb97e61b7ecc89?s=96&d=mm&r=g","caption":"Roberto"},"url":"https:\/\/regiaonews.net.br\/2022\/author\/roberto\/"}]}},"publishpress_future_action":{"enabled":false,"date":"2026-05-03 12:35:46","action":"change-status","newStatus":"draft","terms":[],"taxonomy":"category","extraData":[]},"publishpress_future_workflow_manual_trigger":{"enabledWorkflows":[]},"_links":{"self":[{"href":"https:\/\/regiaonews.net.br\/2022\/wp-json\/wp\/v2\/posts\/108813","targetHints":{"allow":["GET"]}}],"collection":[{"href":"https:\/\/regiaonews.net.br\/2022\/wp-json\/wp\/v2\/posts"}],"about":[{"href":"https:\/\/regiaonews.net.br\/2022\/wp-json\/wp\/v2\/types\/post"}],"author":[{"embeddable":true,"href":"https:\/\/regiaonews.net.br\/2022\/wp-json\/wp\/v2\/users\/2"}],"replies":[{"embeddable":true,"href":"https:\/\/regiaonews.net.br\/2022\/wp-json\/wp\/v2\/comments?post=108813"}],"version-history":[{"count":1,"href":"https:\/\/regiaonews.net.br\/2022\/wp-json\/wp\/v2\/posts\/108813\/revisions"}],"predecessor-version":[{"id":108814,"href":"https:\/\/regiaonews.net.br\/2022\/wp-json\/wp\/v2\/posts\/108813\/revisions\/108814"}],"wp:featuredmedia":[{"embeddable":true,"href":"https:\/\/regiaonews.net.br\/2022\/wp-json\/wp\/v2\/media\/108811"}],"wp:attachment":[{"href":"https:\/\/regiaonews.net.br\/2022\/wp-json\/wp\/v2\/media?parent=108813"}],"wp:term":[{"taxonomy":"category","embeddable":true,"href":"https:\/\/regiaonews.net.br\/2022\/wp-json\/wp\/v2\/categories?post=108813"},{"taxonomy":"post_tag","embeddable":true,"href":"https:\/\/regiaonews.net.br\/2022\/wp-json\/wp\/v2\/tags?post=108813"}],"curies":[{"name":"wp","href":"https:\/\/api.w.org\/{rel}","templated":true}]}}