{"id":108797,"date":"2024-08-14T19:45:23","date_gmt":"2024-08-14T22:45:23","guid":{"rendered":"https:\/\/regiaonews.net.br\/2022\/?p=108797"},"modified":"2024-08-14T19:51:14","modified_gmt":"2024-08-14T22:51:14","slug":"mais-de-2-milhoes-de-alunos-participam-da-olimpiada-de-redacao-a-partir-de-segunda","status":"publish","type":"post","link":"https:\/\/regiaonews.net.br\/2022\/2024\/08\/14\/mais-de-2-milhoes-de-alunos-participam-da-olimpiada-de-redacao-a-partir-de-segunda\/","title":{"rendered":"Mais de 2 milh\u00f5es de alunos participam da Olimp\u00edada de Reda\u00e7\u00e3o a partir de segunda"},"content":{"rendered":"<p>A partir da pr\u00f3xima segunda-feira (19), 2,4 milh\u00f5es de estudantes matriculados nos ensinos Fundamental e M\u00e9dio de S\u00e3o Paulo participam da primeira edi\u00e7\u00e3o da Olimp\u00edada de Reda\u00e7\u00e3o das Escolas Estaduais. O cronograma prev\u00ea a aplica\u00e7\u00e3o da prova at\u00e9 o dia 27 de agosto, come\u00e7ando pelos alunos do 6\u00ba ano do Ensino Fundamental at\u00e9 os alunos da 3\u00aa s\u00e9rie do Ensino M\u00e9dio.<\/p>\n<p>A iniciativa da Secretaria da Educa\u00e7\u00e3o do Estado de S\u00e3o Paulo (Seduc-SP) visa promover o h\u00e1bito da escrita e valorizar o aprendizado de l\u00edngua portuguesa.\u00a0A<a role=\"link\" href=\"https:\/\/www.saopaulo.sp.gov.br\/spnoticias\/ultimas-noticias\/olimpiada-de-matematica-165-mil-estudantes-de-sp-farao-provas-para-vaga-em-competicao\/\">ssim como aconteceu com a Olimp\u00edada de Matem\u00e1tica<\/a>, os estudantes est\u00e3o em busca de mais de 100 mil medalhas de ouro, prata e bronze. Os professores, escolas e diretorias de ensino tamb\u00e9m ser\u00e3o reconhecidos. A entrega das medalhas est\u00e1 prevista para o m\u00eas de novembro.<\/p>\n<p>O coordenador de olimp\u00edadas da Educa\u00e7\u00e3o, Roberto Serra Campos J\u00fanior, explica que a competi\u00e7\u00e3o ter\u00e1 uma \u00fanica fase e os alunos ir\u00e3o utilizar a plataforma Reda\u00e7\u00e3o Paulista. \u201cOs estudantes dever\u00e3o escrever, na plataforma, texto sobre tema espec\u00edfico elaborado para a Olimp\u00edada de Reda\u00e7\u00e3o.\u00a0 Cada turma, com seu ano e s\u00e9rie, dever\u00e1 seguir um tema diferente, e receber\u00e1 textos de apoio, assim como acontece nos vestibulinhos e vestibulares. A escrita da reda\u00e7\u00e3o para a Olimp\u00edada dever\u00e1 acontecer obrigatoriamente na escola do estudante\u201d, refor\u00e7a Roberto Serra Campos J\u00fanior.<\/p>\n<p>De acordo com o coordenador de olimp\u00edadas da Educa\u00e7\u00e3o, para os estudantes do Ensino M\u00e9dio, a Olimp\u00edada de Reda\u00e7\u00e3o tamb\u00e9m ser\u00e1 uma ferramenta importante para o Prov\u00e3o Paulista, Enem e outros vestibulares do fim do ano. Neste ano letivo, a Educa\u00e7\u00e3o aumentou em 60% o tempo destinado \u00e0 aprendizagem de l\u00edngua portuguesa no Ensino M\u00e9dio. Al\u00e9m das aulas de l\u00edngua portuguesa, os estudantes t\u00eam acesso \u00e0 disciplina de reda\u00e7\u00e3o e leitura.<\/p>\n","protected":false},"excerpt":{"rendered":"<p>A partir da pr\u00f3xima segunda-feira (19), 2,4 milh\u00f5es de estudantes<\/p>\n","protected":false},"author":2,"featured_media":108800,"comment_status":"open","ping_status":"open","sticky":false,"template":"","format":"standard","meta":{"footnotes":""},"categories":[7,3,1],"tags":[],"class_list":["post-108797","post","type-post","status-publish","format-standard","has-post-thumbnail","hentry","category-estado-de-sao-paulo","category-geral","category-indefinido"],"yoast_head":"<!-- This site is optimized with the Yoast SEO plugin v27.4 - https:\/\/yoast.com\/product\/yoast-seo-wordpress\/ -->\n<title>Mais de 2 milh\u00f5es de alunos participam da Olimp\u00edada de Reda\u00e7\u00e3o a partir de segunda - Regi\u00e3o News<\/title>\n<meta name=\"robots\" content=\"index, follow, max-snippet:-1, max-image-preview:large, max-video-preview:-1\" \/>\n<link rel=\"canonical\" href=\"https:\/\/regiaonews.net.br\/2022\/2024\/08\/14\/mais-de-2-milhoes-de-alunos-participam-da-olimpiada-de-redacao-a-partir-de-segunda\/\" \/>\n<meta property=\"og:locale\" content=\"pt_BR\" \/>\n<meta property=\"og:type\" content=\"article\" \/>\n<meta property=\"og:title\" content=\"Mais de 2 milh\u00f5es de alunos participam da Olimp\u00edada de Reda\u00e7\u00e3o a partir de segunda - Regi\u00e3o News\" \/>\n<meta property=\"og:description\" content=\"A partir da pr\u00f3xima segunda-feira (19), 2,4 milh\u00f5es de estudantes\" \/>\n<meta property=\"og:url\" content=\"https:\/\/regiaonews.net.br\/2022\/2024\/08\/14\/mais-de-2-milhoes-de-alunos-participam-da-olimpiada-de-redacao-a-partir-de-segunda\/\" \/>\n<meta property=\"og:site_name\" content=\"Regi\u00e3o News\" \/>\n<meta property=\"article:published_time\" content=\"2024-08-14T22:45:23+00:00\" \/>\n<meta property=\"article:modified_time\" content=\"2024-08-14T22:51:14+00:00\" \/>\n<meta property=\"og:image\" content=\"https:\/\/regiaonews.net.br\/2022\/wp-content\/uploads\/2024\/08\/Screenshot_20240814_194716_Google-scaled.jpg\" \/>\n\t<meta property=\"og:image:width\" content=\"2560\" \/>\n\t<meta property=\"og:image:height\" content=\"1921\" \/>\n\t<meta property=\"og:image:type\" content=\"image\/jpeg\" \/>\n<meta name=\"author\" content=\"Roberto\" \/>\n<meta name=\"twitter:card\" content=\"summary_large_image\" \/>\n<meta name=\"twitter:label1\" content=\"Escrito por\" \/>\n\t<meta name=\"twitter:data1\" content=\"Roberto\" \/>\n\t<meta name=\"twitter:label2\" content=\"Est. tempo de leitura\" \/>\n\t<meta name=\"twitter:data2\" content=\"2 minutos\" \/>\n<script type=\"application\/ld+json\" class=\"yoast-schema-graph\">{\"@context\":\"https:\\\/\\\/schema.org\",\"@graph\":[{\"@type\":\"Article\",\"@id\":\"https:\\\/\\\/regiaonews.net.br\\\/2022\\\/2024\\\/08\\\/14\\\/mais-de-2-milhoes-de-alunos-participam-da-olimpiada-de-redacao-a-partir-de-segunda\\\/#article\",\"isPartOf\":{\"@id\":\"https:\\\/\\\/regiaonews.net.br\\\/2022\\\/2024\\\/08\\\/14\\\/mais-de-2-milhoes-de-alunos-participam-da-olimpiada-de-redacao-a-partir-de-segunda\\\/\"},\"author\":{\"name\":\"Roberto\",\"@id\":\"https:\\\/\\\/regiaonews.net.br\\\/2022\\\/#\\\/schema\\\/person\\\/2d205a608a5aa97ac279d7a5e6d89ad8\"},\"headline\":\"Mais de 2 milh\u00f5es de alunos participam da Olimp\u00edada de Reda\u00e7\u00e3o a partir de segunda\",\"datePublished\":\"2024-08-14T22:45:23+00:00\",\"dateModified\":\"2024-08-14T22:51:14+00:00\",\"mainEntityOfPage\":{\"@id\":\"https:\\\/\\\/regiaonews.net.br\\\/2022\\\/2024\\\/08\\\/14\\\/mais-de-2-milhoes-de-alunos-participam-da-olimpiada-de-redacao-a-partir-de-segunda\\\/\"},\"wordCount\":346,\"commentCount\":0,\"publisher\":{\"@id\":\"https:\\\/\\\/regiaonews.net.br\\\/2022\\\/#organization\"},\"image\":{\"@id\":\"https:\\\/\\\/regiaonews.net.br\\\/2022\\\/2024\\\/08\\\/14\\\/mais-de-2-milhoes-de-alunos-participam-da-olimpiada-de-redacao-a-partir-de-segunda\\\/#primaryimage\"},\"thumbnailUrl\":\"https:\\\/\\\/regiaonews.net.br\\\/2022\\\/wp-content\\\/uploads\\\/2024\\\/08\\\/Screenshot_20240814_194716_Google-scaled.jpg\",\"articleSection\":[\"Estado de S\u00e3o Paulo\",\"Geral\",\"Indefinido\"],\"inLanguage\":\"pt-BR\",\"potentialAction\":[{\"@type\":\"CommentAction\",\"name\":\"Comment\",\"target\":[\"https:\\\/\\\/regiaonews.net.br\\\/2022\\\/2024\\\/08\\\/14\\\/mais-de-2-milhoes-de-alunos-participam-da-olimpiada-de-redacao-a-partir-de-segunda\\\/#respond\"]}]},{\"@type\":\"WebPage\",\"@id\":\"https:\\\/\\\/regiaonews.net.br\\\/2022\\\/2024\\\/08\\\/14\\\/mais-de-2-milhoes-de-alunos-participam-da-olimpiada-de-redacao-a-partir-de-segunda\\\/\",\"url\":\"https:\\\/\\\/regiaonews.net.br\\\/2022\\\/2024\\\/08\\\/14\\\/mais-de-2-milhoes-de-alunos-participam-da-olimpiada-de-redacao-a-partir-de-segunda\\\/\",\"name\":\"Mais de 2 milh\u00f5es de alunos participam da Olimp\u00edada de Reda\u00e7\u00e3o a partir de segunda - Regi\u00e3o News\",\"isPartOf\":{\"@id\":\"https:\\\/\\\/regiaonews.net.br\\\/2022\\\/#website\"},\"primaryImageOfPage\":{\"@id\":\"https:\\\/\\\/regiaonews.net.br\\\/2022\\\/2024\\\/08\\\/14\\\/mais-de-2-milhoes-de-alunos-participam-da-olimpiada-de-redacao-a-partir-de-segunda\\\/#primaryimage\"},\"image\":{\"@id\":\"https:\\\/\\\/regiaonews.net.br\\\/2022\\\/2024\\\/08\\\/14\\\/mais-de-2-milhoes-de-alunos-participam-da-olimpiada-de-redacao-a-partir-de-segunda\\\/#primaryimage\"},\"thumbnailUrl\":\"https:\\\/\\\/regiaonews.net.br\\\/2022\\\/wp-content\\\/uploads\\\/2024\\\/08\\\/Screenshot_20240814_194716_Google-scaled.jpg\",\"datePublished\":\"2024-08-14T22:45:23+00:00\",\"dateModified\":\"2024-08-14T22:51:14+00:00\",\"breadcrumb\":{\"@id\":\"https:\\\/\\\/regiaonews.net.br\\\/2022\\\/2024\\\/08\\\/14\\\/mais-de-2-milhoes-de-alunos-participam-da-olimpiada-de-redacao-a-partir-de-segunda\\\/#breadcrumb\"},\"inLanguage\":\"pt-BR\",\"potentialAction\":[{\"@type\":\"ReadAction\",\"target\":[\"https:\\\/\\\/regiaonews.net.br\\\/2022\\\/2024\\\/08\\\/14\\\/mais-de-2-milhoes-de-alunos-participam-da-olimpiada-de-redacao-a-partir-de-segunda\\\/\"]}]},{\"@type\":\"ImageObject\",\"inLanguage\":\"pt-BR\",\"@id\":\"https:\\\/\\\/regiaonews.net.br\\\/2022\\\/2024\\\/08\\\/14\\\/mais-de-2-milhoes-de-alunos-participam-da-olimpiada-de-redacao-a-partir-de-segunda\\\/#primaryimage\",\"url\":\"https:\\\/\\\/regiaonews.net.br\\\/2022\\\/wp-content\\\/uploads\\\/2024\\\/08\\\/Screenshot_20240814_194716_Google-scaled.jpg\",\"contentUrl\":\"https:\\\/\\\/regiaonews.net.br\\\/2022\\\/wp-content\\\/uploads\\\/2024\\\/08\\\/Screenshot_20240814_194716_Google-scaled.jpg\",\"width\":2560,\"height\":1921},{\"@type\":\"BreadcrumbList\",\"@id\":\"https:\\\/\\\/regiaonews.net.br\\\/2022\\\/2024\\\/08\\\/14\\\/mais-de-2-milhoes-de-alunos-participam-da-olimpiada-de-redacao-a-partir-de-segunda\\\/#breadcrumb\",\"itemListElement\":[{\"@type\":\"ListItem\",\"position\":1,\"name\":\"In\u00edcio\",\"item\":\"https:\\\/\\\/regiaonews.net.br\\\/2022\\\/\"},{\"@type\":\"ListItem\",\"position\":2,\"name\":\"Mais de 2 milh\u00f5es de alunos participam da Olimp\u00edada de Reda\u00e7\u00e3o a partir de segunda\"}]},{\"@type\":\"WebSite\",\"@id\":\"https:\\\/\\\/regiaonews.net.br\\\/2022\\\/#website\",\"url\":\"https:\\\/\\\/regiaonews.net.br\\\/2022\\\/\",\"name\":\"Regi\u00e3o News\",\"description\":\"Site de Not\u00edcias de Barretos e regi\u00e3o\",\"publisher\":{\"@id\":\"https:\\\/\\\/regiaonews.net.br\\\/2022\\\/#organization\"},\"potentialAction\":[{\"@type\":\"SearchAction\",\"target\":{\"@type\":\"EntryPoint\",\"urlTemplate\":\"https:\\\/\\\/regiaonews.net.br\\\/2022\\\/?s={search_term_string}\"},\"query-input\":{\"@type\":\"PropertyValueSpecification\",\"valueRequired\":true,\"valueName\":\"search_term_string\"}}],\"inLanguage\":\"pt-BR\"},{\"@type\":\"Organization\",\"@id\":\"https:\\\/\\\/regiaonews.net.br\\\/2022\\\/#organization\",\"name\":\"Regi\u00e3o News\",\"url\":\"https:\\\/\\\/regiaonews.net.br\\\/2022\\\/\",\"logo\":{\"@type\":\"ImageObject\",\"inLanguage\":\"pt-BR\",\"@id\":\"https:\\\/\\\/regiaonews.net.br\\\/2022\\\/#\\\/schema\\\/logo\\\/image\\\/\",\"url\":\"https:\\\/\\\/regiaonews.net.br\\\/2022\\\/wp-content\\\/uploads\\\/2026\\\/03\\\/regiao-13-anos-scaled.jpg\",\"contentUrl\":\"https:\\\/\\\/regiaonews.net.br\\\/2022\\\/wp-content\\\/uploads\\\/2026\\\/03\\\/regiao-13-anos-scaled.jpg\",\"width\":2560,\"height\":635,\"caption\":\"Regi\u00e3o News\"},\"image\":{\"@id\":\"https:\\\/\\\/regiaonews.net.br\\\/2022\\\/#\\\/schema\\\/logo\\\/image\\\/\"}},{\"@type\":\"Person\",\"@id\":\"https:\\\/\\\/regiaonews.net.br\\\/2022\\\/#\\\/schema\\\/person\\\/2d205a608a5aa97ac279d7a5e6d89ad8\",\"name\":\"Roberto\",\"image\":{\"@type\":\"ImageObject\",\"inLanguage\":\"pt-BR\",\"@id\":\"https:\\\/\\\/secure.gravatar.com\\\/avatar\\\/42749d8b712ff9d59ca93dc150494e5b55a44134482993f5baeb97e61b7ecc89?s=96&d=mm&r=g\",\"url\":\"https:\\\/\\\/secure.gravatar.com\\\/avatar\\\/42749d8b712ff9d59ca93dc150494e5b55a44134482993f5baeb97e61b7ecc89?s=96&d=mm&r=g\",\"contentUrl\":\"https:\\\/\\\/secure.gravatar.com\\\/avatar\\\/42749d8b712ff9d59ca93dc150494e5b55a44134482993f5baeb97e61b7ecc89?s=96&d=mm&r=g\",\"caption\":\"Roberto\"},\"url\":\"https:\\\/\\\/regiaonews.net.br\\\/2022\\\/author\\\/roberto\\\/\"}]}<\/script>\n<!-- \/ Yoast SEO plugin. -->","yoast_head_json":{"title":"Mais de 2 milh\u00f5es de alunos participam da Olimp\u00edada de Reda\u00e7\u00e3o a partir de segunda - Regi\u00e3o News","robots":{"index":"index","follow":"follow","max-snippet":"max-snippet:-1","max-image-preview":"max-image-preview:large","max-video-preview":"max-video-preview:-1"},"canonical":"https:\/\/regiaonews.net.br\/2022\/2024\/08\/14\/mais-de-2-milhoes-de-alunos-participam-da-olimpiada-de-redacao-a-partir-de-segunda\/","og_locale":"pt_BR","og_type":"article","og_title":"Mais de 2 milh\u00f5es de alunos participam da Olimp\u00edada de Reda\u00e7\u00e3o a partir de segunda - Regi\u00e3o News","og_description":"A partir da pr\u00f3xima segunda-feira (19), 2,4 milh\u00f5es de estudantes","og_url":"https:\/\/regiaonews.net.br\/2022\/2024\/08\/14\/mais-de-2-milhoes-de-alunos-participam-da-olimpiada-de-redacao-a-partir-de-segunda\/","og_site_name":"Regi\u00e3o News","article_published_time":"2024-08-14T22:45:23+00:00","article_modified_time":"2024-08-14T22:51:14+00:00","og_image":[{"width":2560,"height":1921,"url":"https:\/\/regiaonews.net.br\/2022\/wp-content\/uploads\/2024\/08\/Screenshot_20240814_194716_Google-scaled.jpg","type":"image\/jpeg"}],"author":"Roberto","twitter_card":"summary_large_image","twitter_misc":{"Escrito por":"Roberto","Est. tempo de leitura":"2 minutos"},"schema":{"@context":"https:\/\/schema.org","@graph":[{"@type":"Article","@id":"https:\/\/regiaonews.net.br\/2022\/2024\/08\/14\/mais-de-2-milhoes-de-alunos-participam-da-olimpiada-de-redacao-a-partir-de-segunda\/#article","isPartOf":{"@id":"https:\/\/regiaonews.net.br\/2022\/2024\/08\/14\/mais-de-2-milhoes-de-alunos-participam-da-olimpiada-de-redacao-a-partir-de-segunda\/"},"author":{"name":"Roberto","@id":"https:\/\/regiaonews.net.br\/2022\/#\/schema\/person\/2d205a608a5aa97ac279d7a5e6d89ad8"},"headline":"Mais de 2 milh\u00f5es de alunos participam da Olimp\u00edada de Reda\u00e7\u00e3o a partir de segunda","datePublished":"2024-08-14T22:45:23+00:00","dateModified":"2024-08-14T22:51:14+00:00","mainEntityOfPage":{"@id":"https:\/\/regiaonews.net.br\/2022\/2024\/08\/14\/mais-de-2-milhoes-de-alunos-participam-da-olimpiada-de-redacao-a-partir-de-segunda\/"},"wordCount":346,"commentCount":0,"publisher":{"@id":"https:\/\/regiaonews.net.br\/2022\/#organization"},"image":{"@id":"https:\/\/regiaonews.net.br\/2022\/2024\/08\/14\/mais-de-2-milhoes-de-alunos-participam-da-olimpiada-de-redacao-a-partir-de-segunda\/#primaryimage"},"thumbnailUrl":"https:\/\/regiaonews.net.br\/2022\/wp-content\/uploads\/2024\/08\/Screenshot_20240814_194716_Google-scaled.jpg","articleSection":["Estado de S\u00e3o Paulo","Geral","Indefinido"],"inLanguage":"pt-BR","potentialAction":[{"@type":"CommentAction","name":"Comment","target":["https:\/\/regiaonews.net.br\/2022\/2024\/08\/14\/mais-de-2-milhoes-de-alunos-participam-da-olimpiada-de-redacao-a-partir-de-segunda\/#respond"]}]},{"@type":"WebPage","@id":"https:\/\/regiaonews.net.br\/2022\/2024\/08\/14\/mais-de-2-milhoes-de-alunos-participam-da-olimpiada-de-redacao-a-partir-de-segunda\/","url":"https:\/\/regiaonews.net.br\/2022\/2024\/08\/14\/mais-de-2-milhoes-de-alunos-participam-da-olimpiada-de-redacao-a-partir-de-segunda\/","name":"Mais de 2 milh\u00f5es de alunos participam da Olimp\u00edada de Reda\u00e7\u00e3o a partir de segunda - Regi\u00e3o News","isPartOf":{"@id":"https:\/\/regiaonews.net.br\/2022\/#website"},"primaryImageOfPage":{"@id":"https:\/\/regiaonews.net.br\/2022\/2024\/08\/14\/mais-de-2-milhoes-de-alunos-participam-da-olimpiada-de-redacao-a-partir-de-segunda\/#primaryimage"},"image":{"@id":"https:\/\/regiaonews.net.br\/2022\/2024\/08\/14\/mais-de-2-milhoes-de-alunos-participam-da-olimpiada-de-redacao-a-partir-de-segunda\/#primaryimage"},"thumbnailUrl":"https:\/\/regiaonews.net.br\/2022\/wp-content\/uploads\/2024\/08\/Screenshot_20240814_194716_Google-scaled.jpg","datePublished":"2024-08-14T22:45:23+00:00","dateModified":"2024-08-14T22:51:14+00:00","breadcrumb":{"@id":"https:\/\/regiaonews.net.br\/2022\/2024\/08\/14\/mais-de-2-milhoes-de-alunos-participam-da-olimpiada-de-redacao-a-partir-de-segunda\/#breadcrumb"},"inLanguage":"pt-BR","potentialAction":[{"@type":"ReadAction","target":["https:\/\/regiaonews.net.br\/2022\/2024\/08\/14\/mais-de-2-milhoes-de-alunos-participam-da-olimpiada-de-redacao-a-partir-de-segunda\/"]}]},{"@type":"ImageObject","inLanguage":"pt-BR","@id":"https:\/\/regiaonews.net.br\/2022\/2024\/08\/14\/mais-de-2-milhoes-de-alunos-participam-da-olimpiada-de-redacao-a-partir-de-segunda\/#primaryimage","url":"https:\/\/regiaonews.net.br\/2022\/wp-content\/uploads\/2024\/08\/Screenshot_20240814_194716_Google-scaled.jpg","contentUrl":"https:\/\/regiaonews.net.br\/2022\/wp-content\/uploads\/2024\/08\/Screenshot_20240814_194716_Google-scaled.jpg","width":2560,"height":1921},{"@type":"BreadcrumbList","@id":"https:\/\/regiaonews.net.br\/2022\/2024\/08\/14\/mais-de-2-milhoes-de-alunos-participam-da-olimpiada-de-redacao-a-partir-de-segunda\/#breadcrumb","itemListElement":[{"@type":"ListItem","position":1,"name":"In\u00edcio","item":"https:\/\/regiaonews.net.br\/2022\/"},{"@type":"ListItem","position":2,"name":"Mais de 2 milh\u00f5es de alunos participam da Olimp\u00edada de Reda\u00e7\u00e3o a partir de segunda"}]},{"@type":"WebSite","@id":"https:\/\/regiaonews.net.br\/2022\/#website","url":"https:\/\/regiaonews.net.br\/2022\/","name":"Regi\u00e3o News","description":"Site de Not\u00edcias de Barretos e regi\u00e3o","publisher":{"@id":"https:\/\/regiaonews.net.br\/2022\/#organization"},"potentialAction":[{"@type":"SearchAction","target":{"@type":"EntryPoint","urlTemplate":"https:\/\/regiaonews.net.br\/2022\/?s={search_term_string}"},"query-input":{"@type":"PropertyValueSpecification","valueRequired":true,"valueName":"search_term_string"}}],"inLanguage":"pt-BR"},{"@type":"Organization","@id":"https:\/\/regiaonews.net.br\/2022\/#organization","name":"Regi\u00e3o News","url":"https:\/\/regiaonews.net.br\/2022\/","logo":{"@type":"ImageObject","inLanguage":"pt-BR","@id":"https:\/\/regiaonews.net.br\/2022\/#\/schema\/logo\/image\/","url":"https:\/\/regiaonews.net.br\/2022\/wp-content\/uploads\/2026\/03\/regiao-13-anos-scaled.jpg","contentUrl":"https:\/\/regiaonews.net.br\/2022\/wp-content\/uploads\/2026\/03\/regiao-13-anos-scaled.jpg","width":2560,"height":635,"caption":"Regi\u00e3o News"},"image":{"@id":"https:\/\/regiaonews.net.br\/2022\/#\/schema\/logo\/image\/"}},{"@type":"Person","@id":"https:\/\/regiaonews.net.br\/2022\/#\/schema\/person\/2d205a608a5aa97ac279d7a5e6d89ad8","name":"Roberto","image":{"@type":"ImageObject","inLanguage":"pt-BR","@id":"https:\/\/secure.gravatar.com\/avatar\/42749d8b712ff9d59ca93dc150494e5b55a44134482993f5baeb97e61b7ecc89?s=96&d=mm&r=g","url":"https:\/\/secure.gravatar.com\/avatar\/42749d8b712ff9d59ca93dc150494e5b55a44134482993f5baeb97e61b7ecc89?s=96&d=mm&r=g","contentUrl":"https:\/\/secure.gravatar.com\/avatar\/42749d8b712ff9d59ca93dc150494e5b55a44134482993f5baeb97e61b7ecc89?s=96&d=mm&r=g","caption":"Roberto"},"url":"https:\/\/regiaonews.net.br\/2022\/author\/roberto\/"}]}},"publishpress_future_action":{"enabled":false,"date":"2026-05-03 18:57:50","action":"change-status","newStatus":"draft","terms":[],"taxonomy":"category","extraData":[]},"publishpress_future_workflow_manual_trigger":{"enabledWorkflows":[]},"_links":{"self":[{"href":"https:\/\/regiaonews.net.br\/2022\/wp-json\/wp\/v2\/posts\/108797","targetHints":{"allow":["GET"]}}],"collection":[{"href":"https:\/\/regiaonews.net.br\/2022\/wp-json\/wp\/v2\/posts"}],"about":[{"href":"https:\/\/regiaonews.net.br\/2022\/wp-json\/wp\/v2\/types\/post"}],"author":[{"embeddable":true,"href":"https:\/\/regiaonews.net.br\/2022\/wp-json\/wp\/v2\/users\/2"}],"replies":[{"embeddable":true,"href":"https:\/\/regiaonews.net.br\/2022\/wp-json\/wp\/v2\/comments?post=108797"}],"version-history":[{"count":1,"href":"https:\/\/regiaonews.net.br\/2022\/wp-json\/wp\/v2\/posts\/108797\/revisions"}],"predecessor-version":[{"id":108799,"href":"https:\/\/regiaonews.net.br\/2022\/wp-json\/wp\/v2\/posts\/108797\/revisions\/108799"}],"wp:featuredmedia":[{"embeddable":true,"href":"https:\/\/regiaonews.net.br\/2022\/wp-json\/wp\/v2\/media\/108800"}],"wp:attachment":[{"href":"https:\/\/regiaonews.net.br\/2022\/wp-json\/wp\/v2\/media?parent=108797"}],"wp:term":[{"taxonomy":"category","embeddable":true,"href":"https:\/\/regiaonews.net.br\/2022\/wp-json\/wp\/v2\/categories?post=108797"},{"taxonomy":"post_tag","embeddable":true,"href":"https:\/\/regiaonews.net.br\/2022\/wp-json\/wp\/v2\/tags?post=108797"}],"curies":[{"name":"wp","href":"https:\/\/api.w.org\/{rel}","templated":true}]}}