{"id":108788,"date":"2024-08-14T17:21:59","date_gmt":"2024-08-14T20:21:59","guid":{"rendered":"https:\/\/regiaonews.net.br\/2022\/?p=108788"},"modified":"2024-08-14T17:21:59","modified_gmt":"2024-08-14T20:21:59","slug":"governo-de-sp-destaca-oportunidades-de-desenvolvimento-com-investimentos-em-tecnologia","status":"publish","type":"post","link":"https:\/\/regiaonews.net.br\/2022\/2024\/08\/14\/governo-de-sp-destaca-oportunidades-de-desenvolvimento-com-investimentos-em-tecnologia\/","title":{"rendered":"Governo de SP destaca oportunidades de desenvolvimento com investimentos em tecnologia"},"content":{"rendered":"<h3 class=\"excerpt\" style=\"text-align: center;\">Tarc\u00edsio de Freitas participou em Barueri da inaugura\u00e7\u00e3o da 2\u00aa fase do maior campus de data center da Am\u00e9rica Latina<\/h3>\n<p>O governador Tarc\u00edsio de Freitas salientou as oportunidades que a tecnologia e a economia baseada em gerenciamento de dados trazem para o estado durante a inaugura\u00e7\u00e3o da segunda fase do Tambor\u00e9, o maior campus de data centers da Am\u00e9rica Latina, em Barueri, regi\u00e3o metropolitana da capital. O estado j\u00e1 atraiu R$ 50 bilh\u00f5es em investimentos privados para expans\u00e3o ou instala\u00e7\u00e3o de novos data centers.<\/p>\n<p>\u201cAl\u00e9m de movimentarmos 6 mil postos de trabalho na constru\u00e7\u00e3o civil durante esta fase, teremos depois a m\u00e3o de obra que vai trabalhar na gest\u00e3o de dados. Estamos falando de quem vai trabalhar em programa\u00e7\u00e3o, energia, computa\u00e7\u00e3o em nuvem e intelig\u00eancia artificial\u201d, afirmou o governador. \u201cNo passado, a riqueza das na\u00e7\u00f5es estava nos metais, no ouro, na cana-de-a\u00e7\u00facar, na ind\u00fastria e servi\u00e7os. Hoje, a riqueza est\u00e1 nos dados, na economia do conhecimento\u201d, acrescentou Tarc\u00edsio.<\/p>\n<p>A inaugura\u00e7\u00e3o desta fase do Campus Tambor\u00e9 contou ainda com a presen\u00e7a do secret\u00e1rio estadual de Desenvolvimento Econ\u00f4mico, Jorge Lima, e executivos da empresa respons\u00e1vel, a Scala Data Centers. O investimento comprometido nesta etapa do empreendimento foi R$ 6,2 bilh\u00f5es.<\/p>\n<p>O Tambor\u00e9 contar\u00e1 com 17 edif\u00edcios de data centers e tr\u00eas subesta\u00e7\u00f5es com capacidade de 600MW de energia, o que posicionar\u00e1 o campus entre os top 10 do mundo. A Scala tem atualmente outros seis data centers no estado de S\u00e3o Paulo.<\/p>\n<h2>Capacita\u00e7\u00e3o<\/h2>\n<p>A demanda por gest\u00e3o de dados e o crescimento das aplica\u00e7\u00f5es da intelig\u00eancia artificial no cotidiano tamb\u00e9m impulsionam os programas de capacita\u00e7\u00e3o para esse novo mercado de trabalho em franco desenvolvimento.<\/p>\n<p>\u201cVamos precisar de mais equipamentos, de mais data centers e de m\u00e3o de obra qualificada, com jovens que dominem programa\u00e7\u00e3o e computa\u00e7\u00e3o em nuvem, por exemplo. \u00c9 por isso que temos um programa de qualifica\u00e7\u00e3o, o Qualifica SP, que tem parcerias com a iniciativa privada e big techs para formar profissionais que aproveitem essa onda da economia do conhecimento\u201d, diz o governador Tarc\u00edsio de Freitas.<\/p>\n<p>Atualmente, o Qualifica SP, programa do Governo de SP, oferece 123 mil vagas em cursos de capacita\u00e7\u00e3o. Apenas na \u00e1rea de Tecnologia da Informa\u00e7\u00e3o, s\u00e3o 21 mil jovens em forma\u00e7\u00e3o.<\/p>\n","protected":false},"excerpt":{"rendered":"<p>Tarc\u00edsio de Freitas participou em Barueri da inaugura\u00e7\u00e3o da 2\u00aa<\/p>\n","protected":false},"author":2,"featured_media":108789,"comment_status":"open","ping_status":"open","sticky":false,"template":"","format":"standard","meta":{"footnotes":""},"categories":[7,3],"tags":[],"class_list":["post-108788","post","type-post","status-publish","format-standard","has-post-thumbnail","hentry","category-estado-de-sao-paulo","category-geral"],"yoast_head":"<!-- This site is optimized with the Yoast SEO plugin v27.4 - https:\/\/yoast.com\/product\/yoast-seo-wordpress\/ -->\n<title>Governo de SP destaca oportunidades de desenvolvimento com investimentos em tecnologia - Regi\u00e3o News<\/title>\n<meta name=\"robots\" content=\"index, follow, max-snippet:-1, max-image-preview:large, max-video-preview:-1\" \/>\n<link rel=\"canonical\" href=\"https:\/\/regiaonews.net.br\/2022\/2024\/08\/14\/governo-de-sp-destaca-oportunidades-de-desenvolvimento-com-investimentos-em-tecnologia\/\" \/>\n<meta property=\"og:locale\" content=\"pt_BR\" \/>\n<meta property=\"og:type\" content=\"article\" \/>\n<meta property=\"og:title\" content=\"Governo de SP destaca oportunidades de desenvolvimento com investimentos em tecnologia - Regi\u00e3o News\" \/>\n<meta property=\"og:description\" content=\"Tarc\u00edsio de Freitas participou em Barueri da inaugura\u00e7\u00e3o da 2\u00aa\" \/>\n<meta property=\"og:url\" content=\"https:\/\/regiaonews.net.br\/2022\/2024\/08\/14\/governo-de-sp-destaca-oportunidades-de-desenvolvimento-com-investimentos-em-tecnologia\/\" \/>\n<meta property=\"og:site_name\" content=\"Regi\u00e3o News\" \/>\n<meta property=\"article:published_time\" content=\"2024-08-14T20:21:59+00:00\" \/>\n<meta property=\"og:image\" content=\"https:\/\/regiaonews.net.br\/2022\/wp-content\/uploads\/2024\/08\/materia-Data-Centers-1536x924-1.jpg\" \/>\n\t<meta property=\"og:image:width\" content=\"1536\" \/>\n\t<meta property=\"og:image:height\" content=\"924\" \/>\n\t<meta property=\"og:image:type\" content=\"image\/jpeg\" \/>\n<meta name=\"author\" content=\"Roberto\" \/>\n<meta name=\"twitter:card\" content=\"summary_large_image\" \/>\n<meta name=\"twitter:label1\" content=\"Escrito por\" \/>\n\t<meta name=\"twitter:data1\" content=\"Roberto\" \/>\n\t<meta name=\"twitter:label2\" content=\"Est. tempo de leitura\" \/>\n\t<meta name=\"twitter:data2\" content=\"3 minutos\" \/>\n<script type=\"application\/ld+json\" class=\"yoast-schema-graph\">{\"@context\":\"https:\\\/\\\/schema.org\",\"@graph\":[{\"@type\":\"Article\",\"@id\":\"https:\\\/\\\/regiaonews.net.br\\\/2022\\\/2024\\\/08\\\/14\\\/governo-de-sp-destaca-oportunidades-de-desenvolvimento-com-investimentos-em-tecnologia\\\/#article\",\"isPartOf\":{\"@id\":\"https:\\\/\\\/regiaonews.net.br\\\/2022\\\/2024\\\/08\\\/14\\\/governo-de-sp-destaca-oportunidades-de-desenvolvimento-com-investimentos-em-tecnologia\\\/\"},\"author\":{\"name\":\"Roberto\",\"@id\":\"https:\\\/\\\/regiaonews.net.br\\\/2022\\\/#\\\/schema\\\/person\\\/2d205a608a5aa97ac279d7a5e6d89ad8\"},\"headline\":\"Governo de SP destaca oportunidades de desenvolvimento com investimentos em tecnologia\",\"datePublished\":\"2024-08-14T20:21:59+00:00\",\"mainEntityOfPage\":{\"@id\":\"https:\\\/\\\/regiaonews.net.br\\\/2022\\\/2024\\\/08\\\/14\\\/governo-de-sp-destaca-oportunidades-de-desenvolvimento-com-investimentos-em-tecnologia\\\/\"},\"wordCount\":416,\"commentCount\":0,\"publisher\":{\"@id\":\"https:\\\/\\\/regiaonews.net.br\\\/2022\\\/#organization\"},\"image\":{\"@id\":\"https:\\\/\\\/regiaonews.net.br\\\/2022\\\/2024\\\/08\\\/14\\\/governo-de-sp-destaca-oportunidades-de-desenvolvimento-com-investimentos-em-tecnologia\\\/#primaryimage\"},\"thumbnailUrl\":\"https:\\\/\\\/regiaonews.net.br\\\/2022\\\/wp-content\\\/uploads\\\/2024\\\/08\\\/materia-Data-Centers-1536x924-1.jpg\",\"articleSection\":[\"Estado de S\u00e3o Paulo\",\"Geral\"],\"inLanguage\":\"pt-BR\",\"potentialAction\":[{\"@type\":\"CommentAction\",\"name\":\"Comment\",\"target\":[\"https:\\\/\\\/regiaonews.net.br\\\/2022\\\/2024\\\/08\\\/14\\\/governo-de-sp-destaca-oportunidades-de-desenvolvimento-com-investimentos-em-tecnologia\\\/#respond\"]}]},{\"@type\":\"WebPage\",\"@id\":\"https:\\\/\\\/regiaonews.net.br\\\/2022\\\/2024\\\/08\\\/14\\\/governo-de-sp-destaca-oportunidades-de-desenvolvimento-com-investimentos-em-tecnologia\\\/\",\"url\":\"https:\\\/\\\/regiaonews.net.br\\\/2022\\\/2024\\\/08\\\/14\\\/governo-de-sp-destaca-oportunidades-de-desenvolvimento-com-investimentos-em-tecnologia\\\/\",\"name\":\"Governo de SP destaca oportunidades de desenvolvimento com investimentos em tecnologia - Regi\u00e3o News\",\"isPartOf\":{\"@id\":\"https:\\\/\\\/regiaonews.net.br\\\/2022\\\/#website\"},\"primaryImageOfPage\":{\"@id\":\"https:\\\/\\\/regiaonews.net.br\\\/2022\\\/2024\\\/08\\\/14\\\/governo-de-sp-destaca-oportunidades-de-desenvolvimento-com-investimentos-em-tecnologia\\\/#primaryimage\"},\"image\":{\"@id\":\"https:\\\/\\\/regiaonews.net.br\\\/2022\\\/2024\\\/08\\\/14\\\/governo-de-sp-destaca-oportunidades-de-desenvolvimento-com-investimentos-em-tecnologia\\\/#primaryimage\"},\"thumbnailUrl\":\"https:\\\/\\\/regiaonews.net.br\\\/2022\\\/wp-content\\\/uploads\\\/2024\\\/08\\\/materia-Data-Centers-1536x924-1.jpg\",\"datePublished\":\"2024-08-14T20:21:59+00:00\",\"breadcrumb\":{\"@id\":\"https:\\\/\\\/regiaonews.net.br\\\/2022\\\/2024\\\/08\\\/14\\\/governo-de-sp-destaca-oportunidades-de-desenvolvimento-com-investimentos-em-tecnologia\\\/#breadcrumb\"},\"inLanguage\":\"pt-BR\",\"potentialAction\":[{\"@type\":\"ReadAction\",\"target\":[\"https:\\\/\\\/regiaonews.net.br\\\/2022\\\/2024\\\/08\\\/14\\\/governo-de-sp-destaca-oportunidades-de-desenvolvimento-com-investimentos-em-tecnologia\\\/\"]}]},{\"@type\":\"ImageObject\",\"inLanguage\":\"pt-BR\",\"@id\":\"https:\\\/\\\/regiaonews.net.br\\\/2022\\\/2024\\\/08\\\/14\\\/governo-de-sp-destaca-oportunidades-de-desenvolvimento-com-investimentos-em-tecnologia\\\/#primaryimage\",\"url\":\"https:\\\/\\\/regiaonews.net.br\\\/2022\\\/wp-content\\\/uploads\\\/2024\\\/08\\\/materia-Data-Centers-1536x924-1.jpg\",\"contentUrl\":\"https:\\\/\\\/regiaonews.net.br\\\/2022\\\/wp-content\\\/uploads\\\/2024\\\/08\\\/materia-Data-Centers-1536x924-1.jpg\",\"width\":1536,\"height\":924},{\"@type\":\"BreadcrumbList\",\"@id\":\"https:\\\/\\\/regiaonews.net.br\\\/2022\\\/2024\\\/08\\\/14\\\/governo-de-sp-destaca-oportunidades-de-desenvolvimento-com-investimentos-em-tecnologia\\\/#breadcrumb\",\"itemListElement\":[{\"@type\":\"ListItem\",\"position\":1,\"name\":\"In\u00edcio\",\"item\":\"https:\\\/\\\/regiaonews.net.br\\\/2022\\\/\"},{\"@type\":\"ListItem\",\"position\":2,\"name\":\"Governo de SP destaca oportunidades de desenvolvimento com investimentos em tecnologia\"}]},{\"@type\":\"WebSite\",\"@id\":\"https:\\\/\\\/regiaonews.net.br\\\/2022\\\/#website\",\"url\":\"https:\\\/\\\/regiaonews.net.br\\\/2022\\\/\",\"name\":\"Regi\u00e3o News\",\"description\":\"Site de Not\u00edcias de Barretos e regi\u00e3o\",\"publisher\":{\"@id\":\"https:\\\/\\\/regiaonews.net.br\\\/2022\\\/#organization\"},\"potentialAction\":[{\"@type\":\"SearchAction\",\"target\":{\"@type\":\"EntryPoint\",\"urlTemplate\":\"https:\\\/\\\/regiaonews.net.br\\\/2022\\\/?s={search_term_string}\"},\"query-input\":{\"@type\":\"PropertyValueSpecification\",\"valueRequired\":true,\"valueName\":\"search_term_string\"}}],\"inLanguage\":\"pt-BR\"},{\"@type\":\"Organization\",\"@id\":\"https:\\\/\\\/regiaonews.net.br\\\/2022\\\/#organization\",\"name\":\"Regi\u00e3o News\",\"url\":\"https:\\\/\\\/regiaonews.net.br\\\/2022\\\/\",\"logo\":{\"@type\":\"ImageObject\",\"inLanguage\":\"pt-BR\",\"@id\":\"https:\\\/\\\/regiaonews.net.br\\\/2022\\\/#\\\/schema\\\/logo\\\/image\\\/\",\"url\":\"https:\\\/\\\/regiaonews.net.br\\\/2022\\\/wp-content\\\/uploads\\\/2026\\\/03\\\/regiao-13-anos-scaled.jpg\",\"contentUrl\":\"https:\\\/\\\/regiaonews.net.br\\\/2022\\\/wp-content\\\/uploads\\\/2026\\\/03\\\/regiao-13-anos-scaled.jpg\",\"width\":2560,\"height\":635,\"caption\":\"Regi\u00e3o News\"},\"image\":{\"@id\":\"https:\\\/\\\/regiaonews.net.br\\\/2022\\\/#\\\/schema\\\/logo\\\/image\\\/\"}},{\"@type\":\"Person\",\"@id\":\"https:\\\/\\\/regiaonews.net.br\\\/2022\\\/#\\\/schema\\\/person\\\/2d205a608a5aa97ac279d7a5e6d89ad8\",\"name\":\"Roberto\",\"image\":{\"@type\":\"ImageObject\",\"inLanguage\":\"pt-BR\",\"@id\":\"https:\\\/\\\/secure.gravatar.com\\\/avatar\\\/42749d8b712ff9d59ca93dc150494e5b55a44134482993f5baeb97e61b7ecc89?s=96&d=mm&r=g\",\"url\":\"https:\\\/\\\/secure.gravatar.com\\\/avatar\\\/42749d8b712ff9d59ca93dc150494e5b55a44134482993f5baeb97e61b7ecc89?s=96&d=mm&r=g\",\"contentUrl\":\"https:\\\/\\\/secure.gravatar.com\\\/avatar\\\/42749d8b712ff9d59ca93dc150494e5b55a44134482993f5baeb97e61b7ecc89?s=96&d=mm&r=g\",\"caption\":\"Roberto\"},\"url\":\"https:\\\/\\\/regiaonews.net.br\\\/2022\\\/author\\\/roberto\\\/\"}]}<\/script>\n<!-- \/ Yoast SEO plugin. -->","yoast_head_json":{"title":"Governo de SP destaca oportunidades de desenvolvimento com investimentos em tecnologia - Regi\u00e3o News","robots":{"index":"index","follow":"follow","max-snippet":"max-snippet:-1","max-image-preview":"max-image-preview:large","max-video-preview":"max-video-preview:-1"},"canonical":"https:\/\/regiaonews.net.br\/2022\/2024\/08\/14\/governo-de-sp-destaca-oportunidades-de-desenvolvimento-com-investimentos-em-tecnologia\/","og_locale":"pt_BR","og_type":"article","og_title":"Governo de SP destaca oportunidades de desenvolvimento com investimentos em tecnologia - Regi\u00e3o News","og_description":"Tarc\u00edsio de Freitas participou em Barueri da inaugura\u00e7\u00e3o da 2\u00aa","og_url":"https:\/\/regiaonews.net.br\/2022\/2024\/08\/14\/governo-de-sp-destaca-oportunidades-de-desenvolvimento-com-investimentos-em-tecnologia\/","og_site_name":"Regi\u00e3o News","article_published_time":"2024-08-14T20:21:59+00:00","og_image":[{"width":1536,"height":924,"url":"https:\/\/regiaonews.net.br\/2022\/wp-content\/uploads\/2024\/08\/materia-Data-Centers-1536x924-1.jpg","type":"image\/jpeg"}],"author":"Roberto","twitter_card":"summary_large_image","twitter_misc":{"Escrito por":"Roberto","Est. tempo de leitura":"3 minutos"},"schema":{"@context":"https:\/\/schema.org","@graph":[{"@type":"Article","@id":"https:\/\/regiaonews.net.br\/2022\/2024\/08\/14\/governo-de-sp-destaca-oportunidades-de-desenvolvimento-com-investimentos-em-tecnologia\/#article","isPartOf":{"@id":"https:\/\/regiaonews.net.br\/2022\/2024\/08\/14\/governo-de-sp-destaca-oportunidades-de-desenvolvimento-com-investimentos-em-tecnologia\/"},"author":{"name":"Roberto","@id":"https:\/\/regiaonews.net.br\/2022\/#\/schema\/person\/2d205a608a5aa97ac279d7a5e6d89ad8"},"headline":"Governo de SP destaca oportunidades de desenvolvimento com investimentos em tecnologia","datePublished":"2024-08-14T20:21:59+00:00","mainEntityOfPage":{"@id":"https:\/\/regiaonews.net.br\/2022\/2024\/08\/14\/governo-de-sp-destaca-oportunidades-de-desenvolvimento-com-investimentos-em-tecnologia\/"},"wordCount":416,"commentCount":0,"publisher":{"@id":"https:\/\/regiaonews.net.br\/2022\/#organization"},"image":{"@id":"https:\/\/regiaonews.net.br\/2022\/2024\/08\/14\/governo-de-sp-destaca-oportunidades-de-desenvolvimento-com-investimentos-em-tecnologia\/#primaryimage"},"thumbnailUrl":"https:\/\/regiaonews.net.br\/2022\/wp-content\/uploads\/2024\/08\/materia-Data-Centers-1536x924-1.jpg","articleSection":["Estado de S\u00e3o Paulo","Geral"],"inLanguage":"pt-BR","potentialAction":[{"@type":"CommentAction","name":"Comment","target":["https:\/\/regiaonews.net.br\/2022\/2024\/08\/14\/governo-de-sp-destaca-oportunidades-de-desenvolvimento-com-investimentos-em-tecnologia\/#respond"]}]},{"@type":"WebPage","@id":"https:\/\/regiaonews.net.br\/2022\/2024\/08\/14\/governo-de-sp-destaca-oportunidades-de-desenvolvimento-com-investimentos-em-tecnologia\/","url":"https:\/\/regiaonews.net.br\/2022\/2024\/08\/14\/governo-de-sp-destaca-oportunidades-de-desenvolvimento-com-investimentos-em-tecnologia\/","name":"Governo de SP destaca oportunidades de desenvolvimento com investimentos em tecnologia - Regi\u00e3o News","isPartOf":{"@id":"https:\/\/regiaonews.net.br\/2022\/#website"},"primaryImageOfPage":{"@id":"https:\/\/regiaonews.net.br\/2022\/2024\/08\/14\/governo-de-sp-destaca-oportunidades-de-desenvolvimento-com-investimentos-em-tecnologia\/#primaryimage"},"image":{"@id":"https:\/\/regiaonews.net.br\/2022\/2024\/08\/14\/governo-de-sp-destaca-oportunidades-de-desenvolvimento-com-investimentos-em-tecnologia\/#primaryimage"},"thumbnailUrl":"https:\/\/regiaonews.net.br\/2022\/wp-content\/uploads\/2024\/08\/materia-Data-Centers-1536x924-1.jpg","datePublished":"2024-08-14T20:21:59+00:00","breadcrumb":{"@id":"https:\/\/regiaonews.net.br\/2022\/2024\/08\/14\/governo-de-sp-destaca-oportunidades-de-desenvolvimento-com-investimentos-em-tecnologia\/#breadcrumb"},"inLanguage":"pt-BR","potentialAction":[{"@type":"ReadAction","target":["https:\/\/regiaonews.net.br\/2022\/2024\/08\/14\/governo-de-sp-destaca-oportunidades-de-desenvolvimento-com-investimentos-em-tecnologia\/"]}]},{"@type":"ImageObject","inLanguage":"pt-BR","@id":"https:\/\/regiaonews.net.br\/2022\/2024\/08\/14\/governo-de-sp-destaca-oportunidades-de-desenvolvimento-com-investimentos-em-tecnologia\/#primaryimage","url":"https:\/\/regiaonews.net.br\/2022\/wp-content\/uploads\/2024\/08\/materia-Data-Centers-1536x924-1.jpg","contentUrl":"https:\/\/regiaonews.net.br\/2022\/wp-content\/uploads\/2024\/08\/materia-Data-Centers-1536x924-1.jpg","width":1536,"height":924},{"@type":"BreadcrumbList","@id":"https:\/\/regiaonews.net.br\/2022\/2024\/08\/14\/governo-de-sp-destaca-oportunidades-de-desenvolvimento-com-investimentos-em-tecnologia\/#breadcrumb","itemListElement":[{"@type":"ListItem","position":1,"name":"In\u00edcio","item":"https:\/\/regiaonews.net.br\/2022\/"},{"@type":"ListItem","position":2,"name":"Governo de SP destaca oportunidades de desenvolvimento com investimentos em tecnologia"}]},{"@type":"WebSite","@id":"https:\/\/regiaonews.net.br\/2022\/#website","url":"https:\/\/regiaonews.net.br\/2022\/","name":"Regi\u00e3o News","description":"Site de Not\u00edcias de Barretos e regi\u00e3o","publisher":{"@id":"https:\/\/regiaonews.net.br\/2022\/#organization"},"potentialAction":[{"@type":"SearchAction","target":{"@type":"EntryPoint","urlTemplate":"https:\/\/regiaonews.net.br\/2022\/?s={search_term_string}"},"query-input":{"@type":"PropertyValueSpecification","valueRequired":true,"valueName":"search_term_string"}}],"inLanguage":"pt-BR"},{"@type":"Organization","@id":"https:\/\/regiaonews.net.br\/2022\/#organization","name":"Regi\u00e3o News","url":"https:\/\/regiaonews.net.br\/2022\/","logo":{"@type":"ImageObject","inLanguage":"pt-BR","@id":"https:\/\/regiaonews.net.br\/2022\/#\/schema\/logo\/image\/","url":"https:\/\/regiaonews.net.br\/2022\/wp-content\/uploads\/2026\/03\/regiao-13-anos-scaled.jpg","contentUrl":"https:\/\/regiaonews.net.br\/2022\/wp-content\/uploads\/2026\/03\/regiao-13-anos-scaled.jpg","width":2560,"height":635,"caption":"Regi\u00e3o News"},"image":{"@id":"https:\/\/regiaonews.net.br\/2022\/#\/schema\/logo\/image\/"}},{"@type":"Person","@id":"https:\/\/regiaonews.net.br\/2022\/#\/schema\/person\/2d205a608a5aa97ac279d7a5e6d89ad8","name":"Roberto","image":{"@type":"ImageObject","inLanguage":"pt-BR","@id":"https:\/\/secure.gravatar.com\/avatar\/42749d8b712ff9d59ca93dc150494e5b55a44134482993f5baeb97e61b7ecc89?s=96&d=mm&r=g","url":"https:\/\/secure.gravatar.com\/avatar\/42749d8b712ff9d59ca93dc150494e5b55a44134482993f5baeb97e61b7ecc89?s=96&d=mm&r=g","contentUrl":"https:\/\/secure.gravatar.com\/avatar\/42749d8b712ff9d59ca93dc150494e5b55a44134482993f5baeb97e61b7ecc89?s=96&d=mm&r=g","caption":"Roberto"},"url":"https:\/\/regiaonews.net.br\/2022\/author\/roberto\/"}]}},"publishpress_future_action":{"enabled":false,"date":"2026-05-03 23:31:49","action":"change-status","newStatus":"draft","terms":[],"taxonomy":"category","extraData":[]},"publishpress_future_workflow_manual_trigger":{"enabledWorkflows":[]},"_links":{"self":[{"href":"https:\/\/regiaonews.net.br\/2022\/wp-json\/wp\/v2\/posts\/108788","targetHints":{"allow":["GET"]}}],"collection":[{"href":"https:\/\/regiaonews.net.br\/2022\/wp-json\/wp\/v2\/posts"}],"about":[{"href":"https:\/\/regiaonews.net.br\/2022\/wp-json\/wp\/v2\/types\/post"}],"author":[{"embeddable":true,"href":"https:\/\/regiaonews.net.br\/2022\/wp-json\/wp\/v2\/users\/2"}],"replies":[{"embeddable":true,"href":"https:\/\/regiaonews.net.br\/2022\/wp-json\/wp\/v2\/comments?post=108788"}],"version-history":[{"count":1,"href":"https:\/\/regiaonews.net.br\/2022\/wp-json\/wp\/v2\/posts\/108788\/revisions"}],"predecessor-version":[{"id":108790,"href":"https:\/\/regiaonews.net.br\/2022\/wp-json\/wp\/v2\/posts\/108788\/revisions\/108790"}],"wp:featuredmedia":[{"embeddable":true,"href":"https:\/\/regiaonews.net.br\/2022\/wp-json\/wp\/v2\/media\/108789"}],"wp:attachment":[{"href":"https:\/\/regiaonews.net.br\/2022\/wp-json\/wp\/v2\/media?parent=108788"}],"wp:term":[{"taxonomy":"category","embeddable":true,"href":"https:\/\/regiaonews.net.br\/2022\/wp-json\/wp\/v2\/categories?post=108788"},{"taxonomy":"post_tag","embeddable":true,"href":"https:\/\/regiaonews.net.br\/2022\/wp-json\/wp\/v2\/tags?post=108788"}],"curies":[{"name":"wp","href":"https:\/\/api.w.org\/{rel}","templated":true}]}}