{"id":108748,"date":"2024-08-13T15:41:18","date_gmt":"2024-08-13T18:41:18","guid":{"rendered":"https:\/\/regiaonews.net.br\/2022\/?p=108748"},"modified":"2024-08-13T15:41:18","modified_gmt":"2024-08-13T18:41:18","slug":"reuniao-discute-plano-de-enfrentamento-das-queimadas","status":"publish","type":"post","link":"https:\/\/regiaonews.net.br\/2022\/2024\/08\/13\/reuniao-discute-plano-de-enfrentamento-das-queimadas\/","title":{"rendered":"Reuni\u00e3o discute plano de enfrentamento das queimadas"},"content":{"rendered":"<p>Uma importante reuni\u00e3o realizada na manh\u00e3 desta segunda-feira (12), no Sindicato Rural do Vale do Rio Grande tratou da implanta\u00e7\u00e3o do PAM \u2013 Plano de Atua\u00e7\u00e3o M\u00fatua abrangendo os munic\u00edpios de Barretos, Colina, Col\u00f4mbia e Jaborandi que est\u00e3o na \u00e1rea de abrang\u00eancia do sindicato. Participaram da reuni\u00e3o, os diretores do Sindicato e FAESP, Defesa Civil de Colina e Col\u00f4mbia, Usina Ra\u00edzen, CATI e produtores rurais.<br \/>\nO tesoureiro do Sindicato Rural do Vale do Rio Grande, Ant\u00f4nio Roberto Filisbino, disse que a inten\u00e7\u00e3o desta segunda reuni\u00e3o foi discutir a implanta\u00e7\u00e3o do PAM (Plano de Atua\u00e7\u00e3o M\u00fatua), principalmente em Barretos que \u00e9 uma das cidades mais quentes do Brasil. \u201cO fogo quando come\u00e7a em uma propriedade rural, rapidamente ele se alastra porque geralmente tem muita massa seca (palhada de cana, pastagem) e nesta \u00e9poca do ano temos muito vento, o que acaba contribuindo para aumentar os danos. A capta\u00e7\u00e3o de \u00e1gua em \u00e1rea de APP (\u00e1rea de preserva\u00e7\u00e3o permanente) \u00e9 proibida, o que acaba dificultando o combate a inc\u00eandios florestais, pois em muitos casos a dist\u00e2ncia entre as frentes de combate e o ponto onde se pode captar a \u00e1gua \u00e9 muito distante, com a demora o fogo se alastra ainda mais, aumentando os preju\u00edzos ambientais e econ\u00f4micos. A alternativa seria a libera\u00e7\u00e3o de pontos estrat\u00e9gicos de capta\u00e7\u00e3o pelos \u00f3rg\u00e3os respons\u00e1veis, j\u00e1 ajudaria muito no controle de focos de inc\u00eandios\u201d, disse Filisbino.<br \/>\nO diretor do Sindicato Rural e vice-presidente da FAESP, Cyro Penna J\u00fanior, disse que os inc\u00eandios \u00e9 uma grande preocupa\u00e7\u00e3o do Sindicato, FAESP, Usinas, produtores e da sociedade. \u201cA nossa regi\u00e3o tem muita cana-de-a\u00e7\u00facar econ\u00f4mica e social muito grande. A gente tem que diferenciar as queimadas controladas que n\u00e3o s\u00e3o permitidas, e os inc\u00eandios criminosos e acidentais que acontecem atualmente. Estamos construindo esse movimento para ver se a gente consegue debelar e minimizar os impactos que estes inc\u00eandios proporcionam aos produtores rurais\u201d, afirmou Cyro.<br \/>\nA produtora rural Suelen Carlomagno, que tamb\u00e9m est\u00e1 \u00e0 frente do movimento, afirmou que a regi\u00e3o de Barretos \u00e9 conhecida como uma \u00e1rea de sert\u00e3o e h\u00e1 duas semanas foi a regi\u00e3o mais seca do pa\u00eds. \u201cDiante desse cen\u00e1rio di\u00e1rio de produ\u00e7\u00e3o rural e de cana, estando muito seco, facilita a propaga\u00e7\u00e3o do fogo. Ao contr\u00e1rio do que as pessoas pensam, 90% dos inc\u00eandios s\u00e3o em consequ\u00eancia do comportamento humano\u201d, afirmou. Para ela, \u00e9 importante a implanta\u00e7\u00e3o de uma log\u00edstica para juntar os caminh\u00f5es e as equipes das usinas para apagar esses inc\u00eandios. \u201cN\u00e3o estamos dando conta dessa demanda, estamos organizando essa a\u00e7\u00e3o, junto com as usinas e as associa\u00e7\u00f5es, para ver os lugares de capta\u00e7\u00e3o de \u00e1gua, onde est\u00e3o os caminh\u00f5es e as dificuldades de chegar nas propriedades. Estamos tentando agilizar esse processo para que no ano que vem, possa caminhar de uma forma mais s\u00f3lida\u201d, explicou\u00a0Suelen.<\/p>\n","protected":false},"excerpt":{"rendered":"<p>Uma importante reuni\u00e3o realizada na manh\u00e3 desta segunda-feira (12), no<\/p>\n","protected":false},"author":2,"featured_media":108749,"comment_status":"open","ping_status":"open","sticky":false,"template":"","format":"standard","meta":{"footnotes":""},"categories":[14,3],"tags":[],"class_list":["post-108748","post","type-post","status-publish","format-standard","has-post-thumbnail","hentry","category-barretos","category-geral"],"yoast_head":"<!-- This site is optimized with the Yoast SEO plugin v27.4 - https:\/\/yoast.com\/product\/yoast-seo-wordpress\/ -->\n<title>Reuni\u00e3o discute plano de enfrentamento das queimadas - Regi\u00e3o News<\/title>\n<meta name=\"robots\" content=\"index, follow, max-snippet:-1, max-image-preview:large, max-video-preview:-1\" \/>\n<link rel=\"canonical\" href=\"https:\/\/regiaonews.net.br\/2022\/2024\/08\/13\/reuniao-discute-plano-de-enfrentamento-das-queimadas\/\" \/>\n<meta property=\"og:locale\" content=\"pt_BR\" \/>\n<meta property=\"og:type\" content=\"article\" \/>\n<meta property=\"og:title\" content=\"Reuni\u00e3o discute plano de enfrentamento das queimadas - Regi\u00e3o News\" \/>\n<meta property=\"og:description\" content=\"Uma importante reuni\u00e3o realizada na manh\u00e3 desta segunda-feira (12), no\" \/>\n<meta property=\"og:url\" content=\"https:\/\/regiaonews.net.br\/2022\/2024\/08\/13\/reuniao-discute-plano-de-enfrentamento-das-queimadas\/\" \/>\n<meta property=\"og:site_name\" content=\"Regi\u00e3o News\" \/>\n<meta property=\"article:published_time\" content=\"2024-08-13T18:41:18+00:00\" \/>\n<meta property=\"og:image\" content=\"https:\/\/regiaonews.net.br\/2022\/wp-content\/uploads\/2024\/08\/Imagem-do-WhatsApp-de-2024-08-13-as-15.34.21_c17871a1.jpg\" \/>\n\t<meta property=\"og:image:width\" content=\"1600\" \/>\n\t<meta property=\"og:image:height\" content=\"1069\" \/>\n\t<meta property=\"og:image:type\" content=\"image\/jpeg\" \/>\n<meta name=\"author\" content=\"Roberto\" \/>\n<meta name=\"twitter:card\" content=\"summary_large_image\" \/>\n<meta name=\"twitter:label1\" content=\"Escrito por\" \/>\n\t<meta name=\"twitter:data1\" content=\"Roberto\" \/>\n\t<meta name=\"twitter:label2\" content=\"Est. tempo de leitura\" \/>\n\t<meta name=\"twitter:data2\" content=\"3 minutos\" \/>\n<script type=\"application\/ld+json\" class=\"yoast-schema-graph\">{\"@context\":\"https:\\\/\\\/schema.org\",\"@graph\":[{\"@type\":\"Article\",\"@id\":\"https:\\\/\\\/regiaonews.net.br\\\/2022\\\/2024\\\/08\\\/13\\\/reuniao-discute-plano-de-enfrentamento-das-queimadas\\\/#article\",\"isPartOf\":{\"@id\":\"https:\\\/\\\/regiaonews.net.br\\\/2022\\\/2024\\\/08\\\/13\\\/reuniao-discute-plano-de-enfrentamento-das-queimadas\\\/\"},\"author\":{\"name\":\"Roberto\",\"@id\":\"https:\\\/\\\/regiaonews.net.br\\\/2022\\\/#\\\/schema\\\/person\\\/2d205a608a5aa97ac279d7a5e6d89ad8\"},\"headline\":\"Reuni\u00e3o discute plano de enfrentamento das queimadas\",\"datePublished\":\"2024-08-13T18:41:18+00:00\",\"mainEntityOfPage\":{\"@id\":\"https:\\\/\\\/regiaonews.net.br\\\/2022\\\/2024\\\/08\\\/13\\\/reuniao-discute-plano-de-enfrentamento-das-queimadas\\\/\"},\"wordCount\":525,\"commentCount\":0,\"publisher\":{\"@id\":\"https:\\\/\\\/regiaonews.net.br\\\/2022\\\/#organization\"},\"image\":{\"@id\":\"https:\\\/\\\/regiaonews.net.br\\\/2022\\\/2024\\\/08\\\/13\\\/reuniao-discute-plano-de-enfrentamento-das-queimadas\\\/#primaryimage\"},\"thumbnailUrl\":\"https:\\\/\\\/regiaonews.net.br\\\/2022\\\/wp-content\\\/uploads\\\/2024\\\/08\\\/Imagem-do-WhatsApp-de-2024-08-13-as-15.34.21_c17871a1.jpg\",\"articleSection\":[\"Barretos\",\"Geral\"],\"inLanguage\":\"pt-BR\",\"potentialAction\":[{\"@type\":\"CommentAction\",\"name\":\"Comment\",\"target\":[\"https:\\\/\\\/regiaonews.net.br\\\/2022\\\/2024\\\/08\\\/13\\\/reuniao-discute-plano-de-enfrentamento-das-queimadas\\\/#respond\"]}]},{\"@type\":\"WebPage\",\"@id\":\"https:\\\/\\\/regiaonews.net.br\\\/2022\\\/2024\\\/08\\\/13\\\/reuniao-discute-plano-de-enfrentamento-das-queimadas\\\/\",\"url\":\"https:\\\/\\\/regiaonews.net.br\\\/2022\\\/2024\\\/08\\\/13\\\/reuniao-discute-plano-de-enfrentamento-das-queimadas\\\/\",\"name\":\"Reuni\u00e3o discute plano de enfrentamento das queimadas - Regi\u00e3o News\",\"isPartOf\":{\"@id\":\"https:\\\/\\\/regiaonews.net.br\\\/2022\\\/#website\"},\"primaryImageOfPage\":{\"@id\":\"https:\\\/\\\/regiaonews.net.br\\\/2022\\\/2024\\\/08\\\/13\\\/reuniao-discute-plano-de-enfrentamento-das-queimadas\\\/#primaryimage\"},\"image\":{\"@id\":\"https:\\\/\\\/regiaonews.net.br\\\/2022\\\/2024\\\/08\\\/13\\\/reuniao-discute-plano-de-enfrentamento-das-queimadas\\\/#primaryimage\"},\"thumbnailUrl\":\"https:\\\/\\\/regiaonews.net.br\\\/2022\\\/wp-content\\\/uploads\\\/2024\\\/08\\\/Imagem-do-WhatsApp-de-2024-08-13-as-15.34.21_c17871a1.jpg\",\"datePublished\":\"2024-08-13T18:41:18+00:00\",\"breadcrumb\":{\"@id\":\"https:\\\/\\\/regiaonews.net.br\\\/2022\\\/2024\\\/08\\\/13\\\/reuniao-discute-plano-de-enfrentamento-das-queimadas\\\/#breadcrumb\"},\"inLanguage\":\"pt-BR\",\"potentialAction\":[{\"@type\":\"ReadAction\",\"target\":[\"https:\\\/\\\/regiaonews.net.br\\\/2022\\\/2024\\\/08\\\/13\\\/reuniao-discute-plano-de-enfrentamento-das-queimadas\\\/\"]}]},{\"@type\":\"ImageObject\",\"inLanguage\":\"pt-BR\",\"@id\":\"https:\\\/\\\/regiaonews.net.br\\\/2022\\\/2024\\\/08\\\/13\\\/reuniao-discute-plano-de-enfrentamento-das-queimadas\\\/#primaryimage\",\"url\":\"https:\\\/\\\/regiaonews.net.br\\\/2022\\\/wp-content\\\/uploads\\\/2024\\\/08\\\/Imagem-do-WhatsApp-de-2024-08-13-as-15.34.21_c17871a1.jpg\",\"contentUrl\":\"https:\\\/\\\/regiaonews.net.br\\\/2022\\\/wp-content\\\/uploads\\\/2024\\\/08\\\/Imagem-do-WhatsApp-de-2024-08-13-as-15.34.21_c17871a1.jpg\",\"width\":1600,\"height\":1069},{\"@type\":\"BreadcrumbList\",\"@id\":\"https:\\\/\\\/regiaonews.net.br\\\/2022\\\/2024\\\/08\\\/13\\\/reuniao-discute-plano-de-enfrentamento-das-queimadas\\\/#breadcrumb\",\"itemListElement\":[{\"@type\":\"ListItem\",\"position\":1,\"name\":\"In\u00edcio\",\"item\":\"https:\\\/\\\/regiaonews.net.br\\\/2022\\\/\"},{\"@type\":\"ListItem\",\"position\":2,\"name\":\"Reuni\u00e3o discute plano de enfrentamento das queimadas\"}]},{\"@type\":\"WebSite\",\"@id\":\"https:\\\/\\\/regiaonews.net.br\\\/2022\\\/#website\",\"url\":\"https:\\\/\\\/regiaonews.net.br\\\/2022\\\/\",\"name\":\"Regi\u00e3o News\",\"description\":\"Site de Not\u00edcias de Barretos e regi\u00e3o\",\"publisher\":{\"@id\":\"https:\\\/\\\/regiaonews.net.br\\\/2022\\\/#organization\"},\"potentialAction\":[{\"@type\":\"SearchAction\",\"target\":{\"@type\":\"EntryPoint\",\"urlTemplate\":\"https:\\\/\\\/regiaonews.net.br\\\/2022\\\/?s={search_term_string}\"},\"query-input\":{\"@type\":\"PropertyValueSpecification\",\"valueRequired\":true,\"valueName\":\"search_term_string\"}}],\"inLanguage\":\"pt-BR\"},{\"@type\":\"Organization\",\"@id\":\"https:\\\/\\\/regiaonews.net.br\\\/2022\\\/#organization\",\"name\":\"Regi\u00e3o News\",\"url\":\"https:\\\/\\\/regiaonews.net.br\\\/2022\\\/\",\"logo\":{\"@type\":\"ImageObject\",\"inLanguage\":\"pt-BR\",\"@id\":\"https:\\\/\\\/regiaonews.net.br\\\/2022\\\/#\\\/schema\\\/logo\\\/image\\\/\",\"url\":\"https:\\\/\\\/regiaonews.net.br\\\/2022\\\/wp-content\\\/uploads\\\/2026\\\/03\\\/regiao-13-anos-scaled.jpg\",\"contentUrl\":\"https:\\\/\\\/regiaonews.net.br\\\/2022\\\/wp-content\\\/uploads\\\/2026\\\/03\\\/regiao-13-anos-scaled.jpg\",\"width\":2560,\"height\":635,\"caption\":\"Regi\u00e3o News\"},\"image\":{\"@id\":\"https:\\\/\\\/regiaonews.net.br\\\/2022\\\/#\\\/schema\\\/logo\\\/image\\\/\"}},{\"@type\":\"Person\",\"@id\":\"https:\\\/\\\/regiaonews.net.br\\\/2022\\\/#\\\/schema\\\/person\\\/2d205a608a5aa97ac279d7a5e6d89ad8\",\"name\":\"Roberto\",\"image\":{\"@type\":\"ImageObject\",\"inLanguage\":\"pt-BR\",\"@id\":\"https:\\\/\\\/secure.gravatar.com\\\/avatar\\\/42749d8b712ff9d59ca93dc150494e5b55a44134482993f5baeb97e61b7ecc89?s=96&d=mm&r=g\",\"url\":\"https:\\\/\\\/secure.gravatar.com\\\/avatar\\\/42749d8b712ff9d59ca93dc150494e5b55a44134482993f5baeb97e61b7ecc89?s=96&d=mm&r=g\",\"contentUrl\":\"https:\\\/\\\/secure.gravatar.com\\\/avatar\\\/42749d8b712ff9d59ca93dc150494e5b55a44134482993f5baeb97e61b7ecc89?s=96&d=mm&r=g\",\"caption\":\"Roberto\"},\"url\":\"https:\\\/\\\/regiaonews.net.br\\\/2022\\\/author\\\/roberto\\\/\"}]}<\/script>\n<!-- \/ Yoast SEO plugin. -->","yoast_head_json":{"title":"Reuni\u00e3o discute plano de enfrentamento das queimadas - Regi\u00e3o News","robots":{"index":"index","follow":"follow","max-snippet":"max-snippet:-1","max-image-preview":"max-image-preview:large","max-video-preview":"max-video-preview:-1"},"canonical":"https:\/\/regiaonews.net.br\/2022\/2024\/08\/13\/reuniao-discute-plano-de-enfrentamento-das-queimadas\/","og_locale":"pt_BR","og_type":"article","og_title":"Reuni\u00e3o discute plano de enfrentamento das queimadas - Regi\u00e3o News","og_description":"Uma importante reuni\u00e3o realizada na manh\u00e3 desta segunda-feira (12), no","og_url":"https:\/\/regiaonews.net.br\/2022\/2024\/08\/13\/reuniao-discute-plano-de-enfrentamento-das-queimadas\/","og_site_name":"Regi\u00e3o News","article_published_time":"2024-08-13T18:41:18+00:00","og_image":[{"width":1600,"height":1069,"url":"https:\/\/regiaonews.net.br\/2022\/wp-content\/uploads\/2024\/08\/Imagem-do-WhatsApp-de-2024-08-13-as-15.34.21_c17871a1.jpg","type":"image\/jpeg"}],"author":"Roberto","twitter_card":"summary_large_image","twitter_misc":{"Escrito por":"Roberto","Est. tempo de leitura":"3 minutos"},"schema":{"@context":"https:\/\/schema.org","@graph":[{"@type":"Article","@id":"https:\/\/regiaonews.net.br\/2022\/2024\/08\/13\/reuniao-discute-plano-de-enfrentamento-das-queimadas\/#article","isPartOf":{"@id":"https:\/\/regiaonews.net.br\/2022\/2024\/08\/13\/reuniao-discute-plano-de-enfrentamento-das-queimadas\/"},"author":{"name":"Roberto","@id":"https:\/\/regiaonews.net.br\/2022\/#\/schema\/person\/2d205a608a5aa97ac279d7a5e6d89ad8"},"headline":"Reuni\u00e3o discute plano de enfrentamento das queimadas","datePublished":"2024-08-13T18:41:18+00:00","mainEntityOfPage":{"@id":"https:\/\/regiaonews.net.br\/2022\/2024\/08\/13\/reuniao-discute-plano-de-enfrentamento-das-queimadas\/"},"wordCount":525,"commentCount":0,"publisher":{"@id":"https:\/\/regiaonews.net.br\/2022\/#organization"},"image":{"@id":"https:\/\/regiaonews.net.br\/2022\/2024\/08\/13\/reuniao-discute-plano-de-enfrentamento-das-queimadas\/#primaryimage"},"thumbnailUrl":"https:\/\/regiaonews.net.br\/2022\/wp-content\/uploads\/2024\/08\/Imagem-do-WhatsApp-de-2024-08-13-as-15.34.21_c17871a1.jpg","articleSection":["Barretos","Geral"],"inLanguage":"pt-BR","potentialAction":[{"@type":"CommentAction","name":"Comment","target":["https:\/\/regiaonews.net.br\/2022\/2024\/08\/13\/reuniao-discute-plano-de-enfrentamento-das-queimadas\/#respond"]}]},{"@type":"WebPage","@id":"https:\/\/regiaonews.net.br\/2022\/2024\/08\/13\/reuniao-discute-plano-de-enfrentamento-das-queimadas\/","url":"https:\/\/regiaonews.net.br\/2022\/2024\/08\/13\/reuniao-discute-plano-de-enfrentamento-das-queimadas\/","name":"Reuni\u00e3o discute plano de enfrentamento das queimadas - Regi\u00e3o News","isPartOf":{"@id":"https:\/\/regiaonews.net.br\/2022\/#website"},"primaryImageOfPage":{"@id":"https:\/\/regiaonews.net.br\/2022\/2024\/08\/13\/reuniao-discute-plano-de-enfrentamento-das-queimadas\/#primaryimage"},"image":{"@id":"https:\/\/regiaonews.net.br\/2022\/2024\/08\/13\/reuniao-discute-plano-de-enfrentamento-das-queimadas\/#primaryimage"},"thumbnailUrl":"https:\/\/regiaonews.net.br\/2022\/wp-content\/uploads\/2024\/08\/Imagem-do-WhatsApp-de-2024-08-13-as-15.34.21_c17871a1.jpg","datePublished":"2024-08-13T18:41:18+00:00","breadcrumb":{"@id":"https:\/\/regiaonews.net.br\/2022\/2024\/08\/13\/reuniao-discute-plano-de-enfrentamento-das-queimadas\/#breadcrumb"},"inLanguage":"pt-BR","potentialAction":[{"@type":"ReadAction","target":["https:\/\/regiaonews.net.br\/2022\/2024\/08\/13\/reuniao-discute-plano-de-enfrentamento-das-queimadas\/"]}]},{"@type":"ImageObject","inLanguage":"pt-BR","@id":"https:\/\/regiaonews.net.br\/2022\/2024\/08\/13\/reuniao-discute-plano-de-enfrentamento-das-queimadas\/#primaryimage","url":"https:\/\/regiaonews.net.br\/2022\/wp-content\/uploads\/2024\/08\/Imagem-do-WhatsApp-de-2024-08-13-as-15.34.21_c17871a1.jpg","contentUrl":"https:\/\/regiaonews.net.br\/2022\/wp-content\/uploads\/2024\/08\/Imagem-do-WhatsApp-de-2024-08-13-as-15.34.21_c17871a1.jpg","width":1600,"height":1069},{"@type":"BreadcrumbList","@id":"https:\/\/regiaonews.net.br\/2022\/2024\/08\/13\/reuniao-discute-plano-de-enfrentamento-das-queimadas\/#breadcrumb","itemListElement":[{"@type":"ListItem","position":1,"name":"In\u00edcio","item":"https:\/\/regiaonews.net.br\/2022\/"},{"@type":"ListItem","position":2,"name":"Reuni\u00e3o discute plano de enfrentamento das queimadas"}]},{"@type":"WebSite","@id":"https:\/\/regiaonews.net.br\/2022\/#website","url":"https:\/\/regiaonews.net.br\/2022\/","name":"Regi\u00e3o News","description":"Site de Not\u00edcias de Barretos e regi\u00e3o","publisher":{"@id":"https:\/\/regiaonews.net.br\/2022\/#organization"},"potentialAction":[{"@type":"SearchAction","target":{"@type":"EntryPoint","urlTemplate":"https:\/\/regiaonews.net.br\/2022\/?s={search_term_string}"},"query-input":{"@type":"PropertyValueSpecification","valueRequired":true,"valueName":"search_term_string"}}],"inLanguage":"pt-BR"},{"@type":"Organization","@id":"https:\/\/regiaonews.net.br\/2022\/#organization","name":"Regi\u00e3o News","url":"https:\/\/regiaonews.net.br\/2022\/","logo":{"@type":"ImageObject","inLanguage":"pt-BR","@id":"https:\/\/regiaonews.net.br\/2022\/#\/schema\/logo\/image\/","url":"https:\/\/regiaonews.net.br\/2022\/wp-content\/uploads\/2026\/03\/regiao-13-anos-scaled.jpg","contentUrl":"https:\/\/regiaonews.net.br\/2022\/wp-content\/uploads\/2026\/03\/regiao-13-anos-scaled.jpg","width":2560,"height":635,"caption":"Regi\u00e3o News"},"image":{"@id":"https:\/\/regiaonews.net.br\/2022\/#\/schema\/logo\/image\/"}},{"@type":"Person","@id":"https:\/\/regiaonews.net.br\/2022\/#\/schema\/person\/2d205a608a5aa97ac279d7a5e6d89ad8","name":"Roberto","image":{"@type":"ImageObject","inLanguage":"pt-BR","@id":"https:\/\/secure.gravatar.com\/avatar\/42749d8b712ff9d59ca93dc150494e5b55a44134482993f5baeb97e61b7ecc89?s=96&d=mm&r=g","url":"https:\/\/secure.gravatar.com\/avatar\/42749d8b712ff9d59ca93dc150494e5b55a44134482993f5baeb97e61b7ecc89?s=96&d=mm&r=g","contentUrl":"https:\/\/secure.gravatar.com\/avatar\/42749d8b712ff9d59ca93dc150494e5b55a44134482993f5baeb97e61b7ecc89?s=96&d=mm&r=g","caption":"Roberto"},"url":"https:\/\/regiaonews.net.br\/2022\/author\/roberto\/"}]}},"publishpress_future_action":{"enabled":false,"date":"2026-05-03 10:14:19","action":"change-status","newStatus":"draft","terms":[],"taxonomy":"category","extraData":[]},"publishpress_future_workflow_manual_trigger":{"enabledWorkflows":[]},"_links":{"self":[{"href":"https:\/\/regiaonews.net.br\/2022\/wp-json\/wp\/v2\/posts\/108748","targetHints":{"allow":["GET"]}}],"collection":[{"href":"https:\/\/regiaonews.net.br\/2022\/wp-json\/wp\/v2\/posts"}],"about":[{"href":"https:\/\/regiaonews.net.br\/2022\/wp-json\/wp\/v2\/types\/post"}],"author":[{"embeddable":true,"href":"https:\/\/regiaonews.net.br\/2022\/wp-json\/wp\/v2\/users\/2"}],"replies":[{"embeddable":true,"href":"https:\/\/regiaonews.net.br\/2022\/wp-json\/wp\/v2\/comments?post=108748"}],"version-history":[{"count":1,"href":"https:\/\/regiaonews.net.br\/2022\/wp-json\/wp\/v2\/posts\/108748\/revisions"}],"predecessor-version":[{"id":108750,"href":"https:\/\/regiaonews.net.br\/2022\/wp-json\/wp\/v2\/posts\/108748\/revisions\/108750"}],"wp:featuredmedia":[{"embeddable":true,"href":"https:\/\/regiaonews.net.br\/2022\/wp-json\/wp\/v2\/media\/108749"}],"wp:attachment":[{"href":"https:\/\/regiaonews.net.br\/2022\/wp-json\/wp\/v2\/media?parent=108748"}],"wp:term":[{"taxonomy":"category","embeddable":true,"href":"https:\/\/regiaonews.net.br\/2022\/wp-json\/wp\/v2\/categories?post=108748"},{"taxonomy":"post_tag","embeddable":true,"href":"https:\/\/regiaonews.net.br\/2022\/wp-json\/wp\/v2\/tags?post=108748"}],"curies":[{"name":"wp","href":"https:\/\/api.w.org\/{rel}","templated":true}]}}