{"id":108742,"date":"2024-08-13T15:39:28","date_gmt":"2024-08-13T18:39:28","guid":{"rendered":"https:\/\/regiaonews.net.br\/2022\/?p=108742"},"modified":"2024-08-13T16:53:50","modified_gmt":"2024-08-13T19:53:50","slug":"boletim-acidente-aereo-em-vinhedo-13-08-as-10h","status":"publish","type":"post","link":"https:\/\/regiaonews.net.br\/2022\/2024\/08\/13\/boletim-acidente-aereo-em-vinhedo-13-08-as-10h\/","title":{"rendered":"35 corpos das v\u00edtimas do acidente \u00e1ereo de Vinhedo j\u00e1 foram identificadas"},"content":{"rendered":"<p>A unidade Central do Instituto M\u00e9dico Legal (IML) segue trabalhando exclusivamente na identifica\u00e7\u00e3o dos corpos das v\u00edtimas do acidente a\u00e9reo Voepass Linhas A\u00e9reas, ocorrido na tarde da \u00faltima sexta-feira (9), em Vinhedo, no interior de S\u00e3o Paulo. At\u00e9 o momento, 35 corpos foram identificados, dos quais 17 foram liberados aos familiares, que s\u00e3o os primeiros a serem comunicados sobre o andamento do trabalho de reconhecimento. Os outros 18 est\u00e3o em processo de libera\u00e7\u00e3o e aguardam documenta\u00e7\u00e3o complementar.<\/p>\n<p>As equipes do Governo de S\u00e3o Paulo seguem atendendo as fam\u00edlias de v\u00edtimas no Instituto Oscar Freire, espa\u00e7o localizado pr\u00f3ximo ao IML. Nestes atendimentos, os familiares fornecem informa\u00e7\u00f5es que subsidiam o trabalho dos peritos, al\u00e9m de material biol\u00f3gico.<\/p>\n<p>Mais de 40 m\u00e9dicos, equipes de odontologia legal, antropologia e radiologia trabalham na identifica\u00e7\u00e3o dos corpos das v\u00edtimas do acidente a\u00e9reo, com apoio de equipes do Instituto de Identifica\u00e7\u00e3o Ricardo Gumbleton Daunt \u2013 IIRGD. Cabe destacar que toda a retirada de corpos foi realizada por peritos do IC e IML, com apoio do Corpo de Bombeiros, seguindo protocolos internacionais com a finalidade de preservar ao m\u00e1ximo as v\u00edtimas, visando uma identifica\u00e7\u00e3o mais \u00e1gil. Mesmo assim, cada caso possui sua complexidade e cada v\u00edtima necessita de exames espec\u00edficos para viabilizar a total identifica\u00e7\u00e3o, n\u00e3o sendo poss\u00edvel estimar prazos para que isso ocorra.<\/p>\n<p>Inqu\u00e9rito policial<br \/>\nA Policia Civil de S\u00e3o Paulo, por meio da Delegacia de Vinhedo, instaurou inqu\u00e9rito policial para investigar o acidente a\u00e9reo, em paralelo \u00e0s investiga\u00e7\u00f5es do Centro de Investiga\u00e7\u00e3o e Preven\u00e7\u00e3o de Acidentes Aeron\u00e1uticos (Cenipa). As dilig\u00eancias est\u00e3o em andamento com o objetivo de esclarecer os fatos.<\/p>\n<p>&nbsp;<\/p>\n","protected":false},"excerpt":{"rendered":"<p>A unidade Central do Instituto M\u00e9dico Legal (IML) segue trabalhando<\/p>\n","protected":false},"author":2,"featured_media":108743,"comment_status":"open","ping_status":"open","sticky":false,"template":"","format":"standard","meta":{"footnotes":""},"categories":[24,3],"tags":[],"class_list":["post-108742","post","type-post","status-publish","format-standard","has-post-thumbnail","hentry","category-brasil","category-geral"],"yoast_head":"<!-- This site is optimized with the Yoast SEO plugin v27.4 - https:\/\/yoast.com\/product\/yoast-seo-wordpress\/ -->\n<title>35 corpos das v\u00edtimas do acidente \u00e1ereo de Vinhedo j\u00e1 foram identificadas - Regi\u00e3o News<\/title>\n<meta name=\"robots\" content=\"index, follow, max-snippet:-1, max-image-preview:large, max-video-preview:-1\" \/>\n<link rel=\"canonical\" href=\"https:\/\/regiaonews.net.br\/2022\/2024\/08\/13\/boletim-acidente-aereo-em-vinhedo-13-08-as-10h\/\" \/>\n<meta property=\"og:locale\" content=\"pt_BR\" \/>\n<meta property=\"og:type\" content=\"article\" \/>\n<meta property=\"og:title\" content=\"35 corpos das v\u00edtimas do acidente \u00e1ereo de Vinhedo j\u00e1 foram identificadas - Regi\u00e3o News\" \/>\n<meta property=\"og:description\" content=\"A unidade Central do Instituto M\u00e9dico Legal (IML) segue trabalhando\" \/>\n<meta property=\"og:url\" content=\"https:\/\/regiaonews.net.br\/2022\/2024\/08\/13\/boletim-acidente-aereo-em-vinhedo-13-08-as-10h\/\" \/>\n<meta property=\"og:site_name\" content=\"Regi\u00e3o News\" \/>\n<meta property=\"article:published_time\" content=\"2024-08-13T18:39:28+00:00\" \/>\n<meta property=\"article:modified_time\" content=\"2024-08-13T19:53:50+00:00\" \/>\n<meta property=\"og:image\" content=\"https:\/\/regiaonews.net.br\/2022\/wp-content\/uploads\/2024\/08\/images-1.jpeg\" \/>\n\t<meta property=\"og:image:width\" content=\"300\" \/>\n\t<meta property=\"og:image:height\" content=\"168\" \/>\n\t<meta property=\"og:image:type\" content=\"image\/jpeg\" \/>\n<meta name=\"author\" content=\"Roberto\" \/>\n<meta name=\"twitter:card\" content=\"summary_large_image\" \/>\n<meta name=\"twitter:label1\" content=\"Escrito por\" \/>\n\t<meta name=\"twitter:data1\" content=\"Roberto\" \/>\n\t<meta name=\"twitter:label2\" content=\"Est. tempo de leitura\" \/>\n\t<meta name=\"twitter:data2\" content=\"2 minutos\" \/>\n<script type=\"application\/ld+json\" class=\"yoast-schema-graph\">{\"@context\":\"https:\\\/\\\/schema.org\",\"@graph\":[{\"@type\":\"Article\",\"@id\":\"https:\\\/\\\/regiaonews.net.br\\\/2022\\\/2024\\\/08\\\/13\\\/boletim-acidente-aereo-em-vinhedo-13-08-as-10h\\\/#article\",\"isPartOf\":{\"@id\":\"https:\\\/\\\/regiaonews.net.br\\\/2022\\\/2024\\\/08\\\/13\\\/boletim-acidente-aereo-em-vinhedo-13-08-as-10h\\\/\"},\"author\":{\"name\":\"Roberto\",\"@id\":\"https:\\\/\\\/regiaonews.net.br\\\/2022\\\/#\\\/schema\\\/person\\\/2d205a608a5aa97ac279d7a5e6d89ad8\"},\"headline\":\"35 corpos das v\u00edtimas do acidente \u00e1ereo de Vinhedo j\u00e1 foram identificadas\",\"datePublished\":\"2024-08-13T18:39:28+00:00\",\"dateModified\":\"2024-08-13T19:53:50+00:00\",\"mainEntityOfPage\":{\"@id\":\"https:\\\/\\\/regiaonews.net.br\\\/2022\\\/2024\\\/08\\\/13\\\/boletim-acidente-aereo-em-vinhedo-13-08-as-10h\\\/\"},\"wordCount\":312,\"commentCount\":0,\"publisher\":{\"@id\":\"https:\\\/\\\/regiaonews.net.br\\\/2022\\\/#organization\"},\"image\":{\"@id\":\"https:\\\/\\\/regiaonews.net.br\\\/2022\\\/2024\\\/08\\\/13\\\/boletim-acidente-aereo-em-vinhedo-13-08-as-10h\\\/#primaryimage\"},\"thumbnailUrl\":\"https:\\\/\\\/regiaonews.net.br\\\/2022\\\/wp-content\\\/uploads\\\/2024\\\/08\\\/images-1.jpeg\",\"articleSection\":[\"Brasil\",\"Geral\"],\"inLanguage\":\"pt-BR\",\"potentialAction\":[{\"@type\":\"CommentAction\",\"name\":\"Comment\",\"target\":[\"https:\\\/\\\/regiaonews.net.br\\\/2022\\\/2024\\\/08\\\/13\\\/boletim-acidente-aereo-em-vinhedo-13-08-as-10h\\\/#respond\"]}]},{\"@type\":\"WebPage\",\"@id\":\"https:\\\/\\\/regiaonews.net.br\\\/2022\\\/2024\\\/08\\\/13\\\/boletim-acidente-aereo-em-vinhedo-13-08-as-10h\\\/\",\"url\":\"https:\\\/\\\/regiaonews.net.br\\\/2022\\\/2024\\\/08\\\/13\\\/boletim-acidente-aereo-em-vinhedo-13-08-as-10h\\\/\",\"name\":\"35 corpos das v\u00edtimas do acidente \u00e1ereo de Vinhedo j\u00e1 foram identificadas - Regi\u00e3o News\",\"isPartOf\":{\"@id\":\"https:\\\/\\\/regiaonews.net.br\\\/2022\\\/#website\"},\"primaryImageOfPage\":{\"@id\":\"https:\\\/\\\/regiaonews.net.br\\\/2022\\\/2024\\\/08\\\/13\\\/boletim-acidente-aereo-em-vinhedo-13-08-as-10h\\\/#primaryimage\"},\"image\":{\"@id\":\"https:\\\/\\\/regiaonews.net.br\\\/2022\\\/2024\\\/08\\\/13\\\/boletim-acidente-aereo-em-vinhedo-13-08-as-10h\\\/#primaryimage\"},\"thumbnailUrl\":\"https:\\\/\\\/regiaonews.net.br\\\/2022\\\/wp-content\\\/uploads\\\/2024\\\/08\\\/images-1.jpeg\",\"datePublished\":\"2024-08-13T18:39:28+00:00\",\"dateModified\":\"2024-08-13T19:53:50+00:00\",\"breadcrumb\":{\"@id\":\"https:\\\/\\\/regiaonews.net.br\\\/2022\\\/2024\\\/08\\\/13\\\/boletim-acidente-aereo-em-vinhedo-13-08-as-10h\\\/#breadcrumb\"},\"inLanguage\":\"pt-BR\",\"potentialAction\":[{\"@type\":\"ReadAction\",\"target\":[\"https:\\\/\\\/regiaonews.net.br\\\/2022\\\/2024\\\/08\\\/13\\\/boletim-acidente-aereo-em-vinhedo-13-08-as-10h\\\/\"]}]},{\"@type\":\"ImageObject\",\"inLanguage\":\"pt-BR\",\"@id\":\"https:\\\/\\\/regiaonews.net.br\\\/2022\\\/2024\\\/08\\\/13\\\/boletim-acidente-aereo-em-vinhedo-13-08-as-10h\\\/#primaryimage\",\"url\":\"https:\\\/\\\/regiaonews.net.br\\\/2022\\\/wp-content\\\/uploads\\\/2024\\\/08\\\/images-1.jpeg\",\"contentUrl\":\"https:\\\/\\\/regiaonews.net.br\\\/2022\\\/wp-content\\\/uploads\\\/2024\\\/08\\\/images-1.jpeg\",\"width\":300,\"height\":168},{\"@type\":\"BreadcrumbList\",\"@id\":\"https:\\\/\\\/regiaonews.net.br\\\/2022\\\/2024\\\/08\\\/13\\\/boletim-acidente-aereo-em-vinhedo-13-08-as-10h\\\/#breadcrumb\",\"itemListElement\":[{\"@type\":\"ListItem\",\"position\":1,\"name\":\"In\u00edcio\",\"item\":\"https:\\\/\\\/regiaonews.net.br\\\/2022\\\/\"},{\"@type\":\"ListItem\",\"position\":2,\"name\":\"35 corpos das v\u00edtimas do acidente \u00e1ereo de Vinhedo j\u00e1 foram identificadas\"}]},{\"@type\":\"WebSite\",\"@id\":\"https:\\\/\\\/regiaonews.net.br\\\/2022\\\/#website\",\"url\":\"https:\\\/\\\/regiaonews.net.br\\\/2022\\\/\",\"name\":\"Regi\u00e3o News\",\"description\":\"Site de Not\u00edcias de Barretos e regi\u00e3o\",\"publisher\":{\"@id\":\"https:\\\/\\\/regiaonews.net.br\\\/2022\\\/#organization\"},\"potentialAction\":[{\"@type\":\"SearchAction\",\"target\":{\"@type\":\"EntryPoint\",\"urlTemplate\":\"https:\\\/\\\/regiaonews.net.br\\\/2022\\\/?s={search_term_string}\"},\"query-input\":{\"@type\":\"PropertyValueSpecification\",\"valueRequired\":true,\"valueName\":\"search_term_string\"}}],\"inLanguage\":\"pt-BR\"},{\"@type\":\"Organization\",\"@id\":\"https:\\\/\\\/regiaonews.net.br\\\/2022\\\/#organization\",\"name\":\"Regi\u00e3o News\",\"url\":\"https:\\\/\\\/regiaonews.net.br\\\/2022\\\/\",\"logo\":{\"@type\":\"ImageObject\",\"inLanguage\":\"pt-BR\",\"@id\":\"https:\\\/\\\/regiaonews.net.br\\\/2022\\\/#\\\/schema\\\/logo\\\/image\\\/\",\"url\":\"https:\\\/\\\/regiaonews.net.br\\\/2022\\\/wp-content\\\/uploads\\\/2026\\\/03\\\/regiao-13-anos-scaled.jpg\",\"contentUrl\":\"https:\\\/\\\/regiaonews.net.br\\\/2022\\\/wp-content\\\/uploads\\\/2026\\\/03\\\/regiao-13-anos-scaled.jpg\",\"width\":2560,\"height\":635,\"caption\":\"Regi\u00e3o News\"},\"image\":{\"@id\":\"https:\\\/\\\/regiaonews.net.br\\\/2022\\\/#\\\/schema\\\/logo\\\/image\\\/\"}},{\"@type\":\"Person\",\"@id\":\"https:\\\/\\\/regiaonews.net.br\\\/2022\\\/#\\\/schema\\\/person\\\/2d205a608a5aa97ac279d7a5e6d89ad8\",\"name\":\"Roberto\",\"image\":{\"@type\":\"ImageObject\",\"inLanguage\":\"pt-BR\",\"@id\":\"https:\\\/\\\/secure.gravatar.com\\\/avatar\\\/42749d8b712ff9d59ca93dc150494e5b55a44134482993f5baeb97e61b7ecc89?s=96&d=mm&r=g\",\"url\":\"https:\\\/\\\/secure.gravatar.com\\\/avatar\\\/42749d8b712ff9d59ca93dc150494e5b55a44134482993f5baeb97e61b7ecc89?s=96&d=mm&r=g\",\"contentUrl\":\"https:\\\/\\\/secure.gravatar.com\\\/avatar\\\/42749d8b712ff9d59ca93dc150494e5b55a44134482993f5baeb97e61b7ecc89?s=96&d=mm&r=g\",\"caption\":\"Roberto\"},\"url\":\"https:\\\/\\\/regiaonews.net.br\\\/2022\\\/author\\\/roberto\\\/\"}]}<\/script>\n<!-- \/ Yoast SEO plugin. -->","yoast_head_json":{"title":"35 corpos das v\u00edtimas do acidente \u00e1ereo de Vinhedo j\u00e1 foram identificadas - Regi\u00e3o News","robots":{"index":"index","follow":"follow","max-snippet":"max-snippet:-1","max-image-preview":"max-image-preview:large","max-video-preview":"max-video-preview:-1"},"canonical":"https:\/\/regiaonews.net.br\/2022\/2024\/08\/13\/boletim-acidente-aereo-em-vinhedo-13-08-as-10h\/","og_locale":"pt_BR","og_type":"article","og_title":"35 corpos das v\u00edtimas do acidente \u00e1ereo de Vinhedo j\u00e1 foram identificadas - Regi\u00e3o News","og_description":"A unidade Central do Instituto M\u00e9dico Legal (IML) segue trabalhando","og_url":"https:\/\/regiaonews.net.br\/2022\/2024\/08\/13\/boletim-acidente-aereo-em-vinhedo-13-08-as-10h\/","og_site_name":"Regi\u00e3o News","article_published_time":"2024-08-13T18:39:28+00:00","article_modified_time":"2024-08-13T19:53:50+00:00","og_image":[{"width":300,"height":168,"url":"https:\/\/regiaonews.net.br\/2022\/wp-content\/uploads\/2024\/08\/images-1.jpeg","type":"image\/jpeg"}],"author":"Roberto","twitter_card":"summary_large_image","twitter_misc":{"Escrito por":"Roberto","Est. tempo de leitura":"2 minutos"},"schema":{"@context":"https:\/\/schema.org","@graph":[{"@type":"Article","@id":"https:\/\/regiaonews.net.br\/2022\/2024\/08\/13\/boletim-acidente-aereo-em-vinhedo-13-08-as-10h\/#article","isPartOf":{"@id":"https:\/\/regiaonews.net.br\/2022\/2024\/08\/13\/boletim-acidente-aereo-em-vinhedo-13-08-as-10h\/"},"author":{"name":"Roberto","@id":"https:\/\/regiaonews.net.br\/2022\/#\/schema\/person\/2d205a608a5aa97ac279d7a5e6d89ad8"},"headline":"35 corpos das v\u00edtimas do acidente \u00e1ereo de Vinhedo j\u00e1 foram identificadas","datePublished":"2024-08-13T18:39:28+00:00","dateModified":"2024-08-13T19:53:50+00:00","mainEntityOfPage":{"@id":"https:\/\/regiaonews.net.br\/2022\/2024\/08\/13\/boletim-acidente-aereo-em-vinhedo-13-08-as-10h\/"},"wordCount":312,"commentCount":0,"publisher":{"@id":"https:\/\/regiaonews.net.br\/2022\/#organization"},"image":{"@id":"https:\/\/regiaonews.net.br\/2022\/2024\/08\/13\/boletim-acidente-aereo-em-vinhedo-13-08-as-10h\/#primaryimage"},"thumbnailUrl":"https:\/\/regiaonews.net.br\/2022\/wp-content\/uploads\/2024\/08\/images-1.jpeg","articleSection":["Brasil","Geral"],"inLanguage":"pt-BR","potentialAction":[{"@type":"CommentAction","name":"Comment","target":["https:\/\/regiaonews.net.br\/2022\/2024\/08\/13\/boletim-acidente-aereo-em-vinhedo-13-08-as-10h\/#respond"]}]},{"@type":"WebPage","@id":"https:\/\/regiaonews.net.br\/2022\/2024\/08\/13\/boletim-acidente-aereo-em-vinhedo-13-08-as-10h\/","url":"https:\/\/regiaonews.net.br\/2022\/2024\/08\/13\/boletim-acidente-aereo-em-vinhedo-13-08-as-10h\/","name":"35 corpos das v\u00edtimas do acidente \u00e1ereo de Vinhedo j\u00e1 foram identificadas - Regi\u00e3o News","isPartOf":{"@id":"https:\/\/regiaonews.net.br\/2022\/#website"},"primaryImageOfPage":{"@id":"https:\/\/regiaonews.net.br\/2022\/2024\/08\/13\/boletim-acidente-aereo-em-vinhedo-13-08-as-10h\/#primaryimage"},"image":{"@id":"https:\/\/regiaonews.net.br\/2022\/2024\/08\/13\/boletim-acidente-aereo-em-vinhedo-13-08-as-10h\/#primaryimage"},"thumbnailUrl":"https:\/\/regiaonews.net.br\/2022\/wp-content\/uploads\/2024\/08\/images-1.jpeg","datePublished":"2024-08-13T18:39:28+00:00","dateModified":"2024-08-13T19:53:50+00:00","breadcrumb":{"@id":"https:\/\/regiaonews.net.br\/2022\/2024\/08\/13\/boletim-acidente-aereo-em-vinhedo-13-08-as-10h\/#breadcrumb"},"inLanguage":"pt-BR","potentialAction":[{"@type":"ReadAction","target":["https:\/\/regiaonews.net.br\/2022\/2024\/08\/13\/boletim-acidente-aereo-em-vinhedo-13-08-as-10h\/"]}]},{"@type":"ImageObject","inLanguage":"pt-BR","@id":"https:\/\/regiaonews.net.br\/2022\/2024\/08\/13\/boletim-acidente-aereo-em-vinhedo-13-08-as-10h\/#primaryimage","url":"https:\/\/regiaonews.net.br\/2022\/wp-content\/uploads\/2024\/08\/images-1.jpeg","contentUrl":"https:\/\/regiaonews.net.br\/2022\/wp-content\/uploads\/2024\/08\/images-1.jpeg","width":300,"height":168},{"@type":"BreadcrumbList","@id":"https:\/\/regiaonews.net.br\/2022\/2024\/08\/13\/boletim-acidente-aereo-em-vinhedo-13-08-as-10h\/#breadcrumb","itemListElement":[{"@type":"ListItem","position":1,"name":"In\u00edcio","item":"https:\/\/regiaonews.net.br\/2022\/"},{"@type":"ListItem","position":2,"name":"35 corpos das v\u00edtimas do acidente \u00e1ereo de Vinhedo j\u00e1 foram identificadas"}]},{"@type":"WebSite","@id":"https:\/\/regiaonews.net.br\/2022\/#website","url":"https:\/\/regiaonews.net.br\/2022\/","name":"Regi\u00e3o News","description":"Site de Not\u00edcias de Barretos e regi\u00e3o","publisher":{"@id":"https:\/\/regiaonews.net.br\/2022\/#organization"},"potentialAction":[{"@type":"SearchAction","target":{"@type":"EntryPoint","urlTemplate":"https:\/\/regiaonews.net.br\/2022\/?s={search_term_string}"},"query-input":{"@type":"PropertyValueSpecification","valueRequired":true,"valueName":"search_term_string"}}],"inLanguage":"pt-BR"},{"@type":"Organization","@id":"https:\/\/regiaonews.net.br\/2022\/#organization","name":"Regi\u00e3o News","url":"https:\/\/regiaonews.net.br\/2022\/","logo":{"@type":"ImageObject","inLanguage":"pt-BR","@id":"https:\/\/regiaonews.net.br\/2022\/#\/schema\/logo\/image\/","url":"https:\/\/regiaonews.net.br\/2022\/wp-content\/uploads\/2026\/03\/regiao-13-anos-scaled.jpg","contentUrl":"https:\/\/regiaonews.net.br\/2022\/wp-content\/uploads\/2026\/03\/regiao-13-anos-scaled.jpg","width":2560,"height":635,"caption":"Regi\u00e3o News"},"image":{"@id":"https:\/\/regiaonews.net.br\/2022\/#\/schema\/logo\/image\/"}},{"@type":"Person","@id":"https:\/\/regiaonews.net.br\/2022\/#\/schema\/person\/2d205a608a5aa97ac279d7a5e6d89ad8","name":"Roberto","image":{"@type":"ImageObject","inLanguage":"pt-BR","@id":"https:\/\/secure.gravatar.com\/avatar\/42749d8b712ff9d59ca93dc150494e5b55a44134482993f5baeb97e61b7ecc89?s=96&d=mm&r=g","url":"https:\/\/secure.gravatar.com\/avatar\/42749d8b712ff9d59ca93dc150494e5b55a44134482993f5baeb97e61b7ecc89?s=96&d=mm&r=g","contentUrl":"https:\/\/secure.gravatar.com\/avatar\/42749d8b712ff9d59ca93dc150494e5b55a44134482993f5baeb97e61b7ecc89?s=96&d=mm&r=g","caption":"Roberto"},"url":"https:\/\/regiaonews.net.br\/2022\/author\/roberto\/"}]}},"publishpress_future_action":{"enabled":false,"date":"2026-05-03 06:48:18","action":"change-status","newStatus":"draft","terms":[],"taxonomy":"category","extraData":[]},"publishpress_future_workflow_manual_trigger":{"enabledWorkflows":[]},"_links":{"self":[{"href":"https:\/\/regiaonews.net.br\/2022\/wp-json\/wp\/v2\/posts\/108742","targetHints":{"allow":["GET"]}}],"collection":[{"href":"https:\/\/regiaonews.net.br\/2022\/wp-json\/wp\/v2\/posts"}],"about":[{"href":"https:\/\/regiaonews.net.br\/2022\/wp-json\/wp\/v2\/types\/post"}],"author":[{"embeddable":true,"href":"https:\/\/regiaonews.net.br\/2022\/wp-json\/wp\/v2\/users\/2"}],"replies":[{"embeddable":true,"href":"https:\/\/regiaonews.net.br\/2022\/wp-json\/wp\/v2\/comments?post=108742"}],"version-history":[{"count":3,"href":"https:\/\/regiaonews.net.br\/2022\/wp-json\/wp\/v2\/posts\/108742\/revisions"}],"predecessor-version":[{"id":108756,"href":"https:\/\/regiaonews.net.br\/2022\/wp-json\/wp\/v2\/posts\/108742\/revisions\/108756"}],"wp:featuredmedia":[{"embeddable":true,"href":"https:\/\/regiaonews.net.br\/2022\/wp-json\/wp\/v2\/media\/108743"}],"wp:attachment":[{"href":"https:\/\/regiaonews.net.br\/2022\/wp-json\/wp\/v2\/media?parent=108742"}],"wp:term":[{"taxonomy":"category","embeddable":true,"href":"https:\/\/regiaonews.net.br\/2022\/wp-json\/wp\/v2\/categories?post=108742"},{"taxonomy":"post_tag","embeddable":true,"href":"https:\/\/regiaonews.net.br\/2022\/wp-json\/wp\/v2\/tags?post=108742"}],"curies":[{"name":"wp","href":"https:\/\/api.w.org\/{rel}","templated":true}]}}