{"id":108715,"date":"2024-08-12T21:13:35","date_gmt":"2024-08-13T00:13:35","guid":{"rendered":"https:\/\/regiaonews.net.br\/2022\/?p=108715"},"modified":"2024-08-12T21:13:35","modified_gmt":"2024-08-13T00:13:35","slug":"camping-da-festa-do-peao-de-barretos-tera-um-mercado-exclusivo","status":"publish","type":"post","link":"https:\/\/regiaonews.net.br\/2022\/2024\/08\/12\/camping-da-festa-do-peao-de-barretos-tera-um-mercado-exclusivo\/","title":{"rendered":"Camping da Festa do Pe\u00e3o de Barretos ter\u00e1 um mercado exclusivo"},"content":{"rendered":"<blockquote>\n<div class=\"R1UVb\">\n<table width=\"801\" align=\"center\">\n<tbody>\n<tr class=\"x_tr70\">\n<td><em>A rede Iquegami montar\u00e1 dentro do Parque do Pe\u00e3o uma estrutura para atender campistas e o p\u00fablico em geral durante os 11 dias de evento<\/em><\/p>\n<p>De 15 a 25 de agosto, o Parque do Pe\u00e3o se transforma em uma minicidade para receber o p\u00fablico da Festa do Pe\u00e3o de Barretos. E a estrutura completa do complexo vai contar com mais um servi\u00e7o para o p\u00fablico: um mercado com muitas op\u00e7\u00f5es para atender, principalmente, os turistas hospedados no camping do evento.<\/p>\n<p>&nbsp;<\/p>\n<p>&#8220;Nosso foco \u00e9 apoiar os campistas, para que eles tenham acesso a suprimentos e produtos para churrasco, que \u00e9 uma tradi\u00e7\u00e3o do espa\u00e7o, sem precisar sair do Parque do Pe\u00e3o. Inclusive, o estabelecimento contar\u00e1 com toda a comodidade de um mercado e a praticidade de encontrar tudo o que precisa sem deixar de curtir a festa&#8221;, conta Jeronimo Luiz Muzetti, diretor financeiro da Festa.<\/p>\n<p>Com o churrasco garantido a poucos passos da barraca, os campistas ter\u00e3o dispon\u00edveis produtos como carnes de qualidade, carv\u00e3o, gelo, utens\u00edlios para o churrasco, itens de higiene, caixa t\u00e9rmica e muito mais. &#8220;Vamos ter uma diversidade enorme de produtos para atender desde o caf\u00e9 da manh\u00e3, almo\u00e7o e o jantar de todos&#8221;, explica Juliano Iquegami, diretor de marketing da rede Iquegami Supermercados, respons\u00e1vel pelo servi\u00e7o.<\/p>\n<p><strong>Sal\u00e3o de Beleza<\/strong><\/p>\n<p>Outra novidade no camping da Festa do Pe\u00e3o de Barretos nesta edi\u00e7\u00e3o \u00e9 um sal\u00e3o de beleza montado exclusivamente para atender os campistas. Com hora marcada, ser\u00e3o oferecidos servi\u00e7os como manicure, maquiagem e cabelo.<\/p>\n<p><strong>Sobre a Festa do Pe\u00e3o de Barretos<\/strong><\/p>\n<p>A Festa do Pe\u00e3o de Barretos acontece de 15 a 25 de agosto recebendo atra\u00e7\u00f5es durante 24 horas no Parque do Pe\u00e3o. S\u00e3o mais de 100 shows musicais espalhados em 5 palcos e competi\u00e7\u00f5es de rodeio e provas cronometradas diariamente.<br \/>\nO evento tamb\u00e9m tem uma intensa programa\u00e7\u00e3o cultural, com apresenta\u00e7\u00f5es t\u00edpicas, Concurso Queima do Alho e Berrante, Feira Comercial, Pra\u00e7a de Alimenta\u00e7\u00e3o, espa\u00e7o infantil Rancho do Pe\u00e3ozinho, festas particulares nas \u00e1reas de ranchos, entre outras atra\u00e7\u00f5es.<br \/>\nOs ingressos est\u00e3o \u00e0 venda pelo\u00a0<a href=\"https:\/\/www.independentes.com.br\/festadopeao\/inicio\" target=\"_blank\" rel=\"noopener noreferrer\" data-auth=\"NotApplicable\" data-linkindex=\"0\">site oficial<\/a>\u00a0ou pela\u00a0<a href=\"https:\/\/barretos.totalacesso.com\/\" target=\"_blank\" rel=\"noopener noreferrer\" data-auth=\"NotApplicable\" data-linkindex=\"1\">Total Acesso<\/a>.<\/p>\n<blockquote>\n<div class=\"R1UVb\">\n<table width=\"801\" align=\"center\">\n<tbody>\n<tr class=\"x_tr70\">\n<td>\n<table class=\"x_image x_image_resized\" width=\"799\" align=\"center\">\n<tbody>\n<tr>\n<td>\n<table class=\"x_figcap\" border=\"0\" width=\"800\" cellspacing=\"0\" cellpadding=\"0\" align=\"center\">\n<tbody>\n<tr class=\"x_tr001\">\n<td width=\"800\"><strong>FOTO\u00a0 :\u00a0 Alisson Demetrio<\/strong><\/td>\n<\/tr>\n<\/tbody>\n<\/table>\n<\/td>\n<\/tr>\n<\/tbody>\n<\/table>\n<\/td>\n<\/tr>\n<\/tbody>\n<\/table>\n<\/div>\n<\/blockquote>\n<\/td>\n<\/tr>\n<\/tbody>\n<\/table>\n<\/div>\n<\/blockquote>\n","protected":false},"excerpt":{"rendered":"<p>A rede Iquegami montar\u00e1 dentro do Parque do Pe\u00e3o uma<\/p>\n","protected":false},"author":2,"featured_media":108716,"comment_status":"open","ping_status":"open","sticky":false,"template":"","format":"standard","meta":{"footnotes":""},"categories":[14,45],"tags":[],"class_list":["post-108715","post","type-post","status-publish","format-standard","has-post-thumbnail","hentry","category-barretos","category-festa-do-peao"],"yoast_head":"<!-- This site is optimized with the Yoast SEO plugin v27.4 - https:\/\/yoast.com\/product\/yoast-seo-wordpress\/ -->\n<title>Camping da Festa do Pe\u00e3o de Barretos ter\u00e1 um mercado exclusivo - Regi\u00e3o News<\/title>\n<meta name=\"robots\" content=\"index, follow, max-snippet:-1, max-image-preview:large, max-video-preview:-1\" \/>\n<link rel=\"canonical\" href=\"https:\/\/regiaonews.net.br\/2022\/2024\/08\/12\/camping-da-festa-do-peao-de-barretos-tera-um-mercado-exclusivo\/\" \/>\n<meta property=\"og:locale\" content=\"pt_BR\" \/>\n<meta property=\"og:type\" content=\"article\" \/>\n<meta property=\"og:title\" content=\"Camping da Festa do Pe\u00e3o de Barretos ter\u00e1 um mercado exclusivo - Regi\u00e3o News\" \/>\n<meta property=\"og:description\" content=\"A rede Iquegami montar\u00e1 dentro do Parque do Pe\u00e3o uma\" \/>\n<meta property=\"og:url\" content=\"https:\/\/regiaonews.net.br\/2022\/2024\/08\/12\/camping-da-festa-do-peao-de-barretos-tera-um-mercado-exclusivo\/\" \/>\n<meta property=\"og:site_name\" content=\"Regi\u00e3o News\" \/>\n<meta property=\"article:published_time\" content=\"2024-08-13T00:13:35+00:00\" \/>\n<meta property=\"og:image\" content=\"https:\/\/regiaonews.net.br\/2022\/wp-content\/uploads\/2024\/08\/handler.jpg\" \/>\n\t<meta property=\"og:image:width\" content=\"800\" \/>\n\t<meta property=\"og:image:height\" content=\"450\" \/>\n\t<meta property=\"og:image:type\" content=\"image\/jpeg\" \/>\n<meta name=\"author\" content=\"Roberto\" \/>\n<meta name=\"twitter:card\" content=\"summary_large_image\" \/>\n<meta name=\"twitter:label1\" content=\"Escrito por\" \/>\n\t<meta name=\"twitter:data1\" content=\"Roberto\" \/>\n\t<meta name=\"twitter:label2\" content=\"Est. tempo de leitura\" \/>\n\t<meta name=\"twitter:data2\" content=\"1 minuto\" \/>\n<script type=\"application\/ld+json\" class=\"yoast-schema-graph\">{\"@context\":\"https:\\\/\\\/schema.org\",\"@graph\":[{\"@type\":\"Article\",\"@id\":\"https:\\\/\\\/regiaonews.net.br\\\/2022\\\/2024\\\/08\\\/12\\\/camping-da-festa-do-peao-de-barretos-tera-um-mercado-exclusivo\\\/#article\",\"isPartOf\":{\"@id\":\"https:\\\/\\\/regiaonews.net.br\\\/2022\\\/2024\\\/08\\\/12\\\/camping-da-festa-do-peao-de-barretos-tera-um-mercado-exclusivo\\\/\"},\"author\":{\"name\":\"Roberto\",\"@id\":\"https:\\\/\\\/regiaonews.net.br\\\/2022\\\/#\\\/schema\\\/person\\\/2d205a608a5aa97ac279d7a5e6d89ad8\"},\"headline\":\"Camping da Festa do Pe\u00e3o de Barretos ter\u00e1 um mercado exclusivo\",\"datePublished\":\"2024-08-13T00:13:35+00:00\",\"mainEntityOfPage\":{\"@id\":\"https:\\\/\\\/regiaonews.net.br\\\/2022\\\/2024\\\/08\\\/12\\\/camping-da-festa-do-peao-de-barretos-tera-um-mercado-exclusivo\\\/\"},\"wordCount\":386,\"commentCount\":0,\"publisher\":{\"@id\":\"https:\\\/\\\/regiaonews.net.br\\\/2022\\\/#organization\"},\"image\":{\"@id\":\"https:\\\/\\\/regiaonews.net.br\\\/2022\\\/2024\\\/08\\\/12\\\/camping-da-festa-do-peao-de-barretos-tera-um-mercado-exclusivo\\\/#primaryimage\"},\"thumbnailUrl\":\"https:\\\/\\\/regiaonews.net.br\\\/2022\\\/wp-content\\\/uploads\\\/2024\\\/08\\\/handler.jpg\",\"articleSection\":[\"Barretos\",\"Festa do Pe\u00e3o\"],\"inLanguage\":\"pt-BR\",\"potentialAction\":[{\"@type\":\"CommentAction\",\"name\":\"Comment\",\"target\":[\"https:\\\/\\\/regiaonews.net.br\\\/2022\\\/2024\\\/08\\\/12\\\/camping-da-festa-do-peao-de-barretos-tera-um-mercado-exclusivo\\\/#respond\"]}]},{\"@type\":\"WebPage\",\"@id\":\"https:\\\/\\\/regiaonews.net.br\\\/2022\\\/2024\\\/08\\\/12\\\/camping-da-festa-do-peao-de-barretos-tera-um-mercado-exclusivo\\\/\",\"url\":\"https:\\\/\\\/regiaonews.net.br\\\/2022\\\/2024\\\/08\\\/12\\\/camping-da-festa-do-peao-de-barretos-tera-um-mercado-exclusivo\\\/\",\"name\":\"Camping da Festa do Pe\u00e3o de Barretos ter\u00e1 um mercado exclusivo - Regi\u00e3o News\",\"isPartOf\":{\"@id\":\"https:\\\/\\\/regiaonews.net.br\\\/2022\\\/#website\"},\"primaryImageOfPage\":{\"@id\":\"https:\\\/\\\/regiaonews.net.br\\\/2022\\\/2024\\\/08\\\/12\\\/camping-da-festa-do-peao-de-barretos-tera-um-mercado-exclusivo\\\/#primaryimage\"},\"image\":{\"@id\":\"https:\\\/\\\/regiaonews.net.br\\\/2022\\\/2024\\\/08\\\/12\\\/camping-da-festa-do-peao-de-barretos-tera-um-mercado-exclusivo\\\/#primaryimage\"},\"thumbnailUrl\":\"https:\\\/\\\/regiaonews.net.br\\\/2022\\\/wp-content\\\/uploads\\\/2024\\\/08\\\/handler.jpg\",\"datePublished\":\"2024-08-13T00:13:35+00:00\",\"breadcrumb\":{\"@id\":\"https:\\\/\\\/regiaonews.net.br\\\/2022\\\/2024\\\/08\\\/12\\\/camping-da-festa-do-peao-de-barretos-tera-um-mercado-exclusivo\\\/#breadcrumb\"},\"inLanguage\":\"pt-BR\",\"potentialAction\":[{\"@type\":\"ReadAction\",\"target\":[\"https:\\\/\\\/regiaonews.net.br\\\/2022\\\/2024\\\/08\\\/12\\\/camping-da-festa-do-peao-de-barretos-tera-um-mercado-exclusivo\\\/\"]}]},{\"@type\":\"ImageObject\",\"inLanguage\":\"pt-BR\",\"@id\":\"https:\\\/\\\/regiaonews.net.br\\\/2022\\\/2024\\\/08\\\/12\\\/camping-da-festa-do-peao-de-barretos-tera-um-mercado-exclusivo\\\/#primaryimage\",\"url\":\"https:\\\/\\\/regiaonews.net.br\\\/2022\\\/wp-content\\\/uploads\\\/2024\\\/08\\\/handler.jpg\",\"contentUrl\":\"https:\\\/\\\/regiaonews.net.br\\\/2022\\\/wp-content\\\/uploads\\\/2024\\\/08\\\/handler.jpg\",\"width\":800,\"height\":450},{\"@type\":\"BreadcrumbList\",\"@id\":\"https:\\\/\\\/regiaonews.net.br\\\/2022\\\/2024\\\/08\\\/12\\\/camping-da-festa-do-peao-de-barretos-tera-um-mercado-exclusivo\\\/#breadcrumb\",\"itemListElement\":[{\"@type\":\"ListItem\",\"position\":1,\"name\":\"In\u00edcio\",\"item\":\"https:\\\/\\\/regiaonews.net.br\\\/2022\\\/\"},{\"@type\":\"ListItem\",\"position\":2,\"name\":\"Camping da Festa do Pe\u00e3o de Barretos ter\u00e1 um mercado exclusivo\"}]},{\"@type\":\"WebSite\",\"@id\":\"https:\\\/\\\/regiaonews.net.br\\\/2022\\\/#website\",\"url\":\"https:\\\/\\\/regiaonews.net.br\\\/2022\\\/\",\"name\":\"Regi\u00e3o News\",\"description\":\"Site de Not\u00edcias de Barretos e regi\u00e3o\",\"publisher\":{\"@id\":\"https:\\\/\\\/regiaonews.net.br\\\/2022\\\/#organization\"},\"potentialAction\":[{\"@type\":\"SearchAction\",\"target\":{\"@type\":\"EntryPoint\",\"urlTemplate\":\"https:\\\/\\\/regiaonews.net.br\\\/2022\\\/?s={search_term_string}\"},\"query-input\":{\"@type\":\"PropertyValueSpecification\",\"valueRequired\":true,\"valueName\":\"search_term_string\"}}],\"inLanguage\":\"pt-BR\"},{\"@type\":\"Organization\",\"@id\":\"https:\\\/\\\/regiaonews.net.br\\\/2022\\\/#organization\",\"name\":\"Regi\u00e3o News\",\"url\":\"https:\\\/\\\/regiaonews.net.br\\\/2022\\\/\",\"logo\":{\"@type\":\"ImageObject\",\"inLanguage\":\"pt-BR\",\"@id\":\"https:\\\/\\\/regiaonews.net.br\\\/2022\\\/#\\\/schema\\\/logo\\\/image\\\/\",\"url\":\"https:\\\/\\\/regiaonews.net.br\\\/2022\\\/wp-content\\\/uploads\\\/2026\\\/03\\\/regiao-13-anos-scaled.jpg\",\"contentUrl\":\"https:\\\/\\\/regiaonews.net.br\\\/2022\\\/wp-content\\\/uploads\\\/2026\\\/03\\\/regiao-13-anos-scaled.jpg\",\"width\":2560,\"height\":635,\"caption\":\"Regi\u00e3o News\"},\"image\":{\"@id\":\"https:\\\/\\\/regiaonews.net.br\\\/2022\\\/#\\\/schema\\\/logo\\\/image\\\/\"}},{\"@type\":\"Person\",\"@id\":\"https:\\\/\\\/regiaonews.net.br\\\/2022\\\/#\\\/schema\\\/person\\\/2d205a608a5aa97ac279d7a5e6d89ad8\",\"name\":\"Roberto\",\"image\":{\"@type\":\"ImageObject\",\"inLanguage\":\"pt-BR\",\"@id\":\"https:\\\/\\\/secure.gravatar.com\\\/avatar\\\/42749d8b712ff9d59ca93dc150494e5b55a44134482993f5baeb97e61b7ecc89?s=96&d=mm&r=g\",\"url\":\"https:\\\/\\\/secure.gravatar.com\\\/avatar\\\/42749d8b712ff9d59ca93dc150494e5b55a44134482993f5baeb97e61b7ecc89?s=96&d=mm&r=g\",\"contentUrl\":\"https:\\\/\\\/secure.gravatar.com\\\/avatar\\\/42749d8b712ff9d59ca93dc150494e5b55a44134482993f5baeb97e61b7ecc89?s=96&d=mm&r=g\",\"caption\":\"Roberto\"},\"url\":\"https:\\\/\\\/regiaonews.net.br\\\/2022\\\/author\\\/roberto\\\/\"}]}<\/script>\n<!-- \/ Yoast SEO plugin. -->","yoast_head_json":{"title":"Camping da Festa do Pe\u00e3o de Barretos ter\u00e1 um mercado exclusivo - Regi\u00e3o News","robots":{"index":"index","follow":"follow","max-snippet":"max-snippet:-1","max-image-preview":"max-image-preview:large","max-video-preview":"max-video-preview:-1"},"canonical":"https:\/\/regiaonews.net.br\/2022\/2024\/08\/12\/camping-da-festa-do-peao-de-barretos-tera-um-mercado-exclusivo\/","og_locale":"pt_BR","og_type":"article","og_title":"Camping da Festa do Pe\u00e3o de Barretos ter\u00e1 um mercado exclusivo - Regi\u00e3o News","og_description":"A rede Iquegami montar\u00e1 dentro do Parque do Pe\u00e3o uma","og_url":"https:\/\/regiaonews.net.br\/2022\/2024\/08\/12\/camping-da-festa-do-peao-de-barretos-tera-um-mercado-exclusivo\/","og_site_name":"Regi\u00e3o News","article_published_time":"2024-08-13T00:13:35+00:00","og_image":[{"width":800,"height":450,"url":"https:\/\/regiaonews.net.br\/2022\/wp-content\/uploads\/2024\/08\/handler.jpg","type":"image\/jpeg"}],"author":"Roberto","twitter_card":"summary_large_image","twitter_misc":{"Escrito por":"Roberto","Est. tempo de leitura":"1 minuto"},"schema":{"@context":"https:\/\/schema.org","@graph":[{"@type":"Article","@id":"https:\/\/regiaonews.net.br\/2022\/2024\/08\/12\/camping-da-festa-do-peao-de-barretos-tera-um-mercado-exclusivo\/#article","isPartOf":{"@id":"https:\/\/regiaonews.net.br\/2022\/2024\/08\/12\/camping-da-festa-do-peao-de-barretos-tera-um-mercado-exclusivo\/"},"author":{"name":"Roberto","@id":"https:\/\/regiaonews.net.br\/2022\/#\/schema\/person\/2d205a608a5aa97ac279d7a5e6d89ad8"},"headline":"Camping da Festa do Pe\u00e3o de Barretos ter\u00e1 um mercado exclusivo","datePublished":"2024-08-13T00:13:35+00:00","mainEntityOfPage":{"@id":"https:\/\/regiaonews.net.br\/2022\/2024\/08\/12\/camping-da-festa-do-peao-de-barretos-tera-um-mercado-exclusivo\/"},"wordCount":386,"commentCount":0,"publisher":{"@id":"https:\/\/regiaonews.net.br\/2022\/#organization"},"image":{"@id":"https:\/\/regiaonews.net.br\/2022\/2024\/08\/12\/camping-da-festa-do-peao-de-barretos-tera-um-mercado-exclusivo\/#primaryimage"},"thumbnailUrl":"https:\/\/regiaonews.net.br\/2022\/wp-content\/uploads\/2024\/08\/handler.jpg","articleSection":["Barretos","Festa do Pe\u00e3o"],"inLanguage":"pt-BR","potentialAction":[{"@type":"CommentAction","name":"Comment","target":["https:\/\/regiaonews.net.br\/2022\/2024\/08\/12\/camping-da-festa-do-peao-de-barretos-tera-um-mercado-exclusivo\/#respond"]}]},{"@type":"WebPage","@id":"https:\/\/regiaonews.net.br\/2022\/2024\/08\/12\/camping-da-festa-do-peao-de-barretos-tera-um-mercado-exclusivo\/","url":"https:\/\/regiaonews.net.br\/2022\/2024\/08\/12\/camping-da-festa-do-peao-de-barretos-tera-um-mercado-exclusivo\/","name":"Camping da Festa do Pe\u00e3o de Barretos ter\u00e1 um mercado exclusivo - Regi\u00e3o News","isPartOf":{"@id":"https:\/\/regiaonews.net.br\/2022\/#website"},"primaryImageOfPage":{"@id":"https:\/\/regiaonews.net.br\/2022\/2024\/08\/12\/camping-da-festa-do-peao-de-barretos-tera-um-mercado-exclusivo\/#primaryimage"},"image":{"@id":"https:\/\/regiaonews.net.br\/2022\/2024\/08\/12\/camping-da-festa-do-peao-de-barretos-tera-um-mercado-exclusivo\/#primaryimage"},"thumbnailUrl":"https:\/\/regiaonews.net.br\/2022\/wp-content\/uploads\/2024\/08\/handler.jpg","datePublished":"2024-08-13T00:13:35+00:00","breadcrumb":{"@id":"https:\/\/regiaonews.net.br\/2022\/2024\/08\/12\/camping-da-festa-do-peao-de-barretos-tera-um-mercado-exclusivo\/#breadcrumb"},"inLanguage":"pt-BR","potentialAction":[{"@type":"ReadAction","target":["https:\/\/regiaonews.net.br\/2022\/2024\/08\/12\/camping-da-festa-do-peao-de-barretos-tera-um-mercado-exclusivo\/"]}]},{"@type":"ImageObject","inLanguage":"pt-BR","@id":"https:\/\/regiaonews.net.br\/2022\/2024\/08\/12\/camping-da-festa-do-peao-de-barretos-tera-um-mercado-exclusivo\/#primaryimage","url":"https:\/\/regiaonews.net.br\/2022\/wp-content\/uploads\/2024\/08\/handler.jpg","contentUrl":"https:\/\/regiaonews.net.br\/2022\/wp-content\/uploads\/2024\/08\/handler.jpg","width":800,"height":450},{"@type":"BreadcrumbList","@id":"https:\/\/regiaonews.net.br\/2022\/2024\/08\/12\/camping-da-festa-do-peao-de-barretos-tera-um-mercado-exclusivo\/#breadcrumb","itemListElement":[{"@type":"ListItem","position":1,"name":"In\u00edcio","item":"https:\/\/regiaonews.net.br\/2022\/"},{"@type":"ListItem","position":2,"name":"Camping da Festa do Pe\u00e3o de Barretos ter\u00e1 um mercado exclusivo"}]},{"@type":"WebSite","@id":"https:\/\/regiaonews.net.br\/2022\/#website","url":"https:\/\/regiaonews.net.br\/2022\/","name":"Regi\u00e3o News","description":"Site de Not\u00edcias de Barretos e regi\u00e3o","publisher":{"@id":"https:\/\/regiaonews.net.br\/2022\/#organization"},"potentialAction":[{"@type":"SearchAction","target":{"@type":"EntryPoint","urlTemplate":"https:\/\/regiaonews.net.br\/2022\/?s={search_term_string}"},"query-input":{"@type":"PropertyValueSpecification","valueRequired":true,"valueName":"search_term_string"}}],"inLanguage":"pt-BR"},{"@type":"Organization","@id":"https:\/\/regiaonews.net.br\/2022\/#organization","name":"Regi\u00e3o News","url":"https:\/\/regiaonews.net.br\/2022\/","logo":{"@type":"ImageObject","inLanguage":"pt-BR","@id":"https:\/\/regiaonews.net.br\/2022\/#\/schema\/logo\/image\/","url":"https:\/\/regiaonews.net.br\/2022\/wp-content\/uploads\/2026\/03\/regiao-13-anos-scaled.jpg","contentUrl":"https:\/\/regiaonews.net.br\/2022\/wp-content\/uploads\/2026\/03\/regiao-13-anos-scaled.jpg","width":2560,"height":635,"caption":"Regi\u00e3o News"},"image":{"@id":"https:\/\/regiaonews.net.br\/2022\/#\/schema\/logo\/image\/"}},{"@type":"Person","@id":"https:\/\/regiaonews.net.br\/2022\/#\/schema\/person\/2d205a608a5aa97ac279d7a5e6d89ad8","name":"Roberto","image":{"@type":"ImageObject","inLanguage":"pt-BR","@id":"https:\/\/secure.gravatar.com\/avatar\/42749d8b712ff9d59ca93dc150494e5b55a44134482993f5baeb97e61b7ecc89?s=96&d=mm&r=g","url":"https:\/\/secure.gravatar.com\/avatar\/42749d8b712ff9d59ca93dc150494e5b55a44134482993f5baeb97e61b7ecc89?s=96&d=mm&r=g","contentUrl":"https:\/\/secure.gravatar.com\/avatar\/42749d8b712ff9d59ca93dc150494e5b55a44134482993f5baeb97e61b7ecc89?s=96&d=mm&r=g","caption":"Roberto"},"url":"https:\/\/regiaonews.net.br\/2022\/author\/roberto\/"}]}},"publishpress_future_action":{"enabled":false,"date":"2026-05-03 07:55:04","action":"change-status","newStatus":"draft","terms":[],"taxonomy":"category","extraData":[]},"publishpress_future_workflow_manual_trigger":{"enabledWorkflows":[]},"_links":{"self":[{"href":"https:\/\/regiaonews.net.br\/2022\/wp-json\/wp\/v2\/posts\/108715","targetHints":{"allow":["GET"]}}],"collection":[{"href":"https:\/\/regiaonews.net.br\/2022\/wp-json\/wp\/v2\/posts"}],"about":[{"href":"https:\/\/regiaonews.net.br\/2022\/wp-json\/wp\/v2\/types\/post"}],"author":[{"embeddable":true,"href":"https:\/\/regiaonews.net.br\/2022\/wp-json\/wp\/v2\/users\/2"}],"replies":[{"embeddable":true,"href":"https:\/\/regiaonews.net.br\/2022\/wp-json\/wp\/v2\/comments?post=108715"}],"version-history":[{"count":1,"href":"https:\/\/regiaonews.net.br\/2022\/wp-json\/wp\/v2\/posts\/108715\/revisions"}],"predecessor-version":[{"id":108717,"href":"https:\/\/regiaonews.net.br\/2022\/wp-json\/wp\/v2\/posts\/108715\/revisions\/108717"}],"wp:featuredmedia":[{"embeddable":true,"href":"https:\/\/regiaonews.net.br\/2022\/wp-json\/wp\/v2\/media\/108716"}],"wp:attachment":[{"href":"https:\/\/regiaonews.net.br\/2022\/wp-json\/wp\/v2\/media?parent=108715"}],"wp:term":[{"taxonomy":"category","embeddable":true,"href":"https:\/\/regiaonews.net.br\/2022\/wp-json\/wp\/v2\/categories?post=108715"},{"taxonomy":"post_tag","embeddable":true,"href":"https:\/\/regiaonews.net.br\/2022\/wp-json\/wp\/v2\/tags?post=108715"}],"curies":[{"name":"wp","href":"https:\/\/api.w.org\/{rel}","templated":true}]}}